{"id":19361,"date":"2013-08-16T15:34:14","date_gmt":"2013-08-16T15:34:14","guid":{"rendered":"http:\/\/www.fieam.org.br\/site\/sesi\/?p=4594"},"modified":"2013-08-16T15:34:14","modified_gmt":"2013-08-16T15:34:14","slug":"amazonas-estreia-com-vitoria-nos-jogos-nacionais","status":"publish","type":"post","link":"https:\/\/fieam.org.br\/sesi\/amazonas-estreia-com-vitoria-nos-jogos-nacionais\/","title":{"rendered":"Amazonas estreia com vit\u00f3ria nos Jogos Nacionais"},"content":{"rendered":"<figure id=\"attachment_4597\" aria-describedby=\"caption-attachment-4597\" style=\"width: 300px\" class=\"wp-caption alignleft\"><a href=\"http:\/\/www.fieam.org.br\/site\/sesi\/amazonas-estreia-com-vitoria-nos-jogos-nacionais\/technicolor-venceu-a-mitsubishi-na-estreia-dos-jogos-nacionais-2\/\" rel=\"attachment wp-att-4597\"><img fetchpriority=\"high\" decoding=\"async\" class=\"size-medium wp-image-4597\" alt=\"Technicolor venceu a Mitsubishi na estreia dos Jogos Nacionais\" src=\"http:\/\/www.fieam.org.br\/2015\/sesi\/wp-content\/uploads\/sites\/2\/2013\/08\/Technicolor-venceu-a-Mitsubishi-na-estreia-dos-Jogos-Nacionais1-300x200.jpg\" width=\"300\" height=\"200\" \/><\/a><figcaption id=\"caption-attachment-4597\" class=\"wp-caption-text\">Technicolor venceu a Mitsubishi na estreia dos Jogos Nacionais<\/figcaption><\/figure>\n<p style=\"text-align: left\">Com o placar de 2 a 1, a equipe de futebol sete m\u00e1ster, da <a href=\"http:\/\/www.technicolor.com\/\">Technicolor<\/a>, do Amazonas, venceu a Mitsubishi, do Estado de Goi\u00e1s, na estreia dos Jogos Nacionais do <a href=\"http:\/\/www.fieam.org.br\/site\/sesi\/institucional\/\">SESI<\/a>, nesta quinta-feira (15), no <a href=\"https:\/\/www.mar.mil.br\/cefan\/\">Centro de Educa\u00e7\u00e3o F\u00edsica\u00a0 Almirante Adalberto Nunes (Cefan)<\/a>, no bairro Penha, no Rio de Janeiro. A competi\u00e7\u00e3o que re\u00fane cerca de 1.200 trabalhadores-atletas de 250 empresas de todo o pa\u00eds, segue at\u00e9 domingo (18) na capital carioca.<\/p>\n<p style=\"text-align: left\">A equipe da Technicolor apresentou um futebol de toques r\u00e1pidos, dominando praticamente todo o primeiro tempo, quando os dois gols da vit\u00f3ria foram marcados por interm\u00e9dio do centroavante Luciano Amorim. No segundo tempo, a equipe amazonense se fechou mais na defesa e partia apenas nos contra-ataques para garantir o resultado. Para conquistar a medalha de ouro, o Amazonas ter\u00e1 que vencer outros cinco jogos. A equipe amazonense foi formada por Francisco, Uberson, Ricardo, Oderlan, Erivelton, Luciano, Lu\u00eds Augusto, Clodovelton, Rildson, S\u00e9rgio e David.<\/p>\n<p style=\"text-align: left\">Na modalidade v\u00f4lei de areia, a Showa (AM) perdeu para a Vale, do Mato Grosso do Sul, por 2 sets a 1. Perdeu o primeiro set, pelo placar de 18 a 13, e venceu o segundo, por 18 a 11, levando a partida para o tie break. A equipe de Mato Grosso imp\u00f4s um ritmo mais forte no terceiro set e venceu por 15 a 10. A Showa jogou com os atletas Sanderson, Luan, Ant\u00f4nio e Rubens.<\/p>\n<p style=\"text-align: left\">No v\u00f4lei de praia feminino, a <a href=\"http:\/\/www.philips.com.br\/\">Philips (AM)<\/a> foi derrotada pela equipe\u00a0 da Celtins, de Tocantins, por 2 sets a 0, com parciais de 18 a 9 e 20 a 18. A Philips colocou em quadra as trabalhadoras Andreza, Gabriela, Ver\u00f4nica e Ros\u00e2ngela.<\/p>\n<figure id=\"attachment_4595\" aria-describedby=\"caption-attachment-4595\" style=\"width: 300px\" class=\"wp-caption alignleft\"><a href=\"http:\/\/www.fieam.org.br\/site\/sesi\/amazonas-estreia-com-vitoria-nos-jogos-nacionais\/showa-enfrenta-vale-do-ms-no-volei-de-areia\/\" rel=\"attachment wp-att-4595\"><img decoding=\"async\" class=\"size-medium wp-image-4595\" alt=\"Showa enfrenta Vale do MS no v\u00f4lei de areia\" src=\"http:\/\/www.fieam.org.br\/2015\/sesi\/wp-content\/uploads\/sites\/2\/2013\/08\/Showa-enfrenta-Vale-do-MS-no-volei-de-areia-300x200.jpg\" width=\"300\" height=\"200\" \/><\/a><figcaption id=\"caption-attachment-4595\" class=\"wp-caption-text\">Showa enfrenta Vale do MS no v\u00f4lei de areia<\/figcaption><\/figure>\n<p style=\"text-align: left\">O Amazonas participa\u00a0 dos Jogos Nacionais com uma delega\u00e7\u00e3o composta por 81 trabalhadores-atletas de 20 empresas do<a href=\"http:\/\/www.suframa.gov.br\/\"> Polo Industrial de Manaus (PIM), e<\/a>m nove\u00a0 das dez modalidades do evento: futebol sete m\u00e1ster, futsal, v\u00f4lei de quadra, xadrez, t\u00eanis de mesa, t\u00eanis de campo, v\u00f4lei de praia, atletismo e nata\u00e7\u00e3o.<\/p>\n<p style=\"text-align: left\">Nesta sexta-feira (16), ser\u00e1 realizada a primeira etapa das provas de atletismo, na pista do Cetan. Val\u00e9ria Nascimento, da <a href=\"http:\/\/www.honda.com.br\/motos\/Paginas\/default.aspx\">Moto Honda<\/a>, na prova de arremesso de peso, Deise Soares, da <a href=\"http:\/\/www.jabil.com\">Jabil<\/a>, nos 400m rasos, e Jocelma Viana, da <a href=\"http:\/\/www.salcomp.com\/\u200e\">Salcomp<\/a>, na prova de 100m, podem conquistar\u00a0 medalhas de ouro. Jackson Mendes, da <a href=\"http:\/\/www.steck.com.br\/\u200e\">Steck<\/a> da Amaz\u00f4nia, participa da prova de 3000m, no s\u00e1bado, dia 17, e tamb\u00e9m\u00a0 tem chance de medalha. A equipe de futsal feminino, da Jabil, atual campe\u00e3 dos Jogos Nacionais, \u00e9 a grande esperan\u00e7a da medalha de ouro para os amazonenses.<\/p>\n<p style=\"text-align: left\">[nggallery id=191]<\/p>\n","protected":false},"excerpt":{"rendered":"<p>Com o placar de 2 a 1, a equipe de futebol sete m\u00e1ster, da Technicolor, do Amazonas, venceu a Mitsubishi, do Estado de Goi\u00e1s, na estreia dos Jogos Nacionais do SESI, nesta quinta-feira (15), no Centro de Educa\u00e7\u00e3o F\u00edsica\u00a0 Almirante Adalberto Nunes (Cefan), no bairro Penha, no Rio de Janeiro. A competi\u00e7\u00e3o que re\u00fane cerca [&hellip;]<\/p>\n","protected":false},"author":1,"featured_media":0,"comment_status":"open","ping_status":"open","sticky":false,"template":"","format":"standard","meta":{"footnotes":""},"categories":[25],"tags":[],"class_list":["post-19361","post","type-post","status-publish","format-standard","hentry","category-news"],"yoast_head":"<!-- This site is optimized with the Yoast SEO plugin v28.2 - https:\/\/yoast.com\/product\/yoast-seo-wordpress\/ -->\n<title>Amazonas estreia com vit\u00f3ria nos Jogos Nacionais - SESI<\/title>\n<meta name=\"robots\" content=\"index, follow, max-snippet:-1, max-image-preview:large, max-video-preview:-1\" \/>\n<link rel=\"canonical\" href=\"https:\/\/fieam.org.br\/sesi\/amazonas-estreia-com-vitoria-nos-jogos-nacionais\/\" \/>\n<meta property=\"og:locale\" content=\"pt_BR\" \/>\n<meta property=\"og:type\" content=\"article\" \/>\n<meta property=\"og:title\" content=\"Amazonas estreia com vit\u00f3ria nos Jogos Nacionais - SESI\" \/>\n<meta property=\"og:description\" content=\"Com o placar de 2 a 1, a equipe de futebol sete m\u00e1ster, da Technicolor, do Amazonas, venceu a Mitsubishi, do Estado de Goi\u00e1s, na estreia dos Jogos Nacionais do SESI, nesta quinta-feira (15), no Centro de Educa\u00e7\u00e3o F\u00edsica\u00a0 Almirante Adalberto Nunes (Cefan), no bairro Penha, no Rio de Janeiro. A competi\u00e7\u00e3o que re\u00fane cerca [&hellip;]\" \/>\n<meta property=\"og:url\" content=\"https:\/\/fieam.org.br\/sesi\/amazonas-estreia-com-vitoria-nos-jogos-nacionais\/\" \/>\n<meta property=\"og:site_name\" content=\"SESI\" \/>\n<meta property=\"article:published_time\" content=\"2013-08-16T15:34:14+00:00\" \/>\n<meta name=\"author\" content=\"Autor\" \/>\n<meta name=\"twitter:card\" content=\"summary_large_image\" \/>\n<meta name=\"twitter:label1\" content=\"Escrito por\" \/>\n\t<meta name=\"twitter:data1\" content=\"Autor\" \/>\n\t<meta name=\"twitter:label2\" content=\"Est. tempo de leitura\" \/>\n\t<meta name=\"twitter:data2\" content=\"2 minutos\" \/>\n<script type=\"application\/ld+json\" class=\"yoast-schema-graph\">{\"@context\":\"https:\\\/\\\/schema.org\",\"@graph\":[{\"@type\":\"Article\",\"@id\":\"https:\\\/\\\/fieam.org.br\\\/sesi\\\/amazonas-estreia-com-vitoria-nos-jogos-nacionais\\\/#article\",\"isPartOf\":{\"@id\":\"https:\\\/\\\/fieam.org.br\\\/sesi\\\/amazonas-estreia-com-vitoria-nos-jogos-nacionais\\\/\"},\"author\":{\"name\":\"Autor\",\"@id\":\"https:\\\/\\\/fieam.org.br\\\/sesi\\\/#\\\/schema\\\/person\\\/f54998dd14d5f0695b41444f2b01c31e\"},\"headline\":\"Amazonas estreia com vit\u00f3ria nos Jogos Nacionais\",\"datePublished\":\"2013-08-16T15:34:14+00:00\",\"mainEntityOfPage\":{\"@id\":\"https:\\\/\\\/fieam.org.br\\\/sesi\\\/amazonas-estreia-com-vitoria-nos-jogos-nacionais\\\/\"},\"wordCount\":464,\"commentCount\":0,\"publisher\":{\"@id\":\"https:\\\/\\\/fieam.org.br\\\/sesi\\\/#organization\"},\"image\":{\"@id\":\"https:\\\/\\\/fieam.org.br\\\/sesi\\\/amazonas-estreia-com-vitoria-nos-jogos-nacionais\\\/#primaryimage\"},\"thumbnailUrl\":\"http:\\\/\\\/www.fieam.org.br\\\/2015\\\/sesi\\\/wp-content\\\/uploads\\\/sites\\\/2\\\/2013\\\/08\\\/Technicolor-venceu-a-Mitsubishi-na-estreia-dos-Jogos-Nacionais1-300x200.jpg\",\"articleSection\":[\"News\"],\"inLanguage\":\"pt-BR\",\"potentialAction\":[{\"@type\":\"CommentAction\",\"name\":\"Comment\",\"target\":[\"https:\\\/\\\/fieam.org.br\\\/sesi\\\/amazonas-estreia-com-vitoria-nos-jogos-nacionais\\\/#respond\"]}]},{\"@type\":\"WebPage\",\"@id\":\"https:\\\/\\\/fieam.org.br\\\/sesi\\\/amazonas-estreia-com-vitoria-nos-jogos-nacionais\\\/\",\"url\":\"https:\\\/\\\/fieam.org.br\\\/sesi\\\/amazonas-estreia-com-vitoria-nos-jogos-nacionais\\\/\",\"name\":\"Amazonas estreia com vit\u00f3ria nos Jogos Nacionais - SESI\",\"isPartOf\":{\"@id\":\"https:\\\/\\\/fieam.org.br\\\/sesi\\\/#website\"},\"primaryImageOfPage\":{\"@id\":\"https:\\\/\\\/fieam.org.br\\\/sesi\\\/amazonas-estreia-com-vitoria-nos-jogos-nacionais\\\/#primaryimage\"},\"image\":{\"@id\":\"https:\\\/\\\/fieam.org.br\\\/sesi\\\/amazonas-estreia-com-vitoria-nos-jogos-nacionais\\\/#primaryimage\"},\"thumbnailUrl\":\"http:\\\/\\\/www.fieam.org.br\\\/2015\\\/sesi\\\/wp-content\\\/uploads\\\/sites\\\/2\\\/2013\\\/08\\\/Technicolor-venceu-a-Mitsubishi-na-estreia-dos-Jogos-Nacionais1-300x200.jpg\",\"datePublished\":\"2013-08-16T15:34:14+00:00\",\"breadcrumb\":{\"@id\":\"https:\\\/\\\/fieam.org.br\\\/sesi\\\/amazonas-estreia-com-vitoria-nos-jogos-nacionais\\\/#breadcrumb\"},\"inLanguage\":\"pt-BR\",\"potentialAction\":[{\"@type\":\"ReadAction\",\"target\":[\"https:\\\/\\\/fieam.org.br\\\/sesi\\\/amazonas-estreia-com-vitoria-nos-jogos-nacionais\\\/\"]}]},{\"@type\":\"ImageObject\",\"inLanguage\":\"pt-BR\",\"@id\":\"https:\\\/\\\/fieam.org.br\\\/sesi\\\/amazonas-estreia-com-vitoria-nos-jogos-nacionais\\\/#primaryimage\",\"url\":\"http:\\\/\\\/www.fieam.org.br\\\/2015\\\/sesi\\\/wp-content\\\/uploads\\\/sites\\\/2\\\/2013\\\/08\\\/Technicolor-venceu-a-Mitsubishi-na-estreia-dos-Jogos-Nacionais1-300x200.jpg\",\"contentUrl\":\"http:\\\/\\\/www.fieam.org.br\\\/2015\\\/sesi\\\/wp-content\\\/uploads\\\/sites\\\/2\\\/2013\\\/08\\\/Technicolor-venceu-a-Mitsubishi-na-estreia-dos-Jogos-Nacionais1-300x200.jpg\"},{\"@type\":\"BreadcrumbList\",\"@id\":\"https:\\\/\\\/fieam.org.br\\\/sesi\\\/amazonas-estreia-com-vitoria-nos-jogos-nacionais\\\/#breadcrumb\",\"itemListElement\":[{\"@type\":\"ListItem\",\"position\":1,\"name\":\"In\u00edcio\",\"item\":\"https:\\\/\\\/fieam.org.br\\\/sesi\\\/\"},{\"@type\":\"ListItem\",\"position\":2,\"name\":\"Amazonas estreia com vit\u00f3ria nos Jogos Nacionais\"}]},{\"@type\":\"WebSite\",\"@id\":\"https:\\\/\\\/fieam.org.br\\\/sesi\\\/#website\",\"url\":\"https:\\\/\\\/fieam.org.br\\\/sesi\\\/\",\"name\":\"SESI\",\"description\":\"Site Oficial!\",\"publisher\":{\"@id\":\"https:\\\/\\\/fieam.org.br\\\/sesi\\\/#organization\"},\"potentialAction\":[{\"@type\":\"SearchAction\",\"target\":{\"@type\":\"EntryPoint\",\"urlTemplate\":\"https:\\\/\\\/fieam.org.br\\\/sesi\\\/?s={search_term_string}\"},\"query-input\":{\"@type\":\"PropertyValueSpecification\",\"valueRequired\":true,\"valueName\":\"search_term_string\"}}],\"inLanguage\":\"pt-BR\"},{\"@type\":\"Organization\",\"@id\":\"https:\\\/\\\/fieam.org.br\\\/sesi\\\/#organization\",\"name\":\"SESI\",\"url\":\"https:\\\/\\\/fieam.org.br\\\/sesi\\\/\",\"logo\":{\"@type\":\"ImageObject\",\"inLanguage\":\"pt-BR\",\"@id\":\"https:\\\/\\\/fieam.org.br\\\/sesi\\\/#\\\/schema\\\/logo\\\/image\\\/\",\"url\":\"https:\\\/\\\/fieam.org.br\\\/sesi\\\/wp-content\\\/uploads\\\/sites\\\/14\\\/2024\\\/03\\\/cropped-fav.png\",\"contentUrl\":\"https:\\\/\\\/fieam.org.br\\\/sesi\\\/wp-content\\\/uploads\\\/sites\\\/14\\\/2024\\\/03\\\/cropped-fav.png\",\"width\":610,\"height\":589,\"caption\":\"SESI\"},\"image\":{\"@id\":\"https:\\\/\\\/fieam.org.br\\\/sesi\\\/#\\\/schema\\\/logo\\\/image\\\/\"}},{\"@type\":\"Person\",\"@id\":\"https:\\\/\\\/fieam.org.br\\\/sesi\\\/#\\\/schema\\\/person\\\/f54998dd14d5f0695b41444f2b01c31e\",\"name\":\"Autor\",\"image\":{\"@type\":\"ImageObject\",\"inLanguage\":\"pt-BR\",\"@id\":\"https:\\\/\\\/secure.gravatar.com\\\/avatar\\\/3732c223e0e1fad69062a8f770955c9068d37b055204f310a0be18d4069fe380?s=96&d=mm&r=g\",\"url\":\"https:\\\/\\\/secure.gravatar.com\\\/avatar\\\/3732c223e0e1fad69062a8f770955c9068d37b055204f310a0be18d4069fe380?s=96&d=mm&r=g\",\"contentUrl\":\"https:\\\/\\\/secure.gravatar.com\\\/avatar\\\/3732c223e0e1fad69062a8f770955c9068d37b055204f310a0be18d4069fe380?s=96&d=mm&r=g\",\"caption\":\"Autor\"},\"sameAs\":[\"https:\\\/\\\/marketingmassivo.com.br\"],\"url\":\"https:\\\/\\\/fieam.org.br\\\/sesi\\\/author\\\/admin\\\/\"}]}<\/script>\n<!-- \/ Yoast SEO plugin. -->","yoast_head_json":{"title":"Amazonas estreia com vit\u00f3ria nos Jogos Nacionais - SESI","robots":{"index":"index","follow":"follow","max-snippet":"max-snippet:-1","max-image-preview":"max-image-preview:large","max-video-preview":"max-video-preview:-1"},"canonical":"https:\/\/fieam.org.br\/sesi\/amazonas-estreia-com-vitoria-nos-jogos-nacionais\/","og_locale":"pt_BR","og_type":"article","og_title":"Amazonas estreia com vit\u00f3ria nos Jogos Nacionais - SESI","og_description":"Com o placar de 2 a 1, a equipe de futebol sete m\u00e1ster, da Technicolor, do Amazonas, venceu a Mitsubishi, do Estado de Goi\u00e1s, na estreia dos Jogos Nacionais do SESI, nesta quinta-feira (15), no Centro de Educa\u00e7\u00e3o F\u00edsica\u00a0 Almirante Adalberto Nunes (Cefan), no bairro Penha, no Rio de Janeiro. A competi\u00e7\u00e3o que re\u00fane cerca [&hellip;]","og_url":"https:\/\/fieam.org.br\/sesi\/amazonas-estreia-com-vitoria-nos-jogos-nacionais\/","og_site_name":"SESI","article_published_time":"2013-08-16T15:34:14+00:00","author":"Autor","twitter_card":"summary_large_image","twitter_misc":{"Escrito por":"Autor","Est. tempo de leitura":"2 minutos"},"schema":{"@context":"https:\/\/schema.org","@graph":[{"@type":"Article","@id":"https:\/\/fieam.org.br\/sesi\/amazonas-estreia-com-vitoria-nos-jogos-nacionais\/#article","isPartOf":{"@id":"https:\/\/fieam.org.br\/sesi\/amazonas-estreia-com-vitoria-nos-jogos-nacionais\/"},"author":{"name":"Autor","@id":"https:\/\/fieam.org.br\/sesi\/#\/schema\/person\/f54998dd14d5f0695b41444f2b01c31e"},"headline":"Amazonas estreia com vit\u00f3ria nos Jogos Nacionais","datePublished":"2013-08-16T15:34:14+00:00","mainEntityOfPage":{"@id":"https:\/\/fieam.org.br\/sesi\/amazonas-estreia-com-vitoria-nos-jogos-nacionais\/"},"wordCount":464,"commentCount":0,"publisher":{"@id":"https:\/\/fieam.org.br\/sesi\/#organization"},"image":{"@id":"https:\/\/fieam.org.br\/sesi\/amazonas-estreia-com-vitoria-nos-jogos-nacionais\/#primaryimage"},"thumbnailUrl":"http:\/\/www.fieam.org.br\/2015\/sesi\/wp-content\/uploads\/sites\/2\/2013\/08\/Technicolor-venceu-a-Mitsubishi-na-estreia-dos-Jogos-Nacionais1-300x200.jpg","articleSection":["News"],"inLanguage":"pt-BR","potentialAction":[{"@type":"CommentAction","name":"Comment","target":["https:\/\/fieam.org.br\/sesi\/amazonas-estreia-com-vitoria-nos-jogos-nacionais\/#respond"]}]},{"@type":"WebPage","@id":"https:\/\/fieam.org.br\/sesi\/amazonas-estreia-com-vitoria-nos-jogos-nacionais\/","url":"https:\/\/fieam.org.br\/sesi\/amazonas-estreia-com-vitoria-nos-jogos-nacionais\/","name":"Amazonas estreia com vit\u00f3ria nos Jogos Nacionais - SESI","isPartOf":{"@id":"https:\/\/fieam.org.br\/sesi\/#website"},"primaryImageOfPage":{"@id":"https:\/\/fieam.org.br\/sesi\/amazonas-estreia-com-vitoria-nos-jogos-nacionais\/#primaryimage"},"image":{"@id":"https:\/\/fieam.org.br\/sesi\/amazonas-estreia-com-vitoria-nos-jogos-nacionais\/#primaryimage"},"thumbnailUrl":"http:\/\/www.fieam.org.br\/2015\/sesi\/wp-content\/uploads\/sites\/2\/2013\/08\/Technicolor-venceu-a-Mitsubishi-na-estreia-dos-Jogos-Nacionais1-300x200.jpg","datePublished":"2013-08-16T15:34:14+00:00","breadcrumb":{"@id":"https:\/\/fieam.org.br\/sesi\/amazonas-estreia-com-vitoria-nos-jogos-nacionais\/#breadcrumb"},"inLanguage":"pt-BR","potentialAction":[{"@type":"ReadAction","target":["https:\/\/fieam.org.br\/sesi\/amazonas-estreia-com-vitoria-nos-jogos-nacionais\/"]}]},{"@type":"ImageObject","inLanguage":"pt-BR","@id":"https:\/\/fieam.org.br\/sesi\/amazonas-estreia-com-vitoria-nos-jogos-nacionais\/#primaryimage","url":"http:\/\/www.fieam.org.br\/2015\/sesi\/wp-content\/uploads\/sites\/2\/2013\/08\/Technicolor-venceu-a-Mitsubishi-na-estreia-dos-Jogos-Nacionais1-300x200.jpg","contentUrl":"http:\/\/www.fieam.org.br\/2015\/sesi\/wp-content\/uploads\/sites\/2\/2013\/08\/Technicolor-venceu-a-Mitsubishi-na-estreia-dos-Jogos-Nacionais1-300x200.jpg"},{"@type":"BreadcrumbList","@id":"https:\/\/fieam.org.br\/sesi\/amazonas-estreia-com-vitoria-nos-jogos-nacionais\/#breadcrumb","itemListElement":[{"@type":"ListItem","position":1,"name":"In\u00edcio","item":"https:\/\/fieam.org.br\/sesi\/"},{"@type":"ListItem","position":2,"name":"Amazonas estreia com vit\u00f3ria nos Jogos Nacionais"}]},{"@type":"WebSite","@id":"https:\/\/fieam.org.br\/sesi\/#website","url":"https:\/\/fieam.org.br\/sesi\/","name":"SESI","description":"Site Oficial!","publisher":{"@id":"https:\/\/fieam.org.br\/sesi\/#organization"},"potentialAction":[{"@type":"SearchAction","target":{"@type":"EntryPoint","urlTemplate":"https:\/\/fieam.org.br\/sesi\/?s={search_term_string}"},"query-input":{"@type":"PropertyValueSpecification","valueRequired":true,"valueName":"search_term_string"}}],"inLanguage":"pt-BR"},{"@type":"Organization","@id":"https:\/\/fieam.org.br\/sesi\/#organization","name":"SESI","url":"https:\/\/fieam.org.br\/sesi\/","logo":{"@type":"ImageObject","inLanguage":"pt-BR","@id":"https:\/\/fieam.org.br\/sesi\/#\/schema\/logo\/image\/","url":"https:\/\/fieam.org.br\/sesi\/wp-content\/uploads\/sites\/14\/2024\/03\/cropped-fav.png","contentUrl":"https:\/\/fieam.org.br\/sesi\/wp-content\/uploads\/sites\/14\/2024\/03\/cropped-fav.png","width":610,"height":589,"caption":"SESI"},"image":{"@id":"https:\/\/fieam.org.br\/sesi\/#\/schema\/logo\/image\/"}},{"@type":"Person","@id":"https:\/\/fieam.org.br\/sesi\/#\/schema\/person\/f54998dd14d5f0695b41444f2b01c31e","name":"Autor","image":{"@type":"ImageObject","inLanguage":"pt-BR","@id":"https:\/\/secure.gravatar.com\/avatar\/3732c223e0e1fad69062a8f770955c9068d37b055204f310a0be18d4069fe380?s=96&d=mm&r=g","url":"https:\/\/secure.gravatar.com\/avatar\/3732c223e0e1fad69062a8f770955c9068d37b055204f310a0be18d4069fe380?s=96&d=mm&r=g","contentUrl":"https:\/\/secure.gravatar.com\/avatar\/3732c223e0e1fad69062a8f770955c9068d37b055204f310a0be18d4069fe380?s=96&d=mm&r=g","caption":"Autor"},"sameAs":["https:\/\/marketingmassivo.com.br"],"url":"https:\/\/fieam.org.br\/sesi\/author\/admin\/"}]}},"_links":{"self":[{"href":"https:\/\/fieam.org.br\/sesi\/wp-json\/wp\/v2\/posts\/19361","targetHints":{"allow":["GET"]}}],"collection":[{"href":"https:\/\/fieam.org.br\/sesi\/wp-json\/wp\/v2\/posts"}],"about":[{"href":"https:\/\/fieam.org.br\/sesi\/wp-json\/wp\/v2\/types\/post"}],"author":[{"embeddable":true,"href":"https:\/\/fieam.org.br\/sesi\/wp-json\/wp\/v2\/users\/1"}],"replies":[{"embeddable":true,"href":"https:\/\/fieam.org.br\/sesi\/wp-json\/wp\/v2\/comments?post=19361"}],"version-history":[{"count":0,"href":"https:\/\/fieam.org.br\/sesi\/wp-json\/wp\/v2\/posts\/19361\/revisions"}],"wp:attachment":[{"href":"https:\/\/fieam.org.br\/sesi\/wp-json\/wp\/v2\/media?parent=19361"}],"wp:term":[{"taxonomy":"category","embeddable":true,"href":"https:\/\/fieam.org.br\/sesi\/wp-json\/wp\/v2\/categories?post=19361"},{"taxonomy":"post_tag","embeddable":true,"href":"https:\/\/fieam.org.br\/sesi\/wp-json\/wp\/v2\/tags?post=19361"}],"curies":[{"name":"wp","href":"https:\/\/api.w.org\/{rel}","templated":true}]}}