{"id":19359,"date":"2013-08-13T19:23:50","date_gmt":"2013-08-13T19:23:50","guid":{"rendered":"http:\/\/www.fieam.org.br\/site\/sesi\/?p=4583"},"modified":"2013-08-13T19:23:50","modified_gmt":"2013-08-13T19:23:50","slug":"sistema-fieam-lanca-programa-de-educacao-para-o-mundo-do-trabalho","status":"publish","type":"post","link":"https:\/\/fieam.org.br\/sesi\/sistema-fieam-lanca-programa-de-educacao-para-o-mundo-do-trabalho\/","title":{"rendered":"Sistema FIEAM lan\u00e7a Programa de Educa\u00e7\u00e3o para o Mundo do Trabalho"},"content":{"rendered":"<p align=\"center\">Iniciativa pretende construir agenda com a\u00e7\u00f5es imediatas que acelerem a qualidade da educa\u00e7\u00e3o dos jovens no Estado<\/p>\n<p>O soci\u00f3logo C\u00e2ndido Alberto Gomes, Ph.D. em educa\u00e7\u00e3o e professor da\u00a0<a href=\"http:\/\/www.ucb.br\/%E2%80%8E\" target=\"_blank\" rel=\"noopener\">Universidade Cat\u00f3lica de Bras\u00edlia<\/a>, far\u00e1\u00a0 nesta quinta- feira (15) palestra sobre a Educa\u00e7\u00e3o para o Mundo Trabalho com objetivo de mobilizar Institui\u00e7\u00f5es de Ensino, Conselhos de Educa\u00e7\u00e3o, Ind\u00fastrias e Imprensa\u00a0em prol da sensibiliza\u00e7\u00e3o para a\u00a0 constru\u00e7\u00e3o de uma agenda permanente com a\u00e7\u00f5es imediatas que acelerem a qualidade da educa\u00e7\u00e3o dos jovens que est\u00e3o em fase de ingressar no mercado de trabalho ou que nele j\u00e1 se encontram, mas sem a qualifica\u00e7\u00e3o exigida para o cargo.<\/p>\n<p>O lan\u00e7amento do Programa ser\u00e1 a partir das 8 horas, no Sal\u00e3o de Eventos do Raimar Aguiar (localizado na Avenida Joaquim Nabuco, 1919, Centro).\u00a0 E contar\u00e1 com a presen\u00e7a do presidente da Federa\u00e7\u00e3o das Ind\u00fastrias do Estado do Amazonas, Antonio Silva e do vice \u2013 presidente e embaixador do Programa no Amazonas, Nelson Azevedo.<\/p>\n<p>As a\u00e7\u00f5es do programa atender\u00e3o trabalhadores da ind\u00fastria que n\u00e3o possuem ensino m\u00e9dio, jovens que est\u00e3o cursando o ensino m\u00e9dio e jovens, de 18 a 24 anos, que interromperam seus estudos e est\u00e3o fora do mercado de trabalho.<\/p>\n<p>Informa\u00e7\u00f5es pelo e-mail\u00a0<a href=\"mailto:silvia.barros@am.senai.br\" target=\"_blank\" rel=\"noopener\">silvia.barros@am.senai.br<\/a>\u00a0ou pelo telefone\u00a0<a href=\"tel:%28092%29%203182-9972\" target=\"_blank\" rel=\"noopener\">(092) 3182-9972<\/a>.<\/p>\n<p><b>\u00a0<\/b><\/p>\n<p><b>Programa\u00e7\u00e3o:<\/b><\/p>\n<p><b>\u00a0<\/b><\/p>\n<p>7h30 \u2013 Credenciamento e caf\u00e9<\/p>\n<p>8h30 \u2013 Abertura &#8211; Presidente do Sistema FIEAM \u2013 Antonio Silva<\/p>\n<p>8h40 \u2013 Exposi\u00e7\u00e3o \u201cA Import\u00e2ncia da Educa\u00e7\u00e3o Para o Mundo do Trabalho\u201d, com o Vice-Presidente e Coordenador Geral das Coordenadorias Operacionais do Sistema FIEAM \u00a0\u2013 Nelson Azevedo<\/p>\n<p>8h50 \u2013 Palestra \u2013 \u201cEduca\u00e7\u00e3o Para o Mundo do Trabalho\u201d \u2013 Soci\u00f3logo, PhD em Educa\u00e7\u00e3o e Professor da Universidade Cat\u00f3lica de Bras\u00edlia, C\u00e2ndido Gomes<\/p>\n<p>9h50 \u2013 Acolhimento de sugest\u00f5es e registro das a\u00e7\u00f5es<\/p>\n<p>10h20 \u2013 Registro do interesse dos participantes no Programa Educa\u00e7\u00e3o Para o Mundo do Trabalho<\/p>\n<p>11h30 &#8211; Encerramento<\/p>\n<p>&nbsp;<\/p>\n","protected":false},"excerpt":{"rendered":"<p>Iniciativa pretende construir agenda com a\u00e7\u00f5es imediatas que acelerem a qualidade da educa\u00e7\u00e3o dos jovens no Estado O soci\u00f3logo C\u00e2ndido Alberto Gomes, Ph.D. em educa\u00e7\u00e3o e professor da\u00a0Universidade Cat\u00f3lica de Bras\u00edlia, far\u00e1\u00a0 nesta quinta- feira (15) palestra sobre a Educa\u00e7\u00e3o para o Mundo Trabalho com objetivo de mobilizar Institui\u00e7\u00f5es de Ensino, Conselhos de Educa\u00e7\u00e3o, Ind\u00fastrias [&hellip;]<\/p>\n","protected":false},"author":1,"featured_media":0,"comment_status":"open","ping_status":"open","sticky":false,"template":"","format":"standard","meta":{"footnotes":""},"categories":[25],"tags":[],"class_list":["post-19359","post","type-post","status-publish","format-standard","hentry","category-news"],"yoast_head":"<!-- This site is optimized with the Yoast SEO plugin v28.2 - https:\/\/yoast.com\/product\/yoast-seo-wordpress\/ -->\n<title>Sistema FIEAM lan\u00e7a Programa de Educa\u00e7\u00e3o para o Mundo do Trabalho - SESI<\/title>\n<meta name=\"robots\" content=\"index, follow, max-snippet:-1, max-image-preview:large, max-video-preview:-1\" \/>\n<link rel=\"canonical\" href=\"https:\/\/fieam.org.br\/sesi\/sistema-fieam-lanca-programa-de-educacao-para-o-mundo-do-trabalho\/\" \/>\n<meta property=\"og:locale\" content=\"pt_BR\" \/>\n<meta property=\"og:type\" content=\"article\" \/>\n<meta property=\"og:title\" content=\"Sistema FIEAM lan\u00e7a Programa de Educa\u00e7\u00e3o para o Mundo do Trabalho - SESI\" \/>\n<meta property=\"og:description\" content=\"Iniciativa pretende construir agenda com a\u00e7\u00f5es imediatas que acelerem a qualidade da educa\u00e7\u00e3o dos jovens no Estado O soci\u00f3logo C\u00e2ndido Alberto Gomes, Ph.D. em educa\u00e7\u00e3o e professor da\u00a0Universidade Cat\u00f3lica de Bras\u00edlia, far\u00e1\u00a0 nesta quinta- feira (15) palestra sobre a Educa\u00e7\u00e3o para o Mundo Trabalho com objetivo de mobilizar Institui\u00e7\u00f5es de Ensino, Conselhos de Educa\u00e7\u00e3o, Ind\u00fastrias [&hellip;]\" \/>\n<meta property=\"og:url\" content=\"https:\/\/fieam.org.br\/sesi\/sistema-fieam-lanca-programa-de-educacao-para-o-mundo-do-trabalho\/\" \/>\n<meta property=\"og:site_name\" content=\"SESI\" \/>\n<meta property=\"article:published_time\" content=\"2013-08-13T19:23:50+00:00\" \/>\n<meta name=\"author\" content=\"Autor\" \/>\n<meta name=\"twitter:card\" content=\"summary_large_image\" \/>\n<meta name=\"twitter:label1\" content=\"Escrito por\" \/>\n\t<meta name=\"twitter:data1\" content=\"Autor\" \/>\n\t<meta name=\"twitter:label2\" content=\"Est. tempo de leitura\" \/>\n\t<meta name=\"twitter:data2\" content=\"2 minutos\" \/>\n<script type=\"application\/ld+json\" class=\"yoast-schema-graph\">{\"@context\":\"https:\\\/\\\/schema.org\",\"@graph\":[{\"@type\":\"Article\",\"@id\":\"https:\\\/\\\/fieam.org.br\\\/sesi\\\/sistema-fieam-lanca-programa-de-educacao-para-o-mundo-do-trabalho\\\/#article\",\"isPartOf\":{\"@id\":\"https:\\\/\\\/fieam.org.br\\\/sesi\\\/sistema-fieam-lanca-programa-de-educacao-para-o-mundo-do-trabalho\\\/\"},\"author\":{\"name\":\"Autor\",\"@id\":\"https:\\\/\\\/fieam.org.br\\\/sesi\\\/#\\\/schema\\\/person\\\/f54998dd14d5f0695b41444f2b01c31e\"},\"headline\":\"Sistema FIEAM lan\u00e7a Programa de Educa\u00e7\u00e3o para o Mundo do Trabalho\",\"datePublished\":\"2013-08-13T19:23:50+00:00\",\"mainEntityOfPage\":{\"@id\":\"https:\\\/\\\/fieam.org.br\\\/sesi\\\/sistema-fieam-lanca-programa-de-educacao-para-o-mundo-do-trabalho\\\/\"},\"wordCount\":346,\"commentCount\":0,\"publisher\":{\"@id\":\"https:\\\/\\\/fieam.org.br\\\/sesi\\\/#organization\"},\"articleSection\":[\"News\"],\"inLanguage\":\"pt-BR\",\"potentialAction\":[{\"@type\":\"CommentAction\",\"name\":\"Comment\",\"target\":[\"https:\\\/\\\/fieam.org.br\\\/sesi\\\/sistema-fieam-lanca-programa-de-educacao-para-o-mundo-do-trabalho\\\/#respond\"]}]},{\"@type\":\"WebPage\",\"@id\":\"https:\\\/\\\/fieam.org.br\\\/sesi\\\/sistema-fieam-lanca-programa-de-educacao-para-o-mundo-do-trabalho\\\/\",\"url\":\"https:\\\/\\\/fieam.org.br\\\/sesi\\\/sistema-fieam-lanca-programa-de-educacao-para-o-mundo-do-trabalho\\\/\",\"name\":\"Sistema FIEAM lan\u00e7a Programa de Educa\u00e7\u00e3o para o Mundo do Trabalho - SESI\",\"isPartOf\":{\"@id\":\"https:\\\/\\\/fieam.org.br\\\/sesi\\\/#website\"},\"datePublished\":\"2013-08-13T19:23:50+00:00\",\"breadcrumb\":{\"@id\":\"https:\\\/\\\/fieam.org.br\\\/sesi\\\/sistema-fieam-lanca-programa-de-educacao-para-o-mundo-do-trabalho\\\/#breadcrumb\"},\"inLanguage\":\"pt-BR\",\"potentialAction\":[{\"@type\":\"ReadAction\",\"target\":[\"https:\\\/\\\/fieam.org.br\\\/sesi\\\/sistema-fieam-lanca-programa-de-educacao-para-o-mundo-do-trabalho\\\/\"]}]},{\"@type\":\"BreadcrumbList\",\"@id\":\"https:\\\/\\\/fieam.org.br\\\/sesi\\\/sistema-fieam-lanca-programa-de-educacao-para-o-mundo-do-trabalho\\\/#breadcrumb\",\"itemListElement\":[{\"@type\":\"ListItem\",\"position\":1,\"name\":\"In\u00edcio\",\"item\":\"https:\\\/\\\/fieam.org.br\\\/sesi\\\/\"},{\"@type\":\"ListItem\",\"position\":2,\"name\":\"Sistema FIEAM lan\u00e7a Programa de Educa\u00e7\u00e3o para o Mundo do Trabalho\"}]},{\"@type\":\"WebSite\",\"@id\":\"https:\\\/\\\/fieam.org.br\\\/sesi\\\/#website\",\"url\":\"https:\\\/\\\/fieam.org.br\\\/sesi\\\/\",\"name\":\"SESI\",\"description\":\"Site Oficial!\",\"publisher\":{\"@id\":\"https:\\\/\\\/fieam.org.br\\\/sesi\\\/#organization\"},\"potentialAction\":[{\"@type\":\"SearchAction\",\"target\":{\"@type\":\"EntryPoint\",\"urlTemplate\":\"https:\\\/\\\/fieam.org.br\\\/sesi\\\/?s={search_term_string}\"},\"query-input\":{\"@type\":\"PropertyValueSpecification\",\"valueRequired\":true,\"valueName\":\"search_term_string\"}}],\"inLanguage\":\"pt-BR\"},{\"@type\":\"Organization\",\"@id\":\"https:\\\/\\\/fieam.org.br\\\/sesi\\\/#organization\",\"name\":\"SESI\",\"url\":\"https:\\\/\\\/fieam.org.br\\\/sesi\\\/\",\"logo\":{\"@type\":\"ImageObject\",\"inLanguage\":\"pt-BR\",\"@id\":\"https:\\\/\\\/fieam.org.br\\\/sesi\\\/#\\\/schema\\\/logo\\\/image\\\/\",\"url\":\"https:\\\/\\\/fieam.org.br\\\/sesi\\\/wp-content\\\/uploads\\\/sites\\\/14\\\/2024\\\/03\\\/cropped-fav.png\",\"contentUrl\":\"https:\\\/\\\/fieam.org.br\\\/sesi\\\/wp-content\\\/uploads\\\/sites\\\/14\\\/2024\\\/03\\\/cropped-fav.png\",\"width\":610,\"height\":589,\"caption\":\"SESI\"},\"image\":{\"@id\":\"https:\\\/\\\/fieam.org.br\\\/sesi\\\/#\\\/schema\\\/logo\\\/image\\\/\"}},{\"@type\":\"Person\",\"@id\":\"https:\\\/\\\/fieam.org.br\\\/sesi\\\/#\\\/schema\\\/person\\\/f54998dd14d5f0695b41444f2b01c31e\",\"name\":\"Autor\",\"image\":{\"@type\":\"ImageObject\",\"inLanguage\":\"pt-BR\",\"@id\":\"https:\\\/\\\/secure.gravatar.com\\\/avatar\\\/3732c223e0e1fad69062a8f770955c9068d37b055204f310a0be18d4069fe380?s=96&d=mm&r=g\",\"url\":\"https:\\\/\\\/secure.gravatar.com\\\/avatar\\\/3732c223e0e1fad69062a8f770955c9068d37b055204f310a0be18d4069fe380?s=96&d=mm&r=g\",\"contentUrl\":\"https:\\\/\\\/secure.gravatar.com\\\/avatar\\\/3732c223e0e1fad69062a8f770955c9068d37b055204f310a0be18d4069fe380?s=96&d=mm&r=g\",\"caption\":\"Autor\"},\"sameAs\":[\"https:\\\/\\\/marketingmassivo.com.br\"],\"url\":\"https:\\\/\\\/fieam.org.br\\\/sesi\\\/author\\\/admin\\\/\"}]}<\/script>\n<!-- \/ Yoast SEO plugin. -->","yoast_head_json":{"title":"Sistema FIEAM lan\u00e7a Programa de Educa\u00e7\u00e3o para o Mundo do Trabalho - SESI","robots":{"index":"index","follow":"follow","max-snippet":"max-snippet:-1","max-image-preview":"max-image-preview:large","max-video-preview":"max-video-preview:-1"},"canonical":"https:\/\/fieam.org.br\/sesi\/sistema-fieam-lanca-programa-de-educacao-para-o-mundo-do-trabalho\/","og_locale":"pt_BR","og_type":"article","og_title":"Sistema FIEAM lan\u00e7a Programa de Educa\u00e7\u00e3o para o Mundo do Trabalho - SESI","og_description":"Iniciativa pretende construir agenda com a\u00e7\u00f5es imediatas que acelerem a qualidade da educa\u00e7\u00e3o dos jovens no Estado O soci\u00f3logo C\u00e2ndido Alberto Gomes, Ph.D. em educa\u00e7\u00e3o e professor da\u00a0Universidade Cat\u00f3lica de Bras\u00edlia, far\u00e1\u00a0 nesta quinta- feira (15) palestra sobre a Educa\u00e7\u00e3o para o Mundo Trabalho com objetivo de mobilizar Institui\u00e7\u00f5es de Ensino, Conselhos de Educa\u00e7\u00e3o, Ind\u00fastrias [&hellip;]","og_url":"https:\/\/fieam.org.br\/sesi\/sistema-fieam-lanca-programa-de-educacao-para-o-mundo-do-trabalho\/","og_site_name":"SESI","article_published_time":"2013-08-13T19:23:50+00:00","author":"Autor","twitter_card":"summary_large_image","twitter_misc":{"Escrito por":"Autor","Est. tempo de leitura":"2 minutos"},"schema":{"@context":"https:\/\/schema.org","@graph":[{"@type":"Article","@id":"https:\/\/fieam.org.br\/sesi\/sistema-fieam-lanca-programa-de-educacao-para-o-mundo-do-trabalho\/#article","isPartOf":{"@id":"https:\/\/fieam.org.br\/sesi\/sistema-fieam-lanca-programa-de-educacao-para-o-mundo-do-trabalho\/"},"author":{"name":"Autor","@id":"https:\/\/fieam.org.br\/sesi\/#\/schema\/person\/f54998dd14d5f0695b41444f2b01c31e"},"headline":"Sistema FIEAM lan\u00e7a Programa de Educa\u00e7\u00e3o para o Mundo do Trabalho","datePublished":"2013-08-13T19:23:50+00:00","mainEntityOfPage":{"@id":"https:\/\/fieam.org.br\/sesi\/sistema-fieam-lanca-programa-de-educacao-para-o-mundo-do-trabalho\/"},"wordCount":346,"commentCount":0,"publisher":{"@id":"https:\/\/fieam.org.br\/sesi\/#organization"},"articleSection":["News"],"inLanguage":"pt-BR","potentialAction":[{"@type":"CommentAction","name":"Comment","target":["https:\/\/fieam.org.br\/sesi\/sistema-fieam-lanca-programa-de-educacao-para-o-mundo-do-trabalho\/#respond"]}]},{"@type":"WebPage","@id":"https:\/\/fieam.org.br\/sesi\/sistema-fieam-lanca-programa-de-educacao-para-o-mundo-do-trabalho\/","url":"https:\/\/fieam.org.br\/sesi\/sistema-fieam-lanca-programa-de-educacao-para-o-mundo-do-trabalho\/","name":"Sistema FIEAM lan\u00e7a Programa de Educa\u00e7\u00e3o para o Mundo do Trabalho - SESI","isPartOf":{"@id":"https:\/\/fieam.org.br\/sesi\/#website"},"datePublished":"2013-08-13T19:23:50+00:00","breadcrumb":{"@id":"https:\/\/fieam.org.br\/sesi\/sistema-fieam-lanca-programa-de-educacao-para-o-mundo-do-trabalho\/#breadcrumb"},"inLanguage":"pt-BR","potentialAction":[{"@type":"ReadAction","target":["https:\/\/fieam.org.br\/sesi\/sistema-fieam-lanca-programa-de-educacao-para-o-mundo-do-trabalho\/"]}]},{"@type":"BreadcrumbList","@id":"https:\/\/fieam.org.br\/sesi\/sistema-fieam-lanca-programa-de-educacao-para-o-mundo-do-trabalho\/#breadcrumb","itemListElement":[{"@type":"ListItem","position":1,"name":"In\u00edcio","item":"https:\/\/fieam.org.br\/sesi\/"},{"@type":"ListItem","position":2,"name":"Sistema FIEAM lan\u00e7a Programa de Educa\u00e7\u00e3o para o Mundo do Trabalho"}]},{"@type":"WebSite","@id":"https:\/\/fieam.org.br\/sesi\/#website","url":"https:\/\/fieam.org.br\/sesi\/","name":"SESI","description":"Site Oficial!","publisher":{"@id":"https:\/\/fieam.org.br\/sesi\/#organization"},"potentialAction":[{"@type":"SearchAction","target":{"@type":"EntryPoint","urlTemplate":"https:\/\/fieam.org.br\/sesi\/?s={search_term_string}"},"query-input":{"@type":"PropertyValueSpecification","valueRequired":true,"valueName":"search_term_string"}}],"inLanguage":"pt-BR"},{"@type":"Organization","@id":"https:\/\/fieam.org.br\/sesi\/#organization","name":"SESI","url":"https:\/\/fieam.org.br\/sesi\/","logo":{"@type":"ImageObject","inLanguage":"pt-BR","@id":"https:\/\/fieam.org.br\/sesi\/#\/schema\/logo\/image\/","url":"https:\/\/fieam.org.br\/sesi\/wp-content\/uploads\/sites\/14\/2024\/03\/cropped-fav.png","contentUrl":"https:\/\/fieam.org.br\/sesi\/wp-content\/uploads\/sites\/14\/2024\/03\/cropped-fav.png","width":610,"height":589,"caption":"SESI"},"image":{"@id":"https:\/\/fieam.org.br\/sesi\/#\/schema\/logo\/image\/"}},{"@type":"Person","@id":"https:\/\/fieam.org.br\/sesi\/#\/schema\/person\/f54998dd14d5f0695b41444f2b01c31e","name":"Autor","image":{"@type":"ImageObject","inLanguage":"pt-BR","@id":"https:\/\/secure.gravatar.com\/avatar\/3732c223e0e1fad69062a8f770955c9068d37b055204f310a0be18d4069fe380?s=96&d=mm&r=g","url":"https:\/\/secure.gravatar.com\/avatar\/3732c223e0e1fad69062a8f770955c9068d37b055204f310a0be18d4069fe380?s=96&d=mm&r=g","contentUrl":"https:\/\/secure.gravatar.com\/avatar\/3732c223e0e1fad69062a8f770955c9068d37b055204f310a0be18d4069fe380?s=96&d=mm&r=g","caption":"Autor"},"sameAs":["https:\/\/marketingmassivo.com.br"],"url":"https:\/\/fieam.org.br\/sesi\/author\/admin\/"}]}},"_links":{"self":[{"href":"https:\/\/fieam.org.br\/sesi\/wp-json\/wp\/v2\/posts\/19359","targetHints":{"allow":["GET"]}}],"collection":[{"href":"https:\/\/fieam.org.br\/sesi\/wp-json\/wp\/v2\/posts"}],"about":[{"href":"https:\/\/fieam.org.br\/sesi\/wp-json\/wp\/v2\/types\/post"}],"author":[{"embeddable":true,"href":"https:\/\/fieam.org.br\/sesi\/wp-json\/wp\/v2\/users\/1"}],"replies":[{"embeddable":true,"href":"https:\/\/fieam.org.br\/sesi\/wp-json\/wp\/v2\/comments?post=19359"}],"version-history":[{"count":0,"href":"https:\/\/fieam.org.br\/sesi\/wp-json\/wp\/v2\/posts\/19359\/revisions"}],"wp:attachment":[{"href":"https:\/\/fieam.org.br\/sesi\/wp-json\/wp\/v2\/media?parent=19359"}],"wp:term":[{"taxonomy":"category","embeddable":true,"href":"https:\/\/fieam.org.br\/sesi\/wp-json\/wp\/v2\/categories?post=19359"},{"taxonomy":"post_tag","embeddable":true,"href":"https:\/\/fieam.org.br\/sesi\/wp-json\/wp\/v2\/tags?post=19359"}],"curies":[{"name":"wp","href":"https:\/\/api.w.org\/{rel}","templated":true}]}}