{"id":19358,"date":"2013-08-07T18:57:05","date_gmt":"2013-08-07T18:57:05","guid":{"rendered":"http:\/\/www.fieam.org.br\/site\/sesi\/?p=4556"},"modified":"2013-08-07T18:57:05","modified_gmt":"2013-08-07T18:57:05","slug":"projeto-viravida-seleciona-2a-turma-no-amazonas","status":"publish","type":"post","link":"https:\/\/fieam.org.br\/sesi\/projeto-viravida-seleciona-2a-turma-no-amazonas\/","title":{"rendered":"Projeto ViraVida seleciona 2\u00aa turma no Amazonas"},"content":{"rendered":"<p align=\"center\"><span style=\"font-size: 13px;line-height: 19px\">Mais de 200 jovens e adolescentes em situa\u00e7\u00e3o de explora\u00e7\u00e3o social participam de sele\u00e7\u00e3o<\/span><\/p>\n<p align=\"center\">\n<p><a href=\"http:\/\/www.fieam.org.br\/site\/sesi\/institucional\/\" target=\"_blank\" rel=\"noopener\">O Servi\u00e7o Social da Ind\u00fastria (SESI Amazonas)<\/a>\u00a0come\u00e7ou ontem (5) processo seletivo com cerca de 200 jovens para 2\u00aa. turma do\u00a0<a href=\"http:\/\/www.viravida.org.br\/%E2%80%8E\" target=\"_blank\" rel=\"noopener\">programa ViraVida<\/a>, que oferece capacita\u00e7\u00e3o profissional e inser\u00e7\u00e3o no mercado de trabalho a jovens e adolescentes em situa\u00e7\u00e3o de explora\u00e7\u00e3o sexual.<\/p>\n<p>O ViraVida \u00e9 um programa do\u00a0<a href=\"http:\/\/www.conselhonacionaldosesi.org.br\/%E2%80%8E\" target=\"_blank\" rel=\"noopener\">Conselho Nacional do SESI<\/a>, que oferece capacita\u00e7\u00e3o profissional, educa\u00e7\u00e3o b\u00e1sica, atendimento psicossocial, m\u00e9dico e odontol\u00f3gico \u00e0 jovens e adolescentes, entre 16 e 21 anos de idade, que foram ou s\u00e3o v\u00edtimas de explora\u00e7\u00e3o sexual.<\/p>\n<p>No amazonas, o projeto foi lan\u00e7ado em julho de 2012, pelo presidente do Conselho Nacional do SESI, Jair Meneguelli.<\/p>\n<p>Os jovens foram recepcionados na sede do programa, localizada na Unidade do SESI no S\u00e3o Jorge, pela 1\u00aa turma que est\u00e1 em andamento, composta por 53 jovens e adolescentes.<\/p>\n<p>Na ocasi\u00e3o, eles deram individualmente as boas- vindas aos inscritos e familiares presentes. Mensagens carinhosas de motiva\u00e7\u00e3o e \u00e2nimo, al\u00e9m da interpreta\u00e7\u00e3o da m\u00fasica \u201c\u00c9 preciso saber viver\u201d, sucesso dos Tit\u00e3s, fizeram parte da calorosa recep\u00e7\u00e3o.<\/p>\n<p>O aluno do projeto, William Barroso*, 18, conseguiu sensibilizar seu primo Jo\u00e3o da Silva* e sua amiga Liliane Ferreira*, 17, para a inscri\u00e7\u00e3o no ViraVida. Jo\u00e3o disse que \u00e9 n\u00edtida a mudan\u00e7a de comportamento de seu primo e que agora ele \u00e9 um espelho para sua vida.<\/p>\n<p>\u201cAntes a m\u00e3e do Jo\u00e3o, s\u00f3 reclamava de suas atitudes, de suas sa\u00eddas sem hora para voltar. Agora ela chega l\u00e1 em casa, orgulhosa, contanto que agora ele \u00e9 um menino estudioso. Eu tamb\u00e9m quero dar esse mesmo orgulho para minha fam\u00edlia\u201d, disse.<\/p>\n<p>William disse se sentir feliz por estar ajudando pessoas que est\u00e3o passando pelo que j\u00e1 passou.<\/p>\n<p>\u201cEu sei que ainda n\u00e3o estou 100%, mas j\u00e1 melhorei muito e quando os vi na mesma situa\u00e7\u00e3o em que j\u00e1 estive logo tratei de convenc\u00ea-los a participar\u201d, disse o adolescente cheio de sonhos e com uma rotina cheia iniciada as seis da manh\u00e3 e chegada meia noite, incluindo educa\u00e7\u00e3o continuada e curso de auxiliar administrativo, oferecidos pelo programa.<\/p>\n<p>At\u00e9 a pr\u00f3xima sexta- feira (16) ser\u00e1 identificada o interesse dos candidatos para o curso. A equipe do projeto conhecer\u00e1 as hist\u00f3rias de vida de cada um, ir\u00e1 verificar se o n\u00edvel de conhecimento corresponde \u00e0 escolaridade apresentada, al\u00e9m de conhecer a vis\u00e3o de mundo dos jovens. O in\u00edcio das aulas da turma est\u00e1 previsto j\u00e1 para o fim de agosto.<\/p>\n<p>Durante o processo de forma\u00e7\u00e3o e qualifica\u00e7\u00e3o profissional, que dura um ano, em m\u00e9dia, os alunos recebem uma bolsa no valor de R$ 500,00, dos quais 20% ficam retidos em uma poupan\u00e7a, resgat\u00e1vel ao final do processo.<\/p>\n<p>A meta do SESI Amazonas \u00e9 transformar a vida de 200 jovens at\u00e9 2014. O projeto em todo Brasil firmou parceria com o Sistema S:\u00a0<a href=\"http:\/\/www.fieam.org.br\/site\/senai\/institucional\/\" target=\"_blank\" rel=\"noopener\">SENAI<\/a>,\u00a0<a href=\"http:\/\/www.senar.org.br\/%E2%80%8E\" target=\"_blank\" rel=\"noopener\">SENAR<\/a>,\u00a0<a href=\"http:\/\/www.sesc-am.com.br\/%E2%80%8E\" target=\"_blank\" rel=\"noopener\">SESC<\/a>,\u00a0<a href=\"http:\/\/www.fieam.org.br\/site\/iel\/institucional\/\" target=\"_blank\" rel=\"noopener\">IEL,<\/a><a href=\"http:\/\/www.am.senac.br\/%E2%80%8E\" target=\"_blank\" rel=\"noopener\">SENAC<\/a>, SESCOOP,\u00a0<a href=\"http:\/\/www.sestsenat.org.br\/%E2%80%8E\" target=\"_blank\" rel=\"noopener\">SEST-SENAT<\/a>,\u00a0<a href=\"http:\/\/www.sebrae.com.br\/%E2%80%8E\" target=\"_blank\" rel=\"noopener\">SEBRAE<\/a>\u00a0e SESI (EJA e NIEC). Para denunciar situa\u00e7\u00f5es dessa natureza, disque 100 (nacional) ou 0800-921407 (local).<\/p>\n<p>&nbsp;<\/p>\n<p>*<em>Nomes fict\u00edcios<\/em>\u00a0criados para preservar a identidade dos alunos.<\/p>\n","protected":false},"excerpt":{"rendered":"<p>Mais de 200 jovens e adolescentes em situa\u00e7\u00e3o de explora\u00e7\u00e3o social participam de sele\u00e7\u00e3o O Servi\u00e7o Social da Ind\u00fastria (SESI Amazonas)\u00a0come\u00e7ou ontem (5) processo seletivo com cerca de 200 jovens para 2\u00aa. turma do\u00a0programa ViraVida, que oferece capacita\u00e7\u00e3o profissional e inser\u00e7\u00e3o no mercado de trabalho a jovens e adolescentes em situa\u00e7\u00e3o de explora\u00e7\u00e3o sexual. O [&hellip;]<\/p>\n","protected":false},"author":1,"featured_media":0,"comment_status":"open","ping_status":"open","sticky":false,"template":"","format":"standard","meta":{"footnotes":""},"categories":[25],"tags":[],"class_list":["post-19358","post","type-post","status-publish","format-standard","hentry","category-news"],"yoast_head":"<!-- This site is optimized with the Yoast SEO plugin v28.2 - https:\/\/yoast.com\/product\/yoast-seo-wordpress\/ -->\n<title>Projeto ViraVida seleciona 2\u00aa turma no Amazonas - SESI<\/title>\n<meta name=\"robots\" content=\"index, follow, max-snippet:-1, max-image-preview:large, max-video-preview:-1\" \/>\n<link rel=\"canonical\" href=\"https:\/\/fieam.org.br\/sesi\/projeto-viravida-seleciona-2a-turma-no-amazonas\/\" \/>\n<meta property=\"og:locale\" content=\"pt_BR\" \/>\n<meta property=\"og:type\" content=\"article\" \/>\n<meta property=\"og:title\" content=\"Projeto ViraVida seleciona 2\u00aa turma no Amazonas - SESI\" \/>\n<meta property=\"og:description\" content=\"Mais de 200 jovens e adolescentes em situa\u00e7\u00e3o de explora\u00e7\u00e3o social participam de sele\u00e7\u00e3o O Servi\u00e7o Social da Ind\u00fastria (SESI Amazonas)\u00a0come\u00e7ou ontem (5) processo seletivo com cerca de 200 jovens para 2\u00aa. turma do\u00a0programa ViraVida, que oferece capacita\u00e7\u00e3o profissional e inser\u00e7\u00e3o no mercado de trabalho a jovens e adolescentes em situa\u00e7\u00e3o de explora\u00e7\u00e3o sexual. O [&hellip;]\" \/>\n<meta property=\"og:url\" content=\"https:\/\/fieam.org.br\/sesi\/projeto-viravida-seleciona-2a-turma-no-amazonas\/\" \/>\n<meta property=\"og:site_name\" content=\"SESI\" \/>\n<meta property=\"article:published_time\" content=\"2013-08-07T18:57:05+00:00\" \/>\n<meta name=\"author\" content=\"Autor\" \/>\n<meta name=\"twitter:card\" content=\"summary_large_image\" \/>\n<meta name=\"twitter:label1\" content=\"Escrito por\" \/>\n\t<meta name=\"twitter:data1\" content=\"Autor\" \/>\n\t<meta name=\"twitter:label2\" content=\"Est. tempo de leitura\" \/>\n\t<meta name=\"twitter:data2\" content=\"3 minutos\" \/>\n<script type=\"application\/ld+json\" class=\"yoast-schema-graph\">{\"@context\":\"https:\\\/\\\/schema.org\",\"@graph\":[{\"@type\":\"Article\",\"@id\":\"https:\\\/\\\/fieam.org.br\\\/sesi\\\/projeto-viravida-seleciona-2a-turma-no-amazonas\\\/#article\",\"isPartOf\":{\"@id\":\"https:\\\/\\\/fieam.org.br\\\/sesi\\\/projeto-viravida-seleciona-2a-turma-no-amazonas\\\/\"},\"author\":{\"name\":\"Autor\",\"@id\":\"https:\\\/\\\/fieam.org.br\\\/sesi\\\/#\\\/schema\\\/person\\\/f54998dd14d5f0695b41444f2b01c31e\"},\"headline\":\"Projeto ViraVida seleciona 2\u00aa turma no Amazonas\",\"datePublished\":\"2013-08-07T18:57:05+00:00\",\"mainEntityOfPage\":{\"@id\":\"https:\\\/\\\/fieam.org.br\\\/sesi\\\/projeto-viravida-seleciona-2a-turma-no-amazonas\\\/\"},\"wordCount\":537,\"commentCount\":0,\"publisher\":{\"@id\":\"https:\\\/\\\/fieam.org.br\\\/sesi\\\/#organization\"},\"articleSection\":[\"News\"],\"inLanguage\":\"pt-BR\",\"potentialAction\":[{\"@type\":\"CommentAction\",\"name\":\"Comment\",\"target\":[\"https:\\\/\\\/fieam.org.br\\\/sesi\\\/projeto-viravida-seleciona-2a-turma-no-amazonas\\\/#respond\"]}]},{\"@type\":\"WebPage\",\"@id\":\"https:\\\/\\\/fieam.org.br\\\/sesi\\\/projeto-viravida-seleciona-2a-turma-no-amazonas\\\/\",\"url\":\"https:\\\/\\\/fieam.org.br\\\/sesi\\\/projeto-viravida-seleciona-2a-turma-no-amazonas\\\/\",\"name\":\"Projeto ViraVida seleciona 2\u00aa turma no Amazonas - SESI\",\"isPartOf\":{\"@id\":\"https:\\\/\\\/fieam.org.br\\\/sesi\\\/#website\"},\"datePublished\":\"2013-08-07T18:57:05+00:00\",\"breadcrumb\":{\"@id\":\"https:\\\/\\\/fieam.org.br\\\/sesi\\\/projeto-viravida-seleciona-2a-turma-no-amazonas\\\/#breadcrumb\"},\"inLanguage\":\"pt-BR\",\"potentialAction\":[{\"@type\":\"ReadAction\",\"target\":[\"https:\\\/\\\/fieam.org.br\\\/sesi\\\/projeto-viravida-seleciona-2a-turma-no-amazonas\\\/\"]}]},{\"@type\":\"BreadcrumbList\",\"@id\":\"https:\\\/\\\/fieam.org.br\\\/sesi\\\/projeto-viravida-seleciona-2a-turma-no-amazonas\\\/#breadcrumb\",\"itemListElement\":[{\"@type\":\"ListItem\",\"position\":1,\"name\":\"In\u00edcio\",\"item\":\"https:\\\/\\\/fieam.org.br\\\/sesi\\\/\"},{\"@type\":\"ListItem\",\"position\":2,\"name\":\"Projeto ViraVida seleciona 2\u00aa turma no Amazonas\"}]},{\"@type\":\"WebSite\",\"@id\":\"https:\\\/\\\/fieam.org.br\\\/sesi\\\/#website\",\"url\":\"https:\\\/\\\/fieam.org.br\\\/sesi\\\/\",\"name\":\"SESI\",\"description\":\"Site Oficial!\",\"publisher\":{\"@id\":\"https:\\\/\\\/fieam.org.br\\\/sesi\\\/#organization\"},\"potentialAction\":[{\"@type\":\"SearchAction\",\"target\":{\"@type\":\"EntryPoint\",\"urlTemplate\":\"https:\\\/\\\/fieam.org.br\\\/sesi\\\/?s={search_term_string}\"},\"query-input\":{\"@type\":\"PropertyValueSpecification\",\"valueRequired\":true,\"valueName\":\"search_term_string\"}}],\"inLanguage\":\"pt-BR\"},{\"@type\":\"Organization\",\"@id\":\"https:\\\/\\\/fieam.org.br\\\/sesi\\\/#organization\",\"name\":\"SESI\",\"url\":\"https:\\\/\\\/fieam.org.br\\\/sesi\\\/\",\"logo\":{\"@type\":\"ImageObject\",\"inLanguage\":\"pt-BR\",\"@id\":\"https:\\\/\\\/fieam.org.br\\\/sesi\\\/#\\\/schema\\\/logo\\\/image\\\/\",\"url\":\"https:\\\/\\\/fieam.org.br\\\/sesi\\\/wp-content\\\/uploads\\\/sites\\\/14\\\/2024\\\/03\\\/cropped-fav.png\",\"contentUrl\":\"https:\\\/\\\/fieam.org.br\\\/sesi\\\/wp-content\\\/uploads\\\/sites\\\/14\\\/2024\\\/03\\\/cropped-fav.png\",\"width\":610,\"height\":589,\"caption\":\"SESI\"},\"image\":{\"@id\":\"https:\\\/\\\/fieam.org.br\\\/sesi\\\/#\\\/schema\\\/logo\\\/image\\\/\"}},{\"@type\":\"Person\",\"@id\":\"https:\\\/\\\/fieam.org.br\\\/sesi\\\/#\\\/schema\\\/person\\\/f54998dd14d5f0695b41444f2b01c31e\",\"name\":\"Autor\",\"image\":{\"@type\":\"ImageObject\",\"inLanguage\":\"pt-BR\",\"@id\":\"https:\\\/\\\/secure.gravatar.com\\\/avatar\\\/3732c223e0e1fad69062a8f770955c9068d37b055204f310a0be18d4069fe380?s=96&d=mm&r=g\",\"url\":\"https:\\\/\\\/secure.gravatar.com\\\/avatar\\\/3732c223e0e1fad69062a8f770955c9068d37b055204f310a0be18d4069fe380?s=96&d=mm&r=g\",\"contentUrl\":\"https:\\\/\\\/secure.gravatar.com\\\/avatar\\\/3732c223e0e1fad69062a8f770955c9068d37b055204f310a0be18d4069fe380?s=96&d=mm&r=g\",\"caption\":\"Autor\"},\"sameAs\":[\"https:\\\/\\\/marketingmassivo.com.br\"],\"url\":\"https:\\\/\\\/fieam.org.br\\\/sesi\\\/author\\\/admin\\\/\"}]}<\/script>\n<!-- \/ Yoast SEO plugin. -->","yoast_head_json":{"title":"Projeto ViraVida seleciona 2\u00aa turma no Amazonas - SESI","robots":{"index":"index","follow":"follow","max-snippet":"max-snippet:-1","max-image-preview":"max-image-preview:large","max-video-preview":"max-video-preview:-1"},"canonical":"https:\/\/fieam.org.br\/sesi\/projeto-viravida-seleciona-2a-turma-no-amazonas\/","og_locale":"pt_BR","og_type":"article","og_title":"Projeto ViraVida seleciona 2\u00aa turma no Amazonas - SESI","og_description":"Mais de 200 jovens e adolescentes em situa\u00e7\u00e3o de explora\u00e7\u00e3o social participam de sele\u00e7\u00e3o O Servi\u00e7o Social da Ind\u00fastria (SESI Amazonas)\u00a0come\u00e7ou ontem (5) processo seletivo com cerca de 200 jovens para 2\u00aa. turma do\u00a0programa ViraVida, que oferece capacita\u00e7\u00e3o profissional e inser\u00e7\u00e3o no mercado de trabalho a jovens e adolescentes em situa\u00e7\u00e3o de explora\u00e7\u00e3o sexual. O [&hellip;]","og_url":"https:\/\/fieam.org.br\/sesi\/projeto-viravida-seleciona-2a-turma-no-amazonas\/","og_site_name":"SESI","article_published_time":"2013-08-07T18:57:05+00:00","author":"Autor","twitter_card":"summary_large_image","twitter_misc":{"Escrito por":"Autor","Est. tempo de leitura":"3 minutos"},"schema":{"@context":"https:\/\/schema.org","@graph":[{"@type":"Article","@id":"https:\/\/fieam.org.br\/sesi\/projeto-viravida-seleciona-2a-turma-no-amazonas\/#article","isPartOf":{"@id":"https:\/\/fieam.org.br\/sesi\/projeto-viravida-seleciona-2a-turma-no-amazonas\/"},"author":{"name":"Autor","@id":"https:\/\/fieam.org.br\/sesi\/#\/schema\/person\/f54998dd14d5f0695b41444f2b01c31e"},"headline":"Projeto ViraVida seleciona 2\u00aa turma no Amazonas","datePublished":"2013-08-07T18:57:05+00:00","mainEntityOfPage":{"@id":"https:\/\/fieam.org.br\/sesi\/projeto-viravida-seleciona-2a-turma-no-amazonas\/"},"wordCount":537,"commentCount":0,"publisher":{"@id":"https:\/\/fieam.org.br\/sesi\/#organization"},"articleSection":["News"],"inLanguage":"pt-BR","potentialAction":[{"@type":"CommentAction","name":"Comment","target":["https:\/\/fieam.org.br\/sesi\/projeto-viravida-seleciona-2a-turma-no-amazonas\/#respond"]}]},{"@type":"WebPage","@id":"https:\/\/fieam.org.br\/sesi\/projeto-viravida-seleciona-2a-turma-no-amazonas\/","url":"https:\/\/fieam.org.br\/sesi\/projeto-viravida-seleciona-2a-turma-no-amazonas\/","name":"Projeto ViraVida seleciona 2\u00aa turma no Amazonas - SESI","isPartOf":{"@id":"https:\/\/fieam.org.br\/sesi\/#website"},"datePublished":"2013-08-07T18:57:05+00:00","breadcrumb":{"@id":"https:\/\/fieam.org.br\/sesi\/projeto-viravida-seleciona-2a-turma-no-amazonas\/#breadcrumb"},"inLanguage":"pt-BR","potentialAction":[{"@type":"ReadAction","target":["https:\/\/fieam.org.br\/sesi\/projeto-viravida-seleciona-2a-turma-no-amazonas\/"]}]},{"@type":"BreadcrumbList","@id":"https:\/\/fieam.org.br\/sesi\/projeto-viravida-seleciona-2a-turma-no-amazonas\/#breadcrumb","itemListElement":[{"@type":"ListItem","position":1,"name":"In\u00edcio","item":"https:\/\/fieam.org.br\/sesi\/"},{"@type":"ListItem","position":2,"name":"Projeto ViraVida seleciona 2\u00aa turma no Amazonas"}]},{"@type":"WebSite","@id":"https:\/\/fieam.org.br\/sesi\/#website","url":"https:\/\/fieam.org.br\/sesi\/","name":"SESI","description":"Site Oficial!","publisher":{"@id":"https:\/\/fieam.org.br\/sesi\/#organization"},"potentialAction":[{"@type":"SearchAction","target":{"@type":"EntryPoint","urlTemplate":"https:\/\/fieam.org.br\/sesi\/?s={search_term_string}"},"query-input":{"@type":"PropertyValueSpecification","valueRequired":true,"valueName":"search_term_string"}}],"inLanguage":"pt-BR"},{"@type":"Organization","@id":"https:\/\/fieam.org.br\/sesi\/#organization","name":"SESI","url":"https:\/\/fieam.org.br\/sesi\/","logo":{"@type":"ImageObject","inLanguage":"pt-BR","@id":"https:\/\/fieam.org.br\/sesi\/#\/schema\/logo\/image\/","url":"https:\/\/fieam.org.br\/sesi\/wp-content\/uploads\/sites\/14\/2024\/03\/cropped-fav.png","contentUrl":"https:\/\/fieam.org.br\/sesi\/wp-content\/uploads\/sites\/14\/2024\/03\/cropped-fav.png","width":610,"height":589,"caption":"SESI"},"image":{"@id":"https:\/\/fieam.org.br\/sesi\/#\/schema\/logo\/image\/"}},{"@type":"Person","@id":"https:\/\/fieam.org.br\/sesi\/#\/schema\/person\/f54998dd14d5f0695b41444f2b01c31e","name":"Autor","image":{"@type":"ImageObject","inLanguage":"pt-BR","@id":"https:\/\/secure.gravatar.com\/avatar\/3732c223e0e1fad69062a8f770955c9068d37b055204f310a0be18d4069fe380?s=96&d=mm&r=g","url":"https:\/\/secure.gravatar.com\/avatar\/3732c223e0e1fad69062a8f770955c9068d37b055204f310a0be18d4069fe380?s=96&d=mm&r=g","contentUrl":"https:\/\/secure.gravatar.com\/avatar\/3732c223e0e1fad69062a8f770955c9068d37b055204f310a0be18d4069fe380?s=96&d=mm&r=g","caption":"Autor"},"sameAs":["https:\/\/marketingmassivo.com.br"],"url":"https:\/\/fieam.org.br\/sesi\/author\/admin\/"}]}},"_links":{"self":[{"href":"https:\/\/fieam.org.br\/sesi\/wp-json\/wp\/v2\/posts\/19358","targetHints":{"allow":["GET"]}}],"collection":[{"href":"https:\/\/fieam.org.br\/sesi\/wp-json\/wp\/v2\/posts"}],"about":[{"href":"https:\/\/fieam.org.br\/sesi\/wp-json\/wp\/v2\/types\/post"}],"author":[{"embeddable":true,"href":"https:\/\/fieam.org.br\/sesi\/wp-json\/wp\/v2\/users\/1"}],"replies":[{"embeddable":true,"href":"https:\/\/fieam.org.br\/sesi\/wp-json\/wp\/v2\/comments?post=19358"}],"version-history":[{"count":0,"href":"https:\/\/fieam.org.br\/sesi\/wp-json\/wp\/v2\/posts\/19358\/revisions"}],"wp:attachment":[{"href":"https:\/\/fieam.org.br\/sesi\/wp-json\/wp\/v2\/media?parent=19358"}],"wp:term":[{"taxonomy":"category","embeddable":true,"href":"https:\/\/fieam.org.br\/sesi\/wp-json\/wp\/v2\/categories?post=19358"},{"taxonomy":"post_tag","embeddable":true,"href":"https:\/\/fieam.org.br\/sesi\/wp-json\/wp\/v2\/tags?post=19358"}],"curies":[{"name":"wp","href":"https:\/\/api.w.org\/{rel}","templated":true}]}}