{"id":19357,"date":"2013-08-07T17:49:59","date_gmt":"2013-08-07T17:49:59","guid":{"rendered":"http:\/\/www.fieam.org.br\/site\/sesi\/?p=4552"},"modified":"2013-08-07T17:49:59","modified_gmt":"2013-08-07T17:49:59","slug":"trabalhadores-estudam-no-canteiro-de-obras","status":"publish","type":"post","link":"https:\/\/fieam.org.br\/sesi\/trabalhadores-estudam-no-canteiro-de-obras\/","title":{"rendered":"Trabalhadores estudam no canteiro de obras"},"content":{"rendered":"<p><a style=\"font-size: 13px;line-height: 19px\" href=\"http:\/\/www.fieam.org.br\/site\/sesi\/institucional\/\" target=\"_blank\" rel=\"noopener\">O Servi\u00e7o Social da Ind\u00fastria (SESI Amazonas)<\/a><span style=\"font-size: 13px;line-height: 19px\">\u00a0realizou ontem \u00e0 noite aula inaugural para 65 trabalhadores da empresa de constru\u00e7\u00e3o civil, (<\/span><a style=\"font-size: 13px;line-height: 19px\" href=\"http:\/\/www.construbase.com.br\/%E2%80%8E\" target=\"_blank\" rel=\"noopener\">Construbase Engenharia Ltda<\/a><span style=\"font-size: 13px;line-height: 19px\">), matriculados no Ensino Fundamental e Ensino M\u00e9dio, na modalidade de Educa\u00e7\u00e3o de Jovens e Adultos (EJA). A aula foi realizada no canteiro de obras da empresa, localizada na Avenida Il\u00e1rio Gurj\u00e3o, bairro Jorge Teixeira, Zona Leste.<\/span><\/p>\n<p>De acordo com a gerente de Educa\u00e7\u00e3o de Jovens e Adultos, Cassandra Augusta, para elevar a escolaridade do trabalhador, o SESI utiliza a metodologia SESIEDUCA, que obedece a tr\u00eas princ\u00edpios b\u00e1sicos: flexibilidade, continuidade e viabilidade.<\/p>\n<p>Segundo a gerente, o aluno pode ingressar no curso a qualquer momento, e que a dura\u00e7\u00e3o \u00e9 vari\u00e1vel, ressaltando que o aluno pode ingressar na etapa de alfabetiza\u00e7\u00e3o e permanecer at\u00e9 \u00e0 conclus\u00e3o do ensino m\u00e9dio, passando por toda a fase de escolariza\u00e7\u00e3o por um prazo de 60 meses.<\/p>\n<p>Ela destacou ainda o baixo custo do material utilizado, al\u00e9m do aproveitamento da escolaridade anterior. Para a gerente da EJA, a parceria com Construbase \u00e9 importante no processo de eleva\u00e7\u00e3o da escolaridade e qualidade de vida do trabalhador.<\/p>\n<p>O pedagogo do SESI, Raimundo Jaca\u00fana, disse que do total de 65 trabalhadores beneficiados, 29\u00a0 s\u00e3o do Ensino Fundamental e 36 do Ensino M\u00e9dio, que\u00a0 receber\u00e3o duas horas de aula, de segunda \u00e0 sexta, dentro do pr\u00f3prio local de trabalho. Disse ainda, que o SESI atende 145 trabalhadores da Construbase, desde a Alfabetiza\u00e7\u00e3o ao Ensino M\u00e9dio.<\/p>\n<p>Ele disse tamb\u00e9m que, a Educa\u00e7\u00e3o de Jovens e Adultos do SESI beneficia 2,7 mil trabalhadores nos canteiros de obras, dentro das empresas do\u00a0<a href=\"http:\/\/www.suframa.gov.br\/\" target=\"_blank\" rel=\"noopener\">Polo Industrial de Manaus (PIM)<\/a>, nos micro-\u00f4nibus adaptados para funcionar como sala de aula e nas unidades de Educa\u00e7\u00e3o do SESI, localizadas nos bairros de S\u00e3o Jorge e Alvorada, e S\u00e3o Jos\u00e9.<\/p>\n<p>De acordo com o pedagogo, os cursos de Alfabetiza\u00e7\u00e3o e Ensino M\u00e9dio t\u00eam a dura\u00e7\u00e3o de 24 meses cada, enquanto que o Ensino Fundamental poder\u00e1 ser conclu\u00eddo em 18 meses.<\/p>\n<p>Para o engenheiro respons\u00e1vel pela construtora, Osman Bove, o curso \u00e9 uma oportunidade para se reduzir as desigualdades existentes no Brasil. Disse que 40% dos trabalhadores da Construbase est\u00e3o matriculados nos cursos de Educa\u00e7\u00e3o de Jovens e Adultos do SESI, e que a empresa incentiva a qualifica\u00e7\u00e3o dos trabalhadores. Para Bove, \u00e9 dif\u00edcil conciliar a jornada de trabalho com o estudo, mas que \u00e9 preciso aproveitar a oportunidade para crescer como trabalhador e cidad\u00e3o.<\/p>\n<p><strong>[nggallery id=187]<\/strong><\/p>\n","protected":false},"excerpt":{"rendered":"<p>O Servi\u00e7o Social da Ind\u00fastria (SESI Amazonas)\u00a0realizou ontem \u00e0 noite aula inaugural para 65 trabalhadores da empresa de constru\u00e7\u00e3o civil, (Construbase Engenharia Ltda), matriculados no Ensino Fundamental e Ensino M\u00e9dio, na modalidade de Educa\u00e7\u00e3o de Jovens e Adultos (EJA). A aula foi realizada no canteiro de obras da empresa, localizada na Avenida Il\u00e1rio Gurj\u00e3o, bairro [&hellip;]<\/p>\n","protected":false},"author":1,"featured_media":0,"comment_status":"open","ping_status":"open","sticky":false,"template":"","format":"standard","meta":{"footnotes":""},"categories":[25],"tags":[],"class_list":["post-19357","post","type-post","status-publish","format-standard","hentry","category-news"],"yoast_head":"<!-- This site is optimized with the Yoast SEO plugin v28.2 - https:\/\/yoast.com\/product\/yoast-seo-wordpress\/ -->\n<title>Trabalhadores estudam no canteiro de obras - SESI<\/title>\n<meta name=\"robots\" content=\"index, follow, max-snippet:-1, max-image-preview:large, max-video-preview:-1\" \/>\n<link rel=\"canonical\" href=\"https:\/\/fieam.org.br\/sesi\/trabalhadores-estudam-no-canteiro-de-obras\/\" \/>\n<meta property=\"og:locale\" content=\"pt_BR\" \/>\n<meta property=\"og:type\" content=\"article\" \/>\n<meta property=\"og:title\" content=\"Trabalhadores estudam no canteiro de obras - SESI\" \/>\n<meta property=\"og:description\" content=\"O Servi\u00e7o Social da Ind\u00fastria (SESI Amazonas)\u00a0realizou ontem \u00e0 noite aula inaugural para 65 trabalhadores da empresa de constru\u00e7\u00e3o civil, (Construbase Engenharia Ltda), matriculados no Ensino Fundamental e Ensino M\u00e9dio, na modalidade de Educa\u00e7\u00e3o de Jovens e Adultos (EJA). A aula foi realizada no canteiro de obras da empresa, localizada na Avenida Il\u00e1rio Gurj\u00e3o, bairro [&hellip;]\" \/>\n<meta property=\"og:url\" content=\"https:\/\/fieam.org.br\/sesi\/trabalhadores-estudam-no-canteiro-de-obras\/\" \/>\n<meta property=\"og:site_name\" content=\"SESI\" \/>\n<meta property=\"article:published_time\" content=\"2013-08-07T17:49:59+00:00\" \/>\n<meta name=\"author\" content=\"Autor\" \/>\n<meta name=\"twitter:card\" content=\"summary_large_image\" \/>\n<meta name=\"twitter:label1\" content=\"Escrito por\" \/>\n\t<meta name=\"twitter:data1\" content=\"Autor\" \/>\n\t<meta name=\"twitter:label2\" content=\"Est. tempo de leitura\" \/>\n\t<meta name=\"twitter:data2\" content=\"2 minutos\" \/>\n<script type=\"application\/ld+json\" class=\"yoast-schema-graph\">{\"@context\":\"https:\\\/\\\/schema.org\",\"@graph\":[{\"@type\":\"Article\",\"@id\":\"https:\\\/\\\/fieam.org.br\\\/sesi\\\/trabalhadores-estudam-no-canteiro-de-obras\\\/#article\",\"isPartOf\":{\"@id\":\"https:\\\/\\\/fieam.org.br\\\/sesi\\\/trabalhadores-estudam-no-canteiro-de-obras\\\/\"},\"author\":{\"name\":\"Autor\",\"@id\":\"https:\\\/\\\/fieam.org.br\\\/sesi\\\/#\\\/schema\\\/person\\\/f54998dd14d5f0695b41444f2b01c31e\"},\"headline\":\"Trabalhadores estudam no canteiro de obras\",\"datePublished\":\"2013-08-07T17:49:59+00:00\",\"mainEntityOfPage\":{\"@id\":\"https:\\\/\\\/fieam.org.br\\\/sesi\\\/trabalhadores-estudam-no-canteiro-de-obras\\\/\"},\"wordCount\":431,\"commentCount\":0,\"publisher\":{\"@id\":\"https:\\\/\\\/fieam.org.br\\\/sesi\\\/#organization\"},\"articleSection\":[\"News\"],\"inLanguage\":\"pt-BR\",\"potentialAction\":[{\"@type\":\"CommentAction\",\"name\":\"Comment\",\"target\":[\"https:\\\/\\\/fieam.org.br\\\/sesi\\\/trabalhadores-estudam-no-canteiro-de-obras\\\/#respond\"]}]},{\"@type\":\"WebPage\",\"@id\":\"https:\\\/\\\/fieam.org.br\\\/sesi\\\/trabalhadores-estudam-no-canteiro-de-obras\\\/\",\"url\":\"https:\\\/\\\/fieam.org.br\\\/sesi\\\/trabalhadores-estudam-no-canteiro-de-obras\\\/\",\"name\":\"Trabalhadores estudam no canteiro de obras - SESI\",\"isPartOf\":{\"@id\":\"https:\\\/\\\/fieam.org.br\\\/sesi\\\/#website\"},\"datePublished\":\"2013-08-07T17:49:59+00:00\",\"breadcrumb\":{\"@id\":\"https:\\\/\\\/fieam.org.br\\\/sesi\\\/trabalhadores-estudam-no-canteiro-de-obras\\\/#breadcrumb\"},\"inLanguage\":\"pt-BR\",\"potentialAction\":[{\"@type\":\"ReadAction\",\"target\":[\"https:\\\/\\\/fieam.org.br\\\/sesi\\\/trabalhadores-estudam-no-canteiro-de-obras\\\/\"]}]},{\"@type\":\"BreadcrumbList\",\"@id\":\"https:\\\/\\\/fieam.org.br\\\/sesi\\\/trabalhadores-estudam-no-canteiro-de-obras\\\/#breadcrumb\",\"itemListElement\":[{\"@type\":\"ListItem\",\"position\":1,\"name\":\"In\u00edcio\",\"item\":\"https:\\\/\\\/fieam.org.br\\\/sesi\\\/\"},{\"@type\":\"ListItem\",\"position\":2,\"name\":\"Trabalhadores estudam no canteiro de obras\"}]},{\"@type\":\"WebSite\",\"@id\":\"https:\\\/\\\/fieam.org.br\\\/sesi\\\/#website\",\"url\":\"https:\\\/\\\/fieam.org.br\\\/sesi\\\/\",\"name\":\"SESI\",\"description\":\"Site Oficial!\",\"publisher\":{\"@id\":\"https:\\\/\\\/fieam.org.br\\\/sesi\\\/#organization\"},\"potentialAction\":[{\"@type\":\"SearchAction\",\"target\":{\"@type\":\"EntryPoint\",\"urlTemplate\":\"https:\\\/\\\/fieam.org.br\\\/sesi\\\/?s={search_term_string}\"},\"query-input\":{\"@type\":\"PropertyValueSpecification\",\"valueRequired\":true,\"valueName\":\"search_term_string\"}}],\"inLanguage\":\"pt-BR\"},{\"@type\":\"Organization\",\"@id\":\"https:\\\/\\\/fieam.org.br\\\/sesi\\\/#organization\",\"name\":\"SESI\",\"url\":\"https:\\\/\\\/fieam.org.br\\\/sesi\\\/\",\"logo\":{\"@type\":\"ImageObject\",\"inLanguage\":\"pt-BR\",\"@id\":\"https:\\\/\\\/fieam.org.br\\\/sesi\\\/#\\\/schema\\\/logo\\\/image\\\/\",\"url\":\"https:\\\/\\\/fieam.org.br\\\/sesi\\\/wp-content\\\/uploads\\\/sites\\\/14\\\/2024\\\/03\\\/cropped-fav.png\",\"contentUrl\":\"https:\\\/\\\/fieam.org.br\\\/sesi\\\/wp-content\\\/uploads\\\/sites\\\/14\\\/2024\\\/03\\\/cropped-fav.png\",\"width\":610,\"height\":589,\"caption\":\"SESI\"},\"image\":{\"@id\":\"https:\\\/\\\/fieam.org.br\\\/sesi\\\/#\\\/schema\\\/logo\\\/image\\\/\"}},{\"@type\":\"Person\",\"@id\":\"https:\\\/\\\/fieam.org.br\\\/sesi\\\/#\\\/schema\\\/person\\\/f54998dd14d5f0695b41444f2b01c31e\",\"name\":\"Autor\",\"image\":{\"@type\":\"ImageObject\",\"inLanguage\":\"pt-BR\",\"@id\":\"https:\\\/\\\/secure.gravatar.com\\\/avatar\\\/3732c223e0e1fad69062a8f770955c9068d37b055204f310a0be18d4069fe380?s=96&d=mm&r=g\",\"url\":\"https:\\\/\\\/secure.gravatar.com\\\/avatar\\\/3732c223e0e1fad69062a8f770955c9068d37b055204f310a0be18d4069fe380?s=96&d=mm&r=g\",\"contentUrl\":\"https:\\\/\\\/secure.gravatar.com\\\/avatar\\\/3732c223e0e1fad69062a8f770955c9068d37b055204f310a0be18d4069fe380?s=96&d=mm&r=g\",\"caption\":\"Autor\"},\"sameAs\":[\"https:\\\/\\\/marketingmassivo.com.br\"],\"url\":\"https:\\\/\\\/fieam.org.br\\\/sesi\\\/author\\\/admin\\\/\"}]}<\/script>\n<!-- \/ Yoast SEO plugin. -->","yoast_head_json":{"title":"Trabalhadores estudam no canteiro de obras - SESI","robots":{"index":"index","follow":"follow","max-snippet":"max-snippet:-1","max-image-preview":"max-image-preview:large","max-video-preview":"max-video-preview:-1"},"canonical":"https:\/\/fieam.org.br\/sesi\/trabalhadores-estudam-no-canteiro-de-obras\/","og_locale":"pt_BR","og_type":"article","og_title":"Trabalhadores estudam no canteiro de obras - SESI","og_description":"O Servi\u00e7o Social da Ind\u00fastria (SESI Amazonas)\u00a0realizou ontem \u00e0 noite aula inaugural para 65 trabalhadores da empresa de constru\u00e7\u00e3o civil, (Construbase Engenharia Ltda), matriculados no Ensino Fundamental e Ensino M\u00e9dio, na modalidade de Educa\u00e7\u00e3o de Jovens e Adultos (EJA). A aula foi realizada no canteiro de obras da empresa, localizada na Avenida Il\u00e1rio Gurj\u00e3o, bairro [&hellip;]","og_url":"https:\/\/fieam.org.br\/sesi\/trabalhadores-estudam-no-canteiro-de-obras\/","og_site_name":"SESI","article_published_time":"2013-08-07T17:49:59+00:00","author":"Autor","twitter_card":"summary_large_image","twitter_misc":{"Escrito por":"Autor","Est. tempo de leitura":"2 minutos"},"schema":{"@context":"https:\/\/schema.org","@graph":[{"@type":"Article","@id":"https:\/\/fieam.org.br\/sesi\/trabalhadores-estudam-no-canteiro-de-obras\/#article","isPartOf":{"@id":"https:\/\/fieam.org.br\/sesi\/trabalhadores-estudam-no-canteiro-de-obras\/"},"author":{"name":"Autor","@id":"https:\/\/fieam.org.br\/sesi\/#\/schema\/person\/f54998dd14d5f0695b41444f2b01c31e"},"headline":"Trabalhadores estudam no canteiro de obras","datePublished":"2013-08-07T17:49:59+00:00","mainEntityOfPage":{"@id":"https:\/\/fieam.org.br\/sesi\/trabalhadores-estudam-no-canteiro-de-obras\/"},"wordCount":431,"commentCount":0,"publisher":{"@id":"https:\/\/fieam.org.br\/sesi\/#organization"},"articleSection":["News"],"inLanguage":"pt-BR","potentialAction":[{"@type":"CommentAction","name":"Comment","target":["https:\/\/fieam.org.br\/sesi\/trabalhadores-estudam-no-canteiro-de-obras\/#respond"]}]},{"@type":"WebPage","@id":"https:\/\/fieam.org.br\/sesi\/trabalhadores-estudam-no-canteiro-de-obras\/","url":"https:\/\/fieam.org.br\/sesi\/trabalhadores-estudam-no-canteiro-de-obras\/","name":"Trabalhadores estudam no canteiro de obras - SESI","isPartOf":{"@id":"https:\/\/fieam.org.br\/sesi\/#website"},"datePublished":"2013-08-07T17:49:59+00:00","breadcrumb":{"@id":"https:\/\/fieam.org.br\/sesi\/trabalhadores-estudam-no-canteiro-de-obras\/#breadcrumb"},"inLanguage":"pt-BR","potentialAction":[{"@type":"ReadAction","target":["https:\/\/fieam.org.br\/sesi\/trabalhadores-estudam-no-canteiro-de-obras\/"]}]},{"@type":"BreadcrumbList","@id":"https:\/\/fieam.org.br\/sesi\/trabalhadores-estudam-no-canteiro-de-obras\/#breadcrumb","itemListElement":[{"@type":"ListItem","position":1,"name":"In\u00edcio","item":"https:\/\/fieam.org.br\/sesi\/"},{"@type":"ListItem","position":2,"name":"Trabalhadores estudam no canteiro de obras"}]},{"@type":"WebSite","@id":"https:\/\/fieam.org.br\/sesi\/#website","url":"https:\/\/fieam.org.br\/sesi\/","name":"SESI","description":"Site Oficial!","publisher":{"@id":"https:\/\/fieam.org.br\/sesi\/#organization"},"potentialAction":[{"@type":"SearchAction","target":{"@type":"EntryPoint","urlTemplate":"https:\/\/fieam.org.br\/sesi\/?s={search_term_string}"},"query-input":{"@type":"PropertyValueSpecification","valueRequired":true,"valueName":"search_term_string"}}],"inLanguage":"pt-BR"},{"@type":"Organization","@id":"https:\/\/fieam.org.br\/sesi\/#organization","name":"SESI","url":"https:\/\/fieam.org.br\/sesi\/","logo":{"@type":"ImageObject","inLanguage":"pt-BR","@id":"https:\/\/fieam.org.br\/sesi\/#\/schema\/logo\/image\/","url":"https:\/\/fieam.org.br\/sesi\/wp-content\/uploads\/sites\/14\/2024\/03\/cropped-fav.png","contentUrl":"https:\/\/fieam.org.br\/sesi\/wp-content\/uploads\/sites\/14\/2024\/03\/cropped-fav.png","width":610,"height":589,"caption":"SESI"},"image":{"@id":"https:\/\/fieam.org.br\/sesi\/#\/schema\/logo\/image\/"}},{"@type":"Person","@id":"https:\/\/fieam.org.br\/sesi\/#\/schema\/person\/f54998dd14d5f0695b41444f2b01c31e","name":"Autor","image":{"@type":"ImageObject","inLanguage":"pt-BR","@id":"https:\/\/secure.gravatar.com\/avatar\/3732c223e0e1fad69062a8f770955c9068d37b055204f310a0be18d4069fe380?s=96&d=mm&r=g","url":"https:\/\/secure.gravatar.com\/avatar\/3732c223e0e1fad69062a8f770955c9068d37b055204f310a0be18d4069fe380?s=96&d=mm&r=g","contentUrl":"https:\/\/secure.gravatar.com\/avatar\/3732c223e0e1fad69062a8f770955c9068d37b055204f310a0be18d4069fe380?s=96&d=mm&r=g","caption":"Autor"},"sameAs":["https:\/\/marketingmassivo.com.br"],"url":"https:\/\/fieam.org.br\/sesi\/author\/admin\/"}]}},"_links":{"self":[{"href":"https:\/\/fieam.org.br\/sesi\/wp-json\/wp\/v2\/posts\/19357","targetHints":{"allow":["GET"]}}],"collection":[{"href":"https:\/\/fieam.org.br\/sesi\/wp-json\/wp\/v2\/posts"}],"about":[{"href":"https:\/\/fieam.org.br\/sesi\/wp-json\/wp\/v2\/types\/post"}],"author":[{"embeddable":true,"href":"https:\/\/fieam.org.br\/sesi\/wp-json\/wp\/v2\/users\/1"}],"replies":[{"embeddable":true,"href":"https:\/\/fieam.org.br\/sesi\/wp-json\/wp\/v2\/comments?post=19357"}],"version-history":[{"count":0,"href":"https:\/\/fieam.org.br\/sesi\/wp-json\/wp\/v2\/posts\/19357\/revisions"}],"wp:attachment":[{"href":"https:\/\/fieam.org.br\/sesi\/wp-json\/wp\/v2\/media?parent=19357"}],"wp:term":[{"taxonomy":"category","embeddable":true,"href":"https:\/\/fieam.org.br\/sesi\/wp-json\/wp\/v2\/categories?post=19357"},{"taxonomy":"post_tag","embeddable":true,"href":"https:\/\/fieam.org.br\/sesi\/wp-json\/wp\/v2\/tags?post=19357"}],"curies":[{"name":"wp","href":"https:\/\/api.w.org\/{rel}","templated":true}]}}