{"id":19354,"date":"2013-07-26T17:27:01","date_gmt":"2013-07-26T17:27:01","guid":{"rendered":"http:\/\/www.fieam.org.br\/site\/sesi\/?p=4513"},"modified":"2013-07-26T17:27:01","modified_gmt":"2013-07-26T17:27:01","slug":"trabalhador-conclui-curso-em-unidade-movel","status":"publish","type":"post","link":"https:\/\/fieam.org.br\/sesi\/trabalhador-conclui-curso-em-unidade-movel\/","title":{"rendered":"Trabalhador conclui curso em unidade m\u00f3vel"},"content":{"rendered":"<figure id=\"attachment_4514\" aria-describedby=\"caption-attachment-4514\" style=\"width: 300px\" class=\"wp-caption alignleft\"><a href=\"http:\/\/www.fieam.org.br\/site\/sesi\/trabalhador-conclui-curso-em-unidade-movel\/trabalhadores-da-dafra-posam-diante-da-unidade-movel-do-sesi\/\" rel=\"attachment wp-att-4514\"><img fetchpriority=\"high\" decoding=\"async\" class=\"size-medium wp-image-4514\" alt=\"Trabalhadores da Dafra posam diante da Unidade M\u00f3vel do SESI\" src=\"http:\/\/www.fieam.org.br\/2015\/sesi\/wp-content\/uploads\/sites\/2\/2013\/07\/Trabalhadores-da-Dafra-posam-diante-da-Unidade-M\u00f3vel-do-SESI-300x200.jpg\" width=\"300\" height=\"200\" \/><\/a><figcaption id=\"caption-attachment-4514\" class=\"wp-caption-text\">Trabalhadores da Dafra posam diante da Unidade M\u00f3vel do SESI<\/figcaption><\/figure>\n<p><span style=\"font-size: 13px;line-height: 19px\">Implantadas em abril de 2012, com o objetivo de qualificar trabalhadores de empresas do Polo Industrial de Manaus (PIM), no pr\u00f3prio local de trabalho, as unidades m\u00f3veis da\u00a0<\/span><a style=\"font-size: 13px;line-height: 19px\" href=\"http:\/\/www.fieam.org.br\/site\/sesi\/educacao-educacao-continuada\/\" target=\"_blank\" rel=\"noopener\">Educa\u00e7\u00e3o Continuada do SESI<\/a><span style=\"font-size: 13px;line-height: 19px\">\u00a0acabam de concluir mais uma turma do curso de inform\u00e1tica, beneficiando desta vez 60 trabalhadores da\u00a0<\/span><a style=\"font-size: 13px;line-height: 19px\" href=\"http:\/\/www.daframotos.com.br\/\" target=\"_blank\" rel=\"noopener\">Dafra Motos<\/a><span style=\"font-size: 13px;line-height: 19px\">, localizada na Avenida Torquato Tapaj\u00f3s, zona Norte.<\/span><\/p>\n<p>A Unidade M\u00f3vel do SESI\u00a0 funciona dentro de um micro-\u00f4nibus com capacidade para atender at\u00e9 10 alunos por turma, em ambiente climatizado, dispondo de computadores e outras ferramentas para facilitar o aprendizado.<\/p>\n<p>De acordo com a pedagoga do SESI, Joana Gon\u00e7alves, foram oferecidos, na Dafra, entre os meses de junho e julho, os cursos de inform\u00e1tica b\u00e1sica e inform\u00e1tica avan\u00e7ada, cada um com carga hor\u00e1ria de 30h. Segundo ela, a implanta\u00e7\u00e3o desse sistema de ensino reduz o n\u00famero de evas\u00f5es e evita custos para o trabalhador e para a empresa. \u201cO trabalhador se sente mais motivado para participar dos cursos, porque n\u00e3o tem que se deslocar da empresa para escola e de l\u00e1 para casa\u201d, disse. Os cursos, segundo Joana, t\u00eam elevado a qualidade e a produtividade das empresas, sem contar que os servi\u00e7os oferecidos est\u00e3o dentro da gratuidade para atender os acordos celebrados com o governo federal. Entre as empresas beneficiadas pela Educa\u00e7\u00e3o Continuada em unidades m\u00f3veis est\u00e3o a Keihin Tecnologia do Brasil,\u00a0<a href=\"http:\/\/www.yamaha-motor.com.br\/\" target=\"_blank\" rel=\"noopener\">Yamaha Motor da Amaz\u00f4nia<\/a>, Grupo TPV, Termot\u00e9cnica,\u00a0<a href=\"http:\/\/www.springerplasticos.com.br\/sobre-a-springer-plasticos.aspx\" target=\"_blank\" rel=\"noopener\">Springer Pl\u00e1sticos da Amaz\u00f4nia<\/a>\u00a0e Construtora Andrade Gutierrez.<\/p>\n<p>A analista de desenvolvimento da Dafra Motos, Ruyter Ferro, disse que o curso, sendo realizado dentro da empresa, proporciona muitos benef\u00edcios, como melhor acompanhamento da frequ\u00eancia e rendimento, melhora a produtividade, al\u00e9m do crescimento do pr\u00f3prio trabalhador. De acordo com Ruyter, os cursos realizados\u00a0 est\u00e3o dentro do plano de metas da empresa e s\u00e3o ministrados\u00a0 em conformidade com a realidade do trabalho executado pelos profissionais. Ela disse ainda que foi feito levantamento para identificar as necessidades da empresa e dos trabalhadores.<\/p>\n<p>A assistente de Recursos Humanos, Andressa Janine, disse que o curso de inform\u00e1tica avan\u00e7ada agrega valores e experi\u00eancia e que ficou satisfeita com o aprendizado, que era tudo que ela precisava. De acordo com Janine, o curso coloca o trabalhador dentro da realidade de suas atividades na empresa. \u201cO Excel n\u00e3o \u00e9 apenas planilhas, mas tem outras fun\u00e7\u00f5es. Estou aplicando o que foi aprendido no dia a dia do trabalho que \u00a0realizo\u201d, disse a assistente.<\/p>\n","protected":false},"excerpt":{"rendered":"<p>Implantadas em abril de 2012, com o objetivo de qualificar trabalhadores de empresas do Polo Industrial de Manaus (PIM), no pr\u00f3prio local de trabalho, as unidades m\u00f3veis da\u00a0Educa\u00e7\u00e3o Continuada do SESI\u00a0acabam de concluir mais uma turma do curso de inform\u00e1tica, beneficiando desta vez 60 trabalhadores da\u00a0Dafra Motos, localizada na Avenida Torquato Tapaj\u00f3s, zona Norte. A [&hellip;]<\/p>\n","protected":false},"author":1,"featured_media":0,"comment_status":"open","ping_status":"open","sticky":false,"template":"","format":"standard","meta":{"footnotes":""},"categories":[25],"tags":[],"class_list":["post-19354","post","type-post","status-publish","format-standard","hentry","category-news"],"yoast_head":"<!-- This site is optimized with the Yoast SEO plugin v28.2 - https:\/\/yoast.com\/product\/yoast-seo-wordpress\/ -->\n<title>Trabalhador conclui curso em unidade m\u00f3vel - SESI<\/title>\n<meta name=\"robots\" content=\"index, follow, max-snippet:-1, max-image-preview:large, max-video-preview:-1\" \/>\n<link rel=\"canonical\" href=\"https:\/\/fieam.org.br\/sesi\/trabalhador-conclui-curso-em-unidade-movel\/\" \/>\n<meta property=\"og:locale\" content=\"pt_BR\" \/>\n<meta property=\"og:type\" content=\"article\" \/>\n<meta property=\"og:title\" content=\"Trabalhador conclui curso em unidade m\u00f3vel - SESI\" \/>\n<meta property=\"og:description\" content=\"Implantadas em abril de 2012, com o objetivo de qualificar trabalhadores de empresas do Polo Industrial de Manaus (PIM), no pr\u00f3prio local de trabalho, as unidades m\u00f3veis da\u00a0Educa\u00e7\u00e3o Continuada do SESI\u00a0acabam de concluir mais uma turma do curso de inform\u00e1tica, beneficiando desta vez 60 trabalhadores da\u00a0Dafra Motos, localizada na Avenida Torquato Tapaj\u00f3s, zona Norte. A [&hellip;]\" \/>\n<meta property=\"og:url\" content=\"https:\/\/fieam.org.br\/sesi\/trabalhador-conclui-curso-em-unidade-movel\/\" \/>\n<meta property=\"og:site_name\" content=\"SESI\" \/>\n<meta property=\"article:published_time\" content=\"2013-07-26T17:27:01+00:00\" \/>\n<meta name=\"author\" content=\"Autor\" \/>\n<meta name=\"twitter:card\" content=\"summary_large_image\" \/>\n<meta name=\"twitter:label1\" content=\"Escrito por\" \/>\n\t<meta name=\"twitter:data1\" content=\"Autor\" \/>\n\t<meta name=\"twitter:label2\" content=\"Est. tempo de leitura\" \/>\n\t<meta name=\"twitter:data2\" content=\"2 minutos\" \/>\n<script type=\"application\/ld+json\" class=\"yoast-schema-graph\">{\"@context\":\"https:\\\/\\\/schema.org\",\"@graph\":[{\"@type\":\"Article\",\"@id\":\"https:\\\/\\\/fieam.org.br\\\/sesi\\\/trabalhador-conclui-curso-em-unidade-movel\\\/#article\",\"isPartOf\":{\"@id\":\"https:\\\/\\\/fieam.org.br\\\/sesi\\\/trabalhador-conclui-curso-em-unidade-movel\\\/\"},\"author\":{\"name\":\"Autor\",\"@id\":\"https:\\\/\\\/fieam.org.br\\\/sesi\\\/#\\\/schema\\\/person\\\/f54998dd14d5f0695b41444f2b01c31e\"},\"headline\":\"Trabalhador conclui curso em unidade m\u00f3vel\",\"datePublished\":\"2013-07-26T17:27:01+00:00\",\"mainEntityOfPage\":{\"@id\":\"https:\\\/\\\/fieam.org.br\\\/sesi\\\/trabalhador-conclui-curso-em-unidade-movel\\\/\"},\"wordCount\":451,\"commentCount\":0,\"publisher\":{\"@id\":\"https:\\\/\\\/fieam.org.br\\\/sesi\\\/#organization\"},\"articleSection\":[\"News\"],\"inLanguage\":\"pt-BR\",\"potentialAction\":[{\"@type\":\"CommentAction\",\"name\":\"Comment\",\"target\":[\"https:\\\/\\\/fieam.org.br\\\/sesi\\\/trabalhador-conclui-curso-em-unidade-movel\\\/#respond\"]}]},{\"@type\":\"WebPage\",\"@id\":\"https:\\\/\\\/fieam.org.br\\\/sesi\\\/trabalhador-conclui-curso-em-unidade-movel\\\/\",\"url\":\"https:\\\/\\\/fieam.org.br\\\/sesi\\\/trabalhador-conclui-curso-em-unidade-movel\\\/\",\"name\":\"Trabalhador conclui curso em unidade m\u00f3vel - SESI\",\"isPartOf\":{\"@id\":\"https:\\\/\\\/fieam.org.br\\\/sesi\\\/#website\"},\"datePublished\":\"2013-07-26T17:27:01+00:00\",\"breadcrumb\":{\"@id\":\"https:\\\/\\\/fieam.org.br\\\/sesi\\\/trabalhador-conclui-curso-em-unidade-movel\\\/#breadcrumb\"},\"inLanguage\":\"pt-BR\",\"potentialAction\":[{\"@type\":\"ReadAction\",\"target\":[\"https:\\\/\\\/fieam.org.br\\\/sesi\\\/trabalhador-conclui-curso-em-unidade-movel\\\/\"]}]},{\"@type\":\"BreadcrumbList\",\"@id\":\"https:\\\/\\\/fieam.org.br\\\/sesi\\\/trabalhador-conclui-curso-em-unidade-movel\\\/#breadcrumb\",\"itemListElement\":[{\"@type\":\"ListItem\",\"position\":1,\"name\":\"In\u00edcio\",\"item\":\"https:\\\/\\\/fieam.org.br\\\/sesi\\\/\"},{\"@type\":\"ListItem\",\"position\":2,\"name\":\"Trabalhador conclui curso em unidade m\u00f3vel\"}]},{\"@type\":\"WebSite\",\"@id\":\"https:\\\/\\\/fieam.org.br\\\/sesi\\\/#website\",\"url\":\"https:\\\/\\\/fieam.org.br\\\/sesi\\\/\",\"name\":\"SESI\",\"description\":\"Site Oficial!\",\"publisher\":{\"@id\":\"https:\\\/\\\/fieam.org.br\\\/sesi\\\/#organization\"},\"potentialAction\":[{\"@type\":\"SearchAction\",\"target\":{\"@type\":\"EntryPoint\",\"urlTemplate\":\"https:\\\/\\\/fieam.org.br\\\/sesi\\\/?s={search_term_string}\"},\"query-input\":{\"@type\":\"PropertyValueSpecification\",\"valueRequired\":true,\"valueName\":\"search_term_string\"}}],\"inLanguage\":\"pt-BR\"},{\"@type\":\"Organization\",\"@id\":\"https:\\\/\\\/fieam.org.br\\\/sesi\\\/#organization\",\"name\":\"SESI\",\"url\":\"https:\\\/\\\/fieam.org.br\\\/sesi\\\/\",\"logo\":{\"@type\":\"ImageObject\",\"inLanguage\":\"pt-BR\",\"@id\":\"https:\\\/\\\/fieam.org.br\\\/sesi\\\/#\\\/schema\\\/logo\\\/image\\\/\",\"url\":\"https:\\\/\\\/fieam.org.br\\\/sesi\\\/wp-content\\\/uploads\\\/sites\\\/14\\\/2024\\\/03\\\/cropped-fav.png\",\"contentUrl\":\"https:\\\/\\\/fieam.org.br\\\/sesi\\\/wp-content\\\/uploads\\\/sites\\\/14\\\/2024\\\/03\\\/cropped-fav.png\",\"width\":610,\"height\":589,\"caption\":\"SESI\"},\"image\":{\"@id\":\"https:\\\/\\\/fieam.org.br\\\/sesi\\\/#\\\/schema\\\/logo\\\/image\\\/\"}},{\"@type\":\"Person\",\"@id\":\"https:\\\/\\\/fieam.org.br\\\/sesi\\\/#\\\/schema\\\/person\\\/f54998dd14d5f0695b41444f2b01c31e\",\"name\":\"Autor\",\"image\":{\"@type\":\"ImageObject\",\"inLanguage\":\"pt-BR\",\"@id\":\"https:\\\/\\\/secure.gravatar.com\\\/avatar\\\/3732c223e0e1fad69062a8f770955c9068d37b055204f310a0be18d4069fe380?s=96&d=mm&r=g\",\"url\":\"https:\\\/\\\/secure.gravatar.com\\\/avatar\\\/3732c223e0e1fad69062a8f770955c9068d37b055204f310a0be18d4069fe380?s=96&d=mm&r=g\",\"contentUrl\":\"https:\\\/\\\/secure.gravatar.com\\\/avatar\\\/3732c223e0e1fad69062a8f770955c9068d37b055204f310a0be18d4069fe380?s=96&d=mm&r=g\",\"caption\":\"Autor\"},\"sameAs\":[\"https:\\\/\\\/marketingmassivo.com.br\"],\"url\":\"https:\\\/\\\/fieam.org.br\\\/sesi\\\/author\\\/admin\\\/\"}]}<\/script>\n<!-- \/ Yoast SEO plugin. -->","yoast_head_json":{"title":"Trabalhador conclui curso em unidade m\u00f3vel - SESI","robots":{"index":"index","follow":"follow","max-snippet":"max-snippet:-1","max-image-preview":"max-image-preview:large","max-video-preview":"max-video-preview:-1"},"canonical":"https:\/\/fieam.org.br\/sesi\/trabalhador-conclui-curso-em-unidade-movel\/","og_locale":"pt_BR","og_type":"article","og_title":"Trabalhador conclui curso em unidade m\u00f3vel - SESI","og_description":"Implantadas em abril de 2012, com o objetivo de qualificar trabalhadores de empresas do Polo Industrial de Manaus (PIM), no pr\u00f3prio local de trabalho, as unidades m\u00f3veis da\u00a0Educa\u00e7\u00e3o Continuada do SESI\u00a0acabam de concluir mais uma turma do curso de inform\u00e1tica, beneficiando desta vez 60 trabalhadores da\u00a0Dafra Motos, localizada na Avenida Torquato Tapaj\u00f3s, zona Norte. A [&hellip;]","og_url":"https:\/\/fieam.org.br\/sesi\/trabalhador-conclui-curso-em-unidade-movel\/","og_site_name":"SESI","article_published_time":"2013-07-26T17:27:01+00:00","author":"Autor","twitter_card":"summary_large_image","twitter_misc":{"Escrito por":"Autor","Est. tempo de leitura":"2 minutos"},"schema":{"@context":"https:\/\/schema.org","@graph":[{"@type":"Article","@id":"https:\/\/fieam.org.br\/sesi\/trabalhador-conclui-curso-em-unidade-movel\/#article","isPartOf":{"@id":"https:\/\/fieam.org.br\/sesi\/trabalhador-conclui-curso-em-unidade-movel\/"},"author":{"name":"Autor","@id":"https:\/\/fieam.org.br\/sesi\/#\/schema\/person\/f54998dd14d5f0695b41444f2b01c31e"},"headline":"Trabalhador conclui curso em unidade m\u00f3vel","datePublished":"2013-07-26T17:27:01+00:00","mainEntityOfPage":{"@id":"https:\/\/fieam.org.br\/sesi\/trabalhador-conclui-curso-em-unidade-movel\/"},"wordCount":451,"commentCount":0,"publisher":{"@id":"https:\/\/fieam.org.br\/sesi\/#organization"},"articleSection":["News"],"inLanguage":"pt-BR","potentialAction":[{"@type":"CommentAction","name":"Comment","target":["https:\/\/fieam.org.br\/sesi\/trabalhador-conclui-curso-em-unidade-movel\/#respond"]}]},{"@type":"WebPage","@id":"https:\/\/fieam.org.br\/sesi\/trabalhador-conclui-curso-em-unidade-movel\/","url":"https:\/\/fieam.org.br\/sesi\/trabalhador-conclui-curso-em-unidade-movel\/","name":"Trabalhador conclui curso em unidade m\u00f3vel - SESI","isPartOf":{"@id":"https:\/\/fieam.org.br\/sesi\/#website"},"datePublished":"2013-07-26T17:27:01+00:00","breadcrumb":{"@id":"https:\/\/fieam.org.br\/sesi\/trabalhador-conclui-curso-em-unidade-movel\/#breadcrumb"},"inLanguage":"pt-BR","potentialAction":[{"@type":"ReadAction","target":["https:\/\/fieam.org.br\/sesi\/trabalhador-conclui-curso-em-unidade-movel\/"]}]},{"@type":"BreadcrumbList","@id":"https:\/\/fieam.org.br\/sesi\/trabalhador-conclui-curso-em-unidade-movel\/#breadcrumb","itemListElement":[{"@type":"ListItem","position":1,"name":"In\u00edcio","item":"https:\/\/fieam.org.br\/sesi\/"},{"@type":"ListItem","position":2,"name":"Trabalhador conclui curso em unidade m\u00f3vel"}]},{"@type":"WebSite","@id":"https:\/\/fieam.org.br\/sesi\/#website","url":"https:\/\/fieam.org.br\/sesi\/","name":"SESI","description":"Site Oficial!","publisher":{"@id":"https:\/\/fieam.org.br\/sesi\/#organization"},"potentialAction":[{"@type":"SearchAction","target":{"@type":"EntryPoint","urlTemplate":"https:\/\/fieam.org.br\/sesi\/?s={search_term_string}"},"query-input":{"@type":"PropertyValueSpecification","valueRequired":true,"valueName":"search_term_string"}}],"inLanguage":"pt-BR"},{"@type":"Organization","@id":"https:\/\/fieam.org.br\/sesi\/#organization","name":"SESI","url":"https:\/\/fieam.org.br\/sesi\/","logo":{"@type":"ImageObject","inLanguage":"pt-BR","@id":"https:\/\/fieam.org.br\/sesi\/#\/schema\/logo\/image\/","url":"https:\/\/fieam.org.br\/sesi\/wp-content\/uploads\/sites\/14\/2024\/03\/cropped-fav.png","contentUrl":"https:\/\/fieam.org.br\/sesi\/wp-content\/uploads\/sites\/14\/2024\/03\/cropped-fav.png","width":610,"height":589,"caption":"SESI"},"image":{"@id":"https:\/\/fieam.org.br\/sesi\/#\/schema\/logo\/image\/"}},{"@type":"Person","@id":"https:\/\/fieam.org.br\/sesi\/#\/schema\/person\/f54998dd14d5f0695b41444f2b01c31e","name":"Autor","image":{"@type":"ImageObject","inLanguage":"pt-BR","@id":"https:\/\/secure.gravatar.com\/avatar\/3732c223e0e1fad69062a8f770955c9068d37b055204f310a0be18d4069fe380?s=96&d=mm&r=g","url":"https:\/\/secure.gravatar.com\/avatar\/3732c223e0e1fad69062a8f770955c9068d37b055204f310a0be18d4069fe380?s=96&d=mm&r=g","contentUrl":"https:\/\/secure.gravatar.com\/avatar\/3732c223e0e1fad69062a8f770955c9068d37b055204f310a0be18d4069fe380?s=96&d=mm&r=g","caption":"Autor"},"sameAs":["https:\/\/marketingmassivo.com.br"],"url":"https:\/\/fieam.org.br\/sesi\/author\/admin\/"}]}},"_links":{"self":[{"href":"https:\/\/fieam.org.br\/sesi\/wp-json\/wp\/v2\/posts\/19354","targetHints":{"allow":["GET"]}}],"collection":[{"href":"https:\/\/fieam.org.br\/sesi\/wp-json\/wp\/v2\/posts"}],"about":[{"href":"https:\/\/fieam.org.br\/sesi\/wp-json\/wp\/v2\/types\/post"}],"author":[{"embeddable":true,"href":"https:\/\/fieam.org.br\/sesi\/wp-json\/wp\/v2\/users\/1"}],"replies":[{"embeddable":true,"href":"https:\/\/fieam.org.br\/sesi\/wp-json\/wp\/v2\/comments?post=19354"}],"version-history":[{"count":0,"href":"https:\/\/fieam.org.br\/sesi\/wp-json\/wp\/v2\/posts\/19354\/revisions"}],"wp:attachment":[{"href":"https:\/\/fieam.org.br\/sesi\/wp-json\/wp\/v2\/media?parent=19354"}],"wp:term":[{"taxonomy":"category","embeddable":true,"href":"https:\/\/fieam.org.br\/sesi\/wp-json\/wp\/v2\/categories?post=19354"},{"taxonomy":"post_tag","embeddable":true,"href":"https:\/\/fieam.org.br\/sesi\/wp-json\/wp\/v2\/tags?post=19354"}],"curies":[{"name":"wp","href":"https:\/\/api.w.org\/{rel}","templated":true}]}}