{"id":19353,"date":"2013-07-16T16:55:32","date_gmt":"2013-07-16T16:55:32","guid":{"rendered":"http:\/\/www.fieam.org.br\/site\/sesi\/?p=4509"},"modified":"2013-07-16T16:55:32","modified_gmt":"2013-07-16T16:55:32","slug":"sugestao-de-pauta","status":"publish","type":"post","link":"https:\/\/fieam.org.br\/sesi\/sugestao-de-pauta\/","title":{"rendered":"SUGEST\u00c3O DE PAUTA"},"content":{"rendered":"<p align=\"center\"><span style=\"font-size: 13px;line-height: 19px\">Lan\u00e7amento Programa Alimenta\u00e7\u00e3o Saud\u00e1vel na Ind\u00fastria<\/span><\/p>\n<p>Ser\u00e1 na quarta-feira (3) o lan\u00e7amento do Programa Alimenta\u00e7\u00e3o Saud\u00e1vel na Ind\u00fastria, com a presen\u00e7a da gestora do Lazer Ativo do Departamento Nacional do SESI, Ge\u00f3rgia Antony. O evento ser\u00e1 realizado, das 7h30 \u00e0s 11h30, no hotel Holiday Inn, localizado na Avenida Rodrigo Ot\u00e1vio, 3775, Distrito Industrial.<\/p>\n<p>O presidente do Sistema Federa\u00e7\u00e3o das Ind\u00fastrias do Estado do Amazonas (FIEAM), Antonio Silva, acompanhar\u00e1 a a\u00e7\u00e3o que tem como objetivo diminuir e prevenir casos de doen\u00e7as cr\u00f4nicas do trabalhador da ind\u00fastria.<\/p>\n<p>O Programa Alimenta\u00e7\u00e3o Saud\u00e1vel na Ind\u00fastria vem contribuir com a mudan\u00e7a do cen\u00e1rio apontado no Diagn\u00f3stico da Sa\u00fade e Estilo de Vida do Trabalhador (Desev) que apresenta casos de hipertens\u00e3o, diabetes e obesidade dos industri\u00e1rios de todo o Brasil. O programa tamb\u00e9m envolve as solu\u00e7\u00f5es de alimenta\u00e7\u00e3o saud\u00e1vel do Programa Cozinha Brasil que contribui com a ado\u00e7\u00e3o de consumo de alimentos nutricionais dos trabalhadores da ind\u00fastria.<\/p>\n<p><b>Programa\u00e7\u00e3o:<\/b><\/p>\n<p>7h30 &#8211; Credenciamento<\/p>\n<p>8h &#8211; \u00a0\u00a0\u00a0\u00a0Caf\u00e9 da manh\u00e3<\/p>\n<p>8h20 &#8211; Abertura (Nelsi Luni\u00e8re \u2013 Gerente Lazer)<\/p>\n<p>8h35 &#8211; Lazer Ativo \u201cPrograma Alimenta\u00e7\u00e3o Saud\u00e1vel na Ind\u00fastria\u201d- Ge\u00f3rgia Antony, Gestora de Lazer Ativo do Departamento Nacional do SESI<\/p>\n<p>10h &#8211; \u00a0Ergonomia<\/p>\n<p>10h30 &#8211; Programa SESI Lazer Ativo \/ SESI Gin\u00e1stica na Empresa (Macrogin\u00e1stica)<\/p>\n<p>10h45 \u2013 Quadro teatral \u201cPriscila, a rainha das guloseimas\u201d<\/p>\n<p>11h30 \u2013 Encerramento com sorteios de brindes<\/p>\n","protected":false},"excerpt":{"rendered":"<p>Lan\u00e7amento Programa Alimenta\u00e7\u00e3o Saud\u00e1vel na Ind\u00fastria Ser\u00e1 na quarta-feira (3) o lan\u00e7amento do Programa Alimenta\u00e7\u00e3o Saud\u00e1vel na Ind\u00fastria, com a presen\u00e7a da gestora do Lazer Ativo do Departamento Nacional do SESI, Ge\u00f3rgia Antony. O evento ser\u00e1 realizado, das 7h30 \u00e0s 11h30, no hotel Holiday Inn, localizado na Avenida Rodrigo Ot\u00e1vio, 3775, Distrito Industrial. O presidente [&hellip;]<\/p>\n","protected":false},"author":1,"featured_media":0,"comment_status":"open","ping_status":"open","sticky":false,"template":"","format":"standard","meta":{"footnotes":""},"categories":[25],"tags":[],"class_list":["post-19353","post","type-post","status-publish","format-standard","hentry","category-news"],"yoast_head":"<!-- This site is optimized with the Yoast SEO plugin v28.2 - https:\/\/yoast.com\/product\/yoast-seo-wordpress\/ -->\n<title>SUGEST\u00c3O DE PAUTA - SESI<\/title>\n<meta name=\"robots\" content=\"index, follow, max-snippet:-1, max-image-preview:large, max-video-preview:-1\" \/>\n<link rel=\"canonical\" href=\"https:\/\/fieam.org.br\/sesi\/sugestao-de-pauta\/\" \/>\n<meta property=\"og:locale\" content=\"pt_BR\" \/>\n<meta property=\"og:type\" content=\"article\" \/>\n<meta property=\"og:title\" content=\"SUGEST\u00c3O DE PAUTA - SESI\" \/>\n<meta property=\"og:description\" content=\"Lan\u00e7amento Programa Alimenta\u00e7\u00e3o Saud\u00e1vel na Ind\u00fastria Ser\u00e1 na quarta-feira (3) o lan\u00e7amento do Programa Alimenta\u00e7\u00e3o Saud\u00e1vel na Ind\u00fastria, com a presen\u00e7a da gestora do Lazer Ativo do Departamento Nacional do SESI, Ge\u00f3rgia Antony. O evento ser\u00e1 realizado, das 7h30 \u00e0s 11h30, no hotel Holiday Inn, localizado na Avenida Rodrigo Ot\u00e1vio, 3775, Distrito Industrial. O presidente [&hellip;]\" \/>\n<meta property=\"og:url\" content=\"https:\/\/fieam.org.br\/sesi\/sugestao-de-pauta\/\" \/>\n<meta property=\"og:site_name\" content=\"SESI\" \/>\n<meta property=\"article:published_time\" content=\"2013-07-16T16:55:32+00:00\" \/>\n<meta name=\"author\" content=\"Autor\" \/>\n<meta name=\"twitter:card\" content=\"summary_large_image\" \/>\n<meta name=\"twitter:label1\" content=\"Escrito por\" \/>\n\t<meta name=\"twitter:data1\" content=\"Autor\" \/>\n\t<meta name=\"twitter:label2\" content=\"Est. tempo de leitura\" \/>\n\t<meta name=\"twitter:data2\" content=\"1 minuto\" \/>\n<script type=\"application\/ld+json\" class=\"yoast-schema-graph\">{\"@context\":\"https:\\\/\\\/schema.org\",\"@graph\":[{\"@type\":\"Article\",\"@id\":\"https:\\\/\\\/fieam.org.br\\\/sesi\\\/sugestao-de-pauta\\\/#article\",\"isPartOf\":{\"@id\":\"https:\\\/\\\/fieam.org.br\\\/sesi\\\/sugestao-de-pauta\\\/\"},\"author\":{\"name\":\"Autor\",\"@id\":\"https:\\\/\\\/fieam.org.br\\\/sesi\\\/#\\\/schema\\\/person\\\/f54998dd14d5f0695b41444f2b01c31e\"},\"headline\":\"SUGEST\u00c3O DE PAUTA\",\"datePublished\":\"2013-07-16T16:55:32+00:00\",\"mainEntityOfPage\":{\"@id\":\"https:\\\/\\\/fieam.org.br\\\/sesi\\\/sugestao-de-pauta\\\/\"},\"wordCount\":258,\"commentCount\":0,\"publisher\":{\"@id\":\"https:\\\/\\\/fieam.org.br\\\/sesi\\\/#organization\"},\"articleSection\":[\"News\"],\"inLanguage\":\"pt-BR\",\"potentialAction\":[{\"@type\":\"CommentAction\",\"name\":\"Comment\",\"target\":[\"https:\\\/\\\/fieam.org.br\\\/sesi\\\/sugestao-de-pauta\\\/#respond\"]}]},{\"@type\":\"WebPage\",\"@id\":\"https:\\\/\\\/fieam.org.br\\\/sesi\\\/sugestao-de-pauta\\\/\",\"url\":\"https:\\\/\\\/fieam.org.br\\\/sesi\\\/sugestao-de-pauta\\\/\",\"name\":\"SUGEST\u00c3O DE PAUTA - SESI\",\"isPartOf\":{\"@id\":\"https:\\\/\\\/fieam.org.br\\\/sesi\\\/#website\"},\"datePublished\":\"2013-07-16T16:55:32+00:00\",\"breadcrumb\":{\"@id\":\"https:\\\/\\\/fieam.org.br\\\/sesi\\\/sugestao-de-pauta\\\/#breadcrumb\"},\"inLanguage\":\"pt-BR\",\"potentialAction\":[{\"@type\":\"ReadAction\",\"target\":[\"https:\\\/\\\/fieam.org.br\\\/sesi\\\/sugestao-de-pauta\\\/\"]}]},{\"@type\":\"BreadcrumbList\",\"@id\":\"https:\\\/\\\/fieam.org.br\\\/sesi\\\/sugestao-de-pauta\\\/#breadcrumb\",\"itemListElement\":[{\"@type\":\"ListItem\",\"position\":1,\"name\":\"In\u00edcio\",\"item\":\"https:\\\/\\\/fieam.org.br\\\/sesi\\\/\"},{\"@type\":\"ListItem\",\"position\":2,\"name\":\"SUGEST\u00c3O DE PAUTA\"}]},{\"@type\":\"WebSite\",\"@id\":\"https:\\\/\\\/fieam.org.br\\\/sesi\\\/#website\",\"url\":\"https:\\\/\\\/fieam.org.br\\\/sesi\\\/\",\"name\":\"SESI\",\"description\":\"Site Oficial!\",\"publisher\":{\"@id\":\"https:\\\/\\\/fieam.org.br\\\/sesi\\\/#organization\"},\"potentialAction\":[{\"@type\":\"SearchAction\",\"target\":{\"@type\":\"EntryPoint\",\"urlTemplate\":\"https:\\\/\\\/fieam.org.br\\\/sesi\\\/?s={search_term_string}\"},\"query-input\":{\"@type\":\"PropertyValueSpecification\",\"valueRequired\":true,\"valueName\":\"search_term_string\"}}],\"inLanguage\":\"pt-BR\"},{\"@type\":\"Organization\",\"@id\":\"https:\\\/\\\/fieam.org.br\\\/sesi\\\/#organization\",\"name\":\"SESI\",\"url\":\"https:\\\/\\\/fieam.org.br\\\/sesi\\\/\",\"logo\":{\"@type\":\"ImageObject\",\"inLanguage\":\"pt-BR\",\"@id\":\"https:\\\/\\\/fieam.org.br\\\/sesi\\\/#\\\/schema\\\/logo\\\/image\\\/\",\"url\":\"https:\\\/\\\/fieam.org.br\\\/sesi\\\/wp-content\\\/uploads\\\/sites\\\/14\\\/2024\\\/03\\\/cropped-fav.png\",\"contentUrl\":\"https:\\\/\\\/fieam.org.br\\\/sesi\\\/wp-content\\\/uploads\\\/sites\\\/14\\\/2024\\\/03\\\/cropped-fav.png\",\"width\":610,\"height\":589,\"caption\":\"SESI\"},\"image\":{\"@id\":\"https:\\\/\\\/fieam.org.br\\\/sesi\\\/#\\\/schema\\\/logo\\\/image\\\/\"}},{\"@type\":\"Person\",\"@id\":\"https:\\\/\\\/fieam.org.br\\\/sesi\\\/#\\\/schema\\\/person\\\/f54998dd14d5f0695b41444f2b01c31e\",\"name\":\"Autor\",\"image\":{\"@type\":\"ImageObject\",\"inLanguage\":\"pt-BR\",\"@id\":\"https:\\\/\\\/secure.gravatar.com\\\/avatar\\\/3732c223e0e1fad69062a8f770955c9068d37b055204f310a0be18d4069fe380?s=96&d=mm&r=g\",\"url\":\"https:\\\/\\\/secure.gravatar.com\\\/avatar\\\/3732c223e0e1fad69062a8f770955c9068d37b055204f310a0be18d4069fe380?s=96&d=mm&r=g\",\"contentUrl\":\"https:\\\/\\\/secure.gravatar.com\\\/avatar\\\/3732c223e0e1fad69062a8f770955c9068d37b055204f310a0be18d4069fe380?s=96&d=mm&r=g\",\"caption\":\"Autor\"},\"sameAs\":[\"https:\\\/\\\/marketingmassivo.com.br\"],\"url\":\"https:\\\/\\\/fieam.org.br\\\/sesi\\\/author\\\/admin\\\/\"}]}<\/script>\n<!-- \/ Yoast SEO plugin. -->","yoast_head_json":{"title":"SUGEST\u00c3O DE PAUTA - SESI","robots":{"index":"index","follow":"follow","max-snippet":"max-snippet:-1","max-image-preview":"max-image-preview:large","max-video-preview":"max-video-preview:-1"},"canonical":"https:\/\/fieam.org.br\/sesi\/sugestao-de-pauta\/","og_locale":"pt_BR","og_type":"article","og_title":"SUGEST\u00c3O DE PAUTA - SESI","og_description":"Lan\u00e7amento Programa Alimenta\u00e7\u00e3o Saud\u00e1vel na Ind\u00fastria Ser\u00e1 na quarta-feira (3) o lan\u00e7amento do Programa Alimenta\u00e7\u00e3o Saud\u00e1vel na Ind\u00fastria, com a presen\u00e7a da gestora do Lazer Ativo do Departamento Nacional do SESI, Ge\u00f3rgia Antony. O evento ser\u00e1 realizado, das 7h30 \u00e0s 11h30, no hotel Holiday Inn, localizado na Avenida Rodrigo Ot\u00e1vio, 3775, Distrito Industrial. O presidente [&hellip;]","og_url":"https:\/\/fieam.org.br\/sesi\/sugestao-de-pauta\/","og_site_name":"SESI","article_published_time":"2013-07-16T16:55:32+00:00","author":"Autor","twitter_card":"summary_large_image","twitter_misc":{"Escrito por":"Autor","Est. tempo de leitura":"1 minuto"},"schema":{"@context":"https:\/\/schema.org","@graph":[{"@type":"Article","@id":"https:\/\/fieam.org.br\/sesi\/sugestao-de-pauta\/#article","isPartOf":{"@id":"https:\/\/fieam.org.br\/sesi\/sugestao-de-pauta\/"},"author":{"name":"Autor","@id":"https:\/\/fieam.org.br\/sesi\/#\/schema\/person\/f54998dd14d5f0695b41444f2b01c31e"},"headline":"SUGEST\u00c3O DE PAUTA","datePublished":"2013-07-16T16:55:32+00:00","mainEntityOfPage":{"@id":"https:\/\/fieam.org.br\/sesi\/sugestao-de-pauta\/"},"wordCount":258,"commentCount":0,"publisher":{"@id":"https:\/\/fieam.org.br\/sesi\/#organization"},"articleSection":["News"],"inLanguage":"pt-BR","potentialAction":[{"@type":"CommentAction","name":"Comment","target":["https:\/\/fieam.org.br\/sesi\/sugestao-de-pauta\/#respond"]}]},{"@type":"WebPage","@id":"https:\/\/fieam.org.br\/sesi\/sugestao-de-pauta\/","url":"https:\/\/fieam.org.br\/sesi\/sugestao-de-pauta\/","name":"SUGEST\u00c3O DE PAUTA - SESI","isPartOf":{"@id":"https:\/\/fieam.org.br\/sesi\/#website"},"datePublished":"2013-07-16T16:55:32+00:00","breadcrumb":{"@id":"https:\/\/fieam.org.br\/sesi\/sugestao-de-pauta\/#breadcrumb"},"inLanguage":"pt-BR","potentialAction":[{"@type":"ReadAction","target":["https:\/\/fieam.org.br\/sesi\/sugestao-de-pauta\/"]}]},{"@type":"BreadcrumbList","@id":"https:\/\/fieam.org.br\/sesi\/sugestao-de-pauta\/#breadcrumb","itemListElement":[{"@type":"ListItem","position":1,"name":"In\u00edcio","item":"https:\/\/fieam.org.br\/sesi\/"},{"@type":"ListItem","position":2,"name":"SUGEST\u00c3O DE PAUTA"}]},{"@type":"WebSite","@id":"https:\/\/fieam.org.br\/sesi\/#website","url":"https:\/\/fieam.org.br\/sesi\/","name":"SESI","description":"Site Oficial!","publisher":{"@id":"https:\/\/fieam.org.br\/sesi\/#organization"},"potentialAction":[{"@type":"SearchAction","target":{"@type":"EntryPoint","urlTemplate":"https:\/\/fieam.org.br\/sesi\/?s={search_term_string}"},"query-input":{"@type":"PropertyValueSpecification","valueRequired":true,"valueName":"search_term_string"}}],"inLanguage":"pt-BR"},{"@type":"Organization","@id":"https:\/\/fieam.org.br\/sesi\/#organization","name":"SESI","url":"https:\/\/fieam.org.br\/sesi\/","logo":{"@type":"ImageObject","inLanguage":"pt-BR","@id":"https:\/\/fieam.org.br\/sesi\/#\/schema\/logo\/image\/","url":"https:\/\/fieam.org.br\/sesi\/wp-content\/uploads\/sites\/14\/2024\/03\/cropped-fav.png","contentUrl":"https:\/\/fieam.org.br\/sesi\/wp-content\/uploads\/sites\/14\/2024\/03\/cropped-fav.png","width":610,"height":589,"caption":"SESI"},"image":{"@id":"https:\/\/fieam.org.br\/sesi\/#\/schema\/logo\/image\/"}},{"@type":"Person","@id":"https:\/\/fieam.org.br\/sesi\/#\/schema\/person\/f54998dd14d5f0695b41444f2b01c31e","name":"Autor","image":{"@type":"ImageObject","inLanguage":"pt-BR","@id":"https:\/\/secure.gravatar.com\/avatar\/3732c223e0e1fad69062a8f770955c9068d37b055204f310a0be18d4069fe380?s=96&d=mm&r=g","url":"https:\/\/secure.gravatar.com\/avatar\/3732c223e0e1fad69062a8f770955c9068d37b055204f310a0be18d4069fe380?s=96&d=mm&r=g","contentUrl":"https:\/\/secure.gravatar.com\/avatar\/3732c223e0e1fad69062a8f770955c9068d37b055204f310a0be18d4069fe380?s=96&d=mm&r=g","caption":"Autor"},"sameAs":["https:\/\/marketingmassivo.com.br"],"url":"https:\/\/fieam.org.br\/sesi\/author\/admin\/"}]}},"_links":{"self":[{"href":"https:\/\/fieam.org.br\/sesi\/wp-json\/wp\/v2\/posts\/19353","targetHints":{"allow":["GET"]}}],"collection":[{"href":"https:\/\/fieam.org.br\/sesi\/wp-json\/wp\/v2\/posts"}],"about":[{"href":"https:\/\/fieam.org.br\/sesi\/wp-json\/wp\/v2\/types\/post"}],"author":[{"embeddable":true,"href":"https:\/\/fieam.org.br\/sesi\/wp-json\/wp\/v2\/users\/1"}],"replies":[{"embeddable":true,"href":"https:\/\/fieam.org.br\/sesi\/wp-json\/wp\/v2\/comments?post=19353"}],"version-history":[{"count":0,"href":"https:\/\/fieam.org.br\/sesi\/wp-json\/wp\/v2\/posts\/19353\/revisions"}],"wp:attachment":[{"href":"https:\/\/fieam.org.br\/sesi\/wp-json\/wp\/v2\/media?parent=19353"}],"wp:term":[{"taxonomy":"category","embeddable":true,"href":"https:\/\/fieam.org.br\/sesi\/wp-json\/wp\/v2\/categories?post=19353"},{"taxonomy":"post_tag","embeddable":true,"href":"https:\/\/fieam.org.br\/sesi\/wp-json\/wp\/v2\/tags?post=19353"}],"curies":[{"name":"wp","href":"https:\/\/api.w.org\/{rel}","templated":true}]}}