{"id":19342,"date":"2012-04-12T08:20:33","date_gmt":"2012-04-12T08:20:33","guid":{"rendered":"http:\/\/www.fieam.org.br\/site\/sesi\/?p=2804"},"modified":"2012-04-12T08:20:33","modified_gmt":"2012-04-12T08:20:33","slug":"sesi-inscreve-para-os-jogos-ate-sexta-feira","status":"publish","type":"post","link":"https:\/\/fieam.org.br\/sesi\/sesi-inscreve-para-os-jogos-ate-sexta-feira\/","title":{"rendered":"SESI inscreve para os Jogos at\u00e9 sexta-feira"},"content":{"rendered":"<p>O <a href=\"..\/institucional\/\" target=\"_blank\" rel=\"noopener\">Servi\u00e7o Social da Ind\u00fastria (SESI Amazonas)<\/a> est\u00e1 na semana final de inscri\u00e7\u00f5es para os Jogos Estaduais do SESI 2012. Segundo o coordenador dos Jogos, Ant\u00f4nio Junior, as empresas que ainda n\u00e3o se inscreveram podem procurar o SESI at\u00e9 sexta-feira (13). \u201cPodem participar das competi\u00e7\u00f5es empresas de todos os portes, desde que sejam do segmento industrial e sejam contribuintes do Servi\u00e7o Social da Ind\u00fastria (SESI)\u201d, disse<\/p>\n<p>At\u00e9 o momento, 85 empresas j\u00e1 se inscreveram e mais um significativo n\u00famero est\u00e1 em processo de inscri\u00e7\u00e3o. A expectativa do SESI\/AM \u00e9 superar as 135 empresas inscritas em 2011.<\/p>\n<p>Os Jogos SESI s\u00e3o a principal competi\u00e7\u00e3o de trabalhadores do estado e proporcionam \u00e0s ind\u00fastrias a oportunidade de estimular a pr\u00e1tica esportiva na empresa por meio da possibilidade de competi\u00e7\u00e3o em 17 modalidades (Futebol Sete Master, Futebol Sete Principal, Futebol de Campo, Queimada, Futsal, Voleibol Indoor, V\u00f4lei de Praia, Softbol, Domin\u00f3, Sinuca, Atletismo, Xadrez, T\u00eanis de Mesa, T\u00eanis de Quadra, Jud\u00f4, Nata\u00e7\u00e3o e Jiu-Jitsu.<\/p>\n<p>A abertura dos Jogos est\u00e1 programada para o dia 27 de abril e contar\u00e1 com o tradicional desfile das empresas nos gramados do Est\u00e1dio Roberto Simonsen, est\u00e1dio do Clube do Trabalhador do SESI. Este ano, o tema do desfile ser\u00e1 as Olimp\u00edadas de Londres. Mais informa\u00e7\u00f5es: 3216-1221\/3216-1031<\/p>\n","protected":false},"excerpt":{"rendered":"<p>O Servi\u00e7o Social da Ind\u00fastria (SESI Amazonas) est\u00e1 na semana final de inscri\u00e7\u00f5es para os Jogos Estaduais do SESI 2012. Segundo o coordenador dos Jogos, Ant\u00f4nio Junior, as empresas que ainda n\u00e3o se inscreveram podem procurar o SESI at\u00e9 sexta-feira (13). \u201cPodem participar das competi\u00e7\u00f5es empresas de todos os portes, desde que sejam do segmento [&hellip;]<\/p>\n","protected":false},"author":1,"featured_media":0,"comment_status":"open","ping_status":"open","sticky":false,"template":"","format":"standard","meta":{"footnotes":""},"categories":[25],"tags":[],"class_list":["post-19342","post","type-post","status-publish","format-standard","hentry","category-news"],"yoast_head":"<!-- This site is optimized with the Yoast SEO plugin v28.2 - https:\/\/yoast.com\/product\/yoast-seo-wordpress\/ -->\n<title>SESI inscreve para os Jogos at\u00e9 sexta-feira - SESI<\/title>\n<meta name=\"robots\" content=\"index, follow, max-snippet:-1, max-image-preview:large, max-video-preview:-1\" \/>\n<link rel=\"canonical\" href=\"https:\/\/fieam.org.br\/sesi\/sesi-inscreve-para-os-jogos-ate-sexta-feira\/\" \/>\n<meta property=\"og:locale\" content=\"pt_BR\" \/>\n<meta property=\"og:type\" content=\"article\" \/>\n<meta property=\"og:title\" content=\"SESI inscreve para os Jogos at\u00e9 sexta-feira - SESI\" \/>\n<meta property=\"og:description\" content=\"O Servi\u00e7o Social da Ind\u00fastria (SESI Amazonas) est\u00e1 na semana final de inscri\u00e7\u00f5es para os Jogos Estaduais do SESI 2012. Segundo o coordenador dos Jogos, Ant\u00f4nio Junior, as empresas que ainda n\u00e3o se inscreveram podem procurar o SESI at\u00e9 sexta-feira (13). \u201cPodem participar das competi\u00e7\u00f5es empresas de todos os portes, desde que sejam do segmento [&hellip;]\" \/>\n<meta property=\"og:url\" content=\"https:\/\/fieam.org.br\/sesi\/sesi-inscreve-para-os-jogos-ate-sexta-feira\/\" \/>\n<meta property=\"og:site_name\" content=\"SESI\" \/>\n<meta property=\"article:published_time\" content=\"2012-04-12T08:20:33+00:00\" \/>\n<meta name=\"author\" content=\"Autor\" \/>\n<meta name=\"twitter:card\" content=\"summary_large_image\" \/>\n<meta name=\"twitter:label1\" content=\"Escrito por\" \/>\n\t<meta name=\"twitter:data1\" content=\"Autor\" \/>\n\t<meta name=\"twitter:label2\" content=\"Est. tempo de leitura\" \/>\n\t<meta name=\"twitter:data2\" content=\"1 minuto\" \/>\n<script type=\"application\/ld+json\" class=\"yoast-schema-graph\">{\"@context\":\"https:\\\/\\\/schema.org\",\"@graph\":[{\"@type\":\"Article\",\"@id\":\"https:\\\/\\\/fieam.org.br\\\/sesi\\\/sesi-inscreve-para-os-jogos-ate-sexta-feira\\\/#article\",\"isPartOf\":{\"@id\":\"https:\\\/\\\/fieam.org.br\\\/sesi\\\/sesi-inscreve-para-os-jogos-ate-sexta-feira\\\/\"},\"author\":{\"name\":\"Autor\",\"@id\":\"https:\\\/\\\/fieam.org.br\\\/sesi\\\/#\\\/schema\\\/person\\\/f54998dd14d5f0695b41444f2b01c31e\"},\"headline\":\"SESI inscreve para os Jogos at\u00e9 sexta-feira\",\"datePublished\":\"2012-04-12T08:20:33+00:00\",\"mainEntityOfPage\":{\"@id\":\"https:\\\/\\\/fieam.org.br\\\/sesi\\\/sesi-inscreve-para-os-jogos-ate-sexta-feira\\\/\"},\"wordCount\":231,\"commentCount\":0,\"publisher\":{\"@id\":\"https:\\\/\\\/fieam.org.br\\\/sesi\\\/#organization\"},\"articleSection\":[\"News\"],\"inLanguage\":\"pt-BR\",\"potentialAction\":[{\"@type\":\"CommentAction\",\"name\":\"Comment\",\"target\":[\"https:\\\/\\\/fieam.org.br\\\/sesi\\\/sesi-inscreve-para-os-jogos-ate-sexta-feira\\\/#respond\"]}]},{\"@type\":\"WebPage\",\"@id\":\"https:\\\/\\\/fieam.org.br\\\/sesi\\\/sesi-inscreve-para-os-jogos-ate-sexta-feira\\\/\",\"url\":\"https:\\\/\\\/fieam.org.br\\\/sesi\\\/sesi-inscreve-para-os-jogos-ate-sexta-feira\\\/\",\"name\":\"SESI inscreve para os Jogos at\u00e9 sexta-feira - SESI\",\"isPartOf\":{\"@id\":\"https:\\\/\\\/fieam.org.br\\\/sesi\\\/#website\"},\"datePublished\":\"2012-04-12T08:20:33+00:00\",\"breadcrumb\":{\"@id\":\"https:\\\/\\\/fieam.org.br\\\/sesi\\\/sesi-inscreve-para-os-jogos-ate-sexta-feira\\\/#breadcrumb\"},\"inLanguage\":\"pt-BR\",\"potentialAction\":[{\"@type\":\"ReadAction\",\"target\":[\"https:\\\/\\\/fieam.org.br\\\/sesi\\\/sesi-inscreve-para-os-jogos-ate-sexta-feira\\\/\"]}]},{\"@type\":\"BreadcrumbList\",\"@id\":\"https:\\\/\\\/fieam.org.br\\\/sesi\\\/sesi-inscreve-para-os-jogos-ate-sexta-feira\\\/#breadcrumb\",\"itemListElement\":[{\"@type\":\"ListItem\",\"position\":1,\"name\":\"In\u00edcio\",\"item\":\"https:\\\/\\\/fieam.org.br\\\/sesi\\\/\"},{\"@type\":\"ListItem\",\"position\":2,\"name\":\"SESI inscreve para os Jogos at\u00e9 sexta-feira\"}]},{\"@type\":\"WebSite\",\"@id\":\"https:\\\/\\\/fieam.org.br\\\/sesi\\\/#website\",\"url\":\"https:\\\/\\\/fieam.org.br\\\/sesi\\\/\",\"name\":\"SESI\",\"description\":\"Site Oficial!\",\"publisher\":{\"@id\":\"https:\\\/\\\/fieam.org.br\\\/sesi\\\/#organization\"},\"potentialAction\":[{\"@type\":\"SearchAction\",\"target\":{\"@type\":\"EntryPoint\",\"urlTemplate\":\"https:\\\/\\\/fieam.org.br\\\/sesi\\\/?s={search_term_string}\"},\"query-input\":{\"@type\":\"PropertyValueSpecification\",\"valueRequired\":true,\"valueName\":\"search_term_string\"}}],\"inLanguage\":\"pt-BR\"},{\"@type\":\"Organization\",\"@id\":\"https:\\\/\\\/fieam.org.br\\\/sesi\\\/#organization\",\"name\":\"SESI\",\"url\":\"https:\\\/\\\/fieam.org.br\\\/sesi\\\/\",\"logo\":{\"@type\":\"ImageObject\",\"inLanguage\":\"pt-BR\",\"@id\":\"https:\\\/\\\/fieam.org.br\\\/sesi\\\/#\\\/schema\\\/logo\\\/image\\\/\",\"url\":\"https:\\\/\\\/fieam.org.br\\\/sesi\\\/wp-content\\\/uploads\\\/sites\\\/14\\\/2024\\\/03\\\/cropped-fav.png\",\"contentUrl\":\"https:\\\/\\\/fieam.org.br\\\/sesi\\\/wp-content\\\/uploads\\\/sites\\\/14\\\/2024\\\/03\\\/cropped-fav.png\",\"width\":610,\"height\":589,\"caption\":\"SESI\"},\"image\":{\"@id\":\"https:\\\/\\\/fieam.org.br\\\/sesi\\\/#\\\/schema\\\/logo\\\/image\\\/\"}},{\"@type\":\"Person\",\"@id\":\"https:\\\/\\\/fieam.org.br\\\/sesi\\\/#\\\/schema\\\/person\\\/f54998dd14d5f0695b41444f2b01c31e\",\"name\":\"Autor\",\"image\":{\"@type\":\"ImageObject\",\"inLanguage\":\"pt-BR\",\"@id\":\"https:\\\/\\\/secure.gravatar.com\\\/avatar\\\/3732c223e0e1fad69062a8f770955c9068d37b055204f310a0be18d4069fe380?s=96&d=mm&r=g\",\"url\":\"https:\\\/\\\/secure.gravatar.com\\\/avatar\\\/3732c223e0e1fad69062a8f770955c9068d37b055204f310a0be18d4069fe380?s=96&d=mm&r=g\",\"contentUrl\":\"https:\\\/\\\/secure.gravatar.com\\\/avatar\\\/3732c223e0e1fad69062a8f770955c9068d37b055204f310a0be18d4069fe380?s=96&d=mm&r=g\",\"caption\":\"Autor\"},\"sameAs\":[\"https:\\\/\\\/marketingmassivo.com.br\"],\"url\":\"https:\\\/\\\/fieam.org.br\\\/sesi\\\/author\\\/admin\\\/\"}]}<\/script>\n<!-- \/ Yoast SEO plugin. -->","yoast_head_json":{"title":"SESI inscreve para os Jogos at\u00e9 sexta-feira - SESI","robots":{"index":"index","follow":"follow","max-snippet":"max-snippet:-1","max-image-preview":"max-image-preview:large","max-video-preview":"max-video-preview:-1"},"canonical":"https:\/\/fieam.org.br\/sesi\/sesi-inscreve-para-os-jogos-ate-sexta-feira\/","og_locale":"pt_BR","og_type":"article","og_title":"SESI inscreve para os Jogos at\u00e9 sexta-feira - SESI","og_description":"O Servi\u00e7o Social da Ind\u00fastria (SESI Amazonas) est\u00e1 na semana final de inscri\u00e7\u00f5es para os Jogos Estaduais do SESI 2012. Segundo o coordenador dos Jogos, Ant\u00f4nio Junior, as empresas que ainda n\u00e3o se inscreveram podem procurar o SESI at\u00e9 sexta-feira (13). \u201cPodem participar das competi\u00e7\u00f5es empresas de todos os portes, desde que sejam do segmento [&hellip;]","og_url":"https:\/\/fieam.org.br\/sesi\/sesi-inscreve-para-os-jogos-ate-sexta-feira\/","og_site_name":"SESI","article_published_time":"2012-04-12T08:20:33+00:00","author":"Autor","twitter_card":"summary_large_image","twitter_misc":{"Escrito por":"Autor","Est. tempo de leitura":"1 minuto"},"schema":{"@context":"https:\/\/schema.org","@graph":[{"@type":"Article","@id":"https:\/\/fieam.org.br\/sesi\/sesi-inscreve-para-os-jogos-ate-sexta-feira\/#article","isPartOf":{"@id":"https:\/\/fieam.org.br\/sesi\/sesi-inscreve-para-os-jogos-ate-sexta-feira\/"},"author":{"name":"Autor","@id":"https:\/\/fieam.org.br\/sesi\/#\/schema\/person\/f54998dd14d5f0695b41444f2b01c31e"},"headline":"SESI inscreve para os Jogos at\u00e9 sexta-feira","datePublished":"2012-04-12T08:20:33+00:00","mainEntityOfPage":{"@id":"https:\/\/fieam.org.br\/sesi\/sesi-inscreve-para-os-jogos-ate-sexta-feira\/"},"wordCount":231,"commentCount":0,"publisher":{"@id":"https:\/\/fieam.org.br\/sesi\/#organization"},"articleSection":["News"],"inLanguage":"pt-BR","potentialAction":[{"@type":"CommentAction","name":"Comment","target":["https:\/\/fieam.org.br\/sesi\/sesi-inscreve-para-os-jogos-ate-sexta-feira\/#respond"]}]},{"@type":"WebPage","@id":"https:\/\/fieam.org.br\/sesi\/sesi-inscreve-para-os-jogos-ate-sexta-feira\/","url":"https:\/\/fieam.org.br\/sesi\/sesi-inscreve-para-os-jogos-ate-sexta-feira\/","name":"SESI inscreve para os Jogos at\u00e9 sexta-feira - SESI","isPartOf":{"@id":"https:\/\/fieam.org.br\/sesi\/#website"},"datePublished":"2012-04-12T08:20:33+00:00","breadcrumb":{"@id":"https:\/\/fieam.org.br\/sesi\/sesi-inscreve-para-os-jogos-ate-sexta-feira\/#breadcrumb"},"inLanguage":"pt-BR","potentialAction":[{"@type":"ReadAction","target":["https:\/\/fieam.org.br\/sesi\/sesi-inscreve-para-os-jogos-ate-sexta-feira\/"]}]},{"@type":"BreadcrumbList","@id":"https:\/\/fieam.org.br\/sesi\/sesi-inscreve-para-os-jogos-ate-sexta-feira\/#breadcrumb","itemListElement":[{"@type":"ListItem","position":1,"name":"In\u00edcio","item":"https:\/\/fieam.org.br\/sesi\/"},{"@type":"ListItem","position":2,"name":"SESI inscreve para os Jogos at\u00e9 sexta-feira"}]},{"@type":"WebSite","@id":"https:\/\/fieam.org.br\/sesi\/#website","url":"https:\/\/fieam.org.br\/sesi\/","name":"SESI","description":"Site Oficial!","publisher":{"@id":"https:\/\/fieam.org.br\/sesi\/#organization"},"potentialAction":[{"@type":"SearchAction","target":{"@type":"EntryPoint","urlTemplate":"https:\/\/fieam.org.br\/sesi\/?s={search_term_string}"},"query-input":{"@type":"PropertyValueSpecification","valueRequired":true,"valueName":"search_term_string"}}],"inLanguage":"pt-BR"},{"@type":"Organization","@id":"https:\/\/fieam.org.br\/sesi\/#organization","name":"SESI","url":"https:\/\/fieam.org.br\/sesi\/","logo":{"@type":"ImageObject","inLanguage":"pt-BR","@id":"https:\/\/fieam.org.br\/sesi\/#\/schema\/logo\/image\/","url":"https:\/\/fieam.org.br\/sesi\/wp-content\/uploads\/sites\/14\/2024\/03\/cropped-fav.png","contentUrl":"https:\/\/fieam.org.br\/sesi\/wp-content\/uploads\/sites\/14\/2024\/03\/cropped-fav.png","width":610,"height":589,"caption":"SESI"},"image":{"@id":"https:\/\/fieam.org.br\/sesi\/#\/schema\/logo\/image\/"}},{"@type":"Person","@id":"https:\/\/fieam.org.br\/sesi\/#\/schema\/person\/f54998dd14d5f0695b41444f2b01c31e","name":"Autor","image":{"@type":"ImageObject","inLanguage":"pt-BR","@id":"https:\/\/secure.gravatar.com\/avatar\/3732c223e0e1fad69062a8f770955c9068d37b055204f310a0be18d4069fe380?s=96&d=mm&r=g","url":"https:\/\/secure.gravatar.com\/avatar\/3732c223e0e1fad69062a8f770955c9068d37b055204f310a0be18d4069fe380?s=96&d=mm&r=g","contentUrl":"https:\/\/secure.gravatar.com\/avatar\/3732c223e0e1fad69062a8f770955c9068d37b055204f310a0be18d4069fe380?s=96&d=mm&r=g","caption":"Autor"},"sameAs":["https:\/\/marketingmassivo.com.br"],"url":"https:\/\/fieam.org.br\/sesi\/author\/admin\/"}]}},"_links":{"self":[{"href":"https:\/\/fieam.org.br\/sesi\/wp-json\/wp\/v2\/posts\/19342","targetHints":{"allow":["GET"]}}],"collection":[{"href":"https:\/\/fieam.org.br\/sesi\/wp-json\/wp\/v2\/posts"}],"about":[{"href":"https:\/\/fieam.org.br\/sesi\/wp-json\/wp\/v2\/types\/post"}],"author":[{"embeddable":true,"href":"https:\/\/fieam.org.br\/sesi\/wp-json\/wp\/v2\/users\/1"}],"replies":[{"embeddable":true,"href":"https:\/\/fieam.org.br\/sesi\/wp-json\/wp\/v2\/comments?post=19342"}],"version-history":[{"count":0,"href":"https:\/\/fieam.org.br\/sesi\/wp-json\/wp\/v2\/posts\/19342\/revisions"}],"wp:attachment":[{"href":"https:\/\/fieam.org.br\/sesi\/wp-json\/wp\/v2\/media?parent=19342"}],"wp:term":[{"taxonomy":"category","embeddable":true,"href":"https:\/\/fieam.org.br\/sesi\/wp-json\/wp\/v2\/categories?post=19342"},{"taxonomy":"post_tag","embeddable":true,"href":"https:\/\/fieam.org.br\/sesi\/wp-json\/wp\/v2\/tags?post=19342"}],"curies":[{"name":"wp","href":"https:\/\/api.w.org\/{rel}","templated":true}]}}