{"id":19338,"date":"2011-05-06T21:14:40","date_gmt":"2011-05-06T21:14:40","guid":{"rendered":"http:\/\/www.fieam.org.br\/site\/sesi\/?p=1042"},"modified":"2011-05-06T21:14:40","modified_gmt":"2011-05-06T21:14:40","slug":"acao-global-2011-preparada-para-atender-47-mil-pessoas","status":"publish","type":"post","link":"https:\/\/fieam.org.br\/sesi\/acao-global-2011-preparada-para-atender-47-mil-pessoas\/","title":{"rendered":"A\u00e7\u00e3o Global 2011 Preparada para atender 47 mil pessoas"},"content":{"rendered":"<p>A A\u00e7\u00e3o Global 2011 vai oferecer servi\u00e7os de cidadania para cerca de 47 mil pessoas. \u00c9 o que prometem os coordenadores do programa que\u00a0 acontece no pr\u00f3ximo dia 14, a partir de 8h, no Clube do Trabalhador do Amazonas, na Alameda Cosme Ferreira, 7.399, S\u00e3o Jos\u00e9 I, na zona Leste. O acesso \u00e9 gratuito.<\/p>\n<p>Emiss\u00e3o de documentos pessoais, consultas m\u00e9dicas e jur\u00eddicas, corte de cabelo, exames para verifica\u00e7\u00e3o da press\u00e3o arterial e teste de glicemia est\u00e3o entre os servi\u00e7os mais procurados pela popula\u00e7\u00e3o nas 16 edi\u00e7\u00f5es do programa desenvolvido em todo o Brasil pelo Servi\u00e7o Social da Ind\u00fastria (SESI) e Rede Globo e suas afiliadas.<\/p>\n<p>De acordo com a coordenadora de Programas e Projetos de Cidadania do SESI Amazonas, Silvane Almeida, j\u00e1 est\u00e1 confirmada a participa\u00e7\u00e3o de 105 institui\u00e7\u00f5es parceiras, entre as quais, 40 s\u00e3o empresas do Polo Industrial de Manaus (PIM). Al\u00e9m disso, a a\u00e7\u00e3o vai contar neste ano com 1,3 mil volunt\u00e1rios, pessoas que participam do programa espontaneamente, como a administradora de empresas D\u00e9borah Beckher, 24, que diz gostar de ajudar as pessoas. \u201cO que motivou a minha participa\u00e7\u00e3o, no ano passado, foi a possibilidade de apresentar \u00e0s crian\u00e7as o prazer da leitura\u201d, diz D\u00e9borah, que criou um projeto de leitura para crian\u00e7as.<\/p>\n<p>Neste ano, segundo Silvane, a A\u00e7\u00e3o Global espera oferecer 94 mil atendimentos, o que ser\u00e1 facilitado, segundo ela, pela distribui\u00e7\u00e3o de senhas a partir de uma central de servi\u00e7os colocada logo na entrada do Clube do Trabalhador. Com base na experi\u00eancia de anos anteriores, ser\u00e3o distribu\u00eddos dois tipos de senhas, uma para atendimento m\u00e9dico e outra para servi\u00e7os de cidadania. Cada pessoa ter\u00e1 direito a receber at\u00e9 cinco senhas.\u00a0\u00a0\u00a0\u00a0\u00a0\u00a0\u00a0\u00a0<\/p>\n<p>Entre os parceiros do programa est\u00e3o a Nokia do Brasil, Moto Honda, Funda\u00e7\u00e3o Alfredo da Matta, Secretaria de Estado de Sa\u00fade (Susam), Caixa Econ\u00f4mica, Natura, Recofarma, Instituto Embelleze, Direcional Engenharia, Aguacrim, Natura e Pol\u00edcia Militar do Amazonas.<\/p>\n","protected":false},"excerpt":{"rendered":"<p>A A\u00e7\u00e3o Global 2011 vai oferecer servi\u00e7os de cidadania para cerca de 47 mil pessoas. \u00c9 o que prometem os coordenadores do programa que\u00a0 acontece no pr\u00f3ximo dia 14, a partir de 8h, no Clube do Trabalhador do Amazonas, na Alameda Cosme Ferreira, 7.399, S\u00e3o Jos\u00e9 I, na zona Leste. O acesso \u00e9 gratuito. Emiss\u00e3o [&hellip;]<\/p>\n","protected":false},"author":1,"featured_media":0,"comment_status":"open","ping_status":"open","sticky":false,"template":"","format":"standard","meta":{"footnotes":""},"categories":[25],"tags":[],"class_list":["post-19338","post","type-post","status-publish","format-standard","hentry","category-news"],"yoast_head":"<!-- This site is optimized with the Yoast SEO plugin v28.2 - https:\/\/yoast.com\/product\/yoast-seo-wordpress\/ -->\n<title>A\u00e7\u00e3o Global 2011 Preparada para atender 47 mil pessoas - SESI<\/title>\n<meta name=\"robots\" content=\"index, follow, max-snippet:-1, max-image-preview:large, max-video-preview:-1\" \/>\n<link rel=\"canonical\" href=\"https:\/\/fieam.org.br\/sesi\/acao-global-2011-preparada-para-atender-47-mil-pessoas\/\" \/>\n<meta property=\"og:locale\" content=\"pt_BR\" \/>\n<meta property=\"og:type\" content=\"article\" \/>\n<meta property=\"og:title\" content=\"A\u00e7\u00e3o Global 2011 Preparada para atender 47 mil pessoas - SESI\" \/>\n<meta property=\"og:description\" content=\"A A\u00e7\u00e3o Global 2011 vai oferecer servi\u00e7os de cidadania para cerca de 47 mil pessoas. \u00c9 o que prometem os coordenadores do programa que\u00a0 acontece no pr\u00f3ximo dia 14, a partir de 8h, no Clube do Trabalhador do Amazonas, na Alameda Cosme Ferreira, 7.399, S\u00e3o Jos\u00e9 I, na zona Leste. O acesso \u00e9 gratuito. Emiss\u00e3o [&hellip;]\" \/>\n<meta property=\"og:url\" content=\"https:\/\/fieam.org.br\/sesi\/acao-global-2011-preparada-para-atender-47-mil-pessoas\/\" \/>\n<meta property=\"og:site_name\" content=\"SESI\" \/>\n<meta property=\"article:published_time\" content=\"2011-05-06T21:14:40+00:00\" \/>\n<meta name=\"author\" content=\"Autor\" \/>\n<meta name=\"twitter:card\" content=\"summary_large_image\" \/>\n<meta name=\"twitter:label1\" content=\"Escrito por\" \/>\n\t<meta name=\"twitter:data1\" content=\"Autor\" \/>\n\t<meta name=\"twitter:label2\" content=\"Est. tempo de leitura\" \/>\n\t<meta name=\"twitter:data2\" content=\"2 minutos\" \/>\n<script type=\"application\/ld+json\" class=\"yoast-schema-graph\">{\"@context\":\"https:\\\/\\\/schema.org\",\"@graph\":[{\"@type\":\"Article\",\"@id\":\"https:\\\/\\\/fieam.org.br\\\/sesi\\\/acao-global-2011-preparada-para-atender-47-mil-pessoas\\\/#article\",\"isPartOf\":{\"@id\":\"https:\\\/\\\/fieam.org.br\\\/sesi\\\/acao-global-2011-preparada-para-atender-47-mil-pessoas\\\/\"},\"author\":{\"name\":\"Autor\",\"@id\":\"https:\\\/\\\/fieam.org.br\\\/sesi\\\/#\\\/schema\\\/person\\\/f54998dd14d5f0695b41444f2b01c31e\"},\"headline\":\"A\u00e7\u00e3o Global 2011 Preparada para atender 47 mil pessoas\",\"datePublished\":\"2011-05-06T21:14:40+00:00\",\"mainEntityOfPage\":{\"@id\":\"https:\\\/\\\/fieam.org.br\\\/sesi\\\/acao-global-2011-preparada-para-atender-47-mil-pessoas\\\/\"},\"wordCount\":346,\"commentCount\":0,\"publisher\":{\"@id\":\"https:\\\/\\\/fieam.org.br\\\/sesi\\\/#organization\"},\"articleSection\":[\"News\"],\"inLanguage\":\"pt-BR\",\"potentialAction\":[{\"@type\":\"CommentAction\",\"name\":\"Comment\",\"target\":[\"https:\\\/\\\/fieam.org.br\\\/sesi\\\/acao-global-2011-preparada-para-atender-47-mil-pessoas\\\/#respond\"]}]},{\"@type\":\"WebPage\",\"@id\":\"https:\\\/\\\/fieam.org.br\\\/sesi\\\/acao-global-2011-preparada-para-atender-47-mil-pessoas\\\/\",\"url\":\"https:\\\/\\\/fieam.org.br\\\/sesi\\\/acao-global-2011-preparada-para-atender-47-mil-pessoas\\\/\",\"name\":\"A\u00e7\u00e3o Global 2011 Preparada para atender 47 mil pessoas - SESI\",\"isPartOf\":{\"@id\":\"https:\\\/\\\/fieam.org.br\\\/sesi\\\/#website\"},\"datePublished\":\"2011-05-06T21:14:40+00:00\",\"breadcrumb\":{\"@id\":\"https:\\\/\\\/fieam.org.br\\\/sesi\\\/acao-global-2011-preparada-para-atender-47-mil-pessoas\\\/#breadcrumb\"},\"inLanguage\":\"pt-BR\",\"potentialAction\":[{\"@type\":\"ReadAction\",\"target\":[\"https:\\\/\\\/fieam.org.br\\\/sesi\\\/acao-global-2011-preparada-para-atender-47-mil-pessoas\\\/\"]}]},{\"@type\":\"BreadcrumbList\",\"@id\":\"https:\\\/\\\/fieam.org.br\\\/sesi\\\/acao-global-2011-preparada-para-atender-47-mil-pessoas\\\/#breadcrumb\",\"itemListElement\":[{\"@type\":\"ListItem\",\"position\":1,\"name\":\"In\u00edcio\",\"item\":\"https:\\\/\\\/fieam.org.br\\\/sesi\\\/\"},{\"@type\":\"ListItem\",\"position\":2,\"name\":\"A\u00e7\u00e3o Global 2011 Preparada para atender 47 mil pessoas\"}]},{\"@type\":\"WebSite\",\"@id\":\"https:\\\/\\\/fieam.org.br\\\/sesi\\\/#website\",\"url\":\"https:\\\/\\\/fieam.org.br\\\/sesi\\\/\",\"name\":\"SESI\",\"description\":\"Site Oficial!\",\"publisher\":{\"@id\":\"https:\\\/\\\/fieam.org.br\\\/sesi\\\/#organization\"},\"potentialAction\":[{\"@type\":\"SearchAction\",\"target\":{\"@type\":\"EntryPoint\",\"urlTemplate\":\"https:\\\/\\\/fieam.org.br\\\/sesi\\\/?s={search_term_string}\"},\"query-input\":{\"@type\":\"PropertyValueSpecification\",\"valueRequired\":true,\"valueName\":\"search_term_string\"}}],\"inLanguage\":\"pt-BR\"},{\"@type\":\"Organization\",\"@id\":\"https:\\\/\\\/fieam.org.br\\\/sesi\\\/#organization\",\"name\":\"SESI\",\"url\":\"https:\\\/\\\/fieam.org.br\\\/sesi\\\/\",\"logo\":{\"@type\":\"ImageObject\",\"inLanguage\":\"pt-BR\",\"@id\":\"https:\\\/\\\/fieam.org.br\\\/sesi\\\/#\\\/schema\\\/logo\\\/image\\\/\",\"url\":\"https:\\\/\\\/fieam.org.br\\\/sesi\\\/wp-content\\\/uploads\\\/sites\\\/14\\\/2024\\\/03\\\/cropped-fav.png\",\"contentUrl\":\"https:\\\/\\\/fieam.org.br\\\/sesi\\\/wp-content\\\/uploads\\\/sites\\\/14\\\/2024\\\/03\\\/cropped-fav.png\",\"width\":610,\"height\":589,\"caption\":\"SESI\"},\"image\":{\"@id\":\"https:\\\/\\\/fieam.org.br\\\/sesi\\\/#\\\/schema\\\/logo\\\/image\\\/\"}},{\"@type\":\"Person\",\"@id\":\"https:\\\/\\\/fieam.org.br\\\/sesi\\\/#\\\/schema\\\/person\\\/f54998dd14d5f0695b41444f2b01c31e\",\"name\":\"Autor\",\"image\":{\"@type\":\"ImageObject\",\"inLanguage\":\"pt-BR\",\"@id\":\"https:\\\/\\\/secure.gravatar.com\\\/avatar\\\/3732c223e0e1fad69062a8f770955c9068d37b055204f310a0be18d4069fe380?s=96&d=mm&r=g\",\"url\":\"https:\\\/\\\/secure.gravatar.com\\\/avatar\\\/3732c223e0e1fad69062a8f770955c9068d37b055204f310a0be18d4069fe380?s=96&d=mm&r=g\",\"contentUrl\":\"https:\\\/\\\/secure.gravatar.com\\\/avatar\\\/3732c223e0e1fad69062a8f770955c9068d37b055204f310a0be18d4069fe380?s=96&d=mm&r=g\",\"caption\":\"Autor\"},\"sameAs\":[\"https:\\\/\\\/marketingmassivo.com.br\"],\"url\":\"https:\\\/\\\/fieam.org.br\\\/sesi\\\/author\\\/admin\\\/\"}]}<\/script>\n<!-- \/ Yoast SEO plugin. -->","yoast_head_json":{"title":"A\u00e7\u00e3o Global 2011 Preparada para atender 47 mil pessoas - SESI","robots":{"index":"index","follow":"follow","max-snippet":"max-snippet:-1","max-image-preview":"max-image-preview:large","max-video-preview":"max-video-preview:-1"},"canonical":"https:\/\/fieam.org.br\/sesi\/acao-global-2011-preparada-para-atender-47-mil-pessoas\/","og_locale":"pt_BR","og_type":"article","og_title":"A\u00e7\u00e3o Global 2011 Preparada para atender 47 mil pessoas - SESI","og_description":"A A\u00e7\u00e3o Global 2011 vai oferecer servi\u00e7os de cidadania para cerca de 47 mil pessoas. \u00c9 o que prometem os coordenadores do programa que\u00a0 acontece no pr\u00f3ximo dia 14, a partir de 8h, no Clube do Trabalhador do Amazonas, na Alameda Cosme Ferreira, 7.399, S\u00e3o Jos\u00e9 I, na zona Leste. O acesso \u00e9 gratuito. Emiss\u00e3o [&hellip;]","og_url":"https:\/\/fieam.org.br\/sesi\/acao-global-2011-preparada-para-atender-47-mil-pessoas\/","og_site_name":"SESI","article_published_time":"2011-05-06T21:14:40+00:00","author":"Autor","twitter_card":"summary_large_image","twitter_misc":{"Escrito por":"Autor","Est. tempo de leitura":"2 minutos"},"schema":{"@context":"https:\/\/schema.org","@graph":[{"@type":"Article","@id":"https:\/\/fieam.org.br\/sesi\/acao-global-2011-preparada-para-atender-47-mil-pessoas\/#article","isPartOf":{"@id":"https:\/\/fieam.org.br\/sesi\/acao-global-2011-preparada-para-atender-47-mil-pessoas\/"},"author":{"name":"Autor","@id":"https:\/\/fieam.org.br\/sesi\/#\/schema\/person\/f54998dd14d5f0695b41444f2b01c31e"},"headline":"A\u00e7\u00e3o Global 2011 Preparada para atender 47 mil pessoas","datePublished":"2011-05-06T21:14:40+00:00","mainEntityOfPage":{"@id":"https:\/\/fieam.org.br\/sesi\/acao-global-2011-preparada-para-atender-47-mil-pessoas\/"},"wordCount":346,"commentCount":0,"publisher":{"@id":"https:\/\/fieam.org.br\/sesi\/#organization"},"articleSection":["News"],"inLanguage":"pt-BR","potentialAction":[{"@type":"CommentAction","name":"Comment","target":["https:\/\/fieam.org.br\/sesi\/acao-global-2011-preparada-para-atender-47-mil-pessoas\/#respond"]}]},{"@type":"WebPage","@id":"https:\/\/fieam.org.br\/sesi\/acao-global-2011-preparada-para-atender-47-mil-pessoas\/","url":"https:\/\/fieam.org.br\/sesi\/acao-global-2011-preparada-para-atender-47-mil-pessoas\/","name":"A\u00e7\u00e3o Global 2011 Preparada para atender 47 mil pessoas - SESI","isPartOf":{"@id":"https:\/\/fieam.org.br\/sesi\/#website"},"datePublished":"2011-05-06T21:14:40+00:00","breadcrumb":{"@id":"https:\/\/fieam.org.br\/sesi\/acao-global-2011-preparada-para-atender-47-mil-pessoas\/#breadcrumb"},"inLanguage":"pt-BR","potentialAction":[{"@type":"ReadAction","target":["https:\/\/fieam.org.br\/sesi\/acao-global-2011-preparada-para-atender-47-mil-pessoas\/"]}]},{"@type":"BreadcrumbList","@id":"https:\/\/fieam.org.br\/sesi\/acao-global-2011-preparada-para-atender-47-mil-pessoas\/#breadcrumb","itemListElement":[{"@type":"ListItem","position":1,"name":"In\u00edcio","item":"https:\/\/fieam.org.br\/sesi\/"},{"@type":"ListItem","position":2,"name":"A\u00e7\u00e3o Global 2011 Preparada para atender 47 mil pessoas"}]},{"@type":"WebSite","@id":"https:\/\/fieam.org.br\/sesi\/#website","url":"https:\/\/fieam.org.br\/sesi\/","name":"SESI","description":"Site Oficial!","publisher":{"@id":"https:\/\/fieam.org.br\/sesi\/#organization"},"potentialAction":[{"@type":"SearchAction","target":{"@type":"EntryPoint","urlTemplate":"https:\/\/fieam.org.br\/sesi\/?s={search_term_string}"},"query-input":{"@type":"PropertyValueSpecification","valueRequired":true,"valueName":"search_term_string"}}],"inLanguage":"pt-BR"},{"@type":"Organization","@id":"https:\/\/fieam.org.br\/sesi\/#organization","name":"SESI","url":"https:\/\/fieam.org.br\/sesi\/","logo":{"@type":"ImageObject","inLanguage":"pt-BR","@id":"https:\/\/fieam.org.br\/sesi\/#\/schema\/logo\/image\/","url":"https:\/\/fieam.org.br\/sesi\/wp-content\/uploads\/sites\/14\/2024\/03\/cropped-fav.png","contentUrl":"https:\/\/fieam.org.br\/sesi\/wp-content\/uploads\/sites\/14\/2024\/03\/cropped-fav.png","width":610,"height":589,"caption":"SESI"},"image":{"@id":"https:\/\/fieam.org.br\/sesi\/#\/schema\/logo\/image\/"}},{"@type":"Person","@id":"https:\/\/fieam.org.br\/sesi\/#\/schema\/person\/f54998dd14d5f0695b41444f2b01c31e","name":"Autor","image":{"@type":"ImageObject","inLanguage":"pt-BR","@id":"https:\/\/secure.gravatar.com\/avatar\/3732c223e0e1fad69062a8f770955c9068d37b055204f310a0be18d4069fe380?s=96&d=mm&r=g","url":"https:\/\/secure.gravatar.com\/avatar\/3732c223e0e1fad69062a8f770955c9068d37b055204f310a0be18d4069fe380?s=96&d=mm&r=g","contentUrl":"https:\/\/secure.gravatar.com\/avatar\/3732c223e0e1fad69062a8f770955c9068d37b055204f310a0be18d4069fe380?s=96&d=mm&r=g","caption":"Autor"},"sameAs":["https:\/\/marketingmassivo.com.br"],"url":"https:\/\/fieam.org.br\/sesi\/author\/admin\/"}]}},"_links":{"self":[{"href":"https:\/\/fieam.org.br\/sesi\/wp-json\/wp\/v2\/posts\/19338","targetHints":{"allow":["GET"]}}],"collection":[{"href":"https:\/\/fieam.org.br\/sesi\/wp-json\/wp\/v2\/posts"}],"about":[{"href":"https:\/\/fieam.org.br\/sesi\/wp-json\/wp\/v2\/types\/post"}],"author":[{"embeddable":true,"href":"https:\/\/fieam.org.br\/sesi\/wp-json\/wp\/v2\/users\/1"}],"replies":[{"embeddable":true,"href":"https:\/\/fieam.org.br\/sesi\/wp-json\/wp\/v2\/comments?post=19338"}],"version-history":[{"count":0,"href":"https:\/\/fieam.org.br\/sesi\/wp-json\/wp\/v2\/posts\/19338\/revisions"}],"wp:attachment":[{"href":"https:\/\/fieam.org.br\/sesi\/wp-json\/wp\/v2\/media?parent=19338"}],"wp:term":[{"taxonomy":"category","embeddable":true,"href":"https:\/\/fieam.org.br\/sesi\/wp-json\/wp\/v2\/categories?post=19338"},{"taxonomy":"post_tag","embeddable":true,"href":"https:\/\/fieam.org.br\/sesi\/wp-json\/wp\/v2\/tags?post=19338"}],"curies":[{"name":"wp","href":"https:\/\/api.w.org\/{rel}","templated":true}]}}