{"id":18995,"date":"2023-01-20T13:25:06","date_gmt":"2023-01-20T17:25:06","guid":{"rendered":"http:\/\/www.fieam.org.br\/sesi\/?p=18995"},"modified":"2023-01-20T13:25:06","modified_gmt":"2023-01-20T17:25:06","slug":"sesi-inaugura-atendimento-oftalmologico-na-zona-leste","status":"publish","type":"post","link":"https:\/\/fieam.org.br\/sesi\/sesi-inaugura-atendimento-oftalmologico-na-zona-leste\/","title":{"rendered":"SESI inaugura atendimento oftalmol\u00f3gico na Zona Leste"},"content":{"rendered":"<p><a href=\"https:\/\/marketingmassivo.com.br\/sesi\/wp-content\/uploads\/sites\/12\/2023\/01\/SESI-inaugura-atendimento-oftalmologico-na-Zona-Leste.jpeg\"><img fetchpriority=\"high\" decoding=\"async\" class=\" wp-image-18997 alignright\" src=\"http:\/\/www.fieam.org.br\/sesi\/wp-content\/uploads\/sites\/2\/2023\/01\/SESI-inaugura-atendimento-oftalmologico-na-Zona-Leste-1024x682.jpeg\" alt=\"\" width=\"491\" height=\"327\" srcset=\"https:\/\/fieam.org.br\/sesi\/wp-content\/uploads\/sites\/14\/2023\/01\/SESI-inaugura-atendimento-oftalmologico-na-Zona-Leste-1024x682.jpeg 1024w, https:\/\/fieam.org.br\/sesi\/wp-content\/uploads\/sites\/14\/2023\/01\/SESI-inaugura-atendimento-oftalmologico-na-Zona-Leste-300x200.jpeg 300w, https:\/\/fieam.org.br\/sesi\/wp-content\/uploads\/sites\/14\/2023\/01\/SESI-inaugura-atendimento-oftalmologico-na-Zona-Leste-768x512.jpeg 768w, https:\/\/fieam.org.br\/sesi\/wp-content\/uploads\/sites\/14\/2023\/01\/SESI-inaugura-atendimento-oftalmologico-na-Zona-Leste.jpeg 1280w\" sizes=\"(max-width: 491px) 100vw, 491px\" \/><\/a>A unidade m\u00e9dica SESISA\u00daDE Leste, localizada na Avenida Cosme Ferreira, 7399 &#8211; S\u00e3o Jos\u00e9, inaugurou nesta sexta-feira (20) a especialidade de Oftalmologia, que antes estava dispon\u00edvel apenas no SESISA\u00daDE localizado na Avenida\u00a0Get\u00falio Vargas, 1116. Para a gerente de Sa\u00fade e Seguran\u00e7a na Ind\u00fastria (SSI) do SESI, Nelsi Luniere, toda a equipe de colaboradores est\u00e1 bastante motivada a prestar esses novos atendimentos, tendo em vista a grande demanda para os problemas relacionados \u00e0 vis\u00e3o.<\/p>\n<p>\u201cEsse j\u00e1 era um pedido dos clientes do SESISA\u00daDE Centro, inclusive daqueles que moram aqui pr\u00f3ximo a comunidade. Ent\u00e3o n\u00f3s fizemos o investimento e estamos vendo que o resultado est\u00e1 vindo, os clientes compareceram \u00e0 Unidade Leste e assim esperamos sistematizar a especialidade oftalmologia da mesma forma que outras especialidades que vir\u00e3o em seguida\u201d, afirma a gerente.<\/p>\n<p><a href=\"https:\/\/marketingmassivo.com.br\/sesi\/wp-content\/uploads\/sites\/12\/2023\/01\/Medica-Alexandra-Santiago-especialista-que-trabalha-ha-24-anos-no-SESI.jpeg\"><img decoding=\"async\" class=\"wp-image-18998 alignleft\" src=\"http:\/\/www.fieam.org.br\/sesi\/wp-content\/uploads\/sites\/2\/2023\/01\/Medica-Alexandra-Santiago-especialista-que-trabalha-ha-24-anos-no-SESI-1024x682.jpeg\" alt=\"\" width=\"482\" height=\"321\" srcset=\"https:\/\/fieam.org.br\/sesi\/wp-content\/uploads\/sites\/14\/2023\/01\/Medica-Alexandra-Santiago-especialista-que-trabalha-ha-24-anos-no-SESI-1024x682.jpeg 1024w, https:\/\/fieam.org.br\/sesi\/wp-content\/uploads\/sites\/14\/2023\/01\/Medica-Alexandra-Santiago-especialista-que-trabalha-ha-24-anos-no-SESI-300x200.jpeg 300w, https:\/\/fieam.org.br\/sesi\/wp-content\/uploads\/sites\/14\/2023\/01\/Medica-Alexandra-Santiago-especialista-que-trabalha-ha-24-anos-no-SESI-768x512.jpeg 768w, https:\/\/fieam.org.br\/sesi\/wp-content\/uploads\/sites\/14\/2023\/01\/Medica-Alexandra-Santiago-especialista-que-trabalha-ha-24-anos-no-SESI.jpeg 1280w\" sizes=\"(max-width: 482px) 100vw, 482px\" \/><\/a>Denise C\u00e2mara, de 52 anos, foi a primeira a ser atendida nesta manh\u00e3 e afirma que realiza consultas e exames juntamente ao SESI h\u00e1 aproximadamente 20 anos. \u201cApesar de hoje trabalhar em um escrit\u00f3rio de Contabilidade, parte da minha vida foi trabalhando na ind\u00fastria, onde conheci o SESI e permaneci com ele pela qualidade do atendimento dos m\u00e9dicos\u201d, declara a paciente que mostrou sua satisfa\u00e7\u00e3o pela chegada da Oftalmologia na Unidade Leste. \u201cComo eu moro h\u00e1 cinco anos aqui na zona Leste, eu tinha muita dificuldade de me locomover at\u00e9 o Centro, por conta do tr\u00e2nsito. Ent\u00e3o quando foi confirmado que haveria esse ano a especialidade do atendimento aqui na zona Leste, eu fiquei muito feliz e fui uma das primeiras a agendar\u201d.<\/p>\n<p>Denise se consultou com a m\u00e9dica Alexandra Santiago, que trabalha h\u00e1 24 anos no SESI. De acordo com a especialista, a vis\u00e3o \u00e9 a luz dia, as cores e a vida para n\u00f3s, ent\u00e3o o olho \u00e9 um \u00f3rg\u00e3o de extrema import\u00e2ncia para ser avaliado periodicamente, pois ele \u00e9 respons\u00e1vel por nos dar experi\u00eancia unida de enxergar o mundo.\u00a0 Santiago tamb\u00e9m explica que no SESI o paciente n\u00e3o s\u00f3 tem acesso a uma avalia\u00e7\u00e3o da sua qualidade visual como tamb\u00e9m pode realizar exames de preven\u00e7\u00e3o como o do glaucoma, que \u00e9 de extrema import\u00e2ncia e uma das grandes causas de cegueira nos dias atuais.<\/p>\n<p>Segundo Cl\u00e1udio Palheta, gerente de Sa\u00fade e Seguran\u00e7a na Ind\u00fastria (SSI) do SESI, umas das vantagens da unidade Leste \u00e9 a proximidade do distrito industrial o que facilita para a empresas enviarem seus colaboradores. \u201cQuando a unidade Leste foi inaugurada fizemos um estudo que concluiu que essa \u00e1rea da cidade era muito carente de cl\u00ednicas com especialidades que tragam realmente uma garantia de um bom atendimento e diagn\u00f3stico, coisa que nossos clientes j\u00e1 usufru\u00edam na unidade do Centro. Ent\u00e3o com a chegada da especialidade Oftalmologia, cremos que vamos beneficiar ainda mais a comunidade da zona Leste e as pr\u00f3prias ind\u00fastrias\u201d.<\/p>\n<p>Para realizar uma consulta, basta solicitar a sua carteirinha SESI e pagar uma taxa no valor de R$ 8,00 para industri\u00e1rios e R$ 10,00 para toda a comunidade; n\u00e3o h\u00e1 cobran\u00e7a de mensalidade. Trabalhadores de mais de 200 empresas industriais conveniadas possuem descontos diferenciados no SESISA\u00daDE. Para mais informa\u00e7\u00f5es, entre em contato pelo n\u00famero de telefone do Contact Center: 3182-9925.<\/p>\n","protected":false},"excerpt":{"rendered":"<p>A unidade m\u00e9dica SESISA\u00daDE Leste, localizada na Avenida Cosme Ferreira, 7399 &#8211; S\u00e3o Jos\u00e9, inaugurou nesta sexta-feira (20) a especialidade de Oftalmologia, que antes estava dispon\u00edvel apenas no SESISA\u00daDE localizado na Avenida\u00a0Get\u00falio Vargas, 1116. Para a gerente de Sa\u00fade e Seguran\u00e7a na Ind\u00fastria (SSI) do SESI, Nelsi Luniere, toda a equipe de colaboradores est\u00e1 bastante [&hellip;]<\/p>\n","protected":false},"author":1,"featured_media":18996,"comment_status":"closed","ping_status":"open","sticky":false,"template":"","format":"standard","meta":{"footnotes":""},"categories":[20,26],"tags":[],"class_list":["post-18995","post","type-post","status-publish","format-standard","has-post-thumbnail","hentry","category-banner-destaque","category-news-destaque"],"yoast_head":"<!-- This site is optimized with the Yoast SEO plugin v26.8 - https:\/\/yoast.com\/product\/yoast-seo-wordpress\/ -->\n<title>SESI inaugura atendimento oftalmol\u00f3gico na Zona Leste - SESI<\/title>\n<meta name=\"robots\" content=\"index, follow, max-snippet:-1, max-image-preview:large, max-video-preview:-1\" \/>\n<link rel=\"canonical\" href=\"https:\/\/fieam.org.br\/sesi\/sesi-inaugura-atendimento-oftalmologico-na-zona-leste\/\" \/>\n<meta property=\"og:locale\" content=\"pt_BR\" \/>\n<meta property=\"og:type\" content=\"article\" \/>\n<meta property=\"og:title\" content=\"SESI inaugura atendimento oftalmol\u00f3gico na Zona Leste - SESI\" \/>\n<meta property=\"og:description\" content=\"A unidade m\u00e9dica SESISA\u00daDE Leste, localizada na Avenida Cosme Ferreira, 7399 &#8211; S\u00e3o Jos\u00e9, inaugurou nesta sexta-feira (20) a especialidade de Oftalmologia, que antes estava dispon\u00edvel apenas no SESISA\u00daDE localizado na Avenida\u00a0Get\u00falio Vargas, 1116. Para a gerente de Sa\u00fade e Seguran\u00e7a na Ind\u00fastria (SSI) do SESI, Nelsi Luniere, toda a equipe de colaboradores est\u00e1 bastante [&hellip;]\" \/>\n<meta property=\"og:url\" content=\"https:\/\/fieam.org.br\/sesi\/sesi-inaugura-atendimento-oftalmologico-na-zona-leste\/\" \/>\n<meta property=\"og:site_name\" content=\"SESI\" \/>\n<meta property=\"article:published_time\" content=\"2023-01-20T17:25:06+00:00\" \/>\n<meta property=\"og:image\" content=\"https:\/\/fieam.org.br\/sesi\/wp-content\/uploads\/sites\/14\/2023\/01\/Denise-Camara-de-52-anos-foi-a-primeira-a-ser-atendida-nesta-manha.jpeg\" \/>\n\t<meta property=\"og:image:width\" content=\"1280\" \/>\n\t<meta property=\"og:image:height\" content=\"853\" \/>\n\t<meta property=\"og:image:type\" content=\"image\/jpeg\" \/>\n<meta name=\"author\" content=\"Autor\" \/>\n<meta name=\"twitter:card\" content=\"summary_large_image\" \/>\n<meta name=\"twitter:label1\" content=\"Escrito por\" \/>\n\t<meta name=\"twitter:data1\" content=\"Autor\" \/>\n\t<meta name=\"twitter:label2\" content=\"Est. tempo de leitura\" \/>\n\t<meta name=\"twitter:data2\" content=\"3 minutos\" \/>\n<script type=\"application\/ld+json\" class=\"yoast-schema-graph\">{\"@context\":\"https:\/\/schema.org\",\"@graph\":[{\"@type\":\"Article\",\"@id\":\"https:\/\/fieam.org.br\/sesi\/sesi-inaugura-atendimento-oftalmologico-na-zona-leste\/#article\",\"isPartOf\":{\"@id\":\"https:\/\/fieam.org.br\/sesi\/sesi-inaugura-atendimento-oftalmologico-na-zona-leste\/\"},\"author\":{\"name\":\"Autor\",\"@id\":\"https:\/\/fieam.org.br\/sesi\/#\/schema\/person\/c1ceda8321521b291cee22da0a7d34be\"},\"headline\":\"SESI inaugura atendimento oftalmol\u00f3gico na Zona Leste\",\"datePublished\":\"2023-01-20T17:25:06+00:00\",\"mainEntityOfPage\":{\"@id\":\"https:\/\/fieam.org.br\/sesi\/sesi-inaugura-atendimento-oftalmologico-na-zona-leste\/\"},\"wordCount\":562,\"publisher\":{\"@id\":\"https:\/\/fieam.org.br\/sesi\/#organization\"},\"image\":{\"@id\":\"https:\/\/fieam.org.br\/sesi\/sesi-inaugura-atendimento-oftalmologico-na-zona-leste\/#primaryimage\"},\"thumbnailUrl\":\"https:\/\/fieam.org.br\/sesi\/wp-content\/uploads\/sites\/14\/2023\/01\/Denise-Camara-de-52-anos-foi-a-primeira-a-ser-atendida-nesta-manha.jpeg\",\"articleSection\":[\"Banner Destaque\",\"News Destaque\"],\"inLanguage\":\"pt-BR\"},{\"@type\":\"WebPage\",\"@id\":\"https:\/\/fieam.org.br\/sesi\/sesi-inaugura-atendimento-oftalmologico-na-zona-leste\/\",\"url\":\"https:\/\/fieam.org.br\/sesi\/sesi-inaugura-atendimento-oftalmologico-na-zona-leste\/\",\"name\":\"SESI inaugura atendimento oftalmol\u00f3gico na Zona Leste - SESI\",\"isPartOf\":{\"@id\":\"https:\/\/fieam.org.br\/sesi\/#website\"},\"primaryImageOfPage\":{\"@id\":\"https:\/\/fieam.org.br\/sesi\/sesi-inaugura-atendimento-oftalmologico-na-zona-leste\/#primaryimage\"},\"image\":{\"@id\":\"https:\/\/fieam.org.br\/sesi\/sesi-inaugura-atendimento-oftalmologico-na-zona-leste\/#primaryimage\"},\"thumbnailUrl\":\"https:\/\/fieam.org.br\/sesi\/wp-content\/uploads\/sites\/14\/2023\/01\/Denise-Camara-de-52-anos-foi-a-primeira-a-ser-atendida-nesta-manha.jpeg\",\"datePublished\":\"2023-01-20T17:25:06+00:00\",\"breadcrumb\":{\"@id\":\"https:\/\/fieam.org.br\/sesi\/sesi-inaugura-atendimento-oftalmologico-na-zona-leste\/#breadcrumb\"},\"inLanguage\":\"pt-BR\",\"potentialAction\":[{\"@type\":\"ReadAction\",\"target\":[\"https:\/\/fieam.org.br\/sesi\/sesi-inaugura-atendimento-oftalmologico-na-zona-leste\/\"]}]},{\"@type\":\"ImageObject\",\"inLanguage\":\"pt-BR\",\"@id\":\"https:\/\/fieam.org.br\/sesi\/sesi-inaugura-atendimento-oftalmologico-na-zona-leste\/#primaryimage\",\"url\":\"https:\/\/fieam.org.br\/sesi\/wp-content\/uploads\/sites\/14\/2023\/01\/Denise-Camara-de-52-anos-foi-a-primeira-a-ser-atendida-nesta-manha.jpeg\",\"contentUrl\":\"https:\/\/fieam.org.br\/sesi\/wp-content\/uploads\/sites\/14\/2023\/01\/Denise-Camara-de-52-anos-foi-a-primeira-a-ser-atendida-nesta-manha.jpeg\",\"width\":1280,\"height\":853},{\"@type\":\"BreadcrumbList\",\"@id\":\"https:\/\/fieam.org.br\/sesi\/sesi-inaugura-atendimento-oftalmologico-na-zona-leste\/#breadcrumb\",\"itemListElement\":[{\"@type\":\"ListItem\",\"position\":1,\"name\":\"In\u00edcio\",\"item\":\"https:\/\/fieam.org.br\/sesi\/\"},{\"@type\":\"ListItem\",\"position\":2,\"name\":\"SESI inaugura atendimento oftalmol\u00f3gico na Zona Leste\"}]},{\"@type\":\"WebSite\",\"@id\":\"https:\/\/fieam.org.br\/sesi\/#website\",\"url\":\"https:\/\/fieam.org.br\/sesi\/\",\"name\":\"SESI\",\"description\":\"Site Oficial!\",\"publisher\":{\"@id\":\"https:\/\/fieam.org.br\/sesi\/#organization\"},\"potentialAction\":[{\"@type\":\"SearchAction\",\"target\":{\"@type\":\"EntryPoint\",\"urlTemplate\":\"https:\/\/fieam.org.br\/sesi\/?s={search_term_string}\"},\"query-input\":{\"@type\":\"PropertyValueSpecification\",\"valueRequired\":true,\"valueName\":\"search_term_string\"}}],\"inLanguage\":\"pt-BR\"},{\"@type\":\"Organization\",\"@id\":\"https:\/\/fieam.org.br\/sesi\/#organization\",\"name\":\"SESI\",\"url\":\"https:\/\/fieam.org.br\/sesi\/\",\"logo\":{\"@type\":\"ImageObject\",\"inLanguage\":\"pt-BR\",\"@id\":\"https:\/\/fieam.org.br\/sesi\/#\/schema\/logo\/image\/\",\"url\":\"https:\/\/fieam.org.br\/sesi\/wp-content\/uploads\/sites\/14\/2024\/03\/cropped-fav.png\",\"contentUrl\":\"https:\/\/fieam.org.br\/sesi\/wp-content\/uploads\/sites\/14\/2024\/03\/cropped-fav.png\",\"width\":610,\"height\":589,\"caption\":\"SESI\"},\"image\":{\"@id\":\"https:\/\/fieam.org.br\/sesi\/#\/schema\/logo\/image\/\"}},{\"@type\":\"Person\",\"@id\":\"https:\/\/fieam.org.br\/sesi\/#\/schema\/person\/c1ceda8321521b291cee22da0a7d34be\",\"name\":\"Autor\",\"image\":{\"@type\":\"ImageObject\",\"inLanguage\":\"pt-BR\",\"@id\":\"https:\/\/fieam.org.br\/sesi\/#\/schema\/person\/image\/\",\"url\":\"https:\/\/secure.gravatar.com\/avatar\/3732c223e0e1fad69062a8f770955c9068d37b055204f310a0be18d4069fe380?s=96&d=mm&r=g\",\"contentUrl\":\"https:\/\/secure.gravatar.com\/avatar\/3732c223e0e1fad69062a8f770955c9068d37b055204f310a0be18d4069fe380?s=96&d=mm&r=g\",\"caption\":\"Autor\"},\"sameAs\":[\"https:\/\/marketingmassivo.com.br\"],\"url\":\"https:\/\/fieam.org.br\/sesi\/author\/admin\/\"}]}<\/script>\n<!-- \/ Yoast SEO plugin. -->","yoast_head_json":{"title":"SESI inaugura atendimento oftalmol\u00f3gico na Zona Leste - SESI","robots":{"index":"index","follow":"follow","max-snippet":"max-snippet:-1","max-image-preview":"max-image-preview:large","max-video-preview":"max-video-preview:-1"},"canonical":"https:\/\/fieam.org.br\/sesi\/sesi-inaugura-atendimento-oftalmologico-na-zona-leste\/","og_locale":"pt_BR","og_type":"article","og_title":"SESI inaugura atendimento oftalmol\u00f3gico na Zona Leste - SESI","og_description":"A unidade m\u00e9dica SESISA\u00daDE Leste, localizada na Avenida Cosme Ferreira, 7399 &#8211; S\u00e3o Jos\u00e9, inaugurou nesta sexta-feira (20) a especialidade de Oftalmologia, que antes estava dispon\u00edvel apenas no SESISA\u00daDE localizado na Avenida\u00a0Get\u00falio Vargas, 1116. Para a gerente de Sa\u00fade e Seguran\u00e7a na Ind\u00fastria (SSI) do SESI, Nelsi Luniere, toda a equipe de colaboradores est\u00e1 bastante [&hellip;]","og_url":"https:\/\/fieam.org.br\/sesi\/sesi-inaugura-atendimento-oftalmologico-na-zona-leste\/","og_site_name":"SESI","article_published_time":"2023-01-20T17:25:06+00:00","og_image":[{"width":1280,"height":853,"url":"https:\/\/fieam.org.br\/sesi\/wp-content\/uploads\/sites\/14\/2023\/01\/Denise-Camara-de-52-anos-foi-a-primeira-a-ser-atendida-nesta-manha.jpeg","type":"image\/jpeg"}],"author":"Autor","twitter_card":"summary_large_image","twitter_misc":{"Escrito por":"Autor","Est. tempo de leitura":"3 minutos"},"schema":{"@context":"https:\/\/schema.org","@graph":[{"@type":"Article","@id":"https:\/\/fieam.org.br\/sesi\/sesi-inaugura-atendimento-oftalmologico-na-zona-leste\/#article","isPartOf":{"@id":"https:\/\/fieam.org.br\/sesi\/sesi-inaugura-atendimento-oftalmologico-na-zona-leste\/"},"author":{"name":"Autor","@id":"https:\/\/fieam.org.br\/sesi\/#\/schema\/person\/c1ceda8321521b291cee22da0a7d34be"},"headline":"SESI inaugura atendimento oftalmol\u00f3gico na Zona Leste","datePublished":"2023-01-20T17:25:06+00:00","mainEntityOfPage":{"@id":"https:\/\/fieam.org.br\/sesi\/sesi-inaugura-atendimento-oftalmologico-na-zona-leste\/"},"wordCount":562,"publisher":{"@id":"https:\/\/fieam.org.br\/sesi\/#organization"},"image":{"@id":"https:\/\/fieam.org.br\/sesi\/sesi-inaugura-atendimento-oftalmologico-na-zona-leste\/#primaryimage"},"thumbnailUrl":"https:\/\/fieam.org.br\/sesi\/wp-content\/uploads\/sites\/14\/2023\/01\/Denise-Camara-de-52-anos-foi-a-primeira-a-ser-atendida-nesta-manha.jpeg","articleSection":["Banner Destaque","News Destaque"],"inLanguage":"pt-BR"},{"@type":"WebPage","@id":"https:\/\/fieam.org.br\/sesi\/sesi-inaugura-atendimento-oftalmologico-na-zona-leste\/","url":"https:\/\/fieam.org.br\/sesi\/sesi-inaugura-atendimento-oftalmologico-na-zona-leste\/","name":"SESI inaugura atendimento oftalmol\u00f3gico na Zona Leste - SESI","isPartOf":{"@id":"https:\/\/fieam.org.br\/sesi\/#website"},"primaryImageOfPage":{"@id":"https:\/\/fieam.org.br\/sesi\/sesi-inaugura-atendimento-oftalmologico-na-zona-leste\/#primaryimage"},"image":{"@id":"https:\/\/fieam.org.br\/sesi\/sesi-inaugura-atendimento-oftalmologico-na-zona-leste\/#primaryimage"},"thumbnailUrl":"https:\/\/fieam.org.br\/sesi\/wp-content\/uploads\/sites\/14\/2023\/01\/Denise-Camara-de-52-anos-foi-a-primeira-a-ser-atendida-nesta-manha.jpeg","datePublished":"2023-01-20T17:25:06+00:00","breadcrumb":{"@id":"https:\/\/fieam.org.br\/sesi\/sesi-inaugura-atendimento-oftalmologico-na-zona-leste\/#breadcrumb"},"inLanguage":"pt-BR","potentialAction":[{"@type":"ReadAction","target":["https:\/\/fieam.org.br\/sesi\/sesi-inaugura-atendimento-oftalmologico-na-zona-leste\/"]}]},{"@type":"ImageObject","inLanguage":"pt-BR","@id":"https:\/\/fieam.org.br\/sesi\/sesi-inaugura-atendimento-oftalmologico-na-zona-leste\/#primaryimage","url":"https:\/\/fieam.org.br\/sesi\/wp-content\/uploads\/sites\/14\/2023\/01\/Denise-Camara-de-52-anos-foi-a-primeira-a-ser-atendida-nesta-manha.jpeg","contentUrl":"https:\/\/fieam.org.br\/sesi\/wp-content\/uploads\/sites\/14\/2023\/01\/Denise-Camara-de-52-anos-foi-a-primeira-a-ser-atendida-nesta-manha.jpeg","width":1280,"height":853},{"@type":"BreadcrumbList","@id":"https:\/\/fieam.org.br\/sesi\/sesi-inaugura-atendimento-oftalmologico-na-zona-leste\/#breadcrumb","itemListElement":[{"@type":"ListItem","position":1,"name":"In\u00edcio","item":"https:\/\/fieam.org.br\/sesi\/"},{"@type":"ListItem","position":2,"name":"SESI inaugura atendimento oftalmol\u00f3gico na Zona Leste"}]},{"@type":"WebSite","@id":"https:\/\/fieam.org.br\/sesi\/#website","url":"https:\/\/fieam.org.br\/sesi\/","name":"SESI","description":"Site Oficial!","publisher":{"@id":"https:\/\/fieam.org.br\/sesi\/#organization"},"potentialAction":[{"@type":"SearchAction","target":{"@type":"EntryPoint","urlTemplate":"https:\/\/fieam.org.br\/sesi\/?s={search_term_string}"},"query-input":{"@type":"PropertyValueSpecification","valueRequired":true,"valueName":"search_term_string"}}],"inLanguage":"pt-BR"},{"@type":"Organization","@id":"https:\/\/fieam.org.br\/sesi\/#organization","name":"SESI","url":"https:\/\/fieam.org.br\/sesi\/","logo":{"@type":"ImageObject","inLanguage":"pt-BR","@id":"https:\/\/fieam.org.br\/sesi\/#\/schema\/logo\/image\/","url":"https:\/\/fieam.org.br\/sesi\/wp-content\/uploads\/sites\/14\/2024\/03\/cropped-fav.png","contentUrl":"https:\/\/fieam.org.br\/sesi\/wp-content\/uploads\/sites\/14\/2024\/03\/cropped-fav.png","width":610,"height":589,"caption":"SESI"},"image":{"@id":"https:\/\/fieam.org.br\/sesi\/#\/schema\/logo\/image\/"}},{"@type":"Person","@id":"https:\/\/fieam.org.br\/sesi\/#\/schema\/person\/c1ceda8321521b291cee22da0a7d34be","name":"Autor","image":{"@type":"ImageObject","inLanguage":"pt-BR","@id":"https:\/\/fieam.org.br\/sesi\/#\/schema\/person\/image\/","url":"https:\/\/secure.gravatar.com\/avatar\/3732c223e0e1fad69062a8f770955c9068d37b055204f310a0be18d4069fe380?s=96&d=mm&r=g","contentUrl":"https:\/\/secure.gravatar.com\/avatar\/3732c223e0e1fad69062a8f770955c9068d37b055204f310a0be18d4069fe380?s=96&d=mm&r=g","caption":"Autor"},"sameAs":["https:\/\/marketingmassivo.com.br"],"url":"https:\/\/fieam.org.br\/sesi\/author\/admin\/"}]}},"_links":{"self":[{"href":"https:\/\/fieam.org.br\/sesi\/wp-json\/wp\/v2\/posts\/18995","targetHints":{"allow":["GET"]}}],"collection":[{"href":"https:\/\/fieam.org.br\/sesi\/wp-json\/wp\/v2\/posts"}],"about":[{"href":"https:\/\/fieam.org.br\/sesi\/wp-json\/wp\/v2\/types\/post"}],"author":[{"embeddable":true,"href":"https:\/\/fieam.org.br\/sesi\/wp-json\/wp\/v2\/users\/1"}],"replies":[{"embeddable":true,"href":"https:\/\/fieam.org.br\/sesi\/wp-json\/wp\/v2\/comments?post=18995"}],"version-history":[{"count":0,"href":"https:\/\/fieam.org.br\/sesi\/wp-json\/wp\/v2\/posts\/18995\/revisions"}],"wp:featuredmedia":[{"embeddable":true,"href":"https:\/\/fieam.org.br\/sesi\/wp-json\/wp\/v2\/media\/18996"}],"wp:attachment":[{"href":"https:\/\/fieam.org.br\/sesi\/wp-json\/wp\/v2\/media?parent=18995"}],"wp:term":[{"taxonomy":"category","embeddable":true,"href":"https:\/\/fieam.org.br\/sesi\/wp-json\/wp\/v2\/categories?post=18995"},{"taxonomy":"post_tag","embeddable":true,"href":"https:\/\/fieam.org.br\/sesi\/wp-json\/wp\/v2\/tags?post=18995"}],"curies":[{"name":"wp","href":"https:\/\/api.w.org\/{rel}","templated":true}]}}