{"id":18323,"date":"2022-05-03T12:33:31","date_gmt":"2022-05-03T16:33:31","guid":{"rendered":"http:\/\/www.fieam.org.br\/sesi\/?p=18323"},"modified":"2022-05-03T12:33:31","modified_gmt":"2022-05-03T16:33:31","slug":"comunicado-de-processo-seletivo-externo-no-015-2022-pso-jardineiro-parintins","status":"publish","type":"post","link":"https:\/\/fieam.org.br\/sesi\/comunicado-de-processo-seletivo-externo-no-015-2022-pso-jardineiro-parintins\/","title":{"rendered":"COMUNICADO DE PROCESSO SELETIVO EXTERNO &#8211; N\u00ba 015\/2022 &#8211; PSO Jardineiro\/Parintins"},"content":{"rendered":"<h4>&nbsp;<\/h4>\n<h4 style=\"text-align: center\"><strong>COMUNICADO DE PROCESSO SELETIVO EXTERNO &#8211; N\u00ba 015-2022<\/strong><\/h4>\n<p>&nbsp;<\/p>\n<p><strong>CARGO\/OCUPA\u00c7\u00c3O:<\/strong> PSO \u2013 Profissional de Suporte Operacional<\/p>\n<p><strong>OCUPA\u00c7\u00c3O:<\/strong> Servi\u00e7os Operacionais (Jardineiro)<\/p>\n<p><strong>SAL\u00c1RIO: <\/strong>R$ 1.236,11<\/p>\n<p>&nbsp;<\/p>\n<p>O Servi\u00e7o Social da Ind\u00fastria &#8211; SESI, por meio do Departamento de Gest\u00e3o de Pessoas\/Sele\u00e7\u00e3o de Talentos do Sistema Federa\u00e7\u00e3o das Ind\u00fastrias do Estado do Amazonas \u2013 FIEAM, abre inscri\u00e7\u00f5es para vaga acima e cadastro reserva na cidade de Parintins.<\/p>\n<p>&nbsp;<\/p>\n<p><strong>REQUISITOS M\u00cdNIMOS EXIGIDOS PARA O CARGO<\/strong><\/p>\n<ul>\n<li>Escolaridade em Ensino M\u00e9dio Completo.<\/li>\n<li>Experi\u00eancia, no m\u00ednimo, de 6 meses comprovada na \u00e1rea.<\/li>\n<li>Desej\u00e1veis cursos de aperfei\u00e7oamento na \u00e1rea de atua\u00e7\u00e3o como jardinagem, paisagismo, plantas ornamentais, entre outros.<\/li>\n<li>Desej\u00e1vel conhecimento de inform\u00e1tica b\u00e1sica.<\/li>\n<li>Desej\u00e1vel conhecimento de plataformas de estudo a dist\u00e2ncia.<\/li>\n<li>Disponibilidade para trabalhar aos s\u00e1bados, quando houver necessidade.<\/li>\n<li>Residir em Parintins.<\/li>\n<\/ul>\n<p><a href=\"https:\/\/marketingmassivo.com.br\/sesi\/wp-content\/uploads\/sites\/12\/2022\/05\/030522-Comunicado-Jardineiro-Parintins_2.doc\">Clique aqui para obter as informa\u00e7\u00f5es pertinentes ao processo.<\/a><\/p>\n<p><a href=\"https:\/\/marketingmassivo.com.br\/sesi\/wp-content\/uploads\/sites\/12\/2021\/11\/RQ-5.4.9.001-07-Cadastro-inicial_Rev.04-8.pdf\">Formul\u00e1rio de Cadastro Inicial<\/a><\/p>\n<p><a href=\"https:\/\/marketingmassivo.com.br\/sesi\/wp-content\/uploads\/sites\/12\/2022\/05\/100522-2-015-2022-Comunicado-Cancelamento-por-falta-de-Quorum.doc\">Cancelamento por falta de Qu\u00f3rum<\/a><\/p>\n","protected":false},"excerpt":{"rendered":"<p>&nbsp; COMUNICADO DE PROCESSO SELETIVO EXTERNO &#8211; N\u00ba 015-2022 &nbsp; CARGO\/OCUPA\u00c7\u00c3O: PSO \u2013 Profissional de Suporte Operacional OCUPA\u00c7\u00c3O: Servi\u00e7os Operacionais (Jardineiro) SAL\u00c1RIO: R$ 1.236,11 &nbsp; O Servi\u00e7o Social da Ind\u00fastria &#8211; SESI, por meio do Departamento de Gest\u00e3o de Pessoas\/Sele\u00e7\u00e3o de Talentos do Sistema Federa\u00e7\u00e3o das Ind\u00fastrias do Estado do Amazonas \u2013 FIEAM, abre inscri\u00e7\u00f5es [&hellip;]<\/p>\n","protected":false},"author":1,"featured_media":18315,"comment_status":"closed","ping_status":"open","sticky":false,"template":"","format":"standard","meta":{"footnotes":""},"categories":[21,28],"tags":[],"class_list":["post-18323","post","type-post","status-publish","format-standard","has-post-thumbnail","hentry","category-editais","category-selecao"],"yoast_head":"<!-- This site is optimized with the Yoast SEO plugin v28.2 - https:\/\/yoast.com\/product\/yoast-seo-wordpress\/ -->\n<title>COMUNICADO DE PROCESSO SELETIVO EXTERNO - N\u00ba 015\/2022 - PSO Jardineiro\/Parintins - SESI<\/title>\n<meta name=\"robots\" content=\"index, follow, max-snippet:-1, max-image-preview:large, max-video-preview:-1\" \/>\n<link rel=\"canonical\" href=\"https:\/\/fieam.org.br\/sesi\/comunicado-de-processo-seletivo-externo-no-015-2022-pso-jardineiro-parintins\/\" \/>\n<meta property=\"og:locale\" content=\"pt_BR\" \/>\n<meta property=\"og:type\" content=\"article\" \/>\n<meta property=\"og:title\" content=\"COMUNICADO DE PROCESSO SELETIVO EXTERNO - N\u00ba 015\/2022 - PSO Jardineiro\/Parintins - SESI\" \/>\n<meta property=\"og:description\" content=\"&nbsp; COMUNICADO DE PROCESSO SELETIVO EXTERNO &#8211; N\u00ba 015-2022 &nbsp; CARGO\/OCUPA\u00c7\u00c3O: PSO \u2013 Profissional de Suporte Operacional OCUPA\u00c7\u00c3O: Servi\u00e7os Operacionais (Jardineiro) SAL\u00c1RIO: R$ 1.236,11 &nbsp; O Servi\u00e7o Social da Ind\u00fastria &#8211; SESI, por meio do Departamento de Gest\u00e3o de Pessoas\/Sele\u00e7\u00e3o de Talentos do Sistema Federa\u00e7\u00e3o das Ind\u00fastrias do Estado do Amazonas \u2013 FIEAM, abre inscri\u00e7\u00f5es [&hellip;]\" \/>\n<meta property=\"og:url\" content=\"https:\/\/fieam.org.br\/sesi\/comunicado-de-processo-seletivo-externo-no-015-2022-pso-jardineiro-parintins\/\" \/>\n<meta property=\"og:site_name\" content=\"SESI\" \/>\n<meta property=\"article:published_time\" content=\"2022-05-03T16:33:31+00:00\" \/>\n<meta property=\"og:image\" content=\"https:\/\/fieam.org.br\/sesi\/wp-content\/uploads\/sites\/14\/2022\/05\/Selecao-de-Talentos-1-300x200-1.jpg\" \/>\n\t<meta property=\"og:image:width\" content=\"300\" \/>\n\t<meta property=\"og:image:height\" content=\"200\" \/>\n\t<meta property=\"og:image:type\" content=\"image\/jpeg\" \/>\n<meta name=\"author\" content=\"Autor\" \/>\n<meta name=\"twitter:card\" content=\"summary_large_image\" \/>\n<meta name=\"twitter:label1\" content=\"Escrito por\" \/>\n\t<meta name=\"twitter:data1\" content=\"Autor\" \/>\n\t<meta name=\"twitter:label2\" content=\"Est. tempo de leitura\" \/>\n\t<meta name=\"twitter:data2\" content=\"1 minuto\" \/>\n<script type=\"application\/ld+json\" class=\"yoast-schema-graph\">{\"@context\":\"https:\\\/\\\/schema.org\",\"@graph\":[{\"@type\":\"Article\",\"@id\":\"https:\\\/\\\/fieam.org.br\\\/sesi\\\/comunicado-de-processo-seletivo-externo-no-015-2022-pso-jardineiro-parintins\\\/#article\",\"isPartOf\":{\"@id\":\"https:\\\/\\\/fieam.org.br\\\/sesi\\\/comunicado-de-processo-seletivo-externo-no-015-2022-pso-jardineiro-parintins\\\/\"},\"author\":{\"name\":\"Autor\",\"@id\":\"https:\\\/\\\/fieam.org.br\\\/sesi\\\/#\\\/schema\\\/person\\\/f54998dd14d5f0695b41444f2b01c31e\"},\"headline\":\"COMUNICADO DE PROCESSO SELETIVO EXTERNO &#8211; N\u00ba 015\\\/2022 &#8211; PSO Jardineiro\\\/Parintins\",\"datePublished\":\"2022-05-03T16:33:31+00:00\",\"mainEntityOfPage\":{\"@id\":\"https:\\\/\\\/fieam.org.br\\\/sesi\\\/comunicado-de-processo-seletivo-externo-no-015-2022-pso-jardineiro-parintins\\\/\"},\"wordCount\":179,\"publisher\":{\"@id\":\"https:\\\/\\\/fieam.org.br\\\/sesi\\\/#organization\"},\"image\":{\"@id\":\"https:\\\/\\\/fieam.org.br\\\/sesi\\\/comunicado-de-processo-seletivo-externo-no-015-2022-pso-jardineiro-parintins\\\/#primaryimage\"},\"thumbnailUrl\":\"https:\\\/\\\/fieam.org.br\\\/sesi\\\/wp-content\\\/uploads\\\/sites\\\/14\\\/2022\\\/05\\\/Selecao-de-Talentos-1-300x200-1.jpg\",\"articleSection\":[\"editais\",\"selecao\"],\"inLanguage\":\"pt-BR\"},{\"@type\":\"WebPage\",\"@id\":\"https:\\\/\\\/fieam.org.br\\\/sesi\\\/comunicado-de-processo-seletivo-externo-no-015-2022-pso-jardineiro-parintins\\\/\",\"url\":\"https:\\\/\\\/fieam.org.br\\\/sesi\\\/comunicado-de-processo-seletivo-externo-no-015-2022-pso-jardineiro-parintins\\\/\",\"name\":\"COMUNICADO DE PROCESSO SELETIVO EXTERNO - N\u00ba 015\\\/2022 - PSO Jardineiro\\\/Parintins - SESI\",\"isPartOf\":{\"@id\":\"https:\\\/\\\/fieam.org.br\\\/sesi\\\/#website\"},\"primaryImageOfPage\":{\"@id\":\"https:\\\/\\\/fieam.org.br\\\/sesi\\\/comunicado-de-processo-seletivo-externo-no-015-2022-pso-jardineiro-parintins\\\/#primaryimage\"},\"image\":{\"@id\":\"https:\\\/\\\/fieam.org.br\\\/sesi\\\/comunicado-de-processo-seletivo-externo-no-015-2022-pso-jardineiro-parintins\\\/#primaryimage\"},\"thumbnailUrl\":\"https:\\\/\\\/fieam.org.br\\\/sesi\\\/wp-content\\\/uploads\\\/sites\\\/14\\\/2022\\\/05\\\/Selecao-de-Talentos-1-300x200-1.jpg\",\"datePublished\":\"2022-05-03T16:33:31+00:00\",\"breadcrumb\":{\"@id\":\"https:\\\/\\\/fieam.org.br\\\/sesi\\\/comunicado-de-processo-seletivo-externo-no-015-2022-pso-jardineiro-parintins\\\/#breadcrumb\"},\"inLanguage\":\"pt-BR\",\"potentialAction\":[{\"@type\":\"ReadAction\",\"target\":[\"https:\\\/\\\/fieam.org.br\\\/sesi\\\/comunicado-de-processo-seletivo-externo-no-015-2022-pso-jardineiro-parintins\\\/\"]}]},{\"@type\":\"ImageObject\",\"inLanguage\":\"pt-BR\",\"@id\":\"https:\\\/\\\/fieam.org.br\\\/sesi\\\/comunicado-de-processo-seletivo-externo-no-015-2022-pso-jardineiro-parintins\\\/#primaryimage\",\"url\":\"https:\\\/\\\/fieam.org.br\\\/sesi\\\/wp-content\\\/uploads\\\/sites\\\/14\\\/2022\\\/05\\\/Selecao-de-Talentos-1-300x200-1.jpg\",\"contentUrl\":\"https:\\\/\\\/fieam.org.br\\\/sesi\\\/wp-content\\\/uploads\\\/sites\\\/14\\\/2022\\\/05\\\/Selecao-de-Talentos-1-300x200-1.jpg\",\"width\":300,\"height\":200},{\"@type\":\"BreadcrumbList\",\"@id\":\"https:\\\/\\\/fieam.org.br\\\/sesi\\\/comunicado-de-processo-seletivo-externo-no-015-2022-pso-jardineiro-parintins\\\/#breadcrumb\",\"itemListElement\":[{\"@type\":\"ListItem\",\"position\":1,\"name\":\"In\u00edcio\",\"item\":\"https:\\\/\\\/fieam.org.br\\\/sesi\\\/\"},{\"@type\":\"ListItem\",\"position\":2,\"name\":\"COMUNICADO DE PROCESSO SELETIVO EXTERNO &#8211; N\u00ba 015\\\/2022 &#8211; PSO Jardineiro\\\/Parintins\"}]},{\"@type\":\"WebSite\",\"@id\":\"https:\\\/\\\/fieam.org.br\\\/sesi\\\/#website\",\"url\":\"https:\\\/\\\/fieam.org.br\\\/sesi\\\/\",\"name\":\"SESI\",\"description\":\"Site Oficial!\",\"publisher\":{\"@id\":\"https:\\\/\\\/fieam.org.br\\\/sesi\\\/#organization\"},\"potentialAction\":[{\"@type\":\"SearchAction\",\"target\":{\"@type\":\"EntryPoint\",\"urlTemplate\":\"https:\\\/\\\/fieam.org.br\\\/sesi\\\/?s={search_term_string}\"},\"query-input\":{\"@type\":\"PropertyValueSpecification\",\"valueRequired\":true,\"valueName\":\"search_term_string\"}}],\"inLanguage\":\"pt-BR\"},{\"@type\":\"Organization\",\"@id\":\"https:\\\/\\\/fieam.org.br\\\/sesi\\\/#organization\",\"name\":\"SESI\",\"url\":\"https:\\\/\\\/fieam.org.br\\\/sesi\\\/\",\"logo\":{\"@type\":\"ImageObject\",\"inLanguage\":\"pt-BR\",\"@id\":\"https:\\\/\\\/fieam.org.br\\\/sesi\\\/#\\\/schema\\\/logo\\\/image\\\/\",\"url\":\"https:\\\/\\\/fieam.org.br\\\/sesi\\\/wp-content\\\/uploads\\\/sites\\\/14\\\/2024\\\/03\\\/cropped-fav.png\",\"contentUrl\":\"https:\\\/\\\/fieam.org.br\\\/sesi\\\/wp-content\\\/uploads\\\/sites\\\/14\\\/2024\\\/03\\\/cropped-fav.png\",\"width\":610,\"height\":589,\"caption\":\"SESI\"},\"image\":{\"@id\":\"https:\\\/\\\/fieam.org.br\\\/sesi\\\/#\\\/schema\\\/logo\\\/image\\\/\"}},{\"@type\":\"Person\",\"@id\":\"https:\\\/\\\/fieam.org.br\\\/sesi\\\/#\\\/schema\\\/person\\\/f54998dd14d5f0695b41444f2b01c31e\",\"name\":\"Autor\",\"image\":{\"@type\":\"ImageObject\",\"inLanguage\":\"pt-BR\",\"@id\":\"https:\\\/\\\/secure.gravatar.com\\\/avatar\\\/3732c223e0e1fad69062a8f770955c9068d37b055204f310a0be18d4069fe380?s=96&d=mm&r=g\",\"url\":\"https:\\\/\\\/secure.gravatar.com\\\/avatar\\\/3732c223e0e1fad69062a8f770955c9068d37b055204f310a0be18d4069fe380?s=96&d=mm&r=g\",\"contentUrl\":\"https:\\\/\\\/secure.gravatar.com\\\/avatar\\\/3732c223e0e1fad69062a8f770955c9068d37b055204f310a0be18d4069fe380?s=96&d=mm&r=g\",\"caption\":\"Autor\"},\"sameAs\":[\"https:\\\/\\\/marketingmassivo.com.br\"],\"url\":\"https:\\\/\\\/fieam.org.br\\\/sesi\\\/author\\\/admin\\\/\"}]}<\/script>\n<!-- \/ Yoast SEO plugin. -->","yoast_head_json":{"title":"COMUNICADO DE PROCESSO SELETIVO EXTERNO - N\u00ba 015\/2022 - PSO Jardineiro\/Parintins - SESI","robots":{"index":"index","follow":"follow","max-snippet":"max-snippet:-1","max-image-preview":"max-image-preview:large","max-video-preview":"max-video-preview:-1"},"canonical":"https:\/\/fieam.org.br\/sesi\/comunicado-de-processo-seletivo-externo-no-015-2022-pso-jardineiro-parintins\/","og_locale":"pt_BR","og_type":"article","og_title":"COMUNICADO DE PROCESSO SELETIVO EXTERNO - N\u00ba 015\/2022 - PSO Jardineiro\/Parintins - SESI","og_description":"&nbsp; COMUNICADO DE PROCESSO SELETIVO EXTERNO &#8211; N\u00ba 015-2022 &nbsp; CARGO\/OCUPA\u00c7\u00c3O: PSO \u2013 Profissional de Suporte Operacional OCUPA\u00c7\u00c3O: Servi\u00e7os Operacionais (Jardineiro) SAL\u00c1RIO: R$ 1.236,11 &nbsp; O Servi\u00e7o Social da Ind\u00fastria &#8211; SESI, por meio do Departamento de Gest\u00e3o de Pessoas\/Sele\u00e7\u00e3o de Talentos do Sistema Federa\u00e7\u00e3o das Ind\u00fastrias do Estado do Amazonas \u2013 FIEAM, abre inscri\u00e7\u00f5es [&hellip;]","og_url":"https:\/\/fieam.org.br\/sesi\/comunicado-de-processo-seletivo-externo-no-015-2022-pso-jardineiro-parintins\/","og_site_name":"SESI","article_published_time":"2022-05-03T16:33:31+00:00","og_image":[{"width":300,"height":200,"url":"https:\/\/fieam.org.br\/sesi\/wp-content\/uploads\/sites\/14\/2022\/05\/Selecao-de-Talentos-1-300x200-1.jpg","type":"image\/jpeg"}],"author":"Autor","twitter_card":"summary_large_image","twitter_misc":{"Escrito por":"Autor","Est. tempo de leitura":"1 minuto"},"schema":{"@context":"https:\/\/schema.org","@graph":[{"@type":"Article","@id":"https:\/\/fieam.org.br\/sesi\/comunicado-de-processo-seletivo-externo-no-015-2022-pso-jardineiro-parintins\/#article","isPartOf":{"@id":"https:\/\/fieam.org.br\/sesi\/comunicado-de-processo-seletivo-externo-no-015-2022-pso-jardineiro-parintins\/"},"author":{"name":"Autor","@id":"https:\/\/fieam.org.br\/sesi\/#\/schema\/person\/f54998dd14d5f0695b41444f2b01c31e"},"headline":"COMUNICADO DE PROCESSO SELETIVO EXTERNO &#8211; N\u00ba 015\/2022 &#8211; PSO Jardineiro\/Parintins","datePublished":"2022-05-03T16:33:31+00:00","mainEntityOfPage":{"@id":"https:\/\/fieam.org.br\/sesi\/comunicado-de-processo-seletivo-externo-no-015-2022-pso-jardineiro-parintins\/"},"wordCount":179,"publisher":{"@id":"https:\/\/fieam.org.br\/sesi\/#organization"},"image":{"@id":"https:\/\/fieam.org.br\/sesi\/comunicado-de-processo-seletivo-externo-no-015-2022-pso-jardineiro-parintins\/#primaryimage"},"thumbnailUrl":"https:\/\/fieam.org.br\/sesi\/wp-content\/uploads\/sites\/14\/2022\/05\/Selecao-de-Talentos-1-300x200-1.jpg","articleSection":["editais","selecao"],"inLanguage":"pt-BR"},{"@type":"WebPage","@id":"https:\/\/fieam.org.br\/sesi\/comunicado-de-processo-seletivo-externo-no-015-2022-pso-jardineiro-parintins\/","url":"https:\/\/fieam.org.br\/sesi\/comunicado-de-processo-seletivo-externo-no-015-2022-pso-jardineiro-parintins\/","name":"COMUNICADO DE PROCESSO SELETIVO EXTERNO - N\u00ba 015\/2022 - PSO Jardineiro\/Parintins - SESI","isPartOf":{"@id":"https:\/\/fieam.org.br\/sesi\/#website"},"primaryImageOfPage":{"@id":"https:\/\/fieam.org.br\/sesi\/comunicado-de-processo-seletivo-externo-no-015-2022-pso-jardineiro-parintins\/#primaryimage"},"image":{"@id":"https:\/\/fieam.org.br\/sesi\/comunicado-de-processo-seletivo-externo-no-015-2022-pso-jardineiro-parintins\/#primaryimage"},"thumbnailUrl":"https:\/\/fieam.org.br\/sesi\/wp-content\/uploads\/sites\/14\/2022\/05\/Selecao-de-Talentos-1-300x200-1.jpg","datePublished":"2022-05-03T16:33:31+00:00","breadcrumb":{"@id":"https:\/\/fieam.org.br\/sesi\/comunicado-de-processo-seletivo-externo-no-015-2022-pso-jardineiro-parintins\/#breadcrumb"},"inLanguage":"pt-BR","potentialAction":[{"@type":"ReadAction","target":["https:\/\/fieam.org.br\/sesi\/comunicado-de-processo-seletivo-externo-no-015-2022-pso-jardineiro-parintins\/"]}]},{"@type":"ImageObject","inLanguage":"pt-BR","@id":"https:\/\/fieam.org.br\/sesi\/comunicado-de-processo-seletivo-externo-no-015-2022-pso-jardineiro-parintins\/#primaryimage","url":"https:\/\/fieam.org.br\/sesi\/wp-content\/uploads\/sites\/14\/2022\/05\/Selecao-de-Talentos-1-300x200-1.jpg","contentUrl":"https:\/\/fieam.org.br\/sesi\/wp-content\/uploads\/sites\/14\/2022\/05\/Selecao-de-Talentos-1-300x200-1.jpg","width":300,"height":200},{"@type":"BreadcrumbList","@id":"https:\/\/fieam.org.br\/sesi\/comunicado-de-processo-seletivo-externo-no-015-2022-pso-jardineiro-parintins\/#breadcrumb","itemListElement":[{"@type":"ListItem","position":1,"name":"In\u00edcio","item":"https:\/\/fieam.org.br\/sesi\/"},{"@type":"ListItem","position":2,"name":"COMUNICADO DE PROCESSO SELETIVO EXTERNO &#8211; N\u00ba 015\/2022 &#8211; PSO Jardineiro\/Parintins"}]},{"@type":"WebSite","@id":"https:\/\/fieam.org.br\/sesi\/#website","url":"https:\/\/fieam.org.br\/sesi\/","name":"SESI","description":"Site Oficial!","publisher":{"@id":"https:\/\/fieam.org.br\/sesi\/#organization"},"potentialAction":[{"@type":"SearchAction","target":{"@type":"EntryPoint","urlTemplate":"https:\/\/fieam.org.br\/sesi\/?s={search_term_string}"},"query-input":{"@type":"PropertyValueSpecification","valueRequired":true,"valueName":"search_term_string"}}],"inLanguage":"pt-BR"},{"@type":"Organization","@id":"https:\/\/fieam.org.br\/sesi\/#organization","name":"SESI","url":"https:\/\/fieam.org.br\/sesi\/","logo":{"@type":"ImageObject","inLanguage":"pt-BR","@id":"https:\/\/fieam.org.br\/sesi\/#\/schema\/logo\/image\/","url":"https:\/\/fieam.org.br\/sesi\/wp-content\/uploads\/sites\/14\/2024\/03\/cropped-fav.png","contentUrl":"https:\/\/fieam.org.br\/sesi\/wp-content\/uploads\/sites\/14\/2024\/03\/cropped-fav.png","width":610,"height":589,"caption":"SESI"},"image":{"@id":"https:\/\/fieam.org.br\/sesi\/#\/schema\/logo\/image\/"}},{"@type":"Person","@id":"https:\/\/fieam.org.br\/sesi\/#\/schema\/person\/f54998dd14d5f0695b41444f2b01c31e","name":"Autor","image":{"@type":"ImageObject","inLanguage":"pt-BR","@id":"https:\/\/secure.gravatar.com\/avatar\/3732c223e0e1fad69062a8f770955c9068d37b055204f310a0be18d4069fe380?s=96&d=mm&r=g","url":"https:\/\/secure.gravatar.com\/avatar\/3732c223e0e1fad69062a8f770955c9068d37b055204f310a0be18d4069fe380?s=96&d=mm&r=g","contentUrl":"https:\/\/secure.gravatar.com\/avatar\/3732c223e0e1fad69062a8f770955c9068d37b055204f310a0be18d4069fe380?s=96&d=mm&r=g","caption":"Autor"},"sameAs":["https:\/\/marketingmassivo.com.br"],"url":"https:\/\/fieam.org.br\/sesi\/author\/admin\/"}]}},"_links":{"self":[{"href":"https:\/\/fieam.org.br\/sesi\/wp-json\/wp\/v2\/posts\/18323","targetHints":{"allow":["GET"]}}],"collection":[{"href":"https:\/\/fieam.org.br\/sesi\/wp-json\/wp\/v2\/posts"}],"about":[{"href":"https:\/\/fieam.org.br\/sesi\/wp-json\/wp\/v2\/types\/post"}],"author":[{"embeddable":true,"href":"https:\/\/fieam.org.br\/sesi\/wp-json\/wp\/v2\/users\/1"}],"replies":[{"embeddable":true,"href":"https:\/\/fieam.org.br\/sesi\/wp-json\/wp\/v2\/comments?post=18323"}],"version-history":[{"count":0,"href":"https:\/\/fieam.org.br\/sesi\/wp-json\/wp\/v2\/posts\/18323\/revisions"}],"wp:featuredmedia":[{"embeddable":true,"href":"https:\/\/fieam.org.br\/sesi\/wp-json\/wp\/v2\/media\/18315"}],"wp:attachment":[{"href":"https:\/\/fieam.org.br\/sesi\/wp-json\/wp\/v2\/media?parent=18323"}],"wp:term":[{"taxonomy":"category","embeddable":true,"href":"https:\/\/fieam.org.br\/sesi\/wp-json\/wp\/v2\/categories?post=18323"},{"taxonomy":"post_tag","embeddable":true,"href":"https:\/\/fieam.org.br\/sesi\/wp-json\/wp\/v2\/tags?post=18323"}],"curies":[{"name":"wp","href":"https:\/\/api.w.org\/{rel}","templated":true}]}}