{"id":17971,"date":"2022-03-23T08:45:22","date_gmt":"2022-03-23T12:45:22","guid":{"rendered":"http:\/\/www.fieam.org.br\/sesi\/?p=17971"},"modified":"2022-03-23T08:45:22","modified_gmt":"2022-03-23T12:45:22","slug":"sesi-clube-tem-atividades-esportivas-e-culturais-sob-medida-para-voce","status":"publish","type":"post","link":"https:\/\/fieam.org.br\/sesi\/sesi-clube-tem-atividades-esportivas-e-culturais-sob-medida-para-voce\/","title":{"rendered":"SESI Clube tem atividades, esportivas e culturais sob medida para voc\u00ea"},"content":{"rendered":"<figure id=\"attachment_17972\" aria-describedby=\"caption-attachment-17972\" style=\"width: 455px\" class=\"wp-caption alignright\"><a href=\"https:\/\/marketingmassivo.com.br\/sesi\/wp-content\/uploads\/sites\/12\/2022\/03\/Academia-SESI-conta-com-treinos-personalizados-para-clientes.jpeg\"><img fetchpriority=\"high\" decoding=\"async\" class=\"wp-image-17972\" src=\"http:\/\/www.fieam.org.br\/sesi\/wp-content\/uploads\/sites\/2\/2022\/03\/Academia-SESI-conta-com-treinos-personalizados-para-clientes-1024x682.jpeg\" alt=\"\" width=\"455\" height=\"303\" srcset=\"https:\/\/fieam.org.br\/sesi\/wp-content\/uploads\/sites\/14\/2022\/03\/Academia-SESI-conta-com-treinos-personalizados-para-clientes-1024x682.jpeg 1024w, https:\/\/fieam.org.br\/sesi\/wp-content\/uploads\/sites\/14\/2022\/03\/Academia-SESI-conta-com-treinos-personalizados-para-clientes-300x200.jpeg 300w, https:\/\/fieam.org.br\/sesi\/wp-content\/uploads\/sites\/14\/2022\/03\/Academia-SESI-conta-com-treinos-personalizados-para-clientes-768x512.jpeg 768w, https:\/\/fieam.org.br\/sesi\/wp-content\/uploads\/sites\/14\/2022\/03\/Academia-SESI-conta-com-treinos-personalizados-para-clientes.jpeg 1280w\" sizes=\"(max-width: 455px) 100vw, 455px\" \/><\/a><figcaption id=\"caption-attachment-17972\" class=\"wp-caption-text\">Academia SESI conta com treinos personalizados para clientes<\/figcaption><\/figure>\n<p>Com 40 anos de hist\u00f3ria, o Clube do Trabalhador do SESI, localizado na Alameda Cosme Ferreira, 7399, S\u00e3o Jos\u00e9 I, retoma as suas atividades presenciais p\u00f3s pausa pand\u00eamica. Na nova fase j\u00e1 est\u00e3o dispon\u00edveis ao p\u00fablico \u2013 os industri\u00e1rios, seus dependentes e toda a comunidade &#8211; 15 atividades f\u00edsicas e modalidades esportivas, como incentivo \u00e0 pr\u00e1tica do esporte, cultura, lazer e bem-estar.<\/p>\n<p><strong>Academia<\/strong><\/p>\n<p>Com infraestrutura segura e estacionamento amplo, a academia do SESI funciona de segunda a sexta, das 6h \u00e0s 22h e aos s\u00e1bados, das 7h \u00e0 12h. Os\u00a0servi\u00e7os contam com treinos personalizados para cada cliente, trabalhando tanto a muscula\u00e7\u00e3o como os exerc\u00edcios aer\u00f3bicos, com aulas de: circuito, super abd\u00f4men, ritmos e pump (modalidade que une muscula\u00e7\u00e3o e gin\u00e1stica). \u201cOs alunos tamb\u00e9m realizam uma avalia\u00e7\u00e3o f\u00edsica para acompanhamento de sua evolu\u00e7\u00e3o dentro do treinamento. \u201d, explicou a profissional de Educa\u00e7\u00e3o F\u00edsica e instrutora da academia, Rose Silva.<\/p>\n<figure id=\"attachment_17973\" aria-describedby=\"caption-attachment-17973\" style=\"width: 440px\" class=\"wp-caption alignleft\"><a href=\"https:\/\/marketingmassivo.com.br\/sesi\/wp-content\/uploads\/sites\/12\/2022\/03\/Aulas-de-natacao-a-partir-dos-6-anos-de-idade.jpeg\"><img decoding=\"async\" class=\"wp-image-17973\" src=\"http:\/\/www.fieam.org.br\/sesi\/wp-content\/uploads\/sites\/2\/2022\/03\/Aulas-de-natacao-a-partir-dos-6-anos-de-idade-1024x682.jpeg\" alt=\"\" width=\"440\" height=\"293\" srcset=\"https:\/\/fieam.org.br\/sesi\/wp-content\/uploads\/sites\/14\/2022\/03\/Aulas-de-natacao-a-partir-dos-6-anos-de-idade-1024x682.jpeg 1024w, https:\/\/fieam.org.br\/sesi\/wp-content\/uploads\/sites\/14\/2022\/03\/Aulas-de-natacao-a-partir-dos-6-anos-de-idade-300x200.jpeg 300w, https:\/\/fieam.org.br\/sesi\/wp-content\/uploads\/sites\/14\/2022\/03\/Aulas-de-natacao-a-partir-dos-6-anos-de-idade-768x512.jpeg 768w, https:\/\/fieam.org.br\/sesi\/wp-content\/uploads\/sites\/14\/2022\/03\/Aulas-de-natacao-a-partir-dos-6-anos-de-idade.jpeg 1280w\" sizes=\"(max-width: 440px) 100vw, 440px\" \/><\/a><figcaption id=\"caption-attachment-17973\" class=\"wp-caption-text\">Aulas de nata\u00e7\u00e3o a partir dos 6 anos de idade<\/figcaption><\/figure>\n<p>&nbsp;<\/p>\n<p>&nbsp;<\/p>\n<p>&nbsp;<\/p>\n<p><strong>Nata\u00e7\u00e3o <\/strong><\/p>\n<p>O Clube do Trabalhador, com estrutura formada por piscina ol\u00edmpica, piscina recreativa e tanque de salto, oferece aulas de nata\u00e7\u00e3o, de segunda a sexta-feira em diversos hor\u00e1rios, a partir das 6h30 at\u00e9 21h. Das aulas participam desde crian\u00e7as, a partir dos 6 anos de idade. Claudio e C\u00e1ssio, por exemplo, possuem 10 e 9 anos respetivamente e est\u00e3o realizando as aulas no SESI desde o ano passado. \u201cEles gostam muito, \u00e9 um momento de distra\u00e7\u00e3o e lazer\u201d, afirmou Jucilene, m\u00e3e dos garotos.<\/p>\n<p>&nbsp;<\/p>\n<p>&nbsp;<\/p>\n<p>&nbsp;<\/p>\n<p>&nbsp;<\/p>\n<p>&nbsp;<\/p>\n<p>Conhe\u00e7a outros servi\u00e7os dispon\u00edveis:<\/p>\n<table>\n<tbody>\n<tr>\n<td width=\"189\"><strong>Modalidade <\/strong><\/td>\n<td width=\"189\"><strong>Hor\u00e1rios Dispon\u00edveis<\/strong><\/td>\n<td width=\"189\"><strong>\u00a0Dias Dispon\u00edveis <\/strong><\/td>\n<\/tr>\n<tr>\n<td width=\"189\">Hidrogin\u00e1stica<\/td>\n<td width=\"189\">7h30 \u00e0s 21h<\/td>\n<td width=\"189\">Segunda a Sexta<\/td>\n<\/tr>\n<tr>\n<td width=\"189\">TAF \u2013 Teste de Aptid\u00e3o F\u00edsica<\/td>\n<td width=\"189\">&nbsp;<\/p>\n<p>9h30 \u00e0s 22h<\/td>\n<td width=\"189\">Ter\u00e7a, Quinta e Sexta<\/td>\n<\/tr>\n<tr>\n<td width=\"189\">T\u00eanis de Quadra<\/td>\n<td width=\"189\">18h \u00e0s 20h<\/td>\n<td width=\"189\">Segunda a Quinta<\/td>\n<\/tr>\n<tr>\n<td width=\"189\">Karat\u00ea<\/td>\n<td width=\"189\">16h \u00e0s 20h<\/td>\n<td width=\"189\">Segunda a Sexta<\/td>\n<\/tr>\n<tr>\n<td width=\"189\">Futsal<\/td>\n<td width=\"189\">18h \u00e0s 20h<\/td>\n<td width=\"189\">Segunda a Sexta<\/td>\n<\/tr>\n<tr>\n<td width=\"189\">Baby Class<\/td>\n<td width=\"189\">16h30 \u00e0s 18h30<\/td>\n<td width=\"189\">Ter\u00e7a e Quinta<\/td>\n<\/tr>\n<tr>\n<td width=\"189\">Bal\u00e9 Infantil<\/td>\n<td width=\"189\">18h30 \u00e0s 19h30<\/td>\n<td width=\"189\">Ter\u00e7a e Quinta<\/td>\n<\/tr>\n<tr>\n<td width=\"189\">Bal\u00e9 Juvenil Adulto<\/td>\n<td width=\"189\">16h30 \u00e0s 17h30<\/td>\n<td width=\"189\">Segunda e Quarta<\/td>\n<\/tr>\n<tr>\n<td width=\"189\">Jazz Infantil<\/td>\n<td width=\"189\">17h30 \u00e0s 18h30<\/td>\n<td width=\"189\">Segunda e Quarta<\/td>\n<\/tr>\n<tr>\n<td width=\"189\">Jazz Juvenil Adulto<\/td>\n<td width=\"189\">18h30 \u00e0s 19h30<\/td>\n<td width=\"189\">Segunda e Quarta<\/td>\n<\/tr>\n<tr>\n<td width=\"189\">Dan\u00e7a do Ventre<\/td>\n<td width=\"189\">18h \u00e0s 20h<\/td>\n<td width=\"189\">Sexta<\/td>\n<\/tr>\n<tr>\n<td width=\"189\">Escola Flamengo<\/td>\n<td width=\"189\">15h \u00e0s 18h<\/td>\n<td width=\"189\">Segunda e Quarta<\/td>\n<\/tr>\n<\/tbody>\n<\/table>\n<p>&nbsp;<\/p>\n<p>A avalia\u00e7\u00e3o f\u00edsica dos aletas tamb\u00e9m conta com consulta com nutricionista para alunos a partir de 15 anos de idade. Para isso, \u00e9 necess\u00e1rio que o usu\u00e1rio realize agendamento no SESISA\u00daDE Unidade Leste, pelo WhatsApp (92) 98471-6795 e telefone 3216-1220.<\/p>\n<p>Para mais informa\u00e7\u00f5es, entre contato pelos fones: (92) 3216-1030 e 3248-0468, pelo Whatsapp (92) 98513-7242, ou por e-mail: atendimento.sesilazer.org.br. Confira tamb\u00e9m as vantagens de matr\u00edcular em mais de uma modalidade e para pessoas da mesma fam\u00edlia.<\/p>\n","protected":false},"excerpt":{"rendered":"<p>Com 40 anos de hist\u00f3ria, o Clube do Trabalhador do SESI, localizado na Alameda Cosme Ferreira, 7399, S\u00e3o Jos\u00e9 I, retoma as suas atividades presenciais p\u00f3s pausa pand\u00eamica. Na nova fase j\u00e1 est\u00e3o dispon\u00edveis ao p\u00fablico \u2013 os industri\u00e1rios, seus dependentes e toda a comunidade &#8211; 15 atividades f\u00edsicas e modalidades esportivas, como incentivo \u00e0 [&hellip;]<\/p>\n","protected":false},"author":1,"featured_media":17974,"comment_status":"closed","ping_status":"open","sticky":false,"template":"","format":"standard","meta":{"footnotes":""},"categories":[20,26],"tags":[],"class_list":["post-17971","post","type-post","status-publish","format-standard","has-post-thumbnail","hentry","category-banner-destaque","category-news-destaque"],"yoast_head":"<!-- This site is optimized with the Yoast SEO plugin v26.8 - https:\/\/yoast.com\/product\/yoast-seo-wordpress\/ -->\n<title>SESI Clube tem atividades, esportivas e culturais sob medida para voc\u00ea - SESI<\/title>\n<meta name=\"robots\" content=\"index, follow, max-snippet:-1, max-image-preview:large, max-video-preview:-1\" \/>\n<link rel=\"canonical\" href=\"https:\/\/fieam.org.br\/sesi\/sesi-clube-tem-atividades-esportivas-e-culturais-sob-medida-para-voce\/\" \/>\n<meta property=\"og:locale\" content=\"pt_BR\" \/>\n<meta property=\"og:type\" content=\"article\" \/>\n<meta property=\"og:title\" content=\"SESI Clube tem atividades, esportivas e culturais sob medida para voc\u00ea - SESI\" \/>\n<meta property=\"og:description\" content=\"Com 40 anos de hist\u00f3ria, o Clube do Trabalhador do SESI, localizado na Alameda Cosme Ferreira, 7399, S\u00e3o Jos\u00e9 I, retoma as suas atividades presenciais p\u00f3s pausa pand\u00eamica. Na nova fase j\u00e1 est\u00e3o dispon\u00edveis ao p\u00fablico \u2013 os industri\u00e1rios, seus dependentes e toda a comunidade &#8211; 15 atividades f\u00edsicas e modalidades esportivas, como incentivo \u00e0 [&hellip;]\" \/>\n<meta property=\"og:url\" content=\"https:\/\/fieam.org.br\/sesi\/sesi-clube-tem-atividades-esportivas-e-culturais-sob-medida-para-voce\/\" \/>\n<meta property=\"og:site_name\" content=\"SESI\" \/>\n<meta property=\"article:published_time\" content=\"2022-03-23T12:45:22+00:00\" \/>\n<meta property=\"og:image\" content=\"https:\/\/fieam.org.br\/sesi\/wp-content\/uploads\/sites\/14\/2022\/03\/SESI-Clube-do-Trabalhador.jpeg\" \/>\n\t<meta property=\"og:image:width\" content=\"1280\" \/>\n\t<meta property=\"og:image:height\" content=\"720\" \/>\n\t<meta property=\"og:image:type\" content=\"image\/jpeg\" \/>\n<meta name=\"author\" content=\"Autor\" \/>\n<meta name=\"twitter:card\" content=\"summary_large_image\" \/>\n<meta name=\"twitter:label1\" content=\"Escrito por\" \/>\n\t<meta name=\"twitter:data1\" content=\"Autor\" \/>\n\t<meta name=\"twitter:label2\" content=\"Est. tempo de leitura\" \/>\n\t<meta name=\"twitter:data2\" content=\"3 minutos\" \/>\n<script type=\"application\/ld+json\" class=\"yoast-schema-graph\">{\"@context\":\"https:\/\/schema.org\",\"@graph\":[{\"@type\":\"Article\",\"@id\":\"https:\/\/fieam.org.br\/sesi\/sesi-clube-tem-atividades-esportivas-e-culturais-sob-medida-para-voce\/#article\",\"isPartOf\":{\"@id\":\"https:\/\/fieam.org.br\/sesi\/sesi-clube-tem-atividades-esportivas-e-culturais-sob-medida-para-voce\/\"},\"author\":{\"name\":\"Autor\",\"@id\":\"https:\/\/fieam.org.br\/sesi\/#\/schema\/person\/c1ceda8321521b291cee22da0a7d34be\"},\"headline\":\"SESI Clube tem atividades, esportivas e culturais sob medida para voc\u00ea\",\"datePublished\":\"2022-03-23T12:45:22+00:00\",\"mainEntityOfPage\":{\"@id\":\"https:\/\/fieam.org.br\/sesi\/sesi-clube-tem-atividades-esportivas-e-culturais-sob-medida-para-voce\/\"},\"wordCount\":513,\"publisher\":{\"@id\":\"https:\/\/fieam.org.br\/sesi\/#organization\"},\"image\":{\"@id\":\"https:\/\/fieam.org.br\/sesi\/sesi-clube-tem-atividades-esportivas-e-culturais-sob-medida-para-voce\/#primaryimage\"},\"thumbnailUrl\":\"https:\/\/fieam.org.br\/sesi\/wp-content\/uploads\/sites\/14\/2022\/03\/SESI-Clube-do-Trabalhador.jpeg\",\"articleSection\":[\"Banner Destaque\",\"News Destaque\"],\"inLanguage\":\"pt-BR\"},{\"@type\":\"WebPage\",\"@id\":\"https:\/\/fieam.org.br\/sesi\/sesi-clube-tem-atividades-esportivas-e-culturais-sob-medida-para-voce\/\",\"url\":\"https:\/\/fieam.org.br\/sesi\/sesi-clube-tem-atividades-esportivas-e-culturais-sob-medida-para-voce\/\",\"name\":\"SESI Clube tem atividades, esportivas e culturais sob medida para voc\u00ea - SESI\",\"isPartOf\":{\"@id\":\"https:\/\/fieam.org.br\/sesi\/#website\"},\"primaryImageOfPage\":{\"@id\":\"https:\/\/fieam.org.br\/sesi\/sesi-clube-tem-atividades-esportivas-e-culturais-sob-medida-para-voce\/#primaryimage\"},\"image\":{\"@id\":\"https:\/\/fieam.org.br\/sesi\/sesi-clube-tem-atividades-esportivas-e-culturais-sob-medida-para-voce\/#primaryimage\"},\"thumbnailUrl\":\"https:\/\/fieam.org.br\/sesi\/wp-content\/uploads\/sites\/14\/2022\/03\/SESI-Clube-do-Trabalhador.jpeg\",\"datePublished\":\"2022-03-23T12:45:22+00:00\",\"breadcrumb\":{\"@id\":\"https:\/\/fieam.org.br\/sesi\/sesi-clube-tem-atividades-esportivas-e-culturais-sob-medida-para-voce\/#breadcrumb\"},\"inLanguage\":\"pt-BR\",\"potentialAction\":[{\"@type\":\"ReadAction\",\"target\":[\"https:\/\/fieam.org.br\/sesi\/sesi-clube-tem-atividades-esportivas-e-culturais-sob-medida-para-voce\/\"]}]},{\"@type\":\"ImageObject\",\"inLanguage\":\"pt-BR\",\"@id\":\"https:\/\/fieam.org.br\/sesi\/sesi-clube-tem-atividades-esportivas-e-culturais-sob-medida-para-voce\/#primaryimage\",\"url\":\"https:\/\/fieam.org.br\/sesi\/wp-content\/uploads\/sites\/14\/2022\/03\/SESI-Clube-do-Trabalhador.jpeg\",\"contentUrl\":\"https:\/\/fieam.org.br\/sesi\/wp-content\/uploads\/sites\/14\/2022\/03\/SESI-Clube-do-Trabalhador.jpeg\",\"width\":1280,\"height\":720},{\"@type\":\"BreadcrumbList\",\"@id\":\"https:\/\/fieam.org.br\/sesi\/sesi-clube-tem-atividades-esportivas-e-culturais-sob-medida-para-voce\/#breadcrumb\",\"itemListElement\":[{\"@type\":\"ListItem\",\"position\":1,\"name\":\"In\u00edcio\",\"item\":\"https:\/\/fieam.org.br\/sesi\/\"},{\"@type\":\"ListItem\",\"position\":2,\"name\":\"SESI Clube tem atividades, esportivas e culturais sob medida para voc\u00ea\"}]},{\"@type\":\"WebSite\",\"@id\":\"https:\/\/fieam.org.br\/sesi\/#website\",\"url\":\"https:\/\/fieam.org.br\/sesi\/\",\"name\":\"SESI\",\"description\":\"Site Oficial!\",\"publisher\":{\"@id\":\"https:\/\/fieam.org.br\/sesi\/#organization\"},\"potentialAction\":[{\"@type\":\"SearchAction\",\"target\":{\"@type\":\"EntryPoint\",\"urlTemplate\":\"https:\/\/fieam.org.br\/sesi\/?s={search_term_string}\"},\"query-input\":{\"@type\":\"PropertyValueSpecification\",\"valueRequired\":true,\"valueName\":\"search_term_string\"}}],\"inLanguage\":\"pt-BR\"},{\"@type\":\"Organization\",\"@id\":\"https:\/\/fieam.org.br\/sesi\/#organization\",\"name\":\"SESI\",\"url\":\"https:\/\/fieam.org.br\/sesi\/\",\"logo\":{\"@type\":\"ImageObject\",\"inLanguage\":\"pt-BR\",\"@id\":\"https:\/\/fieam.org.br\/sesi\/#\/schema\/logo\/image\/\",\"url\":\"https:\/\/fieam.org.br\/sesi\/wp-content\/uploads\/sites\/14\/2024\/03\/cropped-fav.png\",\"contentUrl\":\"https:\/\/fieam.org.br\/sesi\/wp-content\/uploads\/sites\/14\/2024\/03\/cropped-fav.png\",\"width\":610,\"height\":589,\"caption\":\"SESI\"},\"image\":{\"@id\":\"https:\/\/fieam.org.br\/sesi\/#\/schema\/logo\/image\/\"}},{\"@type\":\"Person\",\"@id\":\"https:\/\/fieam.org.br\/sesi\/#\/schema\/person\/c1ceda8321521b291cee22da0a7d34be\",\"name\":\"Autor\",\"image\":{\"@type\":\"ImageObject\",\"inLanguage\":\"pt-BR\",\"@id\":\"https:\/\/fieam.org.br\/sesi\/#\/schema\/person\/image\/\",\"url\":\"https:\/\/secure.gravatar.com\/avatar\/3732c223e0e1fad69062a8f770955c9068d37b055204f310a0be18d4069fe380?s=96&d=mm&r=g\",\"contentUrl\":\"https:\/\/secure.gravatar.com\/avatar\/3732c223e0e1fad69062a8f770955c9068d37b055204f310a0be18d4069fe380?s=96&d=mm&r=g\",\"caption\":\"Autor\"},\"sameAs\":[\"https:\/\/marketingmassivo.com.br\"],\"url\":\"https:\/\/fieam.org.br\/sesi\/author\/admin\/\"}]}<\/script>\n<!-- \/ Yoast SEO plugin. -->","yoast_head_json":{"title":"SESI Clube tem atividades, esportivas e culturais sob medida para voc\u00ea - SESI","robots":{"index":"index","follow":"follow","max-snippet":"max-snippet:-1","max-image-preview":"max-image-preview:large","max-video-preview":"max-video-preview:-1"},"canonical":"https:\/\/fieam.org.br\/sesi\/sesi-clube-tem-atividades-esportivas-e-culturais-sob-medida-para-voce\/","og_locale":"pt_BR","og_type":"article","og_title":"SESI Clube tem atividades, esportivas e culturais sob medida para voc\u00ea - SESI","og_description":"Com 40 anos de hist\u00f3ria, o Clube do Trabalhador do SESI, localizado na Alameda Cosme Ferreira, 7399, S\u00e3o Jos\u00e9 I, retoma as suas atividades presenciais p\u00f3s pausa pand\u00eamica. Na nova fase j\u00e1 est\u00e3o dispon\u00edveis ao p\u00fablico \u2013 os industri\u00e1rios, seus dependentes e toda a comunidade &#8211; 15 atividades f\u00edsicas e modalidades esportivas, como incentivo \u00e0 [&hellip;]","og_url":"https:\/\/fieam.org.br\/sesi\/sesi-clube-tem-atividades-esportivas-e-culturais-sob-medida-para-voce\/","og_site_name":"SESI","article_published_time":"2022-03-23T12:45:22+00:00","og_image":[{"width":1280,"height":720,"url":"https:\/\/fieam.org.br\/sesi\/wp-content\/uploads\/sites\/14\/2022\/03\/SESI-Clube-do-Trabalhador.jpeg","type":"image\/jpeg"}],"author":"Autor","twitter_card":"summary_large_image","twitter_misc":{"Escrito por":"Autor","Est. tempo de leitura":"3 minutos"},"schema":{"@context":"https:\/\/schema.org","@graph":[{"@type":"Article","@id":"https:\/\/fieam.org.br\/sesi\/sesi-clube-tem-atividades-esportivas-e-culturais-sob-medida-para-voce\/#article","isPartOf":{"@id":"https:\/\/fieam.org.br\/sesi\/sesi-clube-tem-atividades-esportivas-e-culturais-sob-medida-para-voce\/"},"author":{"name":"Autor","@id":"https:\/\/fieam.org.br\/sesi\/#\/schema\/person\/c1ceda8321521b291cee22da0a7d34be"},"headline":"SESI Clube tem atividades, esportivas e culturais sob medida para voc\u00ea","datePublished":"2022-03-23T12:45:22+00:00","mainEntityOfPage":{"@id":"https:\/\/fieam.org.br\/sesi\/sesi-clube-tem-atividades-esportivas-e-culturais-sob-medida-para-voce\/"},"wordCount":513,"publisher":{"@id":"https:\/\/fieam.org.br\/sesi\/#organization"},"image":{"@id":"https:\/\/fieam.org.br\/sesi\/sesi-clube-tem-atividades-esportivas-e-culturais-sob-medida-para-voce\/#primaryimage"},"thumbnailUrl":"https:\/\/fieam.org.br\/sesi\/wp-content\/uploads\/sites\/14\/2022\/03\/SESI-Clube-do-Trabalhador.jpeg","articleSection":["Banner Destaque","News Destaque"],"inLanguage":"pt-BR"},{"@type":"WebPage","@id":"https:\/\/fieam.org.br\/sesi\/sesi-clube-tem-atividades-esportivas-e-culturais-sob-medida-para-voce\/","url":"https:\/\/fieam.org.br\/sesi\/sesi-clube-tem-atividades-esportivas-e-culturais-sob-medida-para-voce\/","name":"SESI Clube tem atividades, esportivas e culturais sob medida para voc\u00ea - SESI","isPartOf":{"@id":"https:\/\/fieam.org.br\/sesi\/#website"},"primaryImageOfPage":{"@id":"https:\/\/fieam.org.br\/sesi\/sesi-clube-tem-atividades-esportivas-e-culturais-sob-medida-para-voce\/#primaryimage"},"image":{"@id":"https:\/\/fieam.org.br\/sesi\/sesi-clube-tem-atividades-esportivas-e-culturais-sob-medida-para-voce\/#primaryimage"},"thumbnailUrl":"https:\/\/fieam.org.br\/sesi\/wp-content\/uploads\/sites\/14\/2022\/03\/SESI-Clube-do-Trabalhador.jpeg","datePublished":"2022-03-23T12:45:22+00:00","breadcrumb":{"@id":"https:\/\/fieam.org.br\/sesi\/sesi-clube-tem-atividades-esportivas-e-culturais-sob-medida-para-voce\/#breadcrumb"},"inLanguage":"pt-BR","potentialAction":[{"@type":"ReadAction","target":["https:\/\/fieam.org.br\/sesi\/sesi-clube-tem-atividades-esportivas-e-culturais-sob-medida-para-voce\/"]}]},{"@type":"ImageObject","inLanguage":"pt-BR","@id":"https:\/\/fieam.org.br\/sesi\/sesi-clube-tem-atividades-esportivas-e-culturais-sob-medida-para-voce\/#primaryimage","url":"https:\/\/fieam.org.br\/sesi\/wp-content\/uploads\/sites\/14\/2022\/03\/SESI-Clube-do-Trabalhador.jpeg","contentUrl":"https:\/\/fieam.org.br\/sesi\/wp-content\/uploads\/sites\/14\/2022\/03\/SESI-Clube-do-Trabalhador.jpeg","width":1280,"height":720},{"@type":"BreadcrumbList","@id":"https:\/\/fieam.org.br\/sesi\/sesi-clube-tem-atividades-esportivas-e-culturais-sob-medida-para-voce\/#breadcrumb","itemListElement":[{"@type":"ListItem","position":1,"name":"In\u00edcio","item":"https:\/\/fieam.org.br\/sesi\/"},{"@type":"ListItem","position":2,"name":"SESI Clube tem atividades, esportivas e culturais sob medida para voc\u00ea"}]},{"@type":"WebSite","@id":"https:\/\/fieam.org.br\/sesi\/#website","url":"https:\/\/fieam.org.br\/sesi\/","name":"SESI","description":"Site Oficial!","publisher":{"@id":"https:\/\/fieam.org.br\/sesi\/#organization"},"potentialAction":[{"@type":"SearchAction","target":{"@type":"EntryPoint","urlTemplate":"https:\/\/fieam.org.br\/sesi\/?s={search_term_string}"},"query-input":{"@type":"PropertyValueSpecification","valueRequired":true,"valueName":"search_term_string"}}],"inLanguage":"pt-BR"},{"@type":"Organization","@id":"https:\/\/fieam.org.br\/sesi\/#organization","name":"SESI","url":"https:\/\/fieam.org.br\/sesi\/","logo":{"@type":"ImageObject","inLanguage":"pt-BR","@id":"https:\/\/fieam.org.br\/sesi\/#\/schema\/logo\/image\/","url":"https:\/\/fieam.org.br\/sesi\/wp-content\/uploads\/sites\/14\/2024\/03\/cropped-fav.png","contentUrl":"https:\/\/fieam.org.br\/sesi\/wp-content\/uploads\/sites\/14\/2024\/03\/cropped-fav.png","width":610,"height":589,"caption":"SESI"},"image":{"@id":"https:\/\/fieam.org.br\/sesi\/#\/schema\/logo\/image\/"}},{"@type":"Person","@id":"https:\/\/fieam.org.br\/sesi\/#\/schema\/person\/c1ceda8321521b291cee22da0a7d34be","name":"Autor","image":{"@type":"ImageObject","inLanguage":"pt-BR","@id":"https:\/\/fieam.org.br\/sesi\/#\/schema\/person\/image\/","url":"https:\/\/secure.gravatar.com\/avatar\/3732c223e0e1fad69062a8f770955c9068d37b055204f310a0be18d4069fe380?s=96&d=mm&r=g","contentUrl":"https:\/\/secure.gravatar.com\/avatar\/3732c223e0e1fad69062a8f770955c9068d37b055204f310a0be18d4069fe380?s=96&d=mm&r=g","caption":"Autor"},"sameAs":["https:\/\/marketingmassivo.com.br"],"url":"https:\/\/fieam.org.br\/sesi\/author\/admin\/"}]}},"_links":{"self":[{"href":"https:\/\/fieam.org.br\/sesi\/wp-json\/wp\/v2\/posts\/17971","targetHints":{"allow":["GET"]}}],"collection":[{"href":"https:\/\/fieam.org.br\/sesi\/wp-json\/wp\/v2\/posts"}],"about":[{"href":"https:\/\/fieam.org.br\/sesi\/wp-json\/wp\/v2\/types\/post"}],"author":[{"embeddable":true,"href":"https:\/\/fieam.org.br\/sesi\/wp-json\/wp\/v2\/users\/1"}],"replies":[{"embeddable":true,"href":"https:\/\/fieam.org.br\/sesi\/wp-json\/wp\/v2\/comments?post=17971"}],"version-history":[{"count":0,"href":"https:\/\/fieam.org.br\/sesi\/wp-json\/wp\/v2\/posts\/17971\/revisions"}],"wp:featuredmedia":[{"embeddable":true,"href":"https:\/\/fieam.org.br\/sesi\/wp-json\/wp\/v2\/media\/17974"}],"wp:attachment":[{"href":"https:\/\/fieam.org.br\/sesi\/wp-json\/wp\/v2\/media?parent=17971"}],"wp:term":[{"taxonomy":"category","embeddable":true,"href":"https:\/\/fieam.org.br\/sesi\/wp-json\/wp\/v2\/categories?post=17971"},{"taxonomy":"post_tag","embeddable":true,"href":"https:\/\/fieam.org.br\/sesi\/wp-json\/wp\/v2\/tags?post=17971"}],"curies":[{"name":"wp","href":"https:\/\/api.w.org\/{rel}","templated":true}]}}