{"id":17645,"date":"2021-12-14T12:22:50","date_gmt":"2021-12-14T16:22:50","guid":{"rendered":"http:\/\/www.fieam.org.br\/sesi\/?p=17645"},"modified":"2021-12-14T12:22:50","modified_gmt":"2021-12-14T16:22:50","slug":"comunicado-de-processo-seletivo-externo-no-006-2021-professor-lingua-inglesa","status":"publish","type":"post","link":"https:\/\/fieam.org.br\/sesi\/comunicado-de-processo-seletivo-externo-no-006-2021-professor-lingua-inglesa\/","title":{"rendered":"COMUNICADO DE PROCESSO SELETIVO EXTERNO &#8211; N\u00ba 006-2021 &#8211; Professor L\u00edngua Inglesa"},"content":{"rendered":"<p><strong>COMUNICADO DE PROCESSO SELETIVO EXTERNO &#8211; N\u00ba 006-2021 <\/strong><\/p>\n<p>&nbsp;<\/p>\n<p><strong>CARGO\/OCUPA\u00c7\u00c3O:<\/strong> PER \u2013 Professor de Ensino Regular<\/p>\n<p><strong>OCUPA\u00c7\u00c3O:<\/strong> Educa\u00e7\u00e3o Infantil \/ 1\u00ba ao 5\u00ba ano \/ 6\u00ba ao 9\u00ba ano \/ Ensino M\u00e9dio<\/p>\n<p><strong>SAL\u00c1RIO: <\/strong>R$ 25,52 (Hora\/Aula)<\/p>\n<p>&nbsp;<\/p>\n<p>O Servi\u00e7o Social da Ind\u00fastria &#8211; SESI, por meio do Departamento de Gest\u00e3o de Pessoas\/Sele\u00e7\u00e3o de Talentos do Sistema Federa\u00e7\u00e3o das Ind\u00fastrias do Estado do Amazonas \u2013 FIEAM, abre inscri\u00e7\u00f5es para cadastro reserva na cidade de Manaus.<\/p>\n<p>&nbsp;<\/p>\n<p><strong>REQUISITOS M\u00cdNIMOS EXIGIDOS PARA O CARGO<\/strong><\/p>\n<ul>\n<li>Escolaridade em Ensino Superior Completo com Licenciatura em Letras com habilita\u00e7\u00e3o em L\u00edngua e Licenciatura Inglesa.<\/li>\n<li>Experi\u00eancia, no m\u00ednimo, de 6 meses comprovada em doc\u00eancia.<\/li>\n<li>Desej\u00e1vel P\u00f3s-Gradua\u00e7\u00e3o na \u00e1rea de atua\u00e7\u00e3o.<\/li>\n<li>Desej\u00e1veis cursos de aperfei\u00e7oamento na \u00e1rea de atua\u00e7\u00e3o ou correlata.<\/li>\n<li>Habilidade para atuar com crian\u00e7as na Educa\u00e7\u00e3o Infantil, Ensino Fundamental I, Fundamental II, Ensino M\u00e9dio, utilizando-se de recursos educacionais como din\u00e2micas, oficinas, jogos educativos e tecnol\u00f3gicos.<\/li>\n<li>Conhecimento em processos Avaliativos Externos como ANA, Prova Brasil, SIS, PSC e ENEM.<\/li>\n<li>Desej\u00e1vel dom\u00ednio de inform\u00e1tica avan\u00e7ada e seus recursos tecnol\u00f3gicos educacionais (Word, Excel, Power Point, Internet, Google Meet, Teams, Skype e Office).<\/li>\n<li>Disponibilidade para trabalhar aos s\u00e1bados, quando houver necessidade.<\/li>\n<li>Residir em Manaus.<\/li>\n<\/ul>\n<p><a href=\"https:\/\/marketingmassivo.com.br\/sesi\/wp-content\/uploads\/sites\/12\/2021\/12\/131221-006-2021-Comunicado-UE8-PS-SESI-EXT-LINGUA-INGLESA-Cadastr-Reserva.pdf\"><strong>Clique aqui para obter todas as informa\u00e7\u00f5es pertinentes ao processo de sele\u00e7\u00e3o.<\/strong><\/a><\/p>\n<p><a href=\"https:\/\/marketingmassivo.com.br\/sesi\/wp-content\/uploads\/sites\/12\/2021\/11\/RQ-5.4.9.001-07-Cadastro-inicial_Rev.04-8.pdf\"><strong>Formul\u00e1rio Cadastro Inicial<\/strong><\/a><\/p>\n<p><a href=\"https:\/\/marketingmassivo.com.br\/sesi\/wp-content\/uploads\/sites\/12\/2021\/11\/Formulario-para-interposicao-de-recurso.pdf\"><strong>Formul\u00e1rio para interposi\u00e7\u00e3o de recurso<\/strong><\/a><\/p>\n<p><a href=\"https:\/\/marketingmassivo.com.br\/sesi\/wp-content\/uploads\/sites\/12\/2021\/12\/ERRATA.pdf\"><strong>Errata Processo seletivo externo (valor da hora\/ aula)<\/strong><\/a><\/p>\n<p><a href=\"https:\/\/marketingmassivo.com.br\/sesi\/wp-content\/uploads\/sites\/12\/2021\/12\/2-006-2021-CONVOCACAO-DINAMICA-DE-GRUPO.pdf\"> CONVOCA\u00c7\u00c3O DIN\u00c2MICA DE GRUPO<\/a><\/p>\n<p><a href=\"https:\/\/marketingmassivo.com.br\/sesi\/wp-content\/uploads\/sites\/12\/2021\/12\/3-006-2021-CONVOCA__O-ENTREVISTA-T_CNICA.pdf\"><strong>CONVOCA\u00c7\u00c3O ENTREVISTA T\u00c9CNICA<\/strong><\/a><\/p>\n<p><a href=\"https:\/\/marketingmassivo.com.br\/sesi\/wp-content\/uploads\/sites\/12\/2021\/12\/110122-4-006-2021-ENTREVISTA-TECNICA-RESULTADO-PARCIAL_Ajustado.pdf\"><strong>ENTREVISTA T\u00c9CNICA \u2013 REULTADO PARCIAL<\/strong><\/a><\/p>\n<p><a href=\"https:\/\/marketingmassivo.com.br\/sesi\/wp-content\/uploads\/sites\/12\/2021\/12\/5-006-2021-ENTREVISTA-TECNICA-RESULTADO-FINAL.pdf\"><strong>ENTREVISTA T\u00c9CNICA &#8211; RESULTADO FINAL<\/strong><\/a><\/p>\n","protected":false},"excerpt":{"rendered":"<p>COMUNICADO DE PROCESSO SELETIVO EXTERNO &#8211; N\u00ba 006-2021 &nbsp; CARGO\/OCUPA\u00c7\u00c3O: PER \u2013 Professor de Ensino Regular OCUPA\u00c7\u00c3O: Educa\u00e7\u00e3o Infantil \/ 1\u00ba ao 5\u00ba ano \/ 6\u00ba ao 9\u00ba ano \/ Ensino M\u00e9dio SAL\u00c1RIO: R$ 25,52 (Hora\/Aula) &nbsp; O Servi\u00e7o Social da Ind\u00fastria &#8211; SESI, por meio do Departamento de Gest\u00e3o de Pessoas\/Sele\u00e7\u00e3o de Talentos do [&hellip;]<\/p>\n","protected":false},"author":1,"featured_media":17596,"comment_status":"closed","ping_status":"open","sticky":false,"template":"","format":"standard","meta":{"footnotes":""},"categories":[28],"tags":[],"class_list":["post-17645","post","type-post","status-publish","format-standard","has-post-thumbnail","hentry","category-selecao"],"yoast_head":"<!-- This site is optimized with the Yoast SEO plugin v28.2 - https:\/\/yoast.com\/product\/yoast-seo-wordpress\/ -->\n<title>COMUNICADO DE PROCESSO SELETIVO EXTERNO - N\u00ba 006-2021 - Professor L\u00edngua Inglesa - SESI<\/title>\n<meta name=\"robots\" content=\"index, follow, max-snippet:-1, max-image-preview:large, max-video-preview:-1\" \/>\n<link rel=\"canonical\" href=\"https:\/\/fieam.org.br\/sesi\/comunicado-de-processo-seletivo-externo-no-006-2021-professor-lingua-inglesa\/\" \/>\n<meta property=\"og:locale\" content=\"pt_BR\" \/>\n<meta property=\"og:type\" content=\"article\" \/>\n<meta property=\"og:title\" content=\"COMUNICADO DE PROCESSO SELETIVO EXTERNO - N\u00ba 006-2021 - Professor L\u00edngua Inglesa - SESI\" \/>\n<meta property=\"og:description\" content=\"COMUNICADO DE PROCESSO SELETIVO EXTERNO &#8211; N\u00ba 006-2021 &nbsp; CARGO\/OCUPA\u00c7\u00c3O: PER \u2013 Professor de Ensino Regular OCUPA\u00c7\u00c3O: Educa\u00e7\u00e3o Infantil \/ 1\u00ba ao 5\u00ba ano \/ 6\u00ba ao 9\u00ba ano \/ Ensino M\u00e9dio SAL\u00c1RIO: R$ 25,52 (Hora\/Aula) &nbsp; O Servi\u00e7o Social da Ind\u00fastria &#8211; SESI, por meio do Departamento de Gest\u00e3o de Pessoas\/Sele\u00e7\u00e3o de Talentos do [&hellip;]\" \/>\n<meta property=\"og:url\" content=\"https:\/\/fieam.org.br\/sesi\/comunicado-de-processo-seletivo-externo-no-006-2021-professor-lingua-inglesa\/\" \/>\n<meta property=\"og:site_name\" content=\"SESI\" \/>\n<meta property=\"article:published_time\" content=\"2021-12-14T16:22:50+00:00\" \/>\n<meta property=\"og:image\" content=\"https:\/\/fieam.org.br\/sesi\/wp-content\/uploads\/sites\/14\/2021\/11\/Selecao-de-Talentos-scaled-1.jpg\" \/>\n\t<meta property=\"og:image:width\" content=\"2560\" \/>\n\t<meta property=\"og:image:height\" content=\"1708\" \/>\n\t<meta property=\"og:image:type\" content=\"image\/jpeg\" \/>\n<meta name=\"author\" content=\"Autor\" \/>\n<meta name=\"twitter:card\" content=\"summary_large_image\" \/>\n<meta name=\"twitter:label1\" content=\"Escrito por\" \/>\n\t<meta name=\"twitter:data1\" content=\"Autor\" \/>\n\t<meta name=\"twitter:label2\" content=\"Est. tempo de leitura\" \/>\n\t<meta name=\"twitter:data2\" content=\"1 minuto\" \/>\n<script type=\"application\/ld+json\" class=\"yoast-schema-graph\">{\"@context\":\"https:\\\/\\\/schema.org\",\"@graph\":[{\"@type\":\"Article\",\"@id\":\"https:\\\/\\\/fieam.org.br\\\/sesi\\\/comunicado-de-processo-seletivo-externo-no-006-2021-professor-lingua-inglesa\\\/#article\",\"isPartOf\":{\"@id\":\"https:\\\/\\\/fieam.org.br\\\/sesi\\\/comunicado-de-processo-seletivo-externo-no-006-2021-professor-lingua-inglesa\\\/\"},\"author\":{\"name\":\"Autor\",\"@id\":\"https:\\\/\\\/fieam.org.br\\\/sesi\\\/#\\\/schema\\\/person\\\/f54998dd14d5f0695b41444f2b01c31e\"},\"headline\":\"COMUNICADO DE PROCESSO SELETIVO EXTERNO &#8211; N\u00ba 006-2021 &#8211; Professor L\u00edngua Inglesa\",\"datePublished\":\"2021-12-14T16:22:50+00:00\",\"mainEntityOfPage\":{\"@id\":\"https:\\\/\\\/fieam.org.br\\\/sesi\\\/comunicado-de-processo-seletivo-externo-no-006-2021-professor-lingua-inglesa\\\/\"},\"wordCount\":289,\"publisher\":{\"@id\":\"https:\\\/\\\/fieam.org.br\\\/sesi\\\/#organization\"},\"image\":{\"@id\":\"https:\\\/\\\/fieam.org.br\\\/sesi\\\/comunicado-de-processo-seletivo-externo-no-006-2021-professor-lingua-inglesa\\\/#primaryimage\"},\"thumbnailUrl\":\"https:\\\/\\\/fieam.org.br\\\/sesi\\\/wp-content\\\/uploads\\\/sites\\\/14\\\/2021\\\/11\\\/Selecao-de-Talentos-scaled-1.jpg\",\"articleSection\":[\"selecao\"],\"inLanguage\":\"pt-BR\"},{\"@type\":\"WebPage\",\"@id\":\"https:\\\/\\\/fieam.org.br\\\/sesi\\\/comunicado-de-processo-seletivo-externo-no-006-2021-professor-lingua-inglesa\\\/\",\"url\":\"https:\\\/\\\/fieam.org.br\\\/sesi\\\/comunicado-de-processo-seletivo-externo-no-006-2021-professor-lingua-inglesa\\\/\",\"name\":\"COMUNICADO DE PROCESSO SELETIVO EXTERNO - N\u00ba 006-2021 - Professor L\u00edngua Inglesa - SESI\",\"isPartOf\":{\"@id\":\"https:\\\/\\\/fieam.org.br\\\/sesi\\\/#website\"},\"primaryImageOfPage\":{\"@id\":\"https:\\\/\\\/fieam.org.br\\\/sesi\\\/comunicado-de-processo-seletivo-externo-no-006-2021-professor-lingua-inglesa\\\/#primaryimage\"},\"image\":{\"@id\":\"https:\\\/\\\/fieam.org.br\\\/sesi\\\/comunicado-de-processo-seletivo-externo-no-006-2021-professor-lingua-inglesa\\\/#primaryimage\"},\"thumbnailUrl\":\"https:\\\/\\\/fieam.org.br\\\/sesi\\\/wp-content\\\/uploads\\\/sites\\\/14\\\/2021\\\/11\\\/Selecao-de-Talentos-scaled-1.jpg\",\"datePublished\":\"2021-12-14T16:22:50+00:00\",\"breadcrumb\":{\"@id\":\"https:\\\/\\\/fieam.org.br\\\/sesi\\\/comunicado-de-processo-seletivo-externo-no-006-2021-professor-lingua-inglesa\\\/#breadcrumb\"},\"inLanguage\":\"pt-BR\",\"potentialAction\":[{\"@type\":\"ReadAction\",\"target\":[\"https:\\\/\\\/fieam.org.br\\\/sesi\\\/comunicado-de-processo-seletivo-externo-no-006-2021-professor-lingua-inglesa\\\/\"]}]},{\"@type\":\"ImageObject\",\"inLanguage\":\"pt-BR\",\"@id\":\"https:\\\/\\\/fieam.org.br\\\/sesi\\\/comunicado-de-processo-seletivo-externo-no-006-2021-professor-lingua-inglesa\\\/#primaryimage\",\"url\":\"https:\\\/\\\/fieam.org.br\\\/sesi\\\/wp-content\\\/uploads\\\/sites\\\/14\\\/2021\\\/11\\\/Selecao-de-Talentos-scaled-1.jpg\",\"contentUrl\":\"https:\\\/\\\/fieam.org.br\\\/sesi\\\/wp-content\\\/uploads\\\/sites\\\/14\\\/2021\\\/11\\\/Selecao-de-Talentos-scaled-1.jpg\",\"width\":2560,\"height\":1708},{\"@type\":\"BreadcrumbList\",\"@id\":\"https:\\\/\\\/fieam.org.br\\\/sesi\\\/comunicado-de-processo-seletivo-externo-no-006-2021-professor-lingua-inglesa\\\/#breadcrumb\",\"itemListElement\":[{\"@type\":\"ListItem\",\"position\":1,\"name\":\"In\u00edcio\",\"item\":\"https:\\\/\\\/fieam.org.br\\\/sesi\\\/\"},{\"@type\":\"ListItem\",\"position\":2,\"name\":\"COMUNICADO DE PROCESSO SELETIVO EXTERNO &#8211; N\u00ba 006-2021 &#8211; Professor L\u00edngua Inglesa\"}]},{\"@type\":\"WebSite\",\"@id\":\"https:\\\/\\\/fieam.org.br\\\/sesi\\\/#website\",\"url\":\"https:\\\/\\\/fieam.org.br\\\/sesi\\\/\",\"name\":\"SESI\",\"description\":\"Site Oficial!\",\"publisher\":{\"@id\":\"https:\\\/\\\/fieam.org.br\\\/sesi\\\/#organization\"},\"potentialAction\":[{\"@type\":\"SearchAction\",\"target\":{\"@type\":\"EntryPoint\",\"urlTemplate\":\"https:\\\/\\\/fieam.org.br\\\/sesi\\\/?s={search_term_string}\"},\"query-input\":{\"@type\":\"PropertyValueSpecification\",\"valueRequired\":true,\"valueName\":\"search_term_string\"}}],\"inLanguage\":\"pt-BR\"},{\"@type\":\"Organization\",\"@id\":\"https:\\\/\\\/fieam.org.br\\\/sesi\\\/#organization\",\"name\":\"SESI\",\"url\":\"https:\\\/\\\/fieam.org.br\\\/sesi\\\/\",\"logo\":{\"@type\":\"ImageObject\",\"inLanguage\":\"pt-BR\",\"@id\":\"https:\\\/\\\/fieam.org.br\\\/sesi\\\/#\\\/schema\\\/logo\\\/image\\\/\",\"url\":\"https:\\\/\\\/fieam.org.br\\\/sesi\\\/wp-content\\\/uploads\\\/sites\\\/14\\\/2024\\\/03\\\/cropped-fav.png\",\"contentUrl\":\"https:\\\/\\\/fieam.org.br\\\/sesi\\\/wp-content\\\/uploads\\\/sites\\\/14\\\/2024\\\/03\\\/cropped-fav.png\",\"width\":610,\"height\":589,\"caption\":\"SESI\"},\"image\":{\"@id\":\"https:\\\/\\\/fieam.org.br\\\/sesi\\\/#\\\/schema\\\/logo\\\/image\\\/\"}},{\"@type\":\"Person\",\"@id\":\"https:\\\/\\\/fieam.org.br\\\/sesi\\\/#\\\/schema\\\/person\\\/f54998dd14d5f0695b41444f2b01c31e\",\"name\":\"Autor\",\"image\":{\"@type\":\"ImageObject\",\"inLanguage\":\"pt-BR\",\"@id\":\"https:\\\/\\\/secure.gravatar.com\\\/avatar\\\/3732c223e0e1fad69062a8f770955c9068d37b055204f310a0be18d4069fe380?s=96&d=mm&r=g\",\"url\":\"https:\\\/\\\/secure.gravatar.com\\\/avatar\\\/3732c223e0e1fad69062a8f770955c9068d37b055204f310a0be18d4069fe380?s=96&d=mm&r=g\",\"contentUrl\":\"https:\\\/\\\/secure.gravatar.com\\\/avatar\\\/3732c223e0e1fad69062a8f770955c9068d37b055204f310a0be18d4069fe380?s=96&d=mm&r=g\",\"caption\":\"Autor\"},\"sameAs\":[\"https:\\\/\\\/marketingmassivo.com.br\"],\"url\":\"https:\\\/\\\/fieam.org.br\\\/sesi\\\/author\\\/admin\\\/\"}]}<\/script>\n<!-- \/ Yoast SEO plugin. -->","yoast_head_json":{"title":"COMUNICADO DE PROCESSO SELETIVO EXTERNO - N\u00ba 006-2021 - Professor L\u00edngua Inglesa - SESI","robots":{"index":"index","follow":"follow","max-snippet":"max-snippet:-1","max-image-preview":"max-image-preview:large","max-video-preview":"max-video-preview:-1"},"canonical":"https:\/\/fieam.org.br\/sesi\/comunicado-de-processo-seletivo-externo-no-006-2021-professor-lingua-inglesa\/","og_locale":"pt_BR","og_type":"article","og_title":"COMUNICADO DE PROCESSO SELETIVO EXTERNO - N\u00ba 006-2021 - Professor L\u00edngua Inglesa - SESI","og_description":"COMUNICADO DE PROCESSO SELETIVO EXTERNO &#8211; N\u00ba 006-2021 &nbsp; CARGO\/OCUPA\u00c7\u00c3O: PER \u2013 Professor de Ensino Regular OCUPA\u00c7\u00c3O: Educa\u00e7\u00e3o Infantil \/ 1\u00ba ao 5\u00ba ano \/ 6\u00ba ao 9\u00ba ano \/ Ensino M\u00e9dio SAL\u00c1RIO: R$ 25,52 (Hora\/Aula) &nbsp; O Servi\u00e7o Social da Ind\u00fastria &#8211; SESI, por meio do Departamento de Gest\u00e3o de Pessoas\/Sele\u00e7\u00e3o de Talentos do [&hellip;]","og_url":"https:\/\/fieam.org.br\/sesi\/comunicado-de-processo-seletivo-externo-no-006-2021-professor-lingua-inglesa\/","og_site_name":"SESI","article_published_time":"2021-12-14T16:22:50+00:00","og_image":[{"width":2560,"height":1708,"url":"https:\/\/fieam.org.br\/sesi\/wp-content\/uploads\/sites\/14\/2021\/11\/Selecao-de-Talentos-scaled-1.jpg","type":"image\/jpeg"}],"author":"Autor","twitter_card":"summary_large_image","twitter_misc":{"Escrito por":"Autor","Est. tempo de leitura":"1 minuto"},"schema":{"@context":"https:\/\/schema.org","@graph":[{"@type":"Article","@id":"https:\/\/fieam.org.br\/sesi\/comunicado-de-processo-seletivo-externo-no-006-2021-professor-lingua-inglesa\/#article","isPartOf":{"@id":"https:\/\/fieam.org.br\/sesi\/comunicado-de-processo-seletivo-externo-no-006-2021-professor-lingua-inglesa\/"},"author":{"name":"Autor","@id":"https:\/\/fieam.org.br\/sesi\/#\/schema\/person\/f54998dd14d5f0695b41444f2b01c31e"},"headline":"COMUNICADO DE PROCESSO SELETIVO EXTERNO &#8211; N\u00ba 006-2021 &#8211; Professor L\u00edngua Inglesa","datePublished":"2021-12-14T16:22:50+00:00","mainEntityOfPage":{"@id":"https:\/\/fieam.org.br\/sesi\/comunicado-de-processo-seletivo-externo-no-006-2021-professor-lingua-inglesa\/"},"wordCount":289,"publisher":{"@id":"https:\/\/fieam.org.br\/sesi\/#organization"},"image":{"@id":"https:\/\/fieam.org.br\/sesi\/comunicado-de-processo-seletivo-externo-no-006-2021-professor-lingua-inglesa\/#primaryimage"},"thumbnailUrl":"https:\/\/fieam.org.br\/sesi\/wp-content\/uploads\/sites\/14\/2021\/11\/Selecao-de-Talentos-scaled-1.jpg","articleSection":["selecao"],"inLanguage":"pt-BR"},{"@type":"WebPage","@id":"https:\/\/fieam.org.br\/sesi\/comunicado-de-processo-seletivo-externo-no-006-2021-professor-lingua-inglesa\/","url":"https:\/\/fieam.org.br\/sesi\/comunicado-de-processo-seletivo-externo-no-006-2021-professor-lingua-inglesa\/","name":"COMUNICADO DE PROCESSO SELETIVO EXTERNO - N\u00ba 006-2021 - Professor L\u00edngua Inglesa - SESI","isPartOf":{"@id":"https:\/\/fieam.org.br\/sesi\/#website"},"primaryImageOfPage":{"@id":"https:\/\/fieam.org.br\/sesi\/comunicado-de-processo-seletivo-externo-no-006-2021-professor-lingua-inglesa\/#primaryimage"},"image":{"@id":"https:\/\/fieam.org.br\/sesi\/comunicado-de-processo-seletivo-externo-no-006-2021-professor-lingua-inglesa\/#primaryimage"},"thumbnailUrl":"https:\/\/fieam.org.br\/sesi\/wp-content\/uploads\/sites\/14\/2021\/11\/Selecao-de-Talentos-scaled-1.jpg","datePublished":"2021-12-14T16:22:50+00:00","breadcrumb":{"@id":"https:\/\/fieam.org.br\/sesi\/comunicado-de-processo-seletivo-externo-no-006-2021-professor-lingua-inglesa\/#breadcrumb"},"inLanguage":"pt-BR","potentialAction":[{"@type":"ReadAction","target":["https:\/\/fieam.org.br\/sesi\/comunicado-de-processo-seletivo-externo-no-006-2021-professor-lingua-inglesa\/"]}]},{"@type":"ImageObject","inLanguage":"pt-BR","@id":"https:\/\/fieam.org.br\/sesi\/comunicado-de-processo-seletivo-externo-no-006-2021-professor-lingua-inglesa\/#primaryimage","url":"https:\/\/fieam.org.br\/sesi\/wp-content\/uploads\/sites\/14\/2021\/11\/Selecao-de-Talentos-scaled-1.jpg","contentUrl":"https:\/\/fieam.org.br\/sesi\/wp-content\/uploads\/sites\/14\/2021\/11\/Selecao-de-Talentos-scaled-1.jpg","width":2560,"height":1708},{"@type":"BreadcrumbList","@id":"https:\/\/fieam.org.br\/sesi\/comunicado-de-processo-seletivo-externo-no-006-2021-professor-lingua-inglesa\/#breadcrumb","itemListElement":[{"@type":"ListItem","position":1,"name":"In\u00edcio","item":"https:\/\/fieam.org.br\/sesi\/"},{"@type":"ListItem","position":2,"name":"COMUNICADO DE PROCESSO SELETIVO EXTERNO &#8211; N\u00ba 006-2021 &#8211; Professor L\u00edngua Inglesa"}]},{"@type":"WebSite","@id":"https:\/\/fieam.org.br\/sesi\/#website","url":"https:\/\/fieam.org.br\/sesi\/","name":"SESI","description":"Site Oficial!","publisher":{"@id":"https:\/\/fieam.org.br\/sesi\/#organization"},"potentialAction":[{"@type":"SearchAction","target":{"@type":"EntryPoint","urlTemplate":"https:\/\/fieam.org.br\/sesi\/?s={search_term_string}"},"query-input":{"@type":"PropertyValueSpecification","valueRequired":true,"valueName":"search_term_string"}}],"inLanguage":"pt-BR"},{"@type":"Organization","@id":"https:\/\/fieam.org.br\/sesi\/#organization","name":"SESI","url":"https:\/\/fieam.org.br\/sesi\/","logo":{"@type":"ImageObject","inLanguage":"pt-BR","@id":"https:\/\/fieam.org.br\/sesi\/#\/schema\/logo\/image\/","url":"https:\/\/fieam.org.br\/sesi\/wp-content\/uploads\/sites\/14\/2024\/03\/cropped-fav.png","contentUrl":"https:\/\/fieam.org.br\/sesi\/wp-content\/uploads\/sites\/14\/2024\/03\/cropped-fav.png","width":610,"height":589,"caption":"SESI"},"image":{"@id":"https:\/\/fieam.org.br\/sesi\/#\/schema\/logo\/image\/"}},{"@type":"Person","@id":"https:\/\/fieam.org.br\/sesi\/#\/schema\/person\/f54998dd14d5f0695b41444f2b01c31e","name":"Autor","image":{"@type":"ImageObject","inLanguage":"pt-BR","@id":"https:\/\/secure.gravatar.com\/avatar\/3732c223e0e1fad69062a8f770955c9068d37b055204f310a0be18d4069fe380?s=96&d=mm&r=g","url":"https:\/\/secure.gravatar.com\/avatar\/3732c223e0e1fad69062a8f770955c9068d37b055204f310a0be18d4069fe380?s=96&d=mm&r=g","contentUrl":"https:\/\/secure.gravatar.com\/avatar\/3732c223e0e1fad69062a8f770955c9068d37b055204f310a0be18d4069fe380?s=96&d=mm&r=g","caption":"Autor"},"sameAs":["https:\/\/marketingmassivo.com.br"],"url":"https:\/\/fieam.org.br\/sesi\/author\/admin\/"}]}},"_links":{"self":[{"href":"https:\/\/fieam.org.br\/sesi\/wp-json\/wp\/v2\/posts\/17645","targetHints":{"allow":["GET"]}}],"collection":[{"href":"https:\/\/fieam.org.br\/sesi\/wp-json\/wp\/v2\/posts"}],"about":[{"href":"https:\/\/fieam.org.br\/sesi\/wp-json\/wp\/v2\/types\/post"}],"author":[{"embeddable":true,"href":"https:\/\/fieam.org.br\/sesi\/wp-json\/wp\/v2\/users\/1"}],"replies":[{"embeddable":true,"href":"https:\/\/fieam.org.br\/sesi\/wp-json\/wp\/v2\/comments?post=17645"}],"version-history":[{"count":0,"href":"https:\/\/fieam.org.br\/sesi\/wp-json\/wp\/v2\/posts\/17645\/revisions"}],"wp:featuredmedia":[{"embeddable":true,"href":"https:\/\/fieam.org.br\/sesi\/wp-json\/wp\/v2\/media\/17596"}],"wp:attachment":[{"href":"https:\/\/fieam.org.br\/sesi\/wp-json\/wp\/v2\/media?parent=17645"}],"wp:term":[{"taxonomy":"category","embeddable":true,"href":"https:\/\/fieam.org.br\/sesi\/wp-json\/wp\/v2\/categories?post=17645"},{"taxonomy":"post_tag","embeddable":true,"href":"https:\/\/fieam.org.br\/sesi\/wp-json\/wp\/v2\/tags?post=17645"}],"curies":[{"name":"wp","href":"https:\/\/api.w.org\/{rel}","templated":true}]}}