{"id":17535,"date":"2021-11-01T13:20:10","date_gmt":"2021-11-01T17:20:10","guid":{"rendered":"http:\/\/www.fieam.org.br\/sesi\/?p=17535"},"modified":"2021-11-01T13:20:10","modified_gmt":"2021-11-01T17:20:10","slug":"escola-sesi-de-parintins-tem-retorno-100-presencial","status":"publish","type":"post","link":"https:\/\/fieam.org.br\/sesi\/escola-sesi-de-parintins-tem-retorno-100-presencial\/","title":{"rendered":"Escola SESI de Parintins tem retorno 100% presencial"},"content":{"rendered":"<p><a href=\"https:\/\/marketingmassivo.com.br\/sesi\/wp-content\/uploads\/sites\/12\/2021\/11\/Alunos-retornam-ao-ensino-presencial-com-programacao-diferenciada-na-Escola-SESI-de-Parintins.jpeg\"><img fetchpriority=\"high\" decoding=\"async\" class=\"wp-image-17537 alignleft\" src=\"https:\/\/marketingmassivo.com.br\/sesi\/wp-content\/uploads\/sites\/12\/2021\/11\/Alunos-retornam-ao-ensino-presencial-com-programacao-diferenciada-na-Escola-SESI-de-Parintins.jpeg\" alt=\"\" width=\"590\" height=\"220\" srcset=\"https:\/\/fieam.org.br\/sesi\/wp-content\/uploads\/sites\/14\/2021\/11\/Alunos-retornam-ao-ensino-presencial-com-programacao-diferenciada-na-Escola-SESI-de-Parintins.jpeg 1280w, https:\/\/fieam.org.br\/sesi\/wp-content\/uploads\/sites\/14\/2021\/11\/Alunos-retornam-ao-ensino-presencial-com-programacao-diferenciada-na-Escola-SESI-de-Parintins-300x112.jpeg 300w, https:\/\/fieam.org.br\/sesi\/wp-content\/uploads\/sites\/14\/2021\/11\/Alunos-retornam-ao-ensino-presencial-com-programacao-diferenciada-na-Escola-SESI-de-Parintins-1024x382.jpeg 1024w, https:\/\/fieam.org.br\/sesi\/wp-content\/uploads\/sites\/14\/2021\/11\/Alunos-retornam-ao-ensino-presencial-com-programacao-diferenciada-na-Escola-SESI-de-Parintins-768x286.jpeg 768w\" sizes=\"(max-width: 590px) 100vw, 590px\" \/><\/a>De forma remota e com ensino a dist\u00e2ncia e h\u00edbrido desde mar\u00e7o de 2020, a Escola SESI Padre Francisco Luppino, no munic\u00edpio de Parintins, distante 369 km de Manaus, retorna \u00e0s atividades 100% presenciais com protocolo de seguran\u00e7a e higieniza\u00e7\u00e3o r\u00edgidos contra a covid-19.\u00a0 A escola aguardava decreto da Prefeitura Municipal para libera\u00e7\u00e3o do retorno \u00e0s aulas presenciais com os 206 alunos do 1\u00ba ao 9\u00ba ano. Todos os professores e equipe t\u00e9cnica da unidade est\u00e3o vacinados com as duas doses da vacina contra o Coronav\u00edrus.<\/p>\n<p>A Escola SESI de Parintins voltou em maio ao ensino presencial com os alunos escalonados em dois dias da semana, divididos por grupos. O primeiro, nas segundas e quartas, e o segundo, nas ter\u00e7as e quintas. A sexta-feira ficava reservada para todos nas aulas via plataformas digitais, com encontros ao vivo pelo ambiente virtual de aprendizagem on-line Plurall, dispon\u00edvel no Portal SESI de Educa\u00e7\u00e3o, e com a ferramenta\u00a0Google Meet e Office 365.<\/p>\n<p>\u201cEstamos muito felizes por esse retorno dos alunos ao formato 100% presencial e voltamos em ritmo de acolhida festiva, porque devido ao tempo que estivemos no ensino a dist\u00e2ncia e depois no ensino h\u00edbrido, encerramos 2020 com pouco ou nenhum contato com os estudantes e, em 2021, n\u00e3o foi diferente, muitos alunos ainda nem se conheciam presencialmente, ent\u00e3o fizemos o momento para acolhida e troca entre eles\u201d, disse a gerente da Escola SESI Parintins, Geisiane Campos.<\/p>\n<p>Com o projeto \u201cOlimp\u00edada das Cores\u201d, elaborado pelo professor de Educa\u00e7\u00e3o F\u00edsica da Escola SESI Parintins, os alunos foram estimulados ao trabalho coletivo em equipe, al\u00e9m de explorar habilidades e aspectos sociais e motores, como o respeito, valoriza\u00e7\u00e3o do outro e esp\u00edrito de competi\u00e7\u00e3o amig\u00e1vel.<a href=\"https:\/\/marketingmassivo.com.br\/sesi\/wp-content\/uploads\/sites\/12\/2021\/11\/WhatsApp-Image-2021-10-26-at-13.17.56.jpeg\"><img decoding=\"async\" class=\"wp-image-17541 alignright\" src=\"https:\/\/marketingmassivo.com.br\/sesi\/wp-content\/uploads\/sites\/12\/2021\/11\/WhatsApp-Image-2021-10-26-at-13.17.56.jpeg\" alt=\"\" width=\"415\" height=\"187\" srcset=\"https:\/\/fieam.org.br\/sesi\/wp-content\/uploads\/sites\/14\/2021\/11\/WhatsApp-Image-2021-10-26-at-13.17.56.jpeg 1280w, https:\/\/fieam.org.br\/sesi\/wp-content\/uploads\/sites\/14\/2021\/11\/WhatsApp-Image-2021-10-26-at-13.17.56-300x135.jpeg 300w, https:\/\/fieam.org.br\/sesi\/wp-content\/uploads\/sites\/14\/2021\/11\/WhatsApp-Image-2021-10-26-at-13.17.56-1024x461.jpeg 1024w, https:\/\/fieam.org.br\/sesi\/wp-content\/uploads\/sites\/14\/2021\/11\/WhatsApp-Image-2021-10-26-at-13.17.56-768x346.jpeg 768w\" sizes=\"(max-width: 415px) 100vw, 415px\" \/><\/a><a href=\"https:\/\/marketingmassivo.com.br\/sesi\/wp-content\/uploads\/sites\/12\/2021\/11\/Projeto-Olimpiada-das-Cores-e-realizado-com-alunos-do-SESI-em-Parintins.jpeg\"><img decoding=\"async\" class=\"wp-image-17536 alignleft\" src=\"https:\/\/marketingmassivo.com.br\/sesi\/wp-content\/uploads\/sites\/12\/2021\/11\/Projeto-Olimpiada-das-Cores-e-realizado-com-alunos-do-SESI-em-Parintins.jpeg\" alt=\"\" width=\"359\" height=\"161\" srcset=\"https:\/\/fieam.org.br\/sesi\/wp-content\/uploads\/sites\/14\/2021\/11\/Projeto-Olimpiada-das-Cores-e-realizado-com-alunos-do-SESI-em-Parintins.jpeg 1280w, https:\/\/fieam.org.br\/sesi\/wp-content\/uploads\/sites\/14\/2021\/11\/Projeto-Olimpiada-das-Cores-e-realizado-com-alunos-do-SESI-em-Parintins-300x135.jpeg 300w, https:\/\/fieam.org.br\/sesi\/wp-content\/uploads\/sites\/14\/2021\/11\/Projeto-Olimpiada-das-Cores-e-realizado-com-alunos-do-SESI-em-Parintins-1024x461.jpeg 1024w, https:\/\/fieam.org.br\/sesi\/wp-content\/uploads\/sites\/14\/2021\/11\/Projeto-Olimpiada-das-Cores-e-realizado-com-alunos-do-SESI-em-Parintins-768x346.jpeg 768w\" sizes=\"(max-width: 359px) 100vw, 359px\" \/><\/a><\/p>\n<p>\u201cAs equipes s\u00e3o formadas por cores, em que as turmas interagem entre si e, em vez de defender sua turma na competi\u00e7\u00e3o, eles defendem as cores da equipe a qual est\u00e1 representando\u201d, explicou Campos, ao ressaltar que para o retorno das atividades com os alunos de forma segura, a Escola SESI Parintins refor\u00e7ou a sensibiliza\u00e7\u00e3o e os cuidados no retorno \u00e0s aulas presenciais.<\/p>\n<p>Ambientes como sala de aula e refeit\u00f3rios est\u00e3o demarcados para que haja o distanciamento necess\u00e1rio entre as cadeiras, uso constante de m\u00e1scaras. \u00c1lcool em gel e higieniza\u00e7\u00e3o das m\u00e3os tamb\u00e9m fazem parte das mudan\u00e7as, al\u00e9m da aferi\u00e7\u00e3o da temperatura na entrada da escola.<\/p>\n<p>Os alunos d\u00e3o continuidade \u00e0s atividades escolares presenciais, com o uso do material did\u00e1tico autoral das Escolas SESI em 2021. Os livros e a nova matriz curricular est\u00e3o compostos de atividades em programas de computador (uso do Minecraft e de I.A), no\u00e7\u00f5es de programa\u00e7\u00e3o por meio do kit de Rob\u00f3tica e com metodologias ativas, sendo preparados para um futuro cada vez mais tecnol\u00f3gico e voltado para a resolu\u00e7\u00e3o de problemas.<\/p>\n<p>\u201cO contato direto com o aluno \u00e9 muito importante, poder acompanhar e ver suas dificuldades, tirar as d\u00favidas e orientar quando necess\u00e1rio. A forma presencial nos possibilita esse olho no olho, os feedbacks instant\u00e2neos que favorecem a troca de informa\u00e7\u00f5es e conhecimentos, muitas vezes a seguran\u00e7a do aluno no trabalho do professor \u00e9 maior\u201d, frisou a professora de Matem\u00e1tica da Escola SESI Parintins, Priscila Soares.<\/p>\n","protected":false},"excerpt":{"rendered":"<p>De forma remota e com ensino a dist\u00e2ncia e h\u00edbrido desde mar\u00e7o de 2020, a Escola SESI Padre Francisco Luppino, no munic\u00edpio de Parintins, distante 369 km de Manaus, retorna \u00e0s atividades 100% presenciais com protocolo de seguran\u00e7a e higieniza\u00e7\u00e3o r\u00edgidos contra a covid-19.\u00a0 A escola aguardava decreto da Prefeitura Municipal para libera\u00e7\u00e3o do retorno [&hellip;]<\/p>\n","protected":false},"author":1,"featured_media":17536,"comment_status":"closed","ping_status":"open","sticky":false,"template":"","format":"standard","meta":{"footnotes":""},"categories":[20,25,26],"tags":[],"class_list":["post-17535","post","type-post","status-publish","format-standard","has-post-thumbnail","hentry","category-banner-destaque","category-news","category-news-destaque"],"yoast_head":"<!-- This site is optimized with the Yoast SEO plugin v26.8 - https:\/\/yoast.com\/product\/yoast-seo-wordpress\/ -->\n<title>Escola SESI de Parintins tem retorno 100% presencial - SESI<\/title>\n<meta name=\"robots\" content=\"index, follow, max-snippet:-1, max-image-preview:large, max-video-preview:-1\" \/>\n<link rel=\"canonical\" href=\"https:\/\/fieam.org.br\/sesi\/escola-sesi-de-parintins-tem-retorno-100-presencial\/\" \/>\n<meta property=\"og:locale\" content=\"pt_BR\" \/>\n<meta property=\"og:type\" content=\"article\" \/>\n<meta property=\"og:title\" content=\"Escola SESI de Parintins tem retorno 100% presencial - SESI\" \/>\n<meta property=\"og:description\" content=\"De forma remota e com ensino a dist\u00e2ncia e h\u00edbrido desde mar\u00e7o de 2020, a Escola SESI Padre Francisco Luppino, no munic\u00edpio de Parintins, distante 369 km de Manaus, retorna \u00e0s atividades 100% presenciais com protocolo de seguran\u00e7a e higieniza\u00e7\u00e3o r\u00edgidos contra a covid-19.\u00a0 A escola aguardava decreto da Prefeitura Municipal para libera\u00e7\u00e3o do retorno [&hellip;]\" \/>\n<meta property=\"og:url\" content=\"https:\/\/fieam.org.br\/sesi\/escola-sesi-de-parintins-tem-retorno-100-presencial\/\" \/>\n<meta property=\"og:site_name\" content=\"SESI\" \/>\n<meta property=\"article:published_time\" content=\"2021-11-01T17:20:10+00:00\" \/>\n<meta property=\"og:image\" content=\"https:\/\/fieam.org.br\/sesi\/wp-content\/uploads\/sites\/14\/2021\/11\/Projeto-Olimpiada-das-Cores-e-realizado-com-alunos-do-SESI-em-Parintins.jpeg\" \/>\n\t<meta property=\"og:image:width\" content=\"1280\" \/>\n\t<meta property=\"og:image:height\" content=\"576\" \/>\n\t<meta property=\"og:image:type\" content=\"image\/jpeg\" \/>\n<meta name=\"author\" content=\"Autor\" \/>\n<meta name=\"twitter:card\" content=\"summary_large_image\" \/>\n<meta name=\"twitter:label1\" content=\"Escrito por\" \/>\n\t<meta name=\"twitter:data1\" content=\"Autor\" \/>\n\t<meta name=\"twitter:label2\" content=\"Est. tempo de leitura\" \/>\n\t<meta name=\"twitter:data2\" content=\"3 minutos\" \/>\n<script type=\"application\/ld+json\" class=\"yoast-schema-graph\">{\"@context\":\"https:\/\/schema.org\",\"@graph\":[{\"@type\":\"Article\",\"@id\":\"https:\/\/fieam.org.br\/sesi\/escola-sesi-de-parintins-tem-retorno-100-presencial\/#article\",\"isPartOf\":{\"@id\":\"https:\/\/fieam.org.br\/sesi\/escola-sesi-de-parintins-tem-retorno-100-presencial\/\"},\"author\":{\"name\":\"Autor\",\"@id\":\"https:\/\/fieam.org.br\/sesi\/#\/schema\/person\/c1ceda8321521b291cee22da0a7d34be\"},\"headline\":\"Escola SESI de Parintins tem retorno 100% presencial\",\"datePublished\":\"2021-11-01T17:20:10+00:00\",\"mainEntityOfPage\":{\"@id\":\"https:\/\/fieam.org.br\/sesi\/escola-sesi-de-parintins-tem-retorno-100-presencial\/\"},\"wordCount\":570,\"publisher\":{\"@id\":\"https:\/\/fieam.org.br\/sesi\/#organization\"},\"image\":{\"@id\":\"https:\/\/fieam.org.br\/sesi\/escola-sesi-de-parintins-tem-retorno-100-presencial\/#primaryimage\"},\"thumbnailUrl\":\"https:\/\/fieam.org.br\/sesi\/wp-content\/uploads\/sites\/14\/2021\/11\/Projeto-Olimpiada-das-Cores-e-realizado-com-alunos-do-SESI-em-Parintins.jpeg\",\"articleSection\":[\"Banner Destaque\",\"News\",\"News Destaque\"],\"inLanguage\":\"pt-BR\"},{\"@type\":\"WebPage\",\"@id\":\"https:\/\/fieam.org.br\/sesi\/escola-sesi-de-parintins-tem-retorno-100-presencial\/\",\"url\":\"https:\/\/fieam.org.br\/sesi\/escola-sesi-de-parintins-tem-retorno-100-presencial\/\",\"name\":\"Escola SESI de Parintins tem retorno 100% presencial - SESI\",\"isPartOf\":{\"@id\":\"https:\/\/fieam.org.br\/sesi\/#website\"},\"primaryImageOfPage\":{\"@id\":\"https:\/\/fieam.org.br\/sesi\/escola-sesi-de-parintins-tem-retorno-100-presencial\/#primaryimage\"},\"image\":{\"@id\":\"https:\/\/fieam.org.br\/sesi\/escola-sesi-de-parintins-tem-retorno-100-presencial\/#primaryimage\"},\"thumbnailUrl\":\"https:\/\/fieam.org.br\/sesi\/wp-content\/uploads\/sites\/14\/2021\/11\/Projeto-Olimpiada-das-Cores-e-realizado-com-alunos-do-SESI-em-Parintins.jpeg\",\"datePublished\":\"2021-11-01T17:20:10+00:00\",\"breadcrumb\":{\"@id\":\"https:\/\/fieam.org.br\/sesi\/escola-sesi-de-parintins-tem-retorno-100-presencial\/#breadcrumb\"},\"inLanguage\":\"pt-BR\",\"potentialAction\":[{\"@type\":\"ReadAction\",\"target\":[\"https:\/\/fieam.org.br\/sesi\/escola-sesi-de-parintins-tem-retorno-100-presencial\/\"]}]},{\"@type\":\"ImageObject\",\"inLanguage\":\"pt-BR\",\"@id\":\"https:\/\/fieam.org.br\/sesi\/escola-sesi-de-parintins-tem-retorno-100-presencial\/#primaryimage\",\"url\":\"https:\/\/fieam.org.br\/sesi\/wp-content\/uploads\/sites\/14\/2021\/11\/Projeto-Olimpiada-das-Cores-e-realizado-com-alunos-do-SESI-em-Parintins.jpeg\",\"contentUrl\":\"https:\/\/fieam.org.br\/sesi\/wp-content\/uploads\/sites\/14\/2021\/11\/Projeto-Olimpiada-das-Cores-e-realizado-com-alunos-do-SESI-em-Parintins.jpeg\",\"width\":1280,\"height\":576},{\"@type\":\"BreadcrumbList\",\"@id\":\"https:\/\/fieam.org.br\/sesi\/escola-sesi-de-parintins-tem-retorno-100-presencial\/#breadcrumb\",\"itemListElement\":[{\"@type\":\"ListItem\",\"position\":1,\"name\":\"In\u00edcio\",\"item\":\"https:\/\/fieam.org.br\/sesi\/\"},{\"@type\":\"ListItem\",\"position\":2,\"name\":\"Escola SESI de Parintins tem retorno 100% presencial\"}]},{\"@type\":\"WebSite\",\"@id\":\"https:\/\/fieam.org.br\/sesi\/#website\",\"url\":\"https:\/\/fieam.org.br\/sesi\/\",\"name\":\"SESI\",\"description\":\"Site Oficial!\",\"publisher\":{\"@id\":\"https:\/\/fieam.org.br\/sesi\/#organization\"},\"potentialAction\":[{\"@type\":\"SearchAction\",\"target\":{\"@type\":\"EntryPoint\",\"urlTemplate\":\"https:\/\/fieam.org.br\/sesi\/?s={search_term_string}\"},\"query-input\":{\"@type\":\"PropertyValueSpecification\",\"valueRequired\":true,\"valueName\":\"search_term_string\"}}],\"inLanguage\":\"pt-BR\"},{\"@type\":\"Organization\",\"@id\":\"https:\/\/fieam.org.br\/sesi\/#organization\",\"name\":\"SESI\",\"url\":\"https:\/\/fieam.org.br\/sesi\/\",\"logo\":{\"@type\":\"ImageObject\",\"inLanguage\":\"pt-BR\",\"@id\":\"https:\/\/fieam.org.br\/sesi\/#\/schema\/logo\/image\/\",\"url\":\"https:\/\/fieam.org.br\/sesi\/wp-content\/uploads\/sites\/14\/2024\/03\/cropped-fav.png\",\"contentUrl\":\"https:\/\/fieam.org.br\/sesi\/wp-content\/uploads\/sites\/14\/2024\/03\/cropped-fav.png\",\"width\":610,\"height\":589,\"caption\":\"SESI\"},\"image\":{\"@id\":\"https:\/\/fieam.org.br\/sesi\/#\/schema\/logo\/image\/\"}},{\"@type\":\"Person\",\"@id\":\"https:\/\/fieam.org.br\/sesi\/#\/schema\/person\/c1ceda8321521b291cee22da0a7d34be\",\"name\":\"Autor\",\"image\":{\"@type\":\"ImageObject\",\"inLanguage\":\"pt-BR\",\"@id\":\"https:\/\/fieam.org.br\/sesi\/#\/schema\/person\/image\/\",\"url\":\"https:\/\/secure.gravatar.com\/avatar\/3732c223e0e1fad69062a8f770955c9068d37b055204f310a0be18d4069fe380?s=96&d=mm&r=g\",\"contentUrl\":\"https:\/\/secure.gravatar.com\/avatar\/3732c223e0e1fad69062a8f770955c9068d37b055204f310a0be18d4069fe380?s=96&d=mm&r=g\",\"caption\":\"Autor\"},\"sameAs\":[\"https:\/\/marketingmassivo.com.br\"],\"url\":\"https:\/\/fieam.org.br\/sesi\/author\/admin\/\"}]}<\/script>\n<!-- \/ Yoast SEO plugin. -->","yoast_head_json":{"title":"Escola SESI de Parintins tem retorno 100% presencial - SESI","robots":{"index":"index","follow":"follow","max-snippet":"max-snippet:-1","max-image-preview":"max-image-preview:large","max-video-preview":"max-video-preview:-1"},"canonical":"https:\/\/fieam.org.br\/sesi\/escola-sesi-de-parintins-tem-retorno-100-presencial\/","og_locale":"pt_BR","og_type":"article","og_title":"Escola SESI de Parintins tem retorno 100% presencial - SESI","og_description":"De forma remota e com ensino a dist\u00e2ncia e h\u00edbrido desde mar\u00e7o de 2020, a Escola SESI Padre Francisco Luppino, no munic\u00edpio de Parintins, distante 369 km de Manaus, retorna \u00e0s atividades 100% presenciais com protocolo de seguran\u00e7a e higieniza\u00e7\u00e3o r\u00edgidos contra a covid-19.\u00a0 A escola aguardava decreto da Prefeitura Municipal para libera\u00e7\u00e3o do retorno [&hellip;]","og_url":"https:\/\/fieam.org.br\/sesi\/escola-sesi-de-parintins-tem-retorno-100-presencial\/","og_site_name":"SESI","article_published_time":"2021-11-01T17:20:10+00:00","og_image":[{"width":1280,"height":576,"url":"https:\/\/fieam.org.br\/sesi\/wp-content\/uploads\/sites\/14\/2021\/11\/Projeto-Olimpiada-das-Cores-e-realizado-com-alunos-do-SESI-em-Parintins.jpeg","type":"image\/jpeg"}],"author":"Autor","twitter_card":"summary_large_image","twitter_misc":{"Escrito por":"Autor","Est. tempo de leitura":"3 minutos"},"schema":{"@context":"https:\/\/schema.org","@graph":[{"@type":"Article","@id":"https:\/\/fieam.org.br\/sesi\/escola-sesi-de-parintins-tem-retorno-100-presencial\/#article","isPartOf":{"@id":"https:\/\/fieam.org.br\/sesi\/escola-sesi-de-parintins-tem-retorno-100-presencial\/"},"author":{"name":"Autor","@id":"https:\/\/fieam.org.br\/sesi\/#\/schema\/person\/c1ceda8321521b291cee22da0a7d34be"},"headline":"Escola SESI de Parintins tem retorno 100% presencial","datePublished":"2021-11-01T17:20:10+00:00","mainEntityOfPage":{"@id":"https:\/\/fieam.org.br\/sesi\/escola-sesi-de-parintins-tem-retorno-100-presencial\/"},"wordCount":570,"publisher":{"@id":"https:\/\/fieam.org.br\/sesi\/#organization"},"image":{"@id":"https:\/\/fieam.org.br\/sesi\/escola-sesi-de-parintins-tem-retorno-100-presencial\/#primaryimage"},"thumbnailUrl":"https:\/\/fieam.org.br\/sesi\/wp-content\/uploads\/sites\/14\/2021\/11\/Projeto-Olimpiada-das-Cores-e-realizado-com-alunos-do-SESI-em-Parintins.jpeg","articleSection":["Banner Destaque","News","News Destaque"],"inLanguage":"pt-BR"},{"@type":"WebPage","@id":"https:\/\/fieam.org.br\/sesi\/escola-sesi-de-parintins-tem-retorno-100-presencial\/","url":"https:\/\/fieam.org.br\/sesi\/escola-sesi-de-parintins-tem-retorno-100-presencial\/","name":"Escola SESI de Parintins tem retorno 100% presencial - SESI","isPartOf":{"@id":"https:\/\/fieam.org.br\/sesi\/#website"},"primaryImageOfPage":{"@id":"https:\/\/fieam.org.br\/sesi\/escola-sesi-de-parintins-tem-retorno-100-presencial\/#primaryimage"},"image":{"@id":"https:\/\/fieam.org.br\/sesi\/escola-sesi-de-parintins-tem-retorno-100-presencial\/#primaryimage"},"thumbnailUrl":"https:\/\/fieam.org.br\/sesi\/wp-content\/uploads\/sites\/14\/2021\/11\/Projeto-Olimpiada-das-Cores-e-realizado-com-alunos-do-SESI-em-Parintins.jpeg","datePublished":"2021-11-01T17:20:10+00:00","breadcrumb":{"@id":"https:\/\/fieam.org.br\/sesi\/escola-sesi-de-parintins-tem-retorno-100-presencial\/#breadcrumb"},"inLanguage":"pt-BR","potentialAction":[{"@type":"ReadAction","target":["https:\/\/fieam.org.br\/sesi\/escola-sesi-de-parintins-tem-retorno-100-presencial\/"]}]},{"@type":"ImageObject","inLanguage":"pt-BR","@id":"https:\/\/fieam.org.br\/sesi\/escola-sesi-de-parintins-tem-retorno-100-presencial\/#primaryimage","url":"https:\/\/fieam.org.br\/sesi\/wp-content\/uploads\/sites\/14\/2021\/11\/Projeto-Olimpiada-das-Cores-e-realizado-com-alunos-do-SESI-em-Parintins.jpeg","contentUrl":"https:\/\/fieam.org.br\/sesi\/wp-content\/uploads\/sites\/14\/2021\/11\/Projeto-Olimpiada-das-Cores-e-realizado-com-alunos-do-SESI-em-Parintins.jpeg","width":1280,"height":576},{"@type":"BreadcrumbList","@id":"https:\/\/fieam.org.br\/sesi\/escola-sesi-de-parintins-tem-retorno-100-presencial\/#breadcrumb","itemListElement":[{"@type":"ListItem","position":1,"name":"In\u00edcio","item":"https:\/\/fieam.org.br\/sesi\/"},{"@type":"ListItem","position":2,"name":"Escola SESI de Parintins tem retorno 100% presencial"}]},{"@type":"WebSite","@id":"https:\/\/fieam.org.br\/sesi\/#website","url":"https:\/\/fieam.org.br\/sesi\/","name":"SESI","description":"Site Oficial!","publisher":{"@id":"https:\/\/fieam.org.br\/sesi\/#organization"},"potentialAction":[{"@type":"SearchAction","target":{"@type":"EntryPoint","urlTemplate":"https:\/\/fieam.org.br\/sesi\/?s={search_term_string}"},"query-input":{"@type":"PropertyValueSpecification","valueRequired":true,"valueName":"search_term_string"}}],"inLanguage":"pt-BR"},{"@type":"Organization","@id":"https:\/\/fieam.org.br\/sesi\/#organization","name":"SESI","url":"https:\/\/fieam.org.br\/sesi\/","logo":{"@type":"ImageObject","inLanguage":"pt-BR","@id":"https:\/\/fieam.org.br\/sesi\/#\/schema\/logo\/image\/","url":"https:\/\/fieam.org.br\/sesi\/wp-content\/uploads\/sites\/14\/2024\/03\/cropped-fav.png","contentUrl":"https:\/\/fieam.org.br\/sesi\/wp-content\/uploads\/sites\/14\/2024\/03\/cropped-fav.png","width":610,"height":589,"caption":"SESI"},"image":{"@id":"https:\/\/fieam.org.br\/sesi\/#\/schema\/logo\/image\/"}},{"@type":"Person","@id":"https:\/\/fieam.org.br\/sesi\/#\/schema\/person\/c1ceda8321521b291cee22da0a7d34be","name":"Autor","image":{"@type":"ImageObject","inLanguage":"pt-BR","@id":"https:\/\/fieam.org.br\/sesi\/#\/schema\/person\/image\/","url":"https:\/\/secure.gravatar.com\/avatar\/3732c223e0e1fad69062a8f770955c9068d37b055204f310a0be18d4069fe380?s=96&d=mm&r=g","contentUrl":"https:\/\/secure.gravatar.com\/avatar\/3732c223e0e1fad69062a8f770955c9068d37b055204f310a0be18d4069fe380?s=96&d=mm&r=g","caption":"Autor"},"sameAs":["https:\/\/marketingmassivo.com.br"],"url":"https:\/\/fieam.org.br\/sesi\/author\/admin\/"}]}},"_links":{"self":[{"href":"https:\/\/fieam.org.br\/sesi\/wp-json\/wp\/v2\/posts\/17535","targetHints":{"allow":["GET"]}}],"collection":[{"href":"https:\/\/fieam.org.br\/sesi\/wp-json\/wp\/v2\/posts"}],"about":[{"href":"https:\/\/fieam.org.br\/sesi\/wp-json\/wp\/v2\/types\/post"}],"author":[{"embeddable":true,"href":"https:\/\/fieam.org.br\/sesi\/wp-json\/wp\/v2\/users\/1"}],"replies":[{"embeddable":true,"href":"https:\/\/fieam.org.br\/sesi\/wp-json\/wp\/v2\/comments?post=17535"}],"version-history":[{"count":0,"href":"https:\/\/fieam.org.br\/sesi\/wp-json\/wp\/v2\/posts\/17535\/revisions"}],"wp:featuredmedia":[{"embeddable":true,"href":"https:\/\/fieam.org.br\/sesi\/wp-json\/wp\/v2\/media\/17536"}],"wp:attachment":[{"href":"https:\/\/fieam.org.br\/sesi\/wp-json\/wp\/v2\/media?parent=17535"}],"wp:term":[{"taxonomy":"category","embeddable":true,"href":"https:\/\/fieam.org.br\/sesi\/wp-json\/wp\/v2\/categories?post=17535"},{"taxonomy":"post_tag","embeddable":true,"href":"https:\/\/fieam.org.br\/sesi\/wp-json\/wp\/v2\/tags?post=17535"}],"curies":[{"name":"wp","href":"https:\/\/api.w.org\/{rel}","templated":true}]}}