{"id":17449,"date":"2021-09-16T11:23:24","date_gmt":"2021-09-16T15:23:24","guid":{"rendered":"http:\/\/www.fieam.org.br\/sesi\/?p=17449"},"modified":"2021-09-16T11:23:24","modified_gmt":"2021-09-16T15:23:24","slug":"alunos-da-eja-sesi-tem-aula-em-espacos-culturais-de-manaus","status":"publish","type":"post","link":"https:\/\/fieam.org.br\/sesi\/alunos-da-eja-sesi-tem-aula-em-espacos-culturais-de-manaus\/","title":{"rendered":"Alunos da EJA SESI t\u00eam aula em espa\u00e7os culturais de Manaus"},"content":{"rendered":"<p><a href=\"https:\/\/marketingmassivo.com.br\/sesi\/wp-content\/uploads\/sites\/12\/2021\/09\/Alunos-do-6o-ao-9o-ano-conhecem-Teatro-Amazonas-em-projeto-interdisciplinar-da-EJA-SESI.jpeg\"><img fetchpriority=\"high\" decoding=\"async\" class=\"wp-image-17450 alignleft\" src=\"https:\/\/marketingmassivo.com.br\/sesi\/wp-content\/uploads\/sites\/12\/2021\/09\/Alunos-do-6o-ao-9o-ano-conhecem-Teatro-Amazonas-em-projeto-interdisciplinar-da-EJA-SESI.jpeg\" alt=\"\" width=\"281\" height=\"374\" srcset=\"https:\/\/fieam.org.br\/sesi\/wp-content\/uploads\/sites\/14\/2021\/09\/Alunos-do-6o-ao-9o-ano-conhecem-Teatro-Amazonas-em-projeto-interdisciplinar-da-EJA-SESI.jpeg 768w, https:\/\/fieam.org.br\/sesi\/wp-content\/uploads\/sites\/14\/2021\/09\/Alunos-do-6o-ao-9o-ano-conhecem-Teatro-Amazonas-em-projeto-interdisciplinar-da-EJA-SESI-225x300.jpeg 225w\" sizes=\"(max-width: 281px) 100vw, 281px\" \/><\/a>Pela primeira vez no Teatro Amazonas, Maria de Souza, 47, n\u00e3o escondia o encantamento com a hist\u00f3ria e estrutura do espa\u00e7o. \u201cEu ainda n\u00e3o tinha tido oportunidade de entrar no Teatro, que \u00e9 uma riqueza nossa, por\u00e9m nem todo mundo da turma, por exemplo, j\u00e1 tinha visitado, assim como o Pal\u00e1cio da Justi\u00e7a, que \u00e9 outro patrim\u00f4nio hist\u00f3rico, por isso s\u00f3 tenho que agradecer ao SESI por proporcionar isso aos alunos\u201d, contou a aluna do 9\u00ba ano de Educa\u00e7\u00e3o de Jovens e Adultos (EJA) do Servi\u00e7o Social da Ind\u00fastria (SESI) que, juntamente com 100 colegas do 6\u00ba ao\u00a0 9\u00ba ano, fizeram um tour para conhecer, al\u00e9m do Teatro, Pal\u00e1cio da Justi\u00e7a, Galeria do Largo, Casar\u00e3o de Ideias, encerrando as atividades escolares de hist\u00f3ria e geografia, com um piquenique na Ponta Negra.<\/p>\n<p>\u201cFoi uma experi\u00eancia \u00fanica\u201d, descreveu o aluno Francisco Ant\u00f4nio Lima, 56, do 8\u00ba ano da EJA SESI. Ao visitar os pontos tur\u00edsticos no centro da cidade, o estudante ressaltou a import\u00e2ncia da experi\u00eancia. \u201cFoi muito interessante ter uma aula na pr\u00e1tica e presencial, al\u00e9m do encontro com os colegas de sala de aula tamb\u00e9m, gostei e espero que todos tenham tirado proveito disso\u201d.<\/p>\n<p>Divididos em grupos e seguindo os protocolos de seguran\u00e7a (uso de mascara, \u00e1lcool em gel e apresenta\u00e7\u00e3o da carteira de vacina\u00e7\u00e3o), os alunos na \u00faltima semana (dias 8, 9 e 10) tiveram suas primeiras atividades presenciais da Nova EJA em formato 100% virtual. Com acompanhamento dos professores, as turmas trabalharam em salas de aulas virtuais o conceito hist\u00f3rico de cada local visitado e, posteriormente, far\u00e3o apresenta\u00e7\u00e3o sobre as visitas em lives ao vivo para os outros alunos e demais convidados.<a href=\"https:\/\/marketingmassivo.com.br\/sesi\/wp-content\/uploads\/sites\/12\/2021\/09\/Aluno-Francisco-Antonio-Lima-56-do-8o-ano-da-EJA-SESI.jpeg\"><img decoding=\"async\" class=\"wp-image-17452 alignright\" src=\"https:\/\/marketingmassivo.com.br\/sesi\/wp-content\/uploads\/sites\/12\/2021\/09\/Aluno-Francisco-Antonio-Lima-56-do-8o-ano-da-EJA-SESI.jpeg\" alt=\"\" width=\"209\" height=\"279\" srcset=\"https:\/\/fieam.org.br\/sesi\/wp-content\/uploads\/sites\/14\/2021\/09\/Aluno-Francisco-Antonio-Lima-56-do-8o-ano-da-EJA-SESI.jpeg 1200w, https:\/\/fieam.org.br\/sesi\/wp-content\/uploads\/sites\/14\/2021\/09\/Aluno-Francisco-Antonio-Lima-56-do-8o-ano-da-EJA-SESI-225x300.jpeg 225w, https:\/\/fieam.org.br\/sesi\/wp-content\/uploads\/sites\/14\/2021\/09\/Aluno-Francisco-Antonio-Lima-56-do-8o-ano-da-EJA-SESI-768x1024.jpeg 768w, https:\/\/fieam.org.br\/sesi\/wp-content\/uploads\/sites\/14\/2021\/09\/Aluno-Francisco-Antonio-Lima-56-do-8o-ano-da-EJA-SESI-1152x1536.jpeg 1152w\" sizes=\"(max-width: 209px) 100vw, 209px\" \/><\/a><\/p>\n<p>\u201cQueremos que a cada nova atividade como essa, o aluno se empodere e se sinta capaz de apresentar e falar sobre o que aprendeu desses locais para o p\u00fablico, mesmo que a plateia seja seus pr\u00f3prios colegas de classe. A ideia \u00e9 que, quando desafiados nessa apresenta\u00e7\u00e3o ao vivo, os alunos al\u00e9m de avaliados nas tem\u00e1ticas de hist\u00f3ria e geografia, tamb\u00e9m desenvolvam a linguagem, postura e apresenta\u00e7\u00e3o diante dos professores que estar\u00e3o avaliando tamb\u00e9m de forma remota\u201d, explicou a coordenadora da EJA SESI, Iara Marinho.<\/p>\n<p>Como parte do portf\u00f3lio de atividades e avalia\u00e7\u00f5es da Educa\u00e7\u00e3o de Jovens e Adultos do SESI, esses projetos externos j\u00e1 fazem parte da grade curricular no ensino dos alunos ao longo dos anos, em parceria com a Secretaria de Estado de Cultura (SEC) e trabalhado de acordo com as novas diretrizes curriculares do grupo Somos Educa\u00e7\u00e3o, dividida nas \u00e1reas de conhecimento: Linguagem e suas Tecnologias, Ci\u00eancias Humanas e suas Tecnologias, Ci\u00eancias da Natureza e Suas Tecnologias e Matem\u00e1tica e suas Tecnologias.<\/p>\n<p>O ambiente virtual de aprendizagem on-line Plurall, do grupo de educa\u00e7\u00e3o b\u00e1sica Somos Educa\u00e7\u00e3o, est\u00e1 dispon\u00edvel no Portal SESI de Educa\u00e7\u00e3o, por onde os alunos assistem \u00e0s aulas de forma 100% on-line e com a integra\u00e7\u00e3o do Sistema de Gest\u00e3o Escolar (SGE). Algumas ferramentas do Google For Education, como Google Classroom e Meet, al\u00e9m do Microsoft Teams tamb\u00e9m s\u00e3o utilizadas para encontros di\u00e1rios ao vivo com os professores e agendamento de provas e atividades.<\/p>\n<p>\u201cDentro das \u00e1reas de conhecimento trabalhadas no projeto queremos de alguma forma trazer a matem\u00e1tica para desenvolver em uma s\u00f3 atividade diferentes itiner\u00e1rios formativos. O intuito \u00e9 sempre promover essa integra\u00e7\u00e3o, al\u00e9m de melhorar a sociabiliza\u00e7\u00e3o e o incentivo ao conhecimento deles para as \u00e1reas\u201d, disse Marinho, ao acrescentar que esses mais de 100 alunos que fizeram parte das visitas est\u00e3o participando das aulas 100% remotas da Nova EJA SESI que teve entrada durante a pandemia, por isso ainda n\u00e3o tinham tido contato uns com os outros.<\/p>\n<p><img decoding=\"async\" class=\"wp-image-17451 alignleft\" src=\"https:\/\/marketingmassivo.com.br\/sesi\/wp-content\/uploads\/sites\/12\/2021\/09\/Palacio-da-Justica-foi-um-dos-locais-visitados-no-centro-historico-de-Manaus-pelos-alunos-da-EJA-SESI.jpeg\" alt=\"\" width=\"485\" height=\"364\" srcset=\"https:\/\/fieam.org.br\/sesi\/wp-content\/uploads\/sites\/14\/2021\/09\/Palacio-da-Justica-foi-um-dos-locais-visitados-no-centro-historico-de-Manaus-pelos-alunos-da-EJA-SESI.jpeg 1024w, https:\/\/fieam.org.br\/sesi\/wp-content\/uploads\/sites\/14\/2021\/09\/Palacio-da-Justica-foi-um-dos-locais-visitados-no-centro-historico-de-Manaus-pelos-alunos-da-EJA-SESI-300x225.jpeg 300w, https:\/\/fieam.org.br\/sesi\/wp-content\/uploads\/sites\/14\/2021\/09\/Palacio-da-Justica-foi-um-dos-locais-visitados-no-centro-historico-de-Manaus-pelos-alunos-da-EJA-SESI-768x576.jpeg 768w\" sizes=\"(max-width: 485px) 100vw, 485px\" \/><\/p>\n<p><strong><em>Matr\u00edculas abertas<\/em><\/strong><\/p>\n<p>O SESI estar\u00e1 encerrando, no pr\u00f3ximo dia 25, seu \u00faltimo per\u00edodo de matr\u00edculas em 2021 para Educa\u00e7\u00e3o de Jovens e Adultos 100% on-line. Com matr\u00edculas abertas para novas turmas do ensino fundamental e m\u00e9dio, o ensino remoto \u00e9 gratuito para o trabalhador da ind\u00fastria, seus dependentes e p\u00fablico de baixa renda.<\/p>\n<p>Os interessados podem fazer a matr\u00edcula de forma presencial de segunda \u00e0 sexta-feira, das 8h \u00e0s 20h na Escola SESI Dra. Emina Barbosa Mustafa, no Aleixo. Mais informa\u00e7\u00e3o entre em contato pelo Whatsapp (92) 98404-3683\/ 98443-0890.<\/p>\n","protected":false},"excerpt":{"rendered":"<p>Pela primeira vez no Teatro Amazonas, Maria de Souza, 47, n\u00e3o escondia o encantamento com a hist\u00f3ria e estrutura do espa\u00e7o. \u201cEu ainda n\u00e3o tinha tido oportunidade de entrar no Teatro, que \u00e9 uma riqueza nossa, por\u00e9m nem todo mundo da turma, por exemplo, j\u00e1 tinha visitado, assim como o Pal\u00e1cio da Justi\u00e7a, que \u00e9 [&hellip;]<\/p>\n","protected":false},"author":1,"featured_media":17451,"comment_status":"closed","ping_status":"open","sticky":false,"template":"","format":"standard","meta":{"footnotes":""},"categories":[20,25,26],"tags":[],"class_list":["post-17449","post","type-post","status-publish","format-standard","has-post-thumbnail","hentry","category-banner-destaque","category-news","category-news-destaque"],"yoast_head":"<!-- This site is optimized with the Yoast SEO plugin v26.8 - https:\/\/yoast.com\/product\/yoast-seo-wordpress\/ -->\n<title>Alunos da EJA SESI t\u00eam aula em espa\u00e7os culturais de Manaus - SESI<\/title>\n<meta name=\"robots\" content=\"index, follow, max-snippet:-1, max-image-preview:large, max-video-preview:-1\" \/>\n<link rel=\"canonical\" href=\"https:\/\/fieam.org.br\/sesi\/alunos-da-eja-sesi-tem-aula-em-espacos-culturais-de-manaus\/\" \/>\n<meta property=\"og:locale\" content=\"pt_BR\" \/>\n<meta property=\"og:type\" content=\"article\" \/>\n<meta property=\"og:title\" content=\"Alunos da EJA SESI t\u00eam aula em espa\u00e7os culturais de Manaus - SESI\" \/>\n<meta property=\"og:description\" content=\"Pela primeira vez no Teatro Amazonas, Maria de Souza, 47, n\u00e3o escondia o encantamento com a hist\u00f3ria e estrutura do espa\u00e7o. \u201cEu ainda n\u00e3o tinha tido oportunidade de entrar no Teatro, que \u00e9 uma riqueza nossa, por\u00e9m nem todo mundo da turma, por exemplo, j\u00e1 tinha visitado, assim como o Pal\u00e1cio da Justi\u00e7a, que \u00e9 [&hellip;]\" \/>\n<meta property=\"og:url\" content=\"https:\/\/fieam.org.br\/sesi\/alunos-da-eja-sesi-tem-aula-em-espacos-culturais-de-manaus\/\" \/>\n<meta property=\"og:site_name\" content=\"SESI\" \/>\n<meta property=\"article:published_time\" content=\"2021-09-16T15:23:24+00:00\" \/>\n<meta property=\"og:image\" content=\"https:\/\/fieam.org.br\/sesi\/wp-content\/uploads\/sites\/14\/2021\/09\/Palacio-da-Justica-foi-um-dos-locais-visitados-no-centro-historico-de-Manaus-pelos-alunos-da-EJA-SESI.jpeg\" \/>\n\t<meta property=\"og:image:width\" content=\"1024\" \/>\n\t<meta property=\"og:image:height\" content=\"768\" \/>\n\t<meta property=\"og:image:type\" content=\"image\/jpeg\" \/>\n<meta name=\"author\" content=\"Autor\" \/>\n<meta name=\"twitter:card\" content=\"summary_large_image\" \/>\n<meta name=\"twitter:label1\" content=\"Escrito por\" \/>\n\t<meta name=\"twitter:data1\" content=\"Autor\" \/>\n\t<meta name=\"twitter:label2\" content=\"Est. tempo de leitura\" \/>\n\t<meta name=\"twitter:data2\" content=\"4 minutos\" \/>\n<script type=\"application\/ld+json\" class=\"yoast-schema-graph\">{\"@context\":\"https:\/\/schema.org\",\"@graph\":[{\"@type\":\"Article\",\"@id\":\"https:\/\/fieam.org.br\/sesi\/alunos-da-eja-sesi-tem-aula-em-espacos-culturais-de-manaus\/#article\",\"isPartOf\":{\"@id\":\"https:\/\/fieam.org.br\/sesi\/alunos-da-eja-sesi-tem-aula-em-espacos-culturais-de-manaus\/\"},\"author\":{\"name\":\"Autor\",\"@id\":\"https:\/\/fieam.org.br\/sesi\/#\/schema\/person\/c1ceda8321521b291cee22da0a7d34be\"},\"headline\":\"Alunos da EJA SESI t\u00eam aula em espa\u00e7os culturais de Manaus\",\"datePublished\":\"2021-09-16T15:23:24+00:00\",\"mainEntityOfPage\":{\"@id\":\"https:\/\/fieam.org.br\/sesi\/alunos-da-eja-sesi-tem-aula-em-espacos-culturais-de-manaus\/\"},\"wordCount\":756,\"publisher\":{\"@id\":\"https:\/\/fieam.org.br\/sesi\/#organization\"},\"image\":{\"@id\":\"https:\/\/fieam.org.br\/sesi\/alunos-da-eja-sesi-tem-aula-em-espacos-culturais-de-manaus\/#primaryimage\"},\"thumbnailUrl\":\"https:\/\/fieam.org.br\/sesi\/wp-content\/uploads\/sites\/14\/2021\/09\/Palacio-da-Justica-foi-um-dos-locais-visitados-no-centro-historico-de-Manaus-pelos-alunos-da-EJA-SESI.jpeg\",\"articleSection\":[\"Banner Destaque\",\"News\",\"News Destaque\"],\"inLanguage\":\"pt-BR\"},{\"@type\":\"WebPage\",\"@id\":\"https:\/\/fieam.org.br\/sesi\/alunos-da-eja-sesi-tem-aula-em-espacos-culturais-de-manaus\/\",\"url\":\"https:\/\/fieam.org.br\/sesi\/alunos-da-eja-sesi-tem-aula-em-espacos-culturais-de-manaus\/\",\"name\":\"Alunos da EJA SESI t\u00eam aula em espa\u00e7os culturais de Manaus - SESI\",\"isPartOf\":{\"@id\":\"https:\/\/fieam.org.br\/sesi\/#website\"},\"primaryImageOfPage\":{\"@id\":\"https:\/\/fieam.org.br\/sesi\/alunos-da-eja-sesi-tem-aula-em-espacos-culturais-de-manaus\/#primaryimage\"},\"image\":{\"@id\":\"https:\/\/fieam.org.br\/sesi\/alunos-da-eja-sesi-tem-aula-em-espacos-culturais-de-manaus\/#primaryimage\"},\"thumbnailUrl\":\"https:\/\/fieam.org.br\/sesi\/wp-content\/uploads\/sites\/14\/2021\/09\/Palacio-da-Justica-foi-um-dos-locais-visitados-no-centro-historico-de-Manaus-pelos-alunos-da-EJA-SESI.jpeg\",\"datePublished\":\"2021-09-16T15:23:24+00:00\",\"breadcrumb\":{\"@id\":\"https:\/\/fieam.org.br\/sesi\/alunos-da-eja-sesi-tem-aula-em-espacos-culturais-de-manaus\/#breadcrumb\"},\"inLanguage\":\"pt-BR\",\"potentialAction\":[{\"@type\":\"ReadAction\",\"target\":[\"https:\/\/fieam.org.br\/sesi\/alunos-da-eja-sesi-tem-aula-em-espacos-culturais-de-manaus\/\"]}]},{\"@type\":\"ImageObject\",\"inLanguage\":\"pt-BR\",\"@id\":\"https:\/\/fieam.org.br\/sesi\/alunos-da-eja-sesi-tem-aula-em-espacos-culturais-de-manaus\/#primaryimage\",\"url\":\"https:\/\/fieam.org.br\/sesi\/wp-content\/uploads\/sites\/14\/2021\/09\/Palacio-da-Justica-foi-um-dos-locais-visitados-no-centro-historico-de-Manaus-pelos-alunos-da-EJA-SESI.jpeg\",\"contentUrl\":\"https:\/\/fieam.org.br\/sesi\/wp-content\/uploads\/sites\/14\/2021\/09\/Palacio-da-Justica-foi-um-dos-locais-visitados-no-centro-historico-de-Manaus-pelos-alunos-da-EJA-SESI.jpeg\",\"width\":1024,\"height\":768},{\"@type\":\"BreadcrumbList\",\"@id\":\"https:\/\/fieam.org.br\/sesi\/alunos-da-eja-sesi-tem-aula-em-espacos-culturais-de-manaus\/#breadcrumb\",\"itemListElement\":[{\"@type\":\"ListItem\",\"position\":1,\"name\":\"In\u00edcio\",\"item\":\"https:\/\/fieam.org.br\/sesi\/\"},{\"@type\":\"ListItem\",\"position\":2,\"name\":\"Alunos da EJA SESI t\u00eam aula em espa\u00e7os culturais de Manaus\"}]},{\"@type\":\"WebSite\",\"@id\":\"https:\/\/fieam.org.br\/sesi\/#website\",\"url\":\"https:\/\/fieam.org.br\/sesi\/\",\"name\":\"SESI\",\"description\":\"Site Oficial!\",\"publisher\":{\"@id\":\"https:\/\/fieam.org.br\/sesi\/#organization\"},\"potentialAction\":[{\"@type\":\"SearchAction\",\"target\":{\"@type\":\"EntryPoint\",\"urlTemplate\":\"https:\/\/fieam.org.br\/sesi\/?s={search_term_string}\"},\"query-input\":{\"@type\":\"PropertyValueSpecification\",\"valueRequired\":true,\"valueName\":\"search_term_string\"}}],\"inLanguage\":\"pt-BR\"},{\"@type\":\"Organization\",\"@id\":\"https:\/\/fieam.org.br\/sesi\/#organization\",\"name\":\"SESI\",\"url\":\"https:\/\/fieam.org.br\/sesi\/\",\"logo\":{\"@type\":\"ImageObject\",\"inLanguage\":\"pt-BR\",\"@id\":\"https:\/\/fieam.org.br\/sesi\/#\/schema\/logo\/image\/\",\"url\":\"https:\/\/fieam.org.br\/sesi\/wp-content\/uploads\/sites\/14\/2024\/03\/cropped-fav.png\",\"contentUrl\":\"https:\/\/fieam.org.br\/sesi\/wp-content\/uploads\/sites\/14\/2024\/03\/cropped-fav.png\",\"width\":610,\"height\":589,\"caption\":\"SESI\"},\"image\":{\"@id\":\"https:\/\/fieam.org.br\/sesi\/#\/schema\/logo\/image\/\"}},{\"@type\":\"Person\",\"@id\":\"https:\/\/fieam.org.br\/sesi\/#\/schema\/person\/c1ceda8321521b291cee22da0a7d34be\",\"name\":\"Autor\",\"image\":{\"@type\":\"ImageObject\",\"inLanguage\":\"pt-BR\",\"@id\":\"https:\/\/fieam.org.br\/sesi\/#\/schema\/person\/image\/\",\"url\":\"https:\/\/secure.gravatar.com\/avatar\/3732c223e0e1fad69062a8f770955c9068d37b055204f310a0be18d4069fe380?s=96&d=mm&r=g\",\"contentUrl\":\"https:\/\/secure.gravatar.com\/avatar\/3732c223e0e1fad69062a8f770955c9068d37b055204f310a0be18d4069fe380?s=96&d=mm&r=g\",\"caption\":\"Autor\"},\"sameAs\":[\"https:\/\/marketingmassivo.com.br\"],\"url\":\"https:\/\/fieam.org.br\/sesi\/author\/admin\/\"}]}<\/script>\n<!-- \/ Yoast SEO plugin. -->","yoast_head_json":{"title":"Alunos da EJA SESI t\u00eam aula em espa\u00e7os culturais de Manaus - SESI","robots":{"index":"index","follow":"follow","max-snippet":"max-snippet:-1","max-image-preview":"max-image-preview:large","max-video-preview":"max-video-preview:-1"},"canonical":"https:\/\/fieam.org.br\/sesi\/alunos-da-eja-sesi-tem-aula-em-espacos-culturais-de-manaus\/","og_locale":"pt_BR","og_type":"article","og_title":"Alunos da EJA SESI t\u00eam aula em espa\u00e7os culturais de Manaus - SESI","og_description":"Pela primeira vez no Teatro Amazonas, Maria de Souza, 47, n\u00e3o escondia o encantamento com a hist\u00f3ria e estrutura do espa\u00e7o. \u201cEu ainda n\u00e3o tinha tido oportunidade de entrar no Teatro, que \u00e9 uma riqueza nossa, por\u00e9m nem todo mundo da turma, por exemplo, j\u00e1 tinha visitado, assim como o Pal\u00e1cio da Justi\u00e7a, que \u00e9 [&hellip;]","og_url":"https:\/\/fieam.org.br\/sesi\/alunos-da-eja-sesi-tem-aula-em-espacos-culturais-de-manaus\/","og_site_name":"SESI","article_published_time":"2021-09-16T15:23:24+00:00","og_image":[{"width":1024,"height":768,"url":"https:\/\/fieam.org.br\/sesi\/wp-content\/uploads\/sites\/14\/2021\/09\/Palacio-da-Justica-foi-um-dos-locais-visitados-no-centro-historico-de-Manaus-pelos-alunos-da-EJA-SESI.jpeg","type":"image\/jpeg"}],"author":"Autor","twitter_card":"summary_large_image","twitter_misc":{"Escrito por":"Autor","Est. tempo de leitura":"4 minutos"},"schema":{"@context":"https:\/\/schema.org","@graph":[{"@type":"Article","@id":"https:\/\/fieam.org.br\/sesi\/alunos-da-eja-sesi-tem-aula-em-espacos-culturais-de-manaus\/#article","isPartOf":{"@id":"https:\/\/fieam.org.br\/sesi\/alunos-da-eja-sesi-tem-aula-em-espacos-culturais-de-manaus\/"},"author":{"name":"Autor","@id":"https:\/\/fieam.org.br\/sesi\/#\/schema\/person\/c1ceda8321521b291cee22da0a7d34be"},"headline":"Alunos da EJA SESI t\u00eam aula em espa\u00e7os culturais de Manaus","datePublished":"2021-09-16T15:23:24+00:00","mainEntityOfPage":{"@id":"https:\/\/fieam.org.br\/sesi\/alunos-da-eja-sesi-tem-aula-em-espacos-culturais-de-manaus\/"},"wordCount":756,"publisher":{"@id":"https:\/\/fieam.org.br\/sesi\/#organization"},"image":{"@id":"https:\/\/fieam.org.br\/sesi\/alunos-da-eja-sesi-tem-aula-em-espacos-culturais-de-manaus\/#primaryimage"},"thumbnailUrl":"https:\/\/fieam.org.br\/sesi\/wp-content\/uploads\/sites\/14\/2021\/09\/Palacio-da-Justica-foi-um-dos-locais-visitados-no-centro-historico-de-Manaus-pelos-alunos-da-EJA-SESI.jpeg","articleSection":["Banner Destaque","News","News Destaque"],"inLanguage":"pt-BR"},{"@type":"WebPage","@id":"https:\/\/fieam.org.br\/sesi\/alunos-da-eja-sesi-tem-aula-em-espacos-culturais-de-manaus\/","url":"https:\/\/fieam.org.br\/sesi\/alunos-da-eja-sesi-tem-aula-em-espacos-culturais-de-manaus\/","name":"Alunos da EJA SESI t\u00eam aula em espa\u00e7os culturais de Manaus - SESI","isPartOf":{"@id":"https:\/\/fieam.org.br\/sesi\/#website"},"primaryImageOfPage":{"@id":"https:\/\/fieam.org.br\/sesi\/alunos-da-eja-sesi-tem-aula-em-espacos-culturais-de-manaus\/#primaryimage"},"image":{"@id":"https:\/\/fieam.org.br\/sesi\/alunos-da-eja-sesi-tem-aula-em-espacos-culturais-de-manaus\/#primaryimage"},"thumbnailUrl":"https:\/\/fieam.org.br\/sesi\/wp-content\/uploads\/sites\/14\/2021\/09\/Palacio-da-Justica-foi-um-dos-locais-visitados-no-centro-historico-de-Manaus-pelos-alunos-da-EJA-SESI.jpeg","datePublished":"2021-09-16T15:23:24+00:00","breadcrumb":{"@id":"https:\/\/fieam.org.br\/sesi\/alunos-da-eja-sesi-tem-aula-em-espacos-culturais-de-manaus\/#breadcrumb"},"inLanguage":"pt-BR","potentialAction":[{"@type":"ReadAction","target":["https:\/\/fieam.org.br\/sesi\/alunos-da-eja-sesi-tem-aula-em-espacos-culturais-de-manaus\/"]}]},{"@type":"ImageObject","inLanguage":"pt-BR","@id":"https:\/\/fieam.org.br\/sesi\/alunos-da-eja-sesi-tem-aula-em-espacos-culturais-de-manaus\/#primaryimage","url":"https:\/\/fieam.org.br\/sesi\/wp-content\/uploads\/sites\/14\/2021\/09\/Palacio-da-Justica-foi-um-dos-locais-visitados-no-centro-historico-de-Manaus-pelos-alunos-da-EJA-SESI.jpeg","contentUrl":"https:\/\/fieam.org.br\/sesi\/wp-content\/uploads\/sites\/14\/2021\/09\/Palacio-da-Justica-foi-um-dos-locais-visitados-no-centro-historico-de-Manaus-pelos-alunos-da-EJA-SESI.jpeg","width":1024,"height":768},{"@type":"BreadcrumbList","@id":"https:\/\/fieam.org.br\/sesi\/alunos-da-eja-sesi-tem-aula-em-espacos-culturais-de-manaus\/#breadcrumb","itemListElement":[{"@type":"ListItem","position":1,"name":"In\u00edcio","item":"https:\/\/fieam.org.br\/sesi\/"},{"@type":"ListItem","position":2,"name":"Alunos da EJA SESI t\u00eam aula em espa\u00e7os culturais de Manaus"}]},{"@type":"WebSite","@id":"https:\/\/fieam.org.br\/sesi\/#website","url":"https:\/\/fieam.org.br\/sesi\/","name":"SESI","description":"Site Oficial!","publisher":{"@id":"https:\/\/fieam.org.br\/sesi\/#organization"},"potentialAction":[{"@type":"SearchAction","target":{"@type":"EntryPoint","urlTemplate":"https:\/\/fieam.org.br\/sesi\/?s={search_term_string}"},"query-input":{"@type":"PropertyValueSpecification","valueRequired":true,"valueName":"search_term_string"}}],"inLanguage":"pt-BR"},{"@type":"Organization","@id":"https:\/\/fieam.org.br\/sesi\/#organization","name":"SESI","url":"https:\/\/fieam.org.br\/sesi\/","logo":{"@type":"ImageObject","inLanguage":"pt-BR","@id":"https:\/\/fieam.org.br\/sesi\/#\/schema\/logo\/image\/","url":"https:\/\/fieam.org.br\/sesi\/wp-content\/uploads\/sites\/14\/2024\/03\/cropped-fav.png","contentUrl":"https:\/\/fieam.org.br\/sesi\/wp-content\/uploads\/sites\/14\/2024\/03\/cropped-fav.png","width":610,"height":589,"caption":"SESI"},"image":{"@id":"https:\/\/fieam.org.br\/sesi\/#\/schema\/logo\/image\/"}},{"@type":"Person","@id":"https:\/\/fieam.org.br\/sesi\/#\/schema\/person\/c1ceda8321521b291cee22da0a7d34be","name":"Autor","image":{"@type":"ImageObject","inLanguage":"pt-BR","@id":"https:\/\/fieam.org.br\/sesi\/#\/schema\/person\/image\/","url":"https:\/\/secure.gravatar.com\/avatar\/3732c223e0e1fad69062a8f770955c9068d37b055204f310a0be18d4069fe380?s=96&d=mm&r=g","contentUrl":"https:\/\/secure.gravatar.com\/avatar\/3732c223e0e1fad69062a8f770955c9068d37b055204f310a0be18d4069fe380?s=96&d=mm&r=g","caption":"Autor"},"sameAs":["https:\/\/marketingmassivo.com.br"],"url":"https:\/\/fieam.org.br\/sesi\/author\/admin\/"}]}},"_links":{"self":[{"href":"https:\/\/fieam.org.br\/sesi\/wp-json\/wp\/v2\/posts\/17449","targetHints":{"allow":["GET"]}}],"collection":[{"href":"https:\/\/fieam.org.br\/sesi\/wp-json\/wp\/v2\/posts"}],"about":[{"href":"https:\/\/fieam.org.br\/sesi\/wp-json\/wp\/v2\/types\/post"}],"author":[{"embeddable":true,"href":"https:\/\/fieam.org.br\/sesi\/wp-json\/wp\/v2\/users\/1"}],"replies":[{"embeddable":true,"href":"https:\/\/fieam.org.br\/sesi\/wp-json\/wp\/v2\/comments?post=17449"}],"version-history":[{"count":0,"href":"https:\/\/fieam.org.br\/sesi\/wp-json\/wp\/v2\/posts\/17449\/revisions"}],"wp:featuredmedia":[{"embeddable":true,"href":"https:\/\/fieam.org.br\/sesi\/wp-json\/wp\/v2\/media\/17451"}],"wp:attachment":[{"href":"https:\/\/fieam.org.br\/sesi\/wp-json\/wp\/v2\/media?parent=17449"}],"wp:term":[{"taxonomy":"category","embeddable":true,"href":"https:\/\/fieam.org.br\/sesi\/wp-json\/wp\/v2\/categories?post=17449"},{"taxonomy":"post_tag","embeddable":true,"href":"https:\/\/fieam.org.br\/sesi\/wp-json\/wp\/v2\/tags?post=17449"}],"curies":[{"name":"wp","href":"https:\/\/api.w.org\/{rel}","templated":true}]}}