{"id":17245,"date":"2021-05-03T11:46:35","date_gmt":"2021-05-03T15:46:35","guid":{"rendered":"http:\/\/www.fieam.org.br\/sesi\/?p=17245"},"modified":"2021-05-03T11:46:35","modified_gmt":"2021-05-03T15:46:35","slug":"escola-sesi-de-parintins-volta-as-aulas-presenciais","status":"publish","type":"post","link":"https:\/\/fieam.org.br\/sesi\/escola-sesi-de-parintins-volta-as-aulas-presenciais\/","title":{"rendered":"Escola SESI de Parintins volta \u00e0s aulas presenciais"},"content":{"rendered":"<p><a href=\"https:\/\/marketingmassivo.com.br\/sesi\/wp-content\/uploads\/sites\/12\/2021\/05\/WhatsApp-Image-2021-05-03-at-08.07.09-1.jpeg\"><img fetchpriority=\"high\" decoding=\"async\" class=\"wp-image-17247 alignright\" src=\"https:\/\/marketingmassivo.com.br\/sesi\/wp-content\/uploads\/sites\/12\/2021\/05\/WhatsApp-Image-2021-05-03-at-08.07.09-1.jpeg\" alt=\"\" width=\"476\" height=\"268\" srcset=\"https:\/\/fieam.org.br\/sesi\/wp-content\/uploads\/sites\/14\/2021\/05\/WhatsApp-Image-2021-05-03-at-08.07.09-1.jpeg 1040w, https:\/\/fieam.org.br\/sesi\/wp-content\/uploads\/sites\/14\/2021\/05\/WhatsApp-Image-2021-05-03-at-08.07.09-1-300x169.jpeg 300w, https:\/\/fieam.org.br\/sesi\/wp-content\/uploads\/sites\/14\/2021\/05\/WhatsApp-Image-2021-05-03-at-08.07.09-1-1024x576.jpeg 1024w, https:\/\/fieam.org.br\/sesi\/wp-content\/uploads\/sites\/14\/2021\/05\/WhatsApp-Image-2021-05-03-at-08.07.09-1-768x432.jpeg 768w\" sizes=\"(max-width: 476px) 100vw, 476px\" \/><\/a>Come\u00e7ou nesta segunda-feira, 3, o retorno h\u00edbrido das aulas para os alunos do Ensino Fundamental II (6\u00ba ao 9\u00ba ano) da Escola SESI Padre Francisco Luppino, localizada em Parintins, munic\u00edpio a 369 quil\u00f4metros em linha reta de\u00a0Manaus. A nova rotina refor\u00e7a as medidas de seguran\u00e7a e higieniza\u00e7\u00e3o contra a covid-19. As turmas do Ensino Fundamental I (1\u00ba ao 5\u00ba ano) retornam \u00e0s atividades na escola somente na pr\u00f3xima segunda-feira,10.<\/p>\n<p>Mensagens de afeto e saudade rechearam os corredores da escola na recep\u00e7\u00e3o dos alunos. Al\u00e9m do carinho dos professores h\u00e1 placas de sinaliza\u00e7\u00e3o ao longo dos espa\u00e7os sobre os cuidados necess\u00e1rios para a volta segura. \u201cPreparamos para os dois grupos de alunos, ensino fundamental I e II, uma acolhida bem animada e com seguran\u00e7a. N\u00f3s nos reunimos com os pais na \u00faltima sexta-feira, 30, de forma escalonada, para explicar e aprovar o plano de retorno\u201d, disse a coordenadora da Escola SESI Padre Francisco Luppino, Geisiane Campos.<a href=\"https:\/\/marketingmassivo.com.br\/sesi\/wp-content\/uploads\/sites\/12\/2021\/05\/Reforco-na-higienizacao-e-cuidados-para-retorno-seguro-as-aulas-presenciais-na-Escola-SESI-de-Parintins.jpeg\"><img decoding=\"async\" class=\"wp-image-17248 alignleft\" src=\"https:\/\/marketingmassivo.com.br\/sesi\/wp-content\/uploads\/sites\/12\/2021\/05\/Reforco-na-higienizacao-e-cuidados-para-retorno-seguro-as-aulas-presenciais-na-Escola-SESI-de-Parintins.jpeg\" alt=\"\" width=\"197\" height=\"350\" srcset=\"https:\/\/fieam.org.br\/sesi\/wp-content\/uploads\/sites\/14\/2021\/05\/Reforco-na-higienizacao-e-cuidados-para-retorno-seguro-as-aulas-presenciais-na-Escola-SESI-de-Parintins.jpeg 576w, https:\/\/fieam.org.br\/sesi\/wp-content\/uploads\/sites\/14\/2021\/05\/Reforco-na-higienizacao-e-cuidados-para-retorno-seguro-as-aulas-presenciais-na-Escola-SESI-de-Parintins-169x300.jpeg 169w\" sizes=\"(max-width: 197px) 100vw, 197px\" \/><\/a><\/p>\n<p>De forma remota e com ensino a dist\u00e2ncia desde mar\u00e7o de 2020 a Escola SESI de Parintins volta presencialmente com os alunos escalonados em dois dias da semana, divididos por grupos. O primeiro, nas segundas e quartas, e o segundo, nas ter\u00e7as e quintas. A sexta-feira fica reservada para todos nas aulas via plataformas digitais, com encontros ao vivo pelo ambiente virtual de aprendizagem on-line Plurall, dispon\u00edvel no Portal SESI de Educa\u00e7\u00e3o, e com a ferramenta\u00a0Google Meet e Office 365.<\/p>\n<p>Os alunos iniciam as atividades escolares presenciais, dando continuidade ao uso do material did\u00e1tico autoral das Escolas SESI em 2021. Os livros e a nova matriz curricular est\u00e3o compostos de atividades em programas de computador (uso do Minecraft e de I.A), no\u00e7\u00f5es de programa\u00e7\u00e3o por meio do kit de Rob\u00f3tica e com metodologias ativas, sendo preparados para um futuro cada vez mais tecnol\u00f3gico e voltado para a resolu\u00e7\u00e3o de problemas.<\/p>\n<p>Para volta das atividades com seguran\u00e7a, a Escola SESI Parintins refor\u00e7ou a sensibiliza\u00e7\u00e3o e os cuidados no retorno \u00e0s aulas presenciais com os alunos. Ambientes como sala de aula e refeit\u00f3rios est\u00e3o demarcados para que haja o distanciamento necess\u00e1rio entre as cadeiras, uso constante de m\u00e1scaras, \u00e1lcool em gel e higieniza\u00e7\u00e3o das m\u00e3os tamb\u00e9m faz parte das mudan\u00e7as, al\u00e9m da aferi\u00e7\u00e3o da temperatura na entrada da escola.<\/p>\n<p>\u201cAs medidas seguem o protocolo de Seguran\u00e7a das Escolas SESI Amazonas e foram repassadas para os alunos e pais ainda no ensino a dist\u00e2ncia nas aulas remotas\u201d, explicou Campos.<\/p>\n","protected":false},"excerpt":{"rendered":"<p>Come\u00e7ou nesta segunda-feira, 3, o retorno h\u00edbrido das aulas para os alunos do Ensino Fundamental II (6\u00ba ao 9\u00ba ano) da Escola SESI Padre Francisco Luppino, localizada em Parintins, munic\u00edpio a 369 quil\u00f4metros em linha reta de\u00a0Manaus. A nova rotina refor\u00e7a as medidas de seguran\u00e7a e higieniza\u00e7\u00e3o contra a covid-19. As turmas do Ensino Fundamental [&hellip;]<\/p>\n","protected":false},"author":1,"featured_media":17246,"comment_status":"closed","ping_status":"open","sticky":false,"template":"","format":"standard","meta":{"footnotes":""},"categories":[20,25,26],"tags":[],"class_list":["post-17245","post","type-post","status-publish","format-standard","has-post-thumbnail","hentry","category-banner-destaque","category-news","category-news-destaque"],"yoast_head":"<!-- This site is optimized with the Yoast SEO plugin v26.8 - https:\/\/yoast.com\/product\/yoast-seo-wordpress\/ -->\n<title>Escola SESI de Parintins volta \u00e0s aulas presenciais - SESI<\/title>\n<meta name=\"robots\" content=\"index, follow, max-snippet:-1, max-image-preview:large, max-video-preview:-1\" \/>\n<link rel=\"canonical\" href=\"https:\/\/fieam.org.br\/sesi\/escola-sesi-de-parintins-volta-as-aulas-presenciais\/\" \/>\n<meta property=\"og:locale\" content=\"pt_BR\" \/>\n<meta property=\"og:type\" content=\"article\" \/>\n<meta property=\"og:title\" content=\"Escola SESI de Parintins volta \u00e0s aulas presenciais - SESI\" \/>\n<meta property=\"og:description\" content=\"Come\u00e7ou nesta segunda-feira, 3, o retorno h\u00edbrido das aulas para os alunos do Ensino Fundamental II (6\u00ba ao 9\u00ba ano) da Escola SESI Padre Francisco Luppino, localizada em Parintins, munic\u00edpio a 369 quil\u00f4metros em linha reta de\u00a0Manaus. A nova rotina refor\u00e7a as medidas de seguran\u00e7a e higieniza\u00e7\u00e3o contra a covid-19. As turmas do Ensino Fundamental [&hellip;]\" \/>\n<meta property=\"og:url\" content=\"https:\/\/fieam.org.br\/sesi\/escola-sesi-de-parintins-volta-as-aulas-presenciais\/\" \/>\n<meta property=\"og:site_name\" content=\"SESI\" \/>\n<meta property=\"article:published_time\" content=\"2021-05-03T15:46:35+00:00\" \/>\n<meta property=\"og:image\" content=\"https:\/\/fieam.org.br\/sesi\/wp-content\/uploads\/sites\/14\/2021\/05\/WhatsApp-Image-2021-05-03-at-08.07.09.jpeg\" \/>\n\t<meta property=\"og:image:width\" content=\"1040\" \/>\n\t<meta property=\"og:image:height\" content=\"585\" \/>\n\t<meta property=\"og:image:type\" content=\"image\/jpeg\" \/>\n<meta name=\"author\" content=\"Autor\" \/>\n<meta name=\"twitter:card\" content=\"summary_large_image\" \/>\n<meta name=\"twitter:label1\" content=\"Escrito por\" \/>\n\t<meta name=\"twitter:data1\" content=\"Autor\" \/>\n\t<meta name=\"twitter:label2\" content=\"Est. tempo de leitura\" \/>\n\t<meta name=\"twitter:data2\" content=\"2 minutos\" \/>\n<script type=\"application\/ld+json\" class=\"yoast-schema-graph\">{\"@context\":\"https:\/\/schema.org\",\"@graph\":[{\"@type\":\"Article\",\"@id\":\"https:\/\/fieam.org.br\/sesi\/escola-sesi-de-parintins-volta-as-aulas-presenciais\/#article\",\"isPartOf\":{\"@id\":\"https:\/\/fieam.org.br\/sesi\/escola-sesi-de-parintins-volta-as-aulas-presenciais\/\"},\"author\":{\"name\":\"Autor\",\"@id\":\"https:\/\/fieam.org.br\/sesi\/#\/schema\/person\/c1ceda8321521b291cee22da0a7d34be\"},\"headline\":\"Escola SESI de Parintins volta \u00e0s aulas presenciais\",\"datePublished\":\"2021-05-03T15:46:35+00:00\",\"mainEntityOfPage\":{\"@id\":\"https:\/\/fieam.org.br\/sesi\/escola-sesi-de-parintins-volta-as-aulas-presenciais\/\"},\"wordCount\":444,\"publisher\":{\"@id\":\"https:\/\/fieam.org.br\/sesi\/#organization\"},\"image\":{\"@id\":\"https:\/\/fieam.org.br\/sesi\/escola-sesi-de-parintins-volta-as-aulas-presenciais\/#primaryimage\"},\"thumbnailUrl\":\"https:\/\/fieam.org.br\/sesi\/wp-content\/uploads\/sites\/14\/2021\/05\/WhatsApp-Image-2021-05-03-at-08.07.09.jpeg\",\"articleSection\":[\"Banner Destaque\",\"News\",\"News Destaque\"],\"inLanguage\":\"pt-BR\"},{\"@type\":\"WebPage\",\"@id\":\"https:\/\/fieam.org.br\/sesi\/escola-sesi-de-parintins-volta-as-aulas-presenciais\/\",\"url\":\"https:\/\/fieam.org.br\/sesi\/escola-sesi-de-parintins-volta-as-aulas-presenciais\/\",\"name\":\"Escola SESI de Parintins volta \u00e0s aulas presenciais - SESI\",\"isPartOf\":{\"@id\":\"https:\/\/fieam.org.br\/sesi\/#website\"},\"primaryImageOfPage\":{\"@id\":\"https:\/\/fieam.org.br\/sesi\/escola-sesi-de-parintins-volta-as-aulas-presenciais\/#primaryimage\"},\"image\":{\"@id\":\"https:\/\/fieam.org.br\/sesi\/escola-sesi-de-parintins-volta-as-aulas-presenciais\/#primaryimage\"},\"thumbnailUrl\":\"https:\/\/fieam.org.br\/sesi\/wp-content\/uploads\/sites\/14\/2021\/05\/WhatsApp-Image-2021-05-03-at-08.07.09.jpeg\",\"datePublished\":\"2021-05-03T15:46:35+00:00\",\"breadcrumb\":{\"@id\":\"https:\/\/fieam.org.br\/sesi\/escola-sesi-de-parintins-volta-as-aulas-presenciais\/#breadcrumb\"},\"inLanguage\":\"pt-BR\",\"potentialAction\":[{\"@type\":\"ReadAction\",\"target\":[\"https:\/\/fieam.org.br\/sesi\/escola-sesi-de-parintins-volta-as-aulas-presenciais\/\"]}]},{\"@type\":\"ImageObject\",\"inLanguage\":\"pt-BR\",\"@id\":\"https:\/\/fieam.org.br\/sesi\/escola-sesi-de-parintins-volta-as-aulas-presenciais\/#primaryimage\",\"url\":\"https:\/\/fieam.org.br\/sesi\/wp-content\/uploads\/sites\/14\/2021\/05\/WhatsApp-Image-2021-05-03-at-08.07.09.jpeg\",\"contentUrl\":\"https:\/\/fieam.org.br\/sesi\/wp-content\/uploads\/sites\/14\/2021\/05\/WhatsApp-Image-2021-05-03-at-08.07.09.jpeg\",\"width\":1040,\"height\":585},{\"@type\":\"BreadcrumbList\",\"@id\":\"https:\/\/fieam.org.br\/sesi\/escola-sesi-de-parintins-volta-as-aulas-presenciais\/#breadcrumb\",\"itemListElement\":[{\"@type\":\"ListItem\",\"position\":1,\"name\":\"In\u00edcio\",\"item\":\"https:\/\/fieam.org.br\/sesi\/\"},{\"@type\":\"ListItem\",\"position\":2,\"name\":\"Escola SESI de Parintins volta \u00e0s aulas presenciais\"}]},{\"@type\":\"WebSite\",\"@id\":\"https:\/\/fieam.org.br\/sesi\/#website\",\"url\":\"https:\/\/fieam.org.br\/sesi\/\",\"name\":\"SESI\",\"description\":\"Site Oficial!\",\"publisher\":{\"@id\":\"https:\/\/fieam.org.br\/sesi\/#organization\"},\"potentialAction\":[{\"@type\":\"SearchAction\",\"target\":{\"@type\":\"EntryPoint\",\"urlTemplate\":\"https:\/\/fieam.org.br\/sesi\/?s={search_term_string}\"},\"query-input\":{\"@type\":\"PropertyValueSpecification\",\"valueRequired\":true,\"valueName\":\"search_term_string\"}}],\"inLanguage\":\"pt-BR\"},{\"@type\":\"Organization\",\"@id\":\"https:\/\/fieam.org.br\/sesi\/#organization\",\"name\":\"SESI\",\"url\":\"https:\/\/fieam.org.br\/sesi\/\",\"logo\":{\"@type\":\"ImageObject\",\"inLanguage\":\"pt-BR\",\"@id\":\"https:\/\/fieam.org.br\/sesi\/#\/schema\/logo\/image\/\",\"url\":\"https:\/\/fieam.org.br\/sesi\/wp-content\/uploads\/sites\/14\/2024\/03\/cropped-fav.png\",\"contentUrl\":\"https:\/\/fieam.org.br\/sesi\/wp-content\/uploads\/sites\/14\/2024\/03\/cropped-fav.png\",\"width\":610,\"height\":589,\"caption\":\"SESI\"},\"image\":{\"@id\":\"https:\/\/fieam.org.br\/sesi\/#\/schema\/logo\/image\/\"}},{\"@type\":\"Person\",\"@id\":\"https:\/\/fieam.org.br\/sesi\/#\/schema\/person\/c1ceda8321521b291cee22da0a7d34be\",\"name\":\"Autor\",\"image\":{\"@type\":\"ImageObject\",\"inLanguage\":\"pt-BR\",\"@id\":\"https:\/\/fieam.org.br\/sesi\/#\/schema\/person\/image\/\",\"url\":\"https:\/\/secure.gravatar.com\/avatar\/3732c223e0e1fad69062a8f770955c9068d37b055204f310a0be18d4069fe380?s=96&d=mm&r=g\",\"contentUrl\":\"https:\/\/secure.gravatar.com\/avatar\/3732c223e0e1fad69062a8f770955c9068d37b055204f310a0be18d4069fe380?s=96&d=mm&r=g\",\"caption\":\"Autor\"},\"sameAs\":[\"https:\/\/marketingmassivo.com.br\"],\"url\":\"https:\/\/fieam.org.br\/sesi\/author\/admin\/\"}]}<\/script>\n<!-- \/ Yoast SEO plugin. -->","yoast_head_json":{"title":"Escola SESI de Parintins volta \u00e0s aulas presenciais - SESI","robots":{"index":"index","follow":"follow","max-snippet":"max-snippet:-1","max-image-preview":"max-image-preview:large","max-video-preview":"max-video-preview:-1"},"canonical":"https:\/\/fieam.org.br\/sesi\/escola-sesi-de-parintins-volta-as-aulas-presenciais\/","og_locale":"pt_BR","og_type":"article","og_title":"Escola SESI de Parintins volta \u00e0s aulas presenciais - SESI","og_description":"Come\u00e7ou nesta segunda-feira, 3, o retorno h\u00edbrido das aulas para os alunos do Ensino Fundamental II (6\u00ba ao 9\u00ba ano) da Escola SESI Padre Francisco Luppino, localizada em Parintins, munic\u00edpio a 369 quil\u00f4metros em linha reta de\u00a0Manaus. A nova rotina refor\u00e7a as medidas de seguran\u00e7a e higieniza\u00e7\u00e3o contra a covid-19. As turmas do Ensino Fundamental [&hellip;]","og_url":"https:\/\/fieam.org.br\/sesi\/escola-sesi-de-parintins-volta-as-aulas-presenciais\/","og_site_name":"SESI","article_published_time":"2021-05-03T15:46:35+00:00","og_image":[{"width":1040,"height":585,"url":"https:\/\/fieam.org.br\/sesi\/wp-content\/uploads\/sites\/14\/2021\/05\/WhatsApp-Image-2021-05-03-at-08.07.09.jpeg","type":"image\/jpeg"}],"author":"Autor","twitter_card":"summary_large_image","twitter_misc":{"Escrito por":"Autor","Est. tempo de leitura":"2 minutos"},"schema":{"@context":"https:\/\/schema.org","@graph":[{"@type":"Article","@id":"https:\/\/fieam.org.br\/sesi\/escola-sesi-de-parintins-volta-as-aulas-presenciais\/#article","isPartOf":{"@id":"https:\/\/fieam.org.br\/sesi\/escola-sesi-de-parintins-volta-as-aulas-presenciais\/"},"author":{"name":"Autor","@id":"https:\/\/fieam.org.br\/sesi\/#\/schema\/person\/c1ceda8321521b291cee22da0a7d34be"},"headline":"Escola SESI de Parintins volta \u00e0s aulas presenciais","datePublished":"2021-05-03T15:46:35+00:00","mainEntityOfPage":{"@id":"https:\/\/fieam.org.br\/sesi\/escola-sesi-de-parintins-volta-as-aulas-presenciais\/"},"wordCount":444,"publisher":{"@id":"https:\/\/fieam.org.br\/sesi\/#organization"},"image":{"@id":"https:\/\/fieam.org.br\/sesi\/escola-sesi-de-parintins-volta-as-aulas-presenciais\/#primaryimage"},"thumbnailUrl":"https:\/\/fieam.org.br\/sesi\/wp-content\/uploads\/sites\/14\/2021\/05\/WhatsApp-Image-2021-05-03-at-08.07.09.jpeg","articleSection":["Banner Destaque","News","News Destaque"],"inLanguage":"pt-BR"},{"@type":"WebPage","@id":"https:\/\/fieam.org.br\/sesi\/escola-sesi-de-parintins-volta-as-aulas-presenciais\/","url":"https:\/\/fieam.org.br\/sesi\/escola-sesi-de-parintins-volta-as-aulas-presenciais\/","name":"Escola SESI de Parintins volta \u00e0s aulas presenciais - SESI","isPartOf":{"@id":"https:\/\/fieam.org.br\/sesi\/#website"},"primaryImageOfPage":{"@id":"https:\/\/fieam.org.br\/sesi\/escola-sesi-de-parintins-volta-as-aulas-presenciais\/#primaryimage"},"image":{"@id":"https:\/\/fieam.org.br\/sesi\/escola-sesi-de-parintins-volta-as-aulas-presenciais\/#primaryimage"},"thumbnailUrl":"https:\/\/fieam.org.br\/sesi\/wp-content\/uploads\/sites\/14\/2021\/05\/WhatsApp-Image-2021-05-03-at-08.07.09.jpeg","datePublished":"2021-05-03T15:46:35+00:00","breadcrumb":{"@id":"https:\/\/fieam.org.br\/sesi\/escola-sesi-de-parintins-volta-as-aulas-presenciais\/#breadcrumb"},"inLanguage":"pt-BR","potentialAction":[{"@type":"ReadAction","target":["https:\/\/fieam.org.br\/sesi\/escola-sesi-de-parintins-volta-as-aulas-presenciais\/"]}]},{"@type":"ImageObject","inLanguage":"pt-BR","@id":"https:\/\/fieam.org.br\/sesi\/escola-sesi-de-parintins-volta-as-aulas-presenciais\/#primaryimage","url":"https:\/\/fieam.org.br\/sesi\/wp-content\/uploads\/sites\/14\/2021\/05\/WhatsApp-Image-2021-05-03-at-08.07.09.jpeg","contentUrl":"https:\/\/fieam.org.br\/sesi\/wp-content\/uploads\/sites\/14\/2021\/05\/WhatsApp-Image-2021-05-03-at-08.07.09.jpeg","width":1040,"height":585},{"@type":"BreadcrumbList","@id":"https:\/\/fieam.org.br\/sesi\/escola-sesi-de-parintins-volta-as-aulas-presenciais\/#breadcrumb","itemListElement":[{"@type":"ListItem","position":1,"name":"In\u00edcio","item":"https:\/\/fieam.org.br\/sesi\/"},{"@type":"ListItem","position":2,"name":"Escola SESI de Parintins volta \u00e0s aulas presenciais"}]},{"@type":"WebSite","@id":"https:\/\/fieam.org.br\/sesi\/#website","url":"https:\/\/fieam.org.br\/sesi\/","name":"SESI","description":"Site Oficial!","publisher":{"@id":"https:\/\/fieam.org.br\/sesi\/#organization"},"potentialAction":[{"@type":"SearchAction","target":{"@type":"EntryPoint","urlTemplate":"https:\/\/fieam.org.br\/sesi\/?s={search_term_string}"},"query-input":{"@type":"PropertyValueSpecification","valueRequired":true,"valueName":"search_term_string"}}],"inLanguage":"pt-BR"},{"@type":"Organization","@id":"https:\/\/fieam.org.br\/sesi\/#organization","name":"SESI","url":"https:\/\/fieam.org.br\/sesi\/","logo":{"@type":"ImageObject","inLanguage":"pt-BR","@id":"https:\/\/fieam.org.br\/sesi\/#\/schema\/logo\/image\/","url":"https:\/\/fieam.org.br\/sesi\/wp-content\/uploads\/sites\/14\/2024\/03\/cropped-fav.png","contentUrl":"https:\/\/fieam.org.br\/sesi\/wp-content\/uploads\/sites\/14\/2024\/03\/cropped-fav.png","width":610,"height":589,"caption":"SESI"},"image":{"@id":"https:\/\/fieam.org.br\/sesi\/#\/schema\/logo\/image\/"}},{"@type":"Person","@id":"https:\/\/fieam.org.br\/sesi\/#\/schema\/person\/c1ceda8321521b291cee22da0a7d34be","name":"Autor","image":{"@type":"ImageObject","inLanguage":"pt-BR","@id":"https:\/\/fieam.org.br\/sesi\/#\/schema\/person\/image\/","url":"https:\/\/secure.gravatar.com\/avatar\/3732c223e0e1fad69062a8f770955c9068d37b055204f310a0be18d4069fe380?s=96&d=mm&r=g","contentUrl":"https:\/\/secure.gravatar.com\/avatar\/3732c223e0e1fad69062a8f770955c9068d37b055204f310a0be18d4069fe380?s=96&d=mm&r=g","caption":"Autor"},"sameAs":["https:\/\/marketingmassivo.com.br"],"url":"https:\/\/fieam.org.br\/sesi\/author\/admin\/"}]}},"_links":{"self":[{"href":"https:\/\/fieam.org.br\/sesi\/wp-json\/wp\/v2\/posts\/17245","targetHints":{"allow":["GET"]}}],"collection":[{"href":"https:\/\/fieam.org.br\/sesi\/wp-json\/wp\/v2\/posts"}],"about":[{"href":"https:\/\/fieam.org.br\/sesi\/wp-json\/wp\/v2\/types\/post"}],"author":[{"embeddable":true,"href":"https:\/\/fieam.org.br\/sesi\/wp-json\/wp\/v2\/users\/1"}],"replies":[{"embeddable":true,"href":"https:\/\/fieam.org.br\/sesi\/wp-json\/wp\/v2\/comments?post=17245"}],"version-history":[{"count":0,"href":"https:\/\/fieam.org.br\/sesi\/wp-json\/wp\/v2\/posts\/17245\/revisions"}],"wp:featuredmedia":[{"embeddable":true,"href":"https:\/\/fieam.org.br\/sesi\/wp-json\/wp\/v2\/media\/17246"}],"wp:attachment":[{"href":"https:\/\/fieam.org.br\/sesi\/wp-json\/wp\/v2\/media?parent=17245"}],"wp:term":[{"taxonomy":"category","embeddable":true,"href":"https:\/\/fieam.org.br\/sesi\/wp-json\/wp\/v2\/categories?post=17245"},{"taxonomy":"post_tag","embeddable":true,"href":"https:\/\/fieam.org.br\/sesi\/wp-json\/wp\/v2\/tags?post=17245"}],"curies":[{"name":"wp","href":"https:\/\/api.w.org\/{rel}","templated":true}]}}