{"id":17208,"date":"2021-04-13T13:42:08","date_gmt":"2021-04-13T17:42:08","guid":{"rendered":"http:\/\/www.fieam.org.br\/sesi\/?p=17208"},"modified":"2021-04-13T13:42:08","modified_gmt":"2021-04-13T17:42:08","slug":"estados-implementam-mudancas-no-ensino-medio","status":"publish","type":"post","link":"https:\/\/fieam.org.br\/sesi\/estados-implementam-mudancas-no-ensino-medio\/","title":{"rendered":"Estados implementam mudan\u00e7as no ensino m\u00e9dio"},"content":{"rendered":"<p style=\"text-align: center\"><em>SESI e SENAI ampliam alcance do novo formato e do itiner\u00e1rio de forma\u00e7\u00e3o profissional. Mais de 10 mil alunos da rede estudam no modelo inovador<\/em><\/p>\n<p>Desde que implementou o <a href=\"http:\/\/www.portaldaindustria.com.br\/industria-de-a-z\/novo-ensino-medio\/\">Novo Ensino M\u00e9dio<\/a>, em 2018, o <a href=\"http:\/\/www.portaldaindustria.com.br\/sesi\/\">Servi\u00e7o Social da Ind\u00fastria (SESI)<\/a> ampliou o n\u00famero de unidades com o modelo. Atualmente, 23 estados e 87 escolas, com mais de 10 mil estudantes matriculados, seguem o que estabelece a Lei 13.415\/2017.<\/p>\n<p><strong><a href=\"https:\/\/marketingmassivo.com.br\/sesi\/wp-content\/uploads\/sites\/12\/2021\/04\/Nos-tres-anos-do-ensino-medio-ate-1800-horas-sao-dedicadas-a-BNCC-1.jpg\"><img fetchpriority=\"high\" decoding=\"async\" class=\"wp-image-17209 alignleft\" src=\"https:\/\/marketingmassivo.com.br\/sesi\/wp-content\/uploads\/sites\/12\/2021\/04\/Nos-tres-anos-do-ensino-medio-ate-1800-horas-sao-dedicadas-a-BNCC-1.jpg\" alt=\"\" width=\"503\" height=\"285\" srcset=\"https:\/\/fieam.org.br\/sesi\/wp-content\/uploads\/sites\/14\/2021\/04\/Nos-tres-anos-do-ensino-medio-ate-1800-horas-sao-dedicadas-a-BNCC-1.jpg 1281w, https:\/\/fieam.org.br\/sesi\/wp-content\/uploads\/sites\/14\/2021\/04\/Nos-tres-anos-do-ensino-medio-ate-1800-horas-sao-dedicadas-a-BNCC-1-300x170.jpg 300w, https:\/\/fieam.org.br\/sesi\/wp-content\/uploads\/sites\/14\/2021\/04\/Nos-tres-anos-do-ensino-medio-ate-1800-horas-sao-dedicadas-a-BNCC-1-1024x580.jpg 1024w, https:\/\/fieam.org.br\/sesi\/wp-content\/uploads\/sites\/14\/2021\/04\/Nos-tres-anos-do-ensino-medio-ate-1800-horas-sao-dedicadas-a-BNCC-1-768x435.jpg 768w\" sizes=\"(max-width: 503px) 100vw, 503px\" \/><\/a>O SESI Amazonas ter\u00e1 este ano, em Manaus, sua primeira turma formada pelo Novo Ensino M\u00e9dio SESI SENAI. A nova estrutura curricular permite ao aluno a conclus\u00e3o do ensino m\u00e9dio juntamente com um curso t\u00e9cnico. A turma piloto, de 56 alunos, ser\u00e1 certificada apta para o mercado de trabalho na habilita\u00e7\u00e3o T\u00e9cnico de Eletrot\u00e9cnica. Atualmente, a Escola SESI Dra. Emina Barbosa Mustafa em Manaus atende 212 alunos do 1\u00ba ao 3\u00ba ano, com a nova carga hor\u00e1ria m\u00ednima e organiza\u00e7\u00e3o curricular do Novo Ensino M\u00e9dio.<\/strong><\/p>\n<p>Maior flexibilidade no curr\u00edculo, conte\u00fado integrado em \u00e1reas do conhecimento e a oferta de itiner\u00e1rios formativos, que permitem ao estudante se aprofundar nos campos com os quais mais se identifica, s\u00e3o as principais novidades. De acordo com a legisla\u00e7\u00e3o, at\u00e9 o in\u00edcio de 2022, todas as escolas da rede p\u00fablica e privada dever\u00e3o ter come\u00e7ado a transi\u00e7\u00e3o.<\/p>\n<p><a href=\"https:\/\/infogram.com\/1p2x7xxqq192exb0vem25zyyvxfrx05e1jn\"><strong>Confira os n\u00fameros do NEM<\/strong><\/a><\/p>\n<p>2018: 5 estados, 5 escolas, 198 alunos<\/p>\n<p>2019: 20 estados, 39 escolas, 1.952 alunos<\/p>\n<p>2020: 22 estados, 78 escolas, 6.538 alunos<\/p>\n<p>2021: 23 estados, 87 escolas, 10.491 alunos<\/p>\n<p>O SESI conta com a parceria e a expertise do <a href=\"http:\/\/www.portaldaindustria.com.br\/senai\/\">Servi\u00e7o Nacional de Aprendizagem Industrial (SENAI)<\/a> para o itiner\u00e1rio de Forma\u00e7\u00e3o T\u00e9cnica e Profissional (FTP). Atualmente, s\u00e3o <a href=\"https:\/\/infogram.com\/1pk2lz7vdye6wet9zlk1nvdpzqh05215ml\">20 cursos t\u00e9cnicos<\/a> ofertados pelo SENAI para o itiner\u00e1rio FTP, de acordo com as oportunidades de cada estado.<\/p>\n<p>O curso escolhido para a primeira turma foi o de eletrot\u00e9cnica, que abriu os olhos do estudante J\u00falio Gomes do Nascimento, 18 anos, de Fortaleza (CE), para as possibilidades de trabalho: \u201cO campo de atua\u00e7\u00e3o na \u00e1rea \u00e9 amplo. Vai do empreendedor ao eletrot\u00e9cnico industrial. S\u00f3 n\u00e3o tem emprego quem n\u00e3o procura\u201d.<\/p>\n<p><strong>Educa\u00e7\u00e3o profissional \u00e9 porta de entrada para mundo do trabalho<\/strong><\/p>\n<p>O SENAI j\u00e1 trabalhava com a premissa de desenvolvimento de compet\u00eancias e habilidades no lugar do sistema tradicional de provas e notas por disciplina. Refer\u00eancia em educa\u00e7\u00e3o profissional e t\u00e9cnica, a institui\u00e7\u00e3o traz para o ensino m\u00e9dio uma abordagem voltada para o mercado de trabalho, capaz de dialogar e se adaptar \u00e0s novas tecnologias &#8211; incluindo as da ind\u00fastria 4.0 &#8211; e \u00e0s mudan\u00e7as sociais e profissionais.<\/p>\n<p>\u201cO ensino m\u00e9dio \u00e9 um per\u00edodo de transi\u00e7\u00e3o, onde parte dos jovens quer se inserir no mundo do trabalho, enquanto outros t\u00eam como objetivo prosseguir os estudos. Hoje, s\u00f3 11% dos estudantes de ensino m\u00e9dio fazem educa\u00e7\u00e3o profissional, ou seja, terminam a escola preparados para exercer uma profiss\u00e3o. Esse percentual pode, e deve, aumentar\u201d, ressalta o gerente-executivo de educa\u00e7\u00e3o profissional e tecnol\u00f3gica do SENAI, Felipe Morgado.<\/p>\n<p>Com a metodologia SENAI, em que se elabora o perfil profissional, foi poss\u00edvel direcionar e dar concretude ao desenvolvimento de compet\u00eancias e habilidades das \u00e1reas de conhecimento previstas na Base Nacional Comum Curricular (BNCC). Morgado acredita que outro fator preponderante para o sucesso da implementa\u00e7\u00e3o \u00e9 a capacidade de professores e instrutores adaptarem-se ao novo modelo.<\/p>\n<p><strong>Parceria com escolas p\u00fablicas e privadas para itiner\u00e1rio V<\/strong><\/p>\n<p>Pela experi\u00eancia de tr\u00eas anos com o modelo, tanto o SESI quanto o SENAI t\u00eam firmado parcerias e colaborado com outras redes de ensino para implementa\u00e7\u00e3o das diretrizes &#8211; o primeiro entra com a consultoria para a readequa\u00e7\u00e3o do curr\u00edculo e forma\u00e7\u00e3o de professores, coordenadores e gestores; e o segundo, com o itiner\u00e1rio FTP.<\/p>\n<p>No Distrito Federal, por exemplo, o SENAI \u00e9 parceiro de uma escola particular para o ensino t\u00e9cnico e profissional, cujas atividades come\u00e7aram em 2019. Em diversos estados do pa\u00eds, as negocia\u00e7\u00f5es com institui\u00e7\u00f5es p\u00fablicas e privadas est\u00e3o avan\u00e7adas para a implementa\u00e7\u00e3o do novo formato.<\/p>\n<p><strong>Desenvolvimento pessoal e prop\u00f3sito<\/strong><\/p>\n<p>Para a coordenadora pedag\u00f3gica do SESI de Macei\u00f3, Amanda Rafaela Ferreira, os alunos t\u00eam mais compreens\u00e3o do motivo pelo qual est\u00e3o todos os dias na escola. \u201cEles tamb\u00e9m s\u00e3o mais conscientes das formas de empregar as habilidades desenvolvidas, considerando as novas demandas e complexidades do mundo do trabalho, da vida em sociedade e das habilidades que s\u00e3o cobradas em avalia\u00e7\u00f5es\u201d, avalia, citando como exemplo o Exame Nacional do Ensino M\u00e9dio (Enem).<\/p>\n<p>\u201cAntes da reforma do ensino m\u00e9dio, qualquer escola que voc\u00ea frequentava, o modelo pedag\u00f3gico\u00a0 era o mesmo: 13 disciplinas, estudante olhando para a nuca do outro, cumprindo um curr\u00edculo muito baseado no sum\u00e1rio do livro, pouco inovador\u201d, lembra o gerente-executivo de Educa\u00e7\u00e3o do SESI, Wisley Pereira.<\/p>\n<p>Ao comparar o ensino recebido ao longo dos \u00faltimos tr\u00eas anos com o que os colegas tiveram do chamado ensino m\u00e9dio tradicional, Samira Lopes, 18 anos, de Serra (ES), percebe as diferen\u00e7as, principalmente em rela\u00e7\u00e3o \u00e0 fala, \u00e0 postura e ao comportamento frente aos desafios da vida.<\/p>\n<p>Para ela, a metodologia por \u00e1rea de conhecimento, o plano pessoal de vida e de estudo, as atividades oferecidas e as avalia\u00e7\u00f5es focadas em trabalhos individuais e em grupos ajudam a preparar o jovem. Samira conta que, ao trabalhar caracter\u00edsticas socioemocionais, descobriu uma qualidade, at\u00e9 ent\u00e3o ignorada, a lideran\u00e7a.<\/p>\n","protected":false},"excerpt":{"rendered":"<p>SESI e SENAI ampliam alcance do novo formato e do itiner\u00e1rio de forma\u00e7\u00e3o profissional. Mais de 10 mil alunos da rede estudam no modelo inovador Desde que implementou o Novo Ensino M\u00e9dio, em 2018, o Servi\u00e7o Social da Ind\u00fastria (SESI) ampliou o n\u00famero de unidades com o modelo. Atualmente, 23 estados e 87 escolas, com [&hellip;]<\/p>\n","protected":false},"author":1,"featured_media":17209,"comment_status":"closed","ping_status":"open","sticky":false,"template":"","format":"standard","meta":{"footnotes":""},"categories":[20,25,26],"tags":[],"class_list":["post-17208","post","type-post","status-publish","format-standard","has-post-thumbnail","hentry","category-banner-destaque","category-news","category-news-destaque"],"yoast_head":"<!-- This site is optimized with the Yoast SEO plugin v26.8 - https:\/\/yoast.com\/product\/yoast-seo-wordpress\/ -->\n<title>Estados implementam mudan\u00e7as no ensino m\u00e9dio - SESI<\/title>\n<meta name=\"robots\" content=\"index, follow, max-snippet:-1, max-image-preview:large, max-video-preview:-1\" \/>\n<link rel=\"canonical\" href=\"https:\/\/fieam.org.br\/sesi\/estados-implementam-mudancas-no-ensino-medio\/\" \/>\n<meta property=\"og:locale\" content=\"pt_BR\" \/>\n<meta property=\"og:type\" content=\"article\" \/>\n<meta property=\"og:title\" content=\"Estados implementam mudan\u00e7as no ensino m\u00e9dio - SESI\" \/>\n<meta property=\"og:description\" content=\"SESI e SENAI ampliam alcance do novo formato e do itiner\u00e1rio de forma\u00e7\u00e3o profissional. Mais de 10 mil alunos da rede estudam no modelo inovador Desde que implementou o Novo Ensino M\u00e9dio, em 2018, o Servi\u00e7o Social da Ind\u00fastria (SESI) ampliou o n\u00famero de unidades com o modelo. Atualmente, 23 estados e 87 escolas, com [&hellip;]\" \/>\n<meta property=\"og:url\" content=\"https:\/\/fieam.org.br\/sesi\/estados-implementam-mudancas-no-ensino-medio\/\" \/>\n<meta property=\"og:site_name\" content=\"SESI\" \/>\n<meta property=\"article:published_time\" content=\"2021-04-13T17:42:08+00:00\" \/>\n<meta property=\"og:image\" content=\"https:\/\/fieam.org.br\/sesi\/wp-content\/uploads\/sites\/14\/2021\/04\/Nos-tres-anos-do-ensino-medio-ate-1800-horas-sao-dedicadas-a-BNCC-1.jpg\" \/>\n\t<meta property=\"og:image:width\" content=\"1281\" \/>\n\t<meta property=\"og:image:height\" content=\"725\" \/>\n\t<meta property=\"og:image:type\" content=\"image\/jpeg\" \/>\n<meta name=\"author\" content=\"Autor\" \/>\n<meta name=\"twitter:card\" content=\"summary_large_image\" \/>\n<meta name=\"twitter:label1\" content=\"Escrito por\" \/>\n\t<meta name=\"twitter:data1\" content=\"Autor\" \/>\n\t<meta name=\"twitter:label2\" content=\"Est. tempo de leitura\" \/>\n\t<meta name=\"twitter:data2\" content=\"5 minutos\" \/>\n<script type=\"application\/ld+json\" class=\"yoast-schema-graph\">{\"@context\":\"https:\/\/schema.org\",\"@graph\":[{\"@type\":\"Article\",\"@id\":\"https:\/\/fieam.org.br\/sesi\/estados-implementam-mudancas-no-ensino-medio\/#article\",\"isPartOf\":{\"@id\":\"https:\/\/fieam.org.br\/sesi\/estados-implementam-mudancas-no-ensino-medio\/\"},\"author\":{\"name\":\"Autor\",\"@id\":\"https:\/\/fieam.org.br\/sesi\/#\/schema\/person\/c1ceda8321521b291cee22da0a7d34be\"},\"headline\":\"Estados implementam mudan\u00e7as no ensino m\u00e9dio\",\"datePublished\":\"2021-04-13T17:42:08+00:00\",\"mainEntityOfPage\":{\"@id\":\"https:\/\/fieam.org.br\/sesi\/estados-implementam-mudancas-no-ensino-medio\/\"},\"wordCount\":934,\"publisher\":{\"@id\":\"https:\/\/fieam.org.br\/sesi\/#organization\"},\"image\":{\"@id\":\"https:\/\/fieam.org.br\/sesi\/estados-implementam-mudancas-no-ensino-medio\/#primaryimage\"},\"thumbnailUrl\":\"https:\/\/fieam.org.br\/sesi\/wp-content\/uploads\/sites\/14\/2021\/04\/Nos-tres-anos-do-ensino-medio-ate-1800-horas-sao-dedicadas-a-BNCC-1.jpg\",\"articleSection\":[\"Banner Destaque\",\"News\",\"News Destaque\"],\"inLanguage\":\"pt-BR\"},{\"@type\":\"WebPage\",\"@id\":\"https:\/\/fieam.org.br\/sesi\/estados-implementam-mudancas-no-ensino-medio\/\",\"url\":\"https:\/\/fieam.org.br\/sesi\/estados-implementam-mudancas-no-ensino-medio\/\",\"name\":\"Estados implementam mudan\u00e7as no ensino m\u00e9dio - SESI\",\"isPartOf\":{\"@id\":\"https:\/\/fieam.org.br\/sesi\/#website\"},\"primaryImageOfPage\":{\"@id\":\"https:\/\/fieam.org.br\/sesi\/estados-implementam-mudancas-no-ensino-medio\/#primaryimage\"},\"image\":{\"@id\":\"https:\/\/fieam.org.br\/sesi\/estados-implementam-mudancas-no-ensino-medio\/#primaryimage\"},\"thumbnailUrl\":\"https:\/\/fieam.org.br\/sesi\/wp-content\/uploads\/sites\/14\/2021\/04\/Nos-tres-anos-do-ensino-medio-ate-1800-horas-sao-dedicadas-a-BNCC-1.jpg\",\"datePublished\":\"2021-04-13T17:42:08+00:00\",\"breadcrumb\":{\"@id\":\"https:\/\/fieam.org.br\/sesi\/estados-implementam-mudancas-no-ensino-medio\/#breadcrumb\"},\"inLanguage\":\"pt-BR\",\"potentialAction\":[{\"@type\":\"ReadAction\",\"target\":[\"https:\/\/fieam.org.br\/sesi\/estados-implementam-mudancas-no-ensino-medio\/\"]}]},{\"@type\":\"ImageObject\",\"inLanguage\":\"pt-BR\",\"@id\":\"https:\/\/fieam.org.br\/sesi\/estados-implementam-mudancas-no-ensino-medio\/#primaryimage\",\"url\":\"https:\/\/fieam.org.br\/sesi\/wp-content\/uploads\/sites\/14\/2021\/04\/Nos-tres-anos-do-ensino-medio-ate-1800-horas-sao-dedicadas-a-BNCC-1.jpg\",\"contentUrl\":\"https:\/\/fieam.org.br\/sesi\/wp-content\/uploads\/sites\/14\/2021\/04\/Nos-tres-anos-do-ensino-medio-ate-1800-horas-sao-dedicadas-a-BNCC-1.jpg\",\"width\":1281,\"height\":725},{\"@type\":\"BreadcrumbList\",\"@id\":\"https:\/\/fieam.org.br\/sesi\/estados-implementam-mudancas-no-ensino-medio\/#breadcrumb\",\"itemListElement\":[{\"@type\":\"ListItem\",\"position\":1,\"name\":\"In\u00edcio\",\"item\":\"https:\/\/fieam.org.br\/sesi\/\"},{\"@type\":\"ListItem\",\"position\":2,\"name\":\"Estados implementam mudan\u00e7as no ensino m\u00e9dio\"}]},{\"@type\":\"WebSite\",\"@id\":\"https:\/\/fieam.org.br\/sesi\/#website\",\"url\":\"https:\/\/fieam.org.br\/sesi\/\",\"name\":\"SESI\",\"description\":\"Site Oficial!\",\"publisher\":{\"@id\":\"https:\/\/fieam.org.br\/sesi\/#organization\"},\"potentialAction\":[{\"@type\":\"SearchAction\",\"target\":{\"@type\":\"EntryPoint\",\"urlTemplate\":\"https:\/\/fieam.org.br\/sesi\/?s={search_term_string}\"},\"query-input\":{\"@type\":\"PropertyValueSpecification\",\"valueRequired\":true,\"valueName\":\"search_term_string\"}}],\"inLanguage\":\"pt-BR\"},{\"@type\":\"Organization\",\"@id\":\"https:\/\/fieam.org.br\/sesi\/#organization\",\"name\":\"SESI\",\"url\":\"https:\/\/fieam.org.br\/sesi\/\",\"logo\":{\"@type\":\"ImageObject\",\"inLanguage\":\"pt-BR\",\"@id\":\"https:\/\/fieam.org.br\/sesi\/#\/schema\/logo\/image\/\",\"url\":\"https:\/\/fieam.org.br\/sesi\/wp-content\/uploads\/sites\/14\/2024\/03\/cropped-fav.png\",\"contentUrl\":\"https:\/\/fieam.org.br\/sesi\/wp-content\/uploads\/sites\/14\/2024\/03\/cropped-fav.png\",\"width\":610,\"height\":589,\"caption\":\"SESI\"},\"image\":{\"@id\":\"https:\/\/fieam.org.br\/sesi\/#\/schema\/logo\/image\/\"}},{\"@type\":\"Person\",\"@id\":\"https:\/\/fieam.org.br\/sesi\/#\/schema\/person\/c1ceda8321521b291cee22da0a7d34be\",\"name\":\"Autor\",\"image\":{\"@type\":\"ImageObject\",\"inLanguage\":\"pt-BR\",\"@id\":\"https:\/\/fieam.org.br\/sesi\/#\/schema\/person\/image\/\",\"url\":\"https:\/\/secure.gravatar.com\/avatar\/3732c223e0e1fad69062a8f770955c9068d37b055204f310a0be18d4069fe380?s=96&d=mm&r=g\",\"contentUrl\":\"https:\/\/secure.gravatar.com\/avatar\/3732c223e0e1fad69062a8f770955c9068d37b055204f310a0be18d4069fe380?s=96&d=mm&r=g\",\"caption\":\"Autor\"},\"sameAs\":[\"https:\/\/marketingmassivo.com.br\"],\"url\":\"https:\/\/fieam.org.br\/sesi\/author\/admin\/\"}]}<\/script>\n<!-- \/ Yoast SEO plugin. -->","yoast_head_json":{"title":"Estados implementam mudan\u00e7as no ensino m\u00e9dio - SESI","robots":{"index":"index","follow":"follow","max-snippet":"max-snippet:-1","max-image-preview":"max-image-preview:large","max-video-preview":"max-video-preview:-1"},"canonical":"https:\/\/fieam.org.br\/sesi\/estados-implementam-mudancas-no-ensino-medio\/","og_locale":"pt_BR","og_type":"article","og_title":"Estados implementam mudan\u00e7as no ensino m\u00e9dio - SESI","og_description":"SESI e SENAI ampliam alcance do novo formato e do itiner\u00e1rio de forma\u00e7\u00e3o profissional. Mais de 10 mil alunos da rede estudam no modelo inovador Desde que implementou o Novo Ensino M\u00e9dio, em 2018, o Servi\u00e7o Social da Ind\u00fastria (SESI) ampliou o n\u00famero de unidades com o modelo. Atualmente, 23 estados e 87 escolas, com [&hellip;]","og_url":"https:\/\/fieam.org.br\/sesi\/estados-implementam-mudancas-no-ensino-medio\/","og_site_name":"SESI","article_published_time":"2021-04-13T17:42:08+00:00","og_image":[{"width":1281,"height":725,"url":"https:\/\/fieam.org.br\/sesi\/wp-content\/uploads\/sites\/14\/2021\/04\/Nos-tres-anos-do-ensino-medio-ate-1800-horas-sao-dedicadas-a-BNCC-1.jpg","type":"image\/jpeg"}],"author":"Autor","twitter_card":"summary_large_image","twitter_misc":{"Escrito por":"Autor","Est. tempo de leitura":"5 minutos"},"schema":{"@context":"https:\/\/schema.org","@graph":[{"@type":"Article","@id":"https:\/\/fieam.org.br\/sesi\/estados-implementam-mudancas-no-ensino-medio\/#article","isPartOf":{"@id":"https:\/\/fieam.org.br\/sesi\/estados-implementam-mudancas-no-ensino-medio\/"},"author":{"name":"Autor","@id":"https:\/\/fieam.org.br\/sesi\/#\/schema\/person\/c1ceda8321521b291cee22da0a7d34be"},"headline":"Estados implementam mudan\u00e7as no ensino m\u00e9dio","datePublished":"2021-04-13T17:42:08+00:00","mainEntityOfPage":{"@id":"https:\/\/fieam.org.br\/sesi\/estados-implementam-mudancas-no-ensino-medio\/"},"wordCount":934,"publisher":{"@id":"https:\/\/fieam.org.br\/sesi\/#organization"},"image":{"@id":"https:\/\/fieam.org.br\/sesi\/estados-implementam-mudancas-no-ensino-medio\/#primaryimage"},"thumbnailUrl":"https:\/\/fieam.org.br\/sesi\/wp-content\/uploads\/sites\/14\/2021\/04\/Nos-tres-anos-do-ensino-medio-ate-1800-horas-sao-dedicadas-a-BNCC-1.jpg","articleSection":["Banner Destaque","News","News Destaque"],"inLanguage":"pt-BR"},{"@type":"WebPage","@id":"https:\/\/fieam.org.br\/sesi\/estados-implementam-mudancas-no-ensino-medio\/","url":"https:\/\/fieam.org.br\/sesi\/estados-implementam-mudancas-no-ensino-medio\/","name":"Estados implementam mudan\u00e7as no ensino m\u00e9dio - SESI","isPartOf":{"@id":"https:\/\/fieam.org.br\/sesi\/#website"},"primaryImageOfPage":{"@id":"https:\/\/fieam.org.br\/sesi\/estados-implementam-mudancas-no-ensino-medio\/#primaryimage"},"image":{"@id":"https:\/\/fieam.org.br\/sesi\/estados-implementam-mudancas-no-ensino-medio\/#primaryimage"},"thumbnailUrl":"https:\/\/fieam.org.br\/sesi\/wp-content\/uploads\/sites\/14\/2021\/04\/Nos-tres-anos-do-ensino-medio-ate-1800-horas-sao-dedicadas-a-BNCC-1.jpg","datePublished":"2021-04-13T17:42:08+00:00","breadcrumb":{"@id":"https:\/\/fieam.org.br\/sesi\/estados-implementam-mudancas-no-ensino-medio\/#breadcrumb"},"inLanguage":"pt-BR","potentialAction":[{"@type":"ReadAction","target":["https:\/\/fieam.org.br\/sesi\/estados-implementam-mudancas-no-ensino-medio\/"]}]},{"@type":"ImageObject","inLanguage":"pt-BR","@id":"https:\/\/fieam.org.br\/sesi\/estados-implementam-mudancas-no-ensino-medio\/#primaryimage","url":"https:\/\/fieam.org.br\/sesi\/wp-content\/uploads\/sites\/14\/2021\/04\/Nos-tres-anos-do-ensino-medio-ate-1800-horas-sao-dedicadas-a-BNCC-1.jpg","contentUrl":"https:\/\/fieam.org.br\/sesi\/wp-content\/uploads\/sites\/14\/2021\/04\/Nos-tres-anos-do-ensino-medio-ate-1800-horas-sao-dedicadas-a-BNCC-1.jpg","width":1281,"height":725},{"@type":"BreadcrumbList","@id":"https:\/\/fieam.org.br\/sesi\/estados-implementam-mudancas-no-ensino-medio\/#breadcrumb","itemListElement":[{"@type":"ListItem","position":1,"name":"In\u00edcio","item":"https:\/\/fieam.org.br\/sesi\/"},{"@type":"ListItem","position":2,"name":"Estados implementam mudan\u00e7as no ensino m\u00e9dio"}]},{"@type":"WebSite","@id":"https:\/\/fieam.org.br\/sesi\/#website","url":"https:\/\/fieam.org.br\/sesi\/","name":"SESI","description":"Site Oficial!","publisher":{"@id":"https:\/\/fieam.org.br\/sesi\/#organization"},"potentialAction":[{"@type":"SearchAction","target":{"@type":"EntryPoint","urlTemplate":"https:\/\/fieam.org.br\/sesi\/?s={search_term_string}"},"query-input":{"@type":"PropertyValueSpecification","valueRequired":true,"valueName":"search_term_string"}}],"inLanguage":"pt-BR"},{"@type":"Organization","@id":"https:\/\/fieam.org.br\/sesi\/#organization","name":"SESI","url":"https:\/\/fieam.org.br\/sesi\/","logo":{"@type":"ImageObject","inLanguage":"pt-BR","@id":"https:\/\/fieam.org.br\/sesi\/#\/schema\/logo\/image\/","url":"https:\/\/fieam.org.br\/sesi\/wp-content\/uploads\/sites\/14\/2024\/03\/cropped-fav.png","contentUrl":"https:\/\/fieam.org.br\/sesi\/wp-content\/uploads\/sites\/14\/2024\/03\/cropped-fav.png","width":610,"height":589,"caption":"SESI"},"image":{"@id":"https:\/\/fieam.org.br\/sesi\/#\/schema\/logo\/image\/"}},{"@type":"Person","@id":"https:\/\/fieam.org.br\/sesi\/#\/schema\/person\/c1ceda8321521b291cee22da0a7d34be","name":"Autor","image":{"@type":"ImageObject","inLanguage":"pt-BR","@id":"https:\/\/fieam.org.br\/sesi\/#\/schema\/person\/image\/","url":"https:\/\/secure.gravatar.com\/avatar\/3732c223e0e1fad69062a8f770955c9068d37b055204f310a0be18d4069fe380?s=96&d=mm&r=g","contentUrl":"https:\/\/secure.gravatar.com\/avatar\/3732c223e0e1fad69062a8f770955c9068d37b055204f310a0be18d4069fe380?s=96&d=mm&r=g","caption":"Autor"},"sameAs":["https:\/\/marketingmassivo.com.br"],"url":"https:\/\/fieam.org.br\/sesi\/author\/admin\/"}]}},"_links":{"self":[{"href":"https:\/\/fieam.org.br\/sesi\/wp-json\/wp\/v2\/posts\/17208","targetHints":{"allow":["GET"]}}],"collection":[{"href":"https:\/\/fieam.org.br\/sesi\/wp-json\/wp\/v2\/posts"}],"about":[{"href":"https:\/\/fieam.org.br\/sesi\/wp-json\/wp\/v2\/types\/post"}],"author":[{"embeddable":true,"href":"https:\/\/fieam.org.br\/sesi\/wp-json\/wp\/v2\/users\/1"}],"replies":[{"embeddable":true,"href":"https:\/\/fieam.org.br\/sesi\/wp-json\/wp\/v2\/comments?post=17208"}],"version-history":[{"count":0,"href":"https:\/\/fieam.org.br\/sesi\/wp-json\/wp\/v2\/posts\/17208\/revisions"}],"wp:featuredmedia":[{"embeddable":true,"href":"https:\/\/fieam.org.br\/sesi\/wp-json\/wp\/v2\/media\/17209"}],"wp:attachment":[{"href":"https:\/\/fieam.org.br\/sesi\/wp-json\/wp\/v2\/media?parent=17208"}],"wp:term":[{"taxonomy":"category","embeddable":true,"href":"https:\/\/fieam.org.br\/sesi\/wp-json\/wp\/v2\/categories?post=17208"},{"taxonomy":"post_tag","embeddable":true,"href":"https:\/\/fieam.org.br\/sesi\/wp-json\/wp\/v2\/tags?post=17208"}],"curies":[{"name":"wp","href":"https:\/\/api.w.org\/{rel}","templated":true}]}}