{"id":1704,"date":"2011-08-04T15:17:55","date_gmt":"2011-08-04T15:17:55","guid":{"rendered":"http:\/\/www.fieam.org.br\/site\/sesi\/?p=1704"},"modified":"2011-08-04T15:17:55","modified_gmt":"2011-08-04T15:17:55","slug":"videolar-e-octacampea-no-volei-feminino-2","status":"publish","type":"post","link":"https:\/\/fieam.org.br\/sesi\/videolar-e-octacampea-no-volei-feminino-2\/","title":{"rendered":"Videolar \u00e9 octacampe\u00e3 no v\u00f4lei feminino"},"content":{"rendered":"<figure id=\"attachment_1705\" aria-describedby=\"caption-attachment-1705\" style=\"width: 300px\" class=\"wp-caption alignleft\"><a href=\"http:\/\/www.fieam.org.br\/site\/sesi\/files\/2011\/08\/Videolar-octacampe\u00e31.jpg\"><img fetchpriority=\"high\" decoding=\"async\" class=\"size-medium wp-image-1705\" src=\"http:\/\/www.fieam.org.br\/site\/sesi\/files\/2011\/08\/Videolar-octacampe\u00e31-300x200.jpg\" alt=\"Videolar, octacampe\u00e3\" width=\"300\" height=\"200\" \/><\/a><figcaption id=\"caption-attachment-1705\" class=\"wp-caption-text\">Videolar, octacampe\u00e3<\/figcaption><\/figure>\n<p>Em partida de bom n\u00edvel t\u00e9cnico, as trabalhadoras-atletas da Videolar conquistaram nesta ter\u00e7a-feira (2), o octacampeonato no v\u00f4lei de quadra dos Jogos SESI 2011, ao vencer a Philips por tr\u00eas sets a zero, no Gin\u00e1sio Poliesportivo Jos\u00e9 Nasser, no <a href=\"..\/lazer-clube-do-trabalhador-do-amazonas\/\" target=\"_blank\" rel=\"noopener\">Clube do Trabalhador do Amazonas<\/a>.<\/p>\n<p>Com uma equipe bem entrosada h\u00e1 mais de quatro anos, a Videolar mostrou logo no primeiro set muita determina\u00e7\u00e3o e habilidades, sob o comando da jogadora \u00cdndia. Bem posicionada na defesa e com um bom aproveitamento no meio de rede, a equipe pontuava, ora com \u00edndia, ora com S\u00edlvia, as mais experientes do time. A Philips sentiu o volume de jogo da Videolar e perdeu o set por 25 a 12.<\/p>\n<p>No segundo set, a Philips tentou reagir e, mais organizada em quadra, chegou a empatar em 4 a 4, mas a qualidade t\u00e9cnica da Videolar foi decisiva, trabalhando melhor a bola, e os pontos foram surgindo com a vit\u00f3ria por 25 a 9.<\/p>\n<p>A Philips esbarrou sobretudo no forte bloqueio de rede da Videolar, que com mais tranquilidade em quadra tocava a bola com facilidade, e fechou o terceiro set com o placar de 25 a 15, conquistando a medalha de ouro.<\/p>\n<p>\u00cdndia, a atleta mais experiente em quadra, foi o grande nome da partida, com mais de 90% de acerto nas jogadas. De acordo com a pontuadora, o entrosamento conseguido ao longo dos anos \u00e9 um dos pontos fortes da Videolar. \u00cdndia e S\u00edlvia s\u00e3o remanescentes da equipe de v\u00f4lei que conquistou, h\u00e1 oito anos, a primeira medalha de ouro para a Videolar nos Jogos <a href=\"..\/\" target=\"_blank\" rel=\"noopener\">SESI<\/a>.<\/p>\n<figure id=\"attachment_1709\" aria-describedby=\"caption-attachment-1709\" style=\"width: 300px\" class=\"wp-caption alignleft\"><a href=\"http:\/\/www.fieam.org.br\/site\/sesi\/files\/2011\/08\/T\u00e9cnico-da-Videolar-Leandro-orienta-as-atletas1.jpg\"><img decoding=\"async\" class=\"size-medium wp-image-1709\" src=\"http:\/\/www.fieam.org.br\/site\/sesi\/files\/2011\/08\/T\u00e9cnico-da-Videolar-Leandro-orienta-as-atletas1-300x200.jpg\" alt=\"T\u00e9cnico da Videolar, Leandro, orienta as atletas\" width=\"300\" height=\"200\" \/><\/a><figcaption id=\"caption-attachment-1709\" class=\"wp-caption-text\">T\u00e9cnico da Videolar, Leandro, orienta as atletas<\/figcaption><\/figure>\n<p>O t\u00e9cnico da equipe, Leandro Souza, 28, disse que o v\u00f4lei feminino da Videolar est\u00e1 em evolu\u00e7\u00e3o e que melhorou muito nos fundamentos e na parte t\u00e1tica. De acordo com Leandro, hoje a equipe tem uma melhor percep\u00e7\u00e3o do jogo das advers\u00e1rias. Ele disse tamb\u00e9m que quatro atletas da Videolar participam tanto do v\u00f4lei de areia, quanto do v\u00f4lei de quadra, o que facilita o entrosamento da equipe.<\/p>\n<p>A Videolar conquistou a medalha de ouro com as atletas \u00cdndia, Luciana, Lucely, R\u00e9gis, Gisele, Adriana, S\u00edvia, Vanessa e Marlene. A Philips conquistou a medalha de prata com as atletas Carolina, Joyce, Juliana, Poliana, Mayara, Vera e Socorro. A Salcomp conquistou a terceira coloca\u00e7\u00e3o ao vencer a Yamaha por 3 a 1.<\/p>\n<p><strong>Fotos\/Cr\u00e9dito \u2013 Ademar Medeiros<br \/>\nAssessoria de Comunica\u00e7\u00e3o do Sistema FIEAM.<\/strong><\/p>\n<p><strong>[nggallery id=53]<br \/>\n<\/strong><\/p>\n","protected":false},"excerpt":{"rendered":"<p>Em partida de bom n\u00edvel t\u00e9cnico, as trabalhadoras-atletas da Videolar conquistaram nesta ter\u00e7a-feira (2), o octacampeonato no v\u00f4lei de quadra dos Jogos SESI 2011, ao vencer a Philips por tr\u00eas sets a zero, no Gin\u00e1sio Poliesportivo Jos\u00e9 Nasser, no Clube do Trabalhador do Amazonas. Com uma equipe bem entrosada h\u00e1 mais de quatro anos, a [&hellip;]<\/p>\n","protected":false},"author":1,"featured_media":0,"comment_status":"open","ping_status":"open","sticky":false,"template":"","format":"standard","meta":{"footnotes":""},"categories":[25],"tags":[],"class_list":["post-1704","post","type-post","status-publish","format-standard","hentry","category-news"],"yoast_head":"<!-- This site is optimized with the Yoast SEO plugin v28.2 - https:\/\/yoast.com\/product\/yoast-seo-wordpress\/ -->\n<title>Videolar \u00e9 octacampe\u00e3 no v\u00f4lei feminino - SESI<\/title>\n<meta name=\"robots\" content=\"index, follow, max-snippet:-1, max-image-preview:large, max-video-preview:-1\" \/>\n<link rel=\"canonical\" href=\"https:\/\/fieam.org.br\/sesi\/videolar-e-octacampea-no-volei-feminino-2\/\" \/>\n<meta property=\"og:locale\" content=\"pt_BR\" \/>\n<meta property=\"og:type\" content=\"article\" \/>\n<meta property=\"og:title\" content=\"Videolar \u00e9 octacampe\u00e3 no v\u00f4lei feminino - SESI\" \/>\n<meta property=\"og:description\" content=\"Em partida de bom n\u00edvel t\u00e9cnico, as trabalhadoras-atletas da Videolar conquistaram nesta ter\u00e7a-feira (2), o octacampeonato no v\u00f4lei de quadra dos Jogos SESI 2011, ao vencer a Philips por tr\u00eas sets a zero, no Gin\u00e1sio Poliesportivo Jos\u00e9 Nasser, no Clube do Trabalhador do Amazonas. Com uma equipe bem entrosada h\u00e1 mais de quatro anos, a [&hellip;]\" \/>\n<meta property=\"og:url\" content=\"https:\/\/fieam.org.br\/sesi\/videolar-e-octacampea-no-volei-feminino-2\/\" \/>\n<meta property=\"og:site_name\" content=\"SESI\" \/>\n<meta property=\"article:published_time\" content=\"2011-08-04T15:17:55+00:00\" \/>\n<meta name=\"author\" content=\"Autor\" \/>\n<meta name=\"twitter:card\" content=\"summary_large_image\" \/>\n<meta name=\"twitter:label1\" content=\"Escrito por\" \/>\n\t<meta name=\"twitter:data1\" content=\"Autor\" \/>\n\t<meta name=\"twitter:label2\" content=\"Est. tempo de leitura\" \/>\n\t<meta name=\"twitter:data2\" content=\"2 minutos\" \/>\n<script type=\"application\/ld+json\" class=\"yoast-schema-graph\">{\"@context\":\"https:\\\/\\\/schema.org\",\"@graph\":[{\"@type\":\"Article\",\"@id\":\"https:\\\/\\\/fieam.org.br\\\/sesi\\\/videolar-e-octacampea-no-volei-feminino-2\\\/#article\",\"isPartOf\":{\"@id\":\"https:\\\/\\\/fieam.org.br\\\/sesi\\\/videolar-e-octacampea-no-volei-feminino-2\\\/\"},\"author\":{\"name\":\"Autor\",\"@id\":\"https:\\\/\\\/fieam.org.br\\\/sesi\\\/#\\\/schema\\\/person\\\/f54998dd14d5f0695b41444f2b01c31e\"},\"headline\":\"Videolar \u00e9 octacampe\u00e3 no v\u00f4lei feminino\",\"datePublished\":\"2011-08-04T15:17:55+00:00\",\"mainEntityOfPage\":{\"@id\":\"https:\\\/\\\/fieam.org.br\\\/sesi\\\/videolar-e-octacampea-no-volei-feminino-2\\\/\"},\"wordCount\":438,\"commentCount\":0,\"publisher\":{\"@id\":\"https:\\\/\\\/fieam.org.br\\\/sesi\\\/#organization\"},\"articleSection\":[\"News\"],\"inLanguage\":\"pt-BR\",\"potentialAction\":[{\"@type\":\"CommentAction\",\"name\":\"Comment\",\"target\":[\"https:\\\/\\\/fieam.org.br\\\/sesi\\\/videolar-e-octacampea-no-volei-feminino-2\\\/#respond\"]}]},{\"@type\":\"WebPage\",\"@id\":\"https:\\\/\\\/fieam.org.br\\\/sesi\\\/videolar-e-octacampea-no-volei-feminino-2\\\/\",\"url\":\"https:\\\/\\\/fieam.org.br\\\/sesi\\\/videolar-e-octacampea-no-volei-feminino-2\\\/\",\"name\":\"Videolar \u00e9 octacampe\u00e3 no v\u00f4lei feminino - SESI\",\"isPartOf\":{\"@id\":\"https:\\\/\\\/fieam.org.br\\\/sesi\\\/#website\"},\"datePublished\":\"2011-08-04T15:17:55+00:00\",\"breadcrumb\":{\"@id\":\"https:\\\/\\\/fieam.org.br\\\/sesi\\\/videolar-e-octacampea-no-volei-feminino-2\\\/#breadcrumb\"},\"inLanguage\":\"pt-BR\",\"potentialAction\":[{\"@type\":\"ReadAction\",\"target\":[\"https:\\\/\\\/fieam.org.br\\\/sesi\\\/videolar-e-octacampea-no-volei-feminino-2\\\/\"]}]},{\"@type\":\"BreadcrumbList\",\"@id\":\"https:\\\/\\\/fieam.org.br\\\/sesi\\\/videolar-e-octacampea-no-volei-feminino-2\\\/#breadcrumb\",\"itemListElement\":[{\"@type\":\"ListItem\",\"position\":1,\"name\":\"In\u00edcio\",\"item\":\"https:\\\/\\\/fieam.org.br\\\/sesi\\\/\"},{\"@type\":\"ListItem\",\"position\":2,\"name\":\"Videolar \u00e9 octacampe\u00e3 no v\u00f4lei feminino\"}]},{\"@type\":\"WebSite\",\"@id\":\"https:\\\/\\\/fieam.org.br\\\/sesi\\\/#website\",\"url\":\"https:\\\/\\\/fieam.org.br\\\/sesi\\\/\",\"name\":\"SESI\",\"description\":\"Site Oficial!\",\"publisher\":{\"@id\":\"https:\\\/\\\/fieam.org.br\\\/sesi\\\/#organization\"},\"potentialAction\":[{\"@type\":\"SearchAction\",\"target\":{\"@type\":\"EntryPoint\",\"urlTemplate\":\"https:\\\/\\\/fieam.org.br\\\/sesi\\\/?s={search_term_string}\"},\"query-input\":{\"@type\":\"PropertyValueSpecification\",\"valueRequired\":true,\"valueName\":\"search_term_string\"}}],\"inLanguage\":\"pt-BR\"},{\"@type\":\"Organization\",\"@id\":\"https:\\\/\\\/fieam.org.br\\\/sesi\\\/#organization\",\"name\":\"SESI\",\"url\":\"https:\\\/\\\/fieam.org.br\\\/sesi\\\/\",\"logo\":{\"@type\":\"ImageObject\",\"inLanguage\":\"pt-BR\",\"@id\":\"https:\\\/\\\/fieam.org.br\\\/sesi\\\/#\\\/schema\\\/logo\\\/image\\\/\",\"url\":\"https:\\\/\\\/fieam.org.br\\\/sesi\\\/wp-content\\\/uploads\\\/sites\\\/14\\\/2024\\\/03\\\/cropped-fav.png\",\"contentUrl\":\"https:\\\/\\\/fieam.org.br\\\/sesi\\\/wp-content\\\/uploads\\\/sites\\\/14\\\/2024\\\/03\\\/cropped-fav.png\",\"width\":610,\"height\":589,\"caption\":\"SESI\"},\"image\":{\"@id\":\"https:\\\/\\\/fieam.org.br\\\/sesi\\\/#\\\/schema\\\/logo\\\/image\\\/\"}},{\"@type\":\"Person\",\"@id\":\"https:\\\/\\\/fieam.org.br\\\/sesi\\\/#\\\/schema\\\/person\\\/f54998dd14d5f0695b41444f2b01c31e\",\"name\":\"Autor\",\"image\":{\"@type\":\"ImageObject\",\"inLanguage\":\"pt-BR\",\"@id\":\"https:\\\/\\\/secure.gravatar.com\\\/avatar\\\/3732c223e0e1fad69062a8f770955c9068d37b055204f310a0be18d4069fe380?s=96&d=mm&r=g\",\"url\":\"https:\\\/\\\/secure.gravatar.com\\\/avatar\\\/3732c223e0e1fad69062a8f770955c9068d37b055204f310a0be18d4069fe380?s=96&d=mm&r=g\",\"contentUrl\":\"https:\\\/\\\/secure.gravatar.com\\\/avatar\\\/3732c223e0e1fad69062a8f770955c9068d37b055204f310a0be18d4069fe380?s=96&d=mm&r=g\",\"caption\":\"Autor\"},\"sameAs\":[\"https:\\\/\\\/marketingmassivo.com.br\"],\"url\":\"https:\\\/\\\/fieam.org.br\\\/sesi\\\/author\\\/admin\\\/\"}]}<\/script>\n<!-- \/ Yoast SEO plugin. -->","yoast_head_json":{"title":"Videolar \u00e9 octacampe\u00e3 no v\u00f4lei feminino - SESI","robots":{"index":"index","follow":"follow","max-snippet":"max-snippet:-1","max-image-preview":"max-image-preview:large","max-video-preview":"max-video-preview:-1"},"canonical":"https:\/\/fieam.org.br\/sesi\/videolar-e-octacampea-no-volei-feminino-2\/","og_locale":"pt_BR","og_type":"article","og_title":"Videolar \u00e9 octacampe\u00e3 no v\u00f4lei feminino - SESI","og_description":"Em partida de bom n\u00edvel t\u00e9cnico, as trabalhadoras-atletas da Videolar conquistaram nesta ter\u00e7a-feira (2), o octacampeonato no v\u00f4lei de quadra dos Jogos SESI 2011, ao vencer a Philips por tr\u00eas sets a zero, no Gin\u00e1sio Poliesportivo Jos\u00e9 Nasser, no Clube do Trabalhador do Amazonas. Com uma equipe bem entrosada h\u00e1 mais de quatro anos, a [&hellip;]","og_url":"https:\/\/fieam.org.br\/sesi\/videolar-e-octacampea-no-volei-feminino-2\/","og_site_name":"SESI","article_published_time":"2011-08-04T15:17:55+00:00","author":"Autor","twitter_card":"summary_large_image","twitter_misc":{"Escrito por":"Autor","Est. tempo de leitura":"2 minutos"},"schema":{"@context":"https:\/\/schema.org","@graph":[{"@type":"Article","@id":"https:\/\/fieam.org.br\/sesi\/videolar-e-octacampea-no-volei-feminino-2\/#article","isPartOf":{"@id":"https:\/\/fieam.org.br\/sesi\/videolar-e-octacampea-no-volei-feminino-2\/"},"author":{"name":"Autor","@id":"https:\/\/fieam.org.br\/sesi\/#\/schema\/person\/f54998dd14d5f0695b41444f2b01c31e"},"headline":"Videolar \u00e9 octacampe\u00e3 no v\u00f4lei feminino","datePublished":"2011-08-04T15:17:55+00:00","mainEntityOfPage":{"@id":"https:\/\/fieam.org.br\/sesi\/videolar-e-octacampea-no-volei-feminino-2\/"},"wordCount":438,"commentCount":0,"publisher":{"@id":"https:\/\/fieam.org.br\/sesi\/#organization"},"articleSection":["News"],"inLanguage":"pt-BR","potentialAction":[{"@type":"CommentAction","name":"Comment","target":["https:\/\/fieam.org.br\/sesi\/videolar-e-octacampea-no-volei-feminino-2\/#respond"]}]},{"@type":"WebPage","@id":"https:\/\/fieam.org.br\/sesi\/videolar-e-octacampea-no-volei-feminino-2\/","url":"https:\/\/fieam.org.br\/sesi\/videolar-e-octacampea-no-volei-feminino-2\/","name":"Videolar \u00e9 octacampe\u00e3 no v\u00f4lei feminino - SESI","isPartOf":{"@id":"https:\/\/fieam.org.br\/sesi\/#website"},"datePublished":"2011-08-04T15:17:55+00:00","breadcrumb":{"@id":"https:\/\/fieam.org.br\/sesi\/videolar-e-octacampea-no-volei-feminino-2\/#breadcrumb"},"inLanguage":"pt-BR","potentialAction":[{"@type":"ReadAction","target":["https:\/\/fieam.org.br\/sesi\/videolar-e-octacampea-no-volei-feminino-2\/"]}]},{"@type":"BreadcrumbList","@id":"https:\/\/fieam.org.br\/sesi\/videolar-e-octacampea-no-volei-feminino-2\/#breadcrumb","itemListElement":[{"@type":"ListItem","position":1,"name":"In\u00edcio","item":"https:\/\/fieam.org.br\/sesi\/"},{"@type":"ListItem","position":2,"name":"Videolar \u00e9 octacampe\u00e3 no v\u00f4lei feminino"}]},{"@type":"WebSite","@id":"https:\/\/fieam.org.br\/sesi\/#website","url":"https:\/\/fieam.org.br\/sesi\/","name":"SESI","description":"Site Oficial!","publisher":{"@id":"https:\/\/fieam.org.br\/sesi\/#organization"},"potentialAction":[{"@type":"SearchAction","target":{"@type":"EntryPoint","urlTemplate":"https:\/\/fieam.org.br\/sesi\/?s={search_term_string}"},"query-input":{"@type":"PropertyValueSpecification","valueRequired":true,"valueName":"search_term_string"}}],"inLanguage":"pt-BR"},{"@type":"Organization","@id":"https:\/\/fieam.org.br\/sesi\/#organization","name":"SESI","url":"https:\/\/fieam.org.br\/sesi\/","logo":{"@type":"ImageObject","inLanguage":"pt-BR","@id":"https:\/\/fieam.org.br\/sesi\/#\/schema\/logo\/image\/","url":"https:\/\/fieam.org.br\/sesi\/wp-content\/uploads\/sites\/14\/2024\/03\/cropped-fav.png","contentUrl":"https:\/\/fieam.org.br\/sesi\/wp-content\/uploads\/sites\/14\/2024\/03\/cropped-fav.png","width":610,"height":589,"caption":"SESI"},"image":{"@id":"https:\/\/fieam.org.br\/sesi\/#\/schema\/logo\/image\/"}},{"@type":"Person","@id":"https:\/\/fieam.org.br\/sesi\/#\/schema\/person\/f54998dd14d5f0695b41444f2b01c31e","name":"Autor","image":{"@type":"ImageObject","inLanguage":"pt-BR","@id":"https:\/\/secure.gravatar.com\/avatar\/3732c223e0e1fad69062a8f770955c9068d37b055204f310a0be18d4069fe380?s=96&d=mm&r=g","url":"https:\/\/secure.gravatar.com\/avatar\/3732c223e0e1fad69062a8f770955c9068d37b055204f310a0be18d4069fe380?s=96&d=mm&r=g","contentUrl":"https:\/\/secure.gravatar.com\/avatar\/3732c223e0e1fad69062a8f770955c9068d37b055204f310a0be18d4069fe380?s=96&d=mm&r=g","caption":"Autor"},"sameAs":["https:\/\/marketingmassivo.com.br"],"url":"https:\/\/fieam.org.br\/sesi\/author\/admin\/"}]}},"_links":{"self":[{"href":"https:\/\/fieam.org.br\/sesi\/wp-json\/wp\/v2\/posts\/1704","targetHints":{"allow":["GET"]}}],"collection":[{"href":"https:\/\/fieam.org.br\/sesi\/wp-json\/wp\/v2\/posts"}],"about":[{"href":"https:\/\/fieam.org.br\/sesi\/wp-json\/wp\/v2\/types\/post"}],"author":[{"embeddable":true,"href":"https:\/\/fieam.org.br\/sesi\/wp-json\/wp\/v2\/users\/1"}],"replies":[{"embeddable":true,"href":"https:\/\/fieam.org.br\/sesi\/wp-json\/wp\/v2\/comments?post=1704"}],"version-history":[{"count":0,"href":"https:\/\/fieam.org.br\/sesi\/wp-json\/wp\/v2\/posts\/1704\/revisions"}],"wp:attachment":[{"href":"https:\/\/fieam.org.br\/sesi\/wp-json\/wp\/v2\/media?parent=1704"}],"wp:term":[{"taxonomy":"category","embeddable":true,"href":"https:\/\/fieam.org.br\/sesi\/wp-json\/wp\/v2\/categories?post=1704"},{"taxonomy":"post_tag","embeddable":true,"href":"https:\/\/fieam.org.br\/sesi\/wp-json\/wp\/v2\/tags?post=1704"}],"curies":[{"name":"wp","href":"https:\/\/api.w.org\/{rel}","templated":true}]}}