{"id":17030,"date":"2020-12-15T10:34:53","date_gmt":"2020-12-15T14:34:53","guid":{"rendered":"http:\/\/www.fieam.org.br\/sesi\/?p=17030"},"modified":"2020-12-15T10:34:53","modified_gmt":"2020-12-15T14:34:53","slug":"sesi-encerra-ano-letivo-com-certificacao-de-32-tecnicos-em-desenvolvimento-de-sistemas","status":"publish","type":"post","link":"https:\/\/fieam.org.br\/sesi\/sesi-encerra-ano-letivo-com-certificacao-de-32-tecnicos-em-desenvolvimento-de-sistemas\/","title":{"rendered":"SESI encerra ano letivo com certifica\u00e7\u00e3o de 32 t\u00e9cnicos em Desenvolvimento de Sistemas"},"content":{"rendered":"<p><a href=\"https:\/\/marketingmassivo.com.br\/sesi\/wp-content\/uploads\/sites\/12\/2020\/12\/Aula-da-saudade-Escola-SESI-Dra-Emina-Barbosa-Mustafa.jpeg\"><img fetchpriority=\"high\" decoding=\"async\" class=\"wp-image-17031 alignright\" src=\"https:\/\/marketingmassivo.com.br\/sesi\/wp-content\/uploads\/sites\/12\/2020\/12\/Aula-da-saudade-Escola-SESI-Dra-Emina-Barbosa-Mustafa.jpeg\" alt=\"\" width=\"467\" height=\"350\" srcset=\"https:\/\/fieam.org.br\/sesi\/wp-content\/uploads\/sites\/14\/2020\/12\/Aula-da-saudade-Escola-SESI-Dra-Emina-Barbosa-Mustafa.jpeg 1280w, https:\/\/fieam.org.br\/sesi\/wp-content\/uploads\/sites\/14\/2020\/12\/Aula-da-saudade-Escola-SESI-Dra-Emina-Barbosa-Mustafa-300x225.jpeg 300w, https:\/\/fieam.org.br\/sesi\/wp-content\/uploads\/sites\/14\/2020\/12\/Aula-da-saudade-Escola-SESI-Dra-Emina-Barbosa-Mustafa-1024x768.jpeg 1024w, https:\/\/fieam.org.br\/sesi\/wp-content\/uploads\/sites\/14\/2020\/12\/Aula-da-saudade-Escola-SESI-Dra-Emina-Barbosa-Mustafa-768x576.jpeg 768w\" sizes=\"(max-width: 467px) 100vw, 467px\" \/><\/a>As turmas do Servi\u00e7o Social da Ind\u00fastria (SESI Amazonas) encerraram as atividades escolares com as duas \u00faltimas turmas certificadas na Educa\u00e7\u00e3o B\u00e1sica do SESI e na Educa\u00e7\u00e3o Profissional do SENAI (EBEP). Ao todo, 32 alunos foram certificados no ensino regular e no curso t\u00e9cnico em Desenvolvimento de Sistemas, ministrados pelo Servi\u00e7o Nacional de Aprendizagem Industrial (SENAI). Com \u201cAula da Saudade\u201d, na \u00faltima sexta-feira, 11, no SESI Clube do Trabalhador, os alunos comemoraram a dupla certifica\u00e7\u00e3o e relembraram as conquistas ao longo dos \u00faltimos tr\u00eas anos.<\/p>\n<p>As duas turmas do 3\u00ba ano do Ensino M\u00e9dio foram as \u00faltimas do SESI Amazonas participantes do EBEP. Para 2021, a institui\u00e7\u00e3o dar\u00e1 continuidade, exclusivamente, com a oferta do Novo Ensino M\u00e9dio Profissionalizante, que une em uma \u00fanica grade curricular novas matrizes de estudos, carga hor\u00e1ria e \u00e1reas do conhecimento espec\u00edfica. De acordo com a gerente da Escola SESI Dra. Emina Barbosa Mustafa, Ana Karina Holanda, ao final do 3\u00ba ano, o estudante receber\u00e1 certifica\u00e7\u00e3o \u00fanica do ensino m\u00e9dio com forma\u00e7\u00e3o t\u00e9cnica profissional SESI\/SENAI.<\/p>\n<p>A programa\u00e7\u00e3o de conclus\u00e3o contou tamb\u00e9m com depoimento de professores, por meio de v\u00eddeos, din\u00e2mica entre os alunos, al\u00e9m da certifica\u00e7\u00e3o do ensino m\u00e9dio e do curso t\u00e9cnico feito pelo SENAI.<\/p>\n<p>Para o ensino fundamental 1 (1\u00ba ao 5\u00ba ano), da Escola SESI Dra. Emina Barbosa Mustafa, o encerramento foi marcado pela apresenta\u00e7\u00e3o de m\u00fasica com flauta doce com direito a grava\u00e7\u00e3o e envio para os pais.<\/p>\n<p><a href=\"https:\/\/marketingmassivo.com.br\/sesi\/wp-content\/uploads\/sites\/12\/2020\/12\/Apresentacao-de-Flauta-Doce-alunos-da-Escola-SESI-Dra-Emina-Barbosa-Mustafa.jpg\"><img decoding=\"async\" class=\"wp-image-17032 alignleft\" src=\"https:\/\/marketingmassivo.com.br\/sesi\/wp-content\/uploads\/sites\/12\/2020\/12\/Apresentacao-de-Flauta-Doce-alunos-da-Escola-SESI-Dra-Emina-Barbosa-Mustafa.jpg\" alt=\"\" width=\"515\" height=\"343\" srcset=\"https:\/\/fieam.org.br\/sesi\/wp-content\/uploads\/sites\/14\/2020\/12\/Apresentacao-de-Flauta-Doce-alunos-da-Escola-SESI-Dra-Emina-Barbosa-Mustafa.jpg 1024w, https:\/\/fieam.org.br\/sesi\/wp-content\/uploads\/sites\/14\/2020\/12\/Apresentacao-de-Flauta-Doce-alunos-da-Escola-SESI-Dra-Emina-Barbosa-Mustafa-300x200.jpg 300w, https:\/\/fieam.org.br\/sesi\/wp-content\/uploads\/sites\/14\/2020\/12\/Apresentacao-de-Flauta-Doce-alunos-da-Escola-SESI-Dra-Emina-Barbosa-Mustafa-768x512.jpg 768w\" sizes=\"(max-width: 515px) 100vw, 515px\" \/><\/a><\/p>\n<p>Dentro das aulas de m\u00fasica ofertadas na escola ao longo do ano, os alunos prepararam repert\u00f3rio diversificado e em ritmo natalino trouxeram a m\u00fasica tema \u201cJingle Bells\u201d, cantigas de roda, como \u201cBorboletinha\u201d e \u201cCai, Cai, Bal\u00e3o\u201d, al\u00e9m da cl\u00e1ssica 9\u00aa Sinfonia de Beethoven, tocada pelos alunos mais velhos do 5\u00ba ano.<\/p>\n<p>\u201cEste ano foquei mais nas aulas pr\u00e1ticas at\u00e9 por ter sido um ano bem at\u00edpico para eles, onde contei ainda mais com a recep\u00e7\u00e3o dos pais em casa para que tivesse uma continuidade tamb\u00e9m dos exerc\u00edcios com os filhos. Divididos em anos iniciais e avan\u00e7ados, separei m\u00fasicas com notas mais simples e outras mais complexas para os \u00faltimos anos que j\u00e1 t\u00eam uma percep\u00e7\u00e3o e coordena\u00e7\u00e3o motora melhor\u201d, explicou a professora Denise Ruis.<\/p>\n<p>Para o pr\u00f3ximo ano, a professora licenciada em m\u00fasica pela Universidade Federal do Amazonas (UFAM), ressalta que prepara novas atividades envolvendo tamb\u00e9m a parte te\u00f3rica. \u201cCome\u00e7amos a trabalhar com os alunos este ano com a flauta, mas para 2021 pretendemos criar concertos musicais, coral de flautas, al\u00e9m de trazer a parte te\u00f3rica que \u00e9 muito importante para acompanhar esse processo de aprendizado\u201d, disse ela.<\/p>\n","protected":false},"excerpt":{"rendered":"<p>As turmas do Servi\u00e7o Social da Ind\u00fastria (SESI Amazonas) encerraram as atividades escolares com as duas \u00faltimas turmas certificadas na Educa\u00e7\u00e3o B\u00e1sica do SESI e na Educa\u00e7\u00e3o Profissional do SENAI (EBEP). Ao todo, 32 alunos foram certificados no ensino regular e no curso t\u00e9cnico em Desenvolvimento de Sistemas, ministrados pelo Servi\u00e7o Nacional de Aprendizagem Industrial [&hellip;]<\/p>\n","protected":false},"author":1,"featured_media":17025,"comment_status":"closed","ping_status":"open","sticky":false,"template":"","format":"standard","meta":{"footnotes":""},"categories":[20,25,26],"tags":[],"class_list":["post-17030","post","type-post","status-publish","format-standard","has-post-thumbnail","hentry","category-banner-destaque","category-news","category-news-destaque"],"yoast_head":"<!-- This site is optimized with the Yoast SEO plugin v26.8 - https:\/\/yoast.com\/product\/yoast-seo-wordpress\/ -->\n<title>SESI encerra ano letivo com certifica\u00e7\u00e3o de 32 t\u00e9cnicos em Desenvolvimento de Sistemas - SESI<\/title>\n<meta name=\"robots\" content=\"index, follow, max-snippet:-1, max-image-preview:large, max-video-preview:-1\" \/>\n<link rel=\"canonical\" href=\"https:\/\/fieam.org.br\/sesi\/sesi-encerra-ano-letivo-com-certificacao-de-32-tecnicos-em-desenvolvimento-de-sistemas\/\" \/>\n<meta property=\"og:locale\" content=\"pt_BR\" \/>\n<meta property=\"og:type\" content=\"article\" \/>\n<meta property=\"og:title\" content=\"SESI encerra ano letivo com certifica\u00e7\u00e3o de 32 t\u00e9cnicos em Desenvolvimento de Sistemas - SESI\" \/>\n<meta property=\"og:description\" content=\"As turmas do Servi\u00e7o Social da Ind\u00fastria (SESI Amazonas) encerraram as atividades escolares com as duas \u00faltimas turmas certificadas na Educa\u00e7\u00e3o B\u00e1sica do SESI e na Educa\u00e7\u00e3o Profissional do SENAI (EBEP). Ao todo, 32 alunos foram certificados no ensino regular e no curso t\u00e9cnico em Desenvolvimento de Sistemas, ministrados pelo Servi\u00e7o Nacional de Aprendizagem Industrial [&hellip;]\" \/>\n<meta property=\"og:url\" content=\"https:\/\/fieam.org.br\/sesi\/sesi-encerra-ano-letivo-com-certificacao-de-32-tecnicos-em-desenvolvimento-de-sistemas\/\" \/>\n<meta property=\"og:site_name\" content=\"SESI\" \/>\n<meta property=\"article:published_time\" content=\"2020-12-15T14:34:53+00:00\" \/>\n<meta property=\"og:image\" content=\"https:\/\/fieam.org.br\/sesi\/wp-content\/uploads\/sites\/14\/2020\/12\/Gerente-da-Escola-SESI-Dra.-Emina-Barbosa-Mustafa-Ana-Karina-Holanda-1-scaled-1.jpg\" \/>\n\t<meta property=\"og:image:width\" content=\"2560\" \/>\n\t<meta property=\"og:image:height\" content=\"1751\" \/>\n\t<meta property=\"og:image:type\" content=\"image\/jpeg\" \/>\n<meta name=\"author\" content=\"Autor\" \/>\n<meta name=\"twitter:card\" content=\"summary_large_image\" \/>\n<meta name=\"twitter:label1\" content=\"Escrito por\" \/>\n\t<meta name=\"twitter:data1\" content=\"Autor\" \/>\n\t<meta name=\"twitter:label2\" content=\"Est. tempo de leitura\" \/>\n\t<meta name=\"twitter:data2\" content=\"2 minutos\" \/>\n<script type=\"application\/ld+json\" class=\"yoast-schema-graph\">{\"@context\":\"https:\/\/schema.org\",\"@graph\":[{\"@type\":\"Article\",\"@id\":\"https:\/\/fieam.org.br\/sesi\/sesi-encerra-ano-letivo-com-certificacao-de-32-tecnicos-em-desenvolvimento-de-sistemas\/#article\",\"isPartOf\":{\"@id\":\"https:\/\/fieam.org.br\/sesi\/sesi-encerra-ano-letivo-com-certificacao-de-32-tecnicos-em-desenvolvimento-de-sistemas\/\"},\"author\":{\"name\":\"Autor\",\"@id\":\"https:\/\/fieam.org.br\/sesi\/#\/schema\/person\/c1ceda8321521b291cee22da0a7d34be\"},\"headline\":\"SESI encerra ano letivo com certifica\u00e7\u00e3o de 32 t\u00e9cnicos em Desenvolvimento de Sistemas\",\"datePublished\":\"2020-12-15T14:34:53+00:00\",\"mainEntityOfPage\":{\"@id\":\"https:\/\/fieam.org.br\/sesi\/sesi-encerra-ano-letivo-com-certificacao-de-32-tecnicos-em-desenvolvimento-de-sistemas\/\"},\"wordCount\":480,\"publisher\":{\"@id\":\"https:\/\/fieam.org.br\/sesi\/#organization\"},\"image\":{\"@id\":\"https:\/\/fieam.org.br\/sesi\/sesi-encerra-ano-letivo-com-certificacao-de-32-tecnicos-em-desenvolvimento-de-sistemas\/#primaryimage\"},\"thumbnailUrl\":\"https:\/\/fieam.org.br\/sesi\/wp-content\/uploads\/sites\/14\/2020\/12\/Gerente-da-Escola-SESI-Dra.-Emina-Barbosa-Mustafa-Ana-Karina-Holanda-1-scaled-1.jpg\",\"articleSection\":[\"Banner Destaque\",\"News\",\"News Destaque\"],\"inLanguage\":\"pt-BR\"},{\"@type\":\"WebPage\",\"@id\":\"https:\/\/fieam.org.br\/sesi\/sesi-encerra-ano-letivo-com-certificacao-de-32-tecnicos-em-desenvolvimento-de-sistemas\/\",\"url\":\"https:\/\/fieam.org.br\/sesi\/sesi-encerra-ano-letivo-com-certificacao-de-32-tecnicos-em-desenvolvimento-de-sistemas\/\",\"name\":\"SESI encerra ano letivo com certifica\u00e7\u00e3o de 32 t\u00e9cnicos em Desenvolvimento de Sistemas - SESI\",\"isPartOf\":{\"@id\":\"https:\/\/fieam.org.br\/sesi\/#website\"},\"primaryImageOfPage\":{\"@id\":\"https:\/\/fieam.org.br\/sesi\/sesi-encerra-ano-letivo-com-certificacao-de-32-tecnicos-em-desenvolvimento-de-sistemas\/#primaryimage\"},\"image\":{\"@id\":\"https:\/\/fieam.org.br\/sesi\/sesi-encerra-ano-letivo-com-certificacao-de-32-tecnicos-em-desenvolvimento-de-sistemas\/#primaryimage\"},\"thumbnailUrl\":\"https:\/\/fieam.org.br\/sesi\/wp-content\/uploads\/sites\/14\/2020\/12\/Gerente-da-Escola-SESI-Dra.-Emina-Barbosa-Mustafa-Ana-Karina-Holanda-1-scaled-1.jpg\",\"datePublished\":\"2020-12-15T14:34:53+00:00\",\"breadcrumb\":{\"@id\":\"https:\/\/fieam.org.br\/sesi\/sesi-encerra-ano-letivo-com-certificacao-de-32-tecnicos-em-desenvolvimento-de-sistemas\/#breadcrumb\"},\"inLanguage\":\"pt-BR\",\"potentialAction\":[{\"@type\":\"ReadAction\",\"target\":[\"https:\/\/fieam.org.br\/sesi\/sesi-encerra-ano-letivo-com-certificacao-de-32-tecnicos-em-desenvolvimento-de-sistemas\/\"]}]},{\"@type\":\"ImageObject\",\"inLanguage\":\"pt-BR\",\"@id\":\"https:\/\/fieam.org.br\/sesi\/sesi-encerra-ano-letivo-com-certificacao-de-32-tecnicos-em-desenvolvimento-de-sistemas\/#primaryimage\",\"url\":\"https:\/\/fieam.org.br\/sesi\/wp-content\/uploads\/sites\/14\/2020\/12\/Gerente-da-Escola-SESI-Dra.-Emina-Barbosa-Mustafa-Ana-Karina-Holanda-1-scaled-1.jpg\",\"contentUrl\":\"https:\/\/fieam.org.br\/sesi\/wp-content\/uploads\/sites\/14\/2020\/12\/Gerente-da-Escola-SESI-Dra.-Emina-Barbosa-Mustafa-Ana-Karina-Holanda-1-scaled-1.jpg\",\"width\":2560,\"height\":1751},{\"@type\":\"BreadcrumbList\",\"@id\":\"https:\/\/fieam.org.br\/sesi\/sesi-encerra-ano-letivo-com-certificacao-de-32-tecnicos-em-desenvolvimento-de-sistemas\/#breadcrumb\",\"itemListElement\":[{\"@type\":\"ListItem\",\"position\":1,\"name\":\"In\u00edcio\",\"item\":\"https:\/\/fieam.org.br\/sesi\/\"},{\"@type\":\"ListItem\",\"position\":2,\"name\":\"SESI encerra ano letivo com certifica\u00e7\u00e3o de 32 t\u00e9cnicos em Desenvolvimento de Sistemas\"}]},{\"@type\":\"WebSite\",\"@id\":\"https:\/\/fieam.org.br\/sesi\/#website\",\"url\":\"https:\/\/fieam.org.br\/sesi\/\",\"name\":\"SESI\",\"description\":\"Site Oficial!\",\"publisher\":{\"@id\":\"https:\/\/fieam.org.br\/sesi\/#organization\"},\"potentialAction\":[{\"@type\":\"SearchAction\",\"target\":{\"@type\":\"EntryPoint\",\"urlTemplate\":\"https:\/\/fieam.org.br\/sesi\/?s={search_term_string}\"},\"query-input\":{\"@type\":\"PropertyValueSpecification\",\"valueRequired\":true,\"valueName\":\"search_term_string\"}}],\"inLanguage\":\"pt-BR\"},{\"@type\":\"Organization\",\"@id\":\"https:\/\/fieam.org.br\/sesi\/#organization\",\"name\":\"SESI\",\"url\":\"https:\/\/fieam.org.br\/sesi\/\",\"logo\":{\"@type\":\"ImageObject\",\"inLanguage\":\"pt-BR\",\"@id\":\"https:\/\/fieam.org.br\/sesi\/#\/schema\/logo\/image\/\",\"url\":\"https:\/\/fieam.org.br\/sesi\/wp-content\/uploads\/sites\/14\/2024\/03\/cropped-fav.png\",\"contentUrl\":\"https:\/\/fieam.org.br\/sesi\/wp-content\/uploads\/sites\/14\/2024\/03\/cropped-fav.png\",\"width\":610,\"height\":589,\"caption\":\"SESI\"},\"image\":{\"@id\":\"https:\/\/fieam.org.br\/sesi\/#\/schema\/logo\/image\/\"}},{\"@type\":\"Person\",\"@id\":\"https:\/\/fieam.org.br\/sesi\/#\/schema\/person\/c1ceda8321521b291cee22da0a7d34be\",\"name\":\"Autor\",\"image\":{\"@type\":\"ImageObject\",\"inLanguage\":\"pt-BR\",\"@id\":\"https:\/\/fieam.org.br\/sesi\/#\/schema\/person\/image\/\",\"url\":\"https:\/\/secure.gravatar.com\/avatar\/3732c223e0e1fad69062a8f770955c9068d37b055204f310a0be18d4069fe380?s=96&d=mm&r=g\",\"contentUrl\":\"https:\/\/secure.gravatar.com\/avatar\/3732c223e0e1fad69062a8f770955c9068d37b055204f310a0be18d4069fe380?s=96&d=mm&r=g\",\"caption\":\"Autor\"},\"sameAs\":[\"https:\/\/marketingmassivo.com.br\"],\"url\":\"https:\/\/fieam.org.br\/sesi\/author\/admin\/\"}]}<\/script>\n<!-- \/ Yoast SEO plugin. -->","yoast_head_json":{"title":"SESI encerra ano letivo com certifica\u00e7\u00e3o de 32 t\u00e9cnicos em Desenvolvimento de Sistemas - SESI","robots":{"index":"index","follow":"follow","max-snippet":"max-snippet:-1","max-image-preview":"max-image-preview:large","max-video-preview":"max-video-preview:-1"},"canonical":"https:\/\/fieam.org.br\/sesi\/sesi-encerra-ano-letivo-com-certificacao-de-32-tecnicos-em-desenvolvimento-de-sistemas\/","og_locale":"pt_BR","og_type":"article","og_title":"SESI encerra ano letivo com certifica\u00e7\u00e3o de 32 t\u00e9cnicos em Desenvolvimento de Sistemas - SESI","og_description":"As turmas do Servi\u00e7o Social da Ind\u00fastria (SESI Amazonas) encerraram as atividades escolares com as duas \u00faltimas turmas certificadas na Educa\u00e7\u00e3o B\u00e1sica do SESI e na Educa\u00e7\u00e3o Profissional do SENAI (EBEP). Ao todo, 32 alunos foram certificados no ensino regular e no curso t\u00e9cnico em Desenvolvimento de Sistemas, ministrados pelo Servi\u00e7o Nacional de Aprendizagem Industrial [&hellip;]","og_url":"https:\/\/fieam.org.br\/sesi\/sesi-encerra-ano-letivo-com-certificacao-de-32-tecnicos-em-desenvolvimento-de-sistemas\/","og_site_name":"SESI","article_published_time":"2020-12-15T14:34:53+00:00","og_image":[{"width":2560,"height":1751,"url":"https:\/\/fieam.org.br\/sesi\/wp-content\/uploads\/sites\/14\/2020\/12\/Gerente-da-Escola-SESI-Dra.-Emina-Barbosa-Mustafa-Ana-Karina-Holanda-1-scaled-1.jpg","type":"image\/jpeg"}],"author":"Autor","twitter_card":"summary_large_image","twitter_misc":{"Escrito por":"Autor","Est. tempo de leitura":"2 minutos"},"schema":{"@context":"https:\/\/schema.org","@graph":[{"@type":"Article","@id":"https:\/\/fieam.org.br\/sesi\/sesi-encerra-ano-letivo-com-certificacao-de-32-tecnicos-em-desenvolvimento-de-sistemas\/#article","isPartOf":{"@id":"https:\/\/fieam.org.br\/sesi\/sesi-encerra-ano-letivo-com-certificacao-de-32-tecnicos-em-desenvolvimento-de-sistemas\/"},"author":{"name":"Autor","@id":"https:\/\/fieam.org.br\/sesi\/#\/schema\/person\/c1ceda8321521b291cee22da0a7d34be"},"headline":"SESI encerra ano letivo com certifica\u00e7\u00e3o de 32 t\u00e9cnicos em Desenvolvimento de Sistemas","datePublished":"2020-12-15T14:34:53+00:00","mainEntityOfPage":{"@id":"https:\/\/fieam.org.br\/sesi\/sesi-encerra-ano-letivo-com-certificacao-de-32-tecnicos-em-desenvolvimento-de-sistemas\/"},"wordCount":480,"publisher":{"@id":"https:\/\/fieam.org.br\/sesi\/#organization"},"image":{"@id":"https:\/\/fieam.org.br\/sesi\/sesi-encerra-ano-letivo-com-certificacao-de-32-tecnicos-em-desenvolvimento-de-sistemas\/#primaryimage"},"thumbnailUrl":"https:\/\/fieam.org.br\/sesi\/wp-content\/uploads\/sites\/14\/2020\/12\/Gerente-da-Escola-SESI-Dra.-Emina-Barbosa-Mustafa-Ana-Karina-Holanda-1-scaled-1.jpg","articleSection":["Banner Destaque","News","News Destaque"],"inLanguage":"pt-BR"},{"@type":"WebPage","@id":"https:\/\/fieam.org.br\/sesi\/sesi-encerra-ano-letivo-com-certificacao-de-32-tecnicos-em-desenvolvimento-de-sistemas\/","url":"https:\/\/fieam.org.br\/sesi\/sesi-encerra-ano-letivo-com-certificacao-de-32-tecnicos-em-desenvolvimento-de-sistemas\/","name":"SESI encerra ano letivo com certifica\u00e7\u00e3o de 32 t\u00e9cnicos em Desenvolvimento de Sistemas - SESI","isPartOf":{"@id":"https:\/\/fieam.org.br\/sesi\/#website"},"primaryImageOfPage":{"@id":"https:\/\/fieam.org.br\/sesi\/sesi-encerra-ano-letivo-com-certificacao-de-32-tecnicos-em-desenvolvimento-de-sistemas\/#primaryimage"},"image":{"@id":"https:\/\/fieam.org.br\/sesi\/sesi-encerra-ano-letivo-com-certificacao-de-32-tecnicos-em-desenvolvimento-de-sistemas\/#primaryimage"},"thumbnailUrl":"https:\/\/fieam.org.br\/sesi\/wp-content\/uploads\/sites\/14\/2020\/12\/Gerente-da-Escola-SESI-Dra.-Emina-Barbosa-Mustafa-Ana-Karina-Holanda-1-scaled-1.jpg","datePublished":"2020-12-15T14:34:53+00:00","breadcrumb":{"@id":"https:\/\/fieam.org.br\/sesi\/sesi-encerra-ano-letivo-com-certificacao-de-32-tecnicos-em-desenvolvimento-de-sistemas\/#breadcrumb"},"inLanguage":"pt-BR","potentialAction":[{"@type":"ReadAction","target":["https:\/\/fieam.org.br\/sesi\/sesi-encerra-ano-letivo-com-certificacao-de-32-tecnicos-em-desenvolvimento-de-sistemas\/"]}]},{"@type":"ImageObject","inLanguage":"pt-BR","@id":"https:\/\/fieam.org.br\/sesi\/sesi-encerra-ano-letivo-com-certificacao-de-32-tecnicos-em-desenvolvimento-de-sistemas\/#primaryimage","url":"https:\/\/fieam.org.br\/sesi\/wp-content\/uploads\/sites\/14\/2020\/12\/Gerente-da-Escola-SESI-Dra.-Emina-Barbosa-Mustafa-Ana-Karina-Holanda-1-scaled-1.jpg","contentUrl":"https:\/\/fieam.org.br\/sesi\/wp-content\/uploads\/sites\/14\/2020\/12\/Gerente-da-Escola-SESI-Dra.-Emina-Barbosa-Mustafa-Ana-Karina-Holanda-1-scaled-1.jpg","width":2560,"height":1751},{"@type":"BreadcrumbList","@id":"https:\/\/fieam.org.br\/sesi\/sesi-encerra-ano-letivo-com-certificacao-de-32-tecnicos-em-desenvolvimento-de-sistemas\/#breadcrumb","itemListElement":[{"@type":"ListItem","position":1,"name":"In\u00edcio","item":"https:\/\/fieam.org.br\/sesi\/"},{"@type":"ListItem","position":2,"name":"SESI encerra ano letivo com certifica\u00e7\u00e3o de 32 t\u00e9cnicos em Desenvolvimento de Sistemas"}]},{"@type":"WebSite","@id":"https:\/\/fieam.org.br\/sesi\/#website","url":"https:\/\/fieam.org.br\/sesi\/","name":"SESI","description":"Site Oficial!","publisher":{"@id":"https:\/\/fieam.org.br\/sesi\/#organization"},"potentialAction":[{"@type":"SearchAction","target":{"@type":"EntryPoint","urlTemplate":"https:\/\/fieam.org.br\/sesi\/?s={search_term_string}"},"query-input":{"@type":"PropertyValueSpecification","valueRequired":true,"valueName":"search_term_string"}}],"inLanguage":"pt-BR"},{"@type":"Organization","@id":"https:\/\/fieam.org.br\/sesi\/#organization","name":"SESI","url":"https:\/\/fieam.org.br\/sesi\/","logo":{"@type":"ImageObject","inLanguage":"pt-BR","@id":"https:\/\/fieam.org.br\/sesi\/#\/schema\/logo\/image\/","url":"https:\/\/fieam.org.br\/sesi\/wp-content\/uploads\/sites\/14\/2024\/03\/cropped-fav.png","contentUrl":"https:\/\/fieam.org.br\/sesi\/wp-content\/uploads\/sites\/14\/2024\/03\/cropped-fav.png","width":610,"height":589,"caption":"SESI"},"image":{"@id":"https:\/\/fieam.org.br\/sesi\/#\/schema\/logo\/image\/"}},{"@type":"Person","@id":"https:\/\/fieam.org.br\/sesi\/#\/schema\/person\/c1ceda8321521b291cee22da0a7d34be","name":"Autor","image":{"@type":"ImageObject","inLanguage":"pt-BR","@id":"https:\/\/fieam.org.br\/sesi\/#\/schema\/person\/image\/","url":"https:\/\/secure.gravatar.com\/avatar\/3732c223e0e1fad69062a8f770955c9068d37b055204f310a0be18d4069fe380?s=96&d=mm&r=g","contentUrl":"https:\/\/secure.gravatar.com\/avatar\/3732c223e0e1fad69062a8f770955c9068d37b055204f310a0be18d4069fe380?s=96&d=mm&r=g","caption":"Autor"},"sameAs":["https:\/\/marketingmassivo.com.br"],"url":"https:\/\/fieam.org.br\/sesi\/author\/admin\/"}]}},"_links":{"self":[{"href":"https:\/\/fieam.org.br\/sesi\/wp-json\/wp\/v2\/posts\/17030","targetHints":{"allow":["GET"]}}],"collection":[{"href":"https:\/\/fieam.org.br\/sesi\/wp-json\/wp\/v2\/posts"}],"about":[{"href":"https:\/\/fieam.org.br\/sesi\/wp-json\/wp\/v2\/types\/post"}],"author":[{"embeddable":true,"href":"https:\/\/fieam.org.br\/sesi\/wp-json\/wp\/v2\/users\/1"}],"replies":[{"embeddable":true,"href":"https:\/\/fieam.org.br\/sesi\/wp-json\/wp\/v2\/comments?post=17030"}],"version-history":[{"count":0,"href":"https:\/\/fieam.org.br\/sesi\/wp-json\/wp\/v2\/posts\/17030\/revisions"}],"wp:featuredmedia":[{"embeddable":true,"href":"https:\/\/fieam.org.br\/sesi\/wp-json\/wp\/v2\/media\/17025"}],"wp:attachment":[{"href":"https:\/\/fieam.org.br\/sesi\/wp-json\/wp\/v2\/media?parent=17030"}],"wp:term":[{"taxonomy":"category","embeddable":true,"href":"https:\/\/fieam.org.br\/sesi\/wp-json\/wp\/v2\/categories?post=17030"},{"taxonomy":"post_tag","embeddable":true,"href":"https:\/\/fieam.org.br\/sesi\/wp-json\/wp\/v2\/tags?post=17030"}],"curies":[{"name":"wp","href":"https:\/\/api.w.org\/{rel}","templated":true}]}}