{"id":16973,"date":"2020-11-04T12:51:14","date_gmt":"2020-11-04T16:51:14","guid":{"rendered":"http:\/\/www.fieam.org.br\/sesi\/?p=16973"},"modified":"2020-11-04T12:51:14","modified_gmt":"2020-11-04T16:51:14","slug":"escolas-sesi-iniciam-pre-matricula-online","status":"publish","type":"post","link":"https:\/\/fieam.org.br\/sesi\/escolas-sesi-iniciam-pre-matricula-online\/","title":{"rendered":"Escolas SESI iniciam pr\u00e9-matr\u00edcula online"},"content":{"rendered":"<p>Para garantir sua vaga nas Escolas SESI do Amazonas, os pais e respons\u00e1veis j\u00e1 podem realizar a pr\u00e9-matr\u00edcula online, sem precisar sair de casa, por meio do site <a href=\"https:\/\/escolasesiam.com.br\/\">escolasesiam.com.br<\/a> . Ap\u00f3s preencher o formul\u00e1rio, a equipe do SESI entrar\u00e1 em contato para finalizar a inten\u00e7\u00e3o de matr\u00edcula. A Rede SESI de Educa\u00e7\u00e3o oferece educa\u00e7\u00e3o infantil (creche e pr\u00e9-escola), ensino fundamental do 1\u00ba ao 9\u00ba ano, e o Novo Ensino M\u00e9dio Profissionalizante, do 1\u00ba ao 3\u00ba ano.<\/p>\n<p>Pelo site \u00e9 poss\u00edvel realizar n\u00e3o s\u00f3 a pr\u00e9-matr\u00edcula, mas conhecer a parte institucional, metodologia, diferenciais e estrutura das Escolas SESI da capital e do interior, al\u00e9m de saber mais sobre as plataformas utilizadas pelos alunos, professores, coordenadores e pais. O ambiente virtual de aprendizagem Plurall, por exemplo, j\u00e1 faz parte da rotina escolar e pode ser acessado por estudantes e professores a qualquer hora e em qualquer lugar, disponibilizando listas de exerc\u00edcios, v\u00eddeos, materiais did\u00e1ticos e tutores para tirar d\u00favidas.<\/p>\n<p><a href=\"http:\/\/www.fieam.org.br\/sesi\/wp-content\/uploads\/sites\/2\/2020\/11\/Escolas-SESI-do-Amazonas-iniciam-pre-matricula-online-scaled.jpg\"><img fetchpriority=\"high\" decoding=\"async\" class=\"wp-image-16974 alignleft\" src=\"http:\/\/www.fieam.org.br\/sesi\/wp-content\/uploads\/sites\/2\/2020\/11\/Escolas-SESI-do-Amazonas-iniciam-pre-matricula-online-scaled.jpg\" alt=\"\" width=\"451\" height=\"333\" \/><\/a><\/p>\n<p>A Microsoft tamb\u00e9m \u00e9 uma grande aliada no desenvolvimento dos alunos do SESI com o Minecraft for Education, jogo de mundo aberto que promove a criatividade, colabora\u00e7\u00e3o e resolu\u00e7\u00e3o de problemas em um ambiente imerso onde o \u00fanico limite \u00e9 a imagina\u00e7\u00e3o, sendo uma ferramenta de aprendizagem onde o professor pode trabalhar qualquer tem\u00e1tica.<\/p>\n<p>O ensino \u00e9 pautado pela Metodologia STEAM, que agrega conhecimentos nas \u00e1reas de Ci\u00eancias, Tecnologia, Engenharia, Artes e Matem\u00e1tica. \u00c9 uma metodologia integrada e baseada em projetos para formar pessoas com diversos conhecimentos, desenvolver valores, juntamente com os conte\u00fados abordados e preparar alunos e cidad\u00e3os para os desafios do futuro incluindo a educa\u00e7\u00e3o tecnol\u00f3gica na grade curricular, sendo o SESI o operador oficial do Torneio de Rob\u00f3tica First Lego League (FLL).<\/p>\n<p>Para o Novo Ensino M\u00e9dio Profissionalizante do SESI, que conta com a forma\u00e7\u00e3o t\u00e9cnica pelo Servi\u00e7o Nacional de Aprendizagem Industrial (SENAI), os alunos podem escolher, entre os cursos, t\u00e9cnicos em eletroeletr\u00f4nica, mec\u00e2nica e redes de computadores. Com auxilio da plataforma Geekie, os estudantes se preparam para os vestibulares com conte\u00fados digitais atualizados, plano de estudo personalizado, recursos digitais de fixa\u00e7\u00e3o e revis\u00e3o, incluindo realiza\u00e7\u00e3o de simulados.<\/p>\n<p><strong>Conhe\u00e7a as escolas da Rede SESI:<\/strong><\/p>\n<p><strong>Em Manaus:<\/strong><\/p>\n<p><strong>Escola SESI Dr. Francisco Garcia<\/strong><\/p>\n<p>Localizada na Av. Governador Danilo Areosa, 1531, no Distrito IndustriaI. Oferece turmas em tempo integral e parcial para educa\u00e7\u00e3o infantil: creche e ber\u00e7\u00e1rio (a partir de 4 meses), creche maternal (1 a 3 anos); pr\u00e9-escola (1\u00ba e 2\u00ba per\u00edodos \u2013 4 e 5 anos) e ensino fundamental I (1\u00ba ao 5\u00ba ano).<\/p>\n<p>Contato Whatsapp: (92) 98499-1074.<\/p>\n<p>E-mail: escolasesi.distrito@sesiam.org.br<\/p>\n<p><strong>\u00a0<\/strong><\/p>\n<p><strong>Escola SESI Dra. Emina Barbosa Mustafa<\/strong><\/p>\n<p>Localizada na Alameda Cosme Ferreira, 3295, Aleixo, atende com ensino fundamental I e II (1\u00ba ao 9\u00ba ano), ensino m\u00e9dio profissionalizante (1\u00ba ao 3\u00ba ano) e Educa\u00e7\u00e3o de Jovens e Adultos (EJA).<\/p>\n<p>Contato Whatsapp: (92) 98499-1484\/ 98499-1559.<\/p>\n<p>E-mail: escolasesi.aleixo@sesiam.org.br<\/p>\n<p>&nbsp;<\/p>\n<p><strong>Em Iranduba:<\/strong><\/p>\n<p><strong>Escola SESI David N\u00f3voa Alvarez<\/strong><\/p>\n<p>Localizada na Rodovia Manoel Urbano, km 0, s\/n, em Iranduba (AM). Oferece ensino fundamental I (1\u00ba ao 5\u00ba ano).<\/p>\n<p>Contato Whatsapp: (92) 98499-6235.<\/p>\n<p>E-mail: escolasesi.iranduba@sesiam.org.br<\/p>\n<p><strong>\u00a0<\/strong><\/p>\n<p><strong>Em Itacoatiara:<\/strong><\/p>\n<p><strong>Escola SESI Abrah\u00e3o Sabb\u00e1<\/strong><\/p>\n<p>Localizada na Rua Nossa Senhora do Ros\u00e1rio, 3840 &#8211; Jauary II, Itacoatiara (AM). Atende em ensino fundamental I e II (1\u00ba ao 9\u00ba ano).<\/p>\n<p>Contato Whatsapp: (92) 98499-5898.<\/p>\n<p>E-mail: escolasesi.itacoatiara@sesiam.org.br<\/p>\n<p>&nbsp;<\/p>\n<p><strong>Em Parintins:<\/strong><\/p>\n<p><strong>Escola SESI Padre Francisco Luppino<\/strong><\/p>\n<p>Localizada na Rodovia Odovaldo Ferreira Novo, s\/n, Djard Vieira, em Parintins (AM). Oferece ensino fundamental I e II (1\u00ba ao 9\u00ba ano).<\/p>\n<p>Contato Whatsapp: (92) 98405-6693<\/p>\n<p>E-mail: escolasesi.parintins@sesiam.org.br<\/p>\n","protected":false},"excerpt":{"rendered":"<p>Para garantir sua vaga nas Escolas SESI do Amazonas, os pais e respons\u00e1veis j\u00e1 podem realizar a pr\u00e9-matr\u00edcula online, sem precisar sair de casa, por meio do site escolasesiam.com.br . Ap\u00f3s preencher o formul\u00e1rio, a equipe do SESI entrar\u00e1 em contato para finalizar a inten\u00e7\u00e3o de matr\u00edcula. A Rede SESI de Educa\u00e7\u00e3o oferece educa\u00e7\u00e3o infantil [&hellip;]<\/p>\n","protected":false},"author":1,"featured_media":16974,"comment_status":"closed","ping_status":"open","sticky":false,"template":"","format":"standard","meta":{"footnotes":""},"categories":[20,25,26],"tags":[],"class_list":["post-16973","post","type-post","status-publish","format-standard","has-post-thumbnail","hentry","category-banner-destaque","category-news","category-news-destaque"],"yoast_head":"<!-- This site is optimized with the Yoast SEO plugin v26.8 - https:\/\/yoast.com\/product\/yoast-seo-wordpress\/ -->\n<title>Escolas SESI iniciam pr\u00e9-matr\u00edcula online - SESI<\/title>\n<meta name=\"robots\" content=\"index, follow, max-snippet:-1, max-image-preview:large, max-video-preview:-1\" \/>\n<link rel=\"canonical\" href=\"https:\/\/fieam.org.br\/sesi\/escolas-sesi-iniciam-pre-matricula-online\/\" \/>\n<meta property=\"og:locale\" content=\"pt_BR\" \/>\n<meta property=\"og:type\" content=\"article\" \/>\n<meta property=\"og:title\" content=\"Escolas SESI iniciam pr\u00e9-matr\u00edcula online - SESI\" \/>\n<meta property=\"og:description\" content=\"Para garantir sua vaga nas Escolas SESI do Amazonas, os pais e respons\u00e1veis j\u00e1 podem realizar a pr\u00e9-matr\u00edcula online, sem precisar sair de casa, por meio do site escolasesiam.com.br . Ap\u00f3s preencher o formul\u00e1rio, a equipe do SESI entrar\u00e1 em contato para finalizar a inten\u00e7\u00e3o de matr\u00edcula. A Rede SESI de Educa\u00e7\u00e3o oferece educa\u00e7\u00e3o infantil [&hellip;]\" \/>\n<meta property=\"og:url\" content=\"https:\/\/fieam.org.br\/sesi\/escolas-sesi-iniciam-pre-matricula-online\/\" \/>\n<meta property=\"og:site_name\" content=\"SESI\" \/>\n<meta property=\"article:published_time\" content=\"2020-11-04T16:51:14+00:00\" \/>\n<meta property=\"og:image\" content=\"https:\/\/fieam.org.br\/sesi\/wp-content\/uploads\/sites\/14\/2020\/11\/Escolas-SESI-do-Amazonas-iniciam-pre-matricula-online-scaled-1.jpg\" \/>\n\t<meta property=\"og:image:width\" content=\"2560\" \/>\n\t<meta property=\"og:image:height\" content=\"1890\" \/>\n\t<meta property=\"og:image:type\" content=\"image\/jpeg\" \/>\n<meta name=\"author\" content=\"Autor\" \/>\n<meta name=\"twitter:card\" content=\"summary_large_image\" \/>\n<meta name=\"twitter:label1\" content=\"Escrito por\" \/>\n\t<meta name=\"twitter:data1\" content=\"Autor\" \/>\n\t<meta name=\"twitter:label2\" content=\"Est. tempo de leitura\" \/>\n\t<meta name=\"twitter:data2\" content=\"3 minutos\" \/>\n<script type=\"application\/ld+json\" class=\"yoast-schema-graph\">{\"@context\":\"https:\/\/schema.org\",\"@graph\":[{\"@type\":\"Article\",\"@id\":\"https:\/\/fieam.org.br\/sesi\/escolas-sesi-iniciam-pre-matricula-online\/#article\",\"isPartOf\":{\"@id\":\"https:\/\/fieam.org.br\/sesi\/escolas-sesi-iniciam-pre-matricula-online\/\"},\"author\":{\"name\":\"Autor\",\"@id\":\"https:\/\/fieam.org.br\/sesi\/#\/schema\/person\/c1ceda8321521b291cee22da0a7d34be\"},\"headline\":\"Escolas SESI iniciam pr\u00e9-matr\u00edcula online\",\"datePublished\":\"2020-11-04T16:51:14+00:00\",\"mainEntityOfPage\":{\"@id\":\"https:\/\/fieam.org.br\/sesi\/escolas-sesi-iniciam-pre-matricula-online\/\"},\"wordCount\":614,\"publisher\":{\"@id\":\"https:\/\/fieam.org.br\/sesi\/#organization\"},\"image\":{\"@id\":\"https:\/\/fieam.org.br\/sesi\/escolas-sesi-iniciam-pre-matricula-online\/#primaryimage\"},\"thumbnailUrl\":\"https:\/\/fieam.org.br\/sesi\/wp-content\/uploads\/sites\/14\/2020\/11\/Escolas-SESI-do-Amazonas-iniciam-pre-matricula-online-scaled-1.jpg\",\"articleSection\":[\"Banner Destaque\",\"News\",\"News Destaque\"],\"inLanguage\":\"pt-BR\"},{\"@type\":\"WebPage\",\"@id\":\"https:\/\/fieam.org.br\/sesi\/escolas-sesi-iniciam-pre-matricula-online\/\",\"url\":\"https:\/\/fieam.org.br\/sesi\/escolas-sesi-iniciam-pre-matricula-online\/\",\"name\":\"Escolas SESI iniciam pr\u00e9-matr\u00edcula online - SESI\",\"isPartOf\":{\"@id\":\"https:\/\/fieam.org.br\/sesi\/#website\"},\"primaryImageOfPage\":{\"@id\":\"https:\/\/fieam.org.br\/sesi\/escolas-sesi-iniciam-pre-matricula-online\/#primaryimage\"},\"image\":{\"@id\":\"https:\/\/fieam.org.br\/sesi\/escolas-sesi-iniciam-pre-matricula-online\/#primaryimage\"},\"thumbnailUrl\":\"https:\/\/fieam.org.br\/sesi\/wp-content\/uploads\/sites\/14\/2020\/11\/Escolas-SESI-do-Amazonas-iniciam-pre-matricula-online-scaled-1.jpg\",\"datePublished\":\"2020-11-04T16:51:14+00:00\",\"breadcrumb\":{\"@id\":\"https:\/\/fieam.org.br\/sesi\/escolas-sesi-iniciam-pre-matricula-online\/#breadcrumb\"},\"inLanguage\":\"pt-BR\",\"potentialAction\":[{\"@type\":\"ReadAction\",\"target\":[\"https:\/\/fieam.org.br\/sesi\/escolas-sesi-iniciam-pre-matricula-online\/\"]}]},{\"@type\":\"ImageObject\",\"inLanguage\":\"pt-BR\",\"@id\":\"https:\/\/fieam.org.br\/sesi\/escolas-sesi-iniciam-pre-matricula-online\/#primaryimage\",\"url\":\"https:\/\/fieam.org.br\/sesi\/wp-content\/uploads\/sites\/14\/2020\/11\/Escolas-SESI-do-Amazonas-iniciam-pre-matricula-online-scaled-1.jpg\",\"contentUrl\":\"https:\/\/fieam.org.br\/sesi\/wp-content\/uploads\/sites\/14\/2020\/11\/Escolas-SESI-do-Amazonas-iniciam-pre-matricula-online-scaled-1.jpg\",\"width\":2560,\"height\":1890},{\"@type\":\"BreadcrumbList\",\"@id\":\"https:\/\/fieam.org.br\/sesi\/escolas-sesi-iniciam-pre-matricula-online\/#breadcrumb\",\"itemListElement\":[{\"@type\":\"ListItem\",\"position\":1,\"name\":\"In\u00edcio\",\"item\":\"https:\/\/fieam.org.br\/sesi\/\"},{\"@type\":\"ListItem\",\"position\":2,\"name\":\"Escolas SESI iniciam pr\u00e9-matr\u00edcula online\"}]},{\"@type\":\"WebSite\",\"@id\":\"https:\/\/fieam.org.br\/sesi\/#website\",\"url\":\"https:\/\/fieam.org.br\/sesi\/\",\"name\":\"SESI\",\"description\":\"Site Oficial!\",\"publisher\":{\"@id\":\"https:\/\/fieam.org.br\/sesi\/#organization\"},\"potentialAction\":[{\"@type\":\"SearchAction\",\"target\":{\"@type\":\"EntryPoint\",\"urlTemplate\":\"https:\/\/fieam.org.br\/sesi\/?s={search_term_string}\"},\"query-input\":{\"@type\":\"PropertyValueSpecification\",\"valueRequired\":true,\"valueName\":\"search_term_string\"}}],\"inLanguage\":\"pt-BR\"},{\"@type\":\"Organization\",\"@id\":\"https:\/\/fieam.org.br\/sesi\/#organization\",\"name\":\"SESI\",\"url\":\"https:\/\/fieam.org.br\/sesi\/\",\"logo\":{\"@type\":\"ImageObject\",\"inLanguage\":\"pt-BR\",\"@id\":\"https:\/\/fieam.org.br\/sesi\/#\/schema\/logo\/image\/\",\"url\":\"https:\/\/fieam.org.br\/sesi\/wp-content\/uploads\/sites\/14\/2024\/03\/cropped-fav.png\",\"contentUrl\":\"https:\/\/fieam.org.br\/sesi\/wp-content\/uploads\/sites\/14\/2024\/03\/cropped-fav.png\",\"width\":610,\"height\":589,\"caption\":\"SESI\"},\"image\":{\"@id\":\"https:\/\/fieam.org.br\/sesi\/#\/schema\/logo\/image\/\"}},{\"@type\":\"Person\",\"@id\":\"https:\/\/fieam.org.br\/sesi\/#\/schema\/person\/c1ceda8321521b291cee22da0a7d34be\",\"name\":\"Autor\",\"image\":{\"@type\":\"ImageObject\",\"inLanguage\":\"pt-BR\",\"@id\":\"https:\/\/fieam.org.br\/sesi\/#\/schema\/person\/image\/\",\"url\":\"https:\/\/secure.gravatar.com\/avatar\/3732c223e0e1fad69062a8f770955c9068d37b055204f310a0be18d4069fe380?s=96&d=mm&r=g\",\"contentUrl\":\"https:\/\/secure.gravatar.com\/avatar\/3732c223e0e1fad69062a8f770955c9068d37b055204f310a0be18d4069fe380?s=96&d=mm&r=g\",\"caption\":\"Autor\"},\"sameAs\":[\"https:\/\/marketingmassivo.com.br\"],\"url\":\"https:\/\/fieam.org.br\/sesi\/author\/admin\/\"}]}<\/script>\n<!-- \/ Yoast SEO plugin. -->","yoast_head_json":{"title":"Escolas SESI iniciam pr\u00e9-matr\u00edcula online - SESI","robots":{"index":"index","follow":"follow","max-snippet":"max-snippet:-1","max-image-preview":"max-image-preview:large","max-video-preview":"max-video-preview:-1"},"canonical":"https:\/\/fieam.org.br\/sesi\/escolas-sesi-iniciam-pre-matricula-online\/","og_locale":"pt_BR","og_type":"article","og_title":"Escolas SESI iniciam pr\u00e9-matr\u00edcula online - SESI","og_description":"Para garantir sua vaga nas Escolas SESI do Amazonas, os pais e respons\u00e1veis j\u00e1 podem realizar a pr\u00e9-matr\u00edcula online, sem precisar sair de casa, por meio do site escolasesiam.com.br . Ap\u00f3s preencher o formul\u00e1rio, a equipe do SESI entrar\u00e1 em contato para finalizar a inten\u00e7\u00e3o de matr\u00edcula. A Rede SESI de Educa\u00e7\u00e3o oferece educa\u00e7\u00e3o infantil [&hellip;]","og_url":"https:\/\/fieam.org.br\/sesi\/escolas-sesi-iniciam-pre-matricula-online\/","og_site_name":"SESI","article_published_time":"2020-11-04T16:51:14+00:00","og_image":[{"width":2560,"height":1890,"url":"https:\/\/fieam.org.br\/sesi\/wp-content\/uploads\/sites\/14\/2020\/11\/Escolas-SESI-do-Amazonas-iniciam-pre-matricula-online-scaled-1.jpg","type":"image\/jpeg"}],"author":"Autor","twitter_card":"summary_large_image","twitter_misc":{"Escrito por":"Autor","Est. tempo de leitura":"3 minutos"},"schema":{"@context":"https:\/\/schema.org","@graph":[{"@type":"Article","@id":"https:\/\/fieam.org.br\/sesi\/escolas-sesi-iniciam-pre-matricula-online\/#article","isPartOf":{"@id":"https:\/\/fieam.org.br\/sesi\/escolas-sesi-iniciam-pre-matricula-online\/"},"author":{"name":"Autor","@id":"https:\/\/fieam.org.br\/sesi\/#\/schema\/person\/c1ceda8321521b291cee22da0a7d34be"},"headline":"Escolas SESI iniciam pr\u00e9-matr\u00edcula online","datePublished":"2020-11-04T16:51:14+00:00","mainEntityOfPage":{"@id":"https:\/\/fieam.org.br\/sesi\/escolas-sesi-iniciam-pre-matricula-online\/"},"wordCount":614,"publisher":{"@id":"https:\/\/fieam.org.br\/sesi\/#organization"},"image":{"@id":"https:\/\/fieam.org.br\/sesi\/escolas-sesi-iniciam-pre-matricula-online\/#primaryimage"},"thumbnailUrl":"https:\/\/fieam.org.br\/sesi\/wp-content\/uploads\/sites\/14\/2020\/11\/Escolas-SESI-do-Amazonas-iniciam-pre-matricula-online-scaled-1.jpg","articleSection":["Banner Destaque","News","News Destaque"],"inLanguage":"pt-BR"},{"@type":"WebPage","@id":"https:\/\/fieam.org.br\/sesi\/escolas-sesi-iniciam-pre-matricula-online\/","url":"https:\/\/fieam.org.br\/sesi\/escolas-sesi-iniciam-pre-matricula-online\/","name":"Escolas SESI iniciam pr\u00e9-matr\u00edcula online - SESI","isPartOf":{"@id":"https:\/\/fieam.org.br\/sesi\/#website"},"primaryImageOfPage":{"@id":"https:\/\/fieam.org.br\/sesi\/escolas-sesi-iniciam-pre-matricula-online\/#primaryimage"},"image":{"@id":"https:\/\/fieam.org.br\/sesi\/escolas-sesi-iniciam-pre-matricula-online\/#primaryimage"},"thumbnailUrl":"https:\/\/fieam.org.br\/sesi\/wp-content\/uploads\/sites\/14\/2020\/11\/Escolas-SESI-do-Amazonas-iniciam-pre-matricula-online-scaled-1.jpg","datePublished":"2020-11-04T16:51:14+00:00","breadcrumb":{"@id":"https:\/\/fieam.org.br\/sesi\/escolas-sesi-iniciam-pre-matricula-online\/#breadcrumb"},"inLanguage":"pt-BR","potentialAction":[{"@type":"ReadAction","target":["https:\/\/fieam.org.br\/sesi\/escolas-sesi-iniciam-pre-matricula-online\/"]}]},{"@type":"ImageObject","inLanguage":"pt-BR","@id":"https:\/\/fieam.org.br\/sesi\/escolas-sesi-iniciam-pre-matricula-online\/#primaryimage","url":"https:\/\/fieam.org.br\/sesi\/wp-content\/uploads\/sites\/14\/2020\/11\/Escolas-SESI-do-Amazonas-iniciam-pre-matricula-online-scaled-1.jpg","contentUrl":"https:\/\/fieam.org.br\/sesi\/wp-content\/uploads\/sites\/14\/2020\/11\/Escolas-SESI-do-Amazonas-iniciam-pre-matricula-online-scaled-1.jpg","width":2560,"height":1890},{"@type":"BreadcrumbList","@id":"https:\/\/fieam.org.br\/sesi\/escolas-sesi-iniciam-pre-matricula-online\/#breadcrumb","itemListElement":[{"@type":"ListItem","position":1,"name":"In\u00edcio","item":"https:\/\/fieam.org.br\/sesi\/"},{"@type":"ListItem","position":2,"name":"Escolas SESI iniciam pr\u00e9-matr\u00edcula online"}]},{"@type":"WebSite","@id":"https:\/\/fieam.org.br\/sesi\/#website","url":"https:\/\/fieam.org.br\/sesi\/","name":"SESI","description":"Site Oficial!","publisher":{"@id":"https:\/\/fieam.org.br\/sesi\/#organization"},"potentialAction":[{"@type":"SearchAction","target":{"@type":"EntryPoint","urlTemplate":"https:\/\/fieam.org.br\/sesi\/?s={search_term_string}"},"query-input":{"@type":"PropertyValueSpecification","valueRequired":true,"valueName":"search_term_string"}}],"inLanguage":"pt-BR"},{"@type":"Organization","@id":"https:\/\/fieam.org.br\/sesi\/#organization","name":"SESI","url":"https:\/\/fieam.org.br\/sesi\/","logo":{"@type":"ImageObject","inLanguage":"pt-BR","@id":"https:\/\/fieam.org.br\/sesi\/#\/schema\/logo\/image\/","url":"https:\/\/fieam.org.br\/sesi\/wp-content\/uploads\/sites\/14\/2024\/03\/cropped-fav.png","contentUrl":"https:\/\/fieam.org.br\/sesi\/wp-content\/uploads\/sites\/14\/2024\/03\/cropped-fav.png","width":610,"height":589,"caption":"SESI"},"image":{"@id":"https:\/\/fieam.org.br\/sesi\/#\/schema\/logo\/image\/"}},{"@type":"Person","@id":"https:\/\/fieam.org.br\/sesi\/#\/schema\/person\/c1ceda8321521b291cee22da0a7d34be","name":"Autor","image":{"@type":"ImageObject","inLanguage":"pt-BR","@id":"https:\/\/fieam.org.br\/sesi\/#\/schema\/person\/image\/","url":"https:\/\/secure.gravatar.com\/avatar\/3732c223e0e1fad69062a8f770955c9068d37b055204f310a0be18d4069fe380?s=96&d=mm&r=g","contentUrl":"https:\/\/secure.gravatar.com\/avatar\/3732c223e0e1fad69062a8f770955c9068d37b055204f310a0be18d4069fe380?s=96&d=mm&r=g","caption":"Autor"},"sameAs":["https:\/\/marketingmassivo.com.br"],"url":"https:\/\/fieam.org.br\/sesi\/author\/admin\/"}]}},"_links":{"self":[{"href":"https:\/\/fieam.org.br\/sesi\/wp-json\/wp\/v2\/posts\/16973","targetHints":{"allow":["GET"]}}],"collection":[{"href":"https:\/\/fieam.org.br\/sesi\/wp-json\/wp\/v2\/posts"}],"about":[{"href":"https:\/\/fieam.org.br\/sesi\/wp-json\/wp\/v2\/types\/post"}],"author":[{"embeddable":true,"href":"https:\/\/fieam.org.br\/sesi\/wp-json\/wp\/v2\/users\/1"}],"replies":[{"embeddable":true,"href":"https:\/\/fieam.org.br\/sesi\/wp-json\/wp\/v2\/comments?post=16973"}],"version-history":[{"count":0,"href":"https:\/\/fieam.org.br\/sesi\/wp-json\/wp\/v2\/posts\/16973\/revisions"}],"wp:featuredmedia":[{"embeddable":true,"href":"https:\/\/fieam.org.br\/sesi\/wp-json\/wp\/v2\/media\/16974"}],"wp:attachment":[{"href":"https:\/\/fieam.org.br\/sesi\/wp-json\/wp\/v2\/media?parent=16973"}],"wp:term":[{"taxonomy":"category","embeddable":true,"href":"https:\/\/fieam.org.br\/sesi\/wp-json\/wp\/v2\/categories?post=16973"},{"taxonomy":"post_tag","embeddable":true,"href":"https:\/\/fieam.org.br\/sesi\/wp-json\/wp\/v2\/tags?post=16973"}],"curies":[{"name":"wp","href":"https:\/\/api.w.org\/{rel}","templated":true}]}}