{"id":16927,"date":"2020-10-19T08:48:19","date_gmt":"2020-10-19T12:48:19","guid":{"rendered":"http:\/\/www.fieam.org.br\/sesi\/?p=16927"},"modified":"2020-10-19T08:48:19","modified_gmt":"2020-10-19T12:48:19","slug":"sesi-realiza-drive-in-literario-com-obras-de-monteiro-lobato-e-ziraldo","status":"publish","type":"post","link":"https:\/\/fieam.org.br\/sesi\/sesi-realiza-drive-in-literario-com-obras-de-monteiro-lobato-e-ziraldo\/","title":{"rendered":"SESI realiza Drive-in Liter\u00e1rio com obras de Monteiro Lobato e Ziraldo"},"content":{"rendered":"<p>Os cl\u00e1ssicos da literatura infantil brasileira, com as obras do escritor Monteiro Lobato, a exemplo do S\u00edtio do Pica-Pau Amarelo e seus personagens, e as hist\u00f3rias e inven\u00e7\u00f5es do famoso personagem de quadrinhos infantis \u201cMenino Maluquinho\u201d, criado pelo cartunista Ziraldo Pinto, est\u00e3o chegando at\u00e9 por drive-in aos alunos das escolas SESI do Amazonas. A colet\u00e2nea est\u00e1 sendo entregue neste m\u00eas tanto aos alunos que permanecem com aulas remotas em casa, como aos que est\u00e3o presencialmente nas aulas nas unidades do SESI.<\/p>\n<p><a href=\"https:\/\/marketingmassivo.com.br\/sesi\/wp-content\/uploads\/sites\/12\/2020\/10\/WhatsApp-Image-2020-10-16-at-19.34.03-1.jpeg\"><img fetchpriority=\"high\" decoding=\"async\" class=\"wp-image-16930 alignright\" src=\"https:\/\/marketingmassivo.com.br\/sesi\/wp-content\/uploads\/sites\/12\/2020\/10\/WhatsApp-Image-2020-10-16-at-19.34.03-1.jpeg\" alt=\"\" width=\"385\" height=\"289\" srcset=\"https:\/\/fieam.org.br\/sesi\/wp-content\/uploads\/sites\/14\/2020\/10\/WhatsApp-Image-2020-10-16-at-19.34.03-1.jpeg 1024w, https:\/\/fieam.org.br\/sesi\/wp-content\/uploads\/sites\/14\/2020\/10\/WhatsApp-Image-2020-10-16-at-19.34.03-1-300x225.jpeg 300w, https:\/\/fieam.org.br\/sesi\/wp-content\/uploads\/sites\/14\/2020\/10\/WhatsApp-Image-2020-10-16-at-19.34.03-1-768x576.jpeg 768w\" sizes=\"(max-width: 385px) 100vw, 385px\" \/><\/a><\/p>\n<p><a href=\"https:\/\/marketingmassivo.com.br\/sesi\/wp-content\/uploads\/sites\/12\/2020\/10\/WhatsApp-Image-2020-10-13-at-10.39.12.jpeg\"><img decoding=\"async\" class=\"wp-image-16931 alignleft\" src=\"https:\/\/marketingmassivo.com.br\/sesi\/wp-content\/uploads\/sites\/12\/2020\/10\/WhatsApp-Image-2020-10-13-at-10.39.12.jpeg\" alt=\"\" width=\"405\" height=\"304\" srcset=\"https:\/\/fieam.org.br\/sesi\/wp-content\/uploads\/sites\/14\/2020\/10\/WhatsApp-Image-2020-10-13-at-10.39.12.jpeg 1152w, https:\/\/fieam.org.br\/sesi\/wp-content\/uploads\/sites\/14\/2020\/10\/WhatsApp-Image-2020-10-13-at-10.39.12-300x225.jpeg 300w, https:\/\/fieam.org.br\/sesi\/wp-content\/uploads\/sites\/14\/2020\/10\/WhatsApp-Image-2020-10-13-at-10.39.12-1024x768.jpeg 1024w, https:\/\/fieam.org.br\/sesi\/wp-content\/uploads\/sites\/14\/2020\/10\/WhatsApp-Image-2020-10-13-at-10.39.12-768x576.jpeg 768w\" sizes=\"(max-width: 405px) 100vw, 405px\" \/><\/a>Cada aluno recebe uma maleta, enviada pelo SESI Nacional, com oito livros que re\u00fanem obras dos dois autores brasileiros. Para realizar a entrega, cada escola montou programa\u00e7\u00e3o diferenciada, de acordo com a realidade das aulas. Em Parintins, por exemplo, a Escola SESI Padre Francisco Luppino, em espera pela libera\u00e7\u00e3o da prefeitura para o retorno das aulas presenciais, realizou as entregas por meio de drive-in, seguindo as recomenda\u00e7\u00f5es e os protocolos de seguran\u00e7a.<\/p>\n<p>\u201cMontamos uma estrutura bem l\u00fadica para que os 246 alunos, ao entrarem no p\u00e1tio da escola, com seus pais em ve\u00edculos, consigam mesmo sem sair do carro\/ moto, se divertir e entrar no clima dos livros com os professores caracterizados e toda uma estrutura para chamar aten\u00e7\u00e3o desse aluno\u201d, contou a coordenadora da Escola SESI Parintins, Geisiane Campos.<\/p>\n<p>Em Itacoatiara, na Escola SESI Abrah\u00e3o Sabb\u00e1, a entrega ser\u00e1 feita tamb\u00e9m de forma remota para os alunos que permanecem com o ensino a dist\u00e2ncia. Os professores criaram todo um roteiro, utilizando mapas enviados previamente para os alunos e respons\u00e1veis, para que seja agu\u00e7ada a curiosidade pelos livros e suas hist\u00f3rias, desde o trajeto at\u00e9 a din\u00e2mica de entrega nas escolas. De acordo com a bibliotec\u00e1ria da Escola SESI Itacoatiara, Andrielle Marques, \u00e9 preciso chamar aten\u00e7\u00e3o para que esse aluno leve o conte\u00fado para casa e se interesse pela leitura.<\/p>\n<p><a href=\"https:\/\/marketingmassivo.com.br\/sesi\/wp-content\/uploads\/sites\/12\/2020\/10\/WhatsApp-Image-2020-10-07-at-10.27.16-2.jpeg\"><img decoding=\"async\" class=\"wp-image-16942 alignright\" src=\"https:\/\/marketingmassivo.com.br\/sesi\/wp-content\/uploads\/sites\/12\/2020\/10\/WhatsApp-Image-2020-10-07-at-10.27.16-2.jpeg\" alt=\"\" width=\"382\" height=\"286\" srcset=\"https:\/\/fieam.org.br\/sesi\/wp-content\/uploads\/sites\/14\/2020\/10\/WhatsApp-Image-2020-10-07-at-10.27.16-2.jpeg 1280w, https:\/\/fieam.org.br\/sesi\/wp-content\/uploads\/sites\/14\/2020\/10\/WhatsApp-Image-2020-10-07-at-10.27.16-2-300x225.jpeg 300w, https:\/\/fieam.org.br\/sesi\/wp-content\/uploads\/sites\/14\/2020\/10\/WhatsApp-Image-2020-10-07-at-10.27.16-2-1024x768.jpeg 1024w, https:\/\/fieam.org.br\/sesi\/wp-content\/uploads\/sites\/14\/2020\/10\/WhatsApp-Image-2020-10-07-at-10.27.16-2-768x576.jpeg 768w\" sizes=\"(max-width: 382px) 100vw, 382px\" \/><\/a><a href=\"https:\/\/marketingmassivo.com.br\/sesi\/wp-content\/uploads\/sites\/12\/2020\/10\/Escolas-SESI-Dra.-Emina-Barbosa-Mustafa-tem-programacao-literaria-em-aulas-presenciais.jpeg\"><img loading=\"lazy\" decoding=\"async\" class=\"wp-image-16938 alignleft\" src=\"https:\/\/marketingmassivo.com.br\/sesi\/wp-content\/uploads\/sites\/12\/2020\/10\/Escolas-SESI-Dra.-Emina-Barbosa-Mustafa-tem-programacao-literaria-em-aulas-presenciais.jpeg\" alt=\"\" width=\"378\" height=\"284\" srcset=\"https:\/\/fieam.org.br\/sesi\/wp-content\/uploads\/sites\/14\/2020\/10\/Escolas-SESI-Dra.-Emina-Barbosa-Mustafa-tem-programacao-literaria-em-aulas-presenciais.jpeg 1280w, https:\/\/fieam.org.br\/sesi\/wp-content\/uploads\/sites\/14\/2020\/10\/Escolas-SESI-Dra.-Emina-Barbosa-Mustafa-tem-programacao-literaria-em-aulas-presenciais-300x225.jpeg 300w, https:\/\/fieam.org.br\/sesi\/wp-content\/uploads\/sites\/14\/2020\/10\/Escolas-SESI-Dra.-Emina-Barbosa-Mustafa-tem-programacao-literaria-em-aulas-presenciais-1024x768.jpeg 1024w, https:\/\/fieam.org.br\/sesi\/wp-content\/uploads\/sites\/14\/2020\/10\/Escolas-SESI-Dra.-Emina-Barbosa-Mustafa-tem-programacao-literaria-em-aulas-presenciais-768x576.jpeg 768w\" sizes=\"(max-width: 378px) 100vw, 378px\" \/><\/a><\/p>\n<p>\u201cA leitura \u00e9 um tesouro que precisa ser incentivado. Cada faixa et\u00e1ria ir\u00e1 receber colet\u00e2neas de acordo com o seu n\u00edvel de leitura, sendo os anos iniciais livros mais curtos e hist\u00f3rias mais fant\u00e1stico, como dos personagens do S\u00edtio do Pica Pau Amarelo, e os alunos mais velhos contam com muita literatura nos livros mais densos do Monteiro Lobato e os cl\u00e1ssicos do Ziraldo, como o \u2018Menino Maluquinho\u2019\u201d, explicou Marques.<\/p>\n<p>O SESI Amazonas vai distribuir 1.900 kits para os alunos da capital e do interior. Professores tamb\u00e9m utilizar\u00e3o as obras em sala de aula. Com fantasias e conta\u00e7\u00e3o de hist\u00f3rias, os professores j\u00e1 desenvolveram oficinas de literatura em quadrinhos e debate, por meio de videoconfer\u00eancia com convidados, sobre o processo de cria\u00e7\u00e3o e produ\u00e7\u00e3o de roteiro, al\u00e9m de palestras sobre literatura amazonense, para os alunos do ensino m\u00e9dio, com o escritor manacapuruense Raimundo Nogueira e a artista pl\u00e1stica Odal\u00e9ia Rosely.<\/p>\n<p>\u201cTodas essas atividades tinham como culmin\u00e2ncia a entrega das maletas com os livros da forma mais din\u00e2mica poss\u00edvel para os alunos. Tudo era uma forma de chamar a aten\u00e7\u00e3o para conhecer a import\u00e2ncia dos cl\u00e1ssicos da literatura brasileira com os seus personagens, livros e autores, possibilitando futuramente a interdisciplinaridade do conte\u00fado dos livros com as atividades em sala de aula\u201d, explicou a pedagoga da Escola SESI Dra. Emina Barbosa Mustafa, Luana Freitas.<\/p>\n<p>Todas as Escolas SESI da capital e de Iranduba, Itacoatiara e Parintins receberam as maletas de forma presencial, para os alunos que j\u00e1 est\u00e3o com aulas no ensino h\u00edbrido, ou remoto, por meio do drive-in para os alunos que ainda permanecem com o ensino 100% \u00e0 dist\u00e2ncia. Para 2021, o SESI j\u00e1 iniciou o per\u00edodo de matr\u00edculas.<\/p>\n<p>Para mais informa\u00e7\u00f5es, \u00e9 s\u00f3 entrar em contato com as escolas e aproveitar desconto na 1\u00aa parcela da anuidade escolar para o pr\u00f3ximo ano, no valor da tabela de 2020.<\/p>\n<p><a href=\"https:\/\/marketingmassivo.com.br\/sesi\/wp-content\/uploads\/sites\/12\/2020\/10\/Alunos-da-Escola-SESI-Dr.-Francisco-Garcia-com-suas-maletas-com-obras-de-Monteiro-Lobato-e-Ziraldo.jpeg\"><img loading=\"lazy\" decoding=\"async\" class=\"wp-image-16944 alignleft\" src=\"https:\/\/marketingmassivo.com.br\/sesi\/wp-content\/uploads\/sites\/12\/2020\/10\/Alunos-da-Escola-SESI-Dr.-Francisco-Garcia-com-suas-maletas-com-obras-de-Monteiro-Lobato-e-Ziraldo.jpeg\" alt=\"\" width=\"390\" height=\"292\" srcset=\"https:\/\/fieam.org.br\/sesi\/wp-content\/uploads\/sites\/14\/2020\/10\/Alunos-da-Escola-SESI-Dr.-Francisco-Garcia-com-suas-maletas-com-obras-de-Monteiro-Lobato-e-Ziraldo.jpeg 1032w, https:\/\/fieam.org.br\/sesi\/wp-content\/uploads\/sites\/14\/2020\/10\/Alunos-da-Escola-SESI-Dr.-Francisco-Garcia-com-suas-maletas-com-obras-de-Monteiro-Lobato-e-Ziraldo-300x225.jpeg 300w, https:\/\/fieam.org.br\/sesi\/wp-content\/uploads\/sites\/14\/2020\/10\/Alunos-da-Escola-SESI-Dr.-Francisco-Garcia-com-suas-maletas-com-obras-de-Monteiro-Lobato-e-Ziraldo-1024x768.jpeg 1024w, https:\/\/fieam.org.br\/sesi\/wp-content\/uploads\/sites\/14\/2020\/10\/Alunos-da-Escola-SESI-Dr.-Francisco-Garcia-com-suas-maletas-com-obras-de-Monteiro-Lobato-e-Ziraldo-768x576.jpeg 768w\" sizes=\"(max-width: 390px) 100vw, 390px\" \/><\/a><a href=\"https:\/\/marketingmassivo.com.br\/sesi\/wp-content\/uploads\/sites\/12\/2020\/10\/Escola-SESI-David-Novoa-Alvarez-realiza-projeto-literario-com-classicos-de-Monteiro-Lobato-e-Ziraldo.jpeg\"><img loading=\"lazy\" decoding=\"async\" class=\"wp-image-16939 alignright\" src=\"https:\/\/marketingmassivo.com.br\/sesi\/wp-content\/uploads\/sites\/12\/2020\/10\/Escola-SESI-David-Novoa-Alvarez-realiza-projeto-literario-com-classicos-de-Monteiro-Lobato-e-Ziraldo.jpeg\" alt=\"\" width=\"382\" height=\"287\" srcset=\"https:\/\/fieam.org.br\/sesi\/wp-content\/uploads\/sites\/14\/2020\/10\/Escola-SESI-David-Novoa-Alvarez-realiza-projeto-literario-com-classicos-de-Monteiro-Lobato-e-Ziraldo.jpeg 1032w, https:\/\/fieam.org.br\/sesi\/wp-content\/uploads\/sites\/14\/2020\/10\/Escola-SESI-David-Novoa-Alvarez-realiza-projeto-literario-com-classicos-de-Monteiro-Lobato-e-Ziraldo-300x225.jpeg 300w, https:\/\/fieam.org.br\/sesi\/wp-content\/uploads\/sites\/14\/2020\/10\/Escola-SESI-David-Novoa-Alvarez-realiza-projeto-literario-com-classicos-de-Monteiro-Lobato-e-Ziraldo-1024x768.jpeg 1024w, https:\/\/fieam.org.br\/sesi\/wp-content\/uploads\/sites\/14\/2020\/10\/Escola-SESI-David-Novoa-Alvarez-realiza-projeto-literario-com-classicos-de-Monteiro-Lobato-e-Ziraldo-768x576.jpeg 768w\" sizes=\"(max-width: 382px) 100vw, 382px\" \/><\/a><\/p>\n","protected":false},"excerpt":{"rendered":"<p>Os cl\u00e1ssicos da literatura infantil brasileira, com as obras do escritor Monteiro Lobato, a exemplo do S\u00edtio do Pica-Pau Amarelo e seus personagens, e as hist\u00f3rias e inven\u00e7\u00f5es do famoso personagem de quadrinhos infantis \u201cMenino Maluquinho\u201d, criado pelo cartunista Ziraldo Pinto, est\u00e3o chegando at\u00e9 por drive-in aos alunos das escolas SESI do Amazonas. A colet\u00e2nea [&hellip;]<\/p>\n","protected":false},"author":1,"featured_media":16928,"comment_status":"closed","ping_status":"open","sticky":false,"template":"","format":"standard","meta":{"footnotes":""},"categories":[20,25,26],"tags":[],"class_list":["post-16927","post","type-post","status-publish","format-standard","has-post-thumbnail","hentry","category-banner-destaque","category-news","category-news-destaque"],"yoast_head":"<!-- This site is optimized with the Yoast SEO plugin v26.8 - https:\/\/yoast.com\/product\/yoast-seo-wordpress\/ -->\n<title>SESI realiza Drive-in Liter\u00e1rio com obras de Monteiro Lobato e Ziraldo - SESI<\/title>\n<meta name=\"robots\" content=\"index, follow, max-snippet:-1, max-image-preview:large, max-video-preview:-1\" \/>\n<link rel=\"canonical\" href=\"https:\/\/fieam.org.br\/sesi\/sesi-realiza-drive-in-literario-com-obras-de-monteiro-lobato-e-ziraldo\/\" \/>\n<meta property=\"og:locale\" content=\"pt_BR\" \/>\n<meta property=\"og:type\" content=\"article\" \/>\n<meta property=\"og:title\" content=\"SESI realiza Drive-in Liter\u00e1rio com obras de Monteiro Lobato e Ziraldo - SESI\" \/>\n<meta property=\"og:description\" content=\"Os cl\u00e1ssicos da literatura infantil brasileira, com as obras do escritor Monteiro Lobato, a exemplo do S\u00edtio do Pica-Pau Amarelo e seus personagens, e as hist\u00f3rias e inven\u00e7\u00f5es do famoso personagem de quadrinhos infantis \u201cMenino Maluquinho\u201d, criado pelo cartunista Ziraldo Pinto, est\u00e3o chegando at\u00e9 por drive-in aos alunos das escolas SESI do Amazonas. A colet\u00e2nea [&hellip;]\" \/>\n<meta property=\"og:url\" content=\"https:\/\/fieam.org.br\/sesi\/sesi-realiza-drive-in-literario-com-obras-de-monteiro-lobato-e-ziraldo\/\" \/>\n<meta property=\"og:site_name\" content=\"SESI\" \/>\n<meta property=\"article:published_time\" content=\"2020-10-19T12:48:19+00:00\" \/>\n<meta property=\"og:image\" content=\"https:\/\/fieam.org.br\/sesi\/wp-content\/uploads\/sites\/14\/2020\/10\/Escola-SESI-Parintins-realiza-drive-in-literario.jpeg\" \/>\n\t<meta property=\"og:image:width\" content=\"1152\" \/>\n\t<meta property=\"og:image:height\" content=\"864\" \/>\n\t<meta property=\"og:image:type\" content=\"image\/jpeg\" \/>\n<meta name=\"author\" content=\"Autor\" \/>\n<meta name=\"twitter:card\" content=\"summary_large_image\" \/>\n<meta name=\"twitter:label1\" content=\"Escrito por\" \/>\n\t<meta name=\"twitter:data1\" content=\"Autor\" \/>\n\t<meta name=\"twitter:label2\" content=\"Est. tempo de leitura\" \/>\n\t<meta name=\"twitter:data2\" content=\"3 minutos\" \/>\n<script type=\"application\/ld+json\" class=\"yoast-schema-graph\">{\"@context\":\"https:\/\/schema.org\",\"@graph\":[{\"@type\":\"Article\",\"@id\":\"https:\/\/fieam.org.br\/sesi\/sesi-realiza-drive-in-literario-com-obras-de-monteiro-lobato-e-ziraldo\/#article\",\"isPartOf\":{\"@id\":\"https:\/\/fieam.org.br\/sesi\/sesi-realiza-drive-in-literario-com-obras-de-monteiro-lobato-e-ziraldo\/\"},\"author\":{\"name\":\"Autor\",\"@id\":\"https:\/\/fieam.org.br\/sesi\/#\/schema\/person\/c1ceda8321521b291cee22da0a7d34be\"},\"headline\":\"SESI realiza Drive-in Liter\u00e1rio com obras de Monteiro Lobato e Ziraldo\",\"datePublished\":\"2020-10-19T12:48:19+00:00\",\"mainEntityOfPage\":{\"@id\":\"https:\/\/fieam.org.br\/sesi\/sesi-realiza-drive-in-literario-com-obras-de-monteiro-lobato-e-ziraldo\/\"},\"wordCount\":671,\"publisher\":{\"@id\":\"https:\/\/fieam.org.br\/sesi\/#organization\"},\"image\":{\"@id\":\"https:\/\/fieam.org.br\/sesi\/sesi-realiza-drive-in-literario-com-obras-de-monteiro-lobato-e-ziraldo\/#primaryimage\"},\"thumbnailUrl\":\"https:\/\/fieam.org.br\/sesi\/wp-content\/uploads\/sites\/14\/2020\/10\/Escola-SESI-Parintins-realiza-drive-in-literario.jpeg\",\"articleSection\":[\"Banner Destaque\",\"News\",\"News Destaque\"],\"inLanguage\":\"pt-BR\"},{\"@type\":\"WebPage\",\"@id\":\"https:\/\/fieam.org.br\/sesi\/sesi-realiza-drive-in-literario-com-obras-de-monteiro-lobato-e-ziraldo\/\",\"url\":\"https:\/\/fieam.org.br\/sesi\/sesi-realiza-drive-in-literario-com-obras-de-monteiro-lobato-e-ziraldo\/\",\"name\":\"SESI realiza Drive-in Liter\u00e1rio com obras de Monteiro Lobato e Ziraldo - SESI\",\"isPartOf\":{\"@id\":\"https:\/\/fieam.org.br\/sesi\/#website\"},\"primaryImageOfPage\":{\"@id\":\"https:\/\/fieam.org.br\/sesi\/sesi-realiza-drive-in-literario-com-obras-de-monteiro-lobato-e-ziraldo\/#primaryimage\"},\"image\":{\"@id\":\"https:\/\/fieam.org.br\/sesi\/sesi-realiza-drive-in-literario-com-obras-de-monteiro-lobato-e-ziraldo\/#primaryimage\"},\"thumbnailUrl\":\"https:\/\/fieam.org.br\/sesi\/wp-content\/uploads\/sites\/14\/2020\/10\/Escola-SESI-Parintins-realiza-drive-in-literario.jpeg\",\"datePublished\":\"2020-10-19T12:48:19+00:00\",\"breadcrumb\":{\"@id\":\"https:\/\/fieam.org.br\/sesi\/sesi-realiza-drive-in-literario-com-obras-de-monteiro-lobato-e-ziraldo\/#breadcrumb\"},\"inLanguage\":\"pt-BR\",\"potentialAction\":[{\"@type\":\"ReadAction\",\"target\":[\"https:\/\/fieam.org.br\/sesi\/sesi-realiza-drive-in-literario-com-obras-de-monteiro-lobato-e-ziraldo\/\"]}]},{\"@type\":\"ImageObject\",\"inLanguage\":\"pt-BR\",\"@id\":\"https:\/\/fieam.org.br\/sesi\/sesi-realiza-drive-in-literario-com-obras-de-monteiro-lobato-e-ziraldo\/#primaryimage\",\"url\":\"https:\/\/fieam.org.br\/sesi\/wp-content\/uploads\/sites\/14\/2020\/10\/Escola-SESI-Parintins-realiza-drive-in-literario.jpeg\",\"contentUrl\":\"https:\/\/fieam.org.br\/sesi\/wp-content\/uploads\/sites\/14\/2020\/10\/Escola-SESI-Parintins-realiza-drive-in-literario.jpeg\",\"width\":1152,\"height\":864},{\"@type\":\"BreadcrumbList\",\"@id\":\"https:\/\/fieam.org.br\/sesi\/sesi-realiza-drive-in-literario-com-obras-de-monteiro-lobato-e-ziraldo\/#breadcrumb\",\"itemListElement\":[{\"@type\":\"ListItem\",\"position\":1,\"name\":\"In\u00edcio\",\"item\":\"https:\/\/fieam.org.br\/sesi\/\"},{\"@type\":\"ListItem\",\"position\":2,\"name\":\"SESI realiza Drive-in Liter\u00e1rio com obras de Monteiro Lobato e Ziraldo\"}]},{\"@type\":\"WebSite\",\"@id\":\"https:\/\/fieam.org.br\/sesi\/#website\",\"url\":\"https:\/\/fieam.org.br\/sesi\/\",\"name\":\"SESI\",\"description\":\"Site Oficial!\",\"publisher\":{\"@id\":\"https:\/\/fieam.org.br\/sesi\/#organization\"},\"potentialAction\":[{\"@type\":\"SearchAction\",\"target\":{\"@type\":\"EntryPoint\",\"urlTemplate\":\"https:\/\/fieam.org.br\/sesi\/?s={search_term_string}\"},\"query-input\":{\"@type\":\"PropertyValueSpecification\",\"valueRequired\":true,\"valueName\":\"search_term_string\"}}],\"inLanguage\":\"pt-BR\"},{\"@type\":\"Organization\",\"@id\":\"https:\/\/fieam.org.br\/sesi\/#organization\",\"name\":\"SESI\",\"url\":\"https:\/\/fieam.org.br\/sesi\/\",\"logo\":{\"@type\":\"ImageObject\",\"inLanguage\":\"pt-BR\",\"@id\":\"https:\/\/fieam.org.br\/sesi\/#\/schema\/logo\/image\/\",\"url\":\"https:\/\/fieam.org.br\/sesi\/wp-content\/uploads\/sites\/14\/2024\/03\/cropped-fav.png\",\"contentUrl\":\"https:\/\/fieam.org.br\/sesi\/wp-content\/uploads\/sites\/14\/2024\/03\/cropped-fav.png\",\"width\":610,\"height\":589,\"caption\":\"SESI\"},\"image\":{\"@id\":\"https:\/\/fieam.org.br\/sesi\/#\/schema\/logo\/image\/\"}},{\"@type\":\"Person\",\"@id\":\"https:\/\/fieam.org.br\/sesi\/#\/schema\/person\/c1ceda8321521b291cee22da0a7d34be\",\"name\":\"Autor\",\"image\":{\"@type\":\"ImageObject\",\"inLanguage\":\"pt-BR\",\"@id\":\"https:\/\/fieam.org.br\/sesi\/#\/schema\/person\/image\/\",\"url\":\"https:\/\/secure.gravatar.com\/avatar\/3732c223e0e1fad69062a8f770955c9068d37b055204f310a0be18d4069fe380?s=96&d=mm&r=g\",\"contentUrl\":\"https:\/\/secure.gravatar.com\/avatar\/3732c223e0e1fad69062a8f770955c9068d37b055204f310a0be18d4069fe380?s=96&d=mm&r=g\",\"caption\":\"Autor\"},\"sameAs\":[\"https:\/\/marketingmassivo.com.br\"],\"url\":\"https:\/\/fieam.org.br\/sesi\/author\/admin\/\"}]}<\/script>\n<!-- \/ Yoast SEO plugin. -->","yoast_head_json":{"title":"SESI realiza Drive-in Liter\u00e1rio com obras de Monteiro Lobato e Ziraldo - SESI","robots":{"index":"index","follow":"follow","max-snippet":"max-snippet:-1","max-image-preview":"max-image-preview:large","max-video-preview":"max-video-preview:-1"},"canonical":"https:\/\/fieam.org.br\/sesi\/sesi-realiza-drive-in-literario-com-obras-de-monteiro-lobato-e-ziraldo\/","og_locale":"pt_BR","og_type":"article","og_title":"SESI realiza Drive-in Liter\u00e1rio com obras de Monteiro Lobato e Ziraldo - SESI","og_description":"Os cl\u00e1ssicos da literatura infantil brasileira, com as obras do escritor Monteiro Lobato, a exemplo do S\u00edtio do Pica-Pau Amarelo e seus personagens, e as hist\u00f3rias e inven\u00e7\u00f5es do famoso personagem de quadrinhos infantis \u201cMenino Maluquinho\u201d, criado pelo cartunista Ziraldo Pinto, est\u00e3o chegando at\u00e9 por drive-in aos alunos das escolas SESI do Amazonas. A colet\u00e2nea [&hellip;]","og_url":"https:\/\/fieam.org.br\/sesi\/sesi-realiza-drive-in-literario-com-obras-de-monteiro-lobato-e-ziraldo\/","og_site_name":"SESI","article_published_time":"2020-10-19T12:48:19+00:00","og_image":[{"width":1152,"height":864,"url":"https:\/\/fieam.org.br\/sesi\/wp-content\/uploads\/sites\/14\/2020\/10\/Escola-SESI-Parintins-realiza-drive-in-literario.jpeg","type":"image\/jpeg"}],"author":"Autor","twitter_card":"summary_large_image","twitter_misc":{"Escrito por":"Autor","Est. tempo de leitura":"3 minutos"},"schema":{"@context":"https:\/\/schema.org","@graph":[{"@type":"Article","@id":"https:\/\/fieam.org.br\/sesi\/sesi-realiza-drive-in-literario-com-obras-de-monteiro-lobato-e-ziraldo\/#article","isPartOf":{"@id":"https:\/\/fieam.org.br\/sesi\/sesi-realiza-drive-in-literario-com-obras-de-monteiro-lobato-e-ziraldo\/"},"author":{"name":"Autor","@id":"https:\/\/fieam.org.br\/sesi\/#\/schema\/person\/c1ceda8321521b291cee22da0a7d34be"},"headline":"SESI realiza Drive-in Liter\u00e1rio com obras de Monteiro Lobato e Ziraldo","datePublished":"2020-10-19T12:48:19+00:00","mainEntityOfPage":{"@id":"https:\/\/fieam.org.br\/sesi\/sesi-realiza-drive-in-literario-com-obras-de-monteiro-lobato-e-ziraldo\/"},"wordCount":671,"publisher":{"@id":"https:\/\/fieam.org.br\/sesi\/#organization"},"image":{"@id":"https:\/\/fieam.org.br\/sesi\/sesi-realiza-drive-in-literario-com-obras-de-monteiro-lobato-e-ziraldo\/#primaryimage"},"thumbnailUrl":"https:\/\/fieam.org.br\/sesi\/wp-content\/uploads\/sites\/14\/2020\/10\/Escola-SESI-Parintins-realiza-drive-in-literario.jpeg","articleSection":["Banner Destaque","News","News Destaque"],"inLanguage":"pt-BR"},{"@type":"WebPage","@id":"https:\/\/fieam.org.br\/sesi\/sesi-realiza-drive-in-literario-com-obras-de-monteiro-lobato-e-ziraldo\/","url":"https:\/\/fieam.org.br\/sesi\/sesi-realiza-drive-in-literario-com-obras-de-monteiro-lobato-e-ziraldo\/","name":"SESI realiza Drive-in Liter\u00e1rio com obras de Monteiro Lobato e Ziraldo - SESI","isPartOf":{"@id":"https:\/\/fieam.org.br\/sesi\/#website"},"primaryImageOfPage":{"@id":"https:\/\/fieam.org.br\/sesi\/sesi-realiza-drive-in-literario-com-obras-de-monteiro-lobato-e-ziraldo\/#primaryimage"},"image":{"@id":"https:\/\/fieam.org.br\/sesi\/sesi-realiza-drive-in-literario-com-obras-de-monteiro-lobato-e-ziraldo\/#primaryimage"},"thumbnailUrl":"https:\/\/fieam.org.br\/sesi\/wp-content\/uploads\/sites\/14\/2020\/10\/Escola-SESI-Parintins-realiza-drive-in-literario.jpeg","datePublished":"2020-10-19T12:48:19+00:00","breadcrumb":{"@id":"https:\/\/fieam.org.br\/sesi\/sesi-realiza-drive-in-literario-com-obras-de-monteiro-lobato-e-ziraldo\/#breadcrumb"},"inLanguage":"pt-BR","potentialAction":[{"@type":"ReadAction","target":["https:\/\/fieam.org.br\/sesi\/sesi-realiza-drive-in-literario-com-obras-de-monteiro-lobato-e-ziraldo\/"]}]},{"@type":"ImageObject","inLanguage":"pt-BR","@id":"https:\/\/fieam.org.br\/sesi\/sesi-realiza-drive-in-literario-com-obras-de-monteiro-lobato-e-ziraldo\/#primaryimage","url":"https:\/\/fieam.org.br\/sesi\/wp-content\/uploads\/sites\/14\/2020\/10\/Escola-SESI-Parintins-realiza-drive-in-literario.jpeg","contentUrl":"https:\/\/fieam.org.br\/sesi\/wp-content\/uploads\/sites\/14\/2020\/10\/Escola-SESI-Parintins-realiza-drive-in-literario.jpeg","width":1152,"height":864},{"@type":"BreadcrumbList","@id":"https:\/\/fieam.org.br\/sesi\/sesi-realiza-drive-in-literario-com-obras-de-monteiro-lobato-e-ziraldo\/#breadcrumb","itemListElement":[{"@type":"ListItem","position":1,"name":"In\u00edcio","item":"https:\/\/fieam.org.br\/sesi\/"},{"@type":"ListItem","position":2,"name":"SESI realiza Drive-in Liter\u00e1rio com obras de Monteiro Lobato e Ziraldo"}]},{"@type":"WebSite","@id":"https:\/\/fieam.org.br\/sesi\/#website","url":"https:\/\/fieam.org.br\/sesi\/","name":"SESI","description":"Site Oficial!","publisher":{"@id":"https:\/\/fieam.org.br\/sesi\/#organization"},"potentialAction":[{"@type":"SearchAction","target":{"@type":"EntryPoint","urlTemplate":"https:\/\/fieam.org.br\/sesi\/?s={search_term_string}"},"query-input":{"@type":"PropertyValueSpecification","valueRequired":true,"valueName":"search_term_string"}}],"inLanguage":"pt-BR"},{"@type":"Organization","@id":"https:\/\/fieam.org.br\/sesi\/#organization","name":"SESI","url":"https:\/\/fieam.org.br\/sesi\/","logo":{"@type":"ImageObject","inLanguage":"pt-BR","@id":"https:\/\/fieam.org.br\/sesi\/#\/schema\/logo\/image\/","url":"https:\/\/fieam.org.br\/sesi\/wp-content\/uploads\/sites\/14\/2024\/03\/cropped-fav.png","contentUrl":"https:\/\/fieam.org.br\/sesi\/wp-content\/uploads\/sites\/14\/2024\/03\/cropped-fav.png","width":610,"height":589,"caption":"SESI"},"image":{"@id":"https:\/\/fieam.org.br\/sesi\/#\/schema\/logo\/image\/"}},{"@type":"Person","@id":"https:\/\/fieam.org.br\/sesi\/#\/schema\/person\/c1ceda8321521b291cee22da0a7d34be","name":"Autor","image":{"@type":"ImageObject","inLanguage":"pt-BR","@id":"https:\/\/fieam.org.br\/sesi\/#\/schema\/person\/image\/","url":"https:\/\/secure.gravatar.com\/avatar\/3732c223e0e1fad69062a8f770955c9068d37b055204f310a0be18d4069fe380?s=96&d=mm&r=g","contentUrl":"https:\/\/secure.gravatar.com\/avatar\/3732c223e0e1fad69062a8f770955c9068d37b055204f310a0be18d4069fe380?s=96&d=mm&r=g","caption":"Autor"},"sameAs":["https:\/\/marketingmassivo.com.br"],"url":"https:\/\/fieam.org.br\/sesi\/author\/admin\/"}]}},"_links":{"self":[{"href":"https:\/\/fieam.org.br\/sesi\/wp-json\/wp\/v2\/posts\/16927","targetHints":{"allow":["GET"]}}],"collection":[{"href":"https:\/\/fieam.org.br\/sesi\/wp-json\/wp\/v2\/posts"}],"about":[{"href":"https:\/\/fieam.org.br\/sesi\/wp-json\/wp\/v2\/types\/post"}],"author":[{"embeddable":true,"href":"https:\/\/fieam.org.br\/sesi\/wp-json\/wp\/v2\/users\/1"}],"replies":[{"embeddable":true,"href":"https:\/\/fieam.org.br\/sesi\/wp-json\/wp\/v2\/comments?post=16927"}],"version-history":[{"count":0,"href":"https:\/\/fieam.org.br\/sesi\/wp-json\/wp\/v2\/posts\/16927\/revisions"}],"wp:featuredmedia":[{"embeddable":true,"href":"https:\/\/fieam.org.br\/sesi\/wp-json\/wp\/v2\/media\/16928"}],"wp:attachment":[{"href":"https:\/\/fieam.org.br\/sesi\/wp-json\/wp\/v2\/media?parent=16927"}],"wp:term":[{"taxonomy":"category","embeddable":true,"href":"https:\/\/fieam.org.br\/sesi\/wp-json\/wp\/v2\/categories?post=16927"},{"taxonomy":"post_tag","embeddable":true,"href":"https:\/\/fieam.org.br\/sesi\/wp-json\/wp\/v2\/tags?post=16927"}],"curies":[{"name":"wp","href":"https:\/\/api.w.org\/{rel}","templated":true}]}}