{"id":16816,"date":"2020-08-02T14:55:48","date_gmt":"2020-08-02T18:55:48","guid":{"rendered":"http:\/\/www.fieam.org.br\/sesi\/?p=16816"},"modified":"2020-08-02T14:55:48","modified_gmt":"2020-08-02T18:55:48","slug":"antonio-silva-reve-papel-de-sesi-senai-e-iel-nos-60-anos-da-fieam","status":"publish","type":"post","link":"https:\/\/fieam.org.br\/sesi\/antonio-silva-reve-papel-de-sesi-senai-e-iel-nos-60-anos-da-fieam\/","title":{"rendered":"Antonio Silva rev\u00ea papel de SESI, SENAI e IEL nos 60 anos da FIEAM"},"content":{"rendered":"<p><a href=\"https:\/\/marketingmassivo.com.br\/sesi\/wp-content\/uploads\/sites\/12\/2020\/08\/LOGO60.jpg\"><img decoding=\"async\" class=\"wp-image-16817 alignleft\" src=\"https:\/\/marketingmassivo.com.br\/sesi\/wp-content\/uploads\/sites\/12\/2020\/08\/LOGO60.jpg\" alt=\"\" width=\"173\" height=\"173\" srcset=\"https:\/\/fieam.org.br\/sesi\/wp-content\/uploads\/sites\/14\/2020\/08\/LOGO60.jpg 1280w, https:\/\/fieam.org.br\/sesi\/wp-content\/uploads\/sites\/14\/2020\/08\/LOGO60-300x300.jpg 300w, https:\/\/fieam.org.br\/sesi\/wp-content\/uploads\/sites\/14\/2020\/08\/LOGO60-1024x1024.jpg 1024w, https:\/\/fieam.org.br\/sesi\/wp-content\/uploads\/sites\/14\/2020\/08\/LOGO60-150x150.jpg 150w, https:\/\/fieam.org.br\/sesi\/wp-content\/uploads\/sites\/14\/2020\/08\/LOGO60-768x768.jpg 768w\" sizes=\"(max-width: 173px) 100vw, 173px\" \/><\/a>H\u00e1 60 anos, quando a Federa\u00e7\u00e3o das Ind\u00fastrias do Estado do Amazonas (<a href=\"http:\/\/www.fieam.org.br\/fieam\/\">FIEAM<\/a>) foi criada, o <a href=\"http:\/\/www.fieam.org.br\/senai\/\">SENAI<\/a> e o SESI j\u00e1 estavam em plena atividade no Estado, as duas institui\u00e7\u00f5es concebidas com a miss\u00e3o de qualificar e promover o bem-estar dos trabalhadores da ind\u00fastria brasileira. Ao relembrar nesta sexta-feira (31) a rela\u00e7\u00e3o de seis d\u00e9cadas das tr\u00eas entidades, o presidente da FIEAM, Antonio Silva, disse que \u00e9 sempre necess\u00e1rio reconhecer os valorosos servi\u00e7os prestados tanto pelo SESI quanto pelo SENAI ao desenvolvimento da ind\u00fastria no Amazonas e no Brasil. \u201cSem esquecer a importante contribui\u00e7\u00e3o do <a href=\"https:\/\/iel-am.com\/\">IEL<\/a> (Instituto Euvaldo Lodi), que veio depois, nessa parceria\u201d, pontuou Silva.<\/p>\n<p>Em meio ao fogo cruzado de pandemia do Covid-19 e discuss\u00f5es da reforma tribut\u00e1ria, no Congresso, a FIEAM celebra nesta segunda-feira, dia 3, seus 60 anos de funda\u00e7\u00e3o, momento oportuno para rever o papel que hoje desempenham SESI, SENAI e IEL na constru\u00e7\u00e3o do futuro da atividade industrial no Amazonas. Para Antonio Silva, a miss\u00e3o mais importante da Federa\u00e7\u00e3o atualmente \u00e9 defender o modelo Zona Franca de Manaus e seu Polo Industrial que favorece o desenvolvimento sustent\u00e1vel da regi\u00e3o. \u201cEm contrapartida, temos que formar pessoas, formar e qualificar trabalhadores cada dia com mais qualidade de vida\u201d, disse.<\/p>\n<p><a href=\"https:\/\/marketingmassivo.com.br\/sesi\/wp-content\/uploads\/sites\/12\/2020\/08\/Rosana-Vasconcelos-superintendente-do-SESI-Amazonas.jpg\"><img fetchpriority=\"high\" decoding=\"async\" class=\"wp-image-16818 alignleft\" src=\"https:\/\/marketingmassivo.com.br\/sesi\/wp-content\/uploads\/sites\/12\/2020\/08\/Rosana-Vasconcelos-superintendente-do-SESI-Amazonas.jpg\" alt=\"\" width=\"461\" height=\"307\" srcset=\"https:\/\/fieam.org.br\/sesi\/wp-content\/uploads\/sites\/14\/2020\/08\/Rosana-Vasconcelos-superintendente-do-SESI-Amazonas.jpg 1024w, https:\/\/fieam.org.br\/sesi\/wp-content\/uploads\/sites\/14\/2020\/08\/Rosana-Vasconcelos-superintendente-do-SESI-Amazonas-300x200.jpg 300w, https:\/\/fieam.org.br\/sesi\/wp-content\/uploads\/sites\/14\/2020\/08\/Rosana-Vasconcelos-superintendente-do-SESI-Amazonas-768x512.jpg 768w\" sizes=\"(max-width: 461px) 100vw, 461px\" \/><\/a>Na avalia\u00e7\u00e3o da superintendente regional do Servi\u00e7o Social da Ind\u00fastria, Rosana Vasconcelos, o SESI est\u00e1 inserido na miss\u00e3o da FIEAM, por meio das a\u00e7\u00f5es em Educa\u00e7\u00e3o, Seguran\u00e7a e Promo\u00e7\u00e3o da Sa\u00fade. \u201cVale mencionar as atividades assemelhadas com o SENAI e IEL, concorrendo para a melhoria do desenvolvimento social dos trabalhadores da ind\u00fastria amazonense\u201d, disse ela. O SESI que come\u00e7ou focado na promo\u00e7\u00e3o do bem-estar social dos trabalhadores e seus dependentes, hoje tem como principal atribui\u00e7\u00e3o a educa\u00e7\u00e3o voltada para o mundo do trabalho, a sa\u00fade e seguran\u00e7a do trabalhador da ind\u00fastria.<\/p>\n<p>Para Rosana, a educa\u00e7\u00e3o \u00e9, de fato, a grande contribui\u00e7\u00e3o do SESI para a atua\u00e7\u00e3o da FIEAM no atendimento aos interesses da ind\u00fastria amazonense. \u201cA educa\u00e7\u00e3o englobando o processo de ensino, aprendizado e pesquisa, e, por consequ\u00eancia, a prepara\u00e7\u00e3o e forma\u00e7\u00e3o de milhares de jovens para o mercado de trabalho\u201d, disse ela.<\/p>\n<p><a href=\"http:\/\/www.fieam.org.br\/sesi\/wp-content\/uploads\/sites\/2\/2020\/08\/Rog\u00e9rio-Pereira-diretor-regional-do-SENAI.jpg\"><img decoding=\"async\" class=\"wp-image-16819 alignright\" src=\"http:\/\/www.fieam.org.br\/sesi\/wp-content\/uploads\/sites\/2\/2020\/08\/Rog\u00e9rio-Pereira-diretor-regional-do-SENAI.jpg\" alt=\"\" width=\"285\" height=\"191\" \/><\/a>Na outra ponta, o diretor regional do Servi\u00e7o Nacional de Aprendizagem Industrial, Rog\u00e9rio Pereira, afirma que, desde o in\u00edcio de suas atividades no estado, em 1957, o SENAI j\u00e1 formou, por meio da educa\u00e7\u00e3o profissional em diferentes modalidades, mais de 800 mil alunos, sendo esta sua principal contribui\u00e7\u00e3o para a ind\u00fastria e sociedade amazonenses. \u201cNesse contexto, vale destacar a atua\u00e7\u00e3o dos dois barcos-escola Sama\u00fama, que desde 1979 v\u00eam contribuindo com a forma\u00e7\u00e3o de aproximadamente 60 mil alunos nos estados do Amazonas, Par\u00e1, Acre, Roraima, Rond\u00f4nia e Amap\u00e1 e que \u00e9 igualmente relevante\u201d.<\/p>\n<p>Com rela\u00e7\u00e3o aos desafios futuros na agenda do SENAI Amazonas, o diretor diz que o principal \u00e9 a plena integra\u00e7\u00e3o \u00e0 transforma\u00e7\u00e3o digital que vem acompanhando a ind\u00fastria no mundo e no Brasil nos \u00faltimos anos, com a digitaliza\u00e7\u00e3o e automa\u00e7\u00e3o como elementos cruciais para uma ind\u00fastria cada vez mais eficaz, com velocidade e baixo custo, e que possa alcan\u00e7ar maior competitividade frente ao mercado.<\/p>\n<p>De acordo com Rog\u00e9rio Pereira, a digitaliza\u00e7\u00e3o da ind\u00fastria ir\u00e1 demandar trabalhadores produtivos e especializados, competentes para responder \u00e0 nova demanda. \u201cSer\u00e1 um desafio para o Pa\u00eds, mas tamb\u00e9m uma grande oportunidade, pois mesmo com a digitaliza\u00e7\u00e3o, o ser humano permanecer\u00e1 indispens\u00e1vel como um condutor das a\u00e7\u00f5es, inteligente, pensador e criativo\u201d, disse.<\/p>\n<p>A superintendente do SESI, Rosana Vasconcelos, lembra que a hist\u00f3ria do SESI, que neste ano completou 71 anos de atua\u00e7\u00e3o no Amazonas, est\u00e1 enraizada nos ideais de \u201cnot\u00e1veis\u201d empres\u00e1rios da d\u00e9cada de 1940. \u201cE evolu\u00edmos continuamente percorrendo caminhos desafiadores, investindo em tecnologias sociais, com um moderno e transparente modelo de gest\u00e3o, seguiremos firme ao encontro dos novos tempos construindo o futuro ao lado das ind\u00fastrias\u201d, disse.<\/p>\n<p><strong><a href=\"https:\/\/marketingmassivo.com.br\/sesi\/wp-content\/uploads\/sites\/12\/2020\/08\/IMG_9035.jpg\"><img loading=\"lazy\" decoding=\"async\" class=\"wp-image-16821 alignleft\" src=\"https:\/\/marketingmassivo.com.br\/sesi\/wp-content\/uploads\/sites\/12\/2020\/08\/IMG_9035.jpg\" alt=\"\" width=\"371\" height=\"248\" \/><\/a>IEL atua para elevar competitividade da ind\u00fastria<\/strong><\/p>\n<p>Respons\u00e1vel por desenvolver compet\u00eancias em gest\u00e3o, integra\u00e7\u00e3o entre empresas e centros de conhecimento, o IEL Amazonas tra\u00e7a para o futuro, nas rela\u00e7\u00f5es do Sistema FIEAM, a oferta de solu\u00e7\u00f5es de alto valor agregado, promovendo a inova\u00e7\u00e3o e o empreendedorismo no estado, como afirma a superintendente da institui\u00e7\u00e3o, Andrea Guerra. Segundo ela, desde sua cria\u00e7\u00e3o, o IEL desenvolve programas voltados ao atendimento da ind\u00fastria amazonense e tem como grande desafio apoi\u00e1-la no aumento da sua competitividade.<\/p>\n<p>\u201cPor meio da inser\u00e7\u00e3o de jovens no mercado de trabalho, mediante o Programa de Est\u00e1gio Supervisionado e do Programa Jovem Aprendiz IEL, a institui\u00e7\u00e3o busca contribuir para a forma\u00e7\u00e3o de profissionais alinhados aos perfis necess\u00e1rios para o desenvolvimento da ind\u00fastria, com foco nas compet\u00eancias comportamentais\u201d, disse Andrea.<\/p>\n<p>A institui\u00e7\u00e3o realiza capacita\u00e7\u00e3o profissional que desenvolve habilidades e capacidade de adapta\u00e7\u00e3o \u00e0 mudan\u00e7a, relacionamento e solu\u00e7\u00e3o de problemas. Tendo como carro chefe os cursos de P\u00f3s-gradua\u00e7\u00e3o \/ MBA, que abordam temas atuais e contempor\u00e2neos, para desenvolver profissionais com vis\u00e3o hol\u00edstica e compet\u00eancias alinhadas \u00e0s necessidades do mercado.<\/p>\n","protected":false},"excerpt":{"rendered":"<p>H\u00e1 60 anos, quando a Federa\u00e7\u00e3o das Ind\u00fastrias do Estado do Amazonas (FIEAM) foi criada, o SENAI e o SESI j\u00e1 estavam em plena atividade no Estado, as duas institui\u00e7\u00f5es concebidas com a miss\u00e3o de qualificar e promover o bem-estar dos trabalhadores da ind\u00fastria brasileira. Ao relembrar nesta sexta-feira (31) a rela\u00e7\u00e3o de seis d\u00e9cadas [&hellip;]<\/p>\n","protected":false},"author":1,"featured_media":16822,"comment_status":"closed","ping_status":"open","sticky":false,"template":"","format":"standard","meta":{"footnotes":""},"categories":[25],"tags":[],"class_list":["post-16816","post","type-post","status-publish","format-standard","has-post-thumbnail","hentry","category-news"],"yoast_head":"<!-- This site is optimized with the Yoast SEO plugin v26.8 - https:\/\/yoast.com\/product\/yoast-seo-wordpress\/ -->\n<title>Antonio Silva rev\u00ea papel de SESI, SENAI e IEL nos 60 anos da FIEAM - SESI<\/title>\n<meta name=\"robots\" content=\"index, follow, max-snippet:-1, max-image-preview:large, max-video-preview:-1\" \/>\n<link rel=\"canonical\" href=\"https:\/\/fieam.org.br\/sesi\/antonio-silva-reve-papel-de-sesi-senai-e-iel-nos-60-anos-da-fieam\/\" \/>\n<meta property=\"og:locale\" content=\"pt_BR\" \/>\n<meta property=\"og:type\" content=\"article\" \/>\n<meta property=\"og:title\" content=\"Antonio Silva rev\u00ea papel de SESI, SENAI e IEL nos 60 anos da FIEAM - SESI\" \/>\n<meta property=\"og:description\" content=\"H\u00e1 60 anos, quando a Federa\u00e7\u00e3o das Ind\u00fastrias do Estado do Amazonas (FIEAM) foi criada, o SENAI e o SESI j\u00e1 estavam em plena atividade no Estado, as duas institui\u00e7\u00f5es concebidas com a miss\u00e3o de qualificar e promover o bem-estar dos trabalhadores da ind\u00fastria brasileira. Ao relembrar nesta sexta-feira (31) a rela\u00e7\u00e3o de seis d\u00e9cadas [&hellip;]\" \/>\n<meta property=\"og:url\" content=\"https:\/\/fieam.org.br\/sesi\/antonio-silva-reve-papel-de-sesi-senai-e-iel-nos-60-anos-da-fieam\/\" \/>\n<meta property=\"og:site_name\" content=\"SESI\" \/>\n<meta property=\"article:published_time\" content=\"2020-08-02T18:55:48+00:00\" \/>\n<meta property=\"og:image\" content=\"https:\/\/fieam.org.br\/sesi\/wp-content\/uploads\/sites\/14\/2020\/08\/Antonio-Silva-presidente-da-FIEAM-scaled.jpg\" \/>\n\t<meta property=\"og:image:width\" content=\"2560\" \/>\n\t<meta property=\"og:image:height\" content=\"1707\" \/>\n\t<meta property=\"og:image:type\" content=\"image\/jpeg\" \/>\n<meta name=\"author\" content=\"Autor\" \/>\n<meta name=\"twitter:card\" content=\"summary_large_image\" \/>\n<meta name=\"twitter:label1\" content=\"Escrito por\" \/>\n\t<meta name=\"twitter:data1\" content=\"Autor\" \/>\n\t<meta name=\"twitter:label2\" content=\"Est. tempo de leitura\" \/>\n\t<meta name=\"twitter:data2\" content=\"4 minutos\" \/>\n<script type=\"application\/ld+json\" class=\"yoast-schema-graph\">{\"@context\":\"https:\/\/schema.org\",\"@graph\":[{\"@type\":\"Article\",\"@id\":\"https:\/\/fieam.org.br\/sesi\/antonio-silva-reve-papel-de-sesi-senai-e-iel-nos-60-anos-da-fieam\/#article\",\"isPartOf\":{\"@id\":\"https:\/\/fieam.org.br\/sesi\/antonio-silva-reve-papel-de-sesi-senai-e-iel-nos-60-anos-da-fieam\/\"},\"author\":{\"name\":\"Autor\",\"@id\":\"https:\/\/fieam.org.br\/sesi\/#\/schema\/person\/c1ceda8321521b291cee22da0a7d34be\"},\"headline\":\"Antonio Silva rev\u00ea papel de SESI, SENAI e IEL nos 60 anos da FIEAM\",\"datePublished\":\"2020-08-02T18:55:48+00:00\",\"mainEntityOfPage\":{\"@id\":\"https:\/\/fieam.org.br\/sesi\/antonio-silva-reve-papel-de-sesi-senai-e-iel-nos-60-anos-da-fieam\/\"},\"wordCount\":903,\"publisher\":{\"@id\":\"https:\/\/fieam.org.br\/sesi\/#organization\"},\"image\":{\"@id\":\"https:\/\/fieam.org.br\/sesi\/antonio-silva-reve-papel-de-sesi-senai-e-iel-nos-60-anos-da-fieam\/#primaryimage\"},\"thumbnailUrl\":\"https:\/\/fieam.org.br\/sesi\/wp-content\/uploads\/sites\/14\/2020\/08\/Antonio-Silva-presidente-da-FIEAM-scaled.jpg\",\"articleSection\":[\"News\"],\"inLanguage\":\"pt-BR\"},{\"@type\":\"WebPage\",\"@id\":\"https:\/\/fieam.org.br\/sesi\/antonio-silva-reve-papel-de-sesi-senai-e-iel-nos-60-anos-da-fieam\/\",\"url\":\"https:\/\/fieam.org.br\/sesi\/antonio-silva-reve-papel-de-sesi-senai-e-iel-nos-60-anos-da-fieam\/\",\"name\":\"Antonio Silva rev\u00ea papel de SESI, SENAI e IEL nos 60 anos da FIEAM - SESI\",\"isPartOf\":{\"@id\":\"https:\/\/fieam.org.br\/sesi\/#website\"},\"primaryImageOfPage\":{\"@id\":\"https:\/\/fieam.org.br\/sesi\/antonio-silva-reve-papel-de-sesi-senai-e-iel-nos-60-anos-da-fieam\/#primaryimage\"},\"image\":{\"@id\":\"https:\/\/fieam.org.br\/sesi\/antonio-silva-reve-papel-de-sesi-senai-e-iel-nos-60-anos-da-fieam\/#primaryimage\"},\"thumbnailUrl\":\"https:\/\/fieam.org.br\/sesi\/wp-content\/uploads\/sites\/14\/2020\/08\/Antonio-Silva-presidente-da-FIEAM-scaled.jpg\",\"datePublished\":\"2020-08-02T18:55:48+00:00\",\"breadcrumb\":{\"@id\":\"https:\/\/fieam.org.br\/sesi\/antonio-silva-reve-papel-de-sesi-senai-e-iel-nos-60-anos-da-fieam\/#breadcrumb\"},\"inLanguage\":\"pt-BR\",\"potentialAction\":[{\"@type\":\"ReadAction\",\"target\":[\"https:\/\/fieam.org.br\/sesi\/antonio-silva-reve-papel-de-sesi-senai-e-iel-nos-60-anos-da-fieam\/\"]}]},{\"@type\":\"ImageObject\",\"inLanguage\":\"pt-BR\",\"@id\":\"https:\/\/fieam.org.br\/sesi\/antonio-silva-reve-papel-de-sesi-senai-e-iel-nos-60-anos-da-fieam\/#primaryimage\",\"url\":\"https:\/\/fieam.org.br\/sesi\/wp-content\/uploads\/sites\/14\/2020\/08\/Antonio-Silva-presidente-da-FIEAM-scaled.jpg\",\"contentUrl\":\"https:\/\/fieam.org.br\/sesi\/wp-content\/uploads\/sites\/14\/2020\/08\/Antonio-Silva-presidente-da-FIEAM-scaled.jpg\",\"width\":2560,\"height\":1707},{\"@type\":\"BreadcrumbList\",\"@id\":\"https:\/\/fieam.org.br\/sesi\/antonio-silva-reve-papel-de-sesi-senai-e-iel-nos-60-anos-da-fieam\/#breadcrumb\",\"itemListElement\":[{\"@type\":\"ListItem\",\"position\":1,\"name\":\"In\u00edcio\",\"item\":\"https:\/\/fieam.org.br\/sesi\/\"},{\"@type\":\"ListItem\",\"position\":2,\"name\":\"Antonio Silva rev\u00ea papel de SESI, SENAI e IEL nos 60 anos da FIEAM\"}]},{\"@type\":\"WebSite\",\"@id\":\"https:\/\/fieam.org.br\/sesi\/#website\",\"url\":\"https:\/\/fieam.org.br\/sesi\/\",\"name\":\"SESI\",\"description\":\"Site Oficial!\",\"publisher\":{\"@id\":\"https:\/\/fieam.org.br\/sesi\/#organization\"},\"potentialAction\":[{\"@type\":\"SearchAction\",\"target\":{\"@type\":\"EntryPoint\",\"urlTemplate\":\"https:\/\/fieam.org.br\/sesi\/?s={search_term_string}\"},\"query-input\":{\"@type\":\"PropertyValueSpecification\",\"valueRequired\":true,\"valueName\":\"search_term_string\"}}],\"inLanguage\":\"pt-BR\"},{\"@type\":\"Organization\",\"@id\":\"https:\/\/fieam.org.br\/sesi\/#organization\",\"name\":\"SESI\",\"url\":\"https:\/\/fieam.org.br\/sesi\/\",\"logo\":{\"@type\":\"ImageObject\",\"inLanguage\":\"pt-BR\",\"@id\":\"https:\/\/fieam.org.br\/sesi\/#\/schema\/logo\/image\/\",\"url\":\"https:\/\/fieam.org.br\/sesi\/wp-content\/uploads\/sites\/14\/2024\/03\/cropped-fav.png\",\"contentUrl\":\"https:\/\/fieam.org.br\/sesi\/wp-content\/uploads\/sites\/14\/2024\/03\/cropped-fav.png\",\"width\":610,\"height\":589,\"caption\":\"SESI\"},\"image\":{\"@id\":\"https:\/\/fieam.org.br\/sesi\/#\/schema\/logo\/image\/\"}},{\"@type\":\"Person\",\"@id\":\"https:\/\/fieam.org.br\/sesi\/#\/schema\/person\/c1ceda8321521b291cee22da0a7d34be\",\"name\":\"Autor\",\"image\":{\"@type\":\"ImageObject\",\"inLanguage\":\"pt-BR\",\"@id\":\"https:\/\/fieam.org.br\/sesi\/#\/schema\/person\/image\/\",\"url\":\"https:\/\/secure.gravatar.com\/avatar\/3732c223e0e1fad69062a8f770955c9068d37b055204f310a0be18d4069fe380?s=96&d=mm&r=g\",\"contentUrl\":\"https:\/\/secure.gravatar.com\/avatar\/3732c223e0e1fad69062a8f770955c9068d37b055204f310a0be18d4069fe380?s=96&d=mm&r=g\",\"caption\":\"Autor\"},\"sameAs\":[\"https:\/\/marketingmassivo.com.br\"],\"url\":\"https:\/\/fieam.org.br\/sesi\/author\/admin\/\"}]}<\/script>\n<!-- \/ Yoast SEO plugin. -->","yoast_head_json":{"title":"Antonio Silva rev\u00ea papel de SESI, SENAI e IEL nos 60 anos da FIEAM - SESI","robots":{"index":"index","follow":"follow","max-snippet":"max-snippet:-1","max-image-preview":"max-image-preview:large","max-video-preview":"max-video-preview:-1"},"canonical":"https:\/\/fieam.org.br\/sesi\/antonio-silva-reve-papel-de-sesi-senai-e-iel-nos-60-anos-da-fieam\/","og_locale":"pt_BR","og_type":"article","og_title":"Antonio Silva rev\u00ea papel de SESI, SENAI e IEL nos 60 anos da FIEAM - SESI","og_description":"H\u00e1 60 anos, quando a Federa\u00e7\u00e3o das Ind\u00fastrias do Estado do Amazonas (FIEAM) foi criada, o SENAI e o SESI j\u00e1 estavam em plena atividade no Estado, as duas institui\u00e7\u00f5es concebidas com a miss\u00e3o de qualificar e promover o bem-estar dos trabalhadores da ind\u00fastria brasileira. Ao relembrar nesta sexta-feira (31) a rela\u00e7\u00e3o de seis d\u00e9cadas [&hellip;]","og_url":"https:\/\/fieam.org.br\/sesi\/antonio-silva-reve-papel-de-sesi-senai-e-iel-nos-60-anos-da-fieam\/","og_site_name":"SESI","article_published_time":"2020-08-02T18:55:48+00:00","og_image":[{"width":2560,"height":1707,"url":"https:\/\/fieam.org.br\/sesi\/wp-content\/uploads\/sites\/14\/2020\/08\/Antonio-Silva-presidente-da-FIEAM-scaled.jpg","type":"image\/jpeg"}],"author":"Autor","twitter_card":"summary_large_image","twitter_misc":{"Escrito por":"Autor","Est. tempo de leitura":"4 minutos"},"schema":{"@context":"https:\/\/schema.org","@graph":[{"@type":"Article","@id":"https:\/\/fieam.org.br\/sesi\/antonio-silva-reve-papel-de-sesi-senai-e-iel-nos-60-anos-da-fieam\/#article","isPartOf":{"@id":"https:\/\/fieam.org.br\/sesi\/antonio-silva-reve-papel-de-sesi-senai-e-iel-nos-60-anos-da-fieam\/"},"author":{"name":"Autor","@id":"https:\/\/fieam.org.br\/sesi\/#\/schema\/person\/c1ceda8321521b291cee22da0a7d34be"},"headline":"Antonio Silva rev\u00ea papel de SESI, SENAI e IEL nos 60 anos da FIEAM","datePublished":"2020-08-02T18:55:48+00:00","mainEntityOfPage":{"@id":"https:\/\/fieam.org.br\/sesi\/antonio-silva-reve-papel-de-sesi-senai-e-iel-nos-60-anos-da-fieam\/"},"wordCount":903,"publisher":{"@id":"https:\/\/fieam.org.br\/sesi\/#organization"},"image":{"@id":"https:\/\/fieam.org.br\/sesi\/antonio-silva-reve-papel-de-sesi-senai-e-iel-nos-60-anos-da-fieam\/#primaryimage"},"thumbnailUrl":"https:\/\/fieam.org.br\/sesi\/wp-content\/uploads\/sites\/14\/2020\/08\/Antonio-Silva-presidente-da-FIEAM-scaled.jpg","articleSection":["News"],"inLanguage":"pt-BR"},{"@type":"WebPage","@id":"https:\/\/fieam.org.br\/sesi\/antonio-silva-reve-papel-de-sesi-senai-e-iel-nos-60-anos-da-fieam\/","url":"https:\/\/fieam.org.br\/sesi\/antonio-silva-reve-papel-de-sesi-senai-e-iel-nos-60-anos-da-fieam\/","name":"Antonio Silva rev\u00ea papel de SESI, SENAI e IEL nos 60 anos da FIEAM - SESI","isPartOf":{"@id":"https:\/\/fieam.org.br\/sesi\/#website"},"primaryImageOfPage":{"@id":"https:\/\/fieam.org.br\/sesi\/antonio-silva-reve-papel-de-sesi-senai-e-iel-nos-60-anos-da-fieam\/#primaryimage"},"image":{"@id":"https:\/\/fieam.org.br\/sesi\/antonio-silva-reve-papel-de-sesi-senai-e-iel-nos-60-anos-da-fieam\/#primaryimage"},"thumbnailUrl":"https:\/\/fieam.org.br\/sesi\/wp-content\/uploads\/sites\/14\/2020\/08\/Antonio-Silva-presidente-da-FIEAM-scaled.jpg","datePublished":"2020-08-02T18:55:48+00:00","breadcrumb":{"@id":"https:\/\/fieam.org.br\/sesi\/antonio-silva-reve-papel-de-sesi-senai-e-iel-nos-60-anos-da-fieam\/#breadcrumb"},"inLanguage":"pt-BR","potentialAction":[{"@type":"ReadAction","target":["https:\/\/fieam.org.br\/sesi\/antonio-silva-reve-papel-de-sesi-senai-e-iel-nos-60-anos-da-fieam\/"]}]},{"@type":"ImageObject","inLanguage":"pt-BR","@id":"https:\/\/fieam.org.br\/sesi\/antonio-silva-reve-papel-de-sesi-senai-e-iel-nos-60-anos-da-fieam\/#primaryimage","url":"https:\/\/fieam.org.br\/sesi\/wp-content\/uploads\/sites\/14\/2020\/08\/Antonio-Silva-presidente-da-FIEAM-scaled.jpg","contentUrl":"https:\/\/fieam.org.br\/sesi\/wp-content\/uploads\/sites\/14\/2020\/08\/Antonio-Silva-presidente-da-FIEAM-scaled.jpg","width":2560,"height":1707},{"@type":"BreadcrumbList","@id":"https:\/\/fieam.org.br\/sesi\/antonio-silva-reve-papel-de-sesi-senai-e-iel-nos-60-anos-da-fieam\/#breadcrumb","itemListElement":[{"@type":"ListItem","position":1,"name":"In\u00edcio","item":"https:\/\/fieam.org.br\/sesi\/"},{"@type":"ListItem","position":2,"name":"Antonio Silva rev\u00ea papel de SESI, SENAI e IEL nos 60 anos da FIEAM"}]},{"@type":"WebSite","@id":"https:\/\/fieam.org.br\/sesi\/#website","url":"https:\/\/fieam.org.br\/sesi\/","name":"SESI","description":"Site Oficial!","publisher":{"@id":"https:\/\/fieam.org.br\/sesi\/#organization"},"potentialAction":[{"@type":"SearchAction","target":{"@type":"EntryPoint","urlTemplate":"https:\/\/fieam.org.br\/sesi\/?s={search_term_string}"},"query-input":{"@type":"PropertyValueSpecification","valueRequired":true,"valueName":"search_term_string"}}],"inLanguage":"pt-BR"},{"@type":"Organization","@id":"https:\/\/fieam.org.br\/sesi\/#organization","name":"SESI","url":"https:\/\/fieam.org.br\/sesi\/","logo":{"@type":"ImageObject","inLanguage":"pt-BR","@id":"https:\/\/fieam.org.br\/sesi\/#\/schema\/logo\/image\/","url":"https:\/\/fieam.org.br\/sesi\/wp-content\/uploads\/sites\/14\/2024\/03\/cropped-fav.png","contentUrl":"https:\/\/fieam.org.br\/sesi\/wp-content\/uploads\/sites\/14\/2024\/03\/cropped-fav.png","width":610,"height":589,"caption":"SESI"},"image":{"@id":"https:\/\/fieam.org.br\/sesi\/#\/schema\/logo\/image\/"}},{"@type":"Person","@id":"https:\/\/fieam.org.br\/sesi\/#\/schema\/person\/c1ceda8321521b291cee22da0a7d34be","name":"Autor","image":{"@type":"ImageObject","inLanguage":"pt-BR","@id":"https:\/\/fieam.org.br\/sesi\/#\/schema\/person\/image\/","url":"https:\/\/secure.gravatar.com\/avatar\/3732c223e0e1fad69062a8f770955c9068d37b055204f310a0be18d4069fe380?s=96&d=mm&r=g","contentUrl":"https:\/\/secure.gravatar.com\/avatar\/3732c223e0e1fad69062a8f770955c9068d37b055204f310a0be18d4069fe380?s=96&d=mm&r=g","caption":"Autor"},"sameAs":["https:\/\/marketingmassivo.com.br"],"url":"https:\/\/fieam.org.br\/sesi\/author\/admin\/"}]}},"_links":{"self":[{"href":"https:\/\/fieam.org.br\/sesi\/wp-json\/wp\/v2\/posts\/16816","targetHints":{"allow":["GET"]}}],"collection":[{"href":"https:\/\/fieam.org.br\/sesi\/wp-json\/wp\/v2\/posts"}],"about":[{"href":"https:\/\/fieam.org.br\/sesi\/wp-json\/wp\/v2\/types\/post"}],"author":[{"embeddable":true,"href":"https:\/\/fieam.org.br\/sesi\/wp-json\/wp\/v2\/users\/1"}],"replies":[{"embeddable":true,"href":"https:\/\/fieam.org.br\/sesi\/wp-json\/wp\/v2\/comments?post=16816"}],"version-history":[{"count":0,"href":"https:\/\/fieam.org.br\/sesi\/wp-json\/wp\/v2\/posts\/16816\/revisions"}],"wp:featuredmedia":[{"embeddable":true,"href":"https:\/\/fieam.org.br\/sesi\/wp-json\/wp\/v2\/media\/16822"}],"wp:attachment":[{"href":"https:\/\/fieam.org.br\/sesi\/wp-json\/wp\/v2\/media?parent=16816"}],"wp:term":[{"taxonomy":"category","embeddable":true,"href":"https:\/\/fieam.org.br\/sesi\/wp-json\/wp\/v2\/categories?post=16816"},{"taxonomy":"post_tag","embeddable":true,"href":"https:\/\/fieam.org.br\/sesi\/wp-json\/wp\/v2\/tags?post=16816"}],"curies":[{"name":"wp","href":"https:\/\/api.w.org\/{rel}","templated":true}]}}