{"id":1659,"date":"2011-07-28T20:20:52","date_gmt":"2011-07-28T20:20:52","guid":{"rendered":"http:\/\/www.fieam.org.br\/site\/sesi\/?p=1659"},"modified":"2011-07-28T20:20:52","modified_gmt":"2011-07-28T20:20:52","slug":"sesi-discute-otimizacao-dos-espacos-de-cultura","status":"publish","type":"post","link":"https:\/\/fieam.org.br\/sesi\/sesi-discute-otimizacao-dos-espacos-de-cultura\/","title":{"rendered":"SESI discute otimiza\u00e7\u00e3o dos espa\u00e7os de cultura"},"content":{"rendered":"<p>O SESI promove nesta sexta-feira (29.07), em Manaus, oficina de trabalho do segundo ciclo (2011-2012) do Projeto de Gest\u00e3o e Otimiza\u00e7\u00e3o de Espa\u00e7os de Cultura, Esporte e Lazer. O objetivo \u00e9 desenvolver estrat\u00e9gias para amplia\u00e7\u00e3o da presen\u00e7a da ind\u00fastria nos espa\u00e7os culturais, esportivos e de lazer (CEL) das unidades da institui\u00e7\u00e3o. A oficina acontece a partir de 8h30, no Novotel, no Distrito Industrial, zona Sul, com a presen\u00e7a do coordenador do projeto, Luiz Carlos Marcolino, e do consultor Antonio Carlos Bramante, ambos do Departamento Nacional do SESI.<\/p>\n<p>De acordo com a gerente de Cultura, Esporte e Lazer do Departamento Regional do SESI, Nelsi Ladeira Luni\u00e8re, o Amazonas est\u00e1 entre os 14 DR\u2019s em que o projeto come\u00e7ou a ser desenvolvido, ainda em 2006. Em 2008, o projeto j\u00e1 estava nos 27 departamentos, j\u00e1 sob a \u00f3tica do novo posicionamento estrat\u00e9gico do SESI que busca o reconhecimento como provedor de solu\u00e7\u00f5es para a Ind\u00fastria Brasileira.<\/p>\n<p>Nesses cinco anos, o projeto listou mais de 50 unidades de CEL e ofereceu cursos para mais de 800 t\u00e9cnicos e gestores dessas unidades em todo o pa\u00eds; realizou oito semin\u00e1rios regionais e tr\u00eas nacionais, e criou o \u00cdndice de Viabilidade M\u00faltipla de Cultura, Esporte e Lazer, o IVICEL\/SESI. Com esses e outros resultados obtidos nas cinco fases do projeto, que iam da sensibiliza\u00e7\u00e3o \u00e0 interven\u00e7\u00e3o e avalia\u00e7\u00e3o, o SESI encerrou o primeiro ciclo do projeto.<\/p>\n<p>Com previs\u00e3o de participa\u00e7\u00e3o de 14 DR\u2019s neste ano e dos outros 13 em 2012, o SESI realiza o segundo ciclo do projeto agora realinhado ao novo posicionamento estrat\u00e9gico do SESI 2011-2015, com base no que foi realizado at\u00e9 o ano passado.<\/p>\n<p>Com o novo ciclo, o SESI vai promover uma aproxima\u00e7\u00e3o maior com as ind\u00fastrias e ampliar os esfor\u00e7os para que haja maior transversalidade com outros projetos e programas da Ger\u00eancia de Cultura, Esporte e Lazer, visando potencializar a otimiza\u00e7\u00e3o dos espa\u00e7os e instala\u00e7\u00f5es nessas \u00e1reas de servi\u00e7os dentro das unidades.<\/p>\n<p>De acordo com os organizadores, \u201c\u00e9 poss\u00edvel vislumbrar as Unidades de CEL do SESI como espa\u00e7os que contribuam para bem-estar e qualidade de vida daqueles que os freq\u00fcentam, compreendidos da forma mais objetiva poss\u00edvel, adotando-se o conceito do \u2018Pent\u00e1culo do Bem-Estar\u2019: desenvolvimento da atividade f\u00edsica, boa nutri\u00e7\u00e3o, gerenciamento do estresse, promo\u00e7\u00e3o do relacionamento social e do comportamento preventivo, dentro de um ambiente sustent\u00e1vel.\u201d<\/p>\n","protected":false},"excerpt":{"rendered":"<p>O SESI promove nesta sexta-feira (29.07), em Manaus, oficina de trabalho do segundo ciclo (2011-2012) do Projeto de Gest\u00e3o e Otimiza\u00e7\u00e3o de Espa\u00e7os de Cultura, Esporte e Lazer. O objetivo \u00e9 desenvolver estrat\u00e9gias para amplia\u00e7\u00e3o da presen\u00e7a da ind\u00fastria nos espa\u00e7os culturais, esportivos e de lazer (CEL) das unidades da institui\u00e7\u00e3o. A oficina acontece a [&hellip;]<\/p>\n","protected":false},"author":1,"featured_media":0,"comment_status":"open","ping_status":"open","sticky":false,"template":"","format":"standard","meta":{"footnotes":""},"categories":[25],"tags":[],"class_list":["post-1659","post","type-post","status-publish","format-standard","hentry","category-news"],"yoast_head":"<!-- This site is optimized with the Yoast SEO plugin v28.2 - https:\/\/yoast.com\/product\/yoast-seo-wordpress\/ -->\n<title>SESI discute otimiza\u00e7\u00e3o dos espa\u00e7os de cultura - SESI<\/title>\n<meta name=\"robots\" content=\"index, follow, max-snippet:-1, max-image-preview:large, max-video-preview:-1\" \/>\n<link rel=\"canonical\" href=\"https:\/\/fieam.org.br\/sesi\/sesi-discute-otimizacao-dos-espacos-de-cultura\/\" \/>\n<meta property=\"og:locale\" content=\"pt_BR\" \/>\n<meta property=\"og:type\" content=\"article\" \/>\n<meta property=\"og:title\" content=\"SESI discute otimiza\u00e7\u00e3o dos espa\u00e7os de cultura - SESI\" \/>\n<meta property=\"og:description\" content=\"O SESI promove nesta sexta-feira (29.07), em Manaus, oficina de trabalho do segundo ciclo (2011-2012) do Projeto de Gest\u00e3o e Otimiza\u00e7\u00e3o de Espa\u00e7os de Cultura, Esporte e Lazer. O objetivo \u00e9 desenvolver estrat\u00e9gias para amplia\u00e7\u00e3o da presen\u00e7a da ind\u00fastria nos espa\u00e7os culturais, esportivos e de lazer (CEL) das unidades da institui\u00e7\u00e3o. A oficina acontece a [&hellip;]\" \/>\n<meta property=\"og:url\" content=\"https:\/\/fieam.org.br\/sesi\/sesi-discute-otimizacao-dos-espacos-de-cultura\/\" \/>\n<meta property=\"og:site_name\" content=\"SESI\" \/>\n<meta property=\"article:published_time\" content=\"2011-07-28T20:20:52+00:00\" \/>\n<meta name=\"author\" content=\"Autor\" \/>\n<meta name=\"twitter:card\" content=\"summary_large_image\" \/>\n<meta name=\"twitter:label1\" content=\"Escrito por\" \/>\n\t<meta name=\"twitter:data1\" content=\"Autor\" \/>\n\t<meta name=\"twitter:label2\" content=\"Est. tempo de leitura\" \/>\n\t<meta name=\"twitter:data2\" content=\"2 minutos\" \/>\n<script type=\"application\/ld+json\" class=\"yoast-schema-graph\">{\"@context\":\"https:\\\/\\\/schema.org\",\"@graph\":[{\"@type\":\"Article\",\"@id\":\"https:\\\/\\\/fieam.org.br\\\/sesi\\\/sesi-discute-otimizacao-dos-espacos-de-cultura\\\/#article\",\"isPartOf\":{\"@id\":\"https:\\\/\\\/fieam.org.br\\\/sesi\\\/sesi-discute-otimizacao-dos-espacos-de-cultura\\\/\"},\"author\":{\"name\":\"Autor\",\"@id\":\"https:\\\/\\\/fieam.org.br\\\/sesi\\\/#\\\/schema\\\/person\\\/f54998dd14d5f0695b41444f2b01c31e\"},\"headline\":\"SESI discute otimiza\u00e7\u00e3o dos espa\u00e7os de cultura\",\"datePublished\":\"2011-07-28T20:20:52+00:00\",\"mainEntityOfPage\":{\"@id\":\"https:\\\/\\\/fieam.org.br\\\/sesi\\\/sesi-discute-otimizacao-dos-espacos-de-cultura\\\/\"},\"wordCount\":427,\"commentCount\":0,\"publisher\":{\"@id\":\"https:\\\/\\\/fieam.org.br\\\/sesi\\\/#organization\"},\"articleSection\":[\"News\"],\"inLanguage\":\"pt-BR\",\"potentialAction\":[{\"@type\":\"CommentAction\",\"name\":\"Comment\",\"target\":[\"https:\\\/\\\/fieam.org.br\\\/sesi\\\/sesi-discute-otimizacao-dos-espacos-de-cultura\\\/#respond\"]}]},{\"@type\":\"WebPage\",\"@id\":\"https:\\\/\\\/fieam.org.br\\\/sesi\\\/sesi-discute-otimizacao-dos-espacos-de-cultura\\\/\",\"url\":\"https:\\\/\\\/fieam.org.br\\\/sesi\\\/sesi-discute-otimizacao-dos-espacos-de-cultura\\\/\",\"name\":\"SESI discute otimiza\u00e7\u00e3o dos espa\u00e7os de cultura - SESI\",\"isPartOf\":{\"@id\":\"https:\\\/\\\/fieam.org.br\\\/sesi\\\/#website\"},\"datePublished\":\"2011-07-28T20:20:52+00:00\",\"breadcrumb\":{\"@id\":\"https:\\\/\\\/fieam.org.br\\\/sesi\\\/sesi-discute-otimizacao-dos-espacos-de-cultura\\\/#breadcrumb\"},\"inLanguage\":\"pt-BR\",\"potentialAction\":[{\"@type\":\"ReadAction\",\"target\":[\"https:\\\/\\\/fieam.org.br\\\/sesi\\\/sesi-discute-otimizacao-dos-espacos-de-cultura\\\/\"]}]},{\"@type\":\"BreadcrumbList\",\"@id\":\"https:\\\/\\\/fieam.org.br\\\/sesi\\\/sesi-discute-otimizacao-dos-espacos-de-cultura\\\/#breadcrumb\",\"itemListElement\":[{\"@type\":\"ListItem\",\"position\":1,\"name\":\"In\u00edcio\",\"item\":\"https:\\\/\\\/fieam.org.br\\\/sesi\\\/\"},{\"@type\":\"ListItem\",\"position\":2,\"name\":\"SESI discute otimiza\u00e7\u00e3o dos espa\u00e7os de cultura\"}]},{\"@type\":\"WebSite\",\"@id\":\"https:\\\/\\\/fieam.org.br\\\/sesi\\\/#website\",\"url\":\"https:\\\/\\\/fieam.org.br\\\/sesi\\\/\",\"name\":\"SESI\",\"description\":\"Site Oficial!\",\"publisher\":{\"@id\":\"https:\\\/\\\/fieam.org.br\\\/sesi\\\/#organization\"},\"potentialAction\":[{\"@type\":\"SearchAction\",\"target\":{\"@type\":\"EntryPoint\",\"urlTemplate\":\"https:\\\/\\\/fieam.org.br\\\/sesi\\\/?s={search_term_string}\"},\"query-input\":{\"@type\":\"PropertyValueSpecification\",\"valueRequired\":true,\"valueName\":\"search_term_string\"}}],\"inLanguage\":\"pt-BR\"},{\"@type\":\"Organization\",\"@id\":\"https:\\\/\\\/fieam.org.br\\\/sesi\\\/#organization\",\"name\":\"SESI\",\"url\":\"https:\\\/\\\/fieam.org.br\\\/sesi\\\/\",\"logo\":{\"@type\":\"ImageObject\",\"inLanguage\":\"pt-BR\",\"@id\":\"https:\\\/\\\/fieam.org.br\\\/sesi\\\/#\\\/schema\\\/logo\\\/image\\\/\",\"url\":\"https:\\\/\\\/fieam.org.br\\\/sesi\\\/wp-content\\\/uploads\\\/sites\\\/14\\\/2024\\\/03\\\/cropped-fav.png\",\"contentUrl\":\"https:\\\/\\\/fieam.org.br\\\/sesi\\\/wp-content\\\/uploads\\\/sites\\\/14\\\/2024\\\/03\\\/cropped-fav.png\",\"width\":610,\"height\":589,\"caption\":\"SESI\"},\"image\":{\"@id\":\"https:\\\/\\\/fieam.org.br\\\/sesi\\\/#\\\/schema\\\/logo\\\/image\\\/\"}},{\"@type\":\"Person\",\"@id\":\"https:\\\/\\\/fieam.org.br\\\/sesi\\\/#\\\/schema\\\/person\\\/f54998dd14d5f0695b41444f2b01c31e\",\"name\":\"Autor\",\"image\":{\"@type\":\"ImageObject\",\"inLanguage\":\"pt-BR\",\"@id\":\"https:\\\/\\\/secure.gravatar.com\\\/avatar\\\/3732c223e0e1fad69062a8f770955c9068d37b055204f310a0be18d4069fe380?s=96&d=mm&r=g\",\"url\":\"https:\\\/\\\/secure.gravatar.com\\\/avatar\\\/3732c223e0e1fad69062a8f770955c9068d37b055204f310a0be18d4069fe380?s=96&d=mm&r=g\",\"contentUrl\":\"https:\\\/\\\/secure.gravatar.com\\\/avatar\\\/3732c223e0e1fad69062a8f770955c9068d37b055204f310a0be18d4069fe380?s=96&d=mm&r=g\",\"caption\":\"Autor\"},\"sameAs\":[\"https:\\\/\\\/marketingmassivo.com.br\"],\"url\":\"https:\\\/\\\/fieam.org.br\\\/sesi\\\/author\\\/admin\\\/\"}]}<\/script>\n<!-- \/ Yoast SEO plugin. -->","yoast_head_json":{"title":"SESI discute otimiza\u00e7\u00e3o dos espa\u00e7os de cultura - SESI","robots":{"index":"index","follow":"follow","max-snippet":"max-snippet:-1","max-image-preview":"max-image-preview:large","max-video-preview":"max-video-preview:-1"},"canonical":"https:\/\/fieam.org.br\/sesi\/sesi-discute-otimizacao-dos-espacos-de-cultura\/","og_locale":"pt_BR","og_type":"article","og_title":"SESI discute otimiza\u00e7\u00e3o dos espa\u00e7os de cultura - SESI","og_description":"O SESI promove nesta sexta-feira (29.07), em Manaus, oficina de trabalho do segundo ciclo (2011-2012) do Projeto de Gest\u00e3o e Otimiza\u00e7\u00e3o de Espa\u00e7os de Cultura, Esporte e Lazer. O objetivo \u00e9 desenvolver estrat\u00e9gias para amplia\u00e7\u00e3o da presen\u00e7a da ind\u00fastria nos espa\u00e7os culturais, esportivos e de lazer (CEL) das unidades da institui\u00e7\u00e3o. A oficina acontece a [&hellip;]","og_url":"https:\/\/fieam.org.br\/sesi\/sesi-discute-otimizacao-dos-espacos-de-cultura\/","og_site_name":"SESI","article_published_time":"2011-07-28T20:20:52+00:00","author":"Autor","twitter_card":"summary_large_image","twitter_misc":{"Escrito por":"Autor","Est. tempo de leitura":"2 minutos"},"schema":{"@context":"https:\/\/schema.org","@graph":[{"@type":"Article","@id":"https:\/\/fieam.org.br\/sesi\/sesi-discute-otimizacao-dos-espacos-de-cultura\/#article","isPartOf":{"@id":"https:\/\/fieam.org.br\/sesi\/sesi-discute-otimizacao-dos-espacos-de-cultura\/"},"author":{"name":"Autor","@id":"https:\/\/fieam.org.br\/sesi\/#\/schema\/person\/f54998dd14d5f0695b41444f2b01c31e"},"headline":"SESI discute otimiza\u00e7\u00e3o dos espa\u00e7os de cultura","datePublished":"2011-07-28T20:20:52+00:00","mainEntityOfPage":{"@id":"https:\/\/fieam.org.br\/sesi\/sesi-discute-otimizacao-dos-espacos-de-cultura\/"},"wordCount":427,"commentCount":0,"publisher":{"@id":"https:\/\/fieam.org.br\/sesi\/#organization"},"articleSection":["News"],"inLanguage":"pt-BR","potentialAction":[{"@type":"CommentAction","name":"Comment","target":["https:\/\/fieam.org.br\/sesi\/sesi-discute-otimizacao-dos-espacos-de-cultura\/#respond"]}]},{"@type":"WebPage","@id":"https:\/\/fieam.org.br\/sesi\/sesi-discute-otimizacao-dos-espacos-de-cultura\/","url":"https:\/\/fieam.org.br\/sesi\/sesi-discute-otimizacao-dos-espacos-de-cultura\/","name":"SESI discute otimiza\u00e7\u00e3o dos espa\u00e7os de cultura - SESI","isPartOf":{"@id":"https:\/\/fieam.org.br\/sesi\/#website"},"datePublished":"2011-07-28T20:20:52+00:00","breadcrumb":{"@id":"https:\/\/fieam.org.br\/sesi\/sesi-discute-otimizacao-dos-espacos-de-cultura\/#breadcrumb"},"inLanguage":"pt-BR","potentialAction":[{"@type":"ReadAction","target":["https:\/\/fieam.org.br\/sesi\/sesi-discute-otimizacao-dos-espacos-de-cultura\/"]}]},{"@type":"BreadcrumbList","@id":"https:\/\/fieam.org.br\/sesi\/sesi-discute-otimizacao-dos-espacos-de-cultura\/#breadcrumb","itemListElement":[{"@type":"ListItem","position":1,"name":"In\u00edcio","item":"https:\/\/fieam.org.br\/sesi\/"},{"@type":"ListItem","position":2,"name":"SESI discute otimiza\u00e7\u00e3o dos espa\u00e7os de cultura"}]},{"@type":"WebSite","@id":"https:\/\/fieam.org.br\/sesi\/#website","url":"https:\/\/fieam.org.br\/sesi\/","name":"SESI","description":"Site Oficial!","publisher":{"@id":"https:\/\/fieam.org.br\/sesi\/#organization"},"potentialAction":[{"@type":"SearchAction","target":{"@type":"EntryPoint","urlTemplate":"https:\/\/fieam.org.br\/sesi\/?s={search_term_string}"},"query-input":{"@type":"PropertyValueSpecification","valueRequired":true,"valueName":"search_term_string"}}],"inLanguage":"pt-BR"},{"@type":"Organization","@id":"https:\/\/fieam.org.br\/sesi\/#organization","name":"SESI","url":"https:\/\/fieam.org.br\/sesi\/","logo":{"@type":"ImageObject","inLanguage":"pt-BR","@id":"https:\/\/fieam.org.br\/sesi\/#\/schema\/logo\/image\/","url":"https:\/\/fieam.org.br\/sesi\/wp-content\/uploads\/sites\/14\/2024\/03\/cropped-fav.png","contentUrl":"https:\/\/fieam.org.br\/sesi\/wp-content\/uploads\/sites\/14\/2024\/03\/cropped-fav.png","width":610,"height":589,"caption":"SESI"},"image":{"@id":"https:\/\/fieam.org.br\/sesi\/#\/schema\/logo\/image\/"}},{"@type":"Person","@id":"https:\/\/fieam.org.br\/sesi\/#\/schema\/person\/f54998dd14d5f0695b41444f2b01c31e","name":"Autor","image":{"@type":"ImageObject","inLanguage":"pt-BR","@id":"https:\/\/secure.gravatar.com\/avatar\/3732c223e0e1fad69062a8f770955c9068d37b055204f310a0be18d4069fe380?s=96&d=mm&r=g","url":"https:\/\/secure.gravatar.com\/avatar\/3732c223e0e1fad69062a8f770955c9068d37b055204f310a0be18d4069fe380?s=96&d=mm&r=g","contentUrl":"https:\/\/secure.gravatar.com\/avatar\/3732c223e0e1fad69062a8f770955c9068d37b055204f310a0be18d4069fe380?s=96&d=mm&r=g","caption":"Autor"},"sameAs":["https:\/\/marketingmassivo.com.br"],"url":"https:\/\/fieam.org.br\/sesi\/author\/admin\/"}]}},"_links":{"self":[{"href":"https:\/\/fieam.org.br\/sesi\/wp-json\/wp\/v2\/posts\/1659","targetHints":{"allow":["GET"]}}],"collection":[{"href":"https:\/\/fieam.org.br\/sesi\/wp-json\/wp\/v2\/posts"}],"about":[{"href":"https:\/\/fieam.org.br\/sesi\/wp-json\/wp\/v2\/types\/post"}],"author":[{"embeddable":true,"href":"https:\/\/fieam.org.br\/sesi\/wp-json\/wp\/v2\/users\/1"}],"replies":[{"embeddable":true,"href":"https:\/\/fieam.org.br\/sesi\/wp-json\/wp\/v2\/comments?post=1659"}],"version-history":[{"count":0,"href":"https:\/\/fieam.org.br\/sesi\/wp-json\/wp\/v2\/posts\/1659\/revisions"}],"wp:attachment":[{"href":"https:\/\/fieam.org.br\/sesi\/wp-json\/wp\/v2\/media?parent=1659"}],"wp:term":[{"taxonomy":"category","embeddable":true,"href":"https:\/\/fieam.org.br\/sesi\/wp-json\/wp\/v2\/categories?post=1659"},{"taxonomy":"post_tag","embeddable":true,"href":"https:\/\/fieam.org.br\/sesi\/wp-json\/wp\/v2\/tags?post=1659"}],"curies":[{"name":"wp","href":"https:\/\/api.w.org\/{rel}","templated":true}]}}