{"id":16203,"date":"2020-01-30T17:36:54","date_gmt":"2020-01-30T21:36:54","guid":{"rendered":"http:\/\/www.fieam.org.br\/sesi\/?p=16203"},"modified":"2020-01-30T17:36:54","modified_gmt":"2020-01-30T21:36:54","slug":"creche-do-sesi-retoma-atividades-com-muita-emocao","status":"publish","type":"post","link":"https:\/\/fieam.org.br\/sesi\/creche-do-sesi-retoma-atividades-com-muita-emocao\/","title":{"rendered":"Creche do SESI retoma atividades com muita emo\u00e7\u00e3o"},"content":{"rendered":"<p><a href=\"http:\/\/www.fieam.org.br\/sesi\/wp-content\/uploads\/sites\/2\/2020\/01\/Pscic\u00f3loga-atende-aos-filhos-para-que-eles-passem-confian\u00e7a-aos-pais.jpg\"><img fetchpriority=\"high\" decoding=\"async\" class=\" wp-image-16205 alignleft\" src=\"http:\/\/www.fieam.org.br\/sesi\/wp-content\/uploads\/sites\/2\/2020\/01\/Pscic\u00f3loga-atende-aos-filhos-para-que-eles-passem-confian\u00e7a-aos-pais-1024x683.jpg\" alt=\"\" width=\"500\" height=\"333\" \/><\/a>Esta quinta-feira, 30, tamb\u00e9m foi de volta \u00e0s aulas para os pequenos alunos matriculados na Escola SESI Dr. Francisco Garcia, no Distrito Industrial. E, como sempre, um dia de muita choradeira de pais e filhos na hora de entregar as crian\u00e7as aos cuidados da creche.<\/p>\n<p>A prepara\u00e7\u00e3o dos pais antes de chegarem ao ambiente escolar \u00e9 essencial para que as crian\u00e7as se sintam seguras e o momento da separa\u00e7\u00e3o se torne mais tranquilo, ensina a psic\u00f3loga Mara Regina Tavares, que faz o acompanhamento da acolhida aos pais e crian\u00e7as da escola nos primeiros dias de atividade da creche na volta das f\u00e9rias.<\/p>\n<p>Para isso, Tavares orienta que os pais, quando poss\u00edvel, envolvam a crian\u00e7a na compra do material escolar, fardamento, e principalmente, frequentem o ambiente escolar, pelo menos no per\u00edodo de uma semana antes da ida da crian\u00e7a \u00e0 escola, para que ela se adapte e se envolva com o novo mundo que ir\u00e1 frequentar diariamente, passando seguran\u00e7a para ela.<\/p>\n<p>\u201cSeguran\u00e7a \u00e9 o que demonstra a professora ao abra\u00e7ar e atender cada crian\u00e7a de forma individual, conforme a sua necessidade, mas n\u00e3o \u00e9 apenas isso que far\u00e1 com que essa crian\u00e7a se sinta bem, os pais tamb\u00e9m precisam passar essa seguran\u00e7a de maneira l\u00fadica para que ela n\u00e3o sinta tanto a diferen\u00e7a\u201d, frisa a psic\u00f3loga.<\/p>\n<p>Os pais, assim como os filhos, tamb\u00e9m recebem aten\u00e7\u00e3o especial ao chegar ao SESI, pois muitas das vezes a crian\u00e7a est\u00e1 preparada para caminhar, mas os pais nem tanto, como \u00e9 o caso da jornalista Ruthiene Bind\u00e1, m\u00e3e do Rafael, de 1 ano e dois meses, que deixou pela primeira vez na escolinha do SESI e n\u00e3o conseguiu segurar as l\u00e1grimas, sendo acalmada pelas profissionais da institui\u00e7\u00e3o.<\/p>\n<p><a href=\"http:\/\/www.fieam.org.br\/sesi\/wp-content\/uploads\/sites\/2\/2020\/01\/Ruthiene-Bind\u00e1-deixa-seu-filho-pela-primeira-vez-no-SESI-1.jpg\"><img decoding=\"async\" class=\"wp-image-16207 aligncenter\" src=\"http:\/\/www.fieam.org.br\/sesi\/wp-content\/uploads\/sites\/2\/2020\/01\/Ruthiene-Bind\u00e1-deixa-seu-filho-pela-primeira-vez-no-SESI-1-1024x683.jpg\" alt=\"\" width=\"658\" height=\"439\" \/><\/a><\/p>\n<p>\u201cEle nem chorou, a m\u00e3e \u00e9 que chorou, que est\u00e1 aflita, mas sabemos que \u00e9 o melhor para o desenvolvimento pessoal dele. Gostei muito da estrutura que o SESI tem, sei que aqui tem profissionais qualificados para cuidar dele, mas cora\u00e7\u00e3o de m\u00e3e \u00e9 cora\u00e7\u00e3o de m\u00e3e, acho que n\u00e3o fujo \u00e0 regra de ficar aflita\u201d, disse Bind\u00e1.<\/p>\n<p>Para os industri\u00e1rios que deixam seus filhos no SESI, a localiza\u00e7\u00e3o e a confian\u00e7a na institui\u00e7\u00e3o, al\u00e9m de poder contar com os ensinamentos pedag\u00f3gicos oferecidos pela creche s\u00e3o pontos primordiais para a escolha do SESI, como explica a engenheira Monique Miranda, da empresa Samsung, m\u00e3e do aluno Lucas, de 2 anos.<\/p>\n<p><a href=\"https:\/\/marketingmassivo.com.br\/sesi\/wp-content\/uploads\/sites\/12\/2020\/01\/Engenharia-Monique-Miranda-e-seu-filho-Lucas.jpg\"><img decoding=\"async\" class=\" wp-image-16208 alignright\" src=\"http:\/\/www.fieam.org.br\/sesi\/wp-content\/uploads\/sites\/2\/2020\/01\/Engenharia-Monique-Miranda-e-seu-filho-Lucas-683x1024.jpg\" alt=\"\" width=\"353\" height=\"530\" \/><\/a>\u201cPara a gente (pais) \u00e9 superc\u00f4modo porque \u00e9 perto do trabalho, temos maior confian\u00e7a, a gente tem contato direto com o SESI por meio do servi\u00e7o social da empresa em que trabalho, ent\u00e3o qualquer probleminha a gente j\u00e1 fica sabendo r\u00e1pido, tem a facilidade do hor\u00e1rio, sendo flex\u00edvel de acordo com o nosso hor\u00e1rio de trabalho, conseguimos deixar cedinho o nosso filho aqui e quando sa\u00edmos recebemos ele na pr\u00f3pria empresa. Essa parte \u00e9 muito facilitada para n\u00f3s. E tem o lado pedag\u00f3gico tamb\u00e9m, porque n\u00e3o \u00e9 s\u00f3 uma creche que fica com a crian\u00e7a, eles t\u00eam as aulas, t\u00eam a parte de pedagogia mesmo. Para mim \u00e9 sensacional, meu filho se desenvolveu muito bem aqui, eu supercurto o SESI. Por mim, n\u00e3o tiro\u201d, disse a m\u00e3e de Lucas.<\/p>\n<p>De acordo com a gerente da escola, Maria Acilda Santos, muitas mudan\u00e7as est\u00e3o acontecendo na unidade para melhorar o ensino e se adequar aos novos m\u00e9todos conforme a Base Nacional Comum Curricular (BNCC). \u201cEstamos mudando a rotina dos professores com os alunos, implementando esportes para oferecer \u00e0s crian\u00e7as a partir dos 3 anos, al\u00e9m de realizar eventos que tamb\u00e9m as incluam\u201d disse a gerente.<\/p>\n<p>Na Escola SESI Dr. Francisco Garcia, localizada no Distrito Industrial, zona Sul de Manaus, funciona a maior creche da regi\u00e3o, com capacidade para cerca de 2 mil crian\u00e7as a partir de 4 meses at\u00e9 os 5 anos de idade. Mais informa\u00e7\u00f5es sobre matr\u00edculas do SESI podem ser obtidas pelos telefones (92) 3234-0610 e (92) 98406-2798.<\/p>\n<p>&nbsp;<\/p>\n<p>Para visualizar mais imagens da Escola SESI Dr. Francisco Garcia acesse\u00a0https:\/\/tinyurl.com\/w2gdfxx<\/p>\n<p>Volta \u00e0s aulas em Iranduba\u00a0https:\/\/tinyurl.com\/wya9azu<\/p>\n<p>Volta \u00e0s aulas em Parintins\u00a0https:\/\/tinyurl.com\/tko84ru<\/p>\n","protected":false},"excerpt":{"rendered":"<p>Esta quinta-feira, 30, tamb\u00e9m foi de volta \u00e0s aulas para os pequenos alunos matriculados na Escola SESI Dr. Francisco Garcia, no Distrito Industrial. E, como sempre, um dia de muita choradeira de pais e filhos na hora de entregar as crian\u00e7as aos cuidados da creche. A prepara\u00e7\u00e3o dos pais antes de chegarem ao ambiente escolar [&hellip;]<\/p>\n","protected":false},"author":1,"featured_media":16204,"comment_status":"closed","ping_status":"open","sticky":false,"template":"","format":"standard","meta":{"footnotes":""},"categories":[20,25,26],"tags":[],"class_list":["post-16203","post","type-post","status-publish","format-standard","has-post-thumbnail","hentry","category-banner-destaque","category-news","category-news-destaque"],"yoast_head":"<!-- This site is optimized with the Yoast SEO plugin v26.8 - https:\/\/yoast.com\/product\/yoast-seo-wordpress\/ -->\n<title>Creche do SESI retoma atividades com muita emo\u00e7\u00e3o - SESI<\/title>\n<meta name=\"robots\" content=\"index, follow, max-snippet:-1, max-image-preview:large, max-video-preview:-1\" \/>\n<link rel=\"canonical\" href=\"https:\/\/fieam.org.br\/sesi\/creche-do-sesi-retoma-atividades-com-muita-emocao\/\" \/>\n<meta property=\"og:locale\" content=\"pt_BR\" \/>\n<meta property=\"og:type\" content=\"article\" \/>\n<meta property=\"og:title\" content=\"Creche do SESI retoma atividades com muita emo\u00e7\u00e3o - SESI\" \/>\n<meta property=\"og:description\" content=\"Esta quinta-feira, 30, tamb\u00e9m foi de volta \u00e0s aulas para os pequenos alunos matriculados na Escola SESI Dr. Francisco Garcia, no Distrito Industrial. E, como sempre, um dia de muita choradeira de pais e filhos na hora de entregar as crian\u00e7as aos cuidados da creche. A prepara\u00e7\u00e3o dos pais antes de chegarem ao ambiente escolar [&hellip;]\" \/>\n<meta property=\"og:url\" content=\"https:\/\/fieam.org.br\/sesi\/creche-do-sesi-retoma-atividades-com-muita-emocao\/\" \/>\n<meta property=\"og:site_name\" content=\"SESI\" \/>\n<meta property=\"article:published_time\" content=\"2020-01-30T21:36:54+00:00\" \/>\n<meta name=\"author\" content=\"Autor\" \/>\n<meta name=\"twitter:card\" content=\"summary_large_image\" \/>\n<meta name=\"twitter:label1\" content=\"Escrito por\" \/>\n\t<meta name=\"twitter:data1\" content=\"Autor\" \/>\n\t<meta name=\"twitter:label2\" content=\"Est. tempo de leitura\" \/>\n\t<meta name=\"twitter:data2\" content=\"4 minutos\" \/>\n<script type=\"application\/ld+json\" class=\"yoast-schema-graph\">{\"@context\":\"https:\/\/schema.org\",\"@graph\":[{\"@type\":\"Article\",\"@id\":\"https:\/\/fieam.org.br\/sesi\/creche-do-sesi-retoma-atividades-com-muita-emocao\/#article\",\"isPartOf\":{\"@id\":\"https:\/\/fieam.org.br\/sesi\/creche-do-sesi-retoma-atividades-com-muita-emocao\/\"},\"author\":{\"name\":\"Autor\",\"@id\":\"https:\/\/fieam.org.br\/sesi\/#\/schema\/person\/c1ceda8321521b291cee22da0a7d34be\"},\"headline\":\"Creche do SESI retoma atividades com muita emo\u00e7\u00e3o\",\"datePublished\":\"2020-01-30T21:36:54+00:00\",\"mainEntityOfPage\":{\"@id\":\"https:\/\/fieam.org.br\/sesi\/creche-do-sesi-retoma-atividades-com-muita-emocao\/\"},\"wordCount\":736,\"publisher\":{\"@id\":\"https:\/\/fieam.org.br\/sesi\/#organization\"},\"image\":{\"@id\":\"https:\/\/fieam.org.br\/sesi\/creche-do-sesi-retoma-atividades-com-muita-emocao\/#primaryimage\"},\"thumbnailUrl\":\"\",\"articleSection\":[\"Banner Destaque\",\"News\",\"News Destaque\"],\"inLanguage\":\"pt-BR\"},{\"@type\":\"WebPage\",\"@id\":\"https:\/\/fieam.org.br\/sesi\/creche-do-sesi-retoma-atividades-com-muita-emocao\/\",\"url\":\"https:\/\/fieam.org.br\/sesi\/creche-do-sesi-retoma-atividades-com-muita-emocao\/\",\"name\":\"Creche do SESI retoma atividades com muita emo\u00e7\u00e3o - SESI\",\"isPartOf\":{\"@id\":\"https:\/\/fieam.org.br\/sesi\/#website\"},\"primaryImageOfPage\":{\"@id\":\"https:\/\/fieam.org.br\/sesi\/creche-do-sesi-retoma-atividades-com-muita-emocao\/#primaryimage\"},\"image\":{\"@id\":\"https:\/\/fieam.org.br\/sesi\/creche-do-sesi-retoma-atividades-com-muita-emocao\/#primaryimage\"},\"thumbnailUrl\":\"\",\"datePublished\":\"2020-01-30T21:36:54+00:00\",\"breadcrumb\":{\"@id\":\"https:\/\/fieam.org.br\/sesi\/creche-do-sesi-retoma-atividades-com-muita-emocao\/#breadcrumb\"},\"inLanguage\":\"pt-BR\",\"potentialAction\":[{\"@type\":\"ReadAction\",\"target\":[\"https:\/\/fieam.org.br\/sesi\/creche-do-sesi-retoma-atividades-com-muita-emocao\/\"]}]},{\"@type\":\"ImageObject\",\"inLanguage\":\"pt-BR\",\"@id\":\"https:\/\/fieam.org.br\/sesi\/creche-do-sesi-retoma-atividades-com-muita-emocao\/#primaryimage\",\"url\":\"\",\"contentUrl\":\"\"},{\"@type\":\"BreadcrumbList\",\"@id\":\"https:\/\/fieam.org.br\/sesi\/creche-do-sesi-retoma-atividades-com-muita-emocao\/#breadcrumb\",\"itemListElement\":[{\"@type\":\"ListItem\",\"position\":1,\"name\":\"In\u00edcio\",\"item\":\"https:\/\/fieam.org.br\/sesi\/\"},{\"@type\":\"ListItem\",\"position\":2,\"name\":\"Creche do SESI retoma atividades com muita emo\u00e7\u00e3o\"}]},{\"@type\":\"WebSite\",\"@id\":\"https:\/\/fieam.org.br\/sesi\/#website\",\"url\":\"https:\/\/fieam.org.br\/sesi\/\",\"name\":\"SESI\",\"description\":\"Site Oficial!\",\"publisher\":{\"@id\":\"https:\/\/fieam.org.br\/sesi\/#organization\"},\"potentialAction\":[{\"@type\":\"SearchAction\",\"target\":{\"@type\":\"EntryPoint\",\"urlTemplate\":\"https:\/\/fieam.org.br\/sesi\/?s={search_term_string}\"},\"query-input\":{\"@type\":\"PropertyValueSpecification\",\"valueRequired\":true,\"valueName\":\"search_term_string\"}}],\"inLanguage\":\"pt-BR\"},{\"@type\":\"Organization\",\"@id\":\"https:\/\/fieam.org.br\/sesi\/#organization\",\"name\":\"SESI\",\"url\":\"https:\/\/fieam.org.br\/sesi\/\",\"logo\":{\"@type\":\"ImageObject\",\"inLanguage\":\"pt-BR\",\"@id\":\"https:\/\/fieam.org.br\/sesi\/#\/schema\/logo\/image\/\",\"url\":\"https:\/\/fieam.org.br\/sesi\/wp-content\/uploads\/sites\/14\/2024\/03\/cropped-fav.png\",\"contentUrl\":\"https:\/\/fieam.org.br\/sesi\/wp-content\/uploads\/sites\/14\/2024\/03\/cropped-fav.png\",\"width\":610,\"height\":589,\"caption\":\"SESI\"},\"image\":{\"@id\":\"https:\/\/fieam.org.br\/sesi\/#\/schema\/logo\/image\/\"}},{\"@type\":\"Person\",\"@id\":\"https:\/\/fieam.org.br\/sesi\/#\/schema\/person\/c1ceda8321521b291cee22da0a7d34be\",\"name\":\"Autor\",\"image\":{\"@type\":\"ImageObject\",\"inLanguage\":\"pt-BR\",\"@id\":\"https:\/\/fieam.org.br\/sesi\/#\/schema\/person\/image\/\",\"url\":\"https:\/\/secure.gravatar.com\/avatar\/3732c223e0e1fad69062a8f770955c9068d37b055204f310a0be18d4069fe380?s=96&d=mm&r=g\",\"contentUrl\":\"https:\/\/secure.gravatar.com\/avatar\/3732c223e0e1fad69062a8f770955c9068d37b055204f310a0be18d4069fe380?s=96&d=mm&r=g\",\"caption\":\"Autor\"},\"sameAs\":[\"https:\/\/marketingmassivo.com.br\"],\"url\":\"https:\/\/fieam.org.br\/sesi\/author\/admin\/\"}]}<\/script>\n<!-- \/ Yoast SEO plugin. -->","yoast_head_json":{"title":"Creche do SESI retoma atividades com muita emo\u00e7\u00e3o - SESI","robots":{"index":"index","follow":"follow","max-snippet":"max-snippet:-1","max-image-preview":"max-image-preview:large","max-video-preview":"max-video-preview:-1"},"canonical":"https:\/\/fieam.org.br\/sesi\/creche-do-sesi-retoma-atividades-com-muita-emocao\/","og_locale":"pt_BR","og_type":"article","og_title":"Creche do SESI retoma atividades com muita emo\u00e7\u00e3o - SESI","og_description":"Esta quinta-feira, 30, tamb\u00e9m foi de volta \u00e0s aulas para os pequenos alunos matriculados na Escola SESI Dr. Francisco Garcia, no Distrito Industrial. E, como sempre, um dia de muita choradeira de pais e filhos na hora de entregar as crian\u00e7as aos cuidados da creche. A prepara\u00e7\u00e3o dos pais antes de chegarem ao ambiente escolar [&hellip;]","og_url":"https:\/\/fieam.org.br\/sesi\/creche-do-sesi-retoma-atividades-com-muita-emocao\/","og_site_name":"SESI","article_published_time":"2020-01-30T21:36:54+00:00","author":"Autor","twitter_card":"summary_large_image","twitter_misc":{"Escrito por":"Autor","Est. tempo de leitura":"4 minutos"},"schema":{"@context":"https:\/\/schema.org","@graph":[{"@type":"Article","@id":"https:\/\/fieam.org.br\/sesi\/creche-do-sesi-retoma-atividades-com-muita-emocao\/#article","isPartOf":{"@id":"https:\/\/fieam.org.br\/sesi\/creche-do-sesi-retoma-atividades-com-muita-emocao\/"},"author":{"name":"Autor","@id":"https:\/\/fieam.org.br\/sesi\/#\/schema\/person\/c1ceda8321521b291cee22da0a7d34be"},"headline":"Creche do SESI retoma atividades com muita emo\u00e7\u00e3o","datePublished":"2020-01-30T21:36:54+00:00","mainEntityOfPage":{"@id":"https:\/\/fieam.org.br\/sesi\/creche-do-sesi-retoma-atividades-com-muita-emocao\/"},"wordCount":736,"publisher":{"@id":"https:\/\/fieam.org.br\/sesi\/#organization"},"image":{"@id":"https:\/\/fieam.org.br\/sesi\/creche-do-sesi-retoma-atividades-com-muita-emocao\/#primaryimage"},"thumbnailUrl":"","articleSection":["Banner Destaque","News","News Destaque"],"inLanguage":"pt-BR"},{"@type":"WebPage","@id":"https:\/\/fieam.org.br\/sesi\/creche-do-sesi-retoma-atividades-com-muita-emocao\/","url":"https:\/\/fieam.org.br\/sesi\/creche-do-sesi-retoma-atividades-com-muita-emocao\/","name":"Creche do SESI retoma atividades com muita emo\u00e7\u00e3o - SESI","isPartOf":{"@id":"https:\/\/fieam.org.br\/sesi\/#website"},"primaryImageOfPage":{"@id":"https:\/\/fieam.org.br\/sesi\/creche-do-sesi-retoma-atividades-com-muita-emocao\/#primaryimage"},"image":{"@id":"https:\/\/fieam.org.br\/sesi\/creche-do-sesi-retoma-atividades-com-muita-emocao\/#primaryimage"},"thumbnailUrl":"","datePublished":"2020-01-30T21:36:54+00:00","breadcrumb":{"@id":"https:\/\/fieam.org.br\/sesi\/creche-do-sesi-retoma-atividades-com-muita-emocao\/#breadcrumb"},"inLanguage":"pt-BR","potentialAction":[{"@type":"ReadAction","target":["https:\/\/fieam.org.br\/sesi\/creche-do-sesi-retoma-atividades-com-muita-emocao\/"]}]},{"@type":"ImageObject","inLanguage":"pt-BR","@id":"https:\/\/fieam.org.br\/sesi\/creche-do-sesi-retoma-atividades-com-muita-emocao\/#primaryimage","url":"","contentUrl":""},{"@type":"BreadcrumbList","@id":"https:\/\/fieam.org.br\/sesi\/creche-do-sesi-retoma-atividades-com-muita-emocao\/#breadcrumb","itemListElement":[{"@type":"ListItem","position":1,"name":"In\u00edcio","item":"https:\/\/fieam.org.br\/sesi\/"},{"@type":"ListItem","position":2,"name":"Creche do SESI retoma atividades com muita emo\u00e7\u00e3o"}]},{"@type":"WebSite","@id":"https:\/\/fieam.org.br\/sesi\/#website","url":"https:\/\/fieam.org.br\/sesi\/","name":"SESI","description":"Site Oficial!","publisher":{"@id":"https:\/\/fieam.org.br\/sesi\/#organization"},"potentialAction":[{"@type":"SearchAction","target":{"@type":"EntryPoint","urlTemplate":"https:\/\/fieam.org.br\/sesi\/?s={search_term_string}"},"query-input":{"@type":"PropertyValueSpecification","valueRequired":true,"valueName":"search_term_string"}}],"inLanguage":"pt-BR"},{"@type":"Organization","@id":"https:\/\/fieam.org.br\/sesi\/#organization","name":"SESI","url":"https:\/\/fieam.org.br\/sesi\/","logo":{"@type":"ImageObject","inLanguage":"pt-BR","@id":"https:\/\/fieam.org.br\/sesi\/#\/schema\/logo\/image\/","url":"https:\/\/fieam.org.br\/sesi\/wp-content\/uploads\/sites\/14\/2024\/03\/cropped-fav.png","contentUrl":"https:\/\/fieam.org.br\/sesi\/wp-content\/uploads\/sites\/14\/2024\/03\/cropped-fav.png","width":610,"height":589,"caption":"SESI"},"image":{"@id":"https:\/\/fieam.org.br\/sesi\/#\/schema\/logo\/image\/"}},{"@type":"Person","@id":"https:\/\/fieam.org.br\/sesi\/#\/schema\/person\/c1ceda8321521b291cee22da0a7d34be","name":"Autor","image":{"@type":"ImageObject","inLanguage":"pt-BR","@id":"https:\/\/fieam.org.br\/sesi\/#\/schema\/person\/image\/","url":"https:\/\/secure.gravatar.com\/avatar\/3732c223e0e1fad69062a8f770955c9068d37b055204f310a0be18d4069fe380?s=96&d=mm&r=g","contentUrl":"https:\/\/secure.gravatar.com\/avatar\/3732c223e0e1fad69062a8f770955c9068d37b055204f310a0be18d4069fe380?s=96&d=mm&r=g","caption":"Autor"},"sameAs":["https:\/\/marketingmassivo.com.br"],"url":"https:\/\/fieam.org.br\/sesi\/author\/admin\/"}]}},"_links":{"self":[{"href":"https:\/\/fieam.org.br\/sesi\/wp-json\/wp\/v2\/posts\/16203","targetHints":{"allow":["GET"]}}],"collection":[{"href":"https:\/\/fieam.org.br\/sesi\/wp-json\/wp\/v2\/posts"}],"about":[{"href":"https:\/\/fieam.org.br\/sesi\/wp-json\/wp\/v2\/types\/post"}],"author":[{"embeddable":true,"href":"https:\/\/fieam.org.br\/sesi\/wp-json\/wp\/v2\/users\/1"}],"replies":[{"embeddable":true,"href":"https:\/\/fieam.org.br\/sesi\/wp-json\/wp\/v2\/comments?post=16203"}],"version-history":[{"count":0,"href":"https:\/\/fieam.org.br\/sesi\/wp-json\/wp\/v2\/posts\/16203\/revisions"}],"wp:featuredmedia":[{"embeddable":true,"href":"https:\/\/fieam.org.br\/sesi\/wp-json\/"}],"wp:attachment":[{"href":"https:\/\/fieam.org.br\/sesi\/wp-json\/wp\/v2\/media?parent=16203"}],"wp:term":[{"taxonomy":"category","embeddable":true,"href":"https:\/\/fieam.org.br\/sesi\/wp-json\/wp\/v2\/categories?post=16203"},{"taxonomy":"post_tag","embeddable":true,"href":"https:\/\/fieam.org.br\/sesi\/wp-json\/wp\/v2\/tags?post=16203"}],"curies":[{"name":"wp","href":"https:\/\/api.w.org\/{rel}","templated":true}]}}