{"id":15873,"date":"2019-12-02T16:40:37","date_gmt":"2019-12-02T20:40:37","guid":{"rendered":"http:\/\/www.fieam.org.br\/sesi\/?p=15873"},"modified":"2019-12-02T16:40:37","modified_gmt":"2019-12-02T20:40:37","slug":"encerramento-dos-jogos-sesi-tem-festa-na-arena-da-amazonia","status":"publish","type":"post","link":"https:\/\/fieam.org.br\/sesi\/encerramento-dos-jogos-sesi-tem-festa-na-arena-da-amazonia\/","title":{"rendered":"Encerramento dos Jogos SESI tem festa na Arena da Amaz\u00f4nia"},"content":{"rendered":"<p><a href=\"https:\/\/marketingmassivo.com.br\/sesi\/wp-content\/uploads\/sites\/12\/2019\/12\/Salcomp-vence-futebol-feminino-nos-Jogos-SESI-2019_.jpg\"><img fetchpriority=\"high\" decoding=\"async\" class=\" wp-image-15880 alignleft\" src=\"http:\/\/www.fieam.org.br\/sesi\/wp-content\/uploads\/sites\/2\/2019\/12\/Salcomp-vence-futebol-feminino-nos-Jogos-SESI-2019_-1024x683.jpg\" alt=\"\" width=\"427\" height=\"285\" \/><\/a><\/p>\n<p><a href=\"http:\/\/www.fieam.org.br\/sesi\/wp-content\/uploads\/sites\/2\/2019\/12\/Moto-Honda-\u00e9-Bicampe\u00e3-na-modalidade-Futebol-de-Campo-dos-Jogos-SESI-2019.jpg\"><img decoding=\"async\" class=\"wp-image-15881 alignright\" src=\"http:\/\/www.fieam.org.br\/sesi\/wp-content\/uploads\/sites\/2\/2019\/12\/Moto-Honda-\u00e9-Bicampe\u00e3-na-modalidade-Futebol-de-Campo-dos-Jogos-SESI-2019-1024x683.jpg\" alt=\"\" width=\"433\" height=\"289\" \/><\/a><\/p>\n<p>&nbsp;<\/p>\n<p>&nbsp;<\/p>\n<p>&nbsp;<\/p>\n<p>&nbsp;<\/p>\n<p>&nbsp;<\/p>\n<p>&nbsp;<\/p>\n<p>&nbsp;<\/p>\n<p>&nbsp;<\/p>\n<p>&nbsp;<\/p>\n<p>&nbsp;<\/p>\n<p>&nbsp;<\/p>\n<p>Terminou em festa a 19\u00aa edi\u00e7\u00e3o dos Jogos SESI, na Arena da Amaz\u00f4nia, nesta sexta-feira (29), com direito a rodada dupla nas finais do futebol e entrega de medalhas e trof\u00e9us nas seis modalidades da competi\u00e7\u00e3o: futebol de campo, futebol sete (m\u00e1ster e principal), futsal, v\u00f4lei de quadra e v\u00f4lei de praia. Para as empresas Moto Honda e Salcomp, a vit\u00f3ria em campo no futebol masculino e feminino, respectivamente, coroou as melhores campanhas em toda a competi\u00e7\u00e3o, em 2019, nos dois naipes. Iniciados em abril, os Jogos SESI reuniram, em sete meses, cerca de 5 mil trabalhadores-atletas de 138 empresas do Polo Industrial de Manaus (PIM).<\/p>\n<p>O time bicampe\u00e3o da Moto Honda n\u00e3o teve dificuldade para vencer o time da Nissin Brake, repetindo o resultado da final de 2018. Mas, ao contr\u00e1rio daquele ano, com decis\u00e3o nos p\u00eanaltis, agora a Honda cravou os 3 gols que definiram o placar no tempo regulamentar. A Nissin reagiu no final do segundo tempo e o atacante Adeilson ainda conseguiu furar a zaga advers\u00e1ria e deixar a sua marca com um gol. O t\u00e9cnico Rodnei de Freitas reclamou da arbitragem que, segundo ele, fez vista grossa para um p\u00eanalti \u201cclar\u00edssimo\u201d da Honda, o que, na sua avalia\u00e7\u00e3o, poderia ter mudado o rumo da partida. N\u00e3o deu. Os gols da Honda foram marcados por Ulisses, logo aos 12 minutos do primeiro tempo, por S\u00e9rgio e Tony Panza, este no segundo tempo.<\/p>\n<p><a href=\"https:\/\/marketingmassivo.com.br\/sesi\/wp-content\/uploads\/sites\/12\/2019\/12\/Brenda-Maciel-e-o-esposo-Lucas-Felipe-Marques-da-Moto-Honda.jpg\"><img decoding=\"async\" class=\" wp-image-15882 alignleft\" src=\"http:\/\/www.fieam.org.br\/sesi\/wp-content\/uploads\/sites\/2\/2019\/12\/Brenda-Maciel-e-o-esposo-Lucas-Felipe-Marques-da-Moto-Honda-1024x683.jpg\" alt=\"\" width=\"510\" height=\"340\" \/><\/a><\/p>\n<p>&nbsp;<\/p>\n<blockquote><p>Na torcida da Honda, um trio de esposas aguardou ansioso o in\u00edcio da partida para ver os maridos em campo. Mesmo sem entender absolutamente nada de futebol, Larissa Carvalho, 31, Brenda Maciel, 25, e Irlane Duarte, 24, prometiam muitos gritos se os gols viessem. Al\u00e9m de morar na mesma regi\u00e3o, entre os bairros de Santa Luzia e Morro da Liberdade, na zona Sul, as tr\u00eas fam\u00edlias t\u00eam outro fator que favorece a uni\u00e3o al\u00e9m do futebol: os maridos atuam nos mesmos setores de pintura e solda da Moto Honda da Amaz\u00f4nia.<\/p><\/blockquote>\n<p>&nbsp;<\/p>\n<p>&nbsp;<\/p>\n<p>Na fileira abaixo, o samba n\u00e3o parava um minuto, com os quatro integrantes do grupo de pagode Sem Compromisso, contratado da terceirizada da Honda, LMaximus. Surdo, caixa, repique e chocalho seguraram o ritmo at\u00e9 o fim, sob o comando de Jos\u00e9 Luiz, 21.<\/p>\n<p>Na segunda torcida mais numerosa e menos barulhenta, a da GBR, que disputou e perdeu para a Salcomp a final, no feminino, por 4 a 0, a ex-jogadora Ada\u00edde Nascimento, 46, tentava levar o seu time para frente no grito, ora reclamando da t\u00e9cnica, ora indicado uma jogada de gol.<\/p>\n<p>Ada\u00edde, que trabalha na GTEC, um cons\u00f3rcio de empresas que atende \u00e0 GBR, achou muito justa a homenagem que o SESI fez \u00e0 colega, Elis Regina da Costa Brito, a Bal\u00e3o, que fez sua despedida do futebol na partida contra a Salcomp.<\/p>\n<p><a href=\"http:\/\/www.fieam.org.br\/sesi\/wp-content\/uploads\/sites\/2\/2019\/12\/Elis-Regina-\u00e9-homenageada-pelos-seus-35-anos-dedicados-ao-futebol-amazonense.jpg\"><img loading=\"lazy\" decoding=\"async\" class=\" wp-image-15884 alignright\" src=\"http:\/\/www.fieam.org.br\/sesi\/wp-content\/uploads\/sites\/2\/2019\/12\/Elis-Regina-\u00e9-homenageada-pelos-seus-35-anos-dedicados-ao-futebol-amazonense-1024x683.jpg\" alt=\"\" width=\"524\" height=\"349\" \/><\/a><\/p>\n<p>&nbsp;<\/p>\n<p>&nbsp;<\/p>\n<p>&nbsp;<\/p>\n<blockquote><p>Antes do in\u00edcio das duas partidas, Elis Regina, aos 49 anos, recebeu das m\u00e3os do gerente do SESI Clube, Paulo Roberto Silva, um diploma de reconhecimento por sua atua\u00e7\u00e3o em 35 anos de futebol. No curr\u00edculo, Bal\u00e3o, como \u00e9 conhecida no meio esportivo, tem atua\u00e7\u00f5es pelo Fast, Sul-Am\u00e9rica, S\u00e3o Raimundo, Rio Negro e Nacional.<\/p><\/blockquote>\n<p>&nbsp;<\/p>\n<p>&nbsp;<\/p>\n<p>&nbsp;<\/p>\n<p>Na cerim\u00f4nia de abertura, os times da Moto Honda, Salcomp, GBR e Nissin Brake ocuparam todo o gramado da Arena da Amaz\u00f4nia para formar o la\u00e7o (humano) s\u00edmbolo de solidariedade e de comprometimento na luta contra a Aids, iniciativa do SESI para mostrar o compromisso da institui\u00e7\u00e3o com esta causa na antev\u00e9spera do dia mundial de luta contra a Aids.<\/p>\n<p>&nbsp;<\/p>\n<p>Resultado final dos Jogos SESI 2019:<\/p>\n<p>Placar final \u2013 Modalidades:<\/p>\n<p><strong>Futebol 7 Master<\/strong><\/p>\n<p>Philco 1\u00ba lugar<\/p>\n<p>Moto Honda 2\u00ba lugar<\/p>\n<p>Mitsuba 3\u00ba lugar<\/p>\n<p>&nbsp;<\/p>\n<p><strong>Futebol 7 Principal Masculino<\/strong><\/p>\n<p>CTK 1\u00ba lugar<\/p>\n<p>Mitsuba 2\u00ba lugar<\/p>\n<p>Ocrim 3\u00ba lugar<\/p>\n<p>&nbsp;<\/p>\n<p><strong>Futsal Feminino<\/strong><\/p>\n<p>Salcomp 1\u00ba lugar<\/p>\n<p>Keihin 2\u00ba lugar<\/p>\n<p>Transire 3\u00ba lugar<\/p>\n<p>&nbsp;<\/p>\n<p><strong>Futsal Masculino<\/strong><\/p>\n<p>CTK 1\u00ba lugar<\/p>\n<p>Semp TCL 2\u00ba lugar<\/p>\n<p>Salcomp 3\u00ba lugar<\/p>\n<p>&nbsp;<\/p>\n<p><strong>V\u00f4lei de quadra feminino<\/strong><\/p>\n<p>I-Sheng 1\u00ba lugar<\/p>\n<p>Salcomp 2\u00ba lugar<\/p>\n<p>Yamaha 3\u00ba lugar<\/p>\n<p>&nbsp;<\/p>\n<p><strong>V\u00f4lei de quadra masculino<\/strong><\/p>\n<p>Moto Honda 1\u00ba lugar<\/p>\n<p>I-Sheng 2\u00ba lugar<\/p>\n<p>Yamaha 3\u00ba lugar<\/p>\n<p>&nbsp;<\/p>\n<p><strong>V\u00f4lei de praia feminino<\/strong><\/p>\n<p>I-Sheng 1\u00ba lugar<\/p>\n<p>Salcomp 2\u00ba lugar<\/p>\n<p>Yamaha 3\u00ba lugar<\/p>\n<p>&nbsp;<\/p>\n<p><strong>V\u00f4lei de praia masculino<\/strong><\/p>\n<p>Moto Honda 1\u00ba lugar<\/p>\n<p>Yamaha 2\u00ba lugar<\/p>\n<p>I-Sheng 3\u00ba lugar<\/p>\n<p>&nbsp;<\/p>\n<p><strong>Futebol masculino<\/strong><\/p>\n<p>Moto Honda 1\u00ba lugar<\/p>\n<p>Nissin Brake 2\u00ba lugar<\/p>\n<p>Philco 3\u00ba lugar<\/p>\n<p>&nbsp;<\/p>\n<p><strong>Futebol Feminino<\/strong><\/p>\n<p>Salcomp 1\u00ba lugar<\/p>\n<p>GBR 2\u00ba lugar<\/p>\n<p>Honda 3\u00ba lugar (ganhou por W x O da Panasonic)<\/p>\n<p>&nbsp;<\/p>\n<p><u>Campe\u00e3s gerais:<\/u><\/p>\n<p><strong>Feminino<\/strong><\/p>\n<p>Salcomp 1\u00ba lugar<\/p>\n<p>I-Sheng 2\u00ba lugar<\/p>\n<p>Yamaha 3\u00ba lugar<\/p>\n<p><strong>Masculino<\/strong><\/p>\n<p>Moto Honda 1\u00ba lugar<\/p>\n<p>Philco 2\u00ba lugar<\/p>\n<p>CTK 3\u00ba lugar<\/p>\n","protected":false},"excerpt":{"rendered":"<p>&nbsp; &nbsp; &nbsp; &nbsp; &nbsp; &nbsp; &nbsp; &nbsp; &nbsp; &nbsp; &nbsp; Terminou em festa a 19\u00aa edi\u00e7\u00e3o dos Jogos SESI, na Arena da Amaz\u00f4nia, nesta sexta-feira (29), com direito a rodada dupla nas finais do futebol e entrega de medalhas e trof\u00e9us nas seis modalidades da competi\u00e7\u00e3o: futebol de campo, futebol sete (m\u00e1ster e principal), [&hellip;]<\/p>\n","protected":false},"author":1,"featured_media":16010,"comment_status":"closed","ping_status":"open","sticky":false,"template":"","format":"standard","meta":{"footnotes":""},"categories":[20,25,26],"tags":[],"class_list":["post-15873","post","type-post","status-publish","format-standard","has-post-thumbnail","hentry","category-banner-destaque","category-news","category-news-destaque"],"yoast_head":"<!-- This site is optimized with the Yoast SEO plugin v26.8 - https:\/\/yoast.com\/product\/yoast-seo-wordpress\/ -->\n<title>Encerramento dos Jogos SESI tem festa na Arena da Amaz\u00f4nia - SESI<\/title>\n<meta name=\"robots\" content=\"index, follow, max-snippet:-1, max-image-preview:large, max-video-preview:-1\" \/>\n<link rel=\"canonical\" href=\"https:\/\/fieam.org.br\/sesi\/encerramento-dos-jogos-sesi-tem-festa-na-arena-da-amazonia\/\" \/>\n<meta property=\"og:locale\" content=\"pt_BR\" \/>\n<meta property=\"og:type\" content=\"article\" \/>\n<meta property=\"og:title\" content=\"Encerramento dos Jogos SESI tem festa na Arena da Amaz\u00f4nia - SESI\" \/>\n<meta property=\"og:description\" content=\"&nbsp; &nbsp; &nbsp; &nbsp; &nbsp; &nbsp; &nbsp; &nbsp; &nbsp; &nbsp; &nbsp; Terminou em festa a 19\u00aa edi\u00e7\u00e3o dos Jogos SESI, na Arena da Amaz\u00f4nia, nesta sexta-feira (29), com direito a rodada dupla nas finais do futebol e entrega de medalhas e trof\u00e9us nas seis modalidades da competi\u00e7\u00e3o: futebol de campo, futebol sete (m\u00e1ster e principal), [&hellip;]\" \/>\n<meta property=\"og:url\" content=\"https:\/\/fieam.org.br\/sesi\/encerramento-dos-jogos-sesi-tem-festa-na-arena-da-amazonia\/\" \/>\n<meta property=\"og:site_name\" content=\"SESI\" \/>\n<meta property=\"article:published_time\" content=\"2019-12-02T20:40:37+00:00\" \/>\n<meta property=\"og:image\" content=\"https:\/\/fieam.org.br\/sesi\/wp-content\/uploads\/sites\/14\/2019\/12\/MG_8051.jpg\" \/>\n\t<meta property=\"og:image:width\" content=\"1024\" \/>\n\t<meta property=\"og:image:height\" content=\"683\" \/>\n\t<meta property=\"og:image:type\" content=\"image\/jpeg\" \/>\n<meta name=\"author\" content=\"Autor\" \/>\n<meta name=\"twitter:card\" content=\"summary_large_image\" \/>\n<meta name=\"twitter:label1\" content=\"Escrito por\" \/>\n\t<meta name=\"twitter:data1\" content=\"Autor\" \/>\n\t<meta name=\"twitter:label2\" content=\"Est. tempo de leitura\" \/>\n\t<meta name=\"twitter:data2\" content=\"4 minutos\" \/>\n<script type=\"application\/ld+json\" class=\"yoast-schema-graph\">{\"@context\":\"https:\/\/schema.org\",\"@graph\":[{\"@type\":\"Article\",\"@id\":\"https:\/\/fieam.org.br\/sesi\/encerramento-dos-jogos-sesi-tem-festa-na-arena-da-amazonia\/#article\",\"isPartOf\":{\"@id\":\"https:\/\/fieam.org.br\/sesi\/encerramento-dos-jogos-sesi-tem-festa-na-arena-da-amazonia\/\"},\"author\":{\"name\":\"Autor\",\"@id\":\"https:\/\/fieam.org.br\/sesi\/#\/schema\/person\/c1ceda8321521b291cee22da0a7d34be\"},\"headline\":\"Encerramento dos Jogos SESI tem festa na Arena da Amaz\u00f4nia\",\"datePublished\":\"2019-12-02T20:40:37+00:00\",\"mainEntityOfPage\":{\"@id\":\"https:\/\/fieam.org.br\/sesi\/encerramento-dos-jogos-sesi-tem-festa-na-arena-da-amazonia\/\"},\"wordCount\":780,\"publisher\":{\"@id\":\"https:\/\/fieam.org.br\/sesi\/#organization\"},\"image\":{\"@id\":\"https:\/\/fieam.org.br\/sesi\/encerramento-dos-jogos-sesi-tem-festa-na-arena-da-amazonia\/#primaryimage\"},\"thumbnailUrl\":\"https:\/\/fieam.org.br\/sesi\/wp-content\/uploads\/sites\/14\/2019\/12\/MG_8051.jpg\",\"articleSection\":[\"Banner Destaque\",\"News\",\"News Destaque\"],\"inLanguage\":\"pt-BR\"},{\"@type\":\"WebPage\",\"@id\":\"https:\/\/fieam.org.br\/sesi\/encerramento-dos-jogos-sesi-tem-festa-na-arena-da-amazonia\/\",\"url\":\"https:\/\/fieam.org.br\/sesi\/encerramento-dos-jogos-sesi-tem-festa-na-arena-da-amazonia\/\",\"name\":\"Encerramento dos Jogos SESI tem festa na Arena da Amaz\u00f4nia - SESI\",\"isPartOf\":{\"@id\":\"https:\/\/fieam.org.br\/sesi\/#website\"},\"primaryImageOfPage\":{\"@id\":\"https:\/\/fieam.org.br\/sesi\/encerramento-dos-jogos-sesi-tem-festa-na-arena-da-amazonia\/#primaryimage\"},\"image\":{\"@id\":\"https:\/\/fieam.org.br\/sesi\/encerramento-dos-jogos-sesi-tem-festa-na-arena-da-amazonia\/#primaryimage\"},\"thumbnailUrl\":\"https:\/\/fieam.org.br\/sesi\/wp-content\/uploads\/sites\/14\/2019\/12\/MG_8051.jpg\",\"datePublished\":\"2019-12-02T20:40:37+00:00\",\"breadcrumb\":{\"@id\":\"https:\/\/fieam.org.br\/sesi\/encerramento-dos-jogos-sesi-tem-festa-na-arena-da-amazonia\/#breadcrumb\"},\"inLanguage\":\"pt-BR\",\"potentialAction\":[{\"@type\":\"ReadAction\",\"target\":[\"https:\/\/fieam.org.br\/sesi\/encerramento-dos-jogos-sesi-tem-festa-na-arena-da-amazonia\/\"]}]},{\"@type\":\"ImageObject\",\"inLanguage\":\"pt-BR\",\"@id\":\"https:\/\/fieam.org.br\/sesi\/encerramento-dos-jogos-sesi-tem-festa-na-arena-da-amazonia\/#primaryimage\",\"url\":\"https:\/\/fieam.org.br\/sesi\/wp-content\/uploads\/sites\/14\/2019\/12\/MG_8051.jpg\",\"contentUrl\":\"https:\/\/fieam.org.br\/sesi\/wp-content\/uploads\/sites\/14\/2019\/12\/MG_8051.jpg\",\"width\":1024,\"height\":683},{\"@type\":\"BreadcrumbList\",\"@id\":\"https:\/\/fieam.org.br\/sesi\/encerramento-dos-jogos-sesi-tem-festa-na-arena-da-amazonia\/#breadcrumb\",\"itemListElement\":[{\"@type\":\"ListItem\",\"position\":1,\"name\":\"In\u00edcio\",\"item\":\"https:\/\/fieam.org.br\/sesi\/\"},{\"@type\":\"ListItem\",\"position\":2,\"name\":\"Encerramento dos Jogos SESI tem festa na Arena da Amaz\u00f4nia\"}]},{\"@type\":\"WebSite\",\"@id\":\"https:\/\/fieam.org.br\/sesi\/#website\",\"url\":\"https:\/\/fieam.org.br\/sesi\/\",\"name\":\"SESI\",\"description\":\"Site Oficial!\",\"publisher\":{\"@id\":\"https:\/\/fieam.org.br\/sesi\/#organization\"},\"potentialAction\":[{\"@type\":\"SearchAction\",\"target\":{\"@type\":\"EntryPoint\",\"urlTemplate\":\"https:\/\/fieam.org.br\/sesi\/?s={search_term_string}\"},\"query-input\":{\"@type\":\"PropertyValueSpecification\",\"valueRequired\":true,\"valueName\":\"search_term_string\"}}],\"inLanguage\":\"pt-BR\"},{\"@type\":\"Organization\",\"@id\":\"https:\/\/fieam.org.br\/sesi\/#organization\",\"name\":\"SESI\",\"url\":\"https:\/\/fieam.org.br\/sesi\/\",\"logo\":{\"@type\":\"ImageObject\",\"inLanguage\":\"pt-BR\",\"@id\":\"https:\/\/fieam.org.br\/sesi\/#\/schema\/logo\/image\/\",\"url\":\"https:\/\/fieam.org.br\/sesi\/wp-content\/uploads\/sites\/14\/2024\/03\/cropped-fav.png\",\"contentUrl\":\"https:\/\/fieam.org.br\/sesi\/wp-content\/uploads\/sites\/14\/2024\/03\/cropped-fav.png\",\"width\":610,\"height\":589,\"caption\":\"SESI\"},\"image\":{\"@id\":\"https:\/\/fieam.org.br\/sesi\/#\/schema\/logo\/image\/\"}},{\"@type\":\"Person\",\"@id\":\"https:\/\/fieam.org.br\/sesi\/#\/schema\/person\/c1ceda8321521b291cee22da0a7d34be\",\"name\":\"Autor\",\"image\":{\"@type\":\"ImageObject\",\"inLanguage\":\"pt-BR\",\"@id\":\"https:\/\/fieam.org.br\/sesi\/#\/schema\/person\/image\/\",\"url\":\"https:\/\/secure.gravatar.com\/avatar\/3732c223e0e1fad69062a8f770955c9068d37b055204f310a0be18d4069fe380?s=96&d=mm&r=g\",\"contentUrl\":\"https:\/\/secure.gravatar.com\/avatar\/3732c223e0e1fad69062a8f770955c9068d37b055204f310a0be18d4069fe380?s=96&d=mm&r=g\",\"caption\":\"Autor\"},\"sameAs\":[\"https:\/\/marketingmassivo.com.br\"],\"url\":\"https:\/\/fieam.org.br\/sesi\/author\/admin\/\"}]}<\/script>\n<!-- \/ Yoast SEO plugin. -->","yoast_head_json":{"title":"Encerramento dos Jogos SESI tem festa na Arena da Amaz\u00f4nia - SESI","robots":{"index":"index","follow":"follow","max-snippet":"max-snippet:-1","max-image-preview":"max-image-preview:large","max-video-preview":"max-video-preview:-1"},"canonical":"https:\/\/fieam.org.br\/sesi\/encerramento-dos-jogos-sesi-tem-festa-na-arena-da-amazonia\/","og_locale":"pt_BR","og_type":"article","og_title":"Encerramento dos Jogos SESI tem festa na Arena da Amaz\u00f4nia - SESI","og_description":"&nbsp; &nbsp; &nbsp; &nbsp; &nbsp; &nbsp; &nbsp; &nbsp; &nbsp; &nbsp; &nbsp; Terminou em festa a 19\u00aa edi\u00e7\u00e3o dos Jogos SESI, na Arena da Amaz\u00f4nia, nesta sexta-feira (29), com direito a rodada dupla nas finais do futebol e entrega de medalhas e trof\u00e9us nas seis modalidades da competi\u00e7\u00e3o: futebol de campo, futebol sete (m\u00e1ster e principal), [&hellip;]","og_url":"https:\/\/fieam.org.br\/sesi\/encerramento-dos-jogos-sesi-tem-festa-na-arena-da-amazonia\/","og_site_name":"SESI","article_published_time":"2019-12-02T20:40:37+00:00","og_image":[{"width":1024,"height":683,"url":"https:\/\/fieam.org.br\/sesi\/wp-content\/uploads\/sites\/14\/2019\/12\/MG_8051.jpg","type":"image\/jpeg"}],"author":"Autor","twitter_card":"summary_large_image","twitter_misc":{"Escrito por":"Autor","Est. tempo de leitura":"4 minutos"},"schema":{"@context":"https:\/\/schema.org","@graph":[{"@type":"Article","@id":"https:\/\/fieam.org.br\/sesi\/encerramento-dos-jogos-sesi-tem-festa-na-arena-da-amazonia\/#article","isPartOf":{"@id":"https:\/\/fieam.org.br\/sesi\/encerramento-dos-jogos-sesi-tem-festa-na-arena-da-amazonia\/"},"author":{"name":"Autor","@id":"https:\/\/fieam.org.br\/sesi\/#\/schema\/person\/c1ceda8321521b291cee22da0a7d34be"},"headline":"Encerramento dos Jogos SESI tem festa na Arena da Amaz\u00f4nia","datePublished":"2019-12-02T20:40:37+00:00","mainEntityOfPage":{"@id":"https:\/\/fieam.org.br\/sesi\/encerramento-dos-jogos-sesi-tem-festa-na-arena-da-amazonia\/"},"wordCount":780,"publisher":{"@id":"https:\/\/fieam.org.br\/sesi\/#organization"},"image":{"@id":"https:\/\/fieam.org.br\/sesi\/encerramento-dos-jogos-sesi-tem-festa-na-arena-da-amazonia\/#primaryimage"},"thumbnailUrl":"https:\/\/fieam.org.br\/sesi\/wp-content\/uploads\/sites\/14\/2019\/12\/MG_8051.jpg","articleSection":["Banner Destaque","News","News Destaque"],"inLanguage":"pt-BR"},{"@type":"WebPage","@id":"https:\/\/fieam.org.br\/sesi\/encerramento-dos-jogos-sesi-tem-festa-na-arena-da-amazonia\/","url":"https:\/\/fieam.org.br\/sesi\/encerramento-dos-jogos-sesi-tem-festa-na-arena-da-amazonia\/","name":"Encerramento dos Jogos SESI tem festa na Arena da Amaz\u00f4nia - SESI","isPartOf":{"@id":"https:\/\/fieam.org.br\/sesi\/#website"},"primaryImageOfPage":{"@id":"https:\/\/fieam.org.br\/sesi\/encerramento-dos-jogos-sesi-tem-festa-na-arena-da-amazonia\/#primaryimage"},"image":{"@id":"https:\/\/fieam.org.br\/sesi\/encerramento-dos-jogos-sesi-tem-festa-na-arena-da-amazonia\/#primaryimage"},"thumbnailUrl":"https:\/\/fieam.org.br\/sesi\/wp-content\/uploads\/sites\/14\/2019\/12\/MG_8051.jpg","datePublished":"2019-12-02T20:40:37+00:00","breadcrumb":{"@id":"https:\/\/fieam.org.br\/sesi\/encerramento-dos-jogos-sesi-tem-festa-na-arena-da-amazonia\/#breadcrumb"},"inLanguage":"pt-BR","potentialAction":[{"@type":"ReadAction","target":["https:\/\/fieam.org.br\/sesi\/encerramento-dos-jogos-sesi-tem-festa-na-arena-da-amazonia\/"]}]},{"@type":"ImageObject","inLanguage":"pt-BR","@id":"https:\/\/fieam.org.br\/sesi\/encerramento-dos-jogos-sesi-tem-festa-na-arena-da-amazonia\/#primaryimage","url":"https:\/\/fieam.org.br\/sesi\/wp-content\/uploads\/sites\/14\/2019\/12\/MG_8051.jpg","contentUrl":"https:\/\/fieam.org.br\/sesi\/wp-content\/uploads\/sites\/14\/2019\/12\/MG_8051.jpg","width":1024,"height":683},{"@type":"BreadcrumbList","@id":"https:\/\/fieam.org.br\/sesi\/encerramento-dos-jogos-sesi-tem-festa-na-arena-da-amazonia\/#breadcrumb","itemListElement":[{"@type":"ListItem","position":1,"name":"In\u00edcio","item":"https:\/\/fieam.org.br\/sesi\/"},{"@type":"ListItem","position":2,"name":"Encerramento dos Jogos SESI tem festa na Arena da Amaz\u00f4nia"}]},{"@type":"WebSite","@id":"https:\/\/fieam.org.br\/sesi\/#website","url":"https:\/\/fieam.org.br\/sesi\/","name":"SESI","description":"Site Oficial!","publisher":{"@id":"https:\/\/fieam.org.br\/sesi\/#organization"},"potentialAction":[{"@type":"SearchAction","target":{"@type":"EntryPoint","urlTemplate":"https:\/\/fieam.org.br\/sesi\/?s={search_term_string}"},"query-input":{"@type":"PropertyValueSpecification","valueRequired":true,"valueName":"search_term_string"}}],"inLanguage":"pt-BR"},{"@type":"Organization","@id":"https:\/\/fieam.org.br\/sesi\/#organization","name":"SESI","url":"https:\/\/fieam.org.br\/sesi\/","logo":{"@type":"ImageObject","inLanguage":"pt-BR","@id":"https:\/\/fieam.org.br\/sesi\/#\/schema\/logo\/image\/","url":"https:\/\/fieam.org.br\/sesi\/wp-content\/uploads\/sites\/14\/2024\/03\/cropped-fav.png","contentUrl":"https:\/\/fieam.org.br\/sesi\/wp-content\/uploads\/sites\/14\/2024\/03\/cropped-fav.png","width":610,"height":589,"caption":"SESI"},"image":{"@id":"https:\/\/fieam.org.br\/sesi\/#\/schema\/logo\/image\/"}},{"@type":"Person","@id":"https:\/\/fieam.org.br\/sesi\/#\/schema\/person\/c1ceda8321521b291cee22da0a7d34be","name":"Autor","image":{"@type":"ImageObject","inLanguage":"pt-BR","@id":"https:\/\/fieam.org.br\/sesi\/#\/schema\/person\/image\/","url":"https:\/\/secure.gravatar.com\/avatar\/3732c223e0e1fad69062a8f770955c9068d37b055204f310a0be18d4069fe380?s=96&d=mm&r=g","contentUrl":"https:\/\/secure.gravatar.com\/avatar\/3732c223e0e1fad69062a8f770955c9068d37b055204f310a0be18d4069fe380?s=96&d=mm&r=g","caption":"Autor"},"sameAs":["https:\/\/marketingmassivo.com.br"],"url":"https:\/\/fieam.org.br\/sesi\/author\/admin\/"}]}},"_links":{"self":[{"href":"https:\/\/fieam.org.br\/sesi\/wp-json\/wp\/v2\/posts\/15873","targetHints":{"allow":["GET"]}}],"collection":[{"href":"https:\/\/fieam.org.br\/sesi\/wp-json\/wp\/v2\/posts"}],"about":[{"href":"https:\/\/fieam.org.br\/sesi\/wp-json\/wp\/v2\/types\/post"}],"author":[{"embeddable":true,"href":"https:\/\/fieam.org.br\/sesi\/wp-json\/wp\/v2\/users\/1"}],"replies":[{"embeddable":true,"href":"https:\/\/fieam.org.br\/sesi\/wp-json\/wp\/v2\/comments?post=15873"}],"version-history":[{"count":0,"href":"https:\/\/fieam.org.br\/sesi\/wp-json\/wp\/v2\/posts\/15873\/revisions"}],"wp:featuredmedia":[{"embeddable":true,"href":"https:\/\/fieam.org.br\/sesi\/wp-json\/wp\/v2\/media\/16010"}],"wp:attachment":[{"href":"https:\/\/fieam.org.br\/sesi\/wp-json\/wp\/v2\/media?parent=15873"}],"wp:term":[{"taxonomy":"category","embeddable":true,"href":"https:\/\/fieam.org.br\/sesi\/wp-json\/wp\/v2\/categories?post=15873"},{"taxonomy":"post_tag","embeddable":true,"href":"https:\/\/fieam.org.br\/sesi\/wp-json\/wp\/v2\/tags?post=15873"}],"curies":[{"name":"wp","href":"https:\/\/api.w.org\/{rel}","templated":true}]}}