{"id":1511,"date":"2011-07-21T19:09:28","date_gmt":"2011-07-21T19:09:28","guid":{"rendered":"http:\/\/www.fieam.org.br\/site\/sesi\/?p=1511"},"modified":"2011-07-21T19:09:28","modified_gmt":"2011-07-21T19:09:28","slug":"sesi-conquista-medalhas-no-karate-e-jiu-jitsu","status":"publish","type":"post","link":"https:\/\/fieam.org.br\/sesi\/sesi-conquista-medalhas-no-karate-e-jiu-jitsu\/","title":{"rendered":"SESI conquista medalhas no karat\u00ea e jiu-j\u00edtsu"},"content":{"rendered":"<figure id=\"attachment_1515\" aria-describedby=\"caption-attachment-1515\" style=\"width: 300px\" class=\"wp-caption alignleft\"><a href=\"http:\/\/www.fieam.org.br\/site\/sesi\/files\/2011\/07\/Delega\u00e7\u00e3o-de-karat\u00ea-do-Amazonas.jpg\"><a href=\"http:\/\/www.fieam.org.br\/site\/sesi\/files\/2011\/07\/Lu\u00eds-M\u00e1rcio-ouro-no-mundial-de-jiu-jitsu1.jpg\"><\/a><img fetchpriority=\"high\" decoding=\"async\" class=\"size-medium wp-image-1515\" src=\"http:\/\/www.fieam.org.br\/site\/sesi\/files\/2011\/07\/Delega\u00e7\u00e3o-de-karat\u00ea-do-Amazonas-300x225.jpg\" alt=\"Delega\u00e7\u00e3o de karat\u00ea do Amazonas\" width=\"300\" height=\"225\" \/><\/a><figcaption id=\"caption-attachment-1515\" class=\"wp-caption-text\">Delega\u00e7\u00e3o de karat\u00ea do Amazonas<\/figcaption><\/figure>\n<p>O SESI Amazonas conquistou 12 medalhas, sendo duas de ouro, duas de prata e oito de bronze, no 18\u00ba Campeonato Brasileiro de Karat\u00ea Interestilos, realizado de 1\u00ba a 5 de julho, no \u00a0Recife (PE), reunindo 605 atletas de 20 estados brasileiros.<\/p>\n<p>A delega\u00e7\u00e3o do Amazonas foi composta com 21 atletas, sendo que o SESI foi representado por oito alunos da Escolinha de Karat\u00ea. Na pontua\u00e7\u00e3o geral, o Amazonas ficou em 3\u00ba lugar no kumite masculino.<\/p>\n<p>O atleta Harrison Souza, categoria Adulto, conquistou duas medalhas, uma de ouro e uma de prata, enquanto Gustavo Cunha, categoria Mirim, conquistou a segunda de ouro. Azauri J\u00fanior, categoria Juvenil, conquistou uma de prata e uma de bronze. Azaury \u00e9 aluno da Escolinha do SESI h\u00e1 um ano e quatro meses e cursa o 3\u00ba ano do Ensino M\u00e9dio, no Instituto Ilda Ferreira, na Cidade Nova 4.<\/p>\n<p>Azauri J\u00fanior disse que o n\u00edvel do Brasileiro \u00e9 muito alto, e que, para conquistar a medalha de prata na modalidade de Kumite individual venceu um advers\u00e1rio e perdeu na final por pontos. Azauri treina de segunda a sexta no SESI. Para o atleta, o karat\u00ea ajuda na disciplina e na forma\u00e7\u00e3o das pessoas.<\/p>\n<figure id=\"attachment_1517\" aria-describedby=\"caption-attachment-1517\" style=\"width: 300px\" class=\"wp-caption alignleft\"><a href=\"http:\/\/www.fieam.org.br\/site\/sesi\/files\/2011\/07\/Azauri-e-Afonso-medalhas-para-o-karat\u00ea-do-SESI.jpg\"><img decoding=\"async\" class=\"size-medium wp-image-1517\" src=\"http:\/\/www.fieam.org.br\/site\/sesi\/files\/2011\/07\/Azauri-e-Afonso-medalhas-para-o-karat\u00ea-do-SESI-300x211.jpg\" alt=\"Azauri e Afonso- medalhas para o karat\u00ea do SESI\" width=\"300\" height=\"211\" \/><\/a><figcaption id=\"caption-attachment-1517\" class=\"wp-caption-text\">Azauri e Afonso- medalhas para o karat\u00ea do SESI<\/figcaption><\/figure>\n<p>O coordenador da Escolinha do SESI, Afonso Almeida, tamb\u00e9m participou do Campeonato Brasileiro, na categoria Master, conquistando duas medalhas de bronze. Afonso ressaltou a import\u00e2ncia da Escolinha na forma\u00e7\u00e3o de atletas no Amazonas. Ele disse que o SESI j\u00e1 revelou sete campe\u00f5es brasileiros, destacando que a Escolinha tem como objetivo principal formar o cidad\u00e3o. A Escolinha de Karat\u00ea do SESI funciona de segunda a sexta nos tr\u00eas turnos, manh\u00e3, das 8h30 \u00e0s 10h, tarde, das 16h \u00e0s 17h30, e noite, das 19h \u00e0s 20h30, no Clube do Trabalhador do Amazonas, na Alameda Cosme Ferreira, 7.399, S\u00e3o Jos\u00e9 I, zona Leste.<\/p>\n<p>De acordo com Almeida, a partir de agosto, a Escolinha de Karat\u00ea funcionar\u00e1 tamb\u00e9m na Unidade de Educa\u00e7\u00e3o Diocl\u00e9cio de Miranda Corr\u00eaa, no bairro S\u00e3o Jorge, zona Centro-Oeste de \u00a0Manaus, com turmas pela manh\u00e3, tarde e noite. Ele disse que Manaus ser\u00e1 sede do 19\u00ba Campeonato Brasileiro de Kartat\u00ea, de 5 a 8 de julho de 2012.<\/p>\n<p><strong><span style=\"text-decoration: underline\">EQUIPE DO SESI<\/span><\/strong><\/p>\n<table border=\"1\" cellspacing=\"0\" cellpadding=\"0\">\n<tbody>\n<tr>\n<td width=\"218\" valign=\"top\">Atletas<\/td>\n<td width=\"195\" valign=\"top\">Categoria<\/td>\n<td width=\"242\" valign=\"top\">Coloca\u00e7\u00e3o<\/td>\n<\/tr>\n<tr>\n<td width=\"218\" valign=\"top\">Gustavo da Cunha<\/td>\n<td width=\"195\" valign=\"top\">Mirim<\/td>\n<td width=\"242\" valign=\"top\">1\u00ba lugar no (kumite)<\/td>\n<\/tr>\n<tr>\n<td width=\"218\" valign=\"top\">Harrison de Souza<\/td>\n<td width=\"195\" valign=\"top\">Adulto<\/td>\n<td width=\"242\" valign=\"top\">1\u00ba lugar (kumite)<\/p>\n<p>2\u00ba lugar (the best)<\/td>\n<\/tr>\n<tr>\n<td width=\"218\" valign=\"top\">Azauri Junior<\/td>\n<td width=\"195\" valign=\"top\">Juvenil<\/td>\n<td width=\"242\" valign=\"top\">2\u00ba lugar no kumite<\/p>\n<p>3\u00ba lugar Equipe<\/td>\n<\/tr>\n<tr>\n<td width=\"218\" valign=\"top\">Denison Martins<\/td>\n<td width=\"195\" valign=\"top\">Cadete<\/td>\n<td width=\"242\" valign=\"top\">3\u00ba lugar (kumite)<\/p>\n<p>3\u00ba lugar (equipe)<\/td>\n<\/tr>\n<tr>\n<td width=\"218\" valign=\"top\">Afonso Almeida<\/td>\n<td width=\"195\" valign=\"top\">M\u00e1ster<\/td>\n<td width=\"242\" valign=\"top\">3\u00ba lugar (kumite)<\/p>\n<p>3\u00ba lugar (equipe)<\/td>\n<\/tr>\n<tr>\n<td width=\"218\" valign=\"top\">Julio Souza<\/td>\n<td width=\"195\" valign=\"top\">S\u00eanior<\/td>\n<td width=\"242\" valign=\"top\">3\u00ba lugar (equipe)<\/td>\n<\/tr>\n<tr>\n<td width=\"218\" valign=\"top\">Jefferson Brayan<\/td>\n<td width=\"195\" valign=\"top\">Infantil<\/td>\n<td width=\"242\" valign=\"top\">3\u00ba lugar (equipe)<\/td>\n<\/tr>\n<tr>\n<td width=\"218\" valign=\"top\">Matheus Couto<\/td>\n<td width=\"195\" valign=\"top\">Mirim<\/td>\n<td width=\"242\" valign=\"top\">3\u00ba lugar (equipe)<\/td>\n<\/tr>\n<\/tbody>\n<\/table>\n<p><strong><\/p>\n<figure id=\"attachment_1523\" aria-describedby=\"caption-attachment-1523\" style=\"width: 300px\" class=\"wp-caption alignleft\"><strong><a href=\"http:\/\/www.fieam.org.br\/site\/sesi\/files\/2011\/07\/Lu\u00eds-M\u00e1rcio-ouro-no-mundial-de-jiu-jitsu1.jpg\"><img decoding=\"async\" class=\"size-medium wp-image-1523\" src=\"http:\/\/www.fieam.org.br\/site\/sesi\/files\/2011\/07\/Lu\u00eds-M\u00e1rcio-ouro-no-mundial-de-jiu-jitsu1-300x200.jpg\" alt=\"Lu\u00eds M\u00e1rcio-ouro no mundial de jiu-jitsu\" width=\"300\" height=\"200\" \/><\/a><\/strong><figcaption id=\"caption-attachment-1523\" class=\"wp-caption-text\">Lu\u00eds M\u00e1rcio-ouro no mundial de jiu-jitsu<\/figcaption><\/figure>\n<p>Jiu-jitsu<\/strong><\/p>\n<p>O atleta faixa-preta do SESI, Luis Marcio Soares, conquistou medalha de ouro na categoria Galo (s\u00eanior), no Campeonato Mundial de Jiu-Jitsu, realizado em S\u00e3o Paulo, de 15 a 17 de julho. A competi\u00e7\u00e3o reuniu cerca de 3 mil atletas de 18 Estados brasileiros, nas categorias Galo, Pluma Leve, Pena Meio-pesado, Pesado, Super-pesado, Pesad\u00edssimo e Absoluto. M\u00e1rcio, al\u00e9m de atleta, coordena com o professor F\u00e1bio Pinheiro a Escolinha de Jiu-j\u00edtsu do SESI, no Clube do Trabalhador.<\/p>\n<p>[nggallery id=44]<\/p>\n","protected":false},"excerpt":{"rendered":"<p>O SESI Amazonas conquistou 12 medalhas, sendo duas de ouro, duas de prata e oito de bronze, no 18\u00ba Campeonato Brasileiro de Karat\u00ea Interestilos, realizado de 1\u00ba a 5 de julho, no \u00a0Recife (PE), reunindo 605 atletas de 20 estados brasileiros. A delega\u00e7\u00e3o do Amazonas foi composta com 21 atletas, sendo que o SESI foi [&hellip;]<\/p>\n","protected":false},"author":1,"featured_media":0,"comment_status":"open","ping_status":"open","sticky":false,"template":"","format":"standard","meta":{"footnotes":""},"categories":[25],"tags":[],"class_list":["post-1511","post","type-post","status-publish","format-standard","hentry","category-news"],"yoast_head":"<!-- This site is optimized with the Yoast SEO plugin v28.2 - https:\/\/yoast.com\/product\/yoast-seo-wordpress\/ -->\n<title>SESI conquista medalhas no karat\u00ea e jiu-j\u00edtsu - SESI<\/title>\n<meta name=\"robots\" content=\"index, follow, max-snippet:-1, max-image-preview:large, max-video-preview:-1\" \/>\n<link rel=\"canonical\" href=\"https:\/\/fieam.org.br\/sesi\/sesi-conquista-medalhas-no-karate-e-jiu-jitsu\/\" \/>\n<meta property=\"og:locale\" content=\"pt_BR\" \/>\n<meta property=\"og:type\" content=\"article\" \/>\n<meta property=\"og:title\" content=\"SESI conquista medalhas no karat\u00ea e jiu-j\u00edtsu - SESI\" \/>\n<meta property=\"og:description\" content=\"O SESI Amazonas conquistou 12 medalhas, sendo duas de ouro, duas de prata e oito de bronze, no 18\u00ba Campeonato Brasileiro de Karat\u00ea Interestilos, realizado de 1\u00ba a 5 de julho, no \u00a0Recife (PE), reunindo 605 atletas de 20 estados brasileiros. A delega\u00e7\u00e3o do Amazonas foi composta com 21 atletas, sendo que o SESI foi [&hellip;]\" \/>\n<meta property=\"og:url\" content=\"https:\/\/fieam.org.br\/sesi\/sesi-conquista-medalhas-no-karate-e-jiu-jitsu\/\" \/>\n<meta property=\"og:site_name\" content=\"SESI\" \/>\n<meta property=\"article:published_time\" content=\"2011-07-21T19:09:28+00:00\" \/>\n<meta name=\"author\" content=\"Autor\" \/>\n<meta name=\"twitter:card\" content=\"summary_large_image\" \/>\n<meta name=\"twitter:label1\" content=\"Escrito por\" \/>\n\t<meta name=\"twitter:data1\" content=\"Autor\" \/>\n\t<meta name=\"twitter:label2\" content=\"Est. tempo de leitura\" \/>\n\t<meta name=\"twitter:data2\" content=\"3 minutos\" \/>\n<script type=\"application\/ld+json\" class=\"yoast-schema-graph\">{\"@context\":\"https:\\\/\\\/schema.org\",\"@graph\":[{\"@type\":\"Article\",\"@id\":\"https:\\\/\\\/fieam.org.br\\\/sesi\\\/sesi-conquista-medalhas-no-karate-e-jiu-jitsu\\\/#article\",\"isPartOf\":{\"@id\":\"https:\\\/\\\/fieam.org.br\\\/sesi\\\/sesi-conquista-medalhas-no-karate-e-jiu-jitsu\\\/\"},\"author\":{\"name\":\"Autor\",\"@id\":\"https:\\\/\\\/fieam.org.br\\\/sesi\\\/#\\\/schema\\\/person\\\/f54998dd14d5f0695b41444f2b01c31e\"},\"headline\":\"SESI conquista medalhas no karat\u00ea e jiu-j\u00edtsu\",\"datePublished\":\"2011-07-21T19:09:28+00:00\",\"mainEntityOfPage\":{\"@id\":\"https:\\\/\\\/fieam.org.br\\\/sesi\\\/sesi-conquista-medalhas-no-karate-e-jiu-jitsu\\\/\"},\"wordCount\":555,\"commentCount\":0,\"publisher\":{\"@id\":\"https:\\\/\\\/fieam.org.br\\\/sesi\\\/#organization\"},\"articleSection\":[\"News\"],\"inLanguage\":\"pt-BR\",\"potentialAction\":[{\"@type\":\"CommentAction\",\"name\":\"Comment\",\"target\":[\"https:\\\/\\\/fieam.org.br\\\/sesi\\\/sesi-conquista-medalhas-no-karate-e-jiu-jitsu\\\/#respond\"]}]},{\"@type\":\"WebPage\",\"@id\":\"https:\\\/\\\/fieam.org.br\\\/sesi\\\/sesi-conquista-medalhas-no-karate-e-jiu-jitsu\\\/\",\"url\":\"https:\\\/\\\/fieam.org.br\\\/sesi\\\/sesi-conquista-medalhas-no-karate-e-jiu-jitsu\\\/\",\"name\":\"SESI conquista medalhas no karat\u00ea e jiu-j\u00edtsu - SESI\",\"isPartOf\":{\"@id\":\"https:\\\/\\\/fieam.org.br\\\/sesi\\\/#website\"},\"datePublished\":\"2011-07-21T19:09:28+00:00\",\"breadcrumb\":{\"@id\":\"https:\\\/\\\/fieam.org.br\\\/sesi\\\/sesi-conquista-medalhas-no-karate-e-jiu-jitsu\\\/#breadcrumb\"},\"inLanguage\":\"pt-BR\",\"potentialAction\":[{\"@type\":\"ReadAction\",\"target\":[\"https:\\\/\\\/fieam.org.br\\\/sesi\\\/sesi-conquista-medalhas-no-karate-e-jiu-jitsu\\\/\"]}]},{\"@type\":\"BreadcrumbList\",\"@id\":\"https:\\\/\\\/fieam.org.br\\\/sesi\\\/sesi-conquista-medalhas-no-karate-e-jiu-jitsu\\\/#breadcrumb\",\"itemListElement\":[{\"@type\":\"ListItem\",\"position\":1,\"name\":\"In\u00edcio\",\"item\":\"https:\\\/\\\/fieam.org.br\\\/sesi\\\/\"},{\"@type\":\"ListItem\",\"position\":2,\"name\":\"SESI conquista medalhas no karat\u00ea e jiu-j\u00edtsu\"}]},{\"@type\":\"WebSite\",\"@id\":\"https:\\\/\\\/fieam.org.br\\\/sesi\\\/#website\",\"url\":\"https:\\\/\\\/fieam.org.br\\\/sesi\\\/\",\"name\":\"SESI\",\"description\":\"Site Oficial!\",\"publisher\":{\"@id\":\"https:\\\/\\\/fieam.org.br\\\/sesi\\\/#organization\"},\"potentialAction\":[{\"@type\":\"SearchAction\",\"target\":{\"@type\":\"EntryPoint\",\"urlTemplate\":\"https:\\\/\\\/fieam.org.br\\\/sesi\\\/?s={search_term_string}\"},\"query-input\":{\"@type\":\"PropertyValueSpecification\",\"valueRequired\":true,\"valueName\":\"search_term_string\"}}],\"inLanguage\":\"pt-BR\"},{\"@type\":\"Organization\",\"@id\":\"https:\\\/\\\/fieam.org.br\\\/sesi\\\/#organization\",\"name\":\"SESI\",\"url\":\"https:\\\/\\\/fieam.org.br\\\/sesi\\\/\",\"logo\":{\"@type\":\"ImageObject\",\"inLanguage\":\"pt-BR\",\"@id\":\"https:\\\/\\\/fieam.org.br\\\/sesi\\\/#\\\/schema\\\/logo\\\/image\\\/\",\"url\":\"https:\\\/\\\/fieam.org.br\\\/sesi\\\/wp-content\\\/uploads\\\/sites\\\/14\\\/2024\\\/03\\\/cropped-fav.png\",\"contentUrl\":\"https:\\\/\\\/fieam.org.br\\\/sesi\\\/wp-content\\\/uploads\\\/sites\\\/14\\\/2024\\\/03\\\/cropped-fav.png\",\"width\":610,\"height\":589,\"caption\":\"SESI\"},\"image\":{\"@id\":\"https:\\\/\\\/fieam.org.br\\\/sesi\\\/#\\\/schema\\\/logo\\\/image\\\/\"}},{\"@type\":\"Person\",\"@id\":\"https:\\\/\\\/fieam.org.br\\\/sesi\\\/#\\\/schema\\\/person\\\/f54998dd14d5f0695b41444f2b01c31e\",\"name\":\"Autor\",\"image\":{\"@type\":\"ImageObject\",\"inLanguage\":\"pt-BR\",\"@id\":\"https:\\\/\\\/secure.gravatar.com\\\/avatar\\\/3732c223e0e1fad69062a8f770955c9068d37b055204f310a0be18d4069fe380?s=96&d=mm&r=g\",\"url\":\"https:\\\/\\\/secure.gravatar.com\\\/avatar\\\/3732c223e0e1fad69062a8f770955c9068d37b055204f310a0be18d4069fe380?s=96&d=mm&r=g\",\"contentUrl\":\"https:\\\/\\\/secure.gravatar.com\\\/avatar\\\/3732c223e0e1fad69062a8f770955c9068d37b055204f310a0be18d4069fe380?s=96&d=mm&r=g\",\"caption\":\"Autor\"},\"sameAs\":[\"https:\\\/\\\/marketingmassivo.com.br\"],\"url\":\"https:\\\/\\\/fieam.org.br\\\/sesi\\\/author\\\/admin\\\/\"}]}<\/script>\n<!-- \/ Yoast SEO plugin. -->","yoast_head_json":{"title":"SESI conquista medalhas no karat\u00ea e jiu-j\u00edtsu - SESI","robots":{"index":"index","follow":"follow","max-snippet":"max-snippet:-1","max-image-preview":"max-image-preview:large","max-video-preview":"max-video-preview:-1"},"canonical":"https:\/\/fieam.org.br\/sesi\/sesi-conquista-medalhas-no-karate-e-jiu-jitsu\/","og_locale":"pt_BR","og_type":"article","og_title":"SESI conquista medalhas no karat\u00ea e jiu-j\u00edtsu - SESI","og_description":"O SESI Amazonas conquistou 12 medalhas, sendo duas de ouro, duas de prata e oito de bronze, no 18\u00ba Campeonato Brasileiro de Karat\u00ea Interestilos, realizado de 1\u00ba a 5 de julho, no \u00a0Recife (PE), reunindo 605 atletas de 20 estados brasileiros. A delega\u00e7\u00e3o do Amazonas foi composta com 21 atletas, sendo que o SESI foi [&hellip;]","og_url":"https:\/\/fieam.org.br\/sesi\/sesi-conquista-medalhas-no-karate-e-jiu-jitsu\/","og_site_name":"SESI","article_published_time":"2011-07-21T19:09:28+00:00","author":"Autor","twitter_card":"summary_large_image","twitter_misc":{"Escrito por":"Autor","Est. tempo de leitura":"3 minutos"},"schema":{"@context":"https:\/\/schema.org","@graph":[{"@type":"Article","@id":"https:\/\/fieam.org.br\/sesi\/sesi-conquista-medalhas-no-karate-e-jiu-jitsu\/#article","isPartOf":{"@id":"https:\/\/fieam.org.br\/sesi\/sesi-conquista-medalhas-no-karate-e-jiu-jitsu\/"},"author":{"name":"Autor","@id":"https:\/\/fieam.org.br\/sesi\/#\/schema\/person\/f54998dd14d5f0695b41444f2b01c31e"},"headline":"SESI conquista medalhas no karat\u00ea e jiu-j\u00edtsu","datePublished":"2011-07-21T19:09:28+00:00","mainEntityOfPage":{"@id":"https:\/\/fieam.org.br\/sesi\/sesi-conquista-medalhas-no-karate-e-jiu-jitsu\/"},"wordCount":555,"commentCount":0,"publisher":{"@id":"https:\/\/fieam.org.br\/sesi\/#organization"},"articleSection":["News"],"inLanguage":"pt-BR","potentialAction":[{"@type":"CommentAction","name":"Comment","target":["https:\/\/fieam.org.br\/sesi\/sesi-conquista-medalhas-no-karate-e-jiu-jitsu\/#respond"]}]},{"@type":"WebPage","@id":"https:\/\/fieam.org.br\/sesi\/sesi-conquista-medalhas-no-karate-e-jiu-jitsu\/","url":"https:\/\/fieam.org.br\/sesi\/sesi-conquista-medalhas-no-karate-e-jiu-jitsu\/","name":"SESI conquista medalhas no karat\u00ea e jiu-j\u00edtsu - SESI","isPartOf":{"@id":"https:\/\/fieam.org.br\/sesi\/#website"},"datePublished":"2011-07-21T19:09:28+00:00","breadcrumb":{"@id":"https:\/\/fieam.org.br\/sesi\/sesi-conquista-medalhas-no-karate-e-jiu-jitsu\/#breadcrumb"},"inLanguage":"pt-BR","potentialAction":[{"@type":"ReadAction","target":["https:\/\/fieam.org.br\/sesi\/sesi-conquista-medalhas-no-karate-e-jiu-jitsu\/"]}]},{"@type":"BreadcrumbList","@id":"https:\/\/fieam.org.br\/sesi\/sesi-conquista-medalhas-no-karate-e-jiu-jitsu\/#breadcrumb","itemListElement":[{"@type":"ListItem","position":1,"name":"In\u00edcio","item":"https:\/\/fieam.org.br\/sesi\/"},{"@type":"ListItem","position":2,"name":"SESI conquista medalhas no karat\u00ea e jiu-j\u00edtsu"}]},{"@type":"WebSite","@id":"https:\/\/fieam.org.br\/sesi\/#website","url":"https:\/\/fieam.org.br\/sesi\/","name":"SESI","description":"Site Oficial!","publisher":{"@id":"https:\/\/fieam.org.br\/sesi\/#organization"},"potentialAction":[{"@type":"SearchAction","target":{"@type":"EntryPoint","urlTemplate":"https:\/\/fieam.org.br\/sesi\/?s={search_term_string}"},"query-input":{"@type":"PropertyValueSpecification","valueRequired":true,"valueName":"search_term_string"}}],"inLanguage":"pt-BR"},{"@type":"Organization","@id":"https:\/\/fieam.org.br\/sesi\/#organization","name":"SESI","url":"https:\/\/fieam.org.br\/sesi\/","logo":{"@type":"ImageObject","inLanguage":"pt-BR","@id":"https:\/\/fieam.org.br\/sesi\/#\/schema\/logo\/image\/","url":"https:\/\/fieam.org.br\/sesi\/wp-content\/uploads\/sites\/14\/2024\/03\/cropped-fav.png","contentUrl":"https:\/\/fieam.org.br\/sesi\/wp-content\/uploads\/sites\/14\/2024\/03\/cropped-fav.png","width":610,"height":589,"caption":"SESI"},"image":{"@id":"https:\/\/fieam.org.br\/sesi\/#\/schema\/logo\/image\/"}},{"@type":"Person","@id":"https:\/\/fieam.org.br\/sesi\/#\/schema\/person\/f54998dd14d5f0695b41444f2b01c31e","name":"Autor","image":{"@type":"ImageObject","inLanguage":"pt-BR","@id":"https:\/\/secure.gravatar.com\/avatar\/3732c223e0e1fad69062a8f770955c9068d37b055204f310a0be18d4069fe380?s=96&d=mm&r=g","url":"https:\/\/secure.gravatar.com\/avatar\/3732c223e0e1fad69062a8f770955c9068d37b055204f310a0be18d4069fe380?s=96&d=mm&r=g","contentUrl":"https:\/\/secure.gravatar.com\/avatar\/3732c223e0e1fad69062a8f770955c9068d37b055204f310a0be18d4069fe380?s=96&d=mm&r=g","caption":"Autor"},"sameAs":["https:\/\/marketingmassivo.com.br"],"url":"https:\/\/fieam.org.br\/sesi\/author\/admin\/"}]}},"_links":{"self":[{"href":"https:\/\/fieam.org.br\/sesi\/wp-json\/wp\/v2\/posts\/1511","targetHints":{"allow":["GET"]}}],"collection":[{"href":"https:\/\/fieam.org.br\/sesi\/wp-json\/wp\/v2\/posts"}],"about":[{"href":"https:\/\/fieam.org.br\/sesi\/wp-json\/wp\/v2\/types\/post"}],"author":[{"embeddable":true,"href":"https:\/\/fieam.org.br\/sesi\/wp-json\/wp\/v2\/users\/1"}],"replies":[{"embeddable":true,"href":"https:\/\/fieam.org.br\/sesi\/wp-json\/wp\/v2\/comments?post=1511"}],"version-history":[{"count":0,"href":"https:\/\/fieam.org.br\/sesi\/wp-json\/wp\/v2\/posts\/1511\/revisions"}],"wp:attachment":[{"href":"https:\/\/fieam.org.br\/sesi\/wp-json\/wp\/v2\/media?parent=1511"}],"wp:term":[{"taxonomy":"category","embeddable":true,"href":"https:\/\/fieam.org.br\/sesi\/wp-json\/wp\/v2\/categories?post=1511"},{"taxonomy":"post_tag","embeddable":true,"href":"https:\/\/fieam.org.br\/sesi\/wp-json\/wp\/v2\/tags?post=1511"}],"curies":[{"name":"wp","href":"https:\/\/api.w.org\/{rel}","templated":true}]}}