{"id":1466,"date":"2011-07-18T21:06:59","date_gmt":"2011-07-18T21:06:59","guid":{"rendered":"http:\/\/www.fieam.org.br\/site\/sesi\/?p=1466"},"modified":"2011-07-18T21:06:59","modified_gmt":"2011-07-18T21:06:59","slug":"sesi-orienta-funcionarios-sobre-qualidade-de-vida","status":"publish","type":"post","link":"https:\/\/fieam.org.br\/sesi\/sesi-orienta-funcionarios-sobre-qualidade-de-vida\/","title":{"rendered":"SESI orienta funcion\u00e1rios sobre qualidade de vida"},"content":{"rendered":"<figure id=\"attachment_1468\" aria-describedby=\"caption-attachment-1468\" style=\"width: 300px\" class=\"wp-caption alignleft\"><a href=\"http:\/\/www.fieam.org.br\/site\/sesi\/files\/2011\/07\/Acilda-Hellen-e-professora-no-Workshop.jpg\"><img fetchpriority=\"high\" decoding=\"async\" class=\"size-medium wp-image-1468\" src=\"http:\/\/www.fieam.org.br\/site\/sesi\/files\/2011\/07\/Acilda-Hellen-e-professora-no-Workshop-300x200.jpg\" alt=\"Acilda, Hellen e professora no Workshop\" width=\"300\" height=\"200\" srcset=\"https:\/\/fieam.org.br\/sesi\/wp-content\/uploads\/sites\/14\/2011\/07\/Acilda-Hellen-e-professora-no-Workshop-300x200.jpg 300w, https:\/\/fieam.org.br\/sesi\/wp-content\/uploads\/sites\/14\/2011\/07\/Acilda-Hellen-e-professora-no-Workshop.jpg 700w\" sizes=\"(max-width: 300px) 100vw, 300px\" \/><\/a><figcaption id=\"caption-attachment-1468\" class=\"wp-caption-text\">Acilda, Hellen e professora no Workshop<\/figcaption><\/figure>\n<p>Pelo menos 250 pessoas, entre professores, funcion\u00e1rios e estagi\u00e1rios da Unidade de Educa\u00e7\u00e3o Dr. Francisco Garcia, participaram do workshop \u2018Viver de bem com a vida\u2019, nesta sexta-feira (15.07), na sede da escola localizada no sto Industrial, zona Sul. A proposta era estimular os trabalhadores a buscarem uma vida saud\u00e1vel, com mais qualidade de vida.<\/p>\n<p>Na \u00e1rea externa da unidade escolar foram instalados estandes, onde profissionais de diversas \u00e1reas, como nutri\u00e7\u00e3o, educa\u00e7\u00e3o f\u00edsica, enfermagem e odontologia, buscaram conscientizar o p\u00fablico sobre a import\u00e2ncia de uma alimenta\u00e7\u00e3o saud\u00e1vel, da pr\u00e1tica de atividades f\u00edsicas e da necessidade de consultas regulares ao dentista e ao m\u00e9dico, independente de qualquer sintoma.<\/p>\n<p>A auxiliar de limpeza Maria Costa de Almeida, 43, uma das funcion\u00e1rias atendidas, disse que o workshop no local de trabalho evitou que ela se deslocasse a um posto de sa\u00fade, faltando assim ao trabalho. Ela verificou a press\u00e3o arterial e se submeteu ao exame de glicemia. De acordo com os t\u00e9cnicos de sa\u00fade, os resultados dos exames estavam dentro da normalidade.<\/p>\n<figure id=\"attachment_1467\" aria-describedby=\"caption-attachment-1467\" style=\"width: 300px\" class=\"wp-caption alignleft\"><a href=\"http:\/\/www.fieam.org.br\/site\/sesi\/files\/2011\/07\/Superintendente-Luiz-Medeiros-checou-a-press\u00e3o.jpg\"><img decoding=\"async\" class=\"size-medium wp-image-1467\" src=\"http:\/\/www.fieam.org.br\/site\/sesi\/files\/2011\/07\/Superintendente-Luiz-Medeiros-checou-a-press\u00e3o-300x200.jpg\" alt=\"Superintendente, Luiz Medeiros checou a press\u00e3o\" width=\"300\" height=\"200\" \/><\/a><figcaption id=\"caption-attachment-1467\" class=\"wp-caption-text\">Superintendente, Luiz Medeiros checou a press\u00e3o<\/figcaption><\/figure>\n<p>O superintendente regional do SESI, Luiz Alberto Medeiros, disse que o evento est\u00e1 dentro da proposta do SESI de elevar a qualidade de vida dos pr\u00f3prios funcion\u00e1rios, assim como faz com os trabalhadores das empresas do Polo Industrial de Manaus(PIM).\u00a0 Medeiros aproveitou para colocar os exames em dia, al\u00e9m de visitar todos os estandes.<\/p>\n<p>Durante o workshop, os funcion\u00e1rios da escola tiveram a oportunidade de retocar a imagem melhorando o visual e a autoestima. Consultores da empresa Mary Kay atenderam os funcion\u00e1rios, com orienta\u00e7\u00f5es sobre como melhor utilizar os produtos para um bom tratamento da pele, enquanto que a Herbalife mostrou sua linha diversificada de produtos naturais, como o Shake, preparado com 23 vitaminas e que promete mais energia e disposi\u00e7\u00e3o para enfrentar o dia a dia.<\/p>\n<p>A psic\u00f3loga do SESI, Mara Gir\u00e3o, disse que o principal objetivo do workshop \u00e9 estimular os funcion\u00e1rios a buscarem uma vida mais saud\u00e1vel, com mais qualidade de vida. Ela diz que ser\u00e1 feito um acompanhamento dos exames e o funcion\u00e1rio que apresentar algum problema ser\u00e1 encaminhado para o especialista da \u00e1rea.<\/p>\n<p>[nggallery id=43]<\/p>\n","protected":false},"excerpt":{"rendered":"<p>Pelo menos 250 pessoas, entre professores, funcion\u00e1rios e estagi\u00e1rios da Unidade de Educa\u00e7\u00e3o Dr. Francisco Garcia, participaram do workshop \u2018Viver de bem com a vida\u2019, nesta sexta-feira (15.07), na sede da escola localizada no sto Industrial, zona Sul. A proposta era estimular os trabalhadores a buscarem uma vida saud\u00e1vel, com mais qualidade de vida. Na [&hellip;]<\/p>\n","protected":false},"author":1,"featured_media":1469,"comment_status":"open","ping_status":"open","sticky":false,"template":"","format":"standard","meta":{"footnotes":""},"categories":[25],"tags":[],"class_list":["post-1466","post","type-post","status-publish","format-standard","has-post-thumbnail","hentry","category-news"],"yoast_head":"<!-- This site is optimized with the Yoast SEO plugin v28.2 - https:\/\/yoast.com\/product\/yoast-seo-wordpress\/ -->\n<title>SESI orienta funcion\u00e1rios sobre qualidade de vida - SESI<\/title>\n<meta name=\"robots\" content=\"index, follow, max-snippet:-1, max-image-preview:large, max-video-preview:-1\" \/>\n<link rel=\"canonical\" href=\"https:\/\/fieam.org.br\/sesi\/sesi-orienta-funcionarios-sobre-qualidade-de-vida\/\" \/>\n<meta property=\"og:locale\" content=\"pt_BR\" \/>\n<meta property=\"og:type\" content=\"article\" \/>\n<meta property=\"og:title\" content=\"SESI orienta funcion\u00e1rios sobre qualidade de vida - SESI\" \/>\n<meta property=\"og:description\" content=\"Pelo menos 250 pessoas, entre professores, funcion\u00e1rios e estagi\u00e1rios da Unidade de Educa\u00e7\u00e3o Dr. Francisco Garcia, participaram do workshop \u2018Viver de bem com a vida\u2019, nesta sexta-feira (15.07), na sede da escola localizada no sto Industrial, zona Sul. A proposta era estimular os trabalhadores a buscarem uma vida saud\u00e1vel, com mais qualidade de vida. Na [&hellip;]\" \/>\n<meta property=\"og:url\" content=\"https:\/\/fieam.org.br\/sesi\/sesi-orienta-funcionarios-sobre-qualidade-de-vida\/\" \/>\n<meta property=\"og:site_name\" content=\"SESI\" \/>\n<meta property=\"article:published_time\" content=\"2011-07-18T21:06:59+00:00\" \/>\n<meta name=\"author\" content=\"Autor\" \/>\n<meta name=\"twitter:card\" content=\"summary_large_image\" \/>\n<meta name=\"twitter:label1\" content=\"Escrito por\" \/>\n\t<meta name=\"twitter:data1\" content=\"Autor\" \/>\n\t<meta name=\"twitter:label2\" content=\"Est. tempo de leitura\" \/>\n\t<meta name=\"twitter:data2\" content=\"2 minutos\" \/>\n<script type=\"application\/ld+json\" class=\"yoast-schema-graph\">{\"@context\":\"https:\\\/\\\/schema.org\",\"@graph\":[{\"@type\":\"Article\",\"@id\":\"https:\\\/\\\/fieam.org.br\\\/sesi\\\/sesi-orienta-funcionarios-sobre-qualidade-de-vida\\\/#article\",\"isPartOf\":{\"@id\":\"https:\\\/\\\/fieam.org.br\\\/sesi\\\/sesi-orienta-funcionarios-sobre-qualidade-de-vida\\\/\"},\"author\":{\"name\":\"Autor\",\"@id\":\"https:\\\/\\\/fieam.org.br\\\/sesi\\\/#\\\/schema\\\/person\\\/f54998dd14d5f0695b41444f2b01c31e\"},\"headline\":\"SESI orienta funcion\u00e1rios sobre qualidade de vida\",\"datePublished\":\"2011-07-18T21:06:59+00:00\",\"mainEntityOfPage\":{\"@id\":\"https:\\\/\\\/fieam.org.br\\\/sesi\\\/sesi-orienta-funcionarios-sobre-qualidade-de-vida\\\/\"},\"wordCount\":412,\"commentCount\":0,\"publisher\":{\"@id\":\"https:\\\/\\\/fieam.org.br\\\/sesi\\\/#organization\"},\"image\":{\"@id\":\"https:\\\/\\\/fieam.org.br\\\/sesi\\\/sesi-orienta-funcionarios-sobre-qualidade-de-vida\\\/#primaryimage\"},\"thumbnailUrl\":\"\",\"articleSection\":[\"News\"],\"inLanguage\":\"pt-BR\",\"potentialAction\":[{\"@type\":\"CommentAction\",\"name\":\"Comment\",\"target\":[\"https:\\\/\\\/fieam.org.br\\\/sesi\\\/sesi-orienta-funcionarios-sobre-qualidade-de-vida\\\/#respond\"]}]},{\"@type\":\"WebPage\",\"@id\":\"https:\\\/\\\/fieam.org.br\\\/sesi\\\/sesi-orienta-funcionarios-sobre-qualidade-de-vida\\\/\",\"url\":\"https:\\\/\\\/fieam.org.br\\\/sesi\\\/sesi-orienta-funcionarios-sobre-qualidade-de-vida\\\/\",\"name\":\"SESI orienta funcion\u00e1rios sobre qualidade de vida - SESI\",\"isPartOf\":{\"@id\":\"https:\\\/\\\/fieam.org.br\\\/sesi\\\/#website\"},\"primaryImageOfPage\":{\"@id\":\"https:\\\/\\\/fieam.org.br\\\/sesi\\\/sesi-orienta-funcionarios-sobre-qualidade-de-vida\\\/#primaryimage\"},\"image\":{\"@id\":\"https:\\\/\\\/fieam.org.br\\\/sesi\\\/sesi-orienta-funcionarios-sobre-qualidade-de-vida\\\/#primaryimage\"},\"thumbnailUrl\":\"\",\"datePublished\":\"2011-07-18T21:06:59+00:00\",\"breadcrumb\":{\"@id\":\"https:\\\/\\\/fieam.org.br\\\/sesi\\\/sesi-orienta-funcionarios-sobre-qualidade-de-vida\\\/#breadcrumb\"},\"inLanguage\":\"pt-BR\",\"potentialAction\":[{\"@type\":\"ReadAction\",\"target\":[\"https:\\\/\\\/fieam.org.br\\\/sesi\\\/sesi-orienta-funcionarios-sobre-qualidade-de-vida\\\/\"]}]},{\"@type\":\"ImageObject\",\"inLanguage\":\"pt-BR\",\"@id\":\"https:\\\/\\\/fieam.org.br\\\/sesi\\\/sesi-orienta-funcionarios-sobre-qualidade-de-vida\\\/#primaryimage\",\"url\":\"\",\"contentUrl\":\"\"},{\"@type\":\"BreadcrumbList\",\"@id\":\"https:\\\/\\\/fieam.org.br\\\/sesi\\\/sesi-orienta-funcionarios-sobre-qualidade-de-vida\\\/#breadcrumb\",\"itemListElement\":[{\"@type\":\"ListItem\",\"position\":1,\"name\":\"In\u00edcio\",\"item\":\"https:\\\/\\\/fieam.org.br\\\/sesi\\\/\"},{\"@type\":\"ListItem\",\"position\":2,\"name\":\"SESI orienta funcion\u00e1rios sobre qualidade de vida\"}]},{\"@type\":\"WebSite\",\"@id\":\"https:\\\/\\\/fieam.org.br\\\/sesi\\\/#website\",\"url\":\"https:\\\/\\\/fieam.org.br\\\/sesi\\\/\",\"name\":\"SESI\",\"description\":\"Site Oficial!\",\"publisher\":{\"@id\":\"https:\\\/\\\/fieam.org.br\\\/sesi\\\/#organization\"},\"potentialAction\":[{\"@type\":\"SearchAction\",\"target\":{\"@type\":\"EntryPoint\",\"urlTemplate\":\"https:\\\/\\\/fieam.org.br\\\/sesi\\\/?s={search_term_string}\"},\"query-input\":{\"@type\":\"PropertyValueSpecification\",\"valueRequired\":true,\"valueName\":\"search_term_string\"}}],\"inLanguage\":\"pt-BR\"},{\"@type\":\"Organization\",\"@id\":\"https:\\\/\\\/fieam.org.br\\\/sesi\\\/#organization\",\"name\":\"SESI\",\"url\":\"https:\\\/\\\/fieam.org.br\\\/sesi\\\/\",\"logo\":{\"@type\":\"ImageObject\",\"inLanguage\":\"pt-BR\",\"@id\":\"https:\\\/\\\/fieam.org.br\\\/sesi\\\/#\\\/schema\\\/logo\\\/image\\\/\",\"url\":\"https:\\\/\\\/fieam.org.br\\\/sesi\\\/wp-content\\\/uploads\\\/sites\\\/14\\\/2024\\\/03\\\/cropped-fav.png\",\"contentUrl\":\"https:\\\/\\\/fieam.org.br\\\/sesi\\\/wp-content\\\/uploads\\\/sites\\\/14\\\/2024\\\/03\\\/cropped-fav.png\",\"width\":610,\"height\":589,\"caption\":\"SESI\"},\"image\":{\"@id\":\"https:\\\/\\\/fieam.org.br\\\/sesi\\\/#\\\/schema\\\/logo\\\/image\\\/\"}},{\"@type\":\"Person\",\"@id\":\"https:\\\/\\\/fieam.org.br\\\/sesi\\\/#\\\/schema\\\/person\\\/f54998dd14d5f0695b41444f2b01c31e\",\"name\":\"Autor\",\"image\":{\"@type\":\"ImageObject\",\"inLanguage\":\"pt-BR\",\"@id\":\"https:\\\/\\\/secure.gravatar.com\\\/avatar\\\/3732c223e0e1fad69062a8f770955c9068d37b055204f310a0be18d4069fe380?s=96&d=mm&r=g\",\"url\":\"https:\\\/\\\/secure.gravatar.com\\\/avatar\\\/3732c223e0e1fad69062a8f770955c9068d37b055204f310a0be18d4069fe380?s=96&d=mm&r=g\",\"contentUrl\":\"https:\\\/\\\/secure.gravatar.com\\\/avatar\\\/3732c223e0e1fad69062a8f770955c9068d37b055204f310a0be18d4069fe380?s=96&d=mm&r=g\",\"caption\":\"Autor\"},\"sameAs\":[\"https:\\\/\\\/marketingmassivo.com.br\"],\"url\":\"https:\\\/\\\/fieam.org.br\\\/sesi\\\/author\\\/admin\\\/\"}]}<\/script>\n<!-- \/ Yoast SEO plugin. -->","yoast_head_json":{"title":"SESI orienta funcion\u00e1rios sobre qualidade de vida - SESI","robots":{"index":"index","follow":"follow","max-snippet":"max-snippet:-1","max-image-preview":"max-image-preview:large","max-video-preview":"max-video-preview:-1"},"canonical":"https:\/\/fieam.org.br\/sesi\/sesi-orienta-funcionarios-sobre-qualidade-de-vida\/","og_locale":"pt_BR","og_type":"article","og_title":"SESI orienta funcion\u00e1rios sobre qualidade de vida - SESI","og_description":"Pelo menos 250 pessoas, entre professores, funcion\u00e1rios e estagi\u00e1rios da Unidade de Educa\u00e7\u00e3o Dr. Francisco Garcia, participaram do workshop \u2018Viver de bem com a vida\u2019, nesta sexta-feira (15.07), na sede da escola localizada no sto Industrial, zona Sul. A proposta era estimular os trabalhadores a buscarem uma vida saud\u00e1vel, com mais qualidade de vida. Na [&hellip;]","og_url":"https:\/\/fieam.org.br\/sesi\/sesi-orienta-funcionarios-sobre-qualidade-de-vida\/","og_site_name":"SESI","article_published_time":"2011-07-18T21:06:59+00:00","author":"Autor","twitter_card":"summary_large_image","twitter_misc":{"Escrito por":"Autor","Est. tempo de leitura":"2 minutos"},"schema":{"@context":"https:\/\/schema.org","@graph":[{"@type":"Article","@id":"https:\/\/fieam.org.br\/sesi\/sesi-orienta-funcionarios-sobre-qualidade-de-vida\/#article","isPartOf":{"@id":"https:\/\/fieam.org.br\/sesi\/sesi-orienta-funcionarios-sobre-qualidade-de-vida\/"},"author":{"name":"Autor","@id":"https:\/\/fieam.org.br\/sesi\/#\/schema\/person\/f54998dd14d5f0695b41444f2b01c31e"},"headline":"SESI orienta funcion\u00e1rios sobre qualidade de vida","datePublished":"2011-07-18T21:06:59+00:00","mainEntityOfPage":{"@id":"https:\/\/fieam.org.br\/sesi\/sesi-orienta-funcionarios-sobre-qualidade-de-vida\/"},"wordCount":412,"commentCount":0,"publisher":{"@id":"https:\/\/fieam.org.br\/sesi\/#organization"},"image":{"@id":"https:\/\/fieam.org.br\/sesi\/sesi-orienta-funcionarios-sobre-qualidade-de-vida\/#primaryimage"},"thumbnailUrl":"","articleSection":["News"],"inLanguage":"pt-BR","potentialAction":[{"@type":"CommentAction","name":"Comment","target":["https:\/\/fieam.org.br\/sesi\/sesi-orienta-funcionarios-sobre-qualidade-de-vida\/#respond"]}]},{"@type":"WebPage","@id":"https:\/\/fieam.org.br\/sesi\/sesi-orienta-funcionarios-sobre-qualidade-de-vida\/","url":"https:\/\/fieam.org.br\/sesi\/sesi-orienta-funcionarios-sobre-qualidade-de-vida\/","name":"SESI orienta funcion\u00e1rios sobre qualidade de vida - SESI","isPartOf":{"@id":"https:\/\/fieam.org.br\/sesi\/#website"},"primaryImageOfPage":{"@id":"https:\/\/fieam.org.br\/sesi\/sesi-orienta-funcionarios-sobre-qualidade-de-vida\/#primaryimage"},"image":{"@id":"https:\/\/fieam.org.br\/sesi\/sesi-orienta-funcionarios-sobre-qualidade-de-vida\/#primaryimage"},"thumbnailUrl":"","datePublished":"2011-07-18T21:06:59+00:00","breadcrumb":{"@id":"https:\/\/fieam.org.br\/sesi\/sesi-orienta-funcionarios-sobre-qualidade-de-vida\/#breadcrumb"},"inLanguage":"pt-BR","potentialAction":[{"@type":"ReadAction","target":["https:\/\/fieam.org.br\/sesi\/sesi-orienta-funcionarios-sobre-qualidade-de-vida\/"]}]},{"@type":"ImageObject","inLanguage":"pt-BR","@id":"https:\/\/fieam.org.br\/sesi\/sesi-orienta-funcionarios-sobre-qualidade-de-vida\/#primaryimage","url":"","contentUrl":""},{"@type":"BreadcrumbList","@id":"https:\/\/fieam.org.br\/sesi\/sesi-orienta-funcionarios-sobre-qualidade-de-vida\/#breadcrumb","itemListElement":[{"@type":"ListItem","position":1,"name":"In\u00edcio","item":"https:\/\/fieam.org.br\/sesi\/"},{"@type":"ListItem","position":2,"name":"SESI orienta funcion\u00e1rios sobre qualidade de vida"}]},{"@type":"WebSite","@id":"https:\/\/fieam.org.br\/sesi\/#website","url":"https:\/\/fieam.org.br\/sesi\/","name":"SESI","description":"Site Oficial!","publisher":{"@id":"https:\/\/fieam.org.br\/sesi\/#organization"},"potentialAction":[{"@type":"SearchAction","target":{"@type":"EntryPoint","urlTemplate":"https:\/\/fieam.org.br\/sesi\/?s={search_term_string}"},"query-input":{"@type":"PropertyValueSpecification","valueRequired":true,"valueName":"search_term_string"}}],"inLanguage":"pt-BR"},{"@type":"Organization","@id":"https:\/\/fieam.org.br\/sesi\/#organization","name":"SESI","url":"https:\/\/fieam.org.br\/sesi\/","logo":{"@type":"ImageObject","inLanguage":"pt-BR","@id":"https:\/\/fieam.org.br\/sesi\/#\/schema\/logo\/image\/","url":"https:\/\/fieam.org.br\/sesi\/wp-content\/uploads\/sites\/14\/2024\/03\/cropped-fav.png","contentUrl":"https:\/\/fieam.org.br\/sesi\/wp-content\/uploads\/sites\/14\/2024\/03\/cropped-fav.png","width":610,"height":589,"caption":"SESI"},"image":{"@id":"https:\/\/fieam.org.br\/sesi\/#\/schema\/logo\/image\/"}},{"@type":"Person","@id":"https:\/\/fieam.org.br\/sesi\/#\/schema\/person\/f54998dd14d5f0695b41444f2b01c31e","name":"Autor","image":{"@type":"ImageObject","inLanguage":"pt-BR","@id":"https:\/\/secure.gravatar.com\/avatar\/3732c223e0e1fad69062a8f770955c9068d37b055204f310a0be18d4069fe380?s=96&d=mm&r=g","url":"https:\/\/secure.gravatar.com\/avatar\/3732c223e0e1fad69062a8f770955c9068d37b055204f310a0be18d4069fe380?s=96&d=mm&r=g","contentUrl":"https:\/\/secure.gravatar.com\/avatar\/3732c223e0e1fad69062a8f770955c9068d37b055204f310a0be18d4069fe380?s=96&d=mm&r=g","caption":"Autor"},"sameAs":["https:\/\/marketingmassivo.com.br"],"url":"https:\/\/fieam.org.br\/sesi\/author\/admin\/"}]}},"_links":{"self":[{"href":"https:\/\/fieam.org.br\/sesi\/wp-json\/wp\/v2\/posts\/1466","targetHints":{"allow":["GET"]}}],"collection":[{"href":"https:\/\/fieam.org.br\/sesi\/wp-json\/wp\/v2\/posts"}],"about":[{"href":"https:\/\/fieam.org.br\/sesi\/wp-json\/wp\/v2\/types\/post"}],"author":[{"embeddable":true,"href":"https:\/\/fieam.org.br\/sesi\/wp-json\/wp\/v2\/users\/1"}],"replies":[{"embeddable":true,"href":"https:\/\/fieam.org.br\/sesi\/wp-json\/wp\/v2\/comments?post=1466"}],"version-history":[{"count":0,"href":"https:\/\/fieam.org.br\/sesi\/wp-json\/wp\/v2\/posts\/1466\/revisions"}],"wp:attachment":[{"href":"https:\/\/fieam.org.br\/sesi\/wp-json\/wp\/v2\/media?parent=1466"}],"wp:term":[{"taxonomy":"category","embeddable":true,"href":"https:\/\/fieam.org.br\/sesi\/wp-json\/wp\/v2\/categories?post=1466"},{"taxonomy":"post_tag","embeddable":true,"href":"https:\/\/fieam.org.br\/sesi\/wp-json\/wp\/v2\/tags?post=1466"}],"curies":[{"name":"wp","href":"https:\/\/api.w.org\/{rel}","templated":true}]}}