{"id":1459,"date":"2011-07-18T19:30:46","date_gmt":"2011-07-18T19:30:46","guid":{"rendered":"http:\/\/www.fieam.org.br\/site\/sesi\/?p=1459"},"modified":"2011-07-18T19:30:46","modified_gmt":"2011-07-18T19:30:46","slug":"videolar-e-showa-vencem-no-volei-de-praia","status":"publish","type":"post","link":"https:\/\/fieam.org.br\/sesi\/videolar-e-showa-vencem-no-volei-de-praia\/","title":{"rendered":"Videolar e Showa vencem no v\u00f4lei de praia"},"content":{"rendered":"<figure id=\"attachment_1462\" aria-describedby=\"caption-attachment-1462\" style=\"width: 242px\" class=\"wp-caption alignleft\"><a href=\"http:\/\/www.fieam.org.br\/site\/sesi\/files\/2011\/07\/Partida-final-no-masculino-entre-Showa-e-Moto-Honda.jpg\"><img fetchpriority=\"high\" decoding=\"async\" class=\"size-medium wp-image-1462\" src=\"http:\/\/www.fieam.org.br\/site\/sesi\/files\/2011\/07\/Partida-final-no-masculino-entre-Showa-e-Moto-Honda-242x300.jpg\" alt=\"Partida final no masculino, entre Showa e Moto Honda\" width=\"242\" height=\"300\" srcset=\"https:\/\/fieam.org.br\/sesi\/wp-content\/uploads\/sites\/14\/2011\/07\/Partida-final-no-masculino-entre-Showa-e-Moto-Honda-242x300.jpg 242w, https:\/\/fieam.org.br\/sesi\/wp-content\/uploads\/sites\/14\/2011\/07\/Partida-final-no-masculino-entre-Showa-e-Moto-Honda.jpg 565w\" sizes=\"(max-width: 242px) 100vw, 242px\" \/><\/a><figcaption id=\"caption-attachment-1462\" class=\"wp-caption-text\">Partida final no masculino, entre Showa e Moto Honda<\/figcaption><\/figure>\n<p>Com sol a pino e c\u00e9u limpo, o fim de semana foi do jeito que os atletas do v\u00f4lei de praia gostam. No Clube do Trabalhador do Amazonas, no s\u00e1bado e domingo, 27 equipes dessa modalidade se enfrentaram na etapa estadual dos Jogos SESI. Nas finais, o time da Videolar conquistou o octacampeonato no feminino, e o da Showa, o bicampeonato no masculino.<\/p>\n<p>Abrigadas no chap\u00e9u de palha do CTAM, pelo menos 150 pessoas formaram animadas torcidas a favor de colegas industri\u00e1rios ou familiares, no domingo, nas disputas sucessivas das quartas-de-final, semifinal e final, nas duas quadras do v\u00f4lei de praia do clube. Neste ano, de acordo com o coordenador de Esportes do SESI, Antonio J\u00fanior, o feminino reuniu 11 equipes e o masculino, 16, o que fez do v\u00f4lei de praia uma das modalidades mais disputadas da etapa estadual.<\/p>\n<p>O grande vencedor do dia foi o t\u00e9cnico Leandro Souza, 28, que treinou as duas equipes vitoriosas. Veterano do t\u00eanis de quadra, com v\u00e1rios t\u00edtulos nos Jogos SESI, incluindo v\u00e1rios de \u00e2mbito nacional, Leandro est\u00e1 h\u00e1 dois anos no comando da Videolar e h\u00e1 tr\u00eas meses na Showa. Com as meninas da Videolar, ele treina tr\u00eas vezes por semana, e com os rapazes da Showa, duas.<\/p>\n<p>Tendo \u00e0 frente a experiente atleta \u00cdndia (capit\u00e3), que esteve nos oito campeonatos conquistados pelo time, a Videolar derrotou a equipe da Salcomp Industrial Eletr\u00f4nica da Amaz\u00f4nia pelo placar de 2 a 0 (18\/14 e 18\/7). A Siemens Eletroeletr\u00f4nica ficou em 3\u00ba lugar ao derrotar a Yamaha Motor da Amaz\u00f4nia.<\/p>\n<p>No masculino, a Showa do Brasil derrotou a Moto Honda da Amaz\u00f4nia por 2 a 0 (19\/17 e 18\/15). Na disputa pelo terceiro lugar, a CCE levou a melhor sobre a Philips, tamb\u00e9m por 2 a 0.<\/p>\n<p>Ao final de tr\u00eas partidas seguidas, nem todos os atletas demonstravam a mesma disposi\u00e7\u00e3o que teve o time da Videolar para vencer com facilidade o da Salcomp. Segundo a capit\u00e3 da equipe da Siemens, Elizabeth, o sol forte acabou favorecendo o desgaste das suas jogadoras. \u201cCome\u00e7amos a largar mais a bola e paramos de for\u00e7ar o saque para poupar energia\u201d, disse ela, depois de receber a medalha de bronze.<\/p>\n<p><strong>Romance com final feliz <\/strong><\/p>\n<p>Na torcida da Videolar, o sotaque ga\u00facho de Calvin Lendecker, 25, chamava aten\u00e7\u00e3o, animando as jogadoras e vibrando a cada ponto. Natural de Bento Gon\u00e7alves (RS), ele deixou para tr\u00e1s o emprego na ind\u00fastria Marcopolo e uma promissora carreira no v\u00f4lei, para viver em Manaus o romance iniciado durante os Jogos Nacionais do SESI, no ano passado, em sua cidade natal, com a jogadora da Videolar, a autodenominada \u00cdndia.<\/p>\n<p>J\u00e1 adaptado ao clima local \u2013 ele saiu de 2 graus negativos para 35 graus &#8211; Calvin chegou a Manaus na \u00faltima quinta-feira (14.07) e j\u00e1 recebeu proposta para refor\u00e7ar a equipe de v\u00f4lei de uma empresa do Polo Industrial de Manaus (PIM), provavelmente a Yahaha. Segundo ele, o v\u00f4lei entre industri\u00e1rios tem crescido muito nos \u00faltimos anos, tanto que a maioria dos seus colegas no time da Marcopolo jogam em times profissionais ga\u00fachos.<\/p>\n<p>[nggallery id=42]<\/p>\n","protected":false},"excerpt":{"rendered":"<p>Com sol a pino e c\u00e9u limpo, o fim de semana foi do jeito que os atletas do v\u00f4lei de praia gostam. No Clube do Trabalhador do Amazonas, no s\u00e1bado e domingo, 27 equipes dessa modalidade se enfrentaram na etapa estadual dos Jogos SESI. Nas finais, o time da Videolar conquistou o octacampeonato no feminino, [&hellip;]<\/p>\n","protected":false},"author":1,"featured_media":1462,"comment_status":"open","ping_status":"open","sticky":false,"template":"","format":"standard","meta":{"footnotes":""},"categories":[25],"tags":[],"class_list":["post-1459","post","type-post","status-publish","format-standard","has-post-thumbnail","hentry","category-news"],"yoast_head":"<!-- This site is optimized with the Yoast SEO plugin v28.2 - https:\/\/yoast.com\/product\/yoast-seo-wordpress\/ -->\n<title>Videolar e Showa vencem no v\u00f4lei de praia - SESI<\/title>\n<meta name=\"robots\" content=\"index, follow, max-snippet:-1, max-image-preview:large, max-video-preview:-1\" \/>\n<link rel=\"canonical\" href=\"https:\/\/fieam.org.br\/sesi\/videolar-e-showa-vencem-no-volei-de-praia\/\" \/>\n<meta property=\"og:locale\" content=\"pt_BR\" \/>\n<meta property=\"og:type\" content=\"article\" \/>\n<meta property=\"og:title\" content=\"Videolar e Showa vencem no v\u00f4lei de praia - SESI\" \/>\n<meta property=\"og:description\" content=\"Com sol a pino e c\u00e9u limpo, o fim de semana foi do jeito que os atletas do v\u00f4lei de praia gostam. No Clube do Trabalhador do Amazonas, no s\u00e1bado e domingo, 27 equipes dessa modalidade se enfrentaram na etapa estadual dos Jogos SESI. Nas finais, o time da Videolar conquistou o octacampeonato no feminino, [&hellip;]\" \/>\n<meta property=\"og:url\" content=\"https:\/\/fieam.org.br\/sesi\/videolar-e-showa-vencem-no-volei-de-praia\/\" \/>\n<meta property=\"og:site_name\" content=\"SESI\" \/>\n<meta property=\"article:published_time\" content=\"2011-07-18T19:30:46+00:00\" \/>\n<meta property=\"og:image\" content=\"https:\/\/fieam.org.br\/sesi\/wp-content\/uploads\/sites\/14\/2011\/07\/Partida-final-no-masculino-entre-Showa-e-Moto-Honda.jpg\" \/>\n\t<meta property=\"og:image:width\" content=\"565\" \/>\n\t<meta property=\"og:image:height\" content=\"700\" \/>\n\t<meta property=\"og:image:type\" content=\"image\/jpeg\" \/>\n<meta name=\"author\" content=\"Autor\" \/>\n<meta name=\"twitter:card\" content=\"summary_large_image\" \/>\n<meta name=\"twitter:label1\" content=\"Escrito por\" \/>\n\t<meta name=\"twitter:data1\" content=\"Autor\" \/>\n\t<meta name=\"twitter:label2\" content=\"Est. tempo de leitura\" \/>\n\t<meta name=\"twitter:data2\" content=\"3 minutos\" \/>\n<script type=\"application\/ld+json\" class=\"yoast-schema-graph\">{\"@context\":\"https:\\\/\\\/schema.org\",\"@graph\":[{\"@type\":\"Article\",\"@id\":\"https:\\\/\\\/fieam.org.br\\\/sesi\\\/videolar-e-showa-vencem-no-volei-de-praia\\\/#article\",\"isPartOf\":{\"@id\":\"https:\\\/\\\/fieam.org.br\\\/sesi\\\/videolar-e-showa-vencem-no-volei-de-praia\\\/\"},\"author\":{\"name\":\"Autor\",\"@id\":\"https:\\\/\\\/fieam.org.br\\\/sesi\\\/#\\\/schema\\\/person\\\/f54998dd14d5f0695b41444f2b01c31e\"},\"headline\":\"Videolar e Showa vencem no v\u00f4lei de praia\",\"datePublished\":\"2011-07-18T19:30:46+00:00\",\"mainEntityOfPage\":{\"@id\":\"https:\\\/\\\/fieam.org.br\\\/sesi\\\/videolar-e-showa-vencem-no-volei-de-praia\\\/\"},\"wordCount\":551,\"commentCount\":0,\"publisher\":{\"@id\":\"https:\\\/\\\/fieam.org.br\\\/sesi\\\/#organization\"},\"image\":{\"@id\":\"https:\\\/\\\/fieam.org.br\\\/sesi\\\/videolar-e-showa-vencem-no-volei-de-praia\\\/#primaryimage\"},\"thumbnailUrl\":\"https:\\\/\\\/fieam.org.br\\\/sesi\\\/wp-content\\\/uploads\\\/sites\\\/14\\\/2011\\\/07\\\/Partida-final-no-masculino-entre-Showa-e-Moto-Honda.jpg\",\"articleSection\":[\"News\"],\"inLanguage\":\"pt-BR\",\"potentialAction\":[{\"@type\":\"CommentAction\",\"name\":\"Comment\",\"target\":[\"https:\\\/\\\/fieam.org.br\\\/sesi\\\/videolar-e-showa-vencem-no-volei-de-praia\\\/#respond\"]}]},{\"@type\":\"WebPage\",\"@id\":\"https:\\\/\\\/fieam.org.br\\\/sesi\\\/videolar-e-showa-vencem-no-volei-de-praia\\\/\",\"url\":\"https:\\\/\\\/fieam.org.br\\\/sesi\\\/videolar-e-showa-vencem-no-volei-de-praia\\\/\",\"name\":\"Videolar e Showa vencem no v\u00f4lei de praia - SESI\",\"isPartOf\":{\"@id\":\"https:\\\/\\\/fieam.org.br\\\/sesi\\\/#website\"},\"primaryImageOfPage\":{\"@id\":\"https:\\\/\\\/fieam.org.br\\\/sesi\\\/videolar-e-showa-vencem-no-volei-de-praia\\\/#primaryimage\"},\"image\":{\"@id\":\"https:\\\/\\\/fieam.org.br\\\/sesi\\\/videolar-e-showa-vencem-no-volei-de-praia\\\/#primaryimage\"},\"thumbnailUrl\":\"https:\\\/\\\/fieam.org.br\\\/sesi\\\/wp-content\\\/uploads\\\/sites\\\/14\\\/2011\\\/07\\\/Partida-final-no-masculino-entre-Showa-e-Moto-Honda.jpg\",\"datePublished\":\"2011-07-18T19:30:46+00:00\",\"breadcrumb\":{\"@id\":\"https:\\\/\\\/fieam.org.br\\\/sesi\\\/videolar-e-showa-vencem-no-volei-de-praia\\\/#breadcrumb\"},\"inLanguage\":\"pt-BR\",\"potentialAction\":[{\"@type\":\"ReadAction\",\"target\":[\"https:\\\/\\\/fieam.org.br\\\/sesi\\\/videolar-e-showa-vencem-no-volei-de-praia\\\/\"]}]},{\"@type\":\"ImageObject\",\"inLanguage\":\"pt-BR\",\"@id\":\"https:\\\/\\\/fieam.org.br\\\/sesi\\\/videolar-e-showa-vencem-no-volei-de-praia\\\/#primaryimage\",\"url\":\"https:\\\/\\\/fieam.org.br\\\/sesi\\\/wp-content\\\/uploads\\\/sites\\\/14\\\/2011\\\/07\\\/Partida-final-no-masculino-entre-Showa-e-Moto-Honda.jpg\",\"contentUrl\":\"https:\\\/\\\/fieam.org.br\\\/sesi\\\/wp-content\\\/uploads\\\/sites\\\/14\\\/2011\\\/07\\\/Partida-final-no-masculino-entre-Showa-e-Moto-Honda.jpg\",\"width\":565,\"height\":700,\"caption\":\"Partida final no masculino, entre Showa e Moto Honda\"},{\"@type\":\"BreadcrumbList\",\"@id\":\"https:\\\/\\\/fieam.org.br\\\/sesi\\\/videolar-e-showa-vencem-no-volei-de-praia\\\/#breadcrumb\",\"itemListElement\":[{\"@type\":\"ListItem\",\"position\":1,\"name\":\"In\u00edcio\",\"item\":\"https:\\\/\\\/fieam.org.br\\\/sesi\\\/\"},{\"@type\":\"ListItem\",\"position\":2,\"name\":\"Videolar e Showa vencem no v\u00f4lei de praia\"}]},{\"@type\":\"WebSite\",\"@id\":\"https:\\\/\\\/fieam.org.br\\\/sesi\\\/#website\",\"url\":\"https:\\\/\\\/fieam.org.br\\\/sesi\\\/\",\"name\":\"SESI\",\"description\":\"Site Oficial!\",\"publisher\":{\"@id\":\"https:\\\/\\\/fieam.org.br\\\/sesi\\\/#organization\"},\"potentialAction\":[{\"@type\":\"SearchAction\",\"target\":{\"@type\":\"EntryPoint\",\"urlTemplate\":\"https:\\\/\\\/fieam.org.br\\\/sesi\\\/?s={search_term_string}\"},\"query-input\":{\"@type\":\"PropertyValueSpecification\",\"valueRequired\":true,\"valueName\":\"search_term_string\"}}],\"inLanguage\":\"pt-BR\"},{\"@type\":\"Organization\",\"@id\":\"https:\\\/\\\/fieam.org.br\\\/sesi\\\/#organization\",\"name\":\"SESI\",\"url\":\"https:\\\/\\\/fieam.org.br\\\/sesi\\\/\",\"logo\":{\"@type\":\"ImageObject\",\"inLanguage\":\"pt-BR\",\"@id\":\"https:\\\/\\\/fieam.org.br\\\/sesi\\\/#\\\/schema\\\/logo\\\/image\\\/\",\"url\":\"https:\\\/\\\/fieam.org.br\\\/sesi\\\/wp-content\\\/uploads\\\/sites\\\/14\\\/2024\\\/03\\\/cropped-fav.png\",\"contentUrl\":\"https:\\\/\\\/fieam.org.br\\\/sesi\\\/wp-content\\\/uploads\\\/sites\\\/14\\\/2024\\\/03\\\/cropped-fav.png\",\"width\":610,\"height\":589,\"caption\":\"SESI\"},\"image\":{\"@id\":\"https:\\\/\\\/fieam.org.br\\\/sesi\\\/#\\\/schema\\\/logo\\\/image\\\/\"}},{\"@type\":\"Person\",\"@id\":\"https:\\\/\\\/fieam.org.br\\\/sesi\\\/#\\\/schema\\\/person\\\/f54998dd14d5f0695b41444f2b01c31e\",\"name\":\"Autor\",\"image\":{\"@type\":\"ImageObject\",\"inLanguage\":\"pt-BR\",\"@id\":\"https:\\\/\\\/secure.gravatar.com\\\/avatar\\\/3732c223e0e1fad69062a8f770955c9068d37b055204f310a0be18d4069fe380?s=96&d=mm&r=g\",\"url\":\"https:\\\/\\\/secure.gravatar.com\\\/avatar\\\/3732c223e0e1fad69062a8f770955c9068d37b055204f310a0be18d4069fe380?s=96&d=mm&r=g\",\"contentUrl\":\"https:\\\/\\\/secure.gravatar.com\\\/avatar\\\/3732c223e0e1fad69062a8f770955c9068d37b055204f310a0be18d4069fe380?s=96&d=mm&r=g\",\"caption\":\"Autor\"},\"sameAs\":[\"https:\\\/\\\/marketingmassivo.com.br\"],\"url\":\"https:\\\/\\\/fieam.org.br\\\/sesi\\\/author\\\/admin\\\/\"}]}<\/script>\n<!-- \/ Yoast SEO plugin. -->","yoast_head_json":{"title":"Videolar e Showa vencem no v\u00f4lei de praia - SESI","robots":{"index":"index","follow":"follow","max-snippet":"max-snippet:-1","max-image-preview":"max-image-preview:large","max-video-preview":"max-video-preview:-1"},"canonical":"https:\/\/fieam.org.br\/sesi\/videolar-e-showa-vencem-no-volei-de-praia\/","og_locale":"pt_BR","og_type":"article","og_title":"Videolar e Showa vencem no v\u00f4lei de praia - SESI","og_description":"Com sol a pino e c\u00e9u limpo, o fim de semana foi do jeito que os atletas do v\u00f4lei de praia gostam. No Clube do Trabalhador do Amazonas, no s\u00e1bado e domingo, 27 equipes dessa modalidade se enfrentaram na etapa estadual dos Jogos SESI. Nas finais, o time da Videolar conquistou o octacampeonato no feminino, [&hellip;]","og_url":"https:\/\/fieam.org.br\/sesi\/videolar-e-showa-vencem-no-volei-de-praia\/","og_site_name":"SESI","article_published_time":"2011-07-18T19:30:46+00:00","og_image":[{"width":565,"height":700,"url":"https:\/\/fieam.org.br\/sesi\/wp-content\/uploads\/sites\/14\/2011\/07\/Partida-final-no-masculino-entre-Showa-e-Moto-Honda.jpg","type":"image\/jpeg"}],"author":"Autor","twitter_card":"summary_large_image","twitter_misc":{"Escrito por":"Autor","Est. tempo de leitura":"3 minutos"},"schema":{"@context":"https:\/\/schema.org","@graph":[{"@type":"Article","@id":"https:\/\/fieam.org.br\/sesi\/videolar-e-showa-vencem-no-volei-de-praia\/#article","isPartOf":{"@id":"https:\/\/fieam.org.br\/sesi\/videolar-e-showa-vencem-no-volei-de-praia\/"},"author":{"name":"Autor","@id":"https:\/\/fieam.org.br\/sesi\/#\/schema\/person\/f54998dd14d5f0695b41444f2b01c31e"},"headline":"Videolar e Showa vencem no v\u00f4lei de praia","datePublished":"2011-07-18T19:30:46+00:00","mainEntityOfPage":{"@id":"https:\/\/fieam.org.br\/sesi\/videolar-e-showa-vencem-no-volei-de-praia\/"},"wordCount":551,"commentCount":0,"publisher":{"@id":"https:\/\/fieam.org.br\/sesi\/#organization"},"image":{"@id":"https:\/\/fieam.org.br\/sesi\/videolar-e-showa-vencem-no-volei-de-praia\/#primaryimage"},"thumbnailUrl":"https:\/\/fieam.org.br\/sesi\/wp-content\/uploads\/sites\/14\/2011\/07\/Partida-final-no-masculino-entre-Showa-e-Moto-Honda.jpg","articleSection":["News"],"inLanguage":"pt-BR","potentialAction":[{"@type":"CommentAction","name":"Comment","target":["https:\/\/fieam.org.br\/sesi\/videolar-e-showa-vencem-no-volei-de-praia\/#respond"]}]},{"@type":"WebPage","@id":"https:\/\/fieam.org.br\/sesi\/videolar-e-showa-vencem-no-volei-de-praia\/","url":"https:\/\/fieam.org.br\/sesi\/videolar-e-showa-vencem-no-volei-de-praia\/","name":"Videolar e Showa vencem no v\u00f4lei de praia - SESI","isPartOf":{"@id":"https:\/\/fieam.org.br\/sesi\/#website"},"primaryImageOfPage":{"@id":"https:\/\/fieam.org.br\/sesi\/videolar-e-showa-vencem-no-volei-de-praia\/#primaryimage"},"image":{"@id":"https:\/\/fieam.org.br\/sesi\/videolar-e-showa-vencem-no-volei-de-praia\/#primaryimage"},"thumbnailUrl":"https:\/\/fieam.org.br\/sesi\/wp-content\/uploads\/sites\/14\/2011\/07\/Partida-final-no-masculino-entre-Showa-e-Moto-Honda.jpg","datePublished":"2011-07-18T19:30:46+00:00","breadcrumb":{"@id":"https:\/\/fieam.org.br\/sesi\/videolar-e-showa-vencem-no-volei-de-praia\/#breadcrumb"},"inLanguage":"pt-BR","potentialAction":[{"@type":"ReadAction","target":["https:\/\/fieam.org.br\/sesi\/videolar-e-showa-vencem-no-volei-de-praia\/"]}]},{"@type":"ImageObject","inLanguage":"pt-BR","@id":"https:\/\/fieam.org.br\/sesi\/videolar-e-showa-vencem-no-volei-de-praia\/#primaryimage","url":"https:\/\/fieam.org.br\/sesi\/wp-content\/uploads\/sites\/14\/2011\/07\/Partida-final-no-masculino-entre-Showa-e-Moto-Honda.jpg","contentUrl":"https:\/\/fieam.org.br\/sesi\/wp-content\/uploads\/sites\/14\/2011\/07\/Partida-final-no-masculino-entre-Showa-e-Moto-Honda.jpg","width":565,"height":700,"caption":"Partida final no masculino, entre Showa e Moto Honda"},{"@type":"BreadcrumbList","@id":"https:\/\/fieam.org.br\/sesi\/videolar-e-showa-vencem-no-volei-de-praia\/#breadcrumb","itemListElement":[{"@type":"ListItem","position":1,"name":"In\u00edcio","item":"https:\/\/fieam.org.br\/sesi\/"},{"@type":"ListItem","position":2,"name":"Videolar e Showa vencem no v\u00f4lei de praia"}]},{"@type":"WebSite","@id":"https:\/\/fieam.org.br\/sesi\/#website","url":"https:\/\/fieam.org.br\/sesi\/","name":"SESI","description":"Site Oficial!","publisher":{"@id":"https:\/\/fieam.org.br\/sesi\/#organization"},"potentialAction":[{"@type":"SearchAction","target":{"@type":"EntryPoint","urlTemplate":"https:\/\/fieam.org.br\/sesi\/?s={search_term_string}"},"query-input":{"@type":"PropertyValueSpecification","valueRequired":true,"valueName":"search_term_string"}}],"inLanguage":"pt-BR"},{"@type":"Organization","@id":"https:\/\/fieam.org.br\/sesi\/#organization","name":"SESI","url":"https:\/\/fieam.org.br\/sesi\/","logo":{"@type":"ImageObject","inLanguage":"pt-BR","@id":"https:\/\/fieam.org.br\/sesi\/#\/schema\/logo\/image\/","url":"https:\/\/fieam.org.br\/sesi\/wp-content\/uploads\/sites\/14\/2024\/03\/cropped-fav.png","contentUrl":"https:\/\/fieam.org.br\/sesi\/wp-content\/uploads\/sites\/14\/2024\/03\/cropped-fav.png","width":610,"height":589,"caption":"SESI"},"image":{"@id":"https:\/\/fieam.org.br\/sesi\/#\/schema\/logo\/image\/"}},{"@type":"Person","@id":"https:\/\/fieam.org.br\/sesi\/#\/schema\/person\/f54998dd14d5f0695b41444f2b01c31e","name":"Autor","image":{"@type":"ImageObject","inLanguage":"pt-BR","@id":"https:\/\/secure.gravatar.com\/avatar\/3732c223e0e1fad69062a8f770955c9068d37b055204f310a0be18d4069fe380?s=96&d=mm&r=g","url":"https:\/\/secure.gravatar.com\/avatar\/3732c223e0e1fad69062a8f770955c9068d37b055204f310a0be18d4069fe380?s=96&d=mm&r=g","contentUrl":"https:\/\/secure.gravatar.com\/avatar\/3732c223e0e1fad69062a8f770955c9068d37b055204f310a0be18d4069fe380?s=96&d=mm&r=g","caption":"Autor"},"sameAs":["https:\/\/marketingmassivo.com.br"],"url":"https:\/\/fieam.org.br\/sesi\/author\/admin\/"}]}},"_links":{"self":[{"href":"https:\/\/fieam.org.br\/sesi\/wp-json\/wp\/v2\/posts\/1459","targetHints":{"allow":["GET"]}}],"collection":[{"href":"https:\/\/fieam.org.br\/sesi\/wp-json\/wp\/v2\/posts"}],"about":[{"href":"https:\/\/fieam.org.br\/sesi\/wp-json\/wp\/v2\/types\/post"}],"author":[{"embeddable":true,"href":"https:\/\/fieam.org.br\/sesi\/wp-json\/wp\/v2\/users\/1"}],"replies":[{"embeddable":true,"href":"https:\/\/fieam.org.br\/sesi\/wp-json\/wp\/v2\/comments?post=1459"}],"version-history":[{"count":0,"href":"https:\/\/fieam.org.br\/sesi\/wp-json\/wp\/v2\/posts\/1459\/revisions"}],"wp:featuredmedia":[{"embeddable":true,"href":"https:\/\/fieam.org.br\/sesi\/wp-json\/wp\/v2\/media\/1462"}],"wp:attachment":[{"href":"https:\/\/fieam.org.br\/sesi\/wp-json\/wp\/v2\/media?parent=1459"}],"wp:term":[{"taxonomy":"category","embeddable":true,"href":"https:\/\/fieam.org.br\/sesi\/wp-json\/wp\/v2\/categories?post=1459"},{"taxonomy":"post_tag","embeddable":true,"href":"https:\/\/fieam.org.br\/sesi\/wp-json\/wp\/v2\/tags?post=1459"}],"curies":[{"name":"wp","href":"https:\/\/api.w.org\/{rel}","templated":true}]}}