{"id":1363,"date":"2011-06-20T17:05:16","date_gmt":"2011-06-20T17:05:16","guid":{"rendered":"http:\/\/www.fieam.org.br\/site\/sesi\/?p=1363"},"modified":"2011-06-20T17:05:16","modified_gmt":"2011-06-20T17:05:16","slug":"reality-cozinha-brasil-serie-receita-de-familia-mostra-que-o-homem-tambem-tem-lugar-na-cozinha","status":"publish","type":"post","link":"https:\/\/fieam.org.br\/sesi\/reality-cozinha-brasil-serie-receita-de-familia-mostra-que-o-homem-tambem-tem-lugar-na-cozinha\/","title":{"rendered":"Reality Cozinha Brasil-S\u00e9rie Receita de Fam\u00edlia mostra que o homem tamb\u00e9m tem lugar na cozinha"},"content":{"rendered":"<p>Assista neste s\u00e1bado (18), \u00e0s 14h30, na grade da TV Brasil<\/p>\n<p style=\"text-align: center\"><a href=\"http:\/\/www.fieam.org.br\/site\/sesi\/files\/2011\/06\/Familia-Silva5.-Credito-Divulgacao-Cinevideo.jpg\"><img fetchpriority=\"high\" decoding=\"async\" class=\"aligncenter size-large wp-image-1364\" src=\"http:\/\/www.fieam.org.br\/site\/sesi\/files\/2011\/06\/Familia-Silva5.-Credito-Divulgacao-Cinevideo-1024x576.jpg\" alt=\"\" width=\"573\" height=\"323\" srcset=\"https:\/\/fieam.org.br\/sesi\/wp-content\/uploads\/sites\/14\/2011\/06\/Familia-Silva5.-Credito-Divulgacao-Cinevideo-1024x576.jpg 1024w, https:\/\/fieam.org.br\/sesi\/wp-content\/uploads\/sites\/14\/2011\/06\/Familia-Silva5.-Credito-Divulgacao-Cinevideo-300x169.jpg 300w, https:\/\/fieam.org.br\/sesi\/wp-content\/uploads\/sites\/14\/2011\/06\/Familia-Silva5.-Credito-Divulgacao-Cinevideo-768x432.jpg 768w, https:\/\/fieam.org.br\/sesi\/wp-content\/uploads\/sites\/14\/2011\/06\/Familia-Silva5.-Credito-Divulgacao-Cinevideo.jpg 1280w\" sizes=\"(max-width: 573px) 100vw, 573px\" \/><\/a><\/p>\n<p>O quarto epis\u00f3dio do reality show <strong>Cozinha Brasil-S\u00e9rie Receita de Fam\u00edlia<\/strong>, iniciativa do Conselho Nacional do Servi\u00e7o Social da Ind\u00fastria (SESI), ser\u00e1 veiculado neste s\u00e1bado (18), \u00e0s 14h30, na TV Brasil. O programa mostrar\u00e1 que o homem tamb\u00e9m tem lugar na cozinha quando Marco, o aprendiz de cozinheiro da fam\u00edlia Silva, p\u00f5e a m\u00e3o na massa e aceita o desafio de montar um card\u00e1pio sob medida.<\/p>\n<p>Al\u00e9m de conhecer seus dotes culin\u00e1rios, Marco que tem hepatite, receber\u00e1 dicas da nutricionista e chef Aline Rissatto de como preparar alimentos que ajudam a recuperar e manter o bom funcionamento hep\u00e1tico, diminuindo seu sofrimento com as restri\u00e7\u00f5es alimentares. Valentina, Zenaide, M\u00e1rcia, Luis Carlos e os demais integrantes conhecer\u00e3o o tempero de Marco e tamb\u00e9m aprender\u00e3o a adotar uma dieta mais saud\u00e1vel.<\/p>\n<p>O<strong> Cozinha Brasil-S\u00e9rie Receita de Fam\u00edlia<\/strong> tem 26 minutos, divididos em dois blocos de 13. Os telespectadores poder\u00e3o interagir com a produ\u00e7\u00e3o por meio do site www.cozinhareceitadefamilia.com.br e do Facebook. Na p\u00e1gina, \u00e9 poss\u00edvel conhecer as fam\u00edlias participantes do reality e assistir a reexibi\u00e7\u00e3o dos epis\u00f3dios.<\/p>\n<p>Conceito &#8211; A cada programa, Aline Rissato vai \u00e0s compras, p\u00f5e ordem na despensa, mexe nas panelas e senta \u00e0 mesa das fam\u00edlias Silva, Cruz, Mesquita, Franco, Viana Paes e Rodrigues. Entre o abrir e fechar da geladeira, at\u00e9 mesmo diab\u00e9ticos, hipertensos, obesos e card\u00edacos aprendem a montar um card\u00e1pio especial, comendo de forma correta e prazerosa, com alimentos da esta\u00e7\u00e3o e da regi\u00e3o.<\/p>\n<p>Segundo o presidente do Conselho Nacional do (SESI), Jair Meneguelli, o reality foi estruturado para que a popula\u00e7\u00e3o tivesse mais um canal de informa\u00e7\u00e3o e aprendizado, dando sequ\u00eancia \u00e0 iniciativa do SESI que, inspirado no programa Alimente-se Bem, em 2004, lan\u00e7ou nacionalmente o Cozinha Brasil.<\/p>\n<p>O projeto ensina a popula\u00e7\u00e3o a preparar os alimentos de forma inteligente e sem desperd\u00edcio. Combinando alimentos e temperos a um novo modo de preparo, o programa Cozinha Brasil apresenta \u00e0 sociedade card\u00e1pios com alto valor nutritivo e baixo custo.<\/p>\n<p><span style=\"color: #ffffff\">.<\/span><\/p>\n<p><strong><span style=\"text-decoration: underline\">Servi\u00e7o<\/span><\/strong><\/p>\n<p><strong>Cozinha Brasil &#8211; S\u00e9rie Receita de Fam\u00edlia<\/strong><\/p>\n<p><strong><span style=\"text-decoration: underline\">Transmiss\u00e3o<\/span><\/strong><\/p>\n<p>Aos s\u00e1bados, \u00e0s 14h30, na TV Brasil.<br \/>\nPara saber como sintonizar a TV Brasil, acesse http:\/\/tvbrasil.org.br\/comosintonizar\/<\/p>\n<p><strong><span style=\"text-decoration: underline\">Mais informa\u00e7\u00f5es para a imprensa<\/span><\/strong><\/p>\n<p>Assessoria de Comunica\u00e7\u00e3o \u2013 Conselho Nacional do SESI<\/p>\n<p>Ynaiana Leite (61) 3217 0745<br \/>\nPaloma Santos (61) 3217 0746<br \/>\nM\u00e1rcia Milan\u00e9sio (61) 3217 0714<br \/>\nE-mail: comunicacaocn@sesi.org.br<\/p>\n","protected":false},"excerpt":{"rendered":"<p>Assista neste s\u00e1bado (18), \u00e0s 14h30, na grade da TV Brasil O quarto epis\u00f3dio do reality show Cozinha Brasil-S\u00e9rie Receita de Fam\u00edlia, iniciativa do Conselho Nacional do Servi\u00e7o Social da Ind\u00fastria (SESI), ser\u00e1 veiculado neste s\u00e1bado (18), \u00e0s 14h30, na TV Brasil. O programa mostrar\u00e1 que o homem tamb\u00e9m tem lugar na cozinha quando Marco, [&hellip;]<\/p>\n","protected":false},"author":1,"featured_media":0,"comment_status":"open","ping_status":"open","sticky":false,"template":"","format":"standard","meta":{"footnotes":""},"categories":[25],"tags":[],"class_list":["post-1363","post","type-post","status-publish","format-standard","hentry","category-news"],"yoast_head":"<!-- This site is optimized with the Yoast SEO plugin v28.2 - https:\/\/yoast.com\/product\/yoast-seo-wordpress\/ -->\n<title>Reality Cozinha Brasil-S\u00e9rie Receita de Fam\u00edlia mostra que o homem tamb\u00e9m tem lugar na cozinha - SESI<\/title>\n<meta name=\"robots\" content=\"index, follow, max-snippet:-1, max-image-preview:large, max-video-preview:-1\" \/>\n<link rel=\"canonical\" href=\"https:\/\/fieam.org.br\/sesi\/reality-cozinha-brasil-serie-receita-de-familia-mostra-que-o-homem-tambem-tem-lugar-na-cozinha\/\" \/>\n<meta property=\"og:locale\" content=\"pt_BR\" \/>\n<meta property=\"og:type\" content=\"article\" \/>\n<meta property=\"og:title\" content=\"Reality Cozinha Brasil-S\u00e9rie Receita de Fam\u00edlia mostra que o homem tamb\u00e9m tem lugar na cozinha - SESI\" \/>\n<meta property=\"og:description\" content=\"Assista neste s\u00e1bado (18), \u00e0s 14h30, na grade da TV Brasil O quarto epis\u00f3dio do reality show Cozinha Brasil-S\u00e9rie Receita de Fam\u00edlia, iniciativa do Conselho Nacional do Servi\u00e7o Social da Ind\u00fastria (SESI), ser\u00e1 veiculado neste s\u00e1bado (18), \u00e0s 14h30, na TV Brasil. O programa mostrar\u00e1 que o homem tamb\u00e9m tem lugar na cozinha quando Marco, [&hellip;]\" \/>\n<meta property=\"og:url\" content=\"https:\/\/fieam.org.br\/sesi\/reality-cozinha-brasil-serie-receita-de-familia-mostra-que-o-homem-tambem-tem-lugar-na-cozinha\/\" \/>\n<meta property=\"og:site_name\" content=\"SESI\" \/>\n<meta property=\"article:published_time\" content=\"2011-06-20T17:05:16+00:00\" \/>\n<meta property=\"og:image\" content=\"https:\/\/fieam.org.br\/sesi\/wp-content\/uploads\/sites\/14\/2011\/06\/Familia-Silva5.-Credito-Divulgacao-Cinevideo.jpg\" \/>\n\t<meta property=\"og:image:width\" content=\"1280\" \/>\n\t<meta property=\"og:image:height\" content=\"720\" \/>\n\t<meta property=\"og:image:type\" content=\"image\/jpeg\" \/>\n<meta name=\"author\" content=\"Autor\" \/>\n<meta name=\"twitter:card\" content=\"summary_large_image\" \/>\n<meta name=\"twitter:label1\" content=\"Escrito por\" \/>\n\t<meta name=\"twitter:data1\" content=\"Autor\" \/>\n\t<meta name=\"twitter:label2\" content=\"Est. tempo de leitura\" \/>\n\t<meta name=\"twitter:data2\" content=\"2 minutos\" \/>\n<script type=\"application\/ld+json\" class=\"yoast-schema-graph\">{\"@context\":\"https:\\\/\\\/schema.org\",\"@graph\":[{\"@type\":\"Article\",\"@id\":\"https:\\\/\\\/fieam.org.br\\\/sesi\\\/reality-cozinha-brasil-serie-receita-de-familia-mostra-que-o-homem-tambem-tem-lugar-na-cozinha\\\/#article\",\"isPartOf\":{\"@id\":\"https:\\\/\\\/fieam.org.br\\\/sesi\\\/reality-cozinha-brasil-serie-receita-de-familia-mostra-que-o-homem-tambem-tem-lugar-na-cozinha\\\/\"},\"author\":{\"name\":\"Autor\",\"@id\":\"https:\\\/\\\/fieam.org.br\\\/sesi\\\/#\\\/schema\\\/person\\\/f54998dd14d5f0695b41444f2b01c31e\"},\"headline\":\"Reality Cozinha Brasil-S\u00e9rie Receita de Fam\u00edlia mostra que o homem tamb\u00e9m tem lugar na cozinha\",\"datePublished\":\"2011-06-20T17:05:16+00:00\",\"mainEntityOfPage\":{\"@id\":\"https:\\\/\\\/fieam.org.br\\\/sesi\\\/reality-cozinha-brasil-serie-receita-de-familia-mostra-que-o-homem-tambem-tem-lugar-na-cozinha\\\/\"},\"wordCount\":451,\"commentCount\":0,\"publisher\":{\"@id\":\"https:\\\/\\\/fieam.org.br\\\/sesi\\\/#organization\"},\"image\":{\"@id\":\"https:\\\/\\\/fieam.org.br\\\/sesi\\\/reality-cozinha-brasil-serie-receita-de-familia-mostra-que-o-homem-tambem-tem-lugar-na-cozinha\\\/#primaryimage\"},\"thumbnailUrl\":\"http:\\\/\\\/www.fieam.org.br\\\/site\\\/sesi\\\/files\\\/2011\\\/06\\\/Familia-Silva5.-Credito-Divulgacao-Cinevideo-1024x576.jpg\",\"articleSection\":[\"News\"],\"inLanguage\":\"pt-BR\",\"potentialAction\":[{\"@type\":\"CommentAction\",\"name\":\"Comment\",\"target\":[\"https:\\\/\\\/fieam.org.br\\\/sesi\\\/reality-cozinha-brasil-serie-receita-de-familia-mostra-que-o-homem-tambem-tem-lugar-na-cozinha\\\/#respond\"]}]},{\"@type\":\"WebPage\",\"@id\":\"https:\\\/\\\/fieam.org.br\\\/sesi\\\/reality-cozinha-brasil-serie-receita-de-familia-mostra-que-o-homem-tambem-tem-lugar-na-cozinha\\\/\",\"url\":\"https:\\\/\\\/fieam.org.br\\\/sesi\\\/reality-cozinha-brasil-serie-receita-de-familia-mostra-que-o-homem-tambem-tem-lugar-na-cozinha\\\/\",\"name\":\"Reality Cozinha Brasil-S\u00e9rie Receita de Fam\u00edlia mostra que o homem tamb\u00e9m tem lugar na cozinha - SESI\",\"isPartOf\":{\"@id\":\"https:\\\/\\\/fieam.org.br\\\/sesi\\\/#website\"},\"primaryImageOfPage\":{\"@id\":\"https:\\\/\\\/fieam.org.br\\\/sesi\\\/reality-cozinha-brasil-serie-receita-de-familia-mostra-que-o-homem-tambem-tem-lugar-na-cozinha\\\/#primaryimage\"},\"image\":{\"@id\":\"https:\\\/\\\/fieam.org.br\\\/sesi\\\/reality-cozinha-brasil-serie-receita-de-familia-mostra-que-o-homem-tambem-tem-lugar-na-cozinha\\\/#primaryimage\"},\"thumbnailUrl\":\"http:\\\/\\\/www.fieam.org.br\\\/site\\\/sesi\\\/files\\\/2011\\\/06\\\/Familia-Silva5.-Credito-Divulgacao-Cinevideo-1024x576.jpg\",\"datePublished\":\"2011-06-20T17:05:16+00:00\",\"breadcrumb\":{\"@id\":\"https:\\\/\\\/fieam.org.br\\\/sesi\\\/reality-cozinha-brasil-serie-receita-de-familia-mostra-que-o-homem-tambem-tem-lugar-na-cozinha\\\/#breadcrumb\"},\"inLanguage\":\"pt-BR\",\"potentialAction\":[{\"@type\":\"ReadAction\",\"target\":[\"https:\\\/\\\/fieam.org.br\\\/sesi\\\/reality-cozinha-brasil-serie-receita-de-familia-mostra-que-o-homem-tambem-tem-lugar-na-cozinha\\\/\"]}]},{\"@type\":\"ImageObject\",\"inLanguage\":\"pt-BR\",\"@id\":\"https:\\\/\\\/fieam.org.br\\\/sesi\\\/reality-cozinha-brasil-serie-receita-de-familia-mostra-que-o-homem-tambem-tem-lugar-na-cozinha\\\/#primaryimage\",\"url\":\"http:\\\/\\\/www.fieam.org.br\\\/site\\\/sesi\\\/files\\\/2011\\\/06\\\/Familia-Silva5.-Credito-Divulgacao-Cinevideo-1024x576.jpg\",\"contentUrl\":\"http:\\\/\\\/www.fieam.org.br\\\/site\\\/sesi\\\/files\\\/2011\\\/06\\\/Familia-Silva5.-Credito-Divulgacao-Cinevideo-1024x576.jpg\"},{\"@type\":\"BreadcrumbList\",\"@id\":\"https:\\\/\\\/fieam.org.br\\\/sesi\\\/reality-cozinha-brasil-serie-receita-de-familia-mostra-que-o-homem-tambem-tem-lugar-na-cozinha\\\/#breadcrumb\",\"itemListElement\":[{\"@type\":\"ListItem\",\"position\":1,\"name\":\"In\u00edcio\",\"item\":\"https:\\\/\\\/fieam.org.br\\\/sesi\\\/\"},{\"@type\":\"ListItem\",\"position\":2,\"name\":\"Reality Cozinha Brasil-S\u00e9rie Receita de Fam\u00edlia mostra que o homem tamb\u00e9m tem lugar na cozinha\"}]},{\"@type\":\"WebSite\",\"@id\":\"https:\\\/\\\/fieam.org.br\\\/sesi\\\/#website\",\"url\":\"https:\\\/\\\/fieam.org.br\\\/sesi\\\/\",\"name\":\"SESI\",\"description\":\"Site Oficial!\",\"publisher\":{\"@id\":\"https:\\\/\\\/fieam.org.br\\\/sesi\\\/#organization\"},\"potentialAction\":[{\"@type\":\"SearchAction\",\"target\":{\"@type\":\"EntryPoint\",\"urlTemplate\":\"https:\\\/\\\/fieam.org.br\\\/sesi\\\/?s={search_term_string}\"},\"query-input\":{\"@type\":\"PropertyValueSpecification\",\"valueRequired\":true,\"valueName\":\"search_term_string\"}}],\"inLanguage\":\"pt-BR\"},{\"@type\":\"Organization\",\"@id\":\"https:\\\/\\\/fieam.org.br\\\/sesi\\\/#organization\",\"name\":\"SESI\",\"url\":\"https:\\\/\\\/fieam.org.br\\\/sesi\\\/\",\"logo\":{\"@type\":\"ImageObject\",\"inLanguage\":\"pt-BR\",\"@id\":\"https:\\\/\\\/fieam.org.br\\\/sesi\\\/#\\\/schema\\\/logo\\\/image\\\/\",\"url\":\"https:\\\/\\\/fieam.org.br\\\/sesi\\\/wp-content\\\/uploads\\\/sites\\\/14\\\/2024\\\/03\\\/cropped-fav.png\",\"contentUrl\":\"https:\\\/\\\/fieam.org.br\\\/sesi\\\/wp-content\\\/uploads\\\/sites\\\/14\\\/2024\\\/03\\\/cropped-fav.png\",\"width\":610,\"height\":589,\"caption\":\"SESI\"},\"image\":{\"@id\":\"https:\\\/\\\/fieam.org.br\\\/sesi\\\/#\\\/schema\\\/logo\\\/image\\\/\"}},{\"@type\":\"Person\",\"@id\":\"https:\\\/\\\/fieam.org.br\\\/sesi\\\/#\\\/schema\\\/person\\\/f54998dd14d5f0695b41444f2b01c31e\",\"name\":\"Autor\",\"image\":{\"@type\":\"ImageObject\",\"inLanguage\":\"pt-BR\",\"@id\":\"https:\\\/\\\/secure.gravatar.com\\\/avatar\\\/3732c223e0e1fad69062a8f770955c9068d37b055204f310a0be18d4069fe380?s=96&d=mm&r=g\",\"url\":\"https:\\\/\\\/secure.gravatar.com\\\/avatar\\\/3732c223e0e1fad69062a8f770955c9068d37b055204f310a0be18d4069fe380?s=96&d=mm&r=g\",\"contentUrl\":\"https:\\\/\\\/secure.gravatar.com\\\/avatar\\\/3732c223e0e1fad69062a8f770955c9068d37b055204f310a0be18d4069fe380?s=96&d=mm&r=g\",\"caption\":\"Autor\"},\"sameAs\":[\"https:\\\/\\\/marketingmassivo.com.br\"],\"url\":\"https:\\\/\\\/fieam.org.br\\\/sesi\\\/author\\\/admin\\\/\"}]}<\/script>\n<!-- \/ Yoast SEO plugin. -->","yoast_head_json":{"title":"Reality Cozinha Brasil-S\u00e9rie Receita de Fam\u00edlia mostra que o homem tamb\u00e9m tem lugar na cozinha - SESI","robots":{"index":"index","follow":"follow","max-snippet":"max-snippet:-1","max-image-preview":"max-image-preview:large","max-video-preview":"max-video-preview:-1"},"canonical":"https:\/\/fieam.org.br\/sesi\/reality-cozinha-brasil-serie-receita-de-familia-mostra-que-o-homem-tambem-tem-lugar-na-cozinha\/","og_locale":"pt_BR","og_type":"article","og_title":"Reality Cozinha Brasil-S\u00e9rie Receita de Fam\u00edlia mostra que o homem tamb\u00e9m tem lugar na cozinha - SESI","og_description":"Assista neste s\u00e1bado (18), \u00e0s 14h30, na grade da TV Brasil O quarto epis\u00f3dio do reality show Cozinha Brasil-S\u00e9rie Receita de Fam\u00edlia, iniciativa do Conselho Nacional do Servi\u00e7o Social da Ind\u00fastria (SESI), ser\u00e1 veiculado neste s\u00e1bado (18), \u00e0s 14h30, na TV Brasil. O programa mostrar\u00e1 que o homem tamb\u00e9m tem lugar na cozinha quando Marco, [&hellip;]","og_url":"https:\/\/fieam.org.br\/sesi\/reality-cozinha-brasil-serie-receita-de-familia-mostra-que-o-homem-tambem-tem-lugar-na-cozinha\/","og_site_name":"SESI","article_published_time":"2011-06-20T17:05:16+00:00","og_image":[{"width":1280,"height":720,"url":"https:\/\/fieam.org.br\/sesi\/wp-content\/uploads\/sites\/14\/2011\/06\/Familia-Silva5.-Credito-Divulgacao-Cinevideo.jpg","type":"image\/jpeg"}],"author":"Autor","twitter_card":"summary_large_image","twitter_misc":{"Escrito por":"Autor","Est. tempo de leitura":"2 minutos"},"schema":{"@context":"https:\/\/schema.org","@graph":[{"@type":"Article","@id":"https:\/\/fieam.org.br\/sesi\/reality-cozinha-brasil-serie-receita-de-familia-mostra-que-o-homem-tambem-tem-lugar-na-cozinha\/#article","isPartOf":{"@id":"https:\/\/fieam.org.br\/sesi\/reality-cozinha-brasil-serie-receita-de-familia-mostra-que-o-homem-tambem-tem-lugar-na-cozinha\/"},"author":{"name":"Autor","@id":"https:\/\/fieam.org.br\/sesi\/#\/schema\/person\/f54998dd14d5f0695b41444f2b01c31e"},"headline":"Reality Cozinha Brasil-S\u00e9rie Receita de Fam\u00edlia mostra que o homem tamb\u00e9m tem lugar na cozinha","datePublished":"2011-06-20T17:05:16+00:00","mainEntityOfPage":{"@id":"https:\/\/fieam.org.br\/sesi\/reality-cozinha-brasil-serie-receita-de-familia-mostra-que-o-homem-tambem-tem-lugar-na-cozinha\/"},"wordCount":451,"commentCount":0,"publisher":{"@id":"https:\/\/fieam.org.br\/sesi\/#organization"},"image":{"@id":"https:\/\/fieam.org.br\/sesi\/reality-cozinha-brasil-serie-receita-de-familia-mostra-que-o-homem-tambem-tem-lugar-na-cozinha\/#primaryimage"},"thumbnailUrl":"http:\/\/www.fieam.org.br\/site\/sesi\/files\/2011\/06\/Familia-Silva5.-Credito-Divulgacao-Cinevideo-1024x576.jpg","articleSection":["News"],"inLanguage":"pt-BR","potentialAction":[{"@type":"CommentAction","name":"Comment","target":["https:\/\/fieam.org.br\/sesi\/reality-cozinha-brasil-serie-receita-de-familia-mostra-que-o-homem-tambem-tem-lugar-na-cozinha\/#respond"]}]},{"@type":"WebPage","@id":"https:\/\/fieam.org.br\/sesi\/reality-cozinha-brasil-serie-receita-de-familia-mostra-que-o-homem-tambem-tem-lugar-na-cozinha\/","url":"https:\/\/fieam.org.br\/sesi\/reality-cozinha-brasil-serie-receita-de-familia-mostra-que-o-homem-tambem-tem-lugar-na-cozinha\/","name":"Reality Cozinha Brasil-S\u00e9rie Receita de Fam\u00edlia mostra que o homem tamb\u00e9m tem lugar na cozinha - SESI","isPartOf":{"@id":"https:\/\/fieam.org.br\/sesi\/#website"},"primaryImageOfPage":{"@id":"https:\/\/fieam.org.br\/sesi\/reality-cozinha-brasil-serie-receita-de-familia-mostra-que-o-homem-tambem-tem-lugar-na-cozinha\/#primaryimage"},"image":{"@id":"https:\/\/fieam.org.br\/sesi\/reality-cozinha-brasil-serie-receita-de-familia-mostra-que-o-homem-tambem-tem-lugar-na-cozinha\/#primaryimage"},"thumbnailUrl":"http:\/\/www.fieam.org.br\/site\/sesi\/files\/2011\/06\/Familia-Silva5.-Credito-Divulgacao-Cinevideo-1024x576.jpg","datePublished":"2011-06-20T17:05:16+00:00","breadcrumb":{"@id":"https:\/\/fieam.org.br\/sesi\/reality-cozinha-brasil-serie-receita-de-familia-mostra-que-o-homem-tambem-tem-lugar-na-cozinha\/#breadcrumb"},"inLanguage":"pt-BR","potentialAction":[{"@type":"ReadAction","target":["https:\/\/fieam.org.br\/sesi\/reality-cozinha-brasil-serie-receita-de-familia-mostra-que-o-homem-tambem-tem-lugar-na-cozinha\/"]}]},{"@type":"ImageObject","inLanguage":"pt-BR","@id":"https:\/\/fieam.org.br\/sesi\/reality-cozinha-brasil-serie-receita-de-familia-mostra-que-o-homem-tambem-tem-lugar-na-cozinha\/#primaryimage","url":"http:\/\/www.fieam.org.br\/site\/sesi\/files\/2011\/06\/Familia-Silva5.-Credito-Divulgacao-Cinevideo-1024x576.jpg","contentUrl":"http:\/\/www.fieam.org.br\/site\/sesi\/files\/2011\/06\/Familia-Silva5.-Credito-Divulgacao-Cinevideo-1024x576.jpg"},{"@type":"BreadcrumbList","@id":"https:\/\/fieam.org.br\/sesi\/reality-cozinha-brasil-serie-receita-de-familia-mostra-que-o-homem-tambem-tem-lugar-na-cozinha\/#breadcrumb","itemListElement":[{"@type":"ListItem","position":1,"name":"In\u00edcio","item":"https:\/\/fieam.org.br\/sesi\/"},{"@type":"ListItem","position":2,"name":"Reality Cozinha Brasil-S\u00e9rie Receita de Fam\u00edlia mostra que o homem tamb\u00e9m tem lugar na cozinha"}]},{"@type":"WebSite","@id":"https:\/\/fieam.org.br\/sesi\/#website","url":"https:\/\/fieam.org.br\/sesi\/","name":"SESI","description":"Site Oficial!","publisher":{"@id":"https:\/\/fieam.org.br\/sesi\/#organization"},"potentialAction":[{"@type":"SearchAction","target":{"@type":"EntryPoint","urlTemplate":"https:\/\/fieam.org.br\/sesi\/?s={search_term_string}"},"query-input":{"@type":"PropertyValueSpecification","valueRequired":true,"valueName":"search_term_string"}}],"inLanguage":"pt-BR"},{"@type":"Organization","@id":"https:\/\/fieam.org.br\/sesi\/#organization","name":"SESI","url":"https:\/\/fieam.org.br\/sesi\/","logo":{"@type":"ImageObject","inLanguage":"pt-BR","@id":"https:\/\/fieam.org.br\/sesi\/#\/schema\/logo\/image\/","url":"https:\/\/fieam.org.br\/sesi\/wp-content\/uploads\/sites\/14\/2024\/03\/cropped-fav.png","contentUrl":"https:\/\/fieam.org.br\/sesi\/wp-content\/uploads\/sites\/14\/2024\/03\/cropped-fav.png","width":610,"height":589,"caption":"SESI"},"image":{"@id":"https:\/\/fieam.org.br\/sesi\/#\/schema\/logo\/image\/"}},{"@type":"Person","@id":"https:\/\/fieam.org.br\/sesi\/#\/schema\/person\/f54998dd14d5f0695b41444f2b01c31e","name":"Autor","image":{"@type":"ImageObject","inLanguage":"pt-BR","@id":"https:\/\/secure.gravatar.com\/avatar\/3732c223e0e1fad69062a8f770955c9068d37b055204f310a0be18d4069fe380?s=96&d=mm&r=g","url":"https:\/\/secure.gravatar.com\/avatar\/3732c223e0e1fad69062a8f770955c9068d37b055204f310a0be18d4069fe380?s=96&d=mm&r=g","contentUrl":"https:\/\/secure.gravatar.com\/avatar\/3732c223e0e1fad69062a8f770955c9068d37b055204f310a0be18d4069fe380?s=96&d=mm&r=g","caption":"Autor"},"sameAs":["https:\/\/marketingmassivo.com.br"],"url":"https:\/\/fieam.org.br\/sesi\/author\/admin\/"}]}},"_links":{"self":[{"href":"https:\/\/fieam.org.br\/sesi\/wp-json\/wp\/v2\/posts\/1363","targetHints":{"allow":["GET"]}}],"collection":[{"href":"https:\/\/fieam.org.br\/sesi\/wp-json\/wp\/v2\/posts"}],"about":[{"href":"https:\/\/fieam.org.br\/sesi\/wp-json\/wp\/v2\/types\/post"}],"author":[{"embeddable":true,"href":"https:\/\/fieam.org.br\/sesi\/wp-json\/wp\/v2\/users\/1"}],"replies":[{"embeddable":true,"href":"https:\/\/fieam.org.br\/sesi\/wp-json\/wp\/v2\/comments?post=1363"}],"version-history":[{"count":0,"href":"https:\/\/fieam.org.br\/sesi\/wp-json\/wp\/v2\/posts\/1363\/revisions"}],"wp:attachment":[{"href":"https:\/\/fieam.org.br\/sesi\/wp-json\/wp\/v2\/media?parent=1363"}],"wp:term":[{"taxonomy":"category","embeddable":true,"href":"https:\/\/fieam.org.br\/sesi\/wp-json\/wp\/v2\/categories?post=1363"},{"taxonomy":"post_tag","embeddable":true,"href":"https:\/\/fieam.org.br\/sesi\/wp-json\/wp\/v2\/tags?post=1363"}],"curies":[{"name":"wp","href":"https:\/\/api.w.org\/{rel}","templated":true}]}}