{"id":13324,"date":"2019-08-19T16:28:25","date_gmt":"2019-08-19T20:28:25","guid":{"rendered":"http:\/\/www.fieam.org.br\/sesi\/?p=13324"},"modified":"2019-08-19T16:28:25","modified_gmt":"2019-08-19T20:28:25","slug":"dia-da-construcao-social-prepara-trabalhadores-para-o-futuro","status":"publish","type":"post","link":"https:\/\/fieam.org.br\/sesi\/dia-da-construcao-social-prepara-trabalhadores-para-o-futuro\/","title":{"rendered":"Dia da Constru\u00e7\u00e3o Social prepara trabalhadores para o futuro"},"content":{"rendered":"<p><a href=\"https:\/\/marketingmassivo.com.br\/sesi\/wp-content\/uploads\/sites\/12\/2019\/08\/Frank-Souza-Sinduscon-Rosana-Vasconcelos-SESI-Amazonas-e-Tatsuro-Ijichi-Seconci.jpg\"><img fetchpriority=\"high\" decoding=\"async\" class=\" wp-image-13327 alignleft\" src=\"http:\/\/www.fieam.org.br\/sesi\/wp-content\/uploads\/sites\/2\/2019\/08\/Frank-Souza-Sinduscon-Rosana-Vasconcelos-SESI-Amazonas-e-Tatsuro-Ijichi-Seconci-1024x683.jpg\" alt=\"\" width=\"578\" height=\"386\" \/><\/a>No Amazonas, 1.966 pessoas, entre trabalhadores e dependentes, da ind\u00fastria da constru\u00e7\u00e3o civil tiraram o s\u00e1bado (17) para cuidar da sa\u00fade, regularizar a documenta\u00e7\u00e3o da fam\u00edlia ou simplesmente bater uma bola e dan\u00e7ar, atividades oferecidas no Dia Nacional da Constru\u00e7\u00e3o Social, promovido em todo o Brasil pela C\u00e2mara Brasileira da Ind\u00fastria da Constru\u00e7\u00e3o (CBIC) e pelo Servi\u00e7o Social da Ind\u00fastria (SESI). Ao todo, foram oferecidos 3.931 atendimentos no Centro de Conviv\u00eancia da Fam\u00edlia \u201cMagdalena Arce Daou\u201d, no bairro Santo Antonio, zona Centro-Oeste de Manaus.<\/p>\n<p>Realizado em parceria pelo Sindicato da Ind\u00fastria da Constru\u00e7\u00e3o Civil do Amazonas (Sinduscon) e o Servi\u00e7o Social da Ind\u00fastria da Constru\u00e7\u00e3o Civil (Seconci), o Dia Nacional explorou o tema \u201cO Mundo Est\u00e1 Mudando, E voc\u00ea?\u201d, uma mensagem direcionada aos trabalhadores sobre a necessidade de se prepararem para o futuro. O evento foi realizado em 30 cidades brasileiras e gerou 161.371 atendimentos para 44.911 pessoas.<\/p>\n<p>De acordo com o presidente do Sinduscon-AM, Frank do Carmo de Souza, a ideia por tr\u00e1s do DNCS, atualmente na 13\u00aa edi\u00e7\u00e3o nacional, \u00e9 proporcionar um momento de lazer, cidadania e cultura ao trabalhador da constru\u00e7\u00e3o civil, ao mesmo tempo em que melhora o conv\u00edvio desse trabalhador com a fam\u00edlia e o relacionamento de patr\u00f5es e empregados.<\/p>\n<p>Na abertura do evento, a superintendente do SESI Amazonas, Rosana Vasconcelos, disse que se sentiu honrada de participar do evento. \u201cE, independentemente do Dia Nacional, contem sempre com a nossa parceria nos anos vindouros, sempre que o Seconci precisar, o SESI estar\u00e1 apoiando atrav\u00e9s da Federa\u00e7\u00e3o das Ind\u00fastrias do Estado do Amazonas\u201d, disse ela.<\/p>\n<p>Os servi\u00e7os de educa\u00e7\u00e3o, sa\u00fade e cidadania foram os mais procurados na DNCS. O SESI, o SENAI e o Instituto Euvaldo Lodi (IEL) responderam pela maioria dos 1.613 atendimentos em Educa\u00e7\u00e3o, nas \u00e1reas de rob\u00f3tica, educa\u00e7\u00e3o continuada, cadastro de curr\u00edculos para est\u00e1gio e demonstra\u00e7\u00e3o do curso de instalador el\u00e9trico residencial.<\/p>\n<p>Na sa\u00fade, os 534 atendimentos foram divididos entre o SESI, o 9\u00ba Distrito Naval e a Secretaria Municipal de Sa\u00fade (Semsa). O SESI aplicou 188 doses de vacinas, sendo a maioria a H1N1 (antigripal), enquanto a Semsa realizou o teste r\u00e1pido de pele e do HIV.<\/p>\n<p>Como nos anos anteriores, o estande mais procurado foi o da Secretaria de Estado da Justi\u00e7a e Cidadania, Sejusc, para emiss\u00e3o de documentos, principalmente a primeira via da carteira de identidade e a certid\u00e3o de nascimento. No total, foram emitidos 199 documentos.<\/p>\n<p><strong>Mudan\u00e7as do mundo <\/strong><\/p>\n<p>Ao dar as boas vindas aos trabalhadores, o presidente do Seconci, Tatsuro Ijichi, disse: \u201cVoc\u00eas s\u00e3o o patrim\u00f4nio da empresa em que trabalham, tanto podem, como devem participar das mudan\u00e7as do mundo. Cuidar da sa\u00fade, querer se atualizar, querer melhorar o seu desempenho na sua atividade e melhorar ainda mais o relacionamento familiar\u201d.<\/p>\n<p>Ijichi agradeceu aos mais de 30 parceiros do Seconci no evento, entre eles, FIEAM e SESI, aos mais de 200 volunt\u00e1rios da Secretaria de Estado de Assist\u00eancia Social (SEAS) e \u00e0s 14 empresas que inscreveram suas equipes de trabalhadores para participar do torneio de futsal.<\/p>\n<p>No final, 11 equipes disputaram o torneio, de acordo com o \u00e1rbitro Ozenildo da Silva, da Associa\u00e7\u00e3o de \u00c1rbitros de Futsal do Amazonas (AAFAM). E a vit\u00f3ria ficou com o time Vira Copos, da empresa Direcional, que venceu a J.Nasser nos p\u00eanaltis. A medalha de bronze ficou com o Manauara da RD Engenharia.<\/p>\n<p><a href=\"https:\/\/marketingmassivo.com.br\/sesi\/wp-content\/uploads\/sites\/12\/2019\/08\/190819-SESI_DNCS.jpg\"><img decoding=\"async\" class=\"alignnone wp-image-13325 size-full\" src=\"https:\/\/marketingmassivo.com.br\/sesi\/wp-content\/uploads\/sites\/12\/2019\/08\/190819-SESI_DNCS.jpg\" alt=\"\" width=\"567\" height=\"652\" srcset=\"https:\/\/fieam.org.br\/sesi\/wp-content\/uploads\/sites\/14\/2019\/08\/190819-SESI_DNCS.jpg 567w, https:\/\/fieam.org.br\/sesi\/wp-content\/uploads\/sites\/14\/2019\/08\/190819-SESI_DNCS-261x300.jpg 261w\" sizes=\"(max-width: 567px) 100vw, 567px\" \/><\/a><\/p>\n<p><strong>Fonte: Seconci<\/strong><\/p>\n","protected":false},"excerpt":{"rendered":"<p>No Amazonas, 1.966 pessoas, entre trabalhadores e dependentes, da ind\u00fastria da constru\u00e7\u00e3o civil tiraram o s\u00e1bado (17) para cuidar da sa\u00fade, regularizar a documenta\u00e7\u00e3o da fam\u00edlia ou simplesmente bater uma bola e dan\u00e7ar, atividades oferecidas no Dia Nacional da Constru\u00e7\u00e3o Social, promovido em todo o Brasil pela C\u00e2mara Brasileira da Ind\u00fastria da Constru\u00e7\u00e3o (CBIC) e [&hellip;]<\/p>\n","protected":false},"author":1,"featured_media":13326,"comment_status":"closed","ping_status":"open","sticky":false,"template":"","format":"standard","meta":{"footnotes":""},"categories":[20,25,26],"tags":[],"class_list":["post-13324","post","type-post","status-publish","format-standard","has-post-thumbnail","hentry","category-banner-destaque","category-news","category-news-destaque"],"yoast_head":"<!-- This site is optimized with the Yoast SEO plugin v26.8 - https:\/\/yoast.com\/product\/yoast-seo-wordpress\/ -->\n<title>Dia da Constru\u00e7\u00e3o Social prepara trabalhadores para o futuro - SESI<\/title>\n<meta name=\"robots\" content=\"index, follow, max-snippet:-1, max-image-preview:large, max-video-preview:-1\" \/>\n<link rel=\"canonical\" href=\"https:\/\/fieam.org.br\/sesi\/dia-da-construcao-social-prepara-trabalhadores-para-o-futuro\/\" \/>\n<meta property=\"og:locale\" content=\"pt_BR\" \/>\n<meta property=\"og:type\" content=\"article\" \/>\n<meta property=\"og:title\" content=\"Dia da Constru\u00e7\u00e3o Social prepara trabalhadores para o futuro - SESI\" \/>\n<meta property=\"og:description\" content=\"No Amazonas, 1.966 pessoas, entre trabalhadores e dependentes, da ind\u00fastria da constru\u00e7\u00e3o civil tiraram o s\u00e1bado (17) para cuidar da sa\u00fade, regularizar a documenta\u00e7\u00e3o da fam\u00edlia ou simplesmente bater uma bola e dan\u00e7ar, atividades oferecidas no Dia Nacional da Constru\u00e7\u00e3o Social, promovido em todo o Brasil pela C\u00e2mara Brasileira da Ind\u00fastria da Constru\u00e7\u00e3o (CBIC) e [&hellip;]\" \/>\n<meta property=\"og:url\" content=\"https:\/\/fieam.org.br\/sesi\/dia-da-construcao-social-prepara-trabalhadores-para-o-futuro\/\" \/>\n<meta property=\"og:site_name\" content=\"SESI\" \/>\n<meta property=\"article:published_time\" content=\"2019-08-19T20:28:25+00:00\" \/>\n<meta name=\"author\" content=\"Autor\" \/>\n<meta name=\"twitter:card\" content=\"summary_large_image\" \/>\n<meta name=\"twitter:label1\" content=\"Escrito por\" \/>\n\t<meta name=\"twitter:data1\" content=\"Autor\" \/>\n\t<meta name=\"twitter:label2\" content=\"Est. tempo de leitura\" \/>\n\t<meta name=\"twitter:data2\" content=\"3 minutos\" \/>\n<script type=\"application\/ld+json\" class=\"yoast-schema-graph\">{\"@context\":\"https:\/\/schema.org\",\"@graph\":[{\"@type\":\"Article\",\"@id\":\"https:\/\/fieam.org.br\/sesi\/dia-da-construcao-social-prepara-trabalhadores-para-o-futuro\/#article\",\"isPartOf\":{\"@id\":\"https:\/\/fieam.org.br\/sesi\/dia-da-construcao-social-prepara-trabalhadores-para-o-futuro\/\"},\"author\":{\"name\":\"Autor\",\"@id\":\"https:\/\/fieam.org.br\/sesi\/#\/schema\/person\/c1ceda8321521b291cee22da0a7d34be\"},\"headline\":\"Dia da Constru\u00e7\u00e3o Social prepara trabalhadores para o futuro\",\"datePublished\":\"2019-08-19T20:28:25+00:00\",\"mainEntityOfPage\":{\"@id\":\"https:\/\/fieam.org.br\/sesi\/dia-da-construcao-social-prepara-trabalhadores-para-o-futuro\/\"},\"wordCount\":604,\"publisher\":{\"@id\":\"https:\/\/fieam.org.br\/sesi\/#organization\"},\"image\":{\"@id\":\"https:\/\/fieam.org.br\/sesi\/dia-da-construcao-social-prepara-trabalhadores-para-o-futuro\/#primaryimage\"},\"thumbnailUrl\":\"\",\"articleSection\":[\"Banner Destaque\",\"News\",\"News Destaque\"],\"inLanguage\":\"pt-BR\"},{\"@type\":\"WebPage\",\"@id\":\"https:\/\/fieam.org.br\/sesi\/dia-da-construcao-social-prepara-trabalhadores-para-o-futuro\/\",\"url\":\"https:\/\/fieam.org.br\/sesi\/dia-da-construcao-social-prepara-trabalhadores-para-o-futuro\/\",\"name\":\"Dia da Constru\u00e7\u00e3o Social prepara trabalhadores para o futuro - SESI\",\"isPartOf\":{\"@id\":\"https:\/\/fieam.org.br\/sesi\/#website\"},\"primaryImageOfPage\":{\"@id\":\"https:\/\/fieam.org.br\/sesi\/dia-da-construcao-social-prepara-trabalhadores-para-o-futuro\/#primaryimage\"},\"image\":{\"@id\":\"https:\/\/fieam.org.br\/sesi\/dia-da-construcao-social-prepara-trabalhadores-para-o-futuro\/#primaryimage\"},\"thumbnailUrl\":\"\",\"datePublished\":\"2019-08-19T20:28:25+00:00\",\"breadcrumb\":{\"@id\":\"https:\/\/fieam.org.br\/sesi\/dia-da-construcao-social-prepara-trabalhadores-para-o-futuro\/#breadcrumb\"},\"inLanguage\":\"pt-BR\",\"potentialAction\":[{\"@type\":\"ReadAction\",\"target\":[\"https:\/\/fieam.org.br\/sesi\/dia-da-construcao-social-prepara-trabalhadores-para-o-futuro\/\"]}]},{\"@type\":\"ImageObject\",\"inLanguage\":\"pt-BR\",\"@id\":\"https:\/\/fieam.org.br\/sesi\/dia-da-construcao-social-prepara-trabalhadores-para-o-futuro\/#primaryimage\",\"url\":\"\",\"contentUrl\":\"\"},{\"@type\":\"BreadcrumbList\",\"@id\":\"https:\/\/fieam.org.br\/sesi\/dia-da-construcao-social-prepara-trabalhadores-para-o-futuro\/#breadcrumb\",\"itemListElement\":[{\"@type\":\"ListItem\",\"position\":1,\"name\":\"In\u00edcio\",\"item\":\"https:\/\/fieam.org.br\/sesi\/\"},{\"@type\":\"ListItem\",\"position\":2,\"name\":\"Dia da Constru\u00e7\u00e3o Social prepara trabalhadores para o futuro\"}]},{\"@type\":\"WebSite\",\"@id\":\"https:\/\/fieam.org.br\/sesi\/#website\",\"url\":\"https:\/\/fieam.org.br\/sesi\/\",\"name\":\"SESI\",\"description\":\"Site Oficial!\",\"publisher\":{\"@id\":\"https:\/\/fieam.org.br\/sesi\/#organization\"},\"potentialAction\":[{\"@type\":\"SearchAction\",\"target\":{\"@type\":\"EntryPoint\",\"urlTemplate\":\"https:\/\/fieam.org.br\/sesi\/?s={search_term_string}\"},\"query-input\":{\"@type\":\"PropertyValueSpecification\",\"valueRequired\":true,\"valueName\":\"search_term_string\"}}],\"inLanguage\":\"pt-BR\"},{\"@type\":\"Organization\",\"@id\":\"https:\/\/fieam.org.br\/sesi\/#organization\",\"name\":\"SESI\",\"url\":\"https:\/\/fieam.org.br\/sesi\/\",\"logo\":{\"@type\":\"ImageObject\",\"inLanguage\":\"pt-BR\",\"@id\":\"https:\/\/fieam.org.br\/sesi\/#\/schema\/logo\/image\/\",\"url\":\"https:\/\/fieam.org.br\/sesi\/wp-content\/uploads\/sites\/14\/2024\/03\/cropped-fav.png\",\"contentUrl\":\"https:\/\/fieam.org.br\/sesi\/wp-content\/uploads\/sites\/14\/2024\/03\/cropped-fav.png\",\"width\":610,\"height\":589,\"caption\":\"SESI\"},\"image\":{\"@id\":\"https:\/\/fieam.org.br\/sesi\/#\/schema\/logo\/image\/\"}},{\"@type\":\"Person\",\"@id\":\"https:\/\/fieam.org.br\/sesi\/#\/schema\/person\/c1ceda8321521b291cee22da0a7d34be\",\"name\":\"Autor\",\"image\":{\"@type\":\"ImageObject\",\"inLanguage\":\"pt-BR\",\"@id\":\"https:\/\/fieam.org.br\/sesi\/#\/schema\/person\/image\/\",\"url\":\"https:\/\/secure.gravatar.com\/avatar\/3732c223e0e1fad69062a8f770955c9068d37b055204f310a0be18d4069fe380?s=96&d=mm&r=g\",\"contentUrl\":\"https:\/\/secure.gravatar.com\/avatar\/3732c223e0e1fad69062a8f770955c9068d37b055204f310a0be18d4069fe380?s=96&d=mm&r=g\",\"caption\":\"Autor\"},\"sameAs\":[\"https:\/\/marketingmassivo.com.br\"],\"url\":\"https:\/\/fieam.org.br\/sesi\/author\/admin\/\"}]}<\/script>\n<!-- \/ Yoast SEO plugin. -->","yoast_head_json":{"title":"Dia da Constru\u00e7\u00e3o Social prepara trabalhadores para o futuro - SESI","robots":{"index":"index","follow":"follow","max-snippet":"max-snippet:-1","max-image-preview":"max-image-preview:large","max-video-preview":"max-video-preview:-1"},"canonical":"https:\/\/fieam.org.br\/sesi\/dia-da-construcao-social-prepara-trabalhadores-para-o-futuro\/","og_locale":"pt_BR","og_type":"article","og_title":"Dia da Constru\u00e7\u00e3o Social prepara trabalhadores para o futuro - SESI","og_description":"No Amazonas, 1.966 pessoas, entre trabalhadores e dependentes, da ind\u00fastria da constru\u00e7\u00e3o civil tiraram o s\u00e1bado (17) para cuidar da sa\u00fade, regularizar a documenta\u00e7\u00e3o da fam\u00edlia ou simplesmente bater uma bola e dan\u00e7ar, atividades oferecidas no Dia Nacional da Constru\u00e7\u00e3o Social, promovido em todo o Brasil pela C\u00e2mara Brasileira da Ind\u00fastria da Constru\u00e7\u00e3o (CBIC) e [&hellip;]","og_url":"https:\/\/fieam.org.br\/sesi\/dia-da-construcao-social-prepara-trabalhadores-para-o-futuro\/","og_site_name":"SESI","article_published_time":"2019-08-19T20:28:25+00:00","author":"Autor","twitter_card":"summary_large_image","twitter_misc":{"Escrito por":"Autor","Est. tempo de leitura":"3 minutos"},"schema":{"@context":"https:\/\/schema.org","@graph":[{"@type":"Article","@id":"https:\/\/fieam.org.br\/sesi\/dia-da-construcao-social-prepara-trabalhadores-para-o-futuro\/#article","isPartOf":{"@id":"https:\/\/fieam.org.br\/sesi\/dia-da-construcao-social-prepara-trabalhadores-para-o-futuro\/"},"author":{"name":"Autor","@id":"https:\/\/fieam.org.br\/sesi\/#\/schema\/person\/c1ceda8321521b291cee22da0a7d34be"},"headline":"Dia da Constru\u00e7\u00e3o Social prepara trabalhadores para o futuro","datePublished":"2019-08-19T20:28:25+00:00","mainEntityOfPage":{"@id":"https:\/\/fieam.org.br\/sesi\/dia-da-construcao-social-prepara-trabalhadores-para-o-futuro\/"},"wordCount":604,"publisher":{"@id":"https:\/\/fieam.org.br\/sesi\/#organization"},"image":{"@id":"https:\/\/fieam.org.br\/sesi\/dia-da-construcao-social-prepara-trabalhadores-para-o-futuro\/#primaryimage"},"thumbnailUrl":"","articleSection":["Banner Destaque","News","News Destaque"],"inLanguage":"pt-BR"},{"@type":"WebPage","@id":"https:\/\/fieam.org.br\/sesi\/dia-da-construcao-social-prepara-trabalhadores-para-o-futuro\/","url":"https:\/\/fieam.org.br\/sesi\/dia-da-construcao-social-prepara-trabalhadores-para-o-futuro\/","name":"Dia da Constru\u00e7\u00e3o Social prepara trabalhadores para o futuro - SESI","isPartOf":{"@id":"https:\/\/fieam.org.br\/sesi\/#website"},"primaryImageOfPage":{"@id":"https:\/\/fieam.org.br\/sesi\/dia-da-construcao-social-prepara-trabalhadores-para-o-futuro\/#primaryimage"},"image":{"@id":"https:\/\/fieam.org.br\/sesi\/dia-da-construcao-social-prepara-trabalhadores-para-o-futuro\/#primaryimage"},"thumbnailUrl":"","datePublished":"2019-08-19T20:28:25+00:00","breadcrumb":{"@id":"https:\/\/fieam.org.br\/sesi\/dia-da-construcao-social-prepara-trabalhadores-para-o-futuro\/#breadcrumb"},"inLanguage":"pt-BR","potentialAction":[{"@type":"ReadAction","target":["https:\/\/fieam.org.br\/sesi\/dia-da-construcao-social-prepara-trabalhadores-para-o-futuro\/"]}]},{"@type":"ImageObject","inLanguage":"pt-BR","@id":"https:\/\/fieam.org.br\/sesi\/dia-da-construcao-social-prepara-trabalhadores-para-o-futuro\/#primaryimage","url":"","contentUrl":""},{"@type":"BreadcrumbList","@id":"https:\/\/fieam.org.br\/sesi\/dia-da-construcao-social-prepara-trabalhadores-para-o-futuro\/#breadcrumb","itemListElement":[{"@type":"ListItem","position":1,"name":"In\u00edcio","item":"https:\/\/fieam.org.br\/sesi\/"},{"@type":"ListItem","position":2,"name":"Dia da Constru\u00e7\u00e3o Social prepara trabalhadores para o futuro"}]},{"@type":"WebSite","@id":"https:\/\/fieam.org.br\/sesi\/#website","url":"https:\/\/fieam.org.br\/sesi\/","name":"SESI","description":"Site Oficial!","publisher":{"@id":"https:\/\/fieam.org.br\/sesi\/#organization"},"potentialAction":[{"@type":"SearchAction","target":{"@type":"EntryPoint","urlTemplate":"https:\/\/fieam.org.br\/sesi\/?s={search_term_string}"},"query-input":{"@type":"PropertyValueSpecification","valueRequired":true,"valueName":"search_term_string"}}],"inLanguage":"pt-BR"},{"@type":"Organization","@id":"https:\/\/fieam.org.br\/sesi\/#organization","name":"SESI","url":"https:\/\/fieam.org.br\/sesi\/","logo":{"@type":"ImageObject","inLanguage":"pt-BR","@id":"https:\/\/fieam.org.br\/sesi\/#\/schema\/logo\/image\/","url":"https:\/\/fieam.org.br\/sesi\/wp-content\/uploads\/sites\/14\/2024\/03\/cropped-fav.png","contentUrl":"https:\/\/fieam.org.br\/sesi\/wp-content\/uploads\/sites\/14\/2024\/03\/cropped-fav.png","width":610,"height":589,"caption":"SESI"},"image":{"@id":"https:\/\/fieam.org.br\/sesi\/#\/schema\/logo\/image\/"}},{"@type":"Person","@id":"https:\/\/fieam.org.br\/sesi\/#\/schema\/person\/c1ceda8321521b291cee22da0a7d34be","name":"Autor","image":{"@type":"ImageObject","inLanguage":"pt-BR","@id":"https:\/\/fieam.org.br\/sesi\/#\/schema\/person\/image\/","url":"https:\/\/secure.gravatar.com\/avatar\/3732c223e0e1fad69062a8f770955c9068d37b055204f310a0be18d4069fe380?s=96&d=mm&r=g","contentUrl":"https:\/\/secure.gravatar.com\/avatar\/3732c223e0e1fad69062a8f770955c9068d37b055204f310a0be18d4069fe380?s=96&d=mm&r=g","caption":"Autor"},"sameAs":["https:\/\/marketingmassivo.com.br"],"url":"https:\/\/fieam.org.br\/sesi\/author\/admin\/"}]}},"_links":{"self":[{"href":"https:\/\/fieam.org.br\/sesi\/wp-json\/wp\/v2\/posts\/13324","targetHints":{"allow":["GET"]}}],"collection":[{"href":"https:\/\/fieam.org.br\/sesi\/wp-json\/wp\/v2\/posts"}],"about":[{"href":"https:\/\/fieam.org.br\/sesi\/wp-json\/wp\/v2\/types\/post"}],"author":[{"embeddable":true,"href":"https:\/\/fieam.org.br\/sesi\/wp-json\/wp\/v2\/users\/1"}],"replies":[{"embeddable":true,"href":"https:\/\/fieam.org.br\/sesi\/wp-json\/wp\/v2\/comments?post=13324"}],"version-history":[{"count":0,"href":"https:\/\/fieam.org.br\/sesi\/wp-json\/wp\/v2\/posts\/13324\/revisions"}],"wp:featuredmedia":[{"embeddable":true,"href":"https:\/\/fieam.org.br\/sesi\/wp-json\/"}],"wp:attachment":[{"href":"https:\/\/fieam.org.br\/sesi\/wp-json\/wp\/v2\/media?parent=13324"}],"wp:term":[{"taxonomy":"category","embeddable":true,"href":"https:\/\/fieam.org.br\/sesi\/wp-json\/wp\/v2\/categories?post=13324"},{"taxonomy":"post_tag","embeddable":true,"href":"https:\/\/fieam.org.br\/sesi\/wp-json\/wp\/v2\/tags?post=13324"}],"curies":[{"name":"wp","href":"https:\/\/api.w.org\/{rel}","templated":true}]}}