{"id":12913,"date":"2019-04-29T08:38:21","date_gmt":"2019-04-29T12:38:21","guid":{"rendered":"http:\/\/www.fieam.org.br\/sesi\/?p=12913"},"modified":"2019-04-29T08:38:21","modified_gmt":"2019-04-29T12:38:21","slug":"sesi-amazonas-forma-94-alunos-com-o-programa-vira-vida","status":"publish","type":"post","link":"https:\/\/fieam.org.br\/sesi\/sesi-amazonas-forma-94-alunos-com-o-programa-vira-vida\/","title":{"rendered":"SESI Amazonas forma 94 alunos com o Programa Vira Vida"},"content":{"rendered":"<p><a href=\"https:\/\/marketingmassivo.com.br\/sesi\/wp-content\/uploads\/sites\/12\/2019\/04\/MG_7681.jpg\"><img fetchpriority=\"high\" decoding=\"async\" class=\"alignnone size-large wp-image-12918\" src=\"http:\/\/www.fieam.org.br\/sesi\/wp-content\/uploads\/sites\/2\/2019\/04\/MG_7681-1024x486.jpg\" alt=\"\" width=\"1024\" height=\"486\" \/><\/a><\/p>\n<p>Emo\u00e7\u00e3o e sentimento de supera\u00e7\u00e3o marcaram a solenidade de formatura da 6\u00aa turma do Programa Vira Vida, iniciativa do Conselho Nacional do Servi\u00e7o Social da Industrial (SESI Amazonas), nesta sexta-feira (26), no Audit\u00f3rio Gilberto Mendes de Azevedo, no Centro. O SESI entrega mais 94 alunos do programa aptos a ingressar no mercado de trabalho nas atividades de Auxiliar de Log\u00edstica e Almoxarife e, Assistente de Planejamento e Controle de Produ\u00e7\u00e3o.<\/p>\n<p><a href=\"http:\/\/www.fieam.org.br\/sesi\/wp-content\/uploads\/sites\/2\/2019\/04\/A-superintendente-do-SESI-Rosana-Vasconcelos-abre-a-programa\u00e7\u00e3o-agradecendo-aos-parceiros.jpg\"><img decoding=\"async\" class=\" wp-image-12922 alignleft\" src=\"http:\/\/www.fieam.org.br\/sesi\/wp-content\/uploads\/sites\/2\/2019\/04\/A-superintendente-do-SESI-Rosana-Vasconcelos-abre-a-programa\u00e7\u00e3o-agradecendo-aos-parceiros-683x1024.jpg\" alt=\"\" width=\"274\" height=\"411\" \/><\/a>\u201cO SESI tem muito carinho por esse projeto. E, como todo bom trabalho em equipe, contamos com uma rede de parceiros que s\u00e3o essenciais para viabilizar esse projeto, desde a sele\u00e7\u00e3o dos jovens at\u00e9 a inser\u00e7\u00e3o no mercado de trabalho. \u00c9 uma verdadeira rede do bem, que unida, transforma vidas\u201d, disse a superintendente do SESI Amazonas, Rosana Vasconcelos.<\/p>\n<p>\u201cNossa gratid\u00e3o a cada profissional que passou, do SESI \u00e0s institui\u00e7\u00f5es parceiras do Programa Vira Vida, e que de alguma forma contribu\u00edram para o nosso processo de transforma\u00e7\u00e3o. Participar do Vira Vida foi um acontecimento que ficar\u00e1 marcado para sempre em nossas vidas\u201d, disse em nome da turma a aluna e oradora, Carla*, 18 anos.<\/p>\n<p>Carla \u00e9 natural de Manaus, mas por muito tempo morou com os pais no interior do Par\u00e1, local, que segundo ela, era de dif\u00edcil acesso aos estudos, retornando a Manaus em 2015, decidida a mudar suas condi\u00e7\u00f5es de vida. Foi quando entrou no programa, passou em faculdade particular como bolsista no curso de Administra\u00e7\u00e3o e ainda conseguiu seu primeiro emprego como Jovem Aprendiz de Auxiliar Administrativo na Alcance Transporte Ltda (Granero).<\/p>\n<p>\u201cAqui (no Vira Vida) eu me surpreendi, antes eu s\u00f3 conseguia ver o lado negativo das coisas, era autom\u00e1tico, e no decorrer do programa fui ensinada a me conhecer e reconhecer que tudo que acontece e da forma que acontece \u00e9 uma forma de aprendizado. O Vira Vida me ajudou muito a me conhecer e daqui para frente ter uma vis\u00e3o de futuro diferente, eu n\u00e3o penso mais como antes, agora eu penso em conquistar meus objetivos como: terminar minha faculdade, melhorar minha casa e a conviv\u00eancia com a minha fam\u00edlia\u201d, explicou a jovem.<\/p>\n<p>Como representantes dos alunos, a m\u00e3e Maria das Dores Souza, 47 anos, alertou a todos que o programa \u00e9 de grande import\u00e2ncia para as fam\u00edlias e principalmente para os jovens. \u201cFalar sobre o programa Vira Vida leva-me a dizer que ele foi um grande incentivador na vida de nossos filhos, tanto no que diz respeito ao aprendizado t\u00e9cnico como no pessoal, al\u00e9m da busca de novas conquistas, encarando os desafios e vencendo os medos\u201d, disse a m\u00e3e.<\/p>\n<p>&nbsp;<\/p>\n<p><strong>Empregabilidade<\/strong><\/p>\n<p><a href=\"https:\/\/marketingmassivo.com.br\/sesi\/wp-content\/uploads\/sites\/12\/2019\/04\/IMG_7518-Larissa-Lima.jpg\"><img decoding=\"async\" class=\"wp-image-12920 alignleft\" src=\"http:\/\/www.fieam.org.br\/sesi\/wp-content\/uploads\/sites\/2\/2019\/04\/IMG_7518-Larissa-Lima-1024x683.jpg\" alt=\"\" width=\"721\" height=\"481\" \/><\/a>Em um depoimento muito emocionante, a estudante do 3\u00ba ano do Ensino M\u00e9dio, Andressa*, 17 anos, disse n\u00e3o ter no\u00e7\u00e3o do quanto o Vira Vida iria transformar sua vida. Com pais, ambos adotivos, separados e morando em local de f\u00e1cil acesso ao mundo da marginaliza\u00e7\u00e3o e prostitui\u00e7\u00e3o, a jovem se diz segura dos seus objetivos, ainda mais com a oportunidade de emprego ofertada pelo programa e seus parceiros.<\/p>\n<p>\u201cSempre fui comprometida com os estudos regulares, mas nunca me importei em fazer mais, apesar dos esfor\u00e7os de meus pais. Sempre fui respons\u00e1vel, precisei ser, com a separa\u00e7\u00e3o de meus pais e a aus\u00eancia da minha m\u00e3e em casa, mas quando passei a entender o trabalho da equipe do Vira Vida, voltado para o nosso desenvolvimento pessoal, profissional e humano, vi que podia, sim, ser mais, ser algu\u00e9m. Aqui (no Vira Vida) eles nos ensinam a nos reconhecermos como pessoa e principalmente, do que somos capazes\u201d, explicou a jovem.<\/p>\n<p>A jovem \u00e9 muito agradecida pela oportunidade em trabalhar em um dos locais cobi\u00e7ados por muitos, o Conselho Federal da Ordem dos Advogados do Brasil (OAB Amazonas), no qual exerce a fun\u00e7\u00e3o de Aprendiz Administrativa pela empresa Mamute Conserva\u00e7\u00e3o, Constru\u00e7\u00e3o e Pavimenta\u00e7\u00e3o Ltda. \u201cPe\u00e7o licen\u00e7a para fazer aqui uma refer\u00eancia ao auditor fiscal do Trabalho, Emerson Victor S\u00e1, que incansavelmente observa os jovens que se esfor\u00e7am no aprendizado, e intercede por suas inclus\u00f5es junto \u00e0s empresas e institui\u00e7\u00f5es. Esforcei-me e consegui ser vista por ele, muito obrigada\u201d, agradeceu a primeira Jovem Aprendiz na OAB.<\/p>\n<p><strong>Transforma\u00e7\u00e3o de vida<\/strong><\/p>\n<p><a href=\"https:\/\/marketingmassivo.com.br\/sesi\/wp-content\/uploads\/sites\/12\/2019\/04\/Vira-Vida-forma-mais-94-formandos-preparados-pelo-SENAI-e-demais-parceiros-para-o-mercado-de-trabalho.jpg\"><img loading=\"lazy\" decoding=\"async\" class=\"wp-image-12919 alignleft\" src=\"http:\/\/www.fieam.org.br\/sesi\/wp-content\/uploads\/sites\/2\/2019\/04\/Vira-Vida-forma-mais-94-formandos-preparados-pelo-SENAI-e-demais-parceiros-para-o-mercado-de-trabalho-1024x683.jpg\" alt=\"\" width=\"727\" height=\"485\" \/><\/a>\u201cO Vira Vida foi na minha vida uma grande oportunidade de mudan\u00e7a, aprendi a lutar pelos meus sonhos e n\u00e3o desistir dos meus objetivos\u201d disse o formando, Fl\u00e1vio*, 18 anos, que ainda n\u00e3o est\u00e1 empregado, mas j\u00e1 participou de v\u00e1rios processos seletivos e diz a todos que \u00e9 muito bom enfrentar os seus medos e saber que \u00e9 capaz, assim como todos os demais colegas do programa.<\/p>\n<p>De acordo com Fl\u00e1vio, a indica\u00e7\u00e3o para entrar no Vira Vida veio da organiza\u00e7\u00e3o \u201cPequeno Nazareno\u201d, que o resgatou das ruas de Manaus, onde ele vendia papagaio (a famosa pipa). \u201cEra a \u00fanica coisa que eu sabia fazer para contribuir no sustento da minha fam\u00edlia, pois apenas o meu pai trabalha. O Vira Vida apareceu na minha vida na melhor hora poss\u00edvel, foi aqui que eu aprendi a me autoconhecer, reconhecer meus valores e saber que eu posso ser algu\u00e9m\u201d, afirmou orgulhoso.<\/p>\n<p>Fl\u00e1vio disse ser um rapaz que saia muito para beber, al\u00e9m de fumar bastante, mas quando entrou no programa conseguiu alcan\u00e7ar as melhores notas da turma, se destacar nos cursos realizados no Vira Vida, e ainda dar orgulho aos pais, assim como esposa, filha e enteada. Hoje est\u00e1 cursando o 3\u00ba ano do Ensino M\u00e9dio e se preparando para o vestibular.<\/p>\n<p><strong>Parceria<\/strong><\/p>\n<p><a href=\"http:\/\/www.fieam.org.br\/sesi\/wp-content\/uploads\/sites\/2\/2019\/04\/Rog\u00e9rio-Pereira-diretor-regional-do-SENAI-representou-a-todos-os-parceiros-em-formatura-do-Vira-Vida.jpg\"><img loading=\"lazy\" decoding=\"async\" class=\" wp-image-12921 alignleft\" src=\"http:\/\/www.fieam.org.br\/sesi\/wp-content\/uploads\/sites\/2\/2019\/04\/Rog\u00e9rio-Pereira-diretor-regional-do-SENAI-representou-a-todos-os-parceiros-em-formatura-do-Vira-Vida-1024x683.jpg\" alt=\"\" width=\"431\" height=\"288\" \/><\/a>O programa ofereceu nesses seis meses, cursos de forma\u00e7\u00e3o profissional como Auxiliar de Log\u00edstica, Auxiliar de Almoxarife e Assistente de Planejamento, educa\u00e7\u00e3o continuada como Relacionamento Interpessoal, \u00c9tica e Conduta no Trabalho, Etiqueta Profissional e no\u00e7\u00f5es de autogest\u00e3o, al\u00e9m de tamb\u00e9m oferecer atendimento psicossocial, voltado ao resgate da autoestima e fortalecimento de v\u00ednculos familiares.<\/p>\n<p>Para realizar os cursos, 23 ao todo, o SESI contou com parcerias como do Servi\u00e7o Nacional de Aprendizagem Industrial (SENAI Amazonas), com os cursos profissionalizantes de 160 horas de dura\u00e7\u00e3o, que possibilitou a entrada de alguns alunos no mercado de trabalho como Jovem Aprendiz na empresa MCA Construtora.<\/p>\n<p>Al\u00e9m do SENAI o Programa Vira Vida tamb\u00e9m conta com parceiros na empregabilidade como: Sensumed, McDonald\u2019s, Amazon Temper, Conselho Federal da Ordem dos Advogados do Brasil (OAB Amazonas), Banco BMG (Millennium Shopping), Leo Rent a Car, Alcance Transporte Ltda, Material de Constru\u00e7\u00e3o Bom Pre\u00e7o e Pizzaria e Lanche Igor.<\/p>\n<p>Entre os que contribuem com as mudan\u00e7as positivas na trajet\u00f3ria de vida de adolescentes e jovens da 6\u00aa turma est\u00e3o a Rede de Prote\u00e7\u00e3o formada no Amazonas pelas seguintes institui\u00e7\u00f5es: Centro de Refer\u00eancia Especializado de Assist\u00eancia Social (Creas Centro-Sul), O Pequeno Nazareno, Servi\u00e7o de Acolhimento Emergencial de Crian\u00e7as e Adolescentes (Saica), Casa Vhida, U.B.S Vila da Felicidade \/ Cozinha Comunit\u00e1ria, Alfredo da Mata, Aldeias S.O.S., Conselho Tutelar Leste 1 e Conselho Tutelar Leste 2.<\/p>\n<p><strong>O Programa Vira Vida<\/strong><\/p>\n<p>O Programa Vira Vida foi iniciado no Amazonas em abril de 2013, uma experi\u00eancia que vem dando certo gra\u00e7as \u00e0 parceria estabelecida com o Sistema S, a Rede de Enfrentamento \u00e0 Explora\u00e7\u00e3o Sexual, empresas e institui\u00e7\u00f5es parceiras. J\u00e1 s\u00e3o mais de 400 alunos formados com o programa no Amazonas.<\/p>\n","protected":false},"excerpt":{"rendered":"<p>Emo\u00e7\u00e3o e sentimento de supera\u00e7\u00e3o marcaram a solenidade de formatura da 6\u00aa turma do Programa Vira Vida, iniciativa do Conselho Nacional do Servi\u00e7o Social da Industrial (SESI Amazonas), nesta sexta-feira (26), no Audit\u00f3rio Gilberto Mendes de Azevedo, no Centro. O SESI entrega mais 94 alunos do programa aptos a ingressar no mercado de trabalho nas [&hellip;]<\/p>\n","protected":false},"author":1,"featured_media":12915,"comment_status":"closed","ping_status":"open","sticky":false,"template":"","format":"standard","meta":{"footnotes":""},"categories":[20,26],"tags":[],"class_list":["post-12913","post","type-post","status-publish","format-standard","has-post-thumbnail","hentry","category-banner-destaque","category-news-destaque"],"yoast_head":"<!-- This site is optimized with the Yoast SEO plugin v26.8 - https:\/\/yoast.com\/product\/yoast-seo-wordpress\/ -->\n<title>SESI Amazonas forma 94 alunos com o Programa Vira Vida - SESI<\/title>\n<meta name=\"robots\" content=\"index, follow, max-snippet:-1, max-image-preview:large, max-video-preview:-1\" \/>\n<link rel=\"canonical\" href=\"https:\/\/fieam.org.br\/sesi\/sesi-amazonas-forma-94-alunos-com-o-programa-vira-vida\/\" \/>\n<meta property=\"og:locale\" content=\"pt_BR\" \/>\n<meta property=\"og:type\" content=\"article\" \/>\n<meta property=\"og:title\" content=\"SESI Amazonas forma 94 alunos com o Programa Vira Vida - SESI\" \/>\n<meta property=\"og:description\" content=\"Emo\u00e7\u00e3o e sentimento de supera\u00e7\u00e3o marcaram a solenidade de formatura da 6\u00aa turma do Programa Vira Vida, iniciativa do Conselho Nacional do Servi\u00e7o Social da Industrial (SESI Amazonas), nesta sexta-feira (26), no Audit\u00f3rio Gilberto Mendes de Azevedo, no Centro. O SESI entrega mais 94 alunos do programa aptos a ingressar no mercado de trabalho nas [&hellip;]\" \/>\n<meta property=\"og:url\" content=\"https:\/\/fieam.org.br\/sesi\/sesi-amazonas-forma-94-alunos-com-o-programa-vira-vida\/\" \/>\n<meta property=\"og:site_name\" content=\"SESI\" \/>\n<meta property=\"article:published_time\" content=\"2019-04-29T12:38:21+00:00\" \/>\n<meta name=\"author\" content=\"Autor\" \/>\n<meta name=\"twitter:card\" content=\"summary_large_image\" \/>\n<meta name=\"twitter:label1\" content=\"Escrito por\" \/>\n\t<meta name=\"twitter:data1\" content=\"Autor\" \/>\n\t<meta name=\"twitter:label2\" content=\"Est. tempo de leitura\" \/>\n\t<meta name=\"twitter:data2\" content=\"6 minutos\" \/>\n<script type=\"application\/ld+json\" class=\"yoast-schema-graph\">{\"@context\":\"https:\/\/schema.org\",\"@graph\":[{\"@type\":\"Article\",\"@id\":\"https:\/\/fieam.org.br\/sesi\/sesi-amazonas-forma-94-alunos-com-o-programa-vira-vida\/#article\",\"isPartOf\":{\"@id\":\"https:\/\/fieam.org.br\/sesi\/sesi-amazonas-forma-94-alunos-com-o-programa-vira-vida\/\"},\"author\":{\"name\":\"Autor\",\"@id\":\"https:\/\/fieam.org.br\/sesi\/#\/schema\/person\/c1ceda8321521b291cee22da0a7d34be\"},\"headline\":\"SESI Amazonas forma 94 alunos com o Programa Vira Vida\",\"datePublished\":\"2019-04-29T12:38:21+00:00\",\"mainEntityOfPage\":{\"@id\":\"https:\/\/fieam.org.br\/sesi\/sesi-amazonas-forma-94-alunos-com-o-programa-vira-vida\/\"},\"wordCount\":1251,\"publisher\":{\"@id\":\"https:\/\/fieam.org.br\/sesi\/#organization\"},\"image\":{\"@id\":\"https:\/\/fieam.org.br\/sesi\/sesi-amazonas-forma-94-alunos-com-o-programa-vira-vida\/#primaryimage\"},\"thumbnailUrl\":\"\",\"articleSection\":[\"Banner Destaque\",\"News Destaque\"],\"inLanguage\":\"pt-BR\"},{\"@type\":\"WebPage\",\"@id\":\"https:\/\/fieam.org.br\/sesi\/sesi-amazonas-forma-94-alunos-com-o-programa-vira-vida\/\",\"url\":\"https:\/\/fieam.org.br\/sesi\/sesi-amazonas-forma-94-alunos-com-o-programa-vira-vida\/\",\"name\":\"SESI Amazonas forma 94 alunos com o Programa Vira Vida - SESI\",\"isPartOf\":{\"@id\":\"https:\/\/fieam.org.br\/sesi\/#website\"},\"primaryImageOfPage\":{\"@id\":\"https:\/\/fieam.org.br\/sesi\/sesi-amazonas-forma-94-alunos-com-o-programa-vira-vida\/#primaryimage\"},\"image\":{\"@id\":\"https:\/\/fieam.org.br\/sesi\/sesi-amazonas-forma-94-alunos-com-o-programa-vira-vida\/#primaryimage\"},\"thumbnailUrl\":\"\",\"datePublished\":\"2019-04-29T12:38:21+00:00\",\"breadcrumb\":{\"@id\":\"https:\/\/fieam.org.br\/sesi\/sesi-amazonas-forma-94-alunos-com-o-programa-vira-vida\/#breadcrumb\"},\"inLanguage\":\"pt-BR\",\"potentialAction\":[{\"@type\":\"ReadAction\",\"target\":[\"https:\/\/fieam.org.br\/sesi\/sesi-amazonas-forma-94-alunos-com-o-programa-vira-vida\/\"]}]},{\"@type\":\"ImageObject\",\"inLanguage\":\"pt-BR\",\"@id\":\"https:\/\/fieam.org.br\/sesi\/sesi-amazonas-forma-94-alunos-com-o-programa-vira-vida\/#primaryimage\",\"url\":\"\",\"contentUrl\":\"\"},{\"@type\":\"BreadcrumbList\",\"@id\":\"https:\/\/fieam.org.br\/sesi\/sesi-amazonas-forma-94-alunos-com-o-programa-vira-vida\/#breadcrumb\",\"itemListElement\":[{\"@type\":\"ListItem\",\"position\":1,\"name\":\"In\u00edcio\",\"item\":\"https:\/\/fieam.org.br\/sesi\/\"},{\"@type\":\"ListItem\",\"position\":2,\"name\":\"SESI Amazonas forma 94 alunos com o Programa Vira Vida\"}]},{\"@type\":\"WebSite\",\"@id\":\"https:\/\/fieam.org.br\/sesi\/#website\",\"url\":\"https:\/\/fieam.org.br\/sesi\/\",\"name\":\"SESI\",\"description\":\"Site Oficial!\",\"publisher\":{\"@id\":\"https:\/\/fieam.org.br\/sesi\/#organization\"},\"potentialAction\":[{\"@type\":\"SearchAction\",\"target\":{\"@type\":\"EntryPoint\",\"urlTemplate\":\"https:\/\/fieam.org.br\/sesi\/?s={search_term_string}\"},\"query-input\":{\"@type\":\"PropertyValueSpecification\",\"valueRequired\":true,\"valueName\":\"search_term_string\"}}],\"inLanguage\":\"pt-BR\"},{\"@type\":\"Organization\",\"@id\":\"https:\/\/fieam.org.br\/sesi\/#organization\",\"name\":\"SESI\",\"url\":\"https:\/\/fieam.org.br\/sesi\/\",\"logo\":{\"@type\":\"ImageObject\",\"inLanguage\":\"pt-BR\",\"@id\":\"https:\/\/fieam.org.br\/sesi\/#\/schema\/logo\/image\/\",\"url\":\"https:\/\/fieam.org.br\/sesi\/wp-content\/uploads\/sites\/14\/2024\/03\/cropped-fav.png\",\"contentUrl\":\"https:\/\/fieam.org.br\/sesi\/wp-content\/uploads\/sites\/14\/2024\/03\/cropped-fav.png\",\"width\":610,\"height\":589,\"caption\":\"SESI\"},\"image\":{\"@id\":\"https:\/\/fieam.org.br\/sesi\/#\/schema\/logo\/image\/\"}},{\"@type\":\"Person\",\"@id\":\"https:\/\/fieam.org.br\/sesi\/#\/schema\/person\/c1ceda8321521b291cee22da0a7d34be\",\"name\":\"Autor\",\"image\":{\"@type\":\"ImageObject\",\"inLanguage\":\"pt-BR\",\"@id\":\"https:\/\/fieam.org.br\/sesi\/#\/schema\/person\/image\/\",\"url\":\"https:\/\/secure.gravatar.com\/avatar\/3732c223e0e1fad69062a8f770955c9068d37b055204f310a0be18d4069fe380?s=96&d=mm&r=g\",\"contentUrl\":\"https:\/\/secure.gravatar.com\/avatar\/3732c223e0e1fad69062a8f770955c9068d37b055204f310a0be18d4069fe380?s=96&d=mm&r=g\",\"caption\":\"Autor\"},\"sameAs\":[\"https:\/\/marketingmassivo.com.br\"],\"url\":\"https:\/\/fieam.org.br\/sesi\/author\/admin\/\"}]}<\/script>\n<!-- \/ Yoast SEO plugin. -->","yoast_head_json":{"title":"SESI Amazonas forma 94 alunos com o Programa Vira Vida - SESI","robots":{"index":"index","follow":"follow","max-snippet":"max-snippet:-1","max-image-preview":"max-image-preview:large","max-video-preview":"max-video-preview:-1"},"canonical":"https:\/\/fieam.org.br\/sesi\/sesi-amazonas-forma-94-alunos-com-o-programa-vira-vida\/","og_locale":"pt_BR","og_type":"article","og_title":"SESI Amazonas forma 94 alunos com o Programa Vira Vida - SESI","og_description":"Emo\u00e7\u00e3o e sentimento de supera\u00e7\u00e3o marcaram a solenidade de formatura da 6\u00aa turma do Programa Vira Vida, iniciativa do Conselho Nacional do Servi\u00e7o Social da Industrial (SESI Amazonas), nesta sexta-feira (26), no Audit\u00f3rio Gilberto Mendes de Azevedo, no Centro. O SESI entrega mais 94 alunos do programa aptos a ingressar no mercado de trabalho nas [&hellip;]","og_url":"https:\/\/fieam.org.br\/sesi\/sesi-amazonas-forma-94-alunos-com-o-programa-vira-vida\/","og_site_name":"SESI","article_published_time":"2019-04-29T12:38:21+00:00","author":"Autor","twitter_card":"summary_large_image","twitter_misc":{"Escrito por":"Autor","Est. tempo de leitura":"6 minutos"},"schema":{"@context":"https:\/\/schema.org","@graph":[{"@type":"Article","@id":"https:\/\/fieam.org.br\/sesi\/sesi-amazonas-forma-94-alunos-com-o-programa-vira-vida\/#article","isPartOf":{"@id":"https:\/\/fieam.org.br\/sesi\/sesi-amazonas-forma-94-alunos-com-o-programa-vira-vida\/"},"author":{"name":"Autor","@id":"https:\/\/fieam.org.br\/sesi\/#\/schema\/person\/c1ceda8321521b291cee22da0a7d34be"},"headline":"SESI Amazonas forma 94 alunos com o Programa Vira Vida","datePublished":"2019-04-29T12:38:21+00:00","mainEntityOfPage":{"@id":"https:\/\/fieam.org.br\/sesi\/sesi-amazonas-forma-94-alunos-com-o-programa-vira-vida\/"},"wordCount":1251,"publisher":{"@id":"https:\/\/fieam.org.br\/sesi\/#organization"},"image":{"@id":"https:\/\/fieam.org.br\/sesi\/sesi-amazonas-forma-94-alunos-com-o-programa-vira-vida\/#primaryimage"},"thumbnailUrl":"","articleSection":["Banner Destaque","News Destaque"],"inLanguage":"pt-BR"},{"@type":"WebPage","@id":"https:\/\/fieam.org.br\/sesi\/sesi-amazonas-forma-94-alunos-com-o-programa-vira-vida\/","url":"https:\/\/fieam.org.br\/sesi\/sesi-amazonas-forma-94-alunos-com-o-programa-vira-vida\/","name":"SESI Amazonas forma 94 alunos com o Programa Vira Vida - SESI","isPartOf":{"@id":"https:\/\/fieam.org.br\/sesi\/#website"},"primaryImageOfPage":{"@id":"https:\/\/fieam.org.br\/sesi\/sesi-amazonas-forma-94-alunos-com-o-programa-vira-vida\/#primaryimage"},"image":{"@id":"https:\/\/fieam.org.br\/sesi\/sesi-amazonas-forma-94-alunos-com-o-programa-vira-vida\/#primaryimage"},"thumbnailUrl":"","datePublished":"2019-04-29T12:38:21+00:00","breadcrumb":{"@id":"https:\/\/fieam.org.br\/sesi\/sesi-amazonas-forma-94-alunos-com-o-programa-vira-vida\/#breadcrumb"},"inLanguage":"pt-BR","potentialAction":[{"@type":"ReadAction","target":["https:\/\/fieam.org.br\/sesi\/sesi-amazonas-forma-94-alunos-com-o-programa-vira-vida\/"]}]},{"@type":"ImageObject","inLanguage":"pt-BR","@id":"https:\/\/fieam.org.br\/sesi\/sesi-amazonas-forma-94-alunos-com-o-programa-vira-vida\/#primaryimage","url":"","contentUrl":""},{"@type":"BreadcrumbList","@id":"https:\/\/fieam.org.br\/sesi\/sesi-amazonas-forma-94-alunos-com-o-programa-vira-vida\/#breadcrumb","itemListElement":[{"@type":"ListItem","position":1,"name":"In\u00edcio","item":"https:\/\/fieam.org.br\/sesi\/"},{"@type":"ListItem","position":2,"name":"SESI Amazonas forma 94 alunos com o Programa Vira Vida"}]},{"@type":"WebSite","@id":"https:\/\/fieam.org.br\/sesi\/#website","url":"https:\/\/fieam.org.br\/sesi\/","name":"SESI","description":"Site Oficial!","publisher":{"@id":"https:\/\/fieam.org.br\/sesi\/#organization"},"potentialAction":[{"@type":"SearchAction","target":{"@type":"EntryPoint","urlTemplate":"https:\/\/fieam.org.br\/sesi\/?s={search_term_string}"},"query-input":{"@type":"PropertyValueSpecification","valueRequired":true,"valueName":"search_term_string"}}],"inLanguage":"pt-BR"},{"@type":"Organization","@id":"https:\/\/fieam.org.br\/sesi\/#organization","name":"SESI","url":"https:\/\/fieam.org.br\/sesi\/","logo":{"@type":"ImageObject","inLanguage":"pt-BR","@id":"https:\/\/fieam.org.br\/sesi\/#\/schema\/logo\/image\/","url":"https:\/\/fieam.org.br\/sesi\/wp-content\/uploads\/sites\/14\/2024\/03\/cropped-fav.png","contentUrl":"https:\/\/fieam.org.br\/sesi\/wp-content\/uploads\/sites\/14\/2024\/03\/cropped-fav.png","width":610,"height":589,"caption":"SESI"},"image":{"@id":"https:\/\/fieam.org.br\/sesi\/#\/schema\/logo\/image\/"}},{"@type":"Person","@id":"https:\/\/fieam.org.br\/sesi\/#\/schema\/person\/c1ceda8321521b291cee22da0a7d34be","name":"Autor","image":{"@type":"ImageObject","inLanguage":"pt-BR","@id":"https:\/\/fieam.org.br\/sesi\/#\/schema\/person\/image\/","url":"https:\/\/secure.gravatar.com\/avatar\/3732c223e0e1fad69062a8f770955c9068d37b055204f310a0be18d4069fe380?s=96&d=mm&r=g","contentUrl":"https:\/\/secure.gravatar.com\/avatar\/3732c223e0e1fad69062a8f770955c9068d37b055204f310a0be18d4069fe380?s=96&d=mm&r=g","caption":"Autor"},"sameAs":["https:\/\/marketingmassivo.com.br"],"url":"https:\/\/fieam.org.br\/sesi\/author\/admin\/"}]}},"_links":{"self":[{"href":"https:\/\/fieam.org.br\/sesi\/wp-json\/wp\/v2\/posts\/12913","targetHints":{"allow":["GET"]}}],"collection":[{"href":"https:\/\/fieam.org.br\/sesi\/wp-json\/wp\/v2\/posts"}],"about":[{"href":"https:\/\/fieam.org.br\/sesi\/wp-json\/wp\/v2\/types\/post"}],"author":[{"embeddable":true,"href":"https:\/\/fieam.org.br\/sesi\/wp-json\/wp\/v2\/users\/1"}],"replies":[{"embeddable":true,"href":"https:\/\/fieam.org.br\/sesi\/wp-json\/wp\/v2\/comments?post=12913"}],"version-history":[{"count":0,"href":"https:\/\/fieam.org.br\/sesi\/wp-json\/wp\/v2\/posts\/12913\/revisions"}],"wp:featuredmedia":[{"embeddable":true,"href":"https:\/\/fieam.org.br\/sesi\/wp-json\/"}],"wp:attachment":[{"href":"https:\/\/fieam.org.br\/sesi\/wp-json\/wp\/v2\/media?parent=12913"}],"wp:term":[{"taxonomy":"category","embeddable":true,"href":"https:\/\/fieam.org.br\/sesi\/wp-json\/wp\/v2\/categories?post=12913"},{"taxonomy":"post_tag","embeddable":true,"href":"https:\/\/fieam.org.br\/sesi\/wp-json\/wp\/v2\/tags?post=12913"}],"curies":[{"name":"wp","href":"https:\/\/api.w.org\/{rel}","templated":true}]}}