{"id":1268,"date":"2011-05-30T21:12:33","date_gmt":"2011-05-30T21:12:33","guid":{"rendered":"http:\/\/www.fieam.org.br\/site\/sesi\/?p=1268"},"modified":"2011-05-30T21:12:33","modified_gmt":"2011-05-30T21:12:33","slug":"circuito-de-lazer-reune-maes-industriarias","status":"publish","type":"post","link":"https:\/\/fieam.org.br\/sesi\/circuito-de-lazer-reune-maes-industriarias\/","title":{"rendered":"Circuito de Lazer re\u00fane m\u00e3es industri\u00e1rias"},"content":{"rendered":"<figure id=\"attachment_1275\" aria-describedby=\"caption-attachment-1275\" style=\"width: 660px\" class=\"wp-caption aligncenter\"><a href=\"http:\/\/www.fieam.org.br\/site\/sesi\/files\/2011\/05\/Wanilza-e-Ana-Paula-com-os-filhos-no-Clube12.jpg\"><img fetchpriority=\"high\" decoding=\"async\" class=\"size-full wp-image-1275 \" src=\"http:\/\/www.fieam.org.br\/site\/sesi\/files\/2011\/05\/Wanilza-e-Ana-Paula-com-os-filhos-no-Clube12.jpg\" alt=\"\" width=\"660\" height=\"400\" \/><\/a><figcaption id=\"caption-attachment-1275\" class=\"wp-caption-text\">Wanilza e Ana Paula com os filhos no Clube<\/figcaption><\/figure>\n<p>Dezenas de m\u00e3es trabalhadoras do Polo Industrial de Manaus (PIM) atenderam ao convite do SESI, para participar, no \u00faltimo fim de semana, no Clube do Trabalhador do Amazonas, do Circuito de Lazer, encerrando a programa\u00e7\u00e3o do m\u00eas dedicado \u00e0s m\u00e3es. Gin\u00e1stica, sal\u00e3o de beleza, jogos de sal\u00e3o, oficina de embalagem e exposi\u00e7\u00e3o de artesanato foram alguns dos atrativos oferecidos \u00e0s m\u00e3es, enquanto as crian\u00e7as se divertiam nos brinquedos infl\u00e1veis, pula-pula e jogos educativos.<\/p>\n<p>Depois do expediente na Salcomp Ind\u00fastria Eletr\u00f4nica da Amaz\u00f4nia, na sexta-feira (27), a auxiliar de materiais Wanilza Nunes, 35, e a colega Ana Paula Ramos, 35, analista de material, pegaram os filhos na Escolinha do SESI, no Distrito Industrial, e rumaram para o Clube, na zona Leste. \u00c9 ali que elas costumam desfrutar, semanalmente, das horas de lazer, seja na academia de gin\u00e1stica ou na piscina.<\/p>\n<p>Desta vez, Wanilza e Ana Paula deixaram a academia de lado e aproveitaram a sess\u00e3o especial de macrogin\u00e1stica comandada pelos instrutores do SESI nos corredores do Clube. \u201cEsse \u00e9 o nosso lazer preferido\u201d, disse Wanilza, depois de aprender a confeccionar embalagens e de suar o moleton em 20 minutos de aer\u00f3bica.<\/p>\n<figure id=\"attachment_1277\" aria-describedby=\"caption-attachment-1277\" style=\"width: 660px\" class=\"wp-caption aligncenter\"><a href=\"http:\/\/www.fieam.org.br\/site\/sesi\/files\/2011\/05\/Denis-instrutor-de-macrogin\u00e1stica.jpg\"><img decoding=\"async\" class=\"size-full wp-image-1277 \" src=\"http:\/\/www.fieam.org.br\/site\/sesi\/files\/2011\/05\/Denis-instrutor-de-macrogin\u00e1stica.jpg\" alt=\"\" width=\"660\" height=\"400\" \/><\/a><figcaption id=\"caption-attachment-1277\" class=\"wp-caption-text\">Denis, instrutor de macrogin\u00e1stica<\/figcaption><\/figure>\n<p>As funcion\u00e1rias da Tecplam Ind\u00fastria Eletr\u00f4nica, Valdecy Lira da Costa, 43, Aparecida Rodrigues de Oliveira, 37, deixaram os filhos com os respectivos maridos, em casa, para torcer pelas colegas do time de futsal, nos Jogos Estaduais do SESI, disputados no Clube. Enquanto aguardavam, elas se enfrentaram no jogo de damas em sucessivas vit\u00f3rias de cada lado. Acabaram premiadas com medalhas de participa\u00e7\u00e3o no Circuito.<\/p>\n<p>O industri\u00e1rio F\u00e1bio Moreira dos Santos, 18, auxiliar de produ\u00e7\u00e3o da Caloi, n\u00e3o compareceu mais mandou sua dependente, a m\u00e3e, Marcicleide Moreira, 41, que aproveitou para levar as sobrinhas Safira, 30, e Simone, 28, esta com o filho Heitor, de 2 meses, uma pequena reuni\u00e3o de fam\u00edlia no Clube do Trabalhador. \u201cViemos prestigiar, mas n\u00e3o estamos preparadas para participar da gin\u00e1stica\u201d, disse Marcicleide.<\/p>\n<p>De acordo com a coordenadora do Circuito de Lazer das M\u00e3es, Leula Melo Dias, o SESI vem alternando o hor\u00e1rio dessa programa\u00e7\u00e3o em fun\u00e7\u00e3o dos turnos das empresas e, desta vez, o resultado no hor\u00e1rio noturno atendeu \u00e0s expectativas da institui\u00e7\u00e3o.<br \/>\nO Circuito, que come\u00e7ou \u00e0s 17h, se estendeu at\u00e9 as 22h, depois de um animado \u201cBingo das M\u00e3es\u201d, com brindes que iam de edredons a jogos de ch\u00e1. \u201cNo clima da brincadeira, premiamos a \u2018m\u00e3e mais idosa\u2019, a \u2018m\u00e3e de cabelos mais longos\u2019, a \u2018m\u00e3e mais bonita\u2019\u201d, contou Leula.<\/p>\n","protected":false},"excerpt":{"rendered":"<p>Dezenas de m\u00e3es trabalhadoras do Polo Industrial de Manaus (PIM) atenderam ao convite do SESI, para participar, no \u00faltimo fim de semana, no Clube do Trabalhador do Amazonas, do Circuito de Lazer, encerrando a programa\u00e7\u00e3o do m\u00eas dedicado \u00e0s m\u00e3es. Gin\u00e1stica, sal\u00e3o de beleza, jogos de sal\u00e3o, oficina de embalagem e exposi\u00e7\u00e3o de artesanato foram [&hellip;]<\/p>\n","protected":false},"author":1,"featured_media":0,"comment_status":"open","ping_status":"open","sticky":false,"template":"","format":"standard","meta":{"footnotes":""},"categories":[25],"tags":[],"class_list":["post-1268","post","type-post","status-publish","format-standard","hentry","category-news"],"yoast_head":"<!-- This site is optimized with the Yoast SEO plugin v28.2 - https:\/\/yoast.com\/product\/yoast-seo-wordpress\/ -->\n<title>Circuito de Lazer re\u00fane m\u00e3es industri\u00e1rias - SESI<\/title>\n<meta name=\"robots\" content=\"index, follow, max-snippet:-1, max-image-preview:large, max-video-preview:-1\" \/>\n<link rel=\"canonical\" href=\"https:\/\/fieam.org.br\/sesi\/circuito-de-lazer-reune-maes-industriarias\/\" \/>\n<meta property=\"og:locale\" content=\"pt_BR\" \/>\n<meta property=\"og:type\" content=\"article\" \/>\n<meta property=\"og:title\" content=\"Circuito de Lazer re\u00fane m\u00e3es industri\u00e1rias - SESI\" \/>\n<meta property=\"og:description\" content=\"Dezenas de m\u00e3es trabalhadoras do Polo Industrial de Manaus (PIM) atenderam ao convite do SESI, para participar, no \u00faltimo fim de semana, no Clube do Trabalhador do Amazonas, do Circuito de Lazer, encerrando a programa\u00e7\u00e3o do m\u00eas dedicado \u00e0s m\u00e3es. Gin\u00e1stica, sal\u00e3o de beleza, jogos de sal\u00e3o, oficina de embalagem e exposi\u00e7\u00e3o de artesanato foram [&hellip;]\" \/>\n<meta property=\"og:url\" content=\"https:\/\/fieam.org.br\/sesi\/circuito-de-lazer-reune-maes-industriarias\/\" \/>\n<meta property=\"og:site_name\" content=\"SESI\" \/>\n<meta property=\"article:published_time\" content=\"2011-05-30T21:12:33+00:00\" \/>\n<meta property=\"og:image\" content=\"https:\/\/fieam.org.br\/sesi\/wp-content\/uploads\/sites\/14\/2011\/05\/Wanilza-e-Ana-Paula-com-os-filhos-no-Clube12.jpg\" \/>\n\t<meta property=\"og:image:width\" content=\"900\" \/>\n\t<meta property=\"og:image:height\" content=\"563\" \/>\n\t<meta property=\"og:image:type\" content=\"image\/jpeg\" \/>\n<meta name=\"author\" content=\"Autor\" \/>\n<meta name=\"twitter:card\" content=\"summary_large_image\" \/>\n<meta name=\"twitter:label1\" content=\"Escrito por\" \/>\n\t<meta name=\"twitter:data1\" content=\"Autor\" \/>\n\t<meta name=\"twitter:label2\" content=\"Est. tempo de leitura\" \/>\n\t<meta name=\"twitter:data2\" content=\"2 minutos\" \/>\n<script type=\"application\/ld+json\" class=\"yoast-schema-graph\">{\"@context\":\"https:\\\/\\\/schema.org\",\"@graph\":[{\"@type\":\"Article\",\"@id\":\"https:\\\/\\\/fieam.org.br\\\/sesi\\\/circuito-de-lazer-reune-maes-industriarias\\\/#article\",\"isPartOf\":{\"@id\":\"https:\\\/\\\/fieam.org.br\\\/sesi\\\/circuito-de-lazer-reune-maes-industriarias\\\/\"},\"author\":{\"name\":\"Autor\",\"@id\":\"https:\\\/\\\/fieam.org.br\\\/sesi\\\/#\\\/schema\\\/person\\\/f54998dd14d5f0695b41444f2b01c31e\"},\"headline\":\"Circuito de Lazer re\u00fane m\u00e3es industri\u00e1rias\",\"datePublished\":\"2011-05-30T21:12:33+00:00\",\"mainEntityOfPage\":{\"@id\":\"https:\\\/\\\/fieam.org.br\\\/sesi\\\/circuito-de-lazer-reune-maes-industriarias\\\/\"},\"wordCount\":476,\"commentCount\":0,\"publisher\":{\"@id\":\"https:\\\/\\\/fieam.org.br\\\/sesi\\\/#organization\"},\"image\":{\"@id\":\"https:\\\/\\\/fieam.org.br\\\/sesi\\\/circuito-de-lazer-reune-maes-industriarias\\\/#primaryimage\"},\"thumbnailUrl\":\"http:\\\/\\\/www.fieam.org.br\\\/site\\\/sesi\\\/files\\\/2011\\\/05\\\/Wanilza-e-Ana-Paula-com-os-filhos-no-Clube12.jpg\",\"articleSection\":[\"News\"],\"inLanguage\":\"pt-BR\",\"potentialAction\":[{\"@type\":\"CommentAction\",\"name\":\"Comment\",\"target\":[\"https:\\\/\\\/fieam.org.br\\\/sesi\\\/circuito-de-lazer-reune-maes-industriarias\\\/#respond\"]}]},{\"@type\":\"WebPage\",\"@id\":\"https:\\\/\\\/fieam.org.br\\\/sesi\\\/circuito-de-lazer-reune-maes-industriarias\\\/\",\"url\":\"https:\\\/\\\/fieam.org.br\\\/sesi\\\/circuito-de-lazer-reune-maes-industriarias\\\/\",\"name\":\"Circuito de Lazer re\u00fane m\u00e3es industri\u00e1rias - SESI\",\"isPartOf\":{\"@id\":\"https:\\\/\\\/fieam.org.br\\\/sesi\\\/#website\"},\"primaryImageOfPage\":{\"@id\":\"https:\\\/\\\/fieam.org.br\\\/sesi\\\/circuito-de-lazer-reune-maes-industriarias\\\/#primaryimage\"},\"image\":{\"@id\":\"https:\\\/\\\/fieam.org.br\\\/sesi\\\/circuito-de-lazer-reune-maes-industriarias\\\/#primaryimage\"},\"thumbnailUrl\":\"http:\\\/\\\/www.fieam.org.br\\\/site\\\/sesi\\\/files\\\/2011\\\/05\\\/Wanilza-e-Ana-Paula-com-os-filhos-no-Clube12.jpg\",\"datePublished\":\"2011-05-30T21:12:33+00:00\",\"breadcrumb\":{\"@id\":\"https:\\\/\\\/fieam.org.br\\\/sesi\\\/circuito-de-lazer-reune-maes-industriarias\\\/#breadcrumb\"},\"inLanguage\":\"pt-BR\",\"potentialAction\":[{\"@type\":\"ReadAction\",\"target\":[\"https:\\\/\\\/fieam.org.br\\\/sesi\\\/circuito-de-lazer-reune-maes-industriarias\\\/\"]}]},{\"@type\":\"ImageObject\",\"inLanguage\":\"pt-BR\",\"@id\":\"https:\\\/\\\/fieam.org.br\\\/sesi\\\/circuito-de-lazer-reune-maes-industriarias\\\/#primaryimage\",\"url\":\"http:\\\/\\\/www.fieam.org.br\\\/site\\\/sesi\\\/files\\\/2011\\\/05\\\/Wanilza-e-Ana-Paula-com-os-filhos-no-Clube12.jpg\",\"contentUrl\":\"http:\\\/\\\/www.fieam.org.br\\\/site\\\/sesi\\\/files\\\/2011\\\/05\\\/Wanilza-e-Ana-Paula-com-os-filhos-no-Clube12.jpg\"},{\"@type\":\"BreadcrumbList\",\"@id\":\"https:\\\/\\\/fieam.org.br\\\/sesi\\\/circuito-de-lazer-reune-maes-industriarias\\\/#breadcrumb\",\"itemListElement\":[{\"@type\":\"ListItem\",\"position\":1,\"name\":\"In\u00edcio\",\"item\":\"https:\\\/\\\/fieam.org.br\\\/sesi\\\/\"},{\"@type\":\"ListItem\",\"position\":2,\"name\":\"Circuito de Lazer re\u00fane m\u00e3es industri\u00e1rias\"}]},{\"@type\":\"WebSite\",\"@id\":\"https:\\\/\\\/fieam.org.br\\\/sesi\\\/#website\",\"url\":\"https:\\\/\\\/fieam.org.br\\\/sesi\\\/\",\"name\":\"SESI\",\"description\":\"Site Oficial!\",\"publisher\":{\"@id\":\"https:\\\/\\\/fieam.org.br\\\/sesi\\\/#organization\"},\"potentialAction\":[{\"@type\":\"SearchAction\",\"target\":{\"@type\":\"EntryPoint\",\"urlTemplate\":\"https:\\\/\\\/fieam.org.br\\\/sesi\\\/?s={search_term_string}\"},\"query-input\":{\"@type\":\"PropertyValueSpecification\",\"valueRequired\":true,\"valueName\":\"search_term_string\"}}],\"inLanguage\":\"pt-BR\"},{\"@type\":\"Organization\",\"@id\":\"https:\\\/\\\/fieam.org.br\\\/sesi\\\/#organization\",\"name\":\"SESI\",\"url\":\"https:\\\/\\\/fieam.org.br\\\/sesi\\\/\",\"logo\":{\"@type\":\"ImageObject\",\"inLanguage\":\"pt-BR\",\"@id\":\"https:\\\/\\\/fieam.org.br\\\/sesi\\\/#\\\/schema\\\/logo\\\/image\\\/\",\"url\":\"https:\\\/\\\/fieam.org.br\\\/sesi\\\/wp-content\\\/uploads\\\/sites\\\/14\\\/2024\\\/03\\\/cropped-fav.png\",\"contentUrl\":\"https:\\\/\\\/fieam.org.br\\\/sesi\\\/wp-content\\\/uploads\\\/sites\\\/14\\\/2024\\\/03\\\/cropped-fav.png\",\"width\":610,\"height\":589,\"caption\":\"SESI\"},\"image\":{\"@id\":\"https:\\\/\\\/fieam.org.br\\\/sesi\\\/#\\\/schema\\\/logo\\\/image\\\/\"}},{\"@type\":\"Person\",\"@id\":\"https:\\\/\\\/fieam.org.br\\\/sesi\\\/#\\\/schema\\\/person\\\/f54998dd14d5f0695b41444f2b01c31e\",\"name\":\"Autor\",\"image\":{\"@type\":\"ImageObject\",\"inLanguage\":\"pt-BR\",\"@id\":\"https:\\\/\\\/secure.gravatar.com\\\/avatar\\\/3732c223e0e1fad69062a8f770955c9068d37b055204f310a0be18d4069fe380?s=96&d=mm&r=g\",\"url\":\"https:\\\/\\\/secure.gravatar.com\\\/avatar\\\/3732c223e0e1fad69062a8f770955c9068d37b055204f310a0be18d4069fe380?s=96&d=mm&r=g\",\"contentUrl\":\"https:\\\/\\\/secure.gravatar.com\\\/avatar\\\/3732c223e0e1fad69062a8f770955c9068d37b055204f310a0be18d4069fe380?s=96&d=mm&r=g\",\"caption\":\"Autor\"},\"sameAs\":[\"https:\\\/\\\/marketingmassivo.com.br\"],\"url\":\"https:\\\/\\\/fieam.org.br\\\/sesi\\\/author\\\/admin\\\/\"}]}<\/script>\n<!-- \/ Yoast SEO plugin. -->","yoast_head_json":{"title":"Circuito de Lazer re\u00fane m\u00e3es industri\u00e1rias - SESI","robots":{"index":"index","follow":"follow","max-snippet":"max-snippet:-1","max-image-preview":"max-image-preview:large","max-video-preview":"max-video-preview:-1"},"canonical":"https:\/\/fieam.org.br\/sesi\/circuito-de-lazer-reune-maes-industriarias\/","og_locale":"pt_BR","og_type":"article","og_title":"Circuito de Lazer re\u00fane m\u00e3es industri\u00e1rias - SESI","og_description":"Dezenas de m\u00e3es trabalhadoras do Polo Industrial de Manaus (PIM) atenderam ao convite do SESI, para participar, no \u00faltimo fim de semana, no Clube do Trabalhador do Amazonas, do Circuito de Lazer, encerrando a programa\u00e7\u00e3o do m\u00eas dedicado \u00e0s m\u00e3es. Gin\u00e1stica, sal\u00e3o de beleza, jogos de sal\u00e3o, oficina de embalagem e exposi\u00e7\u00e3o de artesanato foram [&hellip;]","og_url":"https:\/\/fieam.org.br\/sesi\/circuito-de-lazer-reune-maes-industriarias\/","og_site_name":"SESI","article_published_time":"2011-05-30T21:12:33+00:00","og_image":[{"width":900,"height":563,"url":"https:\/\/fieam.org.br\/sesi\/wp-content\/uploads\/sites\/14\/2011\/05\/Wanilza-e-Ana-Paula-com-os-filhos-no-Clube12.jpg","type":"image\/jpeg"}],"author":"Autor","twitter_card":"summary_large_image","twitter_misc":{"Escrito por":"Autor","Est. tempo de leitura":"2 minutos"},"schema":{"@context":"https:\/\/schema.org","@graph":[{"@type":"Article","@id":"https:\/\/fieam.org.br\/sesi\/circuito-de-lazer-reune-maes-industriarias\/#article","isPartOf":{"@id":"https:\/\/fieam.org.br\/sesi\/circuito-de-lazer-reune-maes-industriarias\/"},"author":{"name":"Autor","@id":"https:\/\/fieam.org.br\/sesi\/#\/schema\/person\/f54998dd14d5f0695b41444f2b01c31e"},"headline":"Circuito de Lazer re\u00fane m\u00e3es industri\u00e1rias","datePublished":"2011-05-30T21:12:33+00:00","mainEntityOfPage":{"@id":"https:\/\/fieam.org.br\/sesi\/circuito-de-lazer-reune-maes-industriarias\/"},"wordCount":476,"commentCount":0,"publisher":{"@id":"https:\/\/fieam.org.br\/sesi\/#organization"},"image":{"@id":"https:\/\/fieam.org.br\/sesi\/circuito-de-lazer-reune-maes-industriarias\/#primaryimage"},"thumbnailUrl":"http:\/\/www.fieam.org.br\/site\/sesi\/files\/2011\/05\/Wanilza-e-Ana-Paula-com-os-filhos-no-Clube12.jpg","articleSection":["News"],"inLanguage":"pt-BR","potentialAction":[{"@type":"CommentAction","name":"Comment","target":["https:\/\/fieam.org.br\/sesi\/circuito-de-lazer-reune-maes-industriarias\/#respond"]}]},{"@type":"WebPage","@id":"https:\/\/fieam.org.br\/sesi\/circuito-de-lazer-reune-maes-industriarias\/","url":"https:\/\/fieam.org.br\/sesi\/circuito-de-lazer-reune-maes-industriarias\/","name":"Circuito de Lazer re\u00fane m\u00e3es industri\u00e1rias - SESI","isPartOf":{"@id":"https:\/\/fieam.org.br\/sesi\/#website"},"primaryImageOfPage":{"@id":"https:\/\/fieam.org.br\/sesi\/circuito-de-lazer-reune-maes-industriarias\/#primaryimage"},"image":{"@id":"https:\/\/fieam.org.br\/sesi\/circuito-de-lazer-reune-maes-industriarias\/#primaryimage"},"thumbnailUrl":"http:\/\/www.fieam.org.br\/site\/sesi\/files\/2011\/05\/Wanilza-e-Ana-Paula-com-os-filhos-no-Clube12.jpg","datePublished":"2011-05-30T21:12:33+00:00","breadcrumb":{"@id":"https:\/\/fieam.org.br\/sesi\/circuito-de-lazer-reune-maes-industriarias\/#breadcrumb"},"inLanguage":"pt-BR","potentialAction":[{"@type":"ReadAction","target":["https:\/\/fieam.org.br\/sesi\/circuito-de-lazer-reune-maes-industriarias\/"]}]},{"@type":"ImageObject","inLanguage":"pt-BR","@id":"https:\/\/fieam.org.br\/sesi\/circuito-de-lazer-reune-maes-industriarias\/#primaryimage","url":"http:\/\/www.fieam.org.br\/site\/sesi\/files\/2011\/05\/Wanilza-e-Ana-Paula-com-os-filhos-no-Clube12.jpg","contentUrl":"http:\/\/www.fieam.org.br\/site\/sesi\/files\/2011\/05\/Wanilza-e-Ana-Paula-com-os-filhos-no-Clube12.jpg"},{"@type":"BreadcrumbList","@id":"https:\/\/fieam.org.br\/sesi\/circuito-de-lazer-reune-maes-industriarias\/#breadcrumb","itemListElement":[{"@type":"ListItem","position":1,"name":"In\u00edcio","item":"https:\/\/fieam.org.br\/sesi\/"},{"@type":"ListItem","position":2,"name":"Circuito de Lazer re\u00fane m\u00e3es industri\u00e1rias"}]},{"@type":"WebSite","@id":"https:\/\/fieam.org.br\/sesi\/#website","url":"https:\/\/fieam.org.br\/sesi\/","name":"SESI","description":"Site Oficial!","publisher":{"@id":"https:\/\/fieam.org.br\/sesi\/#organization"},"potentialAction":[{"@type":"SearchAction","target":{"@type":"EntryPoint","urlTemplate":"https:\/\/fieam.org.br\/sesi\/?s={search_term_string}"},"query-input":{"@type":"PropertyValueSpecification","valueRequired":true,"valueName":"search_term_string"}}],"inLanguage":"pt-BR"},{"@type":"Organization","@id":"https:\/\/fieam.org.br\/sesi\/#organization","name":"SESI","url":"https:\/\/fieam.org.br\/sesi\/","logo":{"@type":"ImageObject","inLanguage":"pt-BR","@id":"https:\/\/fieam.org.br\/sesi\/#\/schema\/logo\/image\/","url":"https:\/\/fieam.org.br\/sesi\/wp-content\/uploads\/sites\/14\/2024\/03\/cropped-fav.png","contentUrl":"https:\/\/fieam.org.br\/sesi\/wp-content\/uploads\/sites\/14\/2024\/03\/cropped-fav.png","width":610,"height":589,"caption":"SESI"},"image":{"@id":"https:\/\/fieam.org.br\/sesi\/#\/schema\/logo\/image\/"}},{"@type":"Person","@id":"https:\/\/fieam.org.br\/sesi\/#\/schema\/person\/f54998dd14d5f0695b41444f2b01c31e","name":"Autor","image":{"@type":"ImageObject","inLanguage":"pt-BR","@id":"https:\/\/secure.gravatar.com\/avatar\/3732c223e0e1fad69062a8f770955c9068d37b055204f310a0be18d4069fe380?s=96&d=mm&r=g","url":"https:\/\/secure.gravatar.com\/avatar\/3732c223e0e1fad69062a8f770955c9068d37b055204f310a0be18d4069fe380?s=96&d=mm&r=g","contentUrl":"https:\/\/secure.gravatar.com\/avatar\/3732c223e0e1fad69062a8f770955c9068d37b055204f310a0be18d4069fe380?s=96&d=mm&r=g","caption":"Autor"},"sameAs":["https:\/\/marketingmassivo.com.br"],"url":"https:\/\/fieam.org.br\/sesi\/author\/admin\/"}]}},"_links":{"self":[{"href":"https:\/\/fieam.org.br\/sesi\/wp-json\/wp\/v2\/posts\/1268","targetHints":{"allow":["GET"]}}],"collection":[{"href":"https:\/\/fieam.org.br\/sesi\/wp-json\/wp\/v2\/posts"}],"about":[{"href":"https:\/\/fieam.org.br\/sesi\/wp-json\/wp\/v2\/types\/post"}],"author":[{"embeddable":true,"href":"https:\/\/fieam.org.br\/sesi\/wp-json\/wp\/v2\/users\/1"}],"replies":[{"embeddable":true,"href":"https:\/\/fieam.org.br\/sesi\/wp-json\/wp\/v2\/comments?post=1268"}],"version-history":[{"count":0,"href":"https:\/\/fieam.org.br\/sesi\/wp-json\/wp\/v2\/posts\/1268\/revisions"}],"wp:attachment":[{"href":"https:\/\/fieam.org.br\/sesi\/wp-json\/wp\/v2\/media?parent=1268"}],"wp:term":[{"taxonomy":"category","embeddable":true,"href":"https:\/\/fieam.org.br\/sesi\/wp-json\/wp\/v2\/categories?post=1268"},{"taxonomy":"post_tag","embeddable":true,"href":"https:\/\/fieam.org.br\/sesi\/wp-json\/wp\/v2\/tags?post=1268"}],"curies":[{"name":"wp","href":"https:\/\/api.w.org\/{rel}","templated":true}]}}