{"id":1258,"date":"2011-05-30T20:45:49","date_gmt":"2011-05-30T20:45:49","guid":{"rendered":"http:\/\/www.fieam.org.br\/site\/sesi\/?p=1258"},"modified":"2011-05-30T20:45:49","modified_gmt":"2011-05-30T20:45:49","slug":"am-traz-13-medalhas-dos-jogos-nacionais","status":"publish","type":"post","link":"https:\/\/fieam.org.br\/sesi\/am-traz-13-medalhas-dos-jogos-nacionais\/","title":{"rendered":"AM traz 13 medalhas dos Jogos Nacionais"},"content":{"rendered":"<div><em> <\/em><\/div>\n<div><em> <\/em><\/div>\n<div><em> <\/em><\/div>\n<p><em> <\/em><\/p>\n<p><em> <\/em><\/p>\n<figure id=\"attachment_1280\" aria-describedby=\"caption-attachment-1280\" style=\"width: 600px\" class=\"wp-caption aligncenter\"><a href=\"http:\/\/www.fieam.org.br\/site\/sesi\/files\/2011\/05\/foto-materia6.jpg\"><img fetchpriority=\"high\" decoding=\"async\" class=\"size-full wp-image-1280\" src=\"http:\/\/www.fieam.org.br\/site\/sesi\/files\/2011\/05\/foto-materia6.jpg\" alt=\"\" width=\"600\" height=\"400\" srcset=\"https:\/\/fieam.org.br\/sesi\/wp-content\/uploads\/sites\/14\/2011\/05\/foto-materia6.jpg 600w, https:\/\/fieam.org.br\/sesi\/wp-content\/uploads\/sites\/14\/2011\/05\/foto-materia6-300x200.jpg 300w\" sizes=\"(max-width: 600px) 100vw, 600px\" \/><\/a><figcaption id=\"caption-attachment-1280\" class=\"wp-caption-text\">Val\u00e9ria Nascimento ouro.<\/figcaption><\/figure>\n<p><em>AM traz 13 medalhas dos Jogos Nacionais Duas atletas do Estado se credenciam para disputar os Jogos Mundiais, na \u00c1ustria, em outubro<\/em>O Amazonas conquistou 13 medalhas nos Jogos Nacionais do SESI, encerrados neste s\u00e1bado (28), na cidade de Sim\u00f5es Filho, regi\u00e3o metropolitana de Salvador, na Bahia. Foram duas medalhas de ouro, quatro de prata e sete de bronze. A delega\u00e7\u00e3o do Estado foi formada por 84 trabalhadores-atletas de 16 empresas do Polo Industrial de Manaus (PIM).<\/p>\n<p>Detentoras das medalhas de ouro, Val\u00e9ria Nascimento e Juliana Gusm\u00e3o garantiram vaga nos Jogos Mundiais dos Trabalhadores a serem disputados em outubro, na \u00c1ustria, respectivamente, nas provas de arremesso de peso e de 1.500m rasos. Val\u00e9ria Nascimento, funcion\u00e1ria da Moto Honda, era a favorita no arremesso de peso e acabou superando a marca de 9m70, que lhe deu o ouro em 2010 na mesma competi\u00e7\u00e3o, atingindo agora 10h03. Nos 1.500 metros rasos, Juliana Gusm\u00e3o, da Philips do Brasil, tamb\u00e9m era uma das favoritas e acabou liderando a prova do in\u00edcio ao fim, com um tempo de 5min09.<\/p>\n<figure id=\"attachment_1261\" aria-describedby=\"caption-attachment-1261\" style=\"width: 640px\" class=\"wp-caption aligncenter\"><a href=\"http:\/\/www.fieam.org.br\/site\/sesi\/files\/2011\/05\/Jackson-Mendes-prata.jpg\"><img decoding=\"async\" class=\"size-full wp-image-1261\" src=\"http:\/\/www.fieam.org.br\/site\/sesi\/files\/2011\/05\/Jackson-Mendes-prata.jpg\" alt=\"\" width=\"640\" height=\"427\" srcset=\"https:\/\/fieam.org.br\/sesi\/wp-content\/uploads\/sites\/14\/2011\/05\/Jackson-Mendes-prata.jpg 640w, https:\/\/fieam.org.br\/sesi\/wp-content\/uploads\/sites\/14\/2011\/05\/Jackson-Mendes-prata-300x200.jpg 300w\" sizes=\"(max-width: 640px) 100vw, 640px\" \/><\/a><figcaption id=\"caption-attachment-1261\" class=\"wp-caption-text\">Jackson Mendes, prata<\/figcaption><\/figure>\n<p>Al\u00e9m das medalhas de ouro, o atletismo deu ao Amazonas duas medalhas de prata nas provas de 800m, com o atleta Leonardo Santos, da Keihin Tecnologia do Brasil, e de 3000m, com Jackson Mendes, da Steck da Amaz\u00f4nia. As outras duas de prata vieram da nata\u00e7\u00e3o, com Fernanda Barbosa, da Nokia do Brasil, na prova de 50m peito, e do t\u00eanis de mesa, com a atleta da Philips, Raquel Carvalho.<\/p>\n<p>No bronze, o Amazonas conquistou sete medalhas, com Sandra Morete, da Keihin, na prova de 400m (atletismo), Fernanda Barbosa, na prova de 50m borboleta (nata\u00e7\u00e3o), Levy Torres (LG), no t\u00eanis de mesa, revezamento feminino 4&#215;100 do atletismo, da Jabil, revezamento masculino 4&#215;100 da Philips (atletismo) e revezamento 4&#215;50 feminino da Philips (nata\u00e7\u00e3o).<\/p>\n<p style=\"text-align: center\">\n<figure id=\"attachment_1263\" aria-describedby=\"caption-attachment-1263\" style=\"width: 660px\" class=\"wp-caption aligncenter\"><a href=\"http:\/\/www.fieam.org.br\/site\/sesi\/files\/2011\/05\/Juliana-Gusm\u00e3o-ouro.jpg\"><img decoding=\"async\" class=\"size-full wp-image-1263 \" src=\"http:\/\/www.fieam.org.br\/site\/sesi\/files\/2011\/05\/Juliana-Gusm\u00e3o-ouro.jpg\" alt=\"\" width=\"660\" height=\"400\" \/><\/a><figcaption id=\"caption-attachment-1263\" class=\"wp-caption-text\">Juliana Gusm\u00e3o, ouro<\/figcaption><\/figure>\n<p>O futebol sete m\u00e1ster da Moto Honda conquistou a 7\u00aa medalha de bronze, ao golear a Alcoa, de Pernambuco, por 5 a 2. Este ano, os jogos reuniram 1.087 trabalhadores-atletas de 234 empresas industriais do Brasil, e foram disputados em dez modalidades esportivas: futebol de campo, futsal, futebol sete m\u00e1ster, nata\u00e7\u00e3o, atletismo, t\u00eanis de mesa, t\u00eanis de quadra, voleibol, v\u00f4lei de praia e xadrez. O Amazonas s\u00f3 n\u00e3o teve representantes no futebol de campo, xadrez e v\u00f4lei de praia. A cidade de Goi\u00e2nia (GO) foi escolhida como sede dos Jogos Nacionais em 2012.<\/p>\n<p>[nggallery id=38]<\/p>\n","protected":false},"excerpt":{"rendered":"<p>AM traz 13 medalhas dos Jogos Nacionais Duas atletas do Estado se credenciam para disputar os Jogos Mundiais, na \u00c1ustria, em outubroO Amazonas conquistou 13 medalhas nos Jogos Nacionais do SESI, encerrados neste s\u00e1bado (28), na cidade de Sim\u00f5es Filho, regi\u00e3o metropolitana de Salvador, na Bahia. Foram duas medalhas de ouro, quatro de prata e [&hellip;]<\/p>\n","protected":false},"author":1,"featured_media":0,"comment_status":"open","ping_status":"open","sticky":false,"template":"","format":"standard","meta":{"footnotes":""},"categories":[25],"tags":[81],"class_list":["post-1258","post","type-post","status-publish","format-standard","hentry","category-news","tag-jogos-nacionais"],"yoast_head":"<!-- This site is optimized with the Yoast SEO plugin v28.2 - https:\/\/yoast.com\/product\/yoast-seo-wordpress\/ -->\n<title>AM traz 13 medalhas dos Jogos Nacionais - SESI<\/title>\n<meta name=\"robots\" content=\"index, follow, max-snippet:-1, max-image-preview:large, max-video-preview:-1\" \/>\n<link rel=\"canonical\" href=\"https:\/\/fieam.org.br\/sesi\/am-traz-13-medalhas-dos-jogos-nacionais\/\" \/>\n<meta property=\"og:locale\" content=\"pt_BR\" \/>\n<meta property=\"og:type\" content=\"article\" \/>\n<meta property=\"og:title\" content=\"AM traz 13 medalhas dos Jogos Nacionais - SESI\" \/>\n<meta property=\"og:description\" content=\"AM traz 13 medalhas dos Jogos Nacionais Duas atletas do Estado se credenciam para disputar os Jogos Mundiais, na \u00c1ustria, em outubroO Amazonas conquistou 13 medalhas nos Jogos Nacionais do SESI, encerrados neste s\u00e1bado (28), na cidade de Sim\u00f5es Filho, regi\u00e3o metropolitana de Salvador, na Bahia. Foram duas medalhas de ouro, quatro de prata e [&hellip;]\" \/>\n<meta property=\"og:url\" content=\"https:\/\/fieam.org.br\/sesi\/am-traz-13-medalhas-dos-jogos-nacionais\/\" \/>\n<meta property=\"og:site_name\" content=\"SESI\" \/>\n<meta property=\"article:published_time\" content=\"2011-05-30T20:45:49+00:00\" \/>\n<meta property=\"og:image\" content=\"https:\/\/fieam.org.br\/sesi\/wp-content\/uploads\/sites\/14\/2011\/05\/foto-materia6.jpg\" \/>\n\t<meta property=\"og:image:width\" content=\"600\" \/>\n\t<meta property=\"og:image:height\" content=\"400\" \/>\n\t<meta property=\"og:image:type\" content=\"image\/jpeg\" \/>\n<meta name=\"author\" content=\"Autor\" \/>\n<meta name=\"twitter:card\" content=\"summary_large_image\" \/>\n<meta name=\"twitter:label1\" content=\"Escrito por\" \/>\n\t<meta name=\"twitter:data1\" content=\"Autor\" \/>\n\t<meta name=\"twitter:label2\" content=\"Est. tempo de leitura\" \/>\n\t<meta name=\"twitter:data2\" content=\"2 minutos\" \/>\n<script type=\"application\/ld+json\" class=\"yoast-schema-graph\">{\"@context\":\"https:\\\/\\\/schema.org\",\"@graph\":[{\"@type\":\"Article\",\"@id\":\"https:\\\/\\\/fieam.org.br\\\/sesi\\\/am-traz-13-medalhas-dos-jogos-nacionais\\\/#article\",\"isPartOf\":{\"@id\":\"https:\\\/\\\/fieam.org.br\\\/sesi\\\/am-traz-13-medalhas-dos-jogos-nacionais\\\/\"},\"author\":{\"name\":\"Autor\",\"@id\":\"https:\\\/\\\/fieam.org.br\\\/sesi\\\/#\\\/schema\\\/person\\\/f54998dd14d5f0695b41444f2b01c31e\"},\"headline\":\"AM traz 13 medalhas dos Jogos Nacionais\",\"datePublished\":\"2011-05-30T20:45:49+00:00\",\"mainEntityOfPage\":{\"@id\":\"https:\\\/\\\/fieam.org.br\\\/sesi\\\/am-traz-13-medalhas-dos-jogos-nacionais\\\/\"},\"wordCount\":446,\"commentCount\":0,\"publisher\":{\"@id\":\"https:\\\/\\\/fieam.org.br\\\/sesi\\\/#organization\"},\"image\":{\"@id\":\"https:\\\/\\\/fieam.org.br\\\/sesi\\\/am-traz-13-medalhas-dos-jogos-nacionais\\\/#primaryimage\"},\"thumbnailUrl\":\"http:\\\/\\\/www.fieam.org.br\\\/site\\\/sesi\\\/files\\\/2011\\\/05\\\/foto-materia6.jpg\",\"keywords\":[\"jogos nacionais\"],\"articleSection\":[\"News\"],\"inLanguage\":\"pt-BR\",\"potentialAction\":[{\"@type\":\"CommentAction\",\"name\":\"Comment\",\"target\":[\"https:\\\/\\\/fieam.org.br\\\/sesi\\\/am-traz-13-medalhas-dos-jogos-nacionais\\\/#respond\"]}]},{\"@type\":\"WebPage\",\"@id\":\"https:\\\/\\\/fieam.org.br\\\/sesi\\\/am-traz-13-medalhas-dos-jogos-nacionais\\\/\",\"url\":\"https:\\\/\\\/fieam.org.br\\\/sesi\\\/am-traz-13-medalhas-dos-jogos-nacionais\\\/\",\"name\":\"AM traz 13 medalhas dos Jogos Nacionais - SESI\",\"isPartOf\":{\"@id\":\"https:\\\/\\\/fieam.org.br\\\/sesi\\\/#website\"},\"primaryImageOfPage\":{\"@id\":\"https:\\\/\\\/fieam.org.br\\\/sesi\\\/am-traz-13-medalhas-dos-jogos-nacionais\\\/#primaryimage\"},\"image\":{\"@id\":\"https:\\\/\\\/fieam.org.br\\\/sesi\\\/am-traz-13-medalhas-dos-jogos-nacionais\\\/#primaryimage\"},\"thumbnailUrl\":\"http:\\\/\\\/www.fieam.org.br\\\/site\\\/sesi\\\/files\\\/2011\\\/05\\\/foto-materia6.jpg\",\"datePublished\":\"2011-05-30T20:45:49+00:00\",\"breadcrumb\":{\"@id\":\"https:\\\/\\\/fieam.org.br\\\/sesi\\\/am-traz-13-medalhas-dos-jogos-nacionais\\\/#breadcrumb\"},\"inLanguage\":\"pt-BR\",\"potentialAction\":[{\"@type\":\"ReadAction\",\"target\":[\"https:\\\/\\\/fieam.org.br\\\/sesi\\\/am-traz-13-medalhas-dos-jogos-nacionais\\\/\"]}]},{\"@type\":\"ImageObject\",\"inLanguage\":\"pt-BR\",\"@id\":\"https:\\\/\\\/fieam.org.br\\\/sesi\\\/am-traz-13-medalhas-dos-jogos-nacionais\\\/#primaryimage\",\"url\":\"http:\\\/\\\/www.fieam.org.br\\\/site\\\/sesi\\\/files\\\/2011\\\/05\\\/foto-materia6.jpg\",\"contentUrl\":\"http:\\\/\\\/www.fieam.org.br\\\/site\\\/sesi\\\/files\\\/2011\\\/05\\\/foto-materia6.jpg\"},{\"@type\":\"BreadcrumbList\",\"@id\":\"https:\\\/\\\/fieam.org.br\\\/sesi\\\/am-traz-13-medalhas-dos-jogos-nacionais\\\/#breadcrumb\",\"itemListElement\":[{\"@type\":\"ListItem\",\"position\":1,\"name\":\"In\u00edcio\",\"item\":\"https:\\\/\\\/fieam.org.br\\\/sesi\\\/\"},{\"@type\":\"ListItem\",\"position\":2,\"name\":\"AM traz 13 medalhas dos Jogos Nacionais\"}]},{\"@type\":\"WebSite\",\"@id\":\"https:\\\/\\\/fieam.org.br\\\/sesi\\\/#website\",\"url\":\"https:\\\/\\\/fieam.org.br\\\/sesi\\\/\",\"name\":\"SESI\",\"description\":\"Site Oficial!\",\"publisher\":{\"@id\":\"https:\\\/\\\/fieam.org.br\\\/sesi\\\/#organization\"},\"potentialAction\":[{\"@type\":\"SearchAction\",\"target\":{\"@type\":\"EntryPoint\",\"urlTemplate\":\"https:\\\/\\\/fieam.org.br\\\/sesi\\\/?s={search_term_string}\"},\"query-input\":{\"@type\":\"PropertyValueSpecification\",\"valueRequired\":true,\"valueName\":\"search_term_string\"}}],\"inLanguage\":\"pt-BR\"},{\"@type\":\"Organization\",\"@id\":\"https:\\\/\\\/fieam.org.br\\\/sesi\\\/#organization\",\"name\":\"SESI\",\"url\":\"https:\\\/\\\/fieam.org.br\\\/sesi\\\/\",\"logo\":{\"@type\":\"ImageObject\",\"inLanguage\":\"pt-BR\",\"@id\":\"https:\\\/\\\/fieam.org.br\\\/sesi\\\/#\\\/schema\\\/logo\\\/image\\\/\",\"url\":\"https:\\\/\\\/fieam.org.br\\\/sesi\\\/wp-content\\\/uploads\\\/sites\\\/14\\\/2024\\\/03\\\/cropped-fav.png\",\"contentUrl\":\"https:\\\/\\\/fieam.org.br\\\/sesi\\\/wp-content\\\/uploads\\\/sites\\\/14\\\/2024\\\/03\\\/cropped-fav.png\",\"width\":610,\"height\":589,\"caption\":\"SESI\"},\"image\":{\"@id\":\"https:\\\/\\\/fieam.org.br\\\/sesi\\\/#\\\/schema\\\/logo\\\/image\\\/\"}},{\"@type\":\"Person\",\"@id\":\"https:\\\/\\\/fieam.org.br\\\/sesi\\\/#\\\/schema\\\/person\\\/f54998dd14d5f0695b41444f2b01c31e\",\"name\":\"Autor\",\"image\":{\"@type\":\"ImageObject\",\"inLanguage\":\"pt-BR\",\"@id\":\"https:\\\/\\\/secure.gravatar.com\\\/avatar\\\/3732c223e0e1fad69062a8f770955c9068d37b055204f310a0be18d4069fe380?s=96&d=mm&r=g\",\"url\":\"https:\\\/\\\/secure.gravatar.com\\\/avatar\\\/3732c223e0e1fad69062a8f770955c9068d37b055204f310a0be18d4069fe380?s=96&d=mm&r=g\",\"contentUrl\":\"https:\\\/\\\/secure.gravatar.com\\\/avatar\\\/3732c223e0e1fad69062a8f770955c9068d37b055204f310a0be18d4069fe380?s=96&d=mm&r=g\",\"caption\":\"Autor\"},\"sameAs\":[\"https:\\\/\\\/marketingmassivo.com.br\"],\"url\":\"https:\\\/\\\/fieam.org.br\\\/sesi\\\/author\\\/admin\\\/\"}]}<\/script>\n<!-- \/ Yoast SEO plugin. -->","yoast_head_json":{"title":"AM traz 13 medalhas dos Jogos Nacionais - SESI","robots":{"index":"index","follow":"follow","max-snippet":"max-snippet:-1","max-image-preview":"max-image-preview:large","max-video-preview":"max-video-preview:-1"},"canonical":"https:\/\/fieam.org.br\/sesi\/am-traz-13-medalhas-dos-jogos-nacionais\/","og_locale":"pt_BR","og_type":"article","og_title":"AM traz 13 medalhas dos Jogos Nacionais - SESI","og_description":"AM traz 13 medalhas dos Jogos Nacionais Duas atletas do Estado se credenciam para disputar os Jogos Mundiais, na \u00c1ustria, em outubroO Amazonas conquistou 13 medalhas nos Jogos Nacionais do SESI, encerrados neste s\u00e1bado (28), na cidade de Sim\u00f5es Filho, regi\u00e3o metropolitana de Salvador, na Bahia. Foram duas medalhas de ouro, quatro de prata e [&hellip;]","og_url":"https:\/\/fieam.org.br\/sesi\/am-traz-13-medalhas-dos-jogos-nacionais\/","og_site_name":"SESI","article_published_time":"2011-05-30T20:45:49+00:00","og_image":[{"width":600,"height":400,"url":"https:\/\/fieam.org.br\/sesi\/wp-content\/uploads\/sites\/14\/2011\/05\/foto-materia6.jpg","type":"image\/jpeg"}],"author":"Autor","twitter_card":"summary_large_image","twitter_misc":{"Escrito por":"Autor","Est. tempo de leitura":"2 minutos"},"schema":{"@context":"https:\/\/schema.org","@graph":[{"@type":"Article","@id":"https:\/\/fieam.org.br\/sesi\/am-traz-13-medalhas-dos-jogos-nacionais\/#article","isPartOf":{"@id":"https:\/\/fieam.org.br\/sesi\/am-traz-13-medalhas-dos-jogos-nacionais\/"},"author":{"name":"Autor","@id":"https:\/\/fieam.org.br\/sesi\/#\/schema\/person\/f54998dd14d5f0695b41444f2b01c31e"},"headline":"AM traz 13 medalhas dos Jogos Nacionais","datePublished":"2011-05-30T20:45:49+00:00","mainEntityOfPage":{"@id":"https:\/\/fieam.org.br\/sesi\/am-traz-13-medalhas-dos-jogos-nacionais\/"},"wordCount":446,"commentCount":0,"publisher":{"@id":"https:\/\/fieam.org.br\/sesi\/#organization"},"image":{"@id":"https:\/\/fieam.org.br\/sesi\/am-traz-13-medalhas-dos-jogos-nacionais\/#primaryimage"},"thumbnailUrl":"http:\/\/www.fieam.org.br\/site\/sesi\/files\/2011\/05\/foto-materia6.jpg","keywords":["jogos nacionais"],"articleSection":["News"],"inLanguage":"pt-BR","potentialAction":[{"@type":"CommentAction","name":"Comment","target":["https:\/\/fieam.org.br\/sesi\/am-traz-13-medalhas-dos-jogos-nacionais\/#respond"]}]},{"@type":"WebPage","@id":"https:\/\/fieam.org.br\/sesi\/am-traz-13-medalhas-dos-jogos-nacionais\/","url":"https:\/\/fieam.org.br\/sesi\/am-traz-13-medalhas-dos-jogos-nacionais\/","name":"AM traz 13 medalhas dos Jogos Nacionais - SESI","isPartOf":{"@id":"https:\/\/fieam.org.br\/sesi\/#website"},"primaryImageOfPage":{"@id":"https:\/\/fieam.org.br\/sesi\/am-traz-13-medalhas-dos-jogos-nacionais\/#primaryimage"},"image":{"@id":"https:\/\/fieam.org.br\/sesi\/am-traz-13-medalhas-dos-jogos-nacionais\/#primaryimage"},"thumbnailUrl":"http:\/\/www.fieam.org.br\/site\/sesi\/files\/2011\/05\/foto-materia6.jpg","datePublished":"2011-05-30T20:45:49+00:00","breadcrumb":{"@id":"https:\/\/fieam.org.br\/sesi\/am-traz-13-medalhas-dos-jogos-nacionais\/#breadcrumb"},"inLanguage":"pt-BR","potentialAction":[{"@type":"ReadAction","target":["https:\/\/fieam.org.br\/sesi\/am-traz-13-medalhas-dos-jogos-nacionais\/"]}]},{"@type":"ImageObject","inLanguage":"pt-BR","@id":"https:\/\/fieam.org.br\/sesi\/am-traz-13-medalhas-dos-jogos-nacionais\/#primaryimage","url":"http:\/\/www.fieam.org.br\/site\/sesi\/files\/2011\/05\/foto-materia6.jpg","contentUrl":"http:\/\/www.fieam.org.br\/site\/sesi\/files\/2011\/05\/foto-materia6.jpg"},{"@type":"BreadcrumbList","@id":"https:\/\/fieam.org.br\/sesi\/am-traz-13-medalhas-dos-jogos-nacionais\/#breadcrumb","itemListElement":[{"@type":"ListItem","position":1,"name":"In\u00edcio","item":"https:\/\/fieam.org.br\/sesi\/"},{"@type":"ListItem","position":2,"name":"AM traz 13 medalhas dos Jogos Nacionais"}]},{"@type":"WebSite","@id":"https:\/\/fieam.org.br\/sesi\/#website","url":"https:\/\/fieam.org.br\/sesi\/","name":"SESI","description":"Site Oficial!","publisher":{"@id":"https:\/\/fieam.org.br\/sesi\/#organization"},"potentialAction":[{"@type":"SearchAction","target":{"@type":"EntryPoint","urlTemplate":"https:\/\/fieam.org.br\/sesi\/?s={search_term_string}"},"query-input":{"@type":"PropertyValueSpecification","valueRequired":true,"valueName":"search_term_string"}}],"inLanguage":"pt-BR"},{"@type":"Organization","@id":"https:\/\/fieam.org.br\/sesi\/#organization","name":"SESI","url":"https:\/\/fieam.org.br\/sesi\/","logo":{"@type":"ImageObject","inLanguage":"pt-BR","@id":"https:\/\/fieam.org.br\/sesi\/#\/schema\/logo\/image\/","url":"https:\/\/fieam.org.br\/sesi\/wp-content\/uploads\/sites\/14\/2024\/03\/cropped-fav.png","contentUrl":"https:\/\/fieam.org.br\/sesi\/wp-content\/uploads\/sites\/14\/2024\/03\/cropped-fav.png","width":610,"height":589,"caption":"SESI"},"image":{"@id":"https:\/\/fieam.org.br\/sesi\/#\/schema\/logo\/image\/"}},{"@type":"Person","@id":"https:\/\/fieam.org.br\/sesi\/#\/schema\/person\/f54998dd14d5f0695b41444f2b01c31e","name":"Autor","image":{"@type":"ImageObject","inLanguage":"pt-BR","@id":"https:\/\/secure.gravatar.com\/avatar\/3732c223e0e1fad69062a8f770955c9068d37b055204f310a0be18d4069fe380?s=96&d=mm&r=g","url":"https:\/\/secure.gravatar.com\/avatar\/3732c223e0e1fad69062a8f770955c9068d37b055204f310a0be18d4069fe380?s=96&d=mm&r=g","contentUrl":"https:\/\/secure.gravatar.com\/avatar\/3732c223e0e1fad69062a8f770955c9068d37b055204f310a0be18d4069fe380?s=96&d=mm&r=g","caption":"Autor"},"sameAs":["https:\/\/marketingmassivo.com.br"],"url":"https:\/\/fieam.org.br\/sesi\/author\/admin\/"}]}},"_links":{"self":[{"href":"https:\/\/fieam.org.br\/sesi\/wp-json\/wp\/v2\/posts\/1258","targetHints":{"allow":["GET"]}}],"collection":[{"href":"https:\/\/fieam.org.br\/sesi\/wp-json\/wp\/v2\/posts"}],"about":[{"href":"https:\/\/fieam.org.br\/sesi\/wp-json\/wp\/v2\/types\/post"}],"author":[{"embeddable":true,"href":"https:\/\/fieam.org.br\/sesi\/wp-json\/wp\/v2\/users\/1"}],"replies":[{"embeddable":true,"href":"https:\/\/fieam.org.br\/sesi\/wp-json\/wp\/v2\/comments?post=1258"}],"version-history":[{"count":0,"href":"https:\/\/fieam.org.br\/sesi\/wp-json\/wp\/v2\/posts\/1258\/revisions"}],"wp:attachment":[{"href":"https:\/\/fieam.org.br\/sesi\/wp-json\/wp\/v2\/media?parent=1258"}],"wp:term":[{"taxonomy":"category","embeddable":true,"href":"https:\/\/fieam.org.br\/sesi\/wp-json\/wp\/v2\/categories?post=1258"},{"taxonomy":"post_tag","embeddable":true,"href":"https:\/\/fieam.org.br\/sesi\/wp-json\/wp\/v2\/tags?post=1258"}],"curies":[{"name":"wp","href":"https:\/\/api.w.org\/{rel}","templated":true}]}}