{"id":1241,"date":"2011-05-27T21:51:23","date_gmt":"2011-05-27T21:51:23","guid":{"rendered":"http:\/\/www.fieam.org.br\/site\/sesi\/?p=1241"},"modified":"2011-05-27T21:51:23","modified_gmt":"2011-05-27T21:51:23","slug":"atleta-da-honda-garante-vaga-para-jogos-mundiais-do-trabalhador","status":"publish","type":"post","link":"https:\/\/fieam.org.br\/sesi\/atleta-da-honda-garante-vaga-para-jogos-mundiais-do-trabalhador\/","title":{"rendered":"Atleta da Honda garante vaga para Jogos Mundiais do Trabalhador"},"content":{"rendered":"<figure id=\"attachment_1243\" aria-describedby=\"caption-attachment-1243\" style=\"width: 660px\" class=\"wp-caption aligncenter\"><a href=\"http:\/\/www.fieam.org.br\/site\/sesi\/files\/2011\/05\/ouro-arremesso.jpg\"><img fetchpriority=\"high\" decoding=\"async\" class=\"size-full wp-image-1243 \" src=\"http:\/\/www.fieam.org.br\/site\/sesi\/files\/2011\/05\/ouro-arremesso.jpg\" alt=\"\" width=\"660\" height=\"400\" \/><\/a><figcaption id=\"caption-attachment-1243\" class=\"wp-caption-text\">Ouro - arremesso<\/figcaption><\/figure>\n<p>O Amazonas conquistou hoje duas medalhas nos Jogos Nacionais do SESI que est\u00e3o sendo realizados at\u00e9 s\u00e1bado (28) em Sim\u00f5es Filho (Bahia). A Honda conquistou a medalha de ouro no arremesso de peso, com atleta Val\u00e9ria Nascimento com a marca de 10m03, enquanto, Fernanda Barbosa, da Nokia, conquistou medalha de bronze, na nata\u00e7\u00e3o, na prova de 50m borboleta, com o tempo de 39seg50.<\/p>\n<p>Para conquistar a medalha de ouro, Val\u00e9ria competiu com nove atletas de outros estados, al\u00e9m de participar de s\u00e9rie de seis arremessos. Ela disse que come\u00e7ou a prova, arremessando mais lento, abaixo dos nove metros, e foi aumentando at\u00e9 atingir 10m03.<\/p>\n<p>Com o resultado alcan\u00e7ado, Val\u00e9ria Nascimento garantiu vaga para o Mundial de Atletismo, que ser\u00e1 disputado no 2\u00ba semestre deste ano, com local da competi\u00e7\u00e3o a ser definido, al\u00e9m de ter quebrado a marca anterior de 9m70, conquistada nos Jogos Nacionais, realizados na cidade de Bento Gon\u00e7alves (RS).<\/p>\n<p>A bicampe\u00e3 da prova disse que treinou cerca de duas horas por dia em Manaus para atingir esse n\u00edvel, ressaltando que hoje acordou bem e com certeza da vit\u00f3ria, dedicando a conquista ao filho, Juan, de seis anos.<\/p>\n<figure id=\"attachment_1246\" aria-describedby=\"caption-attachment-1246\" style=\"width: 600px\" class=\"wp-caption aligncenter\"><a href=\"http:\/\/www.fieam.org.br\/site\/sesi\/files\/2011\/05\/ouro-nata\u00e7\u00e3o.jpg\"><img decoding=\"async\" class=\"size-full wp-image-1246 \" src=\"http:\/\/www.fieam.org.br\/site\/sesi\/files\/2011\/05\/ouro-nata\u00e7\u00e3o.jpg\" alt=\"\" width=\"600\" height=\"400\" \/><\/a><figcaption id=\"caption-attachment-1246\" class=\"wp-caption-text\">Ouro - nata\u00e7\u00e3o<\/figcaption><\/figure>\n<p>Val\u00e9ria Nascimento trabalha na Moto Honda h\u00e1 11 anos. Atualmente trabalha na fun\u00e7\u00e3o de auxiliar de produ\u00e7\u00e3o. A delega\u00e7\u00e3o do Amazonas participa da modalidade de atletismo com 30 trabalhadores atletas de empresas do Polo Industrial de Manaus.<\/p>\n<p>Hoje foram disputadas as provas de 100, 200, 400 metros. Salto em dist\u00e2ncia e arremesso de peso, e marcaram a inaugura\u00e7\u00e3o da pista de atletismo da Unidade do SESI em Sim\u00f5es Filho, que foi certificada pela Federa\u00e7\u00e3o Internacional de Atletismo (IAAF) com n\u00edvel 2, que permite a realiza\u00e7\u00e3o de competi\u00e7\u00f5es internacionais.<\/p>\n<p>A atleta Fernanda Barbosa disse a competi\u00e7\u00e3o de nata\u00e7\u00e3o est\u00e1 sendo disputada em alto n\u00edvel, e que amanh\u00e3 na prova de 50m peito poder\u00e1 conquistar o ouro.<\/p>\n","protected":false},"excerpt":{"rendered":"<p>O Amazonas conquistou hoje duas medalhas nos Jogos Nacionais do SESI que est\u00e3o sendo realizados at\u00e9 s\u00e1bado (28) em Sim\u00f5es Filho (Bahia). A Honda conquistou a medalha de ouro no arremesso de peso, com atleta Val\u00e9ria Nascimento com a marca de 10m03, enquanto, Fernanda Barbosa, da Nokia, conquistou medalha de bronze, na nata\u00e7\u00e3o, na prova [&hellip;]<\/p>\n","protected":false},"author":1,"featured_media":0,"comment_status":"open","ping_status":"open","sticky":false,"template":"","format":"standard","meta":{"footnotes":""},"categories":[25],"tags":[],"class_list":["post-1241","post","type-post","status-publish","format-standard","hentry","category-news"],"yoast_head":"<!-- This site is optimized with the Yoast SEO plugin v28.2 - https:\/\/yoast.com\/product\/yoast-seo-wordpress\/ -->\n<title>Atleta da Honda garante vaga para Jogos Mundiais do Trabalhador - SESI<\/title>\n<meta name=\"robots\" content=\"index, follow, max-snippet:-1, max-image-preview:large, max-video-preview:-1\" \/>\n<link rel=\"canonical\" href=\"https:\/\/fieam.org.br\/sesi\/atleta-da-honda-garante-vaga-para-jogos-mundiais-do-trabalhador\/\" \/>\n<meta property=\"og:locale\" content=\"pt_BR\" \/>\n<meta property=\"og:type\" content=\"article\" \/>\n<meta property=\"og:title\" content=\"Atleta da Honda garante vaga para Jogos Mundiais do Trabalhador - SESI\" \/>\n<meta property=\"og:description\" content=\"O Amazonas conquistou hoje duas medalhas nos Jogos Nacionais do SESI que est\u00e3o sendo realizados at\u00e9 s\u00e1bado (28) em Sim\u00f5es Filho (Bahia). A Honda conquistou a medalha de ouro no arremesso de peso, com atleta Val\u00e9ria Nascimento com a marca de 10m03, enquanto, Fernanda Barbosa, da Nokia, conquistou medalha de bronze, na nata\u00e7\u00e3o, na prova [&hellip;]\" \/>\n<meta property=\"og:url\" content=\"https:\/\/fieam.org.br\/sesi\/atleta-da-honda-garante-vaga-para-jogos-mundiais-do-trabalhador\/\" \/>\n<meta property=\"og:site_name\" content=\"SESI\" \/>\n<meta property=\"article:published_time\" content=\"2011-05-27T21:51:23+00:00\" \/>\n<meta property=\"og:image\" content=\"https:\/\/fieam.org.br\/sesi\/wp-content\/uploads\/sites\/14\/2011\/05\/ouro-arremesso.jpg\" \/>\n\t<meta property=\"og:image:width\" content=\"1000\" \/>\n\t<meta property=\"og:image:height\" content=\"667\" \/>\n\t<meta property=\"og:image:type\" content=\"image\/jpeg\" \/>\n<meta name=\"author\" content=\"Autor\" \/>\n<meta name=\"twitter:card\" content=\"summary_large_image\" \/>\n<meta name=\"twitter:label1\" content=\"Escrito por\" \/>\n\t<meta name=\"twitter:data1\" content=\"Autor\" \/>\n\t<meta name=\"twitter:label2\" content=\"Est. tempo de leitura\" \/>\n\t<meta name=\"twitter:data2\" content=\"2 minutos\" \/>\n<script type=\"application\/ld+json\" class=\"yoast-schema-graph\">{\"@context\":\"https:\\\/\\\/schema.org\",\"@graph\":[{\"@type\":\"Article\",\"@id\":\"https:\\\/\\\/fieam.org.br\\\/sesi\\\/atleta-da-honda-garante-vaga-para-jogos-mundiais-do-trabalhador\\\/#article\",\"isPartOf\":{\"@id\":\"https:\\\/\\\/fieam.org.br\\\/sesi\\\/atleta-da-honda-garante-vaga-para-jogos-mundiais-do-trabalhador\\\/\"},\"author\":{\"name\":\"Autor\",\"@id\":\"https:\\\/\\\/fieam.org.br\\\/sesi\\\/#\\\/schema\\\/person\\\/f54998dd14d5f0695b41444f2b01c31e\"},\"headline\":\"Atleta da Honda garante vaga para Jogos Mundiais do Trabalhador\",\"datePublished\":\"2011-05-27T21:51:23+00:00\",\"mainEntityOfPage\":{\"@id\":\"https:\\\/\\\/fieam.org.br\\\/sesi\\\/atleta-da-honda-garante-vaga-para-jogos-mundiais-do-trabalhador\\\/\"},\"wordCount\":360,\"commentCount\":0,\"publisher\":{\"@id\":\"https:\\\/\\\/fieam.org.br\\\/sesi\\\/#organization\"},\"image\":{\"@id\":\"https:\\\/\\\/fieam.org.br\\\/sesi\\\/atleta-da-honda-garante-vaga-para-jogos-mundiais-do-trabalhador\\\/#primaryimage\"},\"thumbnailUrl\":\"http:\\\/\\\/www.fieam.org.br\\\/site\\\/sesi\\\/files\\\/2011\\\/05\\\/ouro-arremesso.jpg\",\"articleSection\":[\"News\"],\"inLanguage\":\"pt-BR\",\"potentialAction\":[{\"@type\":\"CommentAction\",\"name\":\"Comment\",\"target\":[\"https:\\\/\\\/fieam.org.br\\\/sesi\\\/atleta-da-honda-garante-vaga-para-jogos-mundiais-do-trabalhador\\\/#respond\"]}]},{\"@type\":\"WebPage\",\"@id\":\"https:\\\/\\\/fieam.org.br\\\/sesi\\\/atleta-da-honda-garante-vaga-para-jogos-mundiais-do-trabalhador\\\/\",\"url\":\"https:\\\/\\\/fieam.org.br\\\/sesi\\\/atleta-da-honda-garante-vaga-para-jogos-mundiais-do-trabalhador\\\/\",\"name\":\"Atleta da Honda garante vaga para Jogos Mundiais do Trabalhador - SESI\",\"isPartOf\":{\"@id\":\"https:\\\/\\\/fieam.org.br\\\/sesi\\\/#website\"},\"primaryImageOfPage\":{\"@id\":\"https:\\\/\\\/fieam.org.br\\\/sesi\\\/atleta-da-honda-garante-vaga-para-jogos-mundiais-do-trabalhador\\\/#primaryimage\"},\"image\":{\"@id\":\"https:\\\/\\\/fieam.org.br\\\/sesi\\\/atleta-da-honda-garante-vaga-para-jogos-mundiais-do-trabalhador\\\/#primaryimage\"},\"thumbnailUrl\":\"http:\\\/\\\/www.fieam.org.br\\\/site\\\/sesi\\\/files\\\/2011\\\/05\\\/ouro-arremesso.jpg\",\"datePublished\":\"2011-05-27T21:51:23+00:00\",\"breadcrumb\":{\"@id\":\"https:\\\/\\\/fieam.org.br\\\/sesi\\\/atleta-da-honda-garante-vaga-para-jogos-mundiais-do-trabalhador\\\/#breadcrumb\"},\"inLanguage\":\"pt-BR\",\"potentialAction\":[{\"@type\":\"ReadAction\",\"target\":[\"https:\\\/\\\/fieam.org.br\\\/sesi\\\/atleta-da-honda-garante-vaga-para-jogos-mundiais-do-trabalhador\\\/\"]}]},{\"@type\":\"ImageObject\",\"inLanguage\":\"pt-BR\",\"@id\":\"https:\\\/\\\/fieam.org.br\\\/sesi\\\/atleta-da-honda-garante-vaga-para-jogos-mundiais-do-trabalhador\\\/#primaryimage\",\"url\":\"http:\\\/\\\/www.fieam.org.br\\\/site\\\/sesi\\\/files\\\/2011\\\/05\\\/ouro-arremesso.jpg\",\"contentUrl\":\"http:\\\/\\\/www.fieam.org.br\\\/site\\\/sesi\\\/files\\\/2011\\\/05\\\/ouro-arremesso.jpg\"},{\"@type\":\"BreadcrumbList\",\"@id\":\"https:\\\/\\\/fieam.org.br\\\/sesi\\\/atleta-da-honda-garante-vaga-para-jogos-mundiais-do-trabalhador\\\/#breadcrumb\",\"itemListElement\":[{\"@type\":\"ListItem\",\"position\":1,\"name\":\"In\u00edcio\",\"item\":\"https:\\\/\\\/fieam.org.br\\\/sesi\\\/\"},{\"@type\":\"ListItem\",\"position\":2,\"name\":\"Atleta da Honda garante vaga para Jogos Mundiais do Trabalhador\"}]},{\"@type\":\"WebSite\",\"@id\":\"https:\\\/\\\/fieam.org.br\\\/sesi\\\/#website\",\"url\":\"https:\\\/\\\/fieam.org.br\\\/sesi\\\/\",\"name\":\"SESI\",\"description\":\"Site Oficial!\",\"publisher\":{\"@id\":\"https:\\\/\\\/fieam.org.br\\\/sesi\\\/#organization\"},\"potentialAction\":[{\"@type\":\"SearchAction\",\"target\":{\"@type\":\"EntryPoint\",\"urlTemplate\":\"https:\\\/\\\/fieam.org.br\\\/sesi\\\/?s={search_term_string}\"},\"query-input\":{\"@type\":\"PropertyValueSpecification\",\"valueRequired\":true,\"valueName\":\"search_term_string\"}}],\"inLanguage\":\"pt-BR\"},{\"@type\":\"Organization\",\"@id\":\"https:\\\/\\\/fieam.org.br\\\/sesi\\\/#organization\",\"name\":\"SESI\",\"url\":\"https:\\\/\\\/fieam.org.br\\\/sesi\\\/\",\"logo\":{\"@type\":\"ImageObject\",\"inLanguage\":\"pt-BR\",\"@id\":\"https:\\\/\\\/fieam.org.br\\\/sesi\\\/#\\\/schema\\\/logo\\\/image\\\/\",\"url\":\"https:\\\/\\\/fieam.org.br\\\/sesi\\\/wp-content\\\/uploads\\\/sites\\\/14\\\/2024\\\/03\\\/cropped-fav.png\",\"contentUrl\":\"https:\\\/\\\/fieam.org.br\\\/sesi\\\/wp-content\\\/uploads\\\/sites\\\/14\\\/2024\\\/03\\\/cropped-fav.png\",\"width\":610,\"height\":589,\"caption\":\"SESI\"},\"image\":{\"@id\":\"https:\\\/\\\/fieam.org.br\\\/sesi\\\/#\\\/schema\\\/logo\\\/image\\\/\"}},{\"@type\":\"Person\",\"@id\":\"https:\\\/\\\/fieam.org.br\\\/sesi\\\/#\\\/schema\\\/person\\\/f54998dd14d5f0695b41444f2b01c31e\",\"name\":\"Autor\",\"image\":{\"@type\":\"ImageObject\",\"inLanguage\":\"pt-BR\",\"@id\":\"https:\\\/\\\/secure.gravatar.com\\\/avatar\\\/3732c223e0e1fad69062a8f770955c9068d37b055204f310a0be18d4069fe380?s=96&d=mm&r=g\",\"url\":\"https:\\\/\\\/secure.gravatar.com\\\/avatar\\\/3732c223e0e1fad69062a8f770955c9068d37b055204f310a0be18d4069fe380?s=96&d=mm&r=g\",\"contentUrl\":\"https:\\\/\\\/secure.gravatar.com\\\/avatar\\\/3732c223e0e1fad69062a8f770955c9068d37b055204f310a0be18d4069fe380?s=96&d=mm&r=g\",\"caption\":\"Autor\"},\"sameAs\":[\"https:\\\/\\\/marketingmassivo.com.br\"],\"url\":\"https:\\\/\\\/fieam.org.br\\\/sesi\\\/author\\\/admin\\\/\"}]}<\/script>\n<!-- \/ Yoast SEO plugin. -->","yoast_head_json":{"title":"Atleta da Honda garante vaga para Jogos Mundiais do Trabalhador - SESI","robots":{"index":"index","follow":"follow","max-snippet":"max-snippet:-1","max-image-preview":"max-image-preview:large","max-video-preview":"max-video-preview:-1"},"canonical":"https:\/\/fieam.org.br\/sesi\/atleta-da-honda-garante-vaga-para-jogos-mundiais-do-trabalhador\/","og_locale":"pt_BR","og_type":"article","og_title":"Atleta da Honda garante vaga para Jogos Mundiais do Trabalhador - SESI","og_description":"O Amazonas conquistou hoje duas medalhas nos Jogos Nacionais do SESI que est\u00e3o sendo realizados at\u00e9 s\u00e1bado (28) em Sim\u00f5es Filho (Bahia). A Honda conquistou a medalha de ouro no arremesso de peso, com atleta Val\u00e9ria Nascimento com a marca de 10m03, enquanto, Fernanda Barbosa, da Nokia, conquistou medalha de bronze, na nata\u00e7\u00e3o, na prova [&hellip;]","og_url":"https:\/\/fieam.org.br\/sesi\/atleta-da-honda-garante-vaga-para-jogos-mundiais-do-trabalhador\/","og_site_name":"SESI","article_published_time":"2011-05-27T21:51:23+00:00","og_image":[{"width":1000,"height":667,"url":"https:\/\/fieam.org.br\/sesi\/wp-content\/uploads\/sites\/14\/2011\/05\/ouro-arremesso.jpg","type":"image\/jpeg"}],"author":"Autor","twitter_card":"summary_large_image","twitter_misc":{"Escrito por":"Autor","Est. tempo de leitura":"2 minutos"},"schema":{"@context":"https:\/\/schema.org","@graph":[{"@type":"Article","@id":"https:\/\/fieam.org.br\/sesi\/atleta-da-honda-garante-vaga-para-jogos-mundiais-do-trabalhador\/#article","isPartOf":{"@id":"https:\/\/fieam.org.br\/sesi\/atleta-da-honda-garante-vaga-para-jogos-mundiais-do-trabalhador\/"},"author":{"name":"Autor","@id":"https:\/\/fieam.org.br\/sesi\/#\/schema\/person\/f54998dd14d5f0695b41444f2b01c31e"},"headline":"Atleta da Honda garante vaga para Jogos Mundiais do Trabalhador","datePublished":"2011-05-27T21:51:23+00:00","mainEntityOfPage":{"@id":"https:\/\/fieam.org.br\/sesi\/atleta-da-honda-garante-vaga-para-jogos-mundiais-do-trabalhador\/"},"wordCount":360,"commentCount":0,"publisher":{"@id":"https:\/\/fieam.org.br\/sesi\/#organization"},"image":{"@id":"https:\/\/fieam.org.br\/sesi\/atleta-da-honda-garante-vaga-para-jogos-mundiais-do-trabalhador\/#primaryimage"},"thumbnailUrl":"http:\/\/www.fieam.org.br\/site\/sesi\/files\/2011\/05\/ouro-arremesso.jpg","articleSection":["News"],"inLanguage":"pt-BR","potentialAction":[{"@type":"CommentAction","name":"Comment","target":["https:\/\/fieam.org.br\/sesi\/atleta-da-honda-garante-vaga-para-jogos-mundiais-do-trabalhador\/#respond"]}]},{"@type":"WebPage","@id":"https:\/\/fieam.org.br\/sesi\/atleta-da-honda-garante-vaga-para-jogos-mundiais-do-trabalhador\/","url":"https:\/\/fieam.org.br\/sesi\/atleta-da-honda-garante-vaga-para-jogos-mundiais-do-trabalhador\/","name":"Atleta da Honda garante vaga para Jogos Mundiais do Trabalhador - SESI","isPartOf":{"@id":"https:\/\/fieam.org.br\/sesi\/#website"},"primaryImageOfPage":{"@id":"https:\/\/fieam.org.br\/sesi\/atleta-da-honda-garante-vaga-para-jogos-mundiais-do-trabalhador\/#primaryimage"},"image":{"@id":"https:\/\/fieam.org.br\/sesi\/atleta-da-honda-garante-vaga-para-jogos-mundiais-do-trabalhador\/#primaryimage"},"thumbnailUrl":"http:\/\/www.fieam.org.br\/site\/sesi\/files\/2011\/05\/ouro-arremesso.jpg","datePublished":"2011-05-27T21:51:23+00:00","breadcrumb":{"@id":"https:\/\/fieam.org.br\/sesi\/atleta-da-honda-garante-vaga-para-jogos-mundiais-do-trabalhador\/#breadcrumb"},"inLanguage":"pt-BR","potentialAction":[{"@type":"ReadAction","target":["https:\/\/fieam.org.br\/sesi\/atleta-da-honda-garante-vaga-para-jogos-mundiais-do-trabalhador\/"]}]},{"@type":"ImageObject","inLanguage":"pt-BR","@id":"https:\/\/fieam.org.br\/sesi\/atleta-da-honda-garante-vaga-para-jogos-mundiais-do-trabalhador\/#primaryimage","url":"http:\/\/www.fieam.org.br\/site\/sesi\/files\/2011\/05\/ouro-arremesso.jpg","contentUrl":"http:\/\/www.fieam.org.br\/site\/sesi\/files\/2011\/05\/ouro-arremesso.jpg"},{"@type":"BreadcrumbList","@id":"https:\/\/fieam.org.br\/sesi\/atleta-da-honda-garante-vaga-para-jogos-mundiais-do-trabalhador\/#breadcrumb","itemListElement":[{"@type":"ListItem","position":1,"name":"In\u00edcio","item":"https:\/\/fieam.org.br\/sesi\/"},{"@type":"ListItem","position":2,"name":"Atleta da Honda garante vaga para Jogos Mundiais do Trabalhador"}]},{"@type":"WebSite","@id":"https:\/\/fieam.org.br\/sesi\/#website","url":"https:\/\/fieam.org.br\/sesi\/","name":"SESI","description":"Site Oficial!","publisher":{"@id":"https:\/\/fieam.org.br\/sesi\/#organization"},"potentialAction":[{"@type":"SearchAction","target":{"@type":"EntryPoint","urlTemplate":"https:\/\/fieam.org.br\/sesi\/?s={search_term_string}"},"query-input":{"@type":"PropertyValueSpecification","valueRequired":true,"valueName":"search_term_string"}}],"inLanguage":"pt-BR"},{"@type":"Organization","@id":"https:\/\/fieam.org.br\/sesi\/#organization","name":"SESI","url":"https:\/\/fieam.org.br\/sesi\/","logo":{"@type":"ImageObject","inLanguage":"pt-BR","@id":"https:\/\/fieam.org.br\/sesi\/#\/schema\/logo\/image\/","url":"https:\/\/fieam.org.br\/sesi\/wp-content\/uploads\/sites\/14\/2024\/03\/cropped-fav.png","contentUrl":"https:\/\/fieam.org.br\/sesi\/wp-content\/uploads\/sites\/14\/2024\/03\/cropped-fav.png","width":610,"height":589,"caption":"SESI"},"image":{"@id":"https:\/\/fieam.org.br\/sesi\/#\/schema\/logo\/image\/"}},{"@type":"Person","@id":"https:\/\/fieam.org.br\/sesi\/#\/schema\/person\/f54998dd14d5f0695b41444f2b01c31e","name":"Autor","image":{"@type":"ImageObject","inLanguage":"pt-BR","@id":"https:\/\/secure.gravatar.com\/avatar\/3732c223e0e1fad69062a8f770955c9068d37b055204f310a0be18d4069fe380?s=96&d=mm&r=g","url":"https:\/\/secure.gravatar.com\/avatar\/3732c223e0e1fad69062a8f770955c9068d37b055204f310a0be18d4069fe380?s=96&d=mm&r=g","contentUrl":"https:\/\/secure.gravatar.com\/avatar\/3732c223e0e1fad69062a8f770955c9068d37b055204f310a0be18d4069fe380?s=96&d=mm&r=g","caption":"Autor"},"sameAs":["https:\/\/marketingmassivo.com.br"],"url":"https:\/\/fieam.org.br\/sesi\/author\/admin\/"}]}},"_links":{"self":[{"href":"https:\/\/fieam.org.br\/sesi\/wp-json\/wp\/v2\/posts\/1241","targetHints":{"allow":["GET"]}}],"collection":[{"href":"https:\/\/fieam.org.br\/sesi\/wp-json\/wp\/v2\/posts"}],"about":[{"href":"https:\/\/fieam.org.br\/sesi\/wp-json\/wp\/v2\/types\/post"}],"author":[{"embeddable":true,"href":"https:\/\/fieam.org.br\/sesi\/wp-json\/wp\/v2\/users\/1"}],"replies":[{"embeddable":true,"href":"https:\/\/fieam.org.br\/sesi\/wp-json\/wp\/v2\/comments?post=1241"}],"version-history":[{"count":0,"href":"https:\/\/fieam.org.br\/sesi\/wp-json\/wp\/v2\/posts\/1241\/revisions"}],"wp:attachment":[{"href":"https:\/\/fieam.org.br\/sesi\/wp-json\/wp\/v2\/media?parent=1241"}],"wp:term":[{"taxonomy":"category","embeddable":true,"href":"https:\/\/fieam.org.br\/sesi\/wp-json\/wp\/v2\/categories?post=1241"},{"taxonomy":"post_tag","embeddable":true,"href":"https:\/\/fieam.org.br\/sesi\/wp-json\/wp\/v2\/tags?post=1241"}],"curies":[{"name":"wp","href":"https:\/\/api.w.org\/{rel}","templated":true}]}}