{"id":12388,"date":"2019-01-02T13:47:47","date_gmt":"2019-01-02T17:47:47","guid":{"rendered":"http:\/\/www.fieam.org.br\/sesi\/?p=12388"},"modified":"2019-01-02T13:47:47","modified_gmt":"2019-01-02T17:47:47","slug":"comunicado-de-processo-seletivo-n00012019_-sesi_professor-ensino-regular-_lingua-portuguesa-inglesa","status":"publish","type":"post","link":"https:\/\/fieam.org.br\/sesi\/comunicado-de-processo-seletivo-n00012019_-sesi_professor-ensino-regular-_lingua-portuguesa-inglesa\/","title":{"rendered":"Comunicado de Processo Seletivo N\u00b00001\/2019_ SESI_Professor Ensino Regular _L\u00edngua Portuguesa\/ Inglesa."},"content":{"rendered":"<p style=\"text-align: center\"><strong>COMUNICADO DE PROCESSO SELETIVO EXTERNO<\/strong><\/p>\n<p style=\"text-align: center\"><strong>N\u00ba 001-2019 <\/strong><\/p>\n<p>&nbsp;<\/p>\n<p><strong>CARGO:<\/strong> PROFESSOR ENSINO REGULAR (PER)<\/p>\n<p><strong>OCUPA\u00c7\u00c3O:<\/strong> PROFESSOR DO 6\u00ba AO 9\u00ba ANO \/ ENSINO FUNDAMENTAL II \/ ENSINO M\u00c9DIO (1\u00ba AO 3\u00ba ANO)<\/p>\n<p>&nbsp;<\/p>\n<p>O Servi\u00e7o Social da Ind\u00fastria \u2013 Departamento Regional do Amazonas SESI\/AM, por meio do Departamento de Gest\u00e3o de Pessoas\/Sele\u00e7\u00e3o de Talentos do Sistema da Federa\u00e7\u00e3o das Ind\u00fastrias do Estado do Amazonas \u2013 FIEAM, abre inscri\u00e7\u00f5es para candidatos interessados em participar do Processo Seletivo Externo para o preenchimento de 01 vaga ao cargo acima citado e para forma\u00e7\u00e3o de cadastro reserva na <u>cidade de Itacoatiara<\/u>.<\/p>\n<p>&nbsp;<\/p>\n<p><strong>REQUISITOS M\u00cdNIMOS EXIGIDOS PARA O CARGO<\/strong><\/p>\n<ul>\n<li>Escolaridade em Ensino Superior Completo com Licenciatura em Letras &#8211; L\u00edngua Portuguesa\/L\u00edngua Inglesa.<\/li>\n<li>Experi\u00eancia, m\u00ednimo de 6 meses comprovada em doc\u00eancia na \u00e1rea de atua\u00e7\u00e3o.<\/li>\n<li>Desej\u00e1vel P\u00f3s-Gradua\u00e7\u00e3o na \u00e1rea de atua\u00e7\u00e3o.<\/li>\n<li>Desej\u00e1vel cursos de aperfei\u00e7oamento na \u00e1rea de atua\u00e7\u00e3o ou correlata.<\/li>\n<li>Habilidade para atuar com crian\u00e7as e adolescentes do 6\u00ba ao 9\u00ba ano, Ensino Fundamental II e Ensino M\u00e9dio \u2013 1\u00ba ao 3\u00ba ano, utilizando recursos educacionais como din\u00e2micas, oficinas e jogos educativos.<\/li>\n<li>Conhecimento em processos Avaliativos Externos como ANA, Prova Brasil, SIS, PSC e ENEM.<\/li>\n<li>Dom\u00ednio de inform\u00e1tica em n\u00edvel de usu\u00e1rio.<\/li>\n<li>Disponibilidade para trabalhar de segunda a s\u00e1bado.<\/li>\n<li>Residir em Itacoatiara.<\/li>\n<\/ul>\n<p><a href=\"http:\/\/www.fieam.org.br\/sesi\/wp-content\/uploads\/sites\/2\/2019\/01\/001-2019-COMUNICADO-PS-SESI-UE07-EXT-PER_L\u00cdNGUA-PORTUGUESA-INGLE...pdf\"><strong>Clique aqui para obter todas as informa\u00e7\u00f5es pertinentes ao processo de sele\u00e7\u00e3o.<\/strong><\/a><\/p>\n<p><a href=\"http:\/\/www.fieam.org.br\/senai\/wp-content\/uploads\/sites\/3\/2018\/03\/FORMULARIO-CADASTRO-INICIAL_Rev.01.pdf\"><strong>Formul\u00e1rio Cadastro Inicial<\/strong><\/a><\/p>\n<p><a href=\"http:\/\/www.fieam.org.br\/sesi\/wp-content\/uploads\/sites\/2\/2019\/01\/PS-001-2019-PERL\u00cdNGUA-PORTUGUESA-L\u00cdNGUA-INGLESA-CONVOCA\u00c7\u00c3O-PROVA-TE\u00d3RICA-1.pdf\"><strong>Convoca\u00e7\u00e3o 2\u00aa Etapa &#8211; Prova Te\u00f3rica<\/strong><\/a><\/p>\n<p><strong><a href=\"http:\/\/www.fieam.org.br\/sesi\/wp-content\/uploads\/sites\/2\/2019\/01\/3.-PS-001-2019-PERL\u00cdNGUA-PORTUGUESA-INGLESA-CONVOCA\u00c7\u00c3O-AULA-TESTE-ENTREVISTA-T\u00c9CNICA.pdf\">Convoca\u00e7\u00e3o Aula Teste e Entrevista T\u00e9cnica<\/a><\/strong><\/p>\n<p><a href=\"http:\/\/www.fieam.org.br\/sesi\/wp-content\/uploads\/sites\/2\/2019\/01\/PROCESSO-SELETIVO-001-2019-PERL\u00cdNGUA-PORTUGUESA-INGLESA-RESULTADO-FINAL.pdf\"><strong>Resultado Final<\/strong><\/a><\/p>\n","protected":false},"excerpt":{"rendered":"<p>COMUNICADO DE PROCESSO SELETIVO EXTERNO N\u00ba 001-2019 &nbsp; CARGO: PROFESSOR ENSINO REGULAR (PER) OCUPA\u00c7\u00c3O: PROFESSOR DO 6\u00ba AO 9\u00ba ANO \/ ENSINO FUNDAMENTAL II \/ ENSINO M\u00c9DIO (1\u00ba AO 3\u00ba ANO) &nbsp; O Servi\u00e7o Social da Ind\u00fastria \u2013 Departamento Regional do Amazonas SESI\/AM, por meio do Departamento de Gest\u00e3o de Pessoas\/Sele\u00e7\u00e3o de Talentos do Sistema [&hellip;]<\/p>\n","protected":false},"author":1,"featured_media":11356,"comment_status":"closed","ping_status":"open","sticky":false,"template":"","format":"standard","meta":{"footnotes":""},"categories":[28],"tags":[],"class_list":["post-12388","post","type-post","status-publish","format-standard","has-post-thumbnail","hentry","category-selecao"],"yoast_head":"<!-- This site is optimized with the Yoast SEO plugin v28.2 - https:\/\/yoast.com\/product\/yoast-seo-wordpress\/ -->\n<title>Comunicado de Processo Seletivo N\u00b00001\/2019_ SESI_Professor Ensino Regular _L\u00edngua Portuguesa\/ Inglesa. - SESI<\/title>\n<meta name=\"robots\" content=\"index, follow, max-snippet:-1, max-image-preview:large, max-video-preview:-1\" \/>\n<link rel=\"canonical\" href=\"https:\/\/fieam.org.br\/sesi\/comunicado-de-processo-seletivo-n00012019_-sesi_professor-ensino-regular-_lingua-portuguesa-inglesa\/\" \/>\n<meta property=\"og:locale\" content=\"pt_BR\" \/>\n<meta property=\"og:type\" content=\"article\" \/>\n<meta property=\"og:title\" content=\"Comunicado de Processo Seletivo N\u00b00001\/2019_ SESI_Professor Ensino Regular _L\u00edngua Portuguesa\/ Inglesa. - SESI\" \/>\n<meta property=\"og:description\" content=\"COMUNICADO DE PROCESSO SELETIVO EXTERNO N\u00ba 001-2019 &nbsp; CARGO: PROFESSOR ENSINO REGULAR (PER) OCUPA\u00c7\u00c3O: PROFESSOR DO 6\u00ba AO 9\u00ba ANO \/ ENSINO FUNDAMENTAL II \/ ENSINO M\u00c9DIO (1\u00ba AO 3\u00ba ANO) &nbsp; O Servi\u00e7o Social da Ind\u00fastria \u2013 Departamento Regional do Amazonas SESI\/AM, por meio do Departamento de Gest\u00e3o de Pessoas\/Sele\u00e7\u00e3o de Talentos do Sistema [&hellip;]\" \/>\n<meta property=\"og:url\" content=\"https:\/\/fieam.org.br\/sesi\/comunicado-de-processo-seletivo-n00012019_-sesi_professor-ensino-regular-_lingua-portuguesa-inglesa\/\" \/>\n<meta property=\"og:site_name\" content=\"SESI\" \/>\n<meta property=\"article:published_time\" content=\"2019-01-02T17:47:47+00:00\" \/>\n<meta name=\"author\" content=\"Autor\" \/>\n<meta name=\"twitter:card\" content=\"summary_large_image\" \/>\n<meta name=\"twitter:label1\" content=\"Escrito por\" \/>\n\t<meta name=\"twitter:data1\" content=\"Autor\" \/>\n\t<meta name=\"twitter:label2\" content=\"Est. tempo de leitura\" \/>\n\t<meta name=\"twitter:data2\" content=\"1 minuto\" \/>\n<script type=\"application\/ld+json\" class=\"yoast-schema-graph\">{\"@context\":\"https:\\\/\\\/schema.org\",\"@graph\":[{\"@type\":\"Article\",\"@id\":\"https:\\\/\\\/fieam.org.br\\\/sesi\\\/comunicado-de-processo-seletivo-n00012019_-sesi_professor-ensino-regular-_lingua-portuguesa-inglesa\\\/#article\",\"isPartOf\":{\"@id\":\"https:\\\/\\\/fieam.org.br\\\/sesi\\\/comunicado-de-processo-seletivo-n00012019_-sesi_professor-ensino-regular-_lingua-portuguesa-inglesa\\\/\"},\"author\":{\"name\":\"Autor\",\"@id\":\"https:\\\/\\\/fieam.org.br\\\/sesi\\\/#\\\/schema\\\/person\\\/f54998dd14d5f0695b41444f2b01c31e\"},\"headline\":\"Comunicado de Processo Seletivo N\u00b00001\\\/2019_ SESI_Professor Ensino Regular _L\u00edngua Portuguesa\\\/ Inglesa.\",\"datePublished\":\"2019-01-02T17:47:47+00:00\",\"mainEntityOfPage\":{\"@id\":\"https:\\\/\\\/fieam.org.br\\\/sesi\\\/comunicado-de-processo-seletivo-n00012019_-sesi_professor-ensino-regular-_lingua-portuguesa-inglesa\\\/\"},\"wordCount\":274,\"publisher\":{\"@id\":\"https:\\\/\\\/fieam.org.br\\\/sesi\\\/#organization\"},\"image\":{\"@id\":\"https:\\\/\\\/fieam.org.br\\\/sesi\\\/comunicado-de-processo-seletivo-n00012019_-sesi_professor-ensino-regular-_lingua-portuguesa-inglesa\\\/#primaryimage\"},\"thumbnailUrl\":\"\",\"articleSection\":[\"selecao\"],\"inLanguage\":\"pt-BR\"},{\"@type\":\"WebPage\",\"@id\":\"https:\\\/\\\/fieam.org.br\\\/sesi\\\/comunicado-de-processo-seletivo-n00012019_-sesi_professor-ensino-regular-_lingua-portuguesa-inglesa\\\/\",\"url\":\"https:\\\/\\\/fieam.org.br\\\/sesi\\\/comunicado-de-processo-seletivo-n00012019_-sesi_professor-ensino-regular-_lingua-portuguesa-inglesa\\\/\",\"name\":\"Comunicado de Processo Seletivo N\u00b00001\\\/2019_ SESI_Professor Ensino Regular _L\u00edngua Portuguesa\\\/ Inglesa. - SESI\",\"isPartOf\":{\"@id\":\"https:\\\/\\\/fieam.org.br\\\/sesi\\\/#website\"},\"primaryImageOfPage\":{\"@id\":\"https:\\\/\\\/fieam.org.br\\\/sesi\\\/comunicado-de-processo-seletivo-n00012019_-sesi_professor-ensino-regular-_lingua-portuguesa-inglesa\\\/#primaryimage\"},\"image\":{\"@id\":\"https:\\\/\\\/fieam.org.br\\\/sesi\\\/comunicado-de-processo-seletivo-n00012019_-sesi_professor-ensino-regular-_lingua-portuguesa-inglesa\\\/#primaryimage\"},\"thumbnailUrl\":\"\",\"datePublished\":\"2019-01-02T17:47:47+00:00\",\"breadcrumb\":{\"@id\":\"https:\\\/\\\/fieam.org.br\\\/sesi\\\/comunicado-de-processo-seletivo-n00012019_-sesi_professor-ensino-regular-_lingua-portuguesa-inglesa\\\/#breadcrumb\"},\"inLanguage\":\"pt-BR\",\"potentialAction\":[{\"@type\":\"ReadAction\",\"target\":[\"https:\\\/\\\/fieam.org.br\\\/sesi\\\/comunicado-de-processo-seletivo-n00012019_-sesi_professor-ensino-regular-_lingua-portuguesa-inglesa\\\/\"]}]},{\"@type\":\"ImageObject\",\"inLanguage\":\"pt-BR\",\"@id\":\"https:\\\/\\\/fieam.org.br\\\/sesi\\\/comunicado-de-processo-seletivo-n00012019_-sesi_professor-ensino-regular-_lingua-portuguesa-inglesa\\\/#primaryimage\",\"url\":\"\",\"contentUrl\":\"\"},{\"@type\":\"BreadcrumbList\",\"@id\":\"https:\\\/\\\/fieam.org.br\\\/sesi\\\/comunicado-de-processo-seletivo-n00012019_-sesi_professor-ensino-regular-_lingua-portuguesa-inglesa\\\/#breadcrumb\",\"itemListElement\":[{\"@type\":\"ListItem\",\"position\":1,\"name\":\"In\u00edcio\",\"item\":\"https:\\\/\\\/fieam.org.br\\\/sesi\\\/\"},{\"@type\":\"ListItem\",\"position\":2,\"name\":\"Comunicado de Processo Seletivo N\u00b00001\\\/2019_ SESI_Professor Ensino Regular _L\u00edngua Portuguesa\\\/ Inglesa.\"}]},{\"@type\":\"WebSite\",\"@id\":\"https:\\\/\\\/fieam.org.br\\\/sesi\\\/#website\",\"url\":\"https:\\\/\\\/fieam.org.br\\\/sesi\\\/\",\"name\":\"SESI\",\"description\":\"Site Oficial!\",\"publisher\":{\"@id\":\"https:\\\/\\\/fieam.org.br\\\/sesi\\\/#organization\"},\"potentialAction\":[{\"@type\":\"SearchAction\",\"target\":{\"@type\":\"EntryPoint\",\"urlTemplate\":\"https:\\\/\\\/fieam.org.br\\\/sesi\\\/?s={search_term_string}\"},\"query-input\":{\"@type\":\"PropertyValueSpecification\",\"valueRequired\":true,\"valueName\":\"search_term_string\"}}],\"inLanguage\":\"pt-BR\"},{\"@type\":\"Organization\",\"@id\":\"https:\\\/\\\/fieam.org.br\\\/sesi\\\/#organization\",\"name\":\"SESI\",\"url\":\"https:\\\/\\\/fieam.org.br\\\/sesi\\\/\",\"logo\":{\"@type\":\"ImageObject\",\"inLanguage\":\"pt-BR\",\"@id\":\"https:\\\/\\\/fieam.org.br\\\/sesi\\\/#\\\/schema\\\/logo\\\/image\\\/\",\"url\":\"https:\\\/\\\/fieam.org.br\\\/sesi\\\/wp-content\\\/uploads\\\/sites\\\/14\\\/2024\\\/03\\\/cropped-fav.png\",\"contentUrl\":\"https:\\\/\\\/fieam.org.br\\\/sesi\\\/wp-content\\\/uploads\\\/sites\\\/14\\\/2024\\\/03\\\/cropped-fav.png\",\"width\":610,\"height\":589,\"caption\":\"SESI\"},\"image\":{\"@id\":\"https:\\\/\\\/fieam.org.br\\\/sesi\\\/#\\\/schema\\\/logo\\\/image\\\/\"}},{\"@type\":\"Person\",\"@id\":\"https:\\\/\\\/fieam.org.br\\\/sesi\\\/#\\\/schema\\\/person\\\/f54998dd14d5f0695b41444f2b01c31e\",\"name\":\"Autor\",\"image\":{\"@type\":\"ImageObject\",\"inLanguage\":\"pt-BR\",\"@id\":\"https:\\\/\\\/secure.gravatar.com\\\/avatar\\\/3732c223e0e1fad69062a8f770955c9068d37b055204f310a0be18d4069fe380?s=96&d=mm&r=g\",\"url\":\"https:\\\/\\\/secure.gravatar.com\\\/avatar\\\/3732c223e0e1fad69062a8f770955c9068d37b055204f310a0be18d4069fe380?s=96&d=mm&r=g\",\"contentUrl\":\"https:\\\/\\\/secure.gravatar.com\\\/avatar\\\/3732c223e0e1fad69062a8f770955c9068d37b055204f310a0be18d4069fe380?s=96&d=mm&r=g\",\"caption\":\"Autor\"},\"sameAs\":[\"https:\\\/\\\/marketingmassivo.com.br\"],\"url\":\"https:\\\/\\\/fieam.org.br\\\/sesi\\\/author\\\/admin\\\/\"}]}<\/script>\n<!-- \/ Yoast SEO plugin. -->","yoast_head_json":{"title":"Comunicado de Processo Seletivo N\u00b00001\/2019_ SESI_Professor Ensino Regular _L\u00edngua Portuguesa\/ Inglesa. - SESI","robots":{"index":"index","follow":"follow","max-snippet":"max-snippet:-1","max-image-preview":"max-image-preview:large","max-video-preview":"max-video-preview:-1"},"canonical":"https:\/\/fieam.org.br\/sesi\/comunicado-de-processo-seletivo-n00012019_-sesi_professor-ensino-regular-_lingua-portuguesa-inglesa\/","og_locale":"pt_BR","og_type":"article","og_title":"Comunicado de Processo Seletivo N\u00b00001\/2019_ SESI_Professor Ensino Regular _L\u00edngua Portuguesa\/ Inglesa. - SESI","og_description":"COMUNICADO DE PROCESSO SELETIVO EXTERNO N\u00ba 001-2019 &nbsp; CARGO: PROFESSOR ENSINO REGULAR (PER) OCUPA\u00c7\u00c3O: PROFESSOR DO 6\u00ba AO 9\u00ba ANO \/ ENSINO FUNDAMENTAL II \/ ENSINO M\u00c9DIO (1\u00ba AO 3\u00ba ANO) &nbsp; O Servi\u00e7o Social da Ind\u00fastria \u2013 Departamento Regional do Amazonas SESI\/AM, por meio do Departamento de Gest\u00e3o de Pessoas\/Sele\u00e7\u00e3o de Talentos do Sistema [&hellip;]","og_url":"https:\/\/fieam.org.br\/sesi\/comunicado-de-processo-seletivo-n00012019_-sesi_professor-ensino-regular-_lingua-portuguesa-inglesa\/","og_site_name":"SESI","article_published_time":"2019-01-02T17:47:47+00:00","author":"Autor","twitter_card":"summary_large_image","twitter_misc":{"Escrito por":"Autor","Est. tempo de leitura":"1 minuto"},"schema":{"@context":"https:\/\/schema.org","@graph":[{"@type":"Article","@id":"https:\/\/fieam.org.br\/sesi\/comunicado-de-processo-seletivo-n00012019_-sesi_professor-ensino-regular-_lingua-portuguesa-inglesa\/#article","isPartOf":{"@id":"https:\/\/fieam.org.br\/sesi\/comunicado-de-processo-seletivo-n00012019_-sesi_professor-ensino-regular-_lingua-portuguesa-inglesa\/"},"author":{"name":"Autor","@id":"https:\/\/fieam.org.br\/sesi\/#\/schema\/person\/f54998dd14d5f0695b41444f2b01c31e"},"headline":"Comunicado de Processo Seletivo N\u00b00001\/2019_ SESI_Professor Ensino Regular _L\u00edngua Portuguesa\/ Inglesa.","datePublished":"2019-01-02T17:47:47+00:00","mainEntityOfPage":{"@id":"https:\/\/fieam.org.br\/sesi\/comunicado-de-processo-seletivo-n00012019_-sesi_professor-ensino-regular-_lingua-portuguesa-inglesa\/"},"wordCount":274,"publisher":{"@id":"https:\/\/fieam.org.br\/sesi\/#organization"},"image":{"@id":"https:\/\/fieam.org.br\/sesi\/comunicado-de-processo-seletivo-n00012019_-sesi_professor-ensino-regular-_lingua-portuguesa-inglesa\/#primaryimage"},"thumbnailUrl":"","articleSection":["selecao"],"inLanguage":"pt-BR"},{"@type":"WebPage","@id":"https:\/\/fieam.org.br\/sesi\/comunicado-de-processo-seletivo-n00012019_-sesi_professor-ensino-regular-_lingua-portuguesa-inglesa\/","url":"https:\/\/fieam.org.br\/sesi\/comunicado-de-processo-seletivo-n00012019_-sesi_professor-ensino-regular-_lingua-portuguesa-inglesa\/","name":"Comunicado de Processo Seletivo N\u00b00001\/2019_ SESI_Professor Ensino Regular _L\u00edngua Portuguesa\/ Inglesa. - SESI","isPartOf":{"@id":"https:\/\/fieam.org.br\/sesi\/#website"},"primaryImageOfPage":{"@id":"https:\/\/fieam.org.br\/sesi\/comunicado-de-processo-seletivo-n00012019_-sesi_professor-ensino-regular-_lingua-portuguesa-inglesa\/#primaryimage"},"image":{"@id":"https:\/\/fieam.org.br\/sesi\/comunicado-de-processo-seletivo-n00012019_-sesi_professor-ensino-regular-_lingua-portuguesa-inglesa\/#primaryimage"},"thumbnailUrl":"","datePublished":"2019-01-02T17:47:47+00:00","breadcrumb":{"@id":"https:\/\/fieam.org.br\/sesi\/comunicado-de-processo-seletivo-n00012019_-sesi_professor-ensino-regular-_lingua-portuguesa-inglesa\/#breadcrumb"},"inLanguage":"pt-BR","potentialAction":[{"@type":"ReadAction","target":["https:\/\/fieam.org.br\/sesi\/comunicado-de-processo-seletivo-n00012019_-sesi_professor-ensino-regular-_lingua-portuguesa-inglesa\/"]}]},{"@type":"ImageObject","inLanguage":"pt-BR","@id":"https:\/\/fieam.org.br\/sesi\/comunicado-de-processo-seletivo-n00012019_-sesi_professor-ensino-regular-_lingua-portuguesa-inglesa\/#primaryimage","url":"","contentUrl":""},{"@type":"BreadcrumbList","@id":"https:\/\/fieam.org.br\/sesi\/comunicado-de-processo-seletivo-n00012019_-sesi_professor-ensino-regular-_lingua-portuguesa-inglesa\/#breadcrumb","itemListElement":[{"@type":"ListItem","position":1,"name":"In\u00edcio","item":"https:\/\/fieam.org.br\/sesi\/"},{"@type":"ListItem","position":2,"name":"Comunicado de Processo Seletivo N\u00b00001\/2019_ SESI_Professor Ensino Regular _L\u00edngua Portuguesa\/ Inglesa."}]},{"@type":"WebSite","@id":"https:\/\/fieam.org.br\/sesi\/#website","url":"https:\/\/fieam.org.br\/sesi\/","name":"SESI","description":"Site Oficial!","publisher":{"@id":"https:\/\/fieam.org.br\/sesi\/#organization"},"potentialAction":[{"@type":"SearchAction","target":{"@type":"EntryPoint","urlTemplate":"https:\/\/fieam.org.br\/sesi\/?s={search_term_string}"},"query-input":{"@type":"PropertyValueSpecification","valueRequired":true,"valueName":"search_term_string"}}],"inLanguage":"pt-BR"},{"@type":"Organization","@id":"https:\/\/fieam.org.br\/sesi\/#organization","name":"SESI","url":"https:\/\/fieam.org.br\/sesi\/","logo":{"@type":"ImageObject","inLanguage":"pt-BR","@id":"https:\/\/fieam.org.br\/sesi\/#\/schema\/logo\/image\/","url":"https:\/\/fieam.org.br\/sesi\/wp-content\/uploads\/sites\/14\/2024\/03\/cropped-fav.png","contentUrl":"https:\/\/fieam.org.br\/sesi\/wp-content\/uploads\/sites\/14\/2024\/03\/cropped-fav.png","width":610,"height":589,"caption":"SESI"},"image":{"@id":"https:\/\/fieam.org.br\/sesi\/#\/schema\/logo\/image\/"}},{"@type":"Person","@id":"https:\/\/fieam.org.br\/sesi\/#\/schema\/person\/f54998dd14d5f0695b41444f2b01c31e","name":"Autor","image":{"@type":"ImageObject","inLanguage":"pt-BR","@id":"https:\/\/secure.gravatar.com\/avatar\/3732c223e0e1fad69062a8f770955c9068d37b055204f310a0be18d4069fe380?s=96&d=mm&r=g","url":"https:\/\/secure.gravatar.com\/avatar\/3732c223e0e1fad69062a8f770955c9068d37b055204f310a0be18d4069fe380?s=96&d=mm&r=g","contentUrl":"https:\/\/secure.gravatar.com\/avatar\/3732c223e0e1fad69062a8f770955c9068d37b055204f310a0be18d4069fe380?s=96&d=mm&r=g","caption":"Autor"},"sameAs":["https:\/\/marketingmassivo.com.br"],"url":"https:\/\/fieam.org.br\/sesi\/author\/admin\/"}]}},"_links":{"self":[{"href":"https:\/\/fieam.org.br\/sesi\/wp-json\/wp\/v2\/posts\/12388","targetHints":{"allow":["GET"]}}],"collection":[{"href":"https:\/\/fieam.org.br\/sesi\/wp-json\/wp\/v2\/posts"}],"about":[{"href":"https:\/\/fieam.org.br\/sesi\/wp-json\/wp\/v2\/types\/post"}],"author":[{"embeddable":true,"href":"https:\/\/fieam.org.br\/sesi\/wp-json\/wp\/v2\/users\/1"}],"replies":[{"embeddable":true,"href":"https:\/\/fieam.org.br\/sesi\/wp-json\/wp\/v2\/comments?post=12388"}],"version-history":[{"count":0,"href":"https:\/\/fieam.org.br\/sesi\/wp-json\/wp\/v2\/posts\/12388\/revisions"}],"wp:attachment":[{"href":"https:\/\/fieam.org.br\/sesi\/wp-json\/wp\/v2\/media?parent=12388"}],"wp:term":[{"taxonomy":"category","embeddable":true,"href":"https:\/\/fieam.org.br\/sesi\/wp-json\/wp\/v2\/categories?post=12388"},{"taxonomy":"post_tag","embeddable":true,"href":"https:\/\/fieam.org.br\/sesi\/wp-json\/wp\/v2\/tags?post=12388"}],"curies":[{"name":"wp","href":"https:\/\/api.w.org\/{rel}","templated":true}]}}