{"id":12248,"date":"2018-12-03T15:56:30","date_gmt":"2018-12-03T19:56:30","guid":{"rendered":"http:\/\/www.fieam.org.br\/sesi\/?p=12248"},"modified":"2018-12-03T15:56:30","modified_gmt":"2018-12-03T19:56:30","slug":"moto-honda-e-salcomp-sao-campeas-no-futebol-de-campo","status":"publish","type":"post","link":"https:\/\/fieam.org.br\/sesi\/moto-honda-e-salcomp-sao-campeas-no-futebol-de-campo\/","title":{"rendered":"Moto Honda e Salcomp s\u00e3o campe\u00e3s no futebol de campo"},"content":{"rendered":"<p><a href=\"http:\/\/www.fieam.org.br\/sesi\/wp-content\/uploads\/sites\/2\/2018\/12\/Moto-Honda-solta-o-grito-o-campe\u00e3o-voltou.jpg\"><img fetchpriority=\"high\" decoding=\"async\" class=\"alignnone size-large wp-image-12251\" src=\"http:\/\/www.fieam.org.br\/sesi\/wp-content\/uploads\/sites\/2\/2018\/12\/Moto-Honda-solta-o-grito-o-campe\u00e3o-voltou-1024x683.jpg\" alt=\"\" width=\"1024\" height=\"683\" \/><\/a><\/p>\n<p>Ao som de \u201co campe\u00e3o voltou\u201d, entoado a plenos pulm\u00f5es, os jogadores da Moto Honda festejaram muito o 1\u00ba lugar no futebol de campo dos Jogos SESI Amazonas 2018, conquistado na \u00faltima sexta-feira (30), ao vencer o time da Nissin Brake por 4 a 1, nos p\u00eanaltis. Na mesma programa\u00e7\u00e3o, que encerrou a 18\u00aa edi\u00e7\u00e3o da competi\u00e7\u00e3o, no Est\u00e1dio Roberto Simonsen, no SESI Clube do Trabalhador, a Salcomp bateu a Keihin, por 4 a 1, e sagrou-se campe\u00e3 no futebol de campo feminino.<\/p>\n<p>Diante de um p\u00fablico de 1.200 pessoas, a maioria de trabalhadores das quatro empresas do Polo Industrial de Manaus envolvidas nas duas finais do futebol de campo, a superintendente do SESI Amazonas, Rosana Vasconcelos, foi convidada a dar o pontap\u00e9 inicial da partida entre Salcomp e Keihin, exatamente \u00e0s 19h47. Para Rosana, \u00e9 uma alegria chegar a mais uma final dos Jogos SESI, depois de sete meses de disputas envolvendo 128 empresas do PIM e mais de 6 mil trabalhadores-atletas. \u201cRegistramos com orgulho, a marcante presen\u00e7a feminina nos Jogos, inclusive no futebol de campo, uma das modalidades mais importantes da nossa competi\u00e7\u00e3o\u201d, disse a superintendente.<\/p>\n<p><a href=\"https:\/\/marketingmassivo.com.br\/sesi\/wp-content\/uploads\/sites\/12\/2018\/12\/MG_8837.jpg\"><img decoding=\"async\" class=\" wp-image-12252 alignleft\" src=\"http:\/\/www.fieam.org.br\/sesi\/wp-content\/uploads\/sites\/2\/2018\/12\/MG_8837-1024x683.jpg\" alt=\"\" width=\"554\" height=\"369\" \/><\/a>O chute que deu in\u00edcio \u00e0 partida no masculino, entre Moto Honda da Amaz\u00f4nia e Nissin Brake do Brasil, coube ao vice-presidente da Federa\u00e7\u00e3o das Ind\u00fastrias do Estado do Amazonas (FIEAM), Nelson Azevedo, que ressaltou a import\u00e2ncia dos Jogos SESI para melhorar a qualidade de vida dos trabalhadores do Polo Industrial. \u201cAs ind\u00fastrias que incentivam seus trabalhadores a participar dos Jogos SESI est\u00e3o investindo em valores que s\u00e3o essenciais para a produtividade no ambiente de trabalho, como o trabalho em equipe e a supera\u00e7\u00e3o de desafios com garra e otimismo\u201d, disse Azevedo.<\/p>\n<p>Na plateia, o gerente de Recursos Humanos da Nissin Brake, Joseney da Silva Reis, 50, estava confiante na vit\u00f3ria do time da empresa, que terminou o primeiro tempo do jogo vencendo por 1 a 0. Segundo ele, a alta dire\u00e7\u00e3o da Nissin v\u00ea a import\u00e2ncia da pr\u00e1tica de esportes, tanto que incentivou seus trabalhadores a participarem das cinco modalidades dos Jogos SESI, al\u00e9m de ter levado a maior torcida da noite, com mais de 200 empregados presentes no est\u00e1dio.<\/p>\n<p><a href=\"http:\/\/www.fieam.org.br\/sesi\/wp-content\/uploads\/sites\/2\/2018\/12\/Torcida-da-empresa-Nissin-com-o-gerente-de-Recursos-Humanos-\u00e0-direita.jpg\"><img decoding=\"async\" class=\"wp-image-12253 alignright\" src=\"http:\/\/www.fieam.org.br\/sesi\/wp-content\/uploads\/sites\/2\/2018\/12\/Torcida-da-empresa-Nissin-com-o-gerente-de-Recursos-Humanos-\u00e0-direita-1024x683.jpg\" alt=\"\" width=\"541\" height=\"360\" \/><\/a>A Nissin acabou cedendo o empate \u00e0 Moto Honda logo no in\u00edcio do segundo tempo e o placar de 1 a 1 se manteve at\u00e9 o final levando a disputa direto para os p\u00eanaltis, onde prevaleceu a experi\u00eancia dos jogadores da\u00a0 Honda, alguns com at\u00e9 17 anos no time, como o zagueiro Cl\u00e9ber Coutinho, de 39 anos, que fez sua despedida da equipe com o gol que definiu o placar final.<\/p>\n<p>De acordo com o t\u00e9cnico da Honda, Marciclei Furtado, 42, o trabalho do time \u00e9 constante. \u201cPorque a empresa faz um trabalho muito forte nos esportes, mas principalmente no futebol, onde a gente tem essa tradi\u00e7\u00e3o de equipe campe\u00e3\u201d, disse, j\u00e1 adiantando que, depois dos Jogos SESI, pelo menos cinco atletas, como o pr\u00f3prio Cleber, v\u00e3o deixar o time porque consideram que j\u00e1 est\u00e3o acima do seu limite, da sua capacidade f\u00edsica. O desafio agora \u00e9 substituir a experi\u00eancia de um goleiro de 36 anos pelo talento cru de um jovem de 20. O goleiro Carlos Roberto, que tamb\u00e9m deixa o time, pegou dois dos p\u00eanaltis batidos pela Nissin.<\/p>\n<p>Marciclei estreou na Moto Honda em 2017, quando amargou a derrota do time na final para a Inventus, interrompendo tr\u00eas anos de vit\u00f3rias consecutivas. Agora, ele conseguiu trazer o campe\u00e3o de volta.<\/p>\n<p>&nbsp;<\/p>\n<p><strong>Futebol feminino<\/strong><\/p>\n<p><a href=\"http:\/\/www.fieam.org.br\/sesi\/wp-content\/uploads\/sites\/2\/2018\/12\/A-Salcomp-1\u00ba-lugar-no-Futebol-de-Campo-Feminino-Jogos-SESI-2018.jpg\"><img loading=\"lazy\" decoding=\"async\" class=\"alignnone size-large wp-image-12254\" src=\"http:\/\/www.fieam.org.br\/sesi\/wp-content\/uploads\/sites\/2\/2018\/12\/A-Salcomp-1\u00ba-lugar-no-Futebol-de-Campo-Feminino-Jogos-SESI-2018-1024x683.jpg\" alt=\"\" width=\"1024\" height=\"683\" \/><\/a><\/p>\n<p>Moto Honda e Nissin Brake levaram as maiores torcidas, mas o jogo que levou emo\u00e7\u00e3o ao Est\u00e1dio Roberto Simonsen, na noite de sexta-feira, foi entre Salcomp e Keihin, no futebol feminino, disputado com garra at\u00e9 o \u00faltimo momento, ao contr\u00e1rio do futebol masculino, com mais retranca, por isso, mais burocr\u00e1tico.<\/p>\n<p>A garra da Salcomp pegou desprevenida a zaga da Keihin, logo no in\u00edcio do primeiro tempo, mas o primeiro gol, assinado por Luziane, s\u00f3 saiu aos 25 minutos. Antes do fim do primeiro tempo, a camisa 20, Valss\u00edria, fez 2 a 0 para a Salcomp.<\/p>\n<p><a href=\"https:\/\/marketingmassivo.com.br\/sesi\/wp-content\/uploads\/sites\/12\/2018\/12\/MG_8612.jpg\"><img loading=\"lazy\" decoding=\"async\" class=\" wp-image-12255 alignleft\" src=\"http:\/\/www.fieam.org.br\/sesi\/wp-content\/uploads\/sites\/2\/2018\/12\/MG_8612-1024x683.jpg\" alt=\"\" width=\"541\" height=\"361\" \/><\/a>Logo no in\u00edcio do segundo tempo, a Keihin reagiu com um bonito gol da atacante Francilda. As advers\u00e1rias lutaram bravamente, mas as meninas da Salcomp, melhor posicionadas em campo, levaram a melhor e fizeram mais dois, marcados por Suzy e Ellen Caroline.<\/p>\n<p>Foi o resultado do trabalho realizado nos \u00faltimos dois anos pelo t\u00e9cnico Marcos Henrique de Souza, o Marquinho, 32 anos. Para ele, mais gratificante foi vencer a equipe da Keihin, na sua opini\u00e3o, uma das melhores empresas que mais investem nos esportes, principalmente no futebol feminino. \u201cN\u00f3s fizemos uma revolu\u00e7\u00e3o na Salcomp porque soubemos trabalhar a base, o posicionamento das atletas, girando o jogo, segurando a bola. Pra mim, foi o melhor jogo da competi\u00e7\u00e3o\u201d, disse o t\u00e9cnico.<\/p>\n<p>Ap\u00f3s as duas partidas do futebol de campo, o SESI realizou a cerim\u00f4nia de encerramento dos Jogos 2018 com a entrega de trof\u00e9us e medalhas aos vencedores das cinco modalidades disputadas este ano \u2013 futebol de campo, futsal, futebol sete, v\u00f4lei de quadra e v\u00f4lei de areia. No placar geral, foram premiadas, no masculino, a Yamaha Motor da Amaz\u00f4nia, no 1\u00ba lugar geral, a CTK, no 2\u00ba, e a P&amp;G, no 3\u00ba lugar. No feminino, Salcomp em 1\u00ba, I-Sheng, no 2\u00ba, e Keihin, em 3\u00ba lugar.<\/p>\n","protected":false},"excerpt":{"rendered":"<p>Ao som de \u201co campe\u00e3o voltou\u201d, entoado a plenos pulm\u00f5es, os jogadores da Moto Honda festejaram muito o 1\u00ba lugar no futebol de campo dos Jogos SESI Amazonas 2018, conquistado na \u00faltima sexta-feira (30), ao vencer o time da Nissin Brake por 4 a 1, nos p\u00eanaltis. Na mesma programa\u00e7\u00e3o, que encerrou a 18\u00aa edi\u00e7\u00e3o [&hellip;]<\/p>\n","protected":false},"author":1,"featured_media":12256,"comment_status":"closed","ping_status":"open","sticky":false,"template":"","format":"standard","meta":{"footnotes":""},"categories":[20,26],"tags":[],"class_list":["post-12248","post","type-post","status-publish","format-standard","has-post-thumbnail","hentry","category-banner-destaque","category-news-destaque"],"yoast_head":"<!-- This site is optimized with the Yoast SEO plugin v26.8 - https:\/\/yoast.com\/product\/yoast-seo-wordpress\/ -->\n<title>Moto Honda e Salcomp s\u00e3o campe\u00e3s no futebol de campo - SESI<\/title>\n<meta name=\"robots\" content=\"index, follow, max-snippet:-1, max-image-preview:large, max-video-preview:-1\" \/>\n<link rel=\"canonical\" href=\"https:\/\/fieam.org.br\/sesi\/moto-honda-e-salcomp-sao-campeas-no-futebol-de-campo\/\" \/>\n<meta property=\"og:locale\" content=\"pt_BR\" \/>\n<meta property=\"og:type\" content=\"article\" \/>\n<meta property=\"og:title\" content=\"Moto Honda e Salcomp s\u00e3o campe\u00e3s no futebol de campo - SESI\" \/>\n<meta property=\"og:description\" content=\"Ao som de \u201co campe\u00e3o voltou\u201d, entoado a plenos pulm\u00f5es, os jogadores da Moto Honda festejaram muito o 1\u00ba lugar no futebol de campo dos Jogos SESI Amazonas 2018, conquistado na \u00faltima sexta-feira (30), ao vencer o time da Nissin Brake por 4 a 1, nos p\u00eanaltis. Na mesma programa\u00e7\u00e3o, que encerrou a 18\u00aa edi\u00e7\u00e3o [&hellip;]\" \/>\n<meta property=\"og:url\" content=\"https:\/\/fieam.org.br\/sesi\/moto-honda-e-salcomp-sao-campeas-no-futebol-de-campo\/\" \/>\n<meta property=\"og:site_name\" content=\"SESI\" \/>\n<meta property=\"article:published_time\" content=\"2018-12-03T19:56:30+00:00\" \/>\n<meta name=\"author\" content=\"Autor\" \/>\n<meta name=\"twitter:card\" content=\"summary_large_image\" \/>\n<meta name=\"twitter:label1\" content=\"Escrito por\" \/>\n\t<meta name=\"twitter:data1\" content=\"Autor\" \/>\n\t<meta name=\"twitter:label2\" content=\"Est. tempo de leitura\" \/>\n\t<meta name=\"twitter:data2\" content=\"4 minutos\" \/>\n<script type=\"application\/ld+json\" class=\"yoast-schema-graph\">{\"@context\":\"https:\/\/schema.org\",\"@graph\":[{\"@type\":\"Article\",\"@id\":\"https:\/\/fieam.org.br\/sesi\/moto-honda-e-salcomp-sao-campeas-no-futebol-de-campo\/#article\",\"isPartOf\":{\"@id\":\"https:\/\/fieam.org.br\/sesi\/moto-honda-e-salcomp-sao-campeas-no-futebol-de-campo\/\"},\"author\":{\"name\":\"Autor\",\"@id\":\"https:\/\/fieam.org.br\/sesi\/#\/schema\/person\/c1ceda8321521b291cee22da0a7d34be\"},\"headline\":\"Moto Honda e Salcomp s\u00e3o campe\u00e3s no futebol de campo\",\"datePublished\":\"2018-12-03T19:56:30+00:00\",\"mainEntityOfPage\":{\"@id\":\"https:\/\/fieam.org.br\/sesi\/moto-honda-e-salcomp-sao-campeas-no-futebol-de-campo\/\"},\"wordCount\":909,\"publisher\":{\"@id\":\"https:\/\/fieam.org.br\/sesi\/#organization\"},\"image\":{\"@id\":\"https:\/\/fieam.org.br\/sesi\/moto-honda-e-salcomp-sao-campeas-no-futebol-de-campo\/#primaryimage\"},\"thumbnailUrl\":\"\",\"articleSection\":[\"Banner Destaque\",\"News Destaque\"],\"inLanguage\":\"pt-BR\"},{\"@type\":\"WebPage\",\"@id\":\"https:\/\/fieam.org.br\/sesi\/moto-honda-e-salcomp-sao-campeas-no-futebol-de-campo\/\",\"url\":\"https:\/\/fieam.org.br\/sesi\/moto-honda-e-salcomp-sao-campeas-no-futebol-de-campo\/\",\"name\":\"Moto Honda e Salcomp s\u00e3o campe\u00e3s no futebol de campo - SESI\",\"isPartOf\":{\"@id\":\"https:\/\/fieam.org.br\/sesi\/#website\"},\"primaryImageOfPage\":{\"@id\":\"https:\/\/fieam.org.br\/sesi\/moto-honda-e-salcomp-sao-campeas-no-futebol-de-campo\/#primaryimage\"},\"image\":{\"@id\":\"https:\/\/fieam.org.br\/sesi\/moto-honda-e-salcomp-sao-campeas-no-futebol-de-campo\/#primaryimage\"},\"thumbnailUrl\":\"\",\"datePublished\":\"2018-12-03T19:56:30+00:00\",\"breadcrumb\":{\"@id\":\"https:\/\/fieam.org.br\/sesi\/moto-honda-e-salcomp-sao-campeas-no-futebol-de-campo\/#breadcrumb\"},\"inLanguage\":\"pt-BR\",\"potentialAction\":[{\"@type\":\"ReadAction\",\"target\":[\"https:\/\/fieam.org.br\/sesi\/moto-honda-e-salcomp-sao-campeas-no-futebol-de-campo\/\"]}]},{\"@type\":\"ImageObject\",\"inLanguage\":\"pt-BR\",\"@id\":\"https:\/\/fieam.org.br\/sesi\/moto-honda-e-salcomp-sao-campeas-no-futebol-de-campo\/#primaryimage\",\"url\":\"\",\"contentUrl\":\"\"},{\"@type\":\"BreadcrumbList\",\"@id\":\"https:\/\/fieam.org.br\/sesi\/moto-honda-e-salcomp-sao-campeas-no-futebol-de-campo\/#breadcrumb\",\"itemListElement\":[{\"@type\":\"ListItem\",\"position\":1,\"name\":\"In\u00edcio\",\"item\":\"https:\/\/fieam.org.br\/sesi\/\"},{\"@type\":\"ListItem\",\"position\":2,\"name\":\"Moto Honda e Salcomp s\u00e3o campe\u00e3s no futebol de campo\"}]},{\"@type\":\"WebSite\",\"@id\":\"https:\/\/fieam.org.br\/sesi\/#website\",\"url\":\"https:\/\/fieam.org.br\/sesi\/\",\"name\":\"SESI\",\"description\":\"Site Oficial!\",\"publisher\":{\"@id\":\"https:\/\/fieam.org.br\/sesi\/#organization\"},\"potentialAction\":[{\"@type\":\"SearchAction\",\"target\":{\"@type\":\"EntryPoint\",\"urlTemplate\":\"https:\/\/fieam.org.br\/sesi\/?s={search_term_string}\"},\"query-input\":{\"@type\":\"PropertyValueSpecification\",\"valueRequired\":true,\"valueName\":\"search_term_string\"}}],\"inLanguage\":\"pt-BR\"},{\"@type\":\"Organization\",\"@id\":\"https:\/\/fieam.org.br\/sesi\/#organization\",\"name\":\"SESI\",\"url\":\"https:\/\/fieam.org.br\/sesi\/\",\"logo\":{\"@type\":\"ImageObject\",\"inLanguage\":\"pt-BR\",\"@id\":\"https:\/\/fieam.org.br\/sesi\/#\/schema\/logo\/image\/\",\"url\":\"https:\/\/fieam.org.br\/sesi\/wp-content\/uploads\/sites\/14\/2024\/03\/cropped-fav.png\",\"contentUrl\":\"https:\/\/fieam.org.br\/sesi\/wp-content\/uploads\/sites\/14\/2024\/03\/cropped-fav.png\",\"width\":610,\"height\":589,\"caption\":\"SESI\"},\"image\":{\"@id\":\"https:\/\/fieam.org.br\/sesi\/#\/schema\/logo\/image\/\"}},{\"@type\":\"Person\",\"@id\":\"https:\/\/fieam.org.br\/sesi\/#\/schema\/person\/c1ceda8321521b291cee22da0a7d34be\",\"name\":\"Autor\",\"image\":{\"@type\":\"ImageObject\",\"inLanguage\":\"pt-BR\",\"@id\":\"https:\/\/fieam.org.br\/sesi\/#\/schema\/person\/image\/\",\"url\":\"https:\/\/secure.gravatar.com\/avatar\/3732c223e0e1fad69062a8f770955c9068d37b055204f310a0be18d4069fe380?s=96&d=mm&r=g\",\"contentUrl\":\"https:\/\/secure.gravatar.com\/avatar\/3732c223e0e1fad69062a8f770955c9068d37b055204f310a0be18d4069fe380?s=96&d=mm&r=g\",\"caption\":\"Autor\"},\"sameAs\":[\"https:\/\/marketingmassivo.com.br\"],\"url\":\"https:\/\/fieam.org.br\/sesi\/author\/admin\/\"}]}<\/script>\n<!-- \/ Yoast SEO plugin. -->","yoast_head_json":{"title":"Moto Honda e Salcomp s\u00e3o campe\u00e3s no futebol de campo - SESI","robots":{"index":"index","follow":"follow","max-snippet":"max-snippet:-1","max-image-preview":"max-image-preview:large","max-video-preview":"max-video-preview:-1"},"canonical":"https:\/\/fieam.org.br\/sesi\/moto-honda-e-salcomp-sao-campeas-no-futebol-de-campo\/","og_locale":"pt_BR","og_type":"article","og_title":"Moto Honda e Salcomp s\u00e3o campe\u00e3s no futebol de campo - SESI","og_description":"Ao som de \u201co campe\u00e3o voltou\u201d, entoado a plenos pulm\u00f5es, os jogadores da Moto Honda festejaram muito o 1\u00ba lugar no futebol de campo dos Jogos SESI Amazonas 2018, conquistado na \u00faltima sexta-feira (30), ao vencer o time da Nissin Brake por 4 a 1, nos p\u00eanaltis. Na mesma programa\u00e7\u00e3o, que encerrou a 18\u00aa edi\u00e7\u00e3o [&hellip;]","og_url":"https:\/\/fieam.org.br\/sesi\/moto-honda-e-salcomp-sao-campeas-no-futebol-de-campo\/","og_site_name":"SESI","article_published_time":"2018-12-03T19:56:30+00:00","author":"Autor","twitter_card":"summary_large_image","twitter_misc":{"Escrito por":"Autor","Est. tempo de leitura":"4 minutos"},"schema":{"@context":"https:\/\/schema.org","@graph":[{"@type":"Article","@id":"https:\/\/fieam.org.br\/sesi\/moto-honda-e-salcomp-sao-campeas-no-futebol-de-campo\/#article","isPartOf":{"@id":"https:\/\/fieam.org.br\/sesi\/moto-honda-e-salcomp-sao-campeas-no-futebol-de-campo\/"},"author":{"name":"Autor","@id":"https:\/\/fieam.org.br\/sesi\/#\/schema\/person\/c1ceda8321521b291cee22da0a7d34be"},"headline":"Moto Honda e Salcomp s\u00e3o campe\u00e3s no futebol de campo","datePublished":"2018-12-03T19:56:30+00:00","mainEntityOfPage":{"@id":"https:\/\/fieam.org.br\/sesi\/moto-honda-e-salcomp-sao-campeas-no-futebol-de-campo\/"},"wordCount":909,"publisher":{"@id":"https:\/\/fieam.org.br\/sesi\/#organization"},"image":{"@id":"https:\/\/fieam.org.br\/sesi\/moto-honda-e-salcomp-sao-campeas-no-futebol-de-campo\/#primaryimage"},"thumbnailUrl":"","articleSection":["Banner Destaque","News Destaque"],"inLanguage":"pt-BR"},{"@type":"WebPage","@id":"https:\/\/fieam.org.br\/sesi\/moto-honda-e-salcomp-sao-campeas-no-futebol-de-campo\/","url":"https:\/\/fieam.org.br\/sesi\/moto-honda-e-salcomp-sao-campeas-no-futebol-de-campo\/","name":"Moto Honda e Salcomp s\u00e3o campe\u00e3s no futebol de campo - SESI","isPartOf":{"@id":"https:\/\/fieam.org.br\/sesi\/#website"},"primaryImageOfPage":{"@id":"https:\/\/fieam.org.br\/sesi\/moto-honda-e-salcomp-sao-campeas-no-futebol-de-campo\/#primaryimage"},"image":{"@id":"https:\/\/fieam.org.br\/sesi\/moto-honda-e-salcomp-sao-campeas-no-futebol-de-campo\/#primaryimage"},"thumbnailUrl":"","datePublished":"2018-12-03T19:56:30+00:00","breadcrumb":{"@id":"https:\/\/fieam.org.br\/sesi\/moto-honda-e-salcomp-sao-campeas-no-futebol-de-campo\/#breadcrumb"},"inLanguage":"pt-BR","potentialAction":[{"@type":"ReadAction","target":["https:\/\/fieam.org.br\/sesi\/moto-honda-e-salcomp-sao-campeas-no-futebol-de-campo\/"]}]},{"@type":"ImageObject","inLanguage":"pt-BR","@id":"https:\/\/fieam.org.br\/sesi\/moto-honda-e-salcomp-sao-campeas-no-futebol-de-campo\/#primaryimage","url":"","contentUrl":""},{"@type":"BreadcrumbList","@id":"https:\/\/fieam.org.br\/sesi\/moto-honda-e-salcomp-sao-campeas-no-futebol-de-campo\/#breadcrumb","itemListElement":[{"@type":"ListItem","position":1,"name":"In\u00edcio","item":"https:\/\/fieam.org.br\/sesi\/"},{"@type":"ListItem","position":2,"name":"Moto Honda e Salcomp s\u00e3o campe\u00e3s no futebol de campo"}]},{"@type":"WebSite","@id":"https:\/\/fieam.org.br\/sesi\/#website","url":"https:\/\/fieam.org.br\/sesi\/","name":"SESI","description":"Site Oficial!","publisher":{"@id":"https:\/\/fieam.org.br\/sesi\/#organization"},"potentialAction":[{"@type":"SearchAction","target":{"@type":"EntryPoint","urlTemplate":"https:\/\/fieam.org.br\/sesi\/?s={search_term_string}"},"query-input":{"@type":"PropertyValueSpecification","valueRequired":true,"valueName":"search_term_string"}}],"inLanguage":"pt-BR"},{"@type":"Organization","@id":"https:\/\/fieam.org.br\/sesi\/#organization","name":"SESI","url":"https:\/\/fieam.org.br\/sesi\/","logo":{"@type":"ImageObject","inLanguage":"pt-BR","@id":"https:\/\/fieam.org.br\/sesi\/#\/schema\/logo\/image\/","url":"https:\/\/fieam.org.br\/sesi\/wp-content\/uploads\/sites\/14\/2024\/03\/cropped-fav.png","contentUrl":"https:\/\/fieam.org.br\/sesi\/wp-content\/uploads\/sites\/14\/2024\/03\/cropped-fav.png","width":610,"height":589,"caption":"SESI"},"image":{"@id":"https:\/\/fieam.org.br\/sesi\/#\/schema\/logo\/image\/"}},{"@type":"Person","@id":"https:\/\/fieam.org.br\/sesi\/#\/schema\/person\/c1ceda8321521b291cee22da0a7d34be","name":"Autor","image":{"@type":"ImageObject","inLanguage":"pt-BR","@id":"https:\/\/fieam.org.br\/sesi\/#\/schema\/person\/image\/","url":"https:\/\/secure.gravatar.com\/avatar\/3732c223e0e1fad69062a8f770955c9068d37b055204f310a0be18d4069fe380?s=96&d=mm&r=g","contentUrl":"https:\/\/secure.gravatar.com\/avatar\/3732c223e0e1fad69062a8f770955c9068d37b055204f310a0be18d4069fe380?s=96&d=mm&r=g","caption":"Autor"},"sameAs":["https:\/\/marketingmassivo.com.br"],"url":"https:\/\/fieam.org.br\/sesi\/author\/admin\/"}]}},"_links":{"self":[{"href":"https:\/\/fieam.org.br\/sesi\/wp-json\/wp\/v2\/posts\/12248","targetHints":{"allow":["GET"]}}],"collection":[{"href":"https:\/\/fieam.org.br\/sesi\/wp-json\/wp\/v2\/posts"}],"about":[{"href":"https:\/\/fieam.org.br\/sesi\/wp-json\/wp\/v2\/types\/post"}],"author":[{"embeddable":true,"href":"https:\/\/fieam.org.br\/sesi\/wp-json\/wp\/v2\/users\/1"}],"replies":[{"embeddable":true,"href":"https:\/\/fieam.org.br\/sesi\/wp-json\/wp\/v2\/comments?post=12248"}],"version-history":[{"count":0,"href":"https:\/\/fieam.org.br\/sesi\/wp-json\/wp\/v2\/posts\/12248\/revisions"}],"wp:featuredmedia":[{"embeddable":true,"href":"https:\/\/fieam.org.br\/sesi\/wp-json\/"}],"wp:attachment":[{"href":"https:\/\/fieam.org.br\/sesi\/wp-json\/wp\/v2\/media?parent=12248"}],"wp:term":[{"taxonomy":"category","embeddable":true,"href":"https:\/\/fieam.org.br\/sesi\/wp-json\/wp\/v2\/categories?post=12248"},{"taxonomy":"post_tag","embeddable":true,"href":"https:\/\/fieam.org.br\/sesi\/wp-json\/wp\/v2\/tags?post=12248"}],"curies":[{"name":"wp","href":"https:\/\/api.w.org\/{rel}","templated":true}]}}