{"id":11588,"date":"2018-04-02T17:08:37","date_gmt":"2018-04-02T21:08:37","guid":{"rendered":"http:\/\/www.fieam.org.br\/sesi\/?p=11588"},"modified":"2018-04-02T17:08:37","modified_gmt":"2018-04-02T21:08:37","slug":"processo-seletivo-no-00122018-auxiliar-de-servicos-gerais-sesi-senai","status":"publish","type":"post","link":"https:\/\/fieam.org.br\/sesi\/processo-seletivo-no-00122018-auxiliar-de-servicos-gerais-sesi-senai\/","title":{"rendered":"Processo Seletivo n\u00ba 0012\/2018 &#8211; Auxiliar de Servi\u00e7os Gerais &#8211; SESI SENAI"},"content":{"rendered":"<p>O Servi\u00e7o Nacional de Aprendizagem Industrial \u2013 SENAI e o Servi\u00e7o Social da Ind\u00fastria &#8211; SESI, por meio do Departamento de Gest\u00e3o de Pessoas \/ Sele\u00e7\u00e3o de Talentos do Sistema da Federa\u00e7\u00e3o das Ind\u00fastrias do Estado do Amazonas \u2013 FIEAM, abre vaga ao cargo acima citado e para forma\u00e7\u00e3o de cadastro reserva para preenchimento de vagas cidade de Manaus.<\/p>\n<table>\n<tbody>\n<tr>\n<td width=\"538\"><strong>REQUISITOS M\u00cdNIMOS EXIGIDOS\u00a0 PARA O CARGO<\/strong><\/td>\n<\/tr>\n<\/tbody>\n<\/table>\n<ul>\n<li>Escolaridade em Ensino Fundamental Completo.<\/li>\n<li>Experi\u00eancia m\u00ednima de 06 meses comprovada em Carteira de Trabalho e Previd\u00eancia Social na \u00e1rea de atua\u00e7\u00e3o.<\/li>\n<li>Desej\u00e1vel cursos de aperfei\u00e7oamento na \u00e1rea de atua\u00e7\u00e3o ou correlata.<\/li>\n<li>Disponibilidade para trabalhar no hor\u00e1rio da tarde e noite ou a crit\u00e9rio da Institui\u00e7\u00e3o.<\/li>\n<li>Residir em Manaus.<\/li>\n<\/ul>\n<p><strong><a href=\"http:\/\/www.fieam.org.br\/senai\/wp-content\/uploads\/sites\/3\/2018\/04\/N\u00ba-0012-2018-COMUNICADO-DE-PROCESSO-SELETIVO-SESI-SENAI-AUXILIAR-DE-SERVI\u00c7OS-GERAIS.pdf\">Clique aqui para obter todas as informa\u00e7\u00f5es pertinentes ao processo de sele\u00e7\u00e3o.<\/a><\/strong><\/p>\n<p><a href=\"http:\/\/www.fieam.org.br\/senai\/wp-content\/uploads\/sites\/3\/2018\/03\/FORMULARIO-CADASTRO-INICIAL_Rev.01.pdf\"><strong>Formul\u00e1rio Cadastro Inicial<\/strong><\/a><\/p>\n<p><strong><a href=\"http:\/\/www.fieam.org.br\/sesi\/wp-content\/uploads\/sites\/2\/2018\/04\/N\u00ba-0012-2018-SESI-AUXILIAR-DE-SERVI\u00c7OS-GERAIS-CONVOCA\u00c7\u00c3O-PARA-AVALIA\u00c7\u00c3O-TE\u00d3RICA.pdf\">Convoca\u00e7\u00e3o para avalia\u00e7\u00e3o te\u00f3rica<\/a><\/strong><\/p>\n<p><a href=\"http:\/\/www.fieam.org.br\/senai\/wp-content\/uploads\/sites\/3\/2018\/04\/CONVOCA\u00c7\u00c3O-PROCESSO-SELETIVO-N\u00ba-0012-2018-AUXILIAR-DE-SERVI\u00c7OS-GERAIS.pdf\"><strong>Convoca\u00e7\u00e3o para avalia\u00e7\u00e3o te\u00f3rica<\/strong><\/a><\/p>\n<p><a href=\"http:\/\/www.fieam.org.br\/senai\/wp-content\/uploads\/sites\/3\/2018\/04\/3\u00aa-N\u00ba-0012-2018-AUXILIAR-DE-SERVI\u00c7OS-GERAIS-ENTREVISTA-TECNICA.pdf\"><strong>Convoca\u00e7\u00e3o para 3\u00aa ETAPA \u2013 Entrevista T\u00e9cnica<\/strong><\/a><\/p>\n<p><a href=\"http:\/\/www.fieam.org.br\/sesi\/wp-content\/uploads\/sites\/2\/2018\/04\/Resultado-Final-AUXILIAR-DE-SERVI\u00c7OS-GERAIS-N\u00ba-0012-2018.pdf\"><strong>Resultado Final<\/strong><\/a><\/p>\n","protected":false},"excerpt":{"rendered":"<p>O Servi\u00e7o Nacional de Aprendizagem Industrial \u2013 SENAI e o Servi\u00e7o Social da Ind\u00fastria &#8211; SESI, por meio do Departamento de Gest\u00e3o de Pessoas \/ Sele\u00e7\u00e3o de Talentos do Sistema da Federa\u00e7\u00e3o das Ind\u00fastrias do Estado do Amazonas \u2013 FIEAM, abre vaga ao cargo acima citado e para forma\u00e7\u00e3o de cadastro reserva para preenchimento de [&hellip;]<\/p>\n","protected":false},"author":1,"featured_media":11073,"comment_status":"closed","ping_status":"open","sticky":false,"template":"","format":"standard","meta":{"footnotes":""},"categories":[28],"tags":[],"class_list":["post-11588","post","type-post","status-publish","format-standard","has-post-thumbnail","hentry","category-selecao"],"yoast_head":"<!-- This site is optimized with the Yoast SEO plugin v28.2 - https:\/\/yoast.com\/product\/yoast-seo-wordpress\/ -->\n<title>Processo Seletivo n\u00ba 0012\/2018 - Auxiliar de Servi\u00e7os Gerais - SESI SENAI - SESI<\/title>\n<meta name=\"robots\" content=\"index, follow, max-snippet:-1, max-image-preview:large, max-video-preview:-1\" \/>\n<link rel=\"canonical\" href=\"https:\/\/fieam.org.br\/sesi\/processo-seletivo-no-00122018-auxiliar-de-servicos-gerais-sesi-senai\/\" \/>\n<meta property=\"og:locale\" content=\"pt_BR\" \/>\n<meta property=\"og:type\" content=\"article\" \/>\n<meta property=\"og:title\" content=\"Processo Seletivo n\u00ba 0012\/2018 - Auxiliar de Servi\u00e7os Gerais - SESI SENAI - SESI\" \/>\n<meta property=\"og:description\" content=\"O Servi\u00e7o Nacional de Aprendizagem Industrial \u2013 SENAI e o Servi\u00e7o Social da Ind\u00fastria &#8211; SESI, por meio do Departamento de Gest\u00e3o de Pessoas \/ Sele\u00e7\u00e3o de Talentos do Sistema da Federa\u00e7\u00e3o das Ind\u00fastrias do Estado do Amazonas \u2013 FIEAM, abre vaga ao cargo acima citado e para forma\u00e7\u00e3o de cadastro reserva para preenchimento de [&hellip;]\" \/>\n<meta property=\"og:url\" content=\"https:\/\/fieam.org.br\/sesi\/processo-seletivo-no-00122018-auxiliar-de-servicos-gerais-sesi-senai\/\" \/>\n<meta property=\"og:site_name\" content=\"SESI\" \/>\n<meta property=\"article:published_time\" content=\"2018-04-02T21:08:37+00:00\" \/>\n<meta property=\"og:image\" content=\"https:\/\/fieam.org.br\/sesi\/wp-content\/uploads\/sites\/14\/2017\/10\/selecao1-150x150-3.jpg\" \/>\n\t<meta property=\"og:image:width\" content=\"150\" \/>\n\t<meta property=\"og:image:height\" content=\"150\" \/>\n\t<meta property=\"og:image:type\" content=\"image\/jpeg\" \/>\n<meta name=\"author\" content=\"Autor\" \/>\n<meta name=\"twitter:card\" content=\"summary_large_image\" \/>\n<meta name=\"twitter:label1\" content=\"Escrito por\" \/>\n\t<meta name=\"twitter:data1\" content=\"Autor\" \/>\n\t<meta name=\"twitter:label2\" content=\"Est. tempo de leitura\" \/>\n\t<meta name=\"twitter:data2\" content=\"1 minuto\" \/>\n<script type=\"application\/ld+json\" class=\"yoast-schema-graph\">{\"@context\":\"https:\\\/\\\/schema.org\",\"@graph\":[{\"@type\":\"Article\",\"@id\":\"https:\\\/\\\/fieam.org.br\\\/sesi\\\/processo-seletivo-no-00122018-auxiliar-de-servicos-gerais-sesi-senai\\\/#article\",\"isPartOf\":{\"@id\":\"https:\\\/\\\/fieam.org.br\\\/sesi\\\/processo-seletivo-no-00122018-auxiliar-de-servicos-gerais-sesi-senai\\\/\"},\"author\":{\"name\":\"Autor\",\"@id\":\"https:\\\/\\\/fieam.org.br\\\/sesi\\\/#\\\/schema\\\/person\\\/f54998dd14d5f0695b41444f2b01c31e\"},\"headline\":\"Processo Seletivo n\u00ba 0012\\\/2018 &#8211; Auxiliar de Servi\u00e7os Gerais &#8211; SESI SENAI\",\"datePublished\":\"2018-04-02T21:08:37+00:00\",\"mainEntityOfPage\":{\"@id\":\"https:\\\/\\\/fieam.org.br\\\/sesi\\\/processo-seletivo-no-00122018-auxiliar-de-servicos-gerais-sesi-senai\\\/\"},\"wordCount\":182,\"publisher\":{\"@id\":\"https:\\\/\\\/fieam.org.br\\\/sesi\\\/#organization\"},\"image\":{\"@id\":\"https:\\\/\\\/fieam.org.br\\\/sesi\\\/processo-seletivo-no-00122018-auxiliar-de-servicos-gerais-sesi-senai\\\/#primaryimage\"},\"thumbnailUrl\":\"https:\\\/\\\/fieam.org.br\\\/sesi\\\/wp-content\\\/uploads\\\/sites\\\/14\\\/2017\\\/10\\\/selecao1-150x150-3.jpg\",\"articleSection\":[\"selecao\"],\"inLanguage\":\"pt-BR\"},{\"@type\":\"WebPage\",\"@id\":\"https:\\\/\\\/fieam.org.br\\\/sesi\\\/processo-seletivo-no-00122018-auxiliar-de-servicos-gerais-sesi-senai\\\/\",\"url\":\"https:\\\/\\\/fieam.org.br\\\/sesi\\\/processo-seletivo-no-00122018-auxiliar-de-servicos-gerais-sesi-senai\\\/\",\"name\":\"Processo Seletivo n\u00ba 0012\\\/2018 - Auxiliar de Servi\u00e7os Gerais - SESI SENAI - SESI\",\"isPartOf\":{\"@id\":\"https:\\\/\\\/fieam.org.br\\\/sesi\\\/#website\"},\"primaryImageOfPage\":{\"@id\":\"https:\\\/\\\/fieam.org.br\\\/sesi\\\/processo-seletivo-no-00122018-auxiliar-de-servicos-gerais-sesi-senai\\\/#primaryimage\"},\"image\":{\"@id\":\"https:\\\/\\\/fieam.org.br\\\/sesi\\\/processo-seletivo-no-00122018-auxiliar-de-servicos-gerais-sesi-senai\\\/#primaryimage\"},\"thumbnailUrl\":\"https:\\\/\\\/fieam.org.br\\\/sesi\\\/wp-content\\\/uploads\\\/sites\\\/14\\\/2017\\\/10\\\/selecao1-150x150-3.jpg\",\"datePublished\":\"2018-04-02T21:08:37+00:00\",\"breadcrumb\":{\"@id\":\"https:\\\/\\\/fieam.org.br\\\/sesi\\\/processo-seletivo-no-00122018-auxiliar-de-servicos-gerais-sesi-senai\\\/#breadcrumb\"},\"inLanguage\":\"pt-BR\",\"potentialAction\":[{\"@type\":\"ReadAction\",\"target\":[\"https:\\\/\\\/fieam.org.br\\\/sesi\\\/processo-seletivo-no-00122018-auxiliar-de-servicos-gerais-sesi-senai\\\/\"]}]},{\"@type\":\"ImageObject\",\"inLanguage\":\"pt-BR\",\"@id\":\"https:\\\/\\\/fieam.org.br\\\/sesi\\\/processo-seletivo-no-00122018-auxiliar-de-servicos-gerais-sesi-senai\\\/#primaryimage\",\"url\":\"https:\\\/\\\/fieam.org.br\\\/sesi\\\/wp-content\\\/uploads\\\/sites\\\/14\\\/2017\\\/10\\\/selecao1-150x150-3.jpg\",\"contentUrl\":\"https:\\\/\\\/fieam.org.br\\\/sesi\\\/wp-content\\\/uploads\\\/sites\\\/14\\\/2017\\\/10\\\/selecao1-150x150-3.jpg\",\"width\":150,\"height\":150},{\"@type\":\"BreadcrumbList\",\"@id\":\"https:\\\/\\\/fieam.org.br\\\/sesi\\\/processo-seletivo-no-00122018-auxiliar-de-servicos-gerais-sesi-senai\\\/#breadcrumb\",\"itemListElement\":[{\"@type\":\"ListItem\",\"position\":1,\"name\":\"In\u00edcio\",\"item\":\"https:\\\/\\\/fieam.org.br\\\/sesi\\\/\"},{\"@type\":\"ListItem\",\"position\":2,\"name\":\"Processo Seletivo n\u00ba 0012\\\/2018 &#8211; Auxiliar de Servi\u00e7os Gerais &#8211; SESI SENAI\"}]},{\"@type\":\"WebSite\",\"@id\":\"https:\\\/\\\/fieam.org.br\\\/sesi\\\/#website\",\"url\":\"https:\\\/\\\/fieam.org.br\\\/sesi\\\/\",\"name\":\"SESI\",\"description\":\"Site Oficial!\",\"publisher\":{\"@id\":\"https:\\\/\\\/fieam.org.br\\\/sesi\\\/#organization\"},\"potentialAction\":[{\"@type\":\"SearchAction\",\"target\":{\"@type\":\"EntryPoint\",\"urlTemplate\":\"https:\\\/\\\/fieam.org.br\\\/sesi\\\/?s={search_term_string}\"},\"query-input\":{\"@type\":\"PropertyValueSpecification\",\"valueRequired\":true,\"valueName\":\"search_term_string\"}}],\"inLanguage\":\"pt-BR\"},{\"@type\":\"Organization\",\"@id\":\"https:\\\/\\\/fieam.org.br\\\/sesi\\\/#organization\",\"name\":\"SESI\",\"url\":\"https:\\\/\\\/fieam.org.br\\\/sesi\\\/\",\"logo\":{\"@type\":\"ImageObject\",\"inLanguage\":\"pt-BR\",\"@id\":\"https:\\\/\\\/fieam.org.br\\\/sesi\\\/#\\\/schema\\\/logo\\\/image\\\/\",\"url\":\"https:\\\/\\\/fieam.org.br\\\/sesi\\\/wp-content\\\/uploads\\\/sites\\\/14\\\/2024\\\/03\\\/cropped-fav.png\",\"contentUrl\":\"https:\\\/\\\/fieam.org.br\\\/sesi\\\/wp-content\\\/uploads\\\/sites\\\/14\\\/2024\\\/03\\\/cropped-fav.png\",\"width\":610,\"height\":589,\"caption\":\"SESI\"},\"image\":{\"@id\":\"https:\\\/\\\/fieam.org.br\\\/sesi\\\/#\\\/schema\\\/logo\\\/image\\\/\"}},{\"@type\":\"Person\",\"@id\":\"https:\\\/\\\/fieam.org.br\\\/sesi\\\/#\\\/schema\\\/person\\\/f54998dd14d5f0695b41444f2b01c31e\",\"name\":\"Autor\",\"image\":{\"@type\":\"ImageObject\",\"inLanguage\":\"pt-BR\",\"@id\":\"https:\\\/\\\/secure.gravatar.com\\\/avatar\\\/3732c223e0e1fad69062a8f770955c9068d37b055204f310a0be18d4069fe380?s=96&d=mm&r=g\",\"url\":\"https:\\\/\\\/secure.gravatar.com\\\/avatar\\\/3732c223e0e1fad69062a8f770955c9068d37b055204f310a0be18d4069fe380?s=96&d=mm&r=g\",\"contentUrl\":\"https:\\\/\\\/secure.gravatar.com\\\/avatar\\\/3732c223e0e1fad69062a8f770955c9068d37b055204f310a0be18d4069fe380?s=96&d=mm&r=g\",\"caption\":\"Autor\"},\"sameAs\":[\"https:\\\/\\\/marketingmassivo.com.br\"],\"url\":\"https:\\\/\\\/fieam.org.br\\\/sesi\\\/author\\\/admin\\\/\"}]}<\/script>\n<!-- \/ Yoast SEO plugin. -->","yoast_head_json":{"title":"Processo Seletivo n\u00ba 0012\/2018 - Auxiliar de Servi\u00e7os Gerais - SESI SENAI - SESI","robots":{"index":"index","follow":"follow","max-snippet":"max-snippet:-1","max-image-preview":"max-image-preview:large","max-video-preview":"max-video-preview:-1"},"canonical":"https:\/\/fieam.org.br\/sesi\/processo-seletivo-no-00122018-auxiliar-de-servicos-gerais-sesi-senai\/","og_locale":"pt_BR","og_type":"article","og_title":"Processo Seletivo n\u00ba 0012\/2018 - Auxiliar de Servi\u00e7os Gerais - SESI SENAI - SESI","og_description":"O Servi\u00e7o Nacional de Aprendizagem Industrial \u2013 SENAI e o Servi\u00e7o Social da Ind\u00fastria &#8211; SESI, por meio do Departamento de Gest\u00e3o de Pessoas \/ Sele\u00e7\u00e3o de Talentos do Sistema da Federa\u00e7\u00e3o das Ind\u00fastrias do Estado do Amazonas \u2013 FIEAM, abre vaga ao cargo acima citado e para forma\u00e7\u00e3o de cadastro reserva para preenchimento de [&hellip;]","og_url":"https:\/\/fieam.org.br\/sesi\/processo-seletivo-no-00122018-auxiliar-de-servicos-gerais-sesi-senai\/","og_site_name":"SESI","article_published_time":"2018-04-02T21:08:37+00:00","og_image":[{"width":150,"height":150,"url":"https:\/\/fieam.org.br\/sesi\/wp-content\/uploads\/sites\/14\/2017\/10\/selecao1-150x150-3.jpg","type":"image\/jpeg"}],"author":"Autor","twitter_card":"summary_large_image","twitter_misc":{"Escrito por":"Autor","Est. tempo de leitura":"1 minuto"},"schema":{"@context":"https:\/\/schema.org","@graph":[{"@type":"Article","@id":"https:\/\/fieam.org.br\/sesi\/processo-seletivo-no-00122018-auxiliar-de-servicos-gerais-sesi-senai\/#article","isPartOf":{"@id":"https:\/\/fieam.org.br\/sesi\/processo-seletivo-no-00122018-auxiliar-de-servicos-gerais-sesi-senai\/"},"author":{"name":"Autor","@id":"https:\/\/fieam.org.br\/sesi\/#\/schema\/person\/f54998dd14d5f0695b41444f2b01c31e"},"headline":"Processo Seletivo n\u00ba 0012\/2018 &#8211; Auxiliar de Servi\u00e7os Gerais &#8211; SESI SENAI","datePublished":"2018-04-02T21:08:37+00:00","mainEntityOfPage":{"@id":"https:\/\/fieam.org.br\/sesi\/processo-seletivo-no-00122018-auxiliar-de-servicos-gerais-sesi-senai\/"},"wordCount":182,"publisher":{"@id":"https:\/\/fieam.org.br\/sesi\/#organization"},"image":{"@id":"https:\/\/fieam.org.br\/sesi\/processo-seletivo-no-00122018-auxiliar-de-servicos-gerais-sesi-senai\/#primaryimage"},"thumbnailUrl":"https:\/\/fieam.org.br\/sesi\/wp-content\/uploads\/sites\/14\/2017\/10\/selecao1-150x150-3.jpg","articleSection":["selecao"],"inLanguage":"pt-BR"},{"@type":"WebPage","@id":"https:\/\/fieam.org.br\/sesi\/processo-seletivo-no-00122018-auxiliar-de-servicos-gerais-sesi-senai\/","url":"https:\/\/fieam.org.br\/sesi\/processo-seletivo-no-00122018-auxiliar-de-servicos-gerais-sesi-senai\/","name":"Processo Seletivo n\u00ba 0012\/2018 - Auxiliar de Servi\u00e7os Gerais - SESI SENAI - SESI","isPartOf":{"@id":"https:\/\/fieam.org.br\/sesi\/#website"},"primaryImageOfPage":{"@id":"https:\/\/fieam.org.br\/sesi\/processo-seletivo-no-00122018-auxiliar-de-servicos-gerais-sesi-senai\/#primaryimage"},"image":{"@id":"https:\/\/fieam.org.br\/sesi\/processo-seletivo-no-00122018-auxiliar-de-servicos-gerais-sesi-senai\/#primaryimage"},"thumbnailUrl":"https:\/\/fieam.org.br\/sesi\/wp-content\/uploads\/sites\/14\/2017\/10\/selecao1-150x150-3.jpg","datePublished":"2018-04-02T21:08:37+00:00","breadcrumb":{"@id":"https:\/\/fieam.org.br\/sesi\/processo-seletivo-no-00122018-auxiliar-de-servicos-gerais-sesi-senai\/#breadcrumb"},"inLanguage":"pt-BR","potentialAction":[{"@type":"ReadAction","target":["https:\/\/fieam.org.br\/sesi\/processo-seletivo-no-00122018-auxiliar-de-servicos-gerais-sesi-senai\/"]}]},{"@type":"ImageObject","inLanguage":"pt-BR","@id":"https:\/\/fieam.org.br\/sesi\/processo-seletivo-no-00122018-auxiliar-de-servicos-gerais-sesi-senai\/#primaryimage","url":"https:\/\/fieam.org.br\/sesi\/wp-content\/uploads\/sites\/14\/2017\/10\/selecao1-150x150-3.jpg","contentUrl":"https:\/\/fieam.org.br\/sesi\/wp-content\/uploads\/sites\/14\/2017\/10\/selecao1-150x150-3.jpg","width":150,"height":150},{"@type":"BreadcrumbList","@id":"https:\/\/fieam.org.br\/sesi\/processo-seletivo-no-00122018-auxiliar-de-servicos-gerais-sesi-senai\/#breadcrumb","itemListElement":[{"@type":"ListItem","position":1,"name":"In\u00edcio","item":"https:\/\/fieam.org.br\/sesi\/"},{"@type":"ListItem","position":2,"name":"Processo Seletivo n\u00ba 0012\/2018 &#8211; Auxiliar de Servi\u00e7os Gerais &#8211; SESI SENAI"}]},{"@type":"WebSite","@id":"https:\/\/fieam.org.br\/sesi\/#website","url":"https:\/\/fieam.org.br\/sesi\/","name":"SESI","description":"Site Oficial!","publisher":{"@id":"https:\/\/fieam.org.br\/sesi\/#organization"},"potentialAction":[{"@type":"SearchAction","target":{"@type":"EntryPoint","urlTemplate":"https:\/\/fieam.org.br\/sesi\/?s={search_term_string}"},"query-input":{"@type":"PropertyValueSpecification","valueRequired":true,"valueName":"search_term_string"}}],"inLanguage":"pt-BR"},{"@type":"Organization","@id":"https:\/\/fieam.org.br\/sesi\/#organization","name":"SESI","url":"https:\/\/fieam.org.br\/sesi\/","logo":{"@type":"ImageObject","inLanguage":"pt-BR","@id":"https:\/\/fieam.org.br\/sesi\/#\/schema\/logo\/image\/","url":"https:\/\/fieam.org.br\/sesi\/wp-content\/uploads\/sites\/14\/2024\/03\/cropped-fav.png","contentUrl":"https:\/\/fieam.org.br\/sesi\/wp-content\/uploads\/sites\/14\/2024\/03\/cropped-fav.png","width":610,"height":589,"caption":"SESI"},"image":{"@id":"https:\/\/fieam.org.br\/sesi\/#\/schema\/logo\/image\/"}},{"@type":"Person","@id":"https:\/\/fieam.org.br\/sesi\/#\/schema\/person\/f54998dd14d5f0695b41444f2b01c31e","name":"Autor","image":{"@type":"ImageObject","inLanguage":"pt-BR","@id":"https:\/\/secure.gravatar.com\/avatar\/3732c223e0e1fad69062a8f770955c9068d37b055204f310a0be18d4069fe380?s=96&d=mm&r=g","url":"https:\/\/secure.gravatar.com\/avatar\/3732c223e0e1fad69062a8f770955c9068d37b055204f310a0be18d4069fe380?s=96&d=mm&r=g","contentUrl":"https:\/\/secure.gravatar.com\/avatar\/3732c223e0e1fad69062a8f770955c9068d37b055204f310a0be18d4069fe380?s=96&d=mm&r=g","caption":"Autor"},"sameAs":["https:\/\/marketingmassivo.com.br"],"url":"https:\/\/fieam.org.br\/sesi\/author\/admin\/"}]}},"_links":{"self":[{"href":"https:\/\/fieam.org.br\/sesi\/wp-json\/wp\/v2\/posts\/11588","targetHints":{"allow":["GET"]}}],"collection":[{"href":"https:\/\/fieam.org.br\/sesi\/wp-json\/wp\/v2\/posts"}],"about":[{"href":"https:\/\/fieam.org.br\/sesi\/wp-json\/wp\/v2\/types\/post"}],"author":[{"embeddable":true,"href":"https:\/\/fieam.org.br\/sesi\/wp-json\/wp\/v2\/users\/1"}],"replies":[{"embeddable":true,"href":"https:\/\/fieam.org.br\/sesi\/wp-json\/wp\/v2\/comments?post=11588"}],"version-history":[{"count":0,"href":"https:\/\/fieam.org.br\/sesi\/wp-json\/wp\/v2\/posts\/11588\/revisions"}],"wp:featuredmedia":[{"embeddable":true,"href":"https:\/\/fieam.org.br\/sesi\/wp-json\/wp\/v2\/media\/11073"}],"wp:attachment":[{"href":"https:\/\/fieam.org.br\/sesi\/wp-json\/wp\/v2\/media?parent=11588"}],"wp:term":[{"taxonomy":"category","embeddable":true,"href":"https:\/\/fieam.org.br\/sesi\/wp-json\/wp\/v2\/categories?post=11588"},{"taxonomy":"post_tag","embeddable":true,"href":"https:\/\/fieam.org.br\/sesi\/wp-json\/wp\/v2\/tags?post=11588"}],"curies":[{"name":"wp","href":"https:\/\/api.w.org\/{rel}","templated":true}]}}