{"id":10962,"date":"2017-09-04T16:26:27","date_gmt":"2017-09-04T20:26:27","guid":{"rendered":"http:\/\/www.fieam.org.br\/sesi\/?p=10962"},"modified":"2017-09-04T16:26:27","modified_gmt":"2017-09-04T20:26:27","slug":"processo-seletivo-no-0018-2017-professor-especialista-licenciatura-em-teologia","status":"publish","type":"post","link":"https:\/\/fieam.org.br\/sesi\/processo-seletivo-no-0018-2017-professor-especialista-licenciatura-em-teologia\/","title":{"rendered":"Processo Seletivo \u2013 N\u00ba 0018-2017 \u2013 Professor Especialista \u2013Licenciatura em Teologia"},"content":{"rendered":"<p><strong><u>SESI Seleciona Talentos:<\/u><\/strong><\/p>\n<p><strong><u>\u00a0<\/u><\/strong><\/p>\n<p><strong>\u00a0Professor Especialista \u2013Licenciatura em Teologia <\/strong>\u2013 01 vagas \/ Pr\u00e9-requisitos: Gradua\u00e7\u00e3o Superior Completa em Teologia, experi\u00eancia comprovada de no m\u00ednimo 06 meses na \u00e1rea.<\/p>\n<p>Processo de n\u00ba (0018-2017).<\/p>\n<p><strong><u>\u00a0<\/u><\/strong><\/p>\n<p>&nbsp;<\/p>\n<p>As inscri\u00e7\u00f5es ser\u00e3o realizadas nos dias 05,06 e 11\/09\/2017 de 08h \u00e0s 17h (Somente dias \u00fateis, exceto dias 07 e 08\/09\/2017).<\/p>\n<p>&nbsp;<\/p>\n<p>Processo Seletivo Rito C\u00e9lere, esse Contrato de Trabalho ser\u00e1 por <strong><u>Prazo Determinado<\/u><\/strong>.<\/p>\n<p>&nbsp;<\/p>\n<p>O Curriculum Vitae, junto com c\u00f3pia do certificado e comprovante de experi\u00eancia na \u00e1rea dever\u00e1 ser entregue na <u>Recep\u00e7\u00e3o do <\/u><u>Centro de Atividades Dr. Vicente de Mendon\u00e7a Lima &#8211; UE07 &#8211; Escola SESI Abrah\u00e3o Sabb\u00e1 \/Rua Nossa Senhora do Ros\u00e1rio, s\/n &#8211; S\u00e3o Jorge\u00a0\u2013 Itacoatiara\/Amazonas.<\/u><\/p>\n<p>&nbsp;<\/p>\n<p>&nbsp;<\/p>\n<p>Informar no Curr\u00edculo o cargo pretendido, N\u00ba do Processo Seletivo e e-mail.<\/p>\n<p>&nbsp;<\/p>\n<p>Residir em Itacoatiara.<\/p>\n<p>&nbsp;<\/p>\n<p>Os candidatos que se encontram dentro do perfil participar\u00e3o de entrevista t\u00e9cnica, no dia 18\/09\/2017 ser\u00e1 divulgado no site todas as informa\u00e7\u00f5es em rela\u00e7\u00e3o \u00e0 data, hor\u00e1rio e local.<\/p>\n<p>&nbsp;<\/p>\n<table>\n<tbody>\n<tr>\n<td colspan=\"2\" width=\"576\"><strong>\u00a0<\/strong><\/p>\n<p><strong>CRONOGRAMA<\/strong><\/p>\n<p>&nbsp;<\/td>\n<\/tr>\n<tr>\n<td width=\"288\"><strong>\u00a0<\/strong><\/p>\n<p><strong>Recebimento dos curr\u00edculos e c\u00f3pias das documenta\u00e7\u00f5es solicitadas acima \/ inscri\u00e7\u00e3o<\/strong><\/p>\n<p>&nbsp;<\/td>\n<td width=\"288\"><strong>Das 08h do dia 05,06\/09\/2017 at\u00e9 17h00m do dia 11\/09\/2017.\u00a0 (Somente dias \u00fateis, exceto dias 07 e 08\/09).<\/strong><\/p>\n<p>&nbsp;<\/td>\n<\/tr>\n<tr>\n<td width=\"288\"><strong>\u00a0<\/strong><\/p>\n<p><strong>\u00a0<\/strong><\/p>\n<p><strong>\u00a0<\/strong><\/p>\n<p><strong>Local de recebimento<\/strong><\/p>\n<p>&nbsp;<\/td>\n<td width=\"288\"><strong>Recep\u00e7\u00e3o do <\/strong><strong>Centro de Atividades Dr. Vicente de Mendon\u00e7a Lima &#8211; UE07 &#8211; Escola SESI Abrah\u00e3o Sabb\u00e1<\/strong><strong> \/Rua Nossa Senhora do Ros\u00e1rio, s\/n &#8211; S\u00e3o Jorge\u00a0&#8211; Itacoatiara.<\/strong><\/p>\n<p><strong>Ponto de refer\u00eancia: em frente \u00e0 UFAM.<\/strong><\/p>\n<p>&nbsp;<\/td>\n<\/tr>\n<tr>\n<td width=\"288\"><strong>An\u00e1lise curricular e documental<\/strong><\/p>\n<p>&nbsp;<\/td>\n<td width=\"288\"><strong>12,13 e 14\/09\/2017.<\/strong><\/td>\n<\/tr>\n<tr>\n<td width=\"288\"><strong>Divulga\u00e7\u00e3o no site dos candidatos<\/strong><\/p>\n<p><strong>Selecionados, a partir das 14h.<\/strong><\/p>\n<p>&nbsp;<\/td>\n<td width=\"288\"><strong>15\/09\/2017.<\/strong><\/td>\n<\/tr>\n<tr>\n<td width=\"288\"><strong>Entrevista t\u00e9cnica com os candidatos habilitados<\/strong><\/p>\n<p>&nbsp;<\/td>\n<td width=\"288\"><strong>18\/09\/2017.<\/strong><\/td>\n<\/tr>\n<tr>\n<td width=\"288\"><strong>Resultado final no site dos candidatos habilitados, a partir das 14h.<\/strong><\/p>\n<p><strong>\u00a0<\/strong><\/td>\n<td width=\"288\"><strong>20\/09\/2017.<\/strong><\/td>\n<\/tr>\n<\/tbody>\n<\/table>\n<p>&nbsp;<\/p>\n<p>&nbsp;<\/p>\n<p><strong><a href=\"http:\/\/www.fieam.org.br\/sesi\/wp-content\/uploads\/sites\/2\/2017\/09\/CONVOCA\u00c7\u00c3O-PARA-2\u00aa-ETAPA-SESI-PROFESSOR-ESPECIALISTA-LICENCIATURA-EM-TEOLOGIA-N\u00ba-0018-2017.pdf\">CONVOCA\u00c7\u00c3O PARA 2\u00aa \u00a0ETAPA SESI PROFESSOR ESPECIALISTA-LICENCIATURA EM TEOLOGIA \u00a0N\u00ba 0018-2017<\/a><\/strong><\/p>\n<p><a href=\"https:\/\/marketingmassivo.com.br\/sesi\/wp-content\/uploads\/sites\/12\/2017\/09\/Resultado-Final-teologia.pdf\"><strong>Resultado Final<\/strong>\u00a0<\/a><\/p>\n","protected":false},"excerpt":{"rendered":"<p>SESI Seleciona Talentos: \u00a0 \u00a0Professor Especialista \u2013Licenciatura em Teologia \u2013 01 vagas \/ Pr\u00e9-requisitos: Gradua\u00e7\u00e3o Superior Completa em Teologia, experi\u00eancia comprovada de no m\u00ednimo 06 meses na \u00e1rea. Processo de n\u00ba (0018-2017). \u00a0 &nbsp; As inscri\u00e7\u00f5es ser\u00e3o realizadas nos dias 05,06 e 11\/09\/2017 de 08h \u00e0s 17h (Somente dias \u00fateis, exceto dias 07 e 08\/09\/2017). [&hellip;]<\/p>\n","protected":false},"author":1,"featured_media":3862,"comment_status":"closed","ping_status":"open","sticky":false,"template":"","format":"standard","meta":{"footnotes":""},"categories":[28],"tags":[],"class_list":["post-10962","post","type-post","status-publish","format-standard","has-post-thumbnail","hentry","category-selecao"],"yoast_head":"<!-- This site is optimized with the Yoast SEO plugin v28.2 - https:\/\/yoast.com\/product\/yoast-seo-wordpress\/ -->\n<title>Processo Seletivo \u2013 N\u00ba 0018-2017 \u2013 Professor Especialista \u2013Licenciatura em Teologia - SESI<\/title>\n<meta name=\"robots\" content=\"index, follow, max-snippet:-1, max-image-preview:large, max-video-preview:-1\" \/>\n<link rel=\"canonical\" href=\"https:\/\/fieam.org.br\/sesi\/processo-seletivo-no-0018-2017-professor-especialista-licenciatura-em-teologia\/\" \/>\n<meta property=\"og:locale\" content=\"pt_BR\" \/>\n<meta property=\"og:type\" content=\"article\" \/>\n<meta property=\"og:title\" content=\"Processo Seletivo \u2013 N\u00ba 0018-2017 \u2013 Professor Especialista \u2013Licenciatura em Teologia - SESI\" \/>\n<meta property=\"og:description\" content=\"SESI Seleciona Talentos: \u00a0 \u00a0Professor Especialista \u2013Licenciatura em Teologia \u2013 01 vagas \/ Pr\u00e9-requisitos: Gradua\u00e7\u00e3o Superior Completa em Teologia, experi\u00eancia comprovada de no m\u00ednimo 06 meses na \u00e1rea. Processo de n\u00ba (0018-2017). \u00a0 &nbsp; As inscri\u00e7\u00f5es ser\u00e3o realizadas nos dias 05,06 e 11\/09\/2017 de 08h \u00e0s 17h (Somente dias \u00fateis, exceto dias 07 e 08\/09\/2017). [&hellip;]\" \/>\n<meta property=\"og:url\" content=\"https:\/\/fieam.org.br\/sesi\/processo-seletivo-no-0018-2017-professor-especialista-licenciatura-em-teologia\/\" \/>\n<meta property=\"og:site_name\" content=\"SESI\" \/>\n<meta property=\"article:published_time\" content=\"2017-09-04T20:26:27+00:00\" \/>\n<meta property=\"og:image\" content=\"https:\/\/fieam.org.br\/sesi\/wp-content\/uploads\/sites\/14\/2013\/01\/selecao1.jpg\" \/>\n\t<meta property=\"og:image:width\" content=\"250\" \/>\n\t<meta property=\"og:image:height\" content=\"250\" \/>\n\t<meta property=\"og:image:type\" content=\"image\/jpeg\" \/>\n<meta name=\"author\" content=\"Autor\" \/>\n<meta name=\"twitter:card\" content=\"summary_large_image\" \/>\n<meta name=\"twitter:label1\" content=\"Escrito por\" \/>\n\t<meta name=\"twitter:data1\" content=\"Autor\" \/>\n\t<meta name=\"twitter:label2\" content=\"Est. tempo de leitura\" \/>\n\t<meta name=\"twitter:data2\" content=\"2 minutos\" \/>\n<script type=\"application\/ld+json\" class=\"yoast-schema-graph\">{\"@context\":\"https:\\\/\\\/schema.org\",\"@graph\":[{\"@type\":\"Article\",\"@id\":\"https:\\\/\\\/fieam.org.br\\\/sesi\\\/processo-seletivo-no-0018-2017-professor-especialista-licenciatura-em-teologia\\\/#article\",\"isPartOf\":{\"@id\":\"https:\\\/\\\/fieam.org.br\\\/sesi\\\/processo-seletivo-no-0018-2017-professor-especialista-licenciatura-em-teologia\\\/\"},\"author\":{\"name\":\"Autor\",\"@id\":\"https:\\\/\\\/fieam.org.br\\\/sesi\\\/#\\\/schema\\\/person\\\/f54998dd14d5f0695b41444f2b01c31e\"},\"headline\":\"Processo Seletivo \u2013 N\u00ba 0018-2017 \u2013 Professor Especialista \u2013Licenciatura em Teologia\",\"datePublished\":\"2017-09-04T20:26:27+00:00\",\"mainEntityOfPage\":{\"@id\":\"https:\\\/\\\/fieam.org.br\\\/sesi\\\/processo-seletivo-no-0018-2017-professor-especialista-licenciatura-em-teologia\\\/\"},\"wordCount\":314,\"publisher\":{\"@id\":\"https:\\\/\\\/fieam.org.br\\\/sesi\\\/#organization\"},\"image\":{\"@id\":\"https:\\\/\\\/fieam.org.br\\\/sesi\\\/processo-seletivo-no-0018-2017-professor-especialista-licenciatura-em-teologia\\\/#primaryimage\"},\"thumbnailUrl\":\"https:\\\/\\\/fieam.org.br\\\/sesi\\\/wp-content\\\/uploads\\\/sites\\\/14\\\/2013\\\/01\\\/selecao1.jpg\",\"articleSection\":[\"selecao\"],\"inLanguage\":\"pt-BR\"},{\"@type\":\"WebPage\",\"@id\":\"https:\\\/\\\/fieam.org.br\\\/sesi\\\/processo-seletivo-no-0018-2017-professor-especialista-licenciatura-em-teologia\\\/\",\"url\":\"https:\\\/\\\/fieam.org.br\\\/sesi\\\/processo-seletivo-no-0018-2017-professor-especialista-licenciatura-em-teologia\\\/\",\"name\":\"Processo Seletivo \u2013 N\u00ba 0018-2017 \u2013 Professor Especialista \u2013Licenciatura em Teologia - SESI\",\"isPartOf\":{\"@id\":\"https:\\\/\\\/fieam.org.br\\\/sesi\\\/#website\"},\"primaryImageOfPage\":{\"@id\":\"https:\\\/\\\/fieam.org.br\\\/sesi\\\/processo-seletivo-no-0018-2017-professor-especialista-licenciatura-em-teologia\\\/#primaryimage\"},\"image\":{\"@id\":\"https:\\\/\\\/fieam.org.br\\\/sesi\\\/processo-seletivo-no-0018-2017-professor-especialista-licenciatura-em-teologia\\\/#primaryimage\"},\"thumbnailUrl\":\"https:\\\/\\\/fieam.org.br\\\/sesi\\\/wp-content\\\/uploads\\\/sites\\\/14\\\/2013\\\/01\\\/selecao1.jpg\",\"datePublished\":\"2017-09-04T20:26:27+00:00\",\"breadcrumb\":{\"@id\":\"https:\\\/\\\/fieam.org.br\\\/sesi\\\/processo-seletivo-no-0018-2017-professor-especialista-licenciatura-em-teologia\\\/#breadcrumb\"},\"inLanguage\":\"pt-BR\",\"potentialAction\":[{\"@type\":\"ReadAction\",\"target\":[\"https:\\\/\\\/fieam.org.br\\\/sesi\\\/processo-seletivo-no-0018-2017-professor-especialista-licenciatura-em-teologia\\\/\"]}]},{\"@type\":\"ImageObject\",\"inLanguage\":\"pt-BR\",\"@id\":\"https:\\\/\\\/fieam.org.br\\\/sesi\\\/processo-seletivo-no-0018-2017-professor-especialista-licenciatura-em-teologia\\\/#primaryimage\",\"url\":\"https:\\\/\\\/fieam.org.br\\\/sesi\\\/wp-content\\\/uploads\\\/sites\\\/14\\\/2013\\\/01\\\/selecao1.jpg\",\"contentUrl\":\"https:\\\/\\\/fieam.org.br\\\/sesi\\\/wp-content\\\/uploads\\\/sites\\\/14\\\/2013\\\/01\\\/selecao1.jpg\",\"width\":250,\"height\":250,\"caption\":\"Sele\u00e7\u00e3o\"},{\"@type\":\"BreadcrumbList\",\"@id\":\"https:\\\/\\\/fieam.org.br\\\/sesi\\\/processo-seletivo-no-0018-2017-professor-especialista-licenciatura-em-teologia\\\/#breadcrumb\",\"itemListElement\":[{\"@type\":\"ListItem\",\"position\":1,\"name\":\"In\u00edcio\",\"item\":\"https:\\\/\\\/fieam.org.br\\\/sesi\\\/\"},{\"@type\":\"ListItem\",\"position\":2,\"name\":\"Processo Seletivo \u2013 N\u00ba 0018-2017 \u2013 Professor Especialista \u2013Licenciatura em Teologia\"}]},{\"@type\":\"WebSite\",\"@id\":\"https:\\\/\\\/fieam.org.br\\\/sesi\\\/#website\",\"url\":\"https:\\\/\\\/fieam.org.br\\\/sesi\\\/\",\"name\":\"SESI\",\"description\":\"Site Oficial!\",\"publisher\":{\"@id\":\"https:\\\/\\\/fieam.org.br\\\/sesi\\\/#organization\"},\"potentialAction\":[{\"@type\":\"SearchAction\",\"target\":{\"@type\":\"EntryPoint\",\"urlTemplate\":\"https:\\\/\\\/fieam.org.br\\\/sesi\\\/?s={search_term_string}\"},\"query-input\":{\"@type\":\"PropertyValueSpecification\",\"valueRequired\":true,\"valueName\":\"search_term_string\"}}],\"inLanguage\":\"pt-BR\"},{\"@type\":\"Organization\",\"@id\":\"https:\\\/\\\/fieam.org.br\\\/sesi\\\/#organization\",\"name\":\"SESI\",\"url\":\"https:\\\/\\\/fieam.org.br\\\/sesi\\\/\",\"logo\":{\"@type\":\"ImageObject\",\"inLanguage\":\"pt-BR\",\"@id\":\"https:\\\/\\\/fieam.org.br\\\/sesi\\\/#\\\/schema\\\/logo\\\/image\\\/\",\"url\":\"https:\\\/\\\/fieam.org.br\\\/sesi\\\/wp-content\\\/uploads\\\/sites\\\/14\\\/2024\\\/03\\\/cropped-fav.png\",\"contentUrl\":\"https:\\\/\\\/fieam.org.br\\\/sesi\\\/wp-content\\\/uploads\\\/sites\\\/14\\\/2024\\\/03\\\/cropped-fav.png\",\"width\":610,\"height\":589,\"caption\":\"SESI\"},\"image\":{\"@id\":\"https:\\\/\\\/fieam.org.br\\\/sesi\\\/#\\\/schema\\\/logo\\\/image\\\/\"}},{\"@type\":\"Person\",\"@id\":\"https:\\\/\\\/fieam.org.br\\\/sesi\\\/#\\\/schema\\\/person\\\/f54998dd14d5f0695b41444f2b01c31e\",\"name\":\"Autor\",\"image\":{\"@type\":\"ImageObject\",\"inLanguage\":\"pt-BR\",\"@id\":\"https:\\\/\\\/secure.gravatar.com\\\/avatar\\\/3732c223e0e1fad69062a8f770955c9068d37b055204f310a0be18d4069fe380?s=96&d=mm&r=g\",\"url\":\"https:\\\/\\\/secure.gravatar.com\\\/avatar\\\/3732c223e0e1fad69062a8f770955c9068d37b055204f310a0be18d4069fe380?s=96&d=mm&r=g\",\"contentUrl\":\"https:\\\/\\\/secure.gravatar.com\\\/avatar\\\/3732c223e0e1fad69062a8f770955c9068d37b055204f310a0be18d4069fe380?s=96&d=mm&r=g\",\"caption\":\"Autor\"},\"sameAs\":[\"https:\\\/\\\/marketingmassivo.com.br\"],\"url\":\"https:\\\/\\\/fieam.org.br\\\/sesi\\\/author\\\/admin\\\/\"}]}<\/script>\n<!-- \/ Yoast SEO plugin. -->","yoast_head_json":{"title":"Processo Seletivo \u2013 N\u00ba 0018-2017 \u2013 Professor Especialista \u2013Licenciatura em Teologia - SESI","robots":{"index":"index","follow":"follow","max-snippet":"max-snippet:-1","max-image-preview":"max-image-preview:large","max-video-preview":"max-video-preview:-1"},"canonical":"https:\/\/fieam.org.br\/sesi\/processo-seletivo-no-0018-2017-professor-especialista-licenciatura-em-teologia\/","og_locale":"pt_BR","og_type":"article","og_title":"Processo Seletivo \u2013 N\u00ba 0018-2017 \u2013 Professor Especialista \u2013Licenciatura em Teologia - SESI","og_description":"SESI Seleciona Talentos: \u00a0 \u00a0Professor Especialista \u2013Licenciatura em Teologia \u2013 01 vagas \/ Pr\u00e9-requisitos: Gradua\u00e7\u00e3o Superior Completa em Teologia, experi\u00eancia comprovada de no m\u00ednimo 06 meses na \u00e1rea. Processo de n\u00ba (0018-2017). \u00a0 &nbsp; As inscri\u00e7\u00f5es ser\u00e3o realizadas nos dias 05,06 e 11\/09\/2017 de 08h \u00e0s 17h (Somente dias \u00fateis, exceto dias 07 e 08\/09\/2017). [&hellip;]","og_url":"https:\/\/fieam.org.br\/sesi\/processo-seletivo-no-0018-2017-professor-especialista-licenciatura-em-teologia\/","og_site_name":"SESI","article_published_time":"2017-09-04T20:26:27+00:00","og_image":[{"width":250,"height":250,"url":"https:\/\/fieam.org.br\/sesi\/wp-content\/uploads\/sites\/14\/2013\/01\/selecao1.jpg","type":"image\/jpeg"}],"author":"Autor","twitter_card":"summary_large_image","twitter_misc":{"Escrito por":"Autor","Est. tempo de leitura":"2 minutos"},"schema":{"@context":"https:\/\/schema.org","@graph":[{"@type":"Article","@id":"https:\/\/fieam.org.br\/sesi\/processo-seletivo-no-0018-2017-professor-especialista-licenciatura-em-teologia\/#article","isPartOf":{"@id":"https:\/\/fieam.org.br\/sesi\/processo-seletivo-no-0018-2017-professor-especialista-licenciatura-em-teologia\/"},"author":{"name":"Autor","@id":"https:\/\/fieam.org.br\/sesi\/#\/schema\/person\/f54998dd14d5f0695b41444f2b01c31e"},"headline":"Processo Seletivo \u2013 N\u00ba 0018-2017 \u2013 Professor Especialista \u2013Licenciatura em Teologia","datePublished":"2017-09-04T20:26:27+00:00","mainEntityOfPage":{"@id":"https:\/\/fieam.org.br\/sesi\/processo-seletivo-no-0018-2017-professor-especialista-licenciatura-em-teologia\/"},"wordCount":314,"publisher":{"@id":"https:\/\/fieam.org.br\/sesi\/#organization"},"image":{"@id":"https:\/\/fieam.org.br\/sesi\/processo-seletivo-no-0018-2017-professor-especialista-licenciatura-em-teologia\/#primaryimage"},"thumbnailUrl":"https:\/\/fieam.org.br\/sesi\/wp-content\/uploads\/sites\/14\/2013\/01\/selecao1.jpg","articleSection":["selecao"],"inLanguage":"pt-BR"},{"@type":"WebPage","@id":"https:\/\/fieam.org.br\/sesi\/processo-seletivo-no-0018-2017-professor-especialista-licenciatura-em-teologia\/","url":"https:\/\/fieam.org.br\/sesi\/processo-seletivo-no-0018-2017-professor-especialista-licenciatura-em-teologia\/","name":"Processo Seletivo \u2013 N\u00ba 0018-2017 \u2013 Professor Especialista \u2013Licenciatura em Teologia - SESI","isPartOf":{"@id":"https:\/\/fieam.org.br\/sesi\/#website"},"primaryImageOfPage":{"@id":"https:\/\/fieam.org.br\/sesi\/processo-seletivo-no-0018-2017-professor-especialista-licenciatura-em-teologia\/#primaryimage"},"image":{"@id":"https:\/\/fieam.org.br\/sesi\/processo-seletivo-no-0018-2017-professor-especialista-licenciatura-em-teologia\/#primaryimage"},"thumbnailUrl":"https:\/\/fieam.org.br\/sesi\/wp-content\/uploads\/sites\/14\/2013\/01\/selecao1.jpg","datePublished":"2017-09-04T20:26:27+00:00","breadcrumb":{"@id":"https:\/\/fieam.org.br\/sesi\/processo-seletivo-no-0018-2017-professor-especialista-licenciatura-em-teologia\/#breadcrumb"},"inLanguage":"pt-BR","potentialAction":[{"@type":"ReadAction","target":["https:\/\/fieam.org.br\/sesi\/processo-seletivo-no-0018-2017-professor-especialista-licenciatura-em-teologia\/"]}]},{"@type":"ImageObject","inLanguage":"pt-BR","@id":"https:\/\/fieam.org.br\/sesi\/processo-seletivo-no-0018-2017-professor-especialista-licenciatura-em-teologia\/#primaryimage","url":"https:\/\/fieam.org.br\/sesi\/wp-content\/uploads\/sites\/14\/2013\/01\/selecao1.jpg","contentUrl":"https:\/\/fieam.org.br\/sesi\/wp-content\/uploads\/sites\/14\/2013\/01\/selecao1.jpg","width":250,"height":250,"caption":"Sele\u00e7\u00e3o"},{"@type":"BreadcrumbList","@id":"https:\/\/fieam.org.br\/sesi\/processo-seletivo-no-0018-2017-professor-especialista-licenciatura-em-teologia\/#breadcrumb","itemListElement":[{"@type":"ListItem","position":1,"name":"In\u00edcio","item":"https:\/\/fieam.org.br\/sesi\/"},{"@type":"ListItem","position":2,"name":"Processo Seletivo \u2013 N\u00ba 0018-2017 \u2013 Professor Especialista \u2013Licenciatura em Teologia"}]},{"@type":"WebSite","@id":"https:\/\/fieam.org.br\/sesi\/#website","url":"https:\/\/fieam.org.br\/sesi\/","name":"SESI","description":"Site Oficial!","publisher":{"@id":"https:\/\/fieam.org.br\/sesi\/#organization"},"potentialAction":[{"@type":"SearchAction","target":{"@type":"EntryPoint","urlTemplate":"https:\/\/fieam.org.br\/sesi\/?s={search_term_string}"},"query-input":{"@type":"PropertyValueSpecification","valueRequired":true,"valueName":"search_term_string"}}],"inLanguage":"pt-BR"},{"@type":"Organization","@id":"https:\/\/fieam.org.br\/sesi\/#organization","name":"SESI","url":"https:\/\/fieam.org.br\/sesi\/","logo":{"@type":"ImageObject","inLanguage":"pt-BR","@id":"https:\/\/fieam.org.br\/sesi\/#\/schema\/logo\/image\/","url":"https:\/\/fieam.org.br\/sesi\/wp-content\/uploads\/sites\/14\/2024\/03\/cropped-fav.png","contentUrl":"https:\/\/fieam.org.br\/sesi\/wp-content\/uploads\/sites\/14\/2024\/03\/cropped-fav.png","width":610,"height":589,"caption":"SESI"},"image":{"@id":"https:\/\/fieam.org.br\/sesi\/#\/schema\/logo\/image\/"}},{"@type":"Person","@id":"https:\/\/fieam.org.br\/sesi\/#\/schema\/person\/f54998dd14d5f0695b41444f2b01c31e","name":"Autor","image":{"@type":"ImageObject","inLanguage":"pt-BR","@id":"https:\/\/secure.gravatar.com\/avatar\/3732c223e0e1fad69062a8f770955c9068d37b055204f310a0be18d4069fe380?s=96&d=mm&r=g","url":"https:\/\/secure.gravatar.com\/avatar\/3732c223e0e1fad69062a8f770955c9068d37b055204f310a0be18d4069fe380?s=96&d=mm&r=g","contentUrl":"https:\/\/secure.gravatar.com\/avatar\/3732c223e0e1fad69062a8f770955c9068d37b055204f310a0be18d4069fe380?s=96&d=mm&r=g","caption":"Autor"},"sameAs":["https:\/\/marketingmassivo.com.br"],"url":"https:\/\/fieam.org.br\/sesi\/author\/admin\/"}]}},"_links":{"self":[{"href":"https:\/\/fieam.org.br\/sesi\/wp-json\/wp\/v2\/posts\/10962","targetHints":{"allow":["GET"]}}],"collection":[{"href":"https:\/\/fieam.org.br\/sesi\/wp-json\/wp\/v2\/posts"}],"about":[{"href":"https:\/\/fieam.org.br\/sesi\/wp-json\/wp\/v2\/types\/post"}],"author":[{"embeddable":true,"href":"https:\/\/fieam.org.br\/sesi\/wp-json\/wp\/v2\/users\/1"}],"replies":[{"embeddable":true,"href":"https:\/\/fieam.org.br\/sesi\/wp-json\/wp\/v2\/comments?post=10962"}],"version-history":[{"count":0,"href":"https:\/\/fieam.org.br\/sesi\/wp-json\/wp\/v2\/posts\/10962\/revisions"}],"wp:featuredmedia":[{"embeddable":true,"href":"https:\/\/fieam.org.br\/sesi\/wp-json\/wp\/v2\/media\/3862"}],"wp:attachment":[{"href":"https:\/\/fieam.org.br\/sesi\/wp-json\/wp\/v2\/media?parent=10962"}],"wp:term":[{"taxonomy":"category","embeddable":true,"href":"https:\/\/fieam.org.br\/sesi\/wp-json\/wp\/v2\/categories?post=10962"},{"taxonomy":"post_tag","embeddable":true,"href":"https:\/\/fieam.org.br\/sesi\/wp-json\/wp\/v2\/tags?post=10962"}],"curies":[{"name":"wp","href":"https:\/\/api.w.org\/{rel}","templated":true}]}}