{"id":10511,"date":"2017-05-12T08:43:28","date_gmt":"2017-05-12T12:43:28","guid":{"rendered":"http:\/\/www.fieam.org.br\/sesi\/?p=10511"},"modified":"2017-05-12T08:43:28","modified_gmt":"2017-05-12T12:43:28","slug":"escola-sesi-e-referencia-em-ensino-de-tempo-integral","status":"publish","type":"post","link":"https:\/\/fieam.org.br\/sesi\/escola-sesi-e-referencia-em-ensino-de-tempo-integral\/","title":{"rendered":"\u00a0Escola SESI \u00e9 refer\u00eancia em ensino de tempo integral"},"content":{"rendered":"<figure id=\"attachment_10513\" aria-describedby=\"caption-attachment-10513\" style=\"width: 248px\" class=\"wp-caption alignleft\"><a href=\"http:\/\/www.fieam.org.br\/sesi\/wp-content\/uploads\/sites\/2\/2017\/05\/Tha\u00eds-Fernanda-m\u00e3e-do-aluno-Pietro-aprova-a-qualidade-de-ensino-da-escola.jpg\"><img fetchpriority=\"high\" decoding=\"async\" class=\"wp-image-10513\" src=\"http:\/\/www.fieam.org.br\/sesi\/wp-content\/uploads\/sites\/2\/2017\/05\/Tha\u00eds-Fernanda-m\u00e3e-do-aluno-Pietro-aprova-a-qualidade-de-ensino-da-escola-200x300.jpg\" alt=\"\" width=\"248\" height=\"371\" \/><\/a><figcaption id=\"caption-attachment-10513\" class=\"wp-caption-text\">Tha\u00eds Fernanda m\u00e3e do aluno Pietro aprova a qualidade de ensino da escola<\/figcaption><\/figure>\n<p style=\"text-align: justify\"><span style=\"font-family: 'Georgia','serif';color: #333333\">Refer\u00eancia no ensino de alto n\u00edvel em Manaus, a escola<span class=\"apple-converted-space\">\u00a0<\/span><a href=\"http:\/\/www.fieam.org.br\/sesi\/\">SESI<span class=\"apple-converted-space\">\u00a0<\/span><\/a>Dr. Adalberto Ferreira do Valle completa 39 anos de funcionamento, neste domingo (14).\u00a0 A escola oferece estrutura f\u00edsica climatizada aliada a proposta pedag\u00f3gica inovadora, com metodologia moderna para atender com afetividade e individualidade alunos do ensino fundamental I, em per\u00edodo integral.<\/span><\/p>\n<p style=\"text-align: left\"><span style=\"font-family: 'Georgia','serif';color: #333333\">Inaugurada em 14 de maio de 1978, a Escola SESI Dr. Alberto Ferreira do Valle, foi inicialmente constru\u00edda para atender alunos da 5\u00aa \u00e0 8\u00aa s\u00e9rie, por\u00e9m passou a funcionar como creche em 1987, atendendo nas duas modalidades, em regime parcial e integral. Mas foi somente em 2015 que a escola iniciou a modalidade de per\u00edodo integral, atendendo alunos do ensino fundamental I, de 6 a 10 anos, com capacidade para atender 300 crian\u00e7as.<\/span><\/p>\n<p style=\"text-align: left\"><span style=\"font-family: 'Georgia','serif';color: #333333\">De acordo com a gestora, Sinthia Cavalcante, a escola \u00e9 vista como refer\u00eancia em educa\u00e7\u00e3o fundamental por proporcionar um ensino com a melhor qualidade poss\u00edvel. Ela ressalta a import\u00e2ncia do per\u00edodo integral para os alunos. \u201cPassar o dia no ambiente escolar \u00e9 fundamental para o desenvolvimento das crian\u00e7as, pois no per\u00edodo da manh\u00e3, elas absorvem todo o conhecimento passado em sala de aula e no contra turno (per\u00edodo da tarde) elas fazem atividades extras, como educa\u00e7\u00e3o f\u00edsica, l\u00edngua estrangeira, educa\u00e7\u00e3o tecnol\u00f3gica e aulas de multim\u00eddias\u201d, salienta.<\/span><\/p>\n<p style=\"text-align: left\"><span style=\"font-family: 'Georgia','serif';color: #333333\">Assim como as outras escolas da Rede SESI de Ensino, a unidade 2 atende em sua maioria filhos e demais dependentes dos trabalhadores do Polo Industrial de Manaus (PIM). De 287 alunos matriculados atualmente, 232 s\u00e3o oriundos da ind\u00fastria. E o turno integral proporciona aos pais seguran\u00e7a e tranquilidade para ir ao trabalho sabendo os filhos est\u00e3o bem cuidados e estimulados para seu desenvolvimento integral.<\/span><\/p>\n<p style=\"text-align: left\"><span style=\"font-family: 'Georgia','serif';color: #333333\">Para a m\u00e3e do aluno Pietro, do 3\u00ba ano, Tha\u00eds Fernanda Tavares, o ensino de qualidade e a implanta\u00e7\u00e3o do per\u00edodo integral foram os principais requisitos que a fazem manter o filho matriculado h\u00e1 5 anos na escola. \u201cMeu filho est\u00e1 aqui desde 2012 e hoje eu vejo que ele \u00e9 uma crian\u00e7a bem desenvolvida, l\u00ea muito bem e \u00e9 por isso, pela qualidade no ensino e dos profissionais, que eu continuo e pretendo mant\u00ea-lo matriculado aqui\u201d, afirma.<\/span><\/p>\n<p style=\"text-align: left\"><span style=\"font-family: 'Georgia','serif';color: #333333\">Tha\u00eds ressalta que o per\u00edodo integral s\u00f3 traz vantagens para Pietro. \u201cMeu filho passa o dia na escola, e os deveres que antes eram levados para casa, agora s\u00e3o feitos no contra turno, onde ele pode tirar as d\u00favidas com as pessoas mais indicadas para isso, que s\u00e3o os professores. A alimenta\u00e7\u00e3o nessa fase tamb\u00e9m \u00e9 importante, mas eu n\u00e3o me preocupo porque as refei\u00e7\u00f5es s\u00e3o feitas por profissionais e acompanhadas por nutricionistas.\u201d<\/span><\/p>\n<p style=\"text-align: left\"><span style=\"font-family: 'Georgia','serif';color: #333333\">No quadro da escola h\u00e1 dez anos, a professora Andreia de Brito diz que se sente muito feliz por fazer parte dessa hist\u00f3ria. \u00a0\u201cSou muito grata por tudo que eu aprendi ao longo dessa jornada, guardo muitas lembran\u00e7as boas dos alunos, dos colegas de trabalho, das professoras e principalmente das gerentes que por aqui passaram\u201d, diz a educadora.<\/span><\/p>\n<p><strong>Metodologia inovadora<\/strong><\/p>\n<p><strong>\u00a0<\/strong><\/p>\n<p style=\"text-align: justify\"><span style=\"font-family: 'Georgia','serif';color: #333333\">Metodologias e materiais did\u00e1ticos inovadores e interativos fazem a diferen\u00e7a na excel\u00eancia da educa\u00e7\u00e3o disseminada aos alunos. Para a pedagoga Luana Silva, que est\u00e1 na escola h\u00e1 2 anos, o ponto forte no quesito educacional \u00e9 a metodologia \u201cSociointeracionista\u201d, onde o conhecimento real do aluno \u00e9 o ponto de partida para o conhecimento potencial, ele aprende com a media\u00e7\u00e3o, com foco na intera\u00e7\u00e3o.<\/span><\/p>\n<p style=\"text-align: start\"><span style=\"font-family: 'Georgia','serif';color: #333333\">\u201cEsse m\u00e9todo se d\u00e1 atrav\u00e9s da constru\u00e7\u00e3o do conhecimento do concreto ao abstrato. Por exemplo: uma cadeira, elas aprendem como surgiu, de onde vem a mat\u00e9ria-prima, at\u00e9 chegar ao conhecimento abstrato. Aqui o aluno \u00e9 construtor do seu conhecimento junto com o mediador que \u00e9 o professor\u201d, explica Luana.<\/span><\/p>\n<figure id=\"attachment_10512\" aria-describedby=\"caption-attachment-10512\" style=\"width: 473px\" class=\"wp-caption alignright\"><a href=\"http:\/\/www.fieam.org.br\/sesi\/wp-content\/uploads\/sites\/2\/2017\/05\/Alunos-concentrados-na-aula-de-educa\u00e7\u00e3o-tecnol\u00f3gica-supervisionado-pela-professora-Edvane-Vinhote.jpg\"><img decoding=\"async\" class=\"wp-image-10512\" src=\"http:\/\/www.fieam.org.br\/sesi\/wp-content\/uploads\/sites\/2\/2017\/05\/Alunos-concentrados-na-aula-de-educa\u00e7\u00e3o-tecnol\u00f3gica-supervisionado-pela-professora-Edvane-Vinhote-300x200.jpg\" alt=\"\" width=\"473\" height=\"315\" \/><\/a><figcaption id=\"caption-attachment-10512\" class=\"wp-caption-text\">Alunos concentrados na aula de educa\u00e7\u00e3o tecnol\u00f3gica supervisionado pela professora Edvane Vinhote<\/figcaption><\/figure>\n<p style=\"text-align: start\"><span style=\"font-family: 'Georgia','serif';color: #333333\">Outro programa que a escola adotou em sua metodologia \u00e9 o \u201cLider em Mim\u201d, baseado no livro \u201cOs 7 h\u00e1bitos de pessoas altamente eficazes\u201d. Tem conte\u00fado material did\u00e1tico e treinamento para aprendizado de lideran\u00e7a, valores e compet\u00eancias fundamentais para o sucesso na escola e na vida, no qual \u00e9 muito eficaz no processo de mudan\u00e7a comportamental para alunos e educadores.<\/span><\/p>\n<p style=\"text-align: start\"><span style=\"font-family: 'Georgia','serif';color: #333333\">\u201c\u00c9 um material que trabalha a proatividade, metas, objetivos, que o aluno saiba compreender para ser compreendido, trabalha a autonomia e a criticidade delas. E n\u00e3o s\u00f3 para os alunos, mas trabalha na motiva\u00e7\u00e3o profissional do professor tamb\u00e9m, porque eles acabam aplicando\u00a0 em sua vida profissional e pessoal\u201d, declara a pedagoga.<\/span><\/p>\n<p style=\"text-align: start\"><span style=\"font-family: 'Georgia','serif';color: #333333\">A educa\u00e7\u00e3o tecnol\u00f3gica \u00e9 outro diferencial da escola, que trabalha LEGO para montagens de prot\u00f3tipos, al\u00e9m de material did\u00e1tico espec\u00edfico por ano escolar (com manual do aluno, manual de montagem e manual do professor), com pe\u00e7as maiores para alunos do 1\u00ba ao 2\u00ba ano.<\/span><\/p>\n<p style=\"text-align: start\"><span style=\"font-family: 'Georgia','serif';color: #333333\">\u201cEsta \u00e9 uma disciplina em que os alunos aprendem a manusear as maletas, juntando a teoria com a pr\u00e1tica. Todas as aulas cont\u00eam um tema espec\u00edfico, eu explico sobre o assunto, fa\u00e7o a introdu\u00e7\u00e3o, a\u00ed eles v\u00e3o para montagem das maletas com as pe\u00e7as LEGO, e essas atividades geram notas que v\u00e3o para o boletim. \u00c9 explorado nos alunos o desenvolvimento, a criatividade, o trabalho em equipe, a capacidade para solucionar problemas, porque eles v\u00e3o al\u00e9m da sua imagina\u00e7\u00e3o, eles criam um mundo\u201d, explica Edvane Vinhote, professora de Educa\u00e7\u00e3o Tecnol\u00f3gica, h\u00e1 dois anos.<\/span><\/p>\n<p style=\"text-align: start\"><span style=\"font-family: 'Georgia','serif';color: #333333\">Para trabalhar a disciplina, a escola oferece notebooks, com as atividades muitas vezes sendo realizadas em equipe, estimulando a pesquisa, pois os alunos buscam descobrir respostas para os problemas apresentados pela professora. E os resultados dessa atividade come\u00e7am a despontar. \u201cN\u00f3s j\u00e1 conseguimos trazer v\u00e1rios trof\u00e9us para a nossa unidade. Ano passado, duas equipes que eu estava orientando ganharam trof\u00e9us, sendo um deles de \u201cProjeto de Pesquisa\u201d em campeonatos aqui na regi\u00e3o\u201d, conta Edvane.<\/span><\/p>\n<p style=\"text-align: start\"><span style=\"font-family: 'Georgia','serif';color: #333333\">Segundo a educadora, a educa\u00e7\u00e3o tecnol\u00f3gica promove estudos de conceitos multidisciplinares, como ci\u00eancia, matem\u00e1tica, f\u00edsica, onde \u00e9 poss\u00edvel mostrar aos alunos como encontrar essas disciplinas no mundo em que vivemos. \u201cTamb\u00e9m \u00e9 o primeiro passo para a rob\u00f3tica, onde eles ir\u00e3o aprender a montar e programar rob\u00f4s mais \u00e0 frente. \u00c9 a aula que a maioria adora e vem despertando o interesse em aprender\u201d, revela a professora.<\/span><\/p>\n<p><strong>Qualidade t\u00e9cnica <\/strong><\/p>\n<p>&nbsp;<\/p>\n<figure id=\"attachment_10514\" aria-describedby=\"caption-attachment-10514\" style=\"width: 411px\" class=\"wp-caption alignright\"><a href=\"http:\/\/www.fieam.org.br\/sesi\/wp-content\/uploads\/sites\/2\/2017\/05\/A-escola-estimula-a-alimenta\u00e7\u00e3o-saud\u00e1vel-e-\u00e9-aprovado-pelos-pequenos.jpg\"><img decoding=\"async\" class=\"wp-image-10514\" src=\"http:\/\/www.fieam.org.br\/sesi\/wp-content\/uploads\/sites\/2\/2017\/05\/A-escola-estimula-a-alimenta\u00e7\u00e3o-saud\u00e1vel-e-\u00e9-aprovado-pelos-pequenos-300x200.jpg\" alt=\"\" width=\"411\" height=\"273\" \/><\/a><figcaption id=\"caption-attachment-10514\" class=\"wp-caption-text\">A escola estimula a alimenta\u00e7\u00e3o saud\u00e1vel e \u00e9 aprovado pelos pequenos<\/figcaption><\/figure>\n<p>A escola conta com equipe t\u00e9cnica qualificada, formada por 14 professores, seis auxiliares, quatro estagi\u00e1rios de pedagogia, uma pedagoga, uma assistente social, uma psic\u00f3loga e uma enfermeira. Na \u00e1rea da psicologia h\u00e1 projetos como \u201cAntibullying\u201d, \u201cCabe\u00e7a Limpa\u201d e \u201cAcidentes de Percurso\u201d, neste \u00faltimo os alunos aprendem sobre preven\u00e7\u00e3o de acidentes e ainda vivenciam simulados para colocar em pr\u00e1tica todo o aprendizado.<\/p>\n<p>Em parceria com a Escola SESI Dr. Francisco Garcia, a escola visa promover a sa\u00fade bucal infantil na institui\u00e7\u00e3o. \u201cA dentista Horiana Pican\u00e7o, da escola parceira, realiza projetos com palestras, onde trabalha higieniza\u00e7\u00e3o, escova\u00e7\u00e3o correta e trabalhos de preven\u00e7\u00e3o para que as crian\u00e7as possam cuidar da sa\u00fade bucal e manter o sorriso bonito sempre\u201d, pontua a pedagoga Luana.<\/p>\n<p>Devido ao aumento dos casos de abuso sexual infantil na cidade, a escola desenvolve trabalhos de preven\u00e7\u00e3o, instruindo as crian\u00e7as do 4\u00ba e 5\u00ba ano, sobre import\u00e2ncia dos cuidados que elas devem ter com pessoas estranhas, trabalho este realizado em parceria com o Conselho Tutelar.<\/p>\n<p>A biblioteca da escola tamb\u00e9m promove o projeto \u201cAdote um Livro\u201d, no qual os alunos levam para casa livros de seu interesse para ler durante o fim de semana, como forma de incentivo \u00e0 leitura. Al\u00e9m do acervo de livros, a biblioteca disp\u00f5e do espa\u00e7o \u201cDVDteca\u201d com cerca de mil DVDs de material educativo, como ci\u00eancias, matem\u00e1tica, idioma e de meio ambiente, entre outros.<\/p>\n<p>Destacando o espa\u00e7o f\u00edsico com \u00e1rea climatizada desde a recep\u00e7\u00e3o at\u00e9 a quadra-poliesportiva, a escola oferece estrutura adaptada para atender alunos com necessidade especial. Em sala de aula, esses alunos s\u00e3o acompanhados pelo professor e por uma auxiliar, al\u00e9m de receber acompanhamento com a psic\u00f3loga.<\/p>\n<p>A gestora Sinthia esclarece que os alunos s\u00e3o muito bem recebidos, mas que n\u00e3o basta estarem inseridos na escola e sim integrados nas atividades. \u201c\u00c9 importante trabalhar a inclus\u00e3o social na escola e o nosso papel principal \u00e9 fazer com que esses alunos participem das atividades, para que n\u00e3o venham se sentir exclu\u00eddos. A professora vai trabalhar com elas as suas dificuldades, sim, mas sempre buscando trabalhar junto com a turma\u201d, frisa.<\/p>\n<p>Em seus dois anos \u00e0 frente da gest\u00e3o da escola, Sinthia fala da experi\u00eancia como a melhor poss\u00edvel. \u201cPorque ser gestora n\u00e3o \u00e9 somente ficar em sala, mas, sim, vivenciar todas as situa\u00e7\u00f5es dentro da escola, \u00e9 compartilhar com toda a equipe, \u00e9 estar presente\u201d, ressalta.<\/p>\n<p>H\u00e1 39 anos fazendo hist\u00f3ria, com uma trajet\u00f3ria marcada pelo compromisso com a qualidade educacional, a Escola SESI Dr. Adalberto Ferreira do Valle fica localizada na Rua Roberto de Normandia, 160, Adrian\u00f3polis e atende alunos de 1\u00ba ao 5\u00ba ano em per\u00edodo integral. Para mais informa\u00e7\u00f5es liguem (92) 3216-5020 \/ 5022 ou pelo e-mail <a href=\"mailto:ue2.gerencia@fieam.org.br\">ue2.gerencia@fieam.org.br<\/a>.<\/p>\n<p>&nbsp;<\/p>\n<p><strong>ATENDIMENTO \u00c0 IMPRENSA<\/strong><\/p>\n<p>&nbsp;<\/p>\n<p><strong>Diretoria de Comunica\u00e7\u00e3o e Marketing do Sistema FIEAM<\/strong><\/p>\n<p>Tel: (92) 3186-6576 Fax: (92) 3186-6579<\/p>\n<p>E-mail: <a href=\"mailto:imprensa@fieam.org.br\">imprensa@fieam.org.br<\/a><\/p>\n<p>Portal: <a href=\"http:\/\/www.fieam.org.br\">http:\/\/www.fieam.org.br<\/a><\/p>\n<p><strong>Sistema FIEAM nas redes sociais<\/strong><\/p>\n<p><strong>FIEAM:<\/strong> <a href=\"https:\/\/www.facebook.com\/fieamoficial\">Facebook<\/a>| <a href=\"https:\/\/twitter.com\/fieam\">Twitter<\/a>| <a href=\"https:\/\/www.instagram.com\/sistemafieam\/\">Instagram<\/a>| <a href=\"https:\/\/www.youtube.com\/user\/FIEAM\">You Tube<\/a><\/p>\n<p><strong>SESI:<\/strong> <a href=\"https:\/\/www.facebook.com\/sesiamazonas\">Facebook<\/a>| <a href=\"https:\/\/twitter.com\/sesiamazonas\">Twitter<\/a>| <a href=\"https:\/\/www.instagram.com\/sistemafieam\/\">Instagram<\/a>| <a href=\"https:\/\/www.youtube.com\/user\/SESIAmazonas\">You Tube<\/a><\/p>\n<p><strong>SENAI:<\/strong> <a href=\"https:\/\/www.facebook.com\/senaiamazonas\">Facebook<\/a>| <a href=\"https:\/\/twitter.com\/senaiamazonas\">Twitter<\/a>| <a href=\"https:\/\/www.instagram.com\/sistemafieam\/\">Instagram<\/a>| <a href=\"https:\/\/www.youtube.com\/user\/SENAIAmazonas\">You Tube<\/a><\/p>\n<p><strong>IEL:<\/strong> <a href=\"https:\/\/www.facebook.com\/ielamazonas\">Facebook<\/a>| <a href=\"https:\/\/twitter.com\/ielamazonas\">Twitter<\/a>| <a href=\"https:\/\/www.instagram.com\/sistemafieam\/\">Instagram<\/a>| <a href=\"https:\/\/www.youtube.com\/user\/IELAmazonas\">You Tube<\/a><\/p>\n","protected":false},"excerpt":{"rendered":"<p>Refer\u00eancia no ensino de alto n\u00edvel em Manaus, a escola\u00a0SESI\u00a0Dr. Adalberto Ferreira do Valle completa 39 anos de funcionamento, neste domingo (14).\u00a0 A escola oferece estrutura f\u00edsica climatizada aliada a proposta pedag\u00f3gica inovadora, com metodologia moderna para atender com afetividade e individualidade alunos do ensino fundamental I, em per\u00edodo integral. Inaugurada em 14 de maio [&hellip;]<\/p>\n","protected":false},"author":1,"featured_media":10515,"comment_status":"open","ping_status":"open","sticky":false,"template":"","format":"standard","meta":{"footnotes":""},"categories":[25,26],"tags":[],"class_list":["post-10511","post","type-post","status-publish","format-standard","has-post-thumbnail","hentry","category-news","category-news-destaque"],"yoast_head":"<!-- This site is optimized with the Yoast SEO plugin v26.8 - https:\/\/yoast.com\/product\/yoast-seo-wordpress\/ -->\n<title>\u00a0Escola SESI \u00e9 refer\u00eancia em ensino de tempo integral - SESI<\/title>\n<meta name=\"robots\" content=\"index, follow, max-snippet:-1, max-image-preview:large, max-video-preview:-1\" \/>\n<link rel=\"canonical\" href=\"https:\/\/fieam.org.br\/sesi\/escola-sesi-e-referencia-em-ensino-de-tempo-integral\/\" \/>\n<meta property=\"og:locale\" content=\"pt_BR\" \/>\n<meta property=\"og:type\" content=\"article\" \/>\n<meta property=\"og:title\" content=\"\u00a0Escola SESI \u00e9 refer\u00eancia em ensino de tempo integral - SESI\" \/>\n<meta property=\"og:description\" content=\"Refer\u00eancia no ensino de alto n\u00edvel em Manaus, a escola\u00a0SESI\u00a0Dr. Adalberto Ferreira do Valle completa 39 anos de funcionamento, neste domingo (14).\u00a0 A escola oferece estrutura f\u00edsica climatizada aliada a proposta pedag\u00f3gica inovadora, com metodologia moderna para atender com afetividade e individualidade alunos do ensino fundamental I, em per\u00edodo integral. Inaugurada em 14 de maio [&hellip;]\" \/>\n<meta property=\"og:url\" content=\"https:\/\/fieam.org.br\/sesi\/escola-sesi-e-referencia-em-ensino-de-tempo-integral\/\" \/>\n<meta property=\"og:site_name\" content=\"SESI\" \/>\n<meta property=\"article:published_time\" content=\"2017-05-12T12:43:28+00:00\" \/>\n<meta name=\"author\" content=\"Autor\" \/>\n<meta name=\"twitter:card\" content=\"summary_large_image\" \/>\n<meta name=\"twitter:label1\" content=\"Escrito por\" \/>\n\t<meta name=\"twitter:data1\" content=\"Autor\" \/>\n\t<meta name=\"twitter:label2\" content=\"Est. tempo de leitura\" \/>\n\t<meta name=\"twitter:data2\" content=\"8 minutos\" \/>\n<script type=\"application\/ld+json\" class=\"yoast-schema-graph\">{\"@context\":\"https:\/\/schema.org\",\"@graph\":[{\"@type\":\"Article\",\"@id\":\"https:\/\/fieam.org.br\/sesi\/escola-sesi-e-referencia-em-ensino-de-tempo-integral\/#article\",\"isPartOf\":{\"@id\":\"https:\/\/fieam.org.br\/sesi\/escola-sesi-e-referencia-em-ensino-de-tempo-integral\/\"},\"author\":{\"name\":\"Autor\",\"@id\":\"https:\/\/fieam.org.br\/sesi\/#\/schema\/person\/c1ceda8321521b291cee22da0a7d34be\"},\"headline\":\"\u00a0Escola SESI \u00e9 refer\u00eancia em ensino de tempo integral\",\"datePublished\":\"2017-05-12T12:43:28+00:00\",\"mainEntityOfPage\":{\"@id\":\"https:\/\/fieam.org.br\/sesi\/escola-sesi-e-referencia-em-ensino-de-tempo-integral\/\"},\"wordCount\":1658,\"commentCount\":0,\"publisher\":{\"@id\":\"https:\/\/fieam.org.br\/sesi\/#organization\"},\"image\":{\"@id\":\"https:\/\/fieam.org.br\/sesi\/escola-sesi-e-referencia-em-ensino-de-tempo-integral\/#primaryimage\"},\"thumbnailUrl\":\"\",\"articleSection\":[\"News\",\"News Destaque\"],\"inLanguage\":\"pt-BR\",\"potentialAction\":[{\"@type\":\"CommentAction\",\"name\":\"Comment\",\"target\":[\"https:\/\/fieam.org.br\/sesi\/escola-sesi-e-referencia-em-ensino-de-tempo-integral\/#respond\"]}]},{\"@type\":\"WebPage\",\"@id\":\"https:\/\/fieam.org.br\/sesi\/escola-sesi-e-referencia-em-ensino-de-tempo-integral\/\",\"url\":\"https:\/\/fieam.org.br\/sesi\/escola-sesi-e-referencia-em-ensino-de-tempo-integral\/\",\"name\":\"\u00a0Escola SESI \u00e9 refer\u00eancia em ensino de tempo integral - SESI\",\"isPartOf\":{\"@id\":\"https:\/\/fieam.org.br\/sesi\/#website\"},\"primaryImageOfPage\":{\"@id\":\"https:\/\/fieam.org.br\/sesi\/escola-sesi-e-referencia-em-ensino-de-tempo-integral\/#primaryimage\"},\"image\":{\"@id\":\"https:\/\/fieam.org.br\/sesi\/escola-sesi-e-referencia-em-ensino-de-tempo-integral\/#primaryimage\"},\"thumbnailUrl\":\"\",\"datePublished\":\"2017-05-12T12:43:28+00:00\",\"breadcrumb\":{\"@id\":\"https:\/\/fieam.org.br\/sesi\/escola-sesi-e-referencia-em-ensino-de-tempo-integral\/#breadcrumb\"},\"inLanguage\":\"pt-BR\",\"potentialAction\":[{\"@type\":\"ReadAction\",\"target\":[\"https:\/\/fieam.org.br\/sesi\/escola-sesi-e-referencia-em-ensino-de-tempo-integral\/\"]}]},{\"@type\":\"ImageObject\",\"inLanguage\":\"pt-BR\",\"@id\":\"https:\/\/fieam.org.br\/sesi\/escola-sesi-e-referencia-em-ensino-de-tempo-integral\/#primaryimage\",\"url\":\"\",\"contentUrl\":\"\"},{\"@type\":\"BreadcrumbList\",\"@id\":\"https:\/\/fieam.org.br\/sesi\/escola-sesi-e-referencia-em-ensino-de-tempo-integral\/#breadcrumb\",\"itemListElement\":[{\"@type\":\"ListItem\",\"position\":1,\"name\":\"In\u00edcio\",\"item\":\"https:\/\/fieam.org.br\/sesi\/\"},{\"@type\":\"ListItem\",\"position\":2,\"name\":\"\u00a0Escola SESI \u00e9 refer\u00eancia em ensino de tempo integral\"}]},{\"@type\":\"WebSite\",\"@id\":\"https:\/\/fieam.org.br\/sesi\/#website\",\"url\":\"https:\/\/fieam.org.br\/sesi\/\",\"name\":\"SESI\",\"description\":\"Site Oficial!\",\"publisher\":{\"@id\":\"https:\/\/fieam.org.br\/sesi\/#organization\"},\"potentialAction\":[{\"@type\":\"SearchAction\",\"target\":{\"@type\":\"EntryPoint\",\"urlTemplate\":\"https:\/\/fieam.org.br\/sesi\/?s={search_term_string}\"},\"query-input\":{\"@type\":\"PropertyValueSpecification\",\"valueRequired\":true,\"valueName\":\"search_term_string\"}}],\"inLanguage\":\"pt-BR\"},{\"@type\":\"Organization\",\"@id\":\"https:\/\/fieam.org.br\/sesi\/#organization\",\"name\":\"SESI\",\"url\":\"https:\/\/fieam.org.br\/sesi\/\",\"logo\":{\"@type\":\"ImageObject\",\"inLanguage\":\"pt-BR\",\"@id\":\"https:\/\/fieam.org.br\/sesi\/#\/schema\/logo\/image\/\",\"url\":\"https:\/\/fieam.org.br\/sesi\/wp-content\/uploads\/sites\/14\/2024\/03\/cropped-fav.png\",\"contentUrl\":\"https:\/\/fieam.org.br\/sesi\/wp-content\/uploads\/sites\/14\/2024\/03\/cropped-fav.png\",\"width\":610,\"height\":589,\"caption\":\"SESI\"},\"image\":{\"@id\":\"https:\/\/fieam.org.br\/sesi\/#\/schema\/logo\/image\/\"}},{\"@type\":\"Person\",\"@id\":\"https:\/\/fieam.org.br\/sesi\/#\/schema\/person\/c1ceda8321521b291cee22da0a7d34be\",\"name\":\"Autor\",\"image\":{\"@type\":\"ImageObject\",\"inLanguage\":\"pt-BR\",\"@id\":\"https:\/\/fieam.org.br\/sesi\/#\/schema\/person\/image\/\",\"url\":\"https:\/\/secure.gravatar.com\/avatar\/3732c223e0e1fad69062a8f770955c9068d37b055204f310a0be18d4069fe380?s=96&d=mm&r=g\",\"contentUrl\":\"https:\/\/secure.gravatar.com\/avatar\/3732c223e0e1fad69062a8f770955c9068d37b055204f310a0be18d4069fe380?s=96&d=mm&r=g\",\"caption\":\"Autor\"},\"sameAs\":[\"https:\/\/marketingmassivo.com.br\"],\"url\":\"https:\/\/fieam.org.br\/sesi\/author\/admin\/\"}]}<\/script>\n<!-- \/ Yoast SEO plugin. -->","yoast_head_json":{"title":"\u00a0Escola SESI \u00e9 refer\u00eancia em ensino de tempo integral - SESI","robots":{"index":"index","follow":"follow","max-snippet":"max-snippet:-1","max-image-preview":"max-image-preview:large","max-video-preview":"max-video-preview:-1"},"canonical":"https:\/\/fieam.org.br\/sesi\/escola-sesi-e-referencia-em-ensino-de-tempo-integral\/","og_locale":"pt_BR","og_type":"article","og_title":"\u00a0Escola SESI \u00e9 refer\u00eancia em ensino de tempo integral - SESI","og_description":"Refer\u00eancia no ensino de alto n\u00edvel em Manaus, a escola\u00a0SESI\u00a0Dr. Adalberto Ferreira do Valle completa 39 anos de funcionamento, neste domingo (14).\u00a0 A escola oferece estrutura f\u00edsica climatizada aliada a proposta pedag\u00f3gica inovadora, com metodologia moderna para atender com afetividade e individualidade alunos do ensino fundamental I, em per\u00edodo integral. Inaugurada em 14 de maio [&hellip;]","og_url":"https:\/\/fieam.org.br\/sesi\/escola-sesi-e-referencia-em-ensino-de-tempo-integral\/","og_site_name":"SESI","article_published_time":"2017-05-12T12:43:28+00:00","author":"Autor","twitter_card":"summary_large_image","twitter_misc":{"Escrito por":"Autor","Est. tempo de leitura":"8 minutos"},"schema":{"@context":"https:\/\/schema.org","@graph":[{"@type":"Article","@id":"https:\/\/fieam.org.br\/sesi\/escola-sesi-e-referencia-em-ensino-de-tempo-integral\/#article","isPartOf":{"@id":"https:\/\/fieam.org.br\/sesi\/escola-sesi-e-referencia-em-ensino-de-tempo-integral\/"},"author":{"name":"Autor","@id":"https:\/\/fieam.org.br\/sesi\/#\/schema\/person\/c1ceda8321521b291cee22da0a7d34be"},"headline":"\u00a0Escola SESI \u00e9 refer\u00eancia em ensino de tempo integral","datePublished":"2017-05-12T12:43:28+00:00","mainEntityOfPage":{"@id":"https:\/\/fieam.org.br\/sesi\/escola-sesi-e-referencia-em-ensino-de-tempo-integral\/"},"wordCount":1658,"commentCount":0,"publisher":{"@id":"https:\/\/fieam.org.br\/sesi\/#organization"},"image":{"@id":"https:\/\/fieam.org.br\/sesi\/escola-sesi-e-referencia-em-ensino-de-tempo-integral\/#primaryimage"},"thumbnailUrl":"","articleSection":["News","News Destaque"],"inLanguage":"pt-BR","potentialAction":[{"@type":"CommentAction","name":"Comment","target":["https:\/\/fieam.org.br\/sesi\/escola-sesi-e-referencia-em-ensino-de-tempo-integral\/#respond"]}]},{"@type":"WebPage","@id":"https:\/\/fieam.org.br\/sesi\/escola-sesi-e-referencia-em-ensino-de-tempo-integral\/","url":"https:\/\/fieam.org.br\/sesi\/escola-sesi-e-referencia-em-ensino-de-tempo-integral\/","name":"\u00a0Escola SESI \u00e9 refer\u00eancia em ensino de tempo integral - SESI","isPartOf":{"@id":"https:\/\/fieam.org.br\/sesi\/#website"},"primaryImageOfPage":{"@id":"https:\/\/fieam.org.br\/sesi\/escola-sesi-e-referencia-em-ensino-de-tempo-integral\/#primaryimage"},"image":{"@id":"https:\/\/fieam.org.br\/sesi\/escola-sesi-e-referencia-em-ensino-de-tempo-integral\/#primaryimage"},"thumbnailUrl":"","datePublished":"2017-05-12T12:43:28+00:00","breadcrumb":{"@id":"https:\/\/fieam.org.br\/sesi\/escola-sesi-e-referencia-em-ensino-de-tempo-integral\/#breadcrumb"},"inLanguage":"pt-BR","potentialAction":[{"@type":"ReadAction","target":["https:\/\/fieam.org.br\/sesi\/escola-sesi-e-referencia-em-ensino-de-tempo-integral\/"]}]},{"@type":"ImageObject","inLanguage":"pt-BR","@id":"https:\/\/fieam.org.br\/sesi\/escola-sesi-e-referencia-em-ensino-de-tempo-integral\/#primaryimage","url":"","contentUrl":""},{"@type":"BreadcrumbList","@id":"https:\/\/fieam.org.br\/sesi\/escola-sesi-e-referencia-em-ensino-de-tempo-integral\/#breadcrumb","itemListElement":[{"@type":"ListItem","position":1,"name":"In\u00edcio","item":"https:\/\/fieam.org.br\/sesi\/"},{"@type":"ListItem","position":2,"name":"\u00a0Escola SESI \u00e9 refer\u00eancia em ensino de tempo integral"}]},{"@type":"WebSite","@id":"https:\/\/fieam.org.br\/sesi\/#website","url":"https:\/\/fieam.org.br\/sesi\/","name":"SESI","description":"Site Oficial!","publisher":{"@id":"https:\/\/fieam.org.br\/sesi\/#organization"},"potentialAction":[{"@type":"SearchAction","target":{"@type":"EntryPoint","urlTemplate":"https:\/\/fieam.org.br\/sesi\/?s={search_term_string}"},"query-input":{"@type":"PropertyValueSpecification","valueRequired":true,"valueName":"search_term_string"}}],"inLanguage":"pt-BR"},{"@type":"Organization","@id":"https:\/\/fieam.org.br\/sesi\/#organization","name":"SESI","url":"https:\/\/fieam.org.br\/sesi\/","logo":{"@type":"ImageObject","inLanguage":"pt-BR","@id":"https:\/\/fieam.org.br\/sesi\/#\/schema\/logo\/image\/","url":"https:\/\/fieam.org.br\/sesi\/wp-content\/uploads\/sites\/14\/2024\/03\/cropped-fav.png","contentUrl":"https:\/\/fieam.org.br\/sesi\/wp-content\/uploads\/sites\/14\/2024\/03\/cropped-fav.png","width":610,"height":589,"caption":"SESI"},"image":{"@id":"https:\/\/fieam.org.br\/sesi\/#\/schema\/logo\/image\/"}},{"@type":"Person","@id":"https:\/\/fieam.org.br\/sesi\/#\/schema\/person\/c1ceda8321521b291cee22da0a7d34be","name":"Autor","image":{"@type":"ImageObject","inLanguage":"pt-BR","@id":"https:\/\/fieam.org.br\/sesi\/#\/schema\/person\/image\/","url":"https:\/\/secure.gravatar.com\/avatar\/3732c223e0e1fad69062a8f770955c9068d37b055204f310a0be18d4069fe380?s=96&d=mm&r=g","contentUrl":"https:\/\/secure.gravatar.com\/avatar\/3732c223e0e1fad69062a8f770955c9068d37b055204f310a0be18d4069fe380?s=96&d=mm&r=g","caption":"Autor"},"sameAs":["https:\/\/marketingmassivo.com.br"],"url":"https:\/\/fieam.org.br\/sesi\/author\/admin\/"}]}},"_links":{"self":[{"href":"https:\/\/fieam.org.br\/sesi\/wp-json\/wp\/v2\/posts\/10511","targetHints":{"allow":["GET"]}}],"collection":[{"href":"https:\/\/fieam.org.br\/sesi\/wp-json\/wp\/v2\/posts"}],"about":[{"href":"https:\/\/fieam.org.br\/sesi\/wp-json\/wp\/v2\/types\/post"}],"author":[{"embeddable":true,"href":"https:\/\/fieam.org.br\/sesi\/wp-json\/wp\/v2\/users\/1"}],"replies":[{"embeddable":true,"href":"https:\/\/fieam.org.br\/sesi\/wp-json\/wp\/v2\/comments?post=10511"}],"version-history":[{"count":0,"href":"https:\/\/fieam.org.br\/sesi\/wp-json\/wp\/v2\/posts\/10511\/revisions"}],"wp:featuredmedia":[{"embeddable":true,"href":"https:\/\/fieam.org.br\/sesi\/wp-json\/"}],"wp:attachment":[{"href":"https:\/\/fieam.org.br\/sesi\/wp-json\/wp\/v2\/media?parent=10511"}],"wp:term":[{"taxonomy":"category","embeddable":true,"href":"https:\/\/fieam.org.br\/sesi\/wp-json\/wp\/v2\/categories?post=10511"},{"taxonomy":"post_tag","embeddable":true,"href":"https:\/\/fieam.org.br\/sesi\/wp-json\/wp\/v2\/tags?post=10511"}],"curies":[{"name":"wp","href":"https:\/\/api.w.org\/{rel}","templated":true}]}}