{"id":10500,"date":"2017-05-08T11:41:38","date_gmt":"2017-05-08T15:41:38","guid":{"rendered":"http:\/\/www.fieam.org.br\/sesi\/?p=10500"},"modified":"2017-05-08T11:41:38","modified_gmt":"2017-05-08T15:41:38","slug":"evento-destaca-ganhos-em-saude-e-seguranca-do-trabalho-para-industria","status":"publish","type":"post","link":"https:\/\/fieam.org.br\/sesi\/evento-destaca-ganhos-em-saude-e-seguranca-do-trabalho-para-industria\/","title":{"rendered":"Evento destaca ganhos em Sa\u00fade e Seguran\u00e7a do Trabalho para ind\u00fastria"},"content":{"rendered":"<p>Movidos pela ideia de que ind\u00fastria saud\u00e1vel se faz com trabalhadores saud\u00e1veis, o <a href=\"http:\/\/www.fieam.org.br\">Servi\u00e7o Social da Ind\u00fastria (SESI Amazonas)<\/a>, Superintend\u00eancia Regional do Trabalho (SRT) e Servi\u00e7o Social da Constru\u00e7\u00e3o Civil (SECONCI-AM) promoveram evento sobre preven\u00e7\u00e3o de acidentes e doen\u00e7as no trabalho, que reuniu na sexta-feira representantes da \u00e1rea de seguran\u00e7a das empresas no Polo Industrial de Manaus no SESI Clube do Trabalhador.<\/p>\n<figure id=\"attachment_10508\" aria-describedby=\"caption-attachment-10508\" style=\"width: 300px\" class=\"wp-caption alignleft\"><a href=\"http:\/\/www.fieam.org.br\/sesi\/wp-content\/uploads\/sites\/2\/2017\/05\/Engenheiro-de-Seguran\u00e7a-do-Trabalho-destaca-import\u00e2ncia-dos-programas-legais-para-preven\u00e7\u00e3o-de-acidentes-1.jpg\"><img fetchpriority=\"high\" decoding=\"async\" class=\"size-medium wp-image-10508\" src=\"http:\/\/www.fieam.org.br\/sesi\/wp-content\/uploads\/sites\/2\/2017\/05\/Engenheiro-de-Seguran\u00e7a-do-Trabalho-destaca-import\u00e2ncia-dos-programas-legais-para-preven\u00e7\u00e3o-de-acidentes-1-300x200.jpg\" alt=\"\" width=\"300\" height=\"200\" \/><\/a><figcaption id=\"caption-attachment-10508\" class=\"wp-caption-text\">Engenheiro de Seguran\u00e7a do Trabalho destaca import\u00e2ncia dos programas legais para preven\u00e7\u00e3o de acidentes<\/figcaption><\/figure>\n<p>Na ocasi\u00e3o, o supervisor de Seguran\u00e7a e Sa\u00fade no Trabalho (SST), do SESI Amazonas, Cl\u00e1udio Palheta, destacou o prop\u00f3sito de estimular as empresas \u00e0 reflex\u00e3o sobre a import\u00e2ncia da preven\u00e7\u00e3o dos acidentes e doen\u00e7as do trabalho, ciente de que uma cultura de seguran\u00e7a e sa\u00fade s\u00f3lida \u00e9 ben\u00e9fica para todos os atores envolvidos (trabalhadores, empregadores e governo)<\/p>\n<p>O gerente geral de SST da Renault do Brasil, Paulo Z\u00e9tola, que abordou sobre Gest\u00e3o Integrada de Sa\u00fade, Bem-Estar e Seguran\u00e7a no Trabalho, ressaltou o papel do gestor na identifica\u00e7\u00e3o das causas e controle das doen\u00e7as no ambiente de trabalho. \u201cA partir da verifica\u00e7\u00e3o dos problemas existentes no ambiente de trabalho \u00e9 poss\u00edvel implementar medidas de controle, para que haja o gerenciamento dos riscos dentro e fora desse ambiente\u201d, sugeriu.<\/p>\n<p>De acordo com Z\u00e9tola, o gestor tem que ter em mente que uma boa avalia\u00e7\u00e3o de risco no ambiente de trabalho \u00e9 a principal atividade a ser feita. O professor do Instituto Federal do Amazonas (IFAM) e engenheiro de Seguran\u00e7a do Trabalho, M\u00e1rio Sobral, tamb\u00e9m recomendou o cumprimento dos programas legais para a preven\u00e7\u00e3o de acidentes e doen\u00e7as de trabalho.<\/p>\n<p>Sobral afirma que os programas estimulam o planejamento de a\u00e7\u00f5es preventivas e que as organiza\u00e7\u00f5es devem estabelecer e manter programas de gest\u00e3o de acidentes e doen\u00e7as do trabalho independente de obrigatoriedade legal.<\/p>\n<p>\u201cOs programas podem ser realizados conforme a necessidade em fun\u00e7\u00e3o daquilo que o gestor identificou\u201d, orientou Sobral. A cria\u00e7\u00e3o dos programas serve para que pessoas leigas (empregador, empregados) tenham a dire\u00e7\u00e3o sobre a\u00e7\u00f5es se tratamento de seguran\u00e7a do trabalho.<\/p>\n<p>O evento do Dia Mundial da Seguran\u00e7a e Sa\u00fade no Trabalho contou com representantes das \u00e1reas de Recursos Humanos, Seguran\u00e7a e Sa\u00fade do Trabalho e diretores das ind\u00fastrias, como forma de divulgar e servir de alerta para toda a empresa. A t\u00e9cnica de Seguran\u00e7a do Trabalho da Sovel da Amaz\u00f4nia, Itaciara Menezes, afirmou que a oportunidade de trocar conhecimentos sobre seguran\u00e7a e sa\u00fade no trabalho ajuda a evitar e minimizar acidentes e doen\u00e7as dentro das ind\u00fastrias. \u201cO debate \u00e9 uma forma de reciclar aquele conhecimento pr\u00e9vio e reduzido que t\u00ednhamos sobre o assunto\u201d, relatou a t\u00e9cnica.<\/p>\n","protected":false},"excerpt":{"rendered":"<p>Movidos pela ideia de que ind\u00fastria saud\u00e1vel se faz com trabalhadores saud\u00e1veis, o Servi\u00e7o Social da Ind\u00fastria (SESI Amazonas), Superintend\u00eancia Regional do Trabalho (SRT) e Servi\u00e7o Social da Constru\u00e7\u00e3o Civil (SECONCI-AM) promoveram evento sobre preven\u00e7\u00e3o de acidentes e doen\u00e7as no trabalho, que reuniu na sexta-feira representantes da \u00e1rea de seguran\u00e7a das empresas no Polo Industrial [&hellip;]<\/p>\n","protected":false},"author":1,"featured_media":10509,"comment_status":"open","ping_status":"open","sticky":false,"template":"","format":"standard","meta":{"footnotes":""},"categories":[25,26],"tags":[],"class_list":["post-10500","post","type-post","status-publish","format-standard","has-post-thumbnail","hentry","category-news","category-news-destaque"],"yoast_head":"<!-- This site is optimized with the Yoast SEO plugin v28.2 - https:\/\/yoast.com\/product\/yoast-seo-wordpress\/ -->\n<title>Evento destaca ganhos em Sa\u00fade e Seguran\u00e7a do Trabalho para ind\u00fastria - SESI<\/title>\n<meta name=\"robots\" content=\"index, follow, max-snippet:-1, max-image-preview:large, max-video-preview:-1\" \/>\n<link rel=\"canonical\" href=\"https:\/\/fieam.org.br\/sesi\/evento-destaca-ganhos-em-saude-e-seguranca-do-trabalho-para-industria\/\" \/>\n<meta property=\"og:locale\" content=\"pt_BR\" \/>\n<meta property=\"og:type\" content=\"article\" \/>\n<meta property=\"og:title\" content=\"Evento destaca ganhos em Sa\u00fade e Seguran\u00e7a do Trabalho para ind\u00fastria - SESI\" \/>\n<meta property=\"og:description\" content=\"Movidos pela ideia de que ind\u00fastria saud\u00e1vel se faz com trabalhadores saud\u00e1veis, o Servi\u00e7o Social da Ind\u00fastria (SESI Amazonas), Superintend\u00eancia Regional do Trabalho (SRT) e Servi\u00e7o Social da Constru\u00e7\u00e3o Civil (SECONCI-AM) promoveram evento sobre preven\u00e7\u00e3o de acidentes e doen\u00e7as no trabalho, que reuniu na sexta-feira representantes da \u00e1rea de seguran\u00e7a das empresas no Polo Industrial [&hellip;]\" \/>\n<meta property=\"og:url\" content=\"https:\/\/fieam.org.br\/sesi\/evento-destaca-ganhos-em-saude-e-seguranca-do-trabalho-para-industria\/\" \/>\n<meta property=\"og:site_name\" content=\"SESI\" \/>\n<meta property=\"article:published_time\" content=\"2017-05-08T15:41:38+00:00\" \/>\n<meta name=\"author\" content=\"Autor\" \/>\n<meta name=\"twitter:card\" content=\"summary_large_image\" \/>\n<meta name=\"twitter:label1\" content=\"Escrito por\" \/>\n\t<meta name=\"twitter:data1\" content=\"Autor\" \/>\n\t<meta name=\"twitter:label2\" content=\"Est. tempo de leitura\" \/>\n\t<meta name=\"twitter:data2\" content=\"2 minutos\" \/>\n<script type=\"application\/ld+json\" class=\"yoast-schema-graph\">{\"@context\":\"https:\\\/\\\/schema.org\",\"@graph\":[{\"@type\":\"Article\",\"@id\":\"https:\\\/\\\/fieam.org.br\\\/sesi\\\/evento-destaca-ganhos-em-saude-e-seguranca-do-trabalho-para-industria\\\/#article\",\"isPartOf\":{\"@id\":\"https:\\\/\\\/fieam.org.br\\\/sesi\\\/evento-destaca-ganhos-em-saude-e-seguranca-do-trabalho-para-industria\\\/\"},\"author\":{\"name\":\"Autor\",\"@id\":\"https:\\\/\\\/fieam.org.br\\\/sesi\\\/#\\\/schema\\\/person\\\/f54998dd14d5f0695b41444f2b01c31e\"},\"headline\":\"Evento destaca ganhos em Sa\u00fade e Seguran\u00e7a do Trabalho para ind\u00fastria\",\"datePublished\":\"2017-05-08T15:41:38+00:00\",\"mainEntityOfPage\":{\"@id\":\"https:\\\/\\\/fieam.org.br\\\/sesi\\\/evento-destaca-ganhos-em-saude-e-seguranca-do-trabalho-para-industria\\\/\"},\"wordCount\":512,\"commentCount\":0,\"publisher\":{\"@id\":\"https:\\\/\\\/fieam.org.br\\\/sesi\\\/#organization\"},\"image\":{\"@id\":\"https:\\\/\\\/fieam.org.br\\\/sesi\\\/evento-destaca-ganhos-em-saude-e-seguranca-do-trabalho-para-industria\\\/#primaryimage\"},\"thumbnailUrl\":\"\",\"articleSection\":[\"News\",\"News Destaque\"],\"inLanguage\":\"pt-BR\",\"potentialAction\":[{\"@type\":\"CommentAction\",\"name\":\"Comment\",\"target\":[\"https:\\\/\\\/fieam.org.br\\\/sesi\\\/evento-destaca-ganhos-em-saude-e-seguranca-do-trabalho-para-industria\\\/#respond\"]}]},{\"@type\":\"WebPage\",\"@id\":\"https:\\\/\\\/fieam.org.br\\\/sesi\\\/evento-destaca-ganhos-em-saude-e-seguranca-do-trabalho-para-industria\\\/\",\"url\":\"https:\\\/\\\/fieam.org.br\\\/sesi\\\/evento-destaca-ganhos-em-saude-e-seguranca-do-trabalho-para-industria\\\/\",\"name\":\"Evento destaca ganhos em Sa\u00fade e Seguran\u00e7a do Trabalho para ind\u00fastria - SESI\",\"isPartOf\":{\"@id\":\"https:\\\/\\\/fieam.org.br\\\/sesi\\\/#website\"},\"primaryImageOfPage\":{\"@id\":\"https:\\\/\\\/fieam.org.br\\\/sesi\\\/evento-destaca-ganhos-em-saude-e-seguranca-do-trabalho-para-industria\\\/#primaryimage\"},\"image\":{\"@id\":\"https:\\\/\\\/fieam.org.br\\\/sesi\\\/evento-destaca-ganhos-em-saude-e-seguranca-do-trabalho-para-industria\\\/#primaryimage\"},\"thumbnailUrl\":\"\",\"datePublished\":\"2017-05-08T15:41:38+00:00\",\"breadcrumb\":{\"@id\":\"https:\\\/\\\/fieam.org.br\\\/sesi\\\/evento-destaca-ganhos-em-saude-e-seguranca-do-trabalho-para-industria\\\/#breadcrumb\"},\"inLanguage\":\"pt-BR\",\"potentialAction\":[{\"@type\":\"ReadAction\",\"target\":[\"https:\\\/\\\/fieam.org.br\\\/sesi\\\/evento-destaca-ganhos-em-saude-e-seguranca-do-trabalho-para-industria\\\/\"]}]},{\"@type\":\"ImageObject\",\"inLanguage\":\"pt-BR\",\"@id\":\"https:\\\/\\\/fieam.org.br\\\/sesi\\\/evento-destaca-ganhos-em-saude-e-seguranca-do-trabalho-para-industria\\\/#primaryimage\",\"url\":\"\",\"contentUrl\":\"\"},{\"@type\":\"BreadcrumbList\",\"@id\":\"https:\\\/\\\/fieam.org.br\\\/sesi\\\/evento-destaca-ganhos-em-saude-e-seguranca-do-trabalho-para-industria\\\/#breadcrumb\",\"itemListElement\":[{\"@type\":\"ListItem\",\"position\":1,\"name\":\"In\u00edcio\",\"item\":\"https:\\\/\\\/fieam.org.br\\\/sesi\\\/\"},{\"@type\":\"ListItem\",\"position\":2,\"name\":\"Evento destaca ganhos em Sa\u00fade e Seguran\u00e7a do Trabalho para ind\u00fastria\"}]},{\"@type\":\"WebSite\",\"@id\":\"https:\\\/\\\/fieam.org.br\\\/sesi\\\/#website\",\"url\":\"https:\\\/\\\/fieam.org.br\\\/sesi\\\/\",\"name\":\"SESI\",\"description\":\"Site Oficial!\",\"publisher\":{\"@id\":\"https:\\\/\\\/fieam.org.br\\\/sesi\\\/#organization\"},\"potentialAction\":[{\"@type\":\"SearchAction\",\"target\":{\"@type\":\"EntryPoint\",\"urlTemplate\":\"https:\\\/\\\/fieam.org.br\\\/sesi\\\/?s={search_term_string}\"},\"query-input\":{\"@type\":\"PropertyValueSpecification\",\"valueRequired\":true,\"valueName\":\"search_term_string\"}}],\"inLanguage\":\"pt-BR\"},{\"@type\":\"Organization\",\"@id\":\"https:\\\/\\\/fieam.org.br\\\/sesi\\\/#organization\",\"name\":\"SESI\",\"url\":\"https:\\\/\\\/fieam.org.br\\\/sesi\\\/\",\"logo\":{\"@type\":\"ImageObject\",\"inLanguage\":\"pt-BR\",\"@id\":\"https:\\\/\\\/fieam.org.br\\\/sesi\\\/#\\\/schema\\\/logo\\\/image\\\/\",\"url\":\"https:\\\/\\\/fieam.org.br\\\/sesi\\\/wp-content\\\/uploads\\\/sites\\\/14\\\/2024\\\/03\\\/cropped-fav.png\",\"contentUrl\":\"https:\\\/\\\/fieam.org.br\\\/sesi\\\/wp-content\\\/uploads\\\/sites\\\/14\\\/2024\\\/03\\\/cropped-fav.png\",\"width\":610,\"height\":589,\"caption\":\"SESI\"},\"image\":{\"@id\":\"https:\\\/\\\/fieam.org.br\\\/sesi\\\/#\\\/schema\\\/logo\\\/image\\\/\"}},{\"@type\":\"Person\",\"@id\":\"https:\\\/\\\/fieam.org.br\\\/sesi\\\/#\\\/schema\\\/person\\\/f54998dd14d5f0695b41444f2b01c31e\",\"name\":\"Autor\",\"image\":{\"@type\":\"ImageObject\",\"inLanguage\":\"pt-BR\",\"@id\":\"https:\\\/\\\/secure.gravatar.com\\\/avatar\\\/3732c223e0e1fad69062a8f770955c9068d37b055204f310a0be18d4069fe380?s=96&d=mm&r=g\",\"url\":\"https:\\\/\\\/secure.gravatar.com\\\/avatar\\\/3732c223e0e1fad69062a8f770955c9068d37b055204f310a0be18d4069fe380?s=96&d=mm&r=g\",\"contentUrl\":\"https:\\\/\\\/secure.gravatar.com\\\/avatar\\\/3732c223e0e1fad69062a8f770955c9068d37b055204f310a0be18d4069fe380?s=96&d=mm&r=g\",\"caption\":\"Autor\"},\"sameAs\":[\"https:\\\/\\\/marketingmassivo.com.br\"],\"url\":\"https:\\\/\\\/fieam.org.br\\\/sesi\\\/author\\\/admin\\\/\"}]}<\/script>\n<!-- \/ Yoast SEO plugin. -->","yoast_head_json":{"title":"Evento destaca ganhos em Sa\u00fade e Seguran\u00e7a do Trabalho para ind\u00fastria - SESI","robots":{"index":"index","follow":"follow","max-snippet":"max-snippet:-1","max-image-preview":"max-image-preview:large","max-video-preview":"max-video-preview:-1"},"canonical":"https:\/\/fieam.org.br\/sesi\/evento-destaca-ganhos-em-saude-e-seguranca-do-trabalho-para-industria\/","og_locale":"pt_BR","og_type":"article","og_title":"Evento destaca ganhos em Sa\u00fade e Seguran\u00e7a do Trabalho para ind\u00fastria - SESI","og_description":"Movidos pela ideia de que ind\u00fastria saud\u00e1vel se faz com trabalhadores saud\u00e1veis, o Servi\u00e7o Social da Ind\u00fastria (SESI Amazonas), Superintend\u00eancia Regional do Trabalho (SRT) e Servi\u00e7o Social da Constru\u00e7\u00e3o Civil (SECONCI-AM) promoveram evento sobre preven\u00e7\u00e3o de acidentes e doen\u00e7as no trabalho, que reuniu na sexta-feira representantes da \u00e1rea de seguran\u00e7a das empresas no Polo Industrial [&hellip;]","og_url":"https:\/\/fieam.org.br\/sesi\/evento-destaca-ganhos-em-saude-e-seguranca-do-trabalho-para-industria\/","og_site_name":"SESI","article_published_time":"2017-05-08T15:41:38+00:00","author":"Autor","twitter_card":"summary_large_image","twitter_misc":{"Escrito por":"Autor","Est. tempo de leitura":"2 minutos"},"schema":{"@context":"https:\/\/schema.org","@graph":[{"@type":"Article","@id":"https:\/\/fieam.org.br\/sesi\/evento-destaca-ganhos-em-saude-e-seguranca-do-trabalho-para-industria\/#article","isPartOf":{"@id":"https:\/\/fieam.org.br\/sesi\/evento-destaca-ganhos-em-saude-e-seguranca-do-trabalho-para-industria\/"},"author":{"name":"Autor","@id":"https:\/\/fieam.org.br\/sesi\/#\/schema\/person\/f54998dd14d5f0695b41444f2b01c31e"},"headline":"Evento destaca ganhos em Sa\u00fade e Seguran\u00e7a do Trabalho para ind\u00fastria","datePublished":"2017-05-08T15:41:38+00:00","mainEntityOfPage":{"@id":"https:\/\/fieam.org.br\/sesi\/evento-destaca-ganhos-em-saude-e-seguranca-do-trabalho-para-industria\/"},"wordCount":512,"commentCount":0,"publisher":{"@id":"https:\/\/fieam.org.br\/sesi\/#organization"},"image":{"@id":"https:\/\/fieam.org.br\/sesi\/evento-destaca-ganhos-em-saude-e-seguranca-do-trabalho-para-industria\/#primaryimage"},"thumbnailUrl":"","articleSection":["News","News Destaque"],"inLanguage":"pt-BR","potentialAction":[{"@type":"CommentAction","name":"Comment","target":["https:\/\/fieam.org.br\/sesi\/evento-destaca-ganhos-em-saude-e-seguranca-do-trabalho-para-industria\/#respond"]}]},{"@type":"WebPage","@id":"https:\/\/fieam.org.br\/sesi\/evento-destaca-ganhos-em-saude-e-seguranca-do-trabalho-para-industria\/","url":"https:\/\/fieam.org.br\/sesi\/evento-destaca-ganhos-em-saude-e-seguranca-do-trabalho-para-industria\/","name":"Evento destaca ganhos em Sa\u00fade e Seguran\u00e7a do Trabalho para ind\u00fastria - SESI","isPartOf":{"@id":"https:\/\/fieam.org.br\/sesi\/#website"},"primaryImageOfPage":{"@id":"https:\/\/fieam.org.br\/sesi\/evento-destaca-ganhos-em-saude-e-seguranca-do-trabalho-para-industria\/#primaryimage"},"image":{"@id":"https:\/\/fieam.org.br\/sesi\/evento-destaca-ganhos-em-saude-e-seguranca-do-trabalho-para-industria\/#primaryimage"},"thumbnailUrl":"","datePublished":"2017-05-08T15:41:38+00:00","breadcrumb":{"@id":"https:\/\/fieam.org.br\/sesi\/evento-destaca-ganhos-em-saude-e-seguranca-do-trabalho-para-industria\/#breadcrumb"},"inLanguage":"pt-BR","potentialAction":[{"@type":"ReadAction","target":["https:\/\/fieam.org.br\/sesi\/evento-destaca-ganhos-em-saude-e-seguranca-do-trabalho-para-industria\/"]}]},{"@type":"ImageObject","inLanguage":"pt-BR","@id":"https:\/\/fieam.org.br\/sesi\/evento-destaca-ganhos-em-saude-e-seguranca-do-trabalho-para-industria\/#primaryimage","url":"","contentUrl":""},{"@type":"BreadcrumbList","@id":"https:\/\/fieam.org.br\/sesi\/evento-destaca-ganhos-em-saude-e-seguranca-do-trabalho-para-industria\/#breadcrumb","itemListElement":[{"@type":"ListItem","position":1,"name":"In\u00edcio","item":"https:\/\/fieam.org.br\/sesi\/"},{"@type":"ListItem","position":2,"name":"Evento destaca ganhos em Sa\u00fade e Seguran\u00e7a do Trabalho para ind\u00fastria"}]},{"@type":"WebSite","@id":"https:\/\/fieam.org.br\/sesi\/#website","url":"https:\/\/fieam.org.br\/sesi\/","name":"SESI","description":"Site Oficial!","publisher":{"@id":"https:\/\/fieam.org.br\/sesi\/#organization"},"potentialAction":[{"@type":"SearchAction","target":{"@type":"EntryPoint","urlTemplate":"https:\/\/fieam.org.br\/sesi\/?s={search_term_string}"},"query-input":{"@type":"PropertyValueSpecification","valueRequired":true,"valueName":"search_term_string"}}],"inLanguage":"pt-BR"},{"@type":"Organization","@id":"https:\/\/fieam.org.br\/sesi\/#organization","name":"SESI","url":"https:\/\/fieam.org.br\/sesi\/","logo":{"@type":"ImageObject","inLanguage":"pt-BR","@id":"https:\/\/fieam.org.br\/sesi\/#\/schema\/logo\/image\/","url":"https:\/\/fieam.org.br\/sesi\/wp-content\/uploads\/sites\/14\/2024\/03\/cropped-fav.png","contentUrl":"https:\/\/fieam.org.br\/sesi\/wp-content\/uploads\/sites\/14\/2024\/03\/cropped-fav.png","width":610,"height":589,"caption":"SESI"},"image":{"@id":"https:\/\/fieam.org.br\/sesi\/#\/schema\/logo\/image\/"}},{"@type":"Person","@id":"https:\/\/fieam.org.br\/sesi\/#\/schema\/person\/f54998dd14d5f0695b41444f2b01c31e","name":"Autor","image":{"@type":"ImageObject","inLanguage":"pt-BR","@id":"https:\/\/secure.gravatar.com\/avatar\/3732c223e0e1fad69062a8f770955c9068d37b055204f310a0be18d4069fe380?s=96&d=mm&r=g","url":"https:\/\/secure.gravatar.com\/avatar\/3732c223e0e1fad69062a8f770955c9068d37b055204f310a0be18d4069fe380?s=96&d=mm&r=g","contentUrl":"https:\/\/secure.gravatar.com\/avatar\/3732c223e0e1fad69062a8f770955c9068d37b055204f310a0be18d4069fe380?s=96&d=mm&r=g","caption":"Autor"},"sameAs":["https:\/\/marketingmassivo.com.br"],"url":"https:\/\/fieam.org.br\/sesi\/author\/admin\/"}]}},"_links":{"self":[{"href":"https:\/\/fieam.org.br\/sesi\/wp-json\/wp\/v2\/posts\/10500","targetHints":{"allow":["GET"]}}],"collection":[{"href":"https:\/\/fieam.org.br\/sesi\/wp-json\/wp\/v2\/posts"}],"about":[{"href":"https:\/\/fieam.org.br\/sesi\/wp-json\/wp\/v2\/types\/post"}],"author":[{"embeddable":true,"href":"https:\/\/fieam.org.br\/sesi\/wp-json\/wp\/v2\/users\/1"}],"replies":[{"embeddable":true,"href":"https:\/\/fieam.org.br\/sesi\/wp-json\/wp\/v2\/comments?post=10500"}],"version-history":[{"count":0,"href":"https:\/\/fieam.org.br\/sesi\/wp-json\/wp\/v2\/posts\/10500\/revisions"}],"wp:attachment":[{"href":"https:\/\/fieam.org.br\/sesi\/wp-json\/wp\/v2\/media?parent=10500"}],"wp:term":[{"taxonomy":"category","embeddable":true,"href":"https:\/\/fieam.org.br\/sesi\/wp-json\/wp\/v2\/categories?post=10500"},{"taxonomy":"post_tag","embeddable":true,"href":"https:\/\/fieam.org.br\/sesi\/wp-json\/wp\/v2\/tags?post=10500"}],"curies":[{"name":"wp","href":"https:\/\/api.w.org\/{rel}","templated":true}]}}