{"id":10425,"date":"2017-04-12T17:48:11","date_gmt":"2017-04-12T21:48:11","guid":{"rendered":"http:\/\/www.fieam.org.br\/sesi\/?p=10425"},"modified":"2017-04-12T17:48:11","modified_gmt":"2017-04-12T21:48:11","slug":"na-escola-sesi-dra-emina-barbosa-mustafa-aluno-sai-do-ensino-medio-com-uma-profissao","status":"publish","type":"post","link":"https:\/\/fieam.org.br\/sesi\/na-escola-sesi-dra-emina-barbosa-mustafa-aluno-sai-do-ensino-medio-com-uma-profissao\/","title":{"rendered":"Na Escola SESI Dra \u00camina Barbosa Mustafa  aluno sai do Ensino M\u00e9dio com uma profiss\u00e3o"},"content":{"rendered":"<p>&nbsp;<\/p>\n<p><a href=\"http:\/\/www.fieam.org.br\/sesi\/wp-content\/uploads\/sites\/2\/2017\/04\/Eukyam-Batista-aluno-desde-a-inf\u00e2ncia-prestes-a-se-formar-satisfeito-em-fazer-parte-da-hist\u00f3ria-da-institui\u00e7\u00e3o..jpg\"><img fetchpriority=\"high\" decoding=\"async\" class=\" wp-image-10427 alignleft\" src=\"http:\/\/www.fieam.org.br\/sesi\/wp-content\/uploads\/sites\/2\/2017\/04\/Eukyam-Batista-aluno-desde-a-inf\u00e2ncia-prestes-a-se-formar-satisfeito-em-fazer-parte-da-hist\u00f3ria-da-institui\u00e7\u00e3o.-300x200.jpg\" alt=\"Eukyam Batista aluno, desde a inf\u00e2ncia prestes a se formar, satisfeito em fazer parte da hist\u00f3ria da institui\u00e7\u00e3o.\" width=\"371\" height=\"247\" \/><\/a>Uma escola em que o aluno conclui o Ensino M\u00e9dio e ainda se habilita em um curso t\u00e9cnico. Assim \u00e9 a Escola<a href=\"http:\/\/www.fieam.org.br\/sesi\/\"> SESI<\/a> Dra. \u00camina Barbosa Mustafa, que no pr\u00f3ximo s\u00e1bado (15) vai completar 28 anos no cen\u00e1rio educacional manauara. Atualmente a escola atende 868 estudantes, a maioria alunos filhos ou dependentes de industri\u00e1rios, que cursam do Ensino Fundamental ao Ensino M\u00e9dio.<\/p>\n<p>Aos alunos do Ensino M\u00e9dio, a partir do 2\u00ba ano, s\u00e3o oferecidas aulas de ensino regular durante o per\u00edodo da manh\u00e3 e\u00a0 aulas na modalidade Educa\u00e7\u00e3o B\u00e1sica Articulada com Educa\u00e7\u00e3o Profissional (EBEP), gra\u00e7as \u00e0 parceria SESI e <a href=\"http:\/\/www.fieam.org.br\/senai\/\">Servi\u00e7o Nacional de Aprendizagem (SENAI)<\/a>, que articula a educa\u00e7\u00e3o regular \u00e0 educa\u00e7\u00e3o profissional. Nessa modalidade, funcionam os cursos: T\u00e9cnico em Inform\u00e1tica, T\u00e9cnico em Sistema de Informa\u00e7\u00e3o, e T\u00e9cnico em Administra\u00e7\u00e3o. Todos os cursos s\u00e3o dotados de laborat\u00f3rios para que o estudante ponha em pr\u00e1tica os conhecimentos adquiridos.<\/p>\n<p>De acordo com a gerente da Escola SESI, Ana Karina de Holanda, os alunos do ensino m\u00e9dio tamb\u00e9m s\u00e3o preparados para o vestibular, desde o 1\u00ba ano, e colhem o sucesso com a aprova\u00e7\u00e3o nas melhores universidades.<\/p>\n<p>\u201cNo in\u00edcio do ano, fazemos o nivelamento, com avalia\u00e7\u00e3o diagn\u00f3stica para perceber onde est\u00e1 a maior dificuldade dos alunos e assim planejar o trabalho. Quando a turma est\u00e1 toda nivelada, damos in\u00edcio ao preparat\u00f3rio voltado para as avalia\u00e7\u00f5es externas\u201d, relata a professora.<\/p>\n<p>Para os alunos s\u00e3o oferecidos oficinas de aprendizagem, de reda\u00e7\u00e3o, aul\u00e3o interdisciplinar, entre outros.\u00a0 \u201cSomente duas vezes por semana esses alunos passam o dia inteiro aqui na escola, sendo que pela manh\u00e3 t\u00eam aula regular e \u00e0 tarde t\u00eam o preparat\u00f3rio\u201d, observa.<\/p>\n<p>Alunos do 2\u00ba e 3\u00ba ano da EBEP tamb\u00e9m participam do preparat\u00f3rio ao vestibular, durante uma hora por dia, com oficinas de reda\u00e7\u00e3o, produ\u00e7\u00e3o textual, interpreta\u00e7\u00e3o de texto, f\u00edsica, qu\u00edmica e matem\u00e1tica, para fortalecer o ensino.<\/p>\n<p>\u201cAqui desenvolvemos um trabalho completo com os nossos alunos, para que saiam do ensino m\u00e9dio com uma profiss\u00e3o e aptos para inser\u00e7\u00e3o no mercado de trabalho ou na universidade\u201d, explica Ana Karina.<\/p>\n<p>A Escola SESI conta com equipe t\u00e9cnica formada por 45 professores, uma assistente social, um t\u00e9cnico de enfermagem, uma psic\u00f3loga e quatro pedagogos. \u201cTemos dois pedagogos que atuam nas turmas do Ensino Fundamental I e II, outro que atende o ensino m\u00e9dio e uma pedagoga que atende a todos os alunos de forma geral, fazendo o acompanhamento de orienta\u00e7\u00e3o\u201d, conta Ana.<\/p>\n<p>Em sala de aula, al\u00e9m dos professores h\u00e1 tamb\u00e9m auxiliares, que atuam como facilitadores da aprendizagem nas turmas com alunos com necessidades especiais, ou com necessidade de uma aten\u00e7\u00e3o mais direcionada.<\/p>\n<p>&nbsp;<\/p>\n<p><strong>Alunos aprovam<\/strong><\/p>\n<p>&nbsp;<\/p>\n<p>\u201cEstudo aqui desde pequeno, cresci aqui dentro. Ent\u00e3o o SESI \u00e9 a minha casa. A escola \u00e9 tem qualidade de ensino diferenciado, eu gosto daqui\u201d, fala o aluno do 3\u00ba ano do Ensino M\u00e9dio, Eukyam Nogueira, que estuda na unidade desde o 3\u00ba per\u00edodo do Ensino Fundamental I.<\/p>\n<p>Renata Val\u00e9rio, tamb\u00e9m aluna da escola desde a Pr\u00e9-Escola e em seu \u00faltimo ano na institui\u00e7\u00e3o, destaca que a sua experi\u00eancia na escola \u00e9 gratificante, porque o SESI vem sempre inovando, sempre buscando o melhor para n\u00f3s. \u201cTemos muito apoio dos professores, a qualidade do ensino \u00e9 \u00f3tima, vou levar pra sempre as experi\u00eancias que eu tive aqui\u201d, relata.<\/p>\n<p><strong>\u00a0<\/strong><\/p>\n<p><strong>Torneios estimulam aprendizado<\/strong><\/p>\n<p><strong>\u00a0<\/strong><\/p>\n<p>Na educa\u00e7\u00e3o tecnol\u00f3gica, os alunos t\u00eam aula de rob\u00f3tica e programa\u00e7\u00e3o para o aprendizado em inova\u00e7\u00e3o de forma criativa. Com o Torneio de Rob\u00f3tica FIRST\u00ae LEGO\u00ae League (FLL) \u2013 programa internacional voltado para crian\u00e7as de 9 a 16 anos, os alunos despertam o interesse em temas como ci\u00eancia e tecnologia dentro do ambiente escolar.<\/p>\n<p>Para o torneio, os alunos desenvolvem projetos de pesquisas cient\u00edficas que resultam na constru\u00e7\u00e3o e programa\u00e7\u00e3o de rob\u00f4s aut\u00f4nomos com a tecnologia Lego\u00ae Mindstorms\u00ae, para realizar miss\u00f5es em tempo pr\u00e9-determinado pelos organizadores do torneio.<\/p>\n<p>\u201cTodas as escolas SESI trabalham a rob\u00f3tica dentro das salas de aulas e preparam seus alunos para uma seletiva interna das Escolas SESI. Os vencedores dessa seletiva participam do Torneio de Rob\u00f3tica First\u00ae Lego\u00ae League (FLL) \u2013 Etapa Regional Amazonas e se classificados, para a etapa nacional\u201d, afirma Ana.<\/p>\n<p>Em 2017, al\u00e9m de participar da 1\u00aa Olimp\u00edada SESI de Matem\u00e1tica \u2013 etapa regional, a escola participar\u00e1 pela 1\u00aa vez da Ol\u00edmpiada Brasileira de Matem\u00e1tica (Obemep), bem como do FLICS (1\u00ba Festival Liter\u00e1rio e Cultural SESI), evento em parceria com a Rede Amaz\u00f4nica.<\/p>\n<p>Inaugurada em 15 de abril de 1989, na administra\u00e7\u00e3o do ent\u00e3o presidente da FIEAM e diretor regional do SESI Amazonas, Jo\u00e3o de Mendon\u00e7a Furtado, a escola recebeu o nome de \u00camina Barbosa Mustafa, em homenagem \u00e0 educadora que atuou no SESI por mais de 35 anos em v\u00e1rios cargos, inclusive com superintendente do Departamento Regional do Amazonas (SESI\/DR).<\/p>\n<p>A\u00a0escola foi constru\u00edda para atender principalmente os filhos e demais dependentes dos trabalhadores do Polo Industrial de Manaus (PIM) e\u00a0atualmente conta\u00a0com uma \u00e1rea de 5,5 mil metros quadrados. De acordo com a gerente da escola, Ana Karina Holanda, a maioria dos alunos \u00e9 oriunda da ind\u00fastria. \u201cTemos 574 alunos que representam 66% de alunos dependentes da ind\u00fastria\u201d.<\/p>\n<p>A unidade possui espa\u00e7o modernamente equipado com laborat\u00f3rios, biblioteca, quadra poliesportiva, audit\u00f3rio, com destaque para as salas tecnol\u00f3gicas. \u201cA nossa escola oferece estrutura de qualidade para os nossos alunos e o trabalho que desenvolvemos com a educa\u00e7\u00e3o tecnol\u00f3gica tem chamado bastante a aten\u00e7\u00e3o dos pais durante a matr\u00edcula\u201d, pontua.<\/p>\n<p>O ensino fundamental \u00e9 oferecido em per\u00edodo parcial e os alunos s\u00e3o acompanhados por equipe de profissionais, enriquecidos de materiais did\u00e1ticos criativos. A escola oferece aulas de rob\u00f3tica com a metodologia LEGO\u00ae Education, aulas de l\u00edngua inglesa a partir do 1\u00ba ano e l\u00edngua espanhola a partir do 6\u00ba ano, visando a aprimorar o curr\u00edculo escolar dos alunos de 1\u00ba ao 9\u00ba ano conforme as necessidades de cada fase.<\/p>\n<p><strong>\u00a0<\/strong>Em 2016, a escola foi premiada em 2\u00ba e 3\u00ba lugar na etapa regional Olimp\u00edada Brasileira de Rob\u00f3tica, em 1\u00ba lugar na categoria Design Mec\u00e2nico na Olimp\u00edada do Conhecimento em Bras\u00edlia e em 2\u00ba lugar no campeonato de rob\u00f3tica da Semana de Tecnologia da UEA.<\/p>\n<p><strong>\u00a0<\/strong><\/p>\n<p><strong>Projetos<\/strong><\/p>\n<p>Al\u00e9m das aulas normais, a escola tamb\u00e9m t\u00eam em sua grade escolar diversas atividades extras como recrea\u00e7\u00f5es juninas, festa da fam\u00edlia, al\u00e9m dos projetos internos como a feira do empreendedor e a semana da ind\u00fastria. Segundo Ana Karina, na semana da ind\u00fastria os alunos saem do ambiente escolar para fazer visitas t\u00e9cnicas nas f\u00e1bricas. \u201cAno passado os alunos visitaram a f\u00e1brica de sorvete Toya, a f\u00e1brica Bombons Finos da Amaz\u00f4nia. Temos uma parceria muito forte com ind\u00fastrias como a Caloi, Samsung, Honda, que sempre recebem os alunos para visita\u00e7\u00e3o e palestras. A ind\u00fastria \u00e9 muito parceira\u201d, reconhece a pedagoga.<\/p>\n<p><strong>\u00a0<\/strong><strong>\u00a0<\/strong><strong>Servi\u00e7o<\/strong><\/p>\n<p>A Escola SESI Dra \u00camina Barbosa Mustafa funciona em hor\u00e1rio parcial para o Ensino Fundamental I e II e integral para o Ensino M\u00e9dio com a modalidade EBEP. Este ano, foram matriculados 868 alunos, a turma que mais atende a demanda s\u00e3o as turmas do Ensino Fundamental, na faixa et\u00e1ria de 11 a 15 anos. Todas as turmas possuem entre 20 a 40 alunos. A maior turma \u00e9 a do 3\u00ba ano do Ensino M\u00e9dio com 43 alunos. A escola SESI Dra. \u00camina Barbosa Mustafa est\u00e1 localizada no bairro Aleixo, Avenida Cosme Ferreira, 3295. Para mais informa\u00e7\u00f5es ligue (92) 3216-1020 \/ 3216-1021 \/ 3216-1022 ou pelo e-mail \u00a0<a href=\"mailto:ue3.secretaria@fieam.org.br\">ue3.secretaria@fieam.org.br<\/a> \/ <a href=\"mailto:escolasesi.aleixo@sesiam.org.br\">escolasesi.aleixo@sesiam.org.br<\/a>.<\/p>\n<p>&nbsp;<\/p>\n<p><strong>ATENDIMENTO \u00c0 IMPRENSA<\/strong><\/p>\n<p>&nbsp;<\/p>\n<p><strong>Diretoria de Comunica\u00e7\u00e3o e Marketing do Sistema FIEAM<\/strong><\/p>\n<p>Tel: (92) 3186-6576 Fax: (92) 3186-6579<\/p>\n<p>E-mail: <a href=\"mailto:imprensa@fieam.org.br\">imprensa@fieam.org.br<\/a><\/p>\n<p>Portal: <a href=\"http:\/\/www.fieam.org.br\">http:\/\/www.fieam.org.br<\/a><\/p>\n<p><strong>Sistema FIEAM nas redes sociais<\/strong><\/p>\n<p><strong>FIEAM:<\/strong> <a href=\"https:\/\/www.facebook.com\/fieamoficial\">Facebook<\/a>| <a href=\"https:\/\/twitter.com\/fieam\">Twitter<\/a>| <a href=\"https:\/\/www.instagram.com\/sistemafieam\/\">Instagram<\/a>| <a href=\"https:\/\/www.youtube.com\/user\/FIEAM\">You Tube<\/a><\/p>\n<p><strong>SESI:<\/strong> <a href=\"https:\/\/www.facebook.com\/sesiamazonas\">Facebook<\/a>| <a href=\"https:\/\/twitter.com\/sesiamazonas\">Twitter<\/a>| <a href=\"https:\/\/www.instagram.com\/sistemafieam\/\">Instagram<\/a>| <a href=\"https:\/\/www.youtube.com\/user\/SESIAmazonas\">You Tube<\/a><\/p>\n<p><strong>SENAI:<\/strong> <a href=\"https:\/\/www.facebook.com\/senaiamazonas\">Facebook<\/a>| <a href=\"https:\/\/twitter.com\/senaiamazonas\">Twitter<\/a>| <a href=\"https:\/\/www.instagram.com\/sistemafieam\/\">Instagram<\/a>| <a href=\"https:\/\/www.youtube.com\/user\/SENAIAmazonas\">You Tube<\/a><\/p>\n<p><strong>IEL:<\/strong> <a href=\"https:\/\/www.facebook.com\/ielamazonas\">Facebook<\/a>| <a href=\"https:\/\/twitter.com\/ielamazonas\">Twitter<\/a>| <a href=\"https:\/\/www.instagram.com\/sistemafieam\/\">Instagram<\/a>| <a href=\"https:\/\/www.youtube.com\/user\/IELAmazonas\">You Tube<\/a><\/p>\n","protected":false},"excerpt":{"rendered":"<p>&nbsp; Uma escola em que o aluno conclui o Ensino M\u00e9dio e ainda se habilita em um curso t\u00e9cnico. Assim \u00e9 a Escola SESI Dra. \u00camina Barbosa Mustafa, que no pr\u00f3ximo s\u00e1bado (15) vai completar 28 anos no cen\u00e1rio educacional manauara. Atualmente a escola atende 868 estudantes, a maioria alunos filhos ou dependentes de industri\u00e1rios, [&hellip;]<\/p>\n","protected":false},"author":1,"featured_media":10426,"comment_status":"open","ping_status":"open","sticky":false,"template":"","format":"standard","meta":{"footnotes":""},"categories":[25,26],"tags":[],"class_list":["post-10425","post","type-post","status-publish","format-standard","has-post-thumbnail","hentry","category-news","category-news-destaque"],"yoast_head":"<!-- This site is optimized with the Yoast SEO plugin v28.2 - https:\/\/yoast.com\/product\/yoast-seo-wordpress\/ -->\n<title>Na Escola SESI Dra \u00camina Barbosa Mustafa aluno sai do Ensino M\u00e9dio com uma profiss\u00e3o - SESI<\/title>\n<meta name=\"robots\" content=\"index, follow, max-snippet:-1, max-image-preview:large, max-video-preview:-1\" \/>\n<link rel=\"canonical\" href=\"https:\/\/fieam.org.br\/sesi\/na-escola-sesi-dra-emina-barbosa-mustafa-aluno-sai-do-ensino-medio-com-uma-profissao\/\" \/>\n<meta property=\"og:locale\" content=\"pt_BR\" \/>\n<meta property=\"og:type\" content=\"article\" \/>\n<meta property=\"og:title\" content=\"Na Escola SESI Dra \u00camina Barbosa Mustafa aluno sai do Ensino M\u00e9dio com uma profiss\u00e3o - SESI\" \/>\n<meta property=\"og:description\" content=\"&nbsp; Uma escola em que o aluno conclui o Ensino M\u00e9dio e ainda se habilita em um curso t\u00e9cnico. Assim \u00e9 a Escola SESI Dra. \u00camina Barbosa Mustafa, que no pr\u00f3ximo s\u00e1bado (15) vai completar 28 anos no cen\u00e1rio educacional manauara. Atualmente a escola atende 868 estudantes, a maioria alunos filhos ou dependentes de industri\u00e1rios, [&hellip;]\" \/>\n<meta property=\"og:url\" content=\"https:\/\/fieam.org.br\/sesi\/na-escola-sesi-dra-emina-barbosa-mustafa-aluno-sai-do-ensino-medio-com-uma-profissao\/\" \/>\n<meta property=\"og:site_name\" content=\"SESI\" \/>\n<meta property=\"article:published_time\" content=\"2017-04-12T21:48:11+00:00\" \/>\n<meta property=\"og:image\" content=\"https:\/\/fieam.org.br\/sesi\/wp-content\/uploads\/sites\/14\/2017\/04\/Escola-SESI-permite-ao-aluno-obter-os-melhores-resultados-em-cada-etapa-da-escolaridade.jpg\" \/>\n\t<meta property=\"og:image:width\" content=\"1024\" \/>\n\t<meta property=\"og:image:height\" content=\"683\" \/>\n\t<meta property=\"og:image:type\" content=\"image\/jpeg\" \/>\n<meta name=\"author\" content=\"Autor\" \/>\n<meta name=\"twitter:card\" content=\"summary_large_image\" \/>\n<meta name=\"twitter:label1\" content=\"Escrito por\" \/>\n\t<meta name=\"twitter:data1\" content=\"Autor\" \/>\n\t<meta name=\"twitter:label2\" content=\"Est. tempo de leitura\" \/>\n\t<meta name=\"twitter:data2\" content=\"7 minutos\" \/>\n<script type=\"application\/ld+json\" class=\"yoast-schema-graph\">{\"@context\":\"https:\\\/\\\/schema.org\",\"@graph\":[{\"@type\":\"Article\",\"@id\":\"https:\\\/\\\/fieam.org.br\\\/sesi\\\/na-escola-sesi-dra-emina-barbosa-mustafa-aluno-sai-do-ensino-medio-com-uma-profissao\\\/#article\",\"isPartOf\":{\"@id\":\"https:\\\/\\\/fieam.org.br\\\/sesi\\\/na-escola-sesi-dra-emina-barbosa-mustafa-aluno-sai-do-ensino-medio-com-uma-profissao\\\/\"},\"author\":{\"name\":\"Autor\",\"@id\":\"https:\\\/\\\/fieam.org.br\\\/sesi\\\/#\\\/schema\\\/person\\\/f54998dd14d5f0695b41444f2b01c31e\"},\"headline\":\"Na Escola SESI Dra \u00camina Barbosa Mustafa aluno sai do Ensino M\u00e9dio com uma profiss\u00e3o\",\"datePublished\":\"2017-04-12T21:48:11+00:00\",\"mainEntityOfPage\":{\"@id\":\"https:\\\/\\\/fieam.org.br\\\/sesi\\\/na-escola-sesi-dra-emina-barbosa-mustafa-aluno-sai-do-ensino-medio-com-uma-profissao\\\/\"},\"wordCount\":1386,\"commentCount\":0,\"publisher\":{\"@id\":\"https:\\\/\\\/fieam.org.br\\\/sesi\\\/#organization\"},\"image\":{\"@id\":\"https:\\\/\\\/fieam.org.br\\\/sesi\\\/na-escola-sesi-dra-emina-barbosa-mustafa-aluno-sai-do-ensino-medio-com-uma-profissao\\\/#primaryimage\"},\"thumbnailUrl\":\"https:\\\/\\\/fieam.org.br\\\/sesi\\\/wp-content\\\/uploads\\\/sites\\\/14\\\/2017\\\/04\\\/Escola-SESI-permite-ao-aluno-obter-os-melhores-resultados-em-cada-etapa-da-escolaridade.jpg\",\"articleSection\":[\"News\",\"News Destaque\"],\"inLanguage\":\"pt-BR\",\"potentialAction\":[{\"@type\":\"CommentAction\",\"name\":\"Comment\",\"target\":[\"https:\\\/\\\/fieam.org.br\\\/sesi\\\/na-escola-sesi-dra-emina-barbosa-mustafa-aluno-sai-do-ensino-medio-com-uma-profissao\\\/#respond\"]}]},{\"@type\":\"WebPage\",\"@id\":\"https:\\\/\\\/fieam.org.br\\\/sesi\\\/na-escola-sesi-dra-emina-barbosa-mustafa-aluno-sai-do-ensino-medio-com-uma-profissao\\\/\",\"url\":\"https:\\\/\\\/fieam.org.br\\\/sesi\\\/na-escola-sesi-dra-emina-barbosa-mustafa-aluno-sai-do-ensino-medio-com-uma-profissao\\\/\",\"name\":\"Na Escola SESI Dra \u00camina Barbosa Mustafa aluno sai do Ensino M\u00e9dio com uma profiss\u00e3o - SESI\",\"isPartOf\":{\"@id\":\"https:\\\/\\\/fieam.org.br\\\/sesi\\\/#website\"},\"primaryImageOfPage\":{\"@id\":\"https:\\\/\\\/fieam.org.br\\\/sesi\\\/na-escola-sesi-dra-emina-barbosa-mustafa-aluno-sai-do-ensino-medio-com-uma-profissao\\\/#primaryimage\"},\"image\":{\"@id\":\"https:\\\/\\\/fieam.org.br\\\/sesi\\\/na-escola-sesi-dra-emina-barbosa-mustafa-aluno-sai-do-ensino-medio-com-uma-profissao\\\/#primaryimage\"},\"thumbnailUrl\":\"https:\\\/\\\/fieam.org.br\\\/sesi\\\/wp-content\\\/uploads\\\/sites\\\/14\\\/2017\\\/04\\\/Escola-SESI-permite-ao-aluno-obter-os-melhores-resultados-em-cada-etapa-da-escolaridade.jpg\",\"datePublished\":\"2017-04-12T21:48:11+00:00\",\"breadcrumb\":{\"@id\":\"https:\\\/\\\/fieam.org.br\\\/sesi\\\/na-escola-sesi-dra-emina-barbosa-mustafa-aluno-sai-do-ensino-medio-com-uma-profissao\\\/#breadcrumb\"},\"inLanguage\":\"pt-BR\",\"potentialAction\":[{\"@type\":\"ReadAction\",\"target\":[\"https:\\\/\\\/fieam.org.br\\\/sesi\\\/na-escola-sesi-dra-emina-barbosa-mustafa-aluno-sai-do-ensino-medio-com-uma-profissao\\\/\"]}]},{\"@type\":\"ImageObject\",\"inLanguage\":\"pt-BR\",\"@id\":\"https:\\\/\\\/fieam.org.br\\\/sesi\\\/na-escola-sesi-dra-emina-barbosa-mustafa-aluno-sai-do-ensino-medio-com-uma-profissao\\\/#primaryimage\",\"url\":\"https:\\\/\\\/fieam.org.br\\\/sesi\\\/wp-content\\\/uploads\\\/sites\\\/14\\\/2017\\\/04\\\/Escola-SESI-permite-ao-aluno-obter-os-melhores-resultados-em-cada-etapa-da-escolaridade.jpg\",\"contentUrl\":\"https:\\\/\\\/fieam.org.br\\\/sesi\\\/wp-content\\\/uploads\\\/sites\\\/14\\\/2017\\\/04\\\/Escola-SESI-permite-ao-aluno-obter-os-melhores-resultados-em-cada-etapa-da-escolaridade.jpg\",\"width\":1024,\"height\":683},{\"@type\":\"BreadcrumbList\",\"@id\":\"https:\\\/\\\/fieam.org.br\\\/sesi\\\/na-escola-sesi-dra-emina-barbosa-mustafa-aluno-sai-do-ensino-medio-com-uma-profissao\\\/#breadcrumb\",\"itemListElement\":[{\"@type\":\"ListItem\",\"position\":1,\"name\":\"In\u00edcio\",\"item\":\"https:\\\/\\\/fieam.org.br\\\/sesi\\\/\"},{\"@type\":\"ListItem\",\"position\":2,\"name\":\"Na Escola SESI Dra \u00camina Barbosa Mustafa aluno sai do Ensino M\u00e9dio com uma profiss\u00e3o\"}]},{\"@type\":\"WebSite\",\"@id\":\"https:\\\/\\\/fieam.org.br\\\/sesi\\\/#website\",\"url\":\"https:\\\/\\\/fieam.org.br\\\/sesi\\\/\",\"name\":\"SESI\",\"description\":\"Site Oficial!\",\"publisher\":{\"@id\":\"https:\\\/\\\/fieam.org.br\\\/sesi\\\/#organization\"},\"potentialAction\":[{\"@type\":\"SearchAction\",\"target\":{\"@type\":\"EntryPoint\",\"urlTemplate\":\"https:\\\/\\\/fieam.org.br\\\/sesi\\\/?s={search_term_string}\"},\"query-input\":{\"@type\":\"PropertyValueSpecification\",\"valueRequired\":true,\"valueName\":\"search_term_string\"}}],\"inLanguage\":\"pt-BR\"},{\"@type\":\"Organization\",\"@id\":\"https:\\\/\\\/fieam.org.br\\\/sesi\\\/#organization\",\"name\":\"SESI\",\"url\":\"https:\\\/\\\/fieam.org.br\\\/sesi\\\/\",\"logo\":{\"@type\":\"ImageObject\",\"inLanguage\":\"pt-BR\",\"@id\":\"https:\\\/\\\/fieam.org.br\\\/sesi\\\/#\\\/schema\\\/logo\\\/image\\\/\",\"url\":\"https:\\\/\\\/fieam.org.br\\\/sesi\\\/wp-content\\\/uploads\\\/sites\\\/14\\\/2024\\\/03\\\/cropped-fav.png\",\"contentUrl\":\"https:\\\/\\\/fieam.org.br\\\/sesi\\\/wp-content\\\/uploads\\\/sites\\\/14\\\/2024\\\/03\\\/cropped-fav.png\",\"width\":610,\"height\":589,\"caption\":\"SESI\"},\"image\":{\"@id\":\"https:\\\/\\\/fieam.org.br\\\/sesi\\\/#\\\/schema\\\/logo\\\/image\\\/\"}},{\"@type\":\"Person\",\"@id\":\"https:\\\/\\\/fieam.org.br\\\/sesi\\\/#\\\/schema\\\/person\\\/f54998dd14d5f0695b41444f2b01c31e\",\"name\":\"Autor\",\"image\":{\"@type\":\"ImageObject\",\"inLanguage\":\"pt-BR\",\"@id\":\"https:\\\/\\\/secure.gravatar.com\\\/avatar\\\/3732c223e0e1fad69062a8f770955c9068d37b055204f310a0be18d4069fe380?s=96&d=mm&r=g\",\"url\":\"https:\\\/\\\/secure.gravatar.com\\\/avatar\\\/3732c223e0e1fad69062a8f770955c9068d37b055204f310a0be18d4069fe380?s=96&d=mm&r=g\",\"contentUrl\":\"https:\\\/\\\/secure.gravatar.com\\\/avatar\\\/3732c223e0e1fad69062a8f770955c9068d37b055204f310a0be18d4069fe380?s=96&d=mm&r=g\",\"caption\":\"Autor\"},\"sameAs\":[\"https:\\\/\\\/marketingmassivo.com.br\"],\"url\":\"https:\\\/\\\/fieam.org.br\\\/sesi\\\/author\\\/admin\\\/\"}]}<\/script>\n<!-- \/ Yoast SEO plugin. -->","yoast_head_json":{"title":"Na Escola SESI Dra \u00camina Barbosa Mustafa aluno sai do Ensino M\u00e9dio com uma profiss\u00e3o - SESI","robots":{"index":"index","follow":"follow","max-snippet":"max-snippet:-1","max-image-preview":"max-image-preview:large","max-video-preview":"max-video-preview:-1"},"canonical":"https:\/\/fieam.org.br\/sesi\/na-escola-sesi-dra-emina-barbosa-mustafa-aluno-sai-do-ensino-medio-com-uma-profissao\/","og_locale":"pt_BR","og_type":"article","og_title":"Na Escola SESI Dra \u00camina Barbosa Mustafa aluno sai do Ensino M\u00e9dio com uma profiss\u00e3o - SESI","og_description":"&nbsp; Uma escola em que o aluno conclui o Ensino M\u00e9dio e ainda se habilita em um curso t\u00e9cnico. Assim \u00e9 a Escola SESI Dra. \u00camina Barbosa Mustafa, que no pr\u00f3ximo s\u00e1bado (15) vai completar 28 anos no cen\u00e1rio educacional manauara. Atualmente a escola atende 868 estudantes, a maioria alunos filhos ou dependentes de industri\u00e1rios, [&hellip;]","og_url":"https:\/\/fieam.org.br\/sesi\/na-escola-sesi-dra-emina-barbosa-mustafa-aluno-sai-do-ensino-medio-com-uma-profissao\/","og_site_name":"SESI","article_published_time":"2017-04-12T21:48:11+00:00","og_image":[{"width":1024,"height":683,"url":"https:\/\/fieam.org.br\/sesi\/wp-content\/uploads\/sites\/14\/2017\/04\/Escola-SESI-permite-ao-aluno-obter-os-melhores-resultados-em-cada-etapa-da-escolaridade.jpg","type":"image\/jpeg"}],"author":"Autor","twitter_card":"summary_large_image","twitter_misc":{"Escrito por":"Autor","Est. tempo de leitura":"7 minutos"},"schema":{"@context":"https:\/\/schema.org","@graph":[{"@type":"Article","@id":"https:\/\/fieam.org.br\/sesi\/na-escola-sesi-dra-emina-barbosa-mustafa-aluno-sai-do-ensino-medio-com-uma-profissao\/#article","isPartOf":{"@id":"https:\/\/fieam.org.br\/sesi\/na-escola-sesi-dra-emina-barbosa-mustafa-aluno-sai-do-ensino-medio-com-uma-profissao\/"},"author":{"name":"Autor","@id":"https:\/\/fieam.org.br\/sesi\/#\/schema\/person\/f54998dd14d5f0695b41444f2b01c31e"},"headline":"Na Escola SESI Dra \u00camina Barbosa Mustafa aluno sai do Ensino M\u00e9dio com uma profiss\u00e3o","datePublished":"2017-04-12T21:48:11+00:00","mainEntityOfPage":{"@id":"https:\/\/fieam.org.br\/sesi\/na-escola-sesi-dra-emina-barbosa-mustafa-aluno-sai-do-ensino-medio-com-uma-profissao\/"},"wordCount":1386,"commentCount":0,"publisher":{"@id":"https:\/\/fieam.org.br\/sesi\/#organization"},"image":{"@id":"https:\/\/fieam.org.br\/sesi\/na-escola-sesi-dra-emina-barbosa-mustafa-aluno-sai-do-ensino-medio-com-uma-profissao\/#primaryimage"},"thumbnailUrl":"https:\/\/fieam.org.br\/sesi\/wp-content\/uploads\/sites\/14\/2017\/04\/Escola-SESI-permite-ao-aluno-obter-os-melhores-resultados-em-cada-etapa-da-escolaridade.jpg","articleSection":["News","News Destaque"],"inLanguage":"pt-BR","potentialAction":[{"@type":"CommentAction","name":"Comment","target":["https:\/\/fieam.org.br\/sesi\/na-escola-sesi-dra-emina-barbosa-mustafa-aluno-sai-do-ensino-medio-com-uma-profissao\/#respond"]}]},{"@type":"WebPage","@id":"https:\/\/fieam.org.br\/sesi\/na-escola-sesi-dra-emina-barbosa-mustafa-aluno-sai-do-ensino-medio-com-uma-profissao\/","url":"https:\/\/fieam.org.br\/sesi\/na-escola-sesi-dra-emina-barbosa-mustafa-aluno-sai-do-ensino-medio-com-uma-profissao\/","name":"Na Escola SESI Dra \u00camina Barbosa Mustafa aluno sai do Ensino M\u00e9dio com uma profiss\u00e3o - SESI","isPartOf":{"@id":"https:\/\/fieam.org.br\/sesi\/#website"},"primaryImageOfPage":{"@id":"https:\/\/fieam.org.br\/sesi\/na-escola-sesi-dra-emina-barbosa-mustafa-aluno-sai-do-ensino-medio-com-uma-profissao\/#primaryimage"},"image":{"@id":"https:\/\/fieam.org.br\/sesi\/na-escola-sesi-dra-emina-barbosa-mustafa-aluno-sai-do-ensino-medio-com-uma-profissao\/#primaryimage"},"thumbnailUrl":"https:\/\/fieam.org.br\/sesi\/wp-content\/uploads\/sites\/14\/2017\/04\/Escola-SESI-permite-ao-aluno-obter-os-melhores-resultados-em-cada-etapa-da-escolaridade.jpg","datePublished":"2017-04-12T21:48:11+00:00","breadcrumb":{"@id":"https:\/\/fieam.org.br\/sesi\/na-escola-sesi-dra-emina-barbosa-mustafa-aluno-sai-do-ensino-medio-com-uma-profissao\/#breadcrumb"},"inLanguage":"pt-BR","potentialAction":[{"@type":"ReadAction","target":["https:\/\/fieam.org.br\/sesi\/na-escola-sesi-dra-emina-barbosa-mustafa-aluno-sai-do-ensino-medio-com-uma-profissao\/"]}]},{"@type":"ImageObject","inLanguage":"pt-BR","@id":"https:\/\/fieam.org.br\/sesi\/na-escola-sesi-dra-emina-barbosa-mustafa-aluno-sai-do-ensino-medio-com-uma-profissao\/#primaryimage","url":"https:\/\/fieam.org.br\/sesi\/wp-content\/uploads\/sites\/14\/2017\/04\/Escola-SESI-permite-ao-aluno-obter-os-melhores-resultados-em-cada-etapa-da-escolaridade.jpg","contentUrl":"https:\/\/fieam.org.br\/sesi\/wp-content\/uploads\/sites\/14\/2017\/04\/Escola-SESI-permite-ao-aluno-obter-os-melhores-resultados-em-cada-etapa-da-escolaridade.jpg","width":1024,"height":683},{"@type":"BreadcrumbList","@id":"https:\/\/fieam.org.br\/sesi\/na-escola-sesi-dra-emina-barbosa-mustafa-aluno-sai-do-ensino-medio-com-uma-profissao\/#breadcrumb","itemListElement":[{"@type":"ListItem","position":1,"name":"In\u00edcio","item":"https:\/\/fieam.org.br\/sesi\/"},{"@type":"ListItem","position":2,"name":"Na Escola SESI Dra \u00camina Barbosa Mustafa aluno sai do Ensino M\u00e9dio com uma profiss\u00e3o"}]},{"@type":"WebSite","@id":"https:\/\/fieam.org.br\/sesi\/#website","url":"https:\/\/fieam.org.br\/sesi\/","name":"SESI","description":"Site Oficial!","publisher":{"@id":"https:\/\/fieam.org.br\/sesi\/#organization"},"potentialAction":[{"@type":"SearchAction","target":{"@type":"EntryPoint","urlTemplate":"https:\/\/fieam.org.br\/sesi\/?s={search_term_string}"},"query-input":{"@type":"PropertyValueSpecification","valueRequired":true,"valueName":"search_term_string"}}],"inLanguage":"pt-BR"},{"@type":"Organization","@id":"https:\/\/fieam.org.br\/sesi\/#organization","name":"SESI","url":"https:\/\/fieam.org.br\/sesi\/","logo":{"@type":"ImageObject","inLanguage":"pt-BR","@id":"https:\/\/fieam.org.br\/sesi\/#\/schema\/logo\/image\/","url":"https:\/\/fieam.org.br\/sesi\/wp-content\/uploads\/sites\/14\/2024\/03\/cropped-fav.png","contentUrl":"https:\/\/fieam.org.br\/sesi\/wp-content\/uploads\/sites\/14\/2024\/03\/cropped-fav.png","width":610,"height":589,"caption":"SESI"},"image":{"@id":"https:\/\/fieam.org.br\/sesi\/#\/schema\/logo\/image\/"}},{"@type":"Person","@id":"https:\/\/fieam.org.br\/sesi\/#\/schema\/person\/f54998dd14d5f0695b41444f2b01c31e","name":"Autor","image":{"@type":"ImageObject","inLanguage":"pt-BR","@id":"https:\/\/secure.gravatar.com\/avatar\/3732c223e0e1fad69062a8f770955c9068d37b055204f310a0be18d4069fe380?s=96&d=mm&r=g","url":"https:\/\/secure.gravatar.com\/avatar\/3732c223e0e1fad69062a8f770955c9068d37b055204f310a0be18d4069fe380?s=96&d=mm&r=g","contentUrl":"https:\/\/secure.gravatar.com\/avatar\/3732c223e0e1fad69062a8f770955c9068d37b055204f310a0be18d4069fe380?s=96&d=mm&r=g","caption":"Autor"},"sameAs":["https:\/\/marketingmassivo.com.br"],"url":"https:\/\/fieam.org.br\/sesi\/author\/admin\/"}]}},"_links":{"self":[{"href":"https:\/\/fieam.org.br\/sesi\/wp-json\/wp\/v2\/posts\/10425","targetHints":{"allow":["GET"]}}],"collection":[{"href":"https:\/\/fieam.org.br\/sesi\/wp-json\/wp\/v2\/posts"}],"about":[{"href":"https:\/\/fieam.org.br\/sesi\/wp-json\/wp\/v2\/types\/post"}],"author":[{"embeddable":true,"href":"https:\/\/fieam.org.br\/sesi\/wp-json\/wp\/v2\/users\/1"}],"replies":[{"embeddable":true,"href":"https:\/\/fieam.org.br\/sesi\/wp-json\/wp\/v2\/comments?post=10425"}],"version-history":[{"count":0,"href":"https:\/\/fieam.org.br\/sesi\/wp-json\/wp\/v2\/posts\/10425\/revisions"}],"wp:featuredmedia":[{"embeddable":true,"href":"https:\/\/fieam.org.br\/sesi\/wp-json\/wp\/v2\/media\/10426"}],"wp:attachment":[{"href":"https:\/\/fieam.org.br\/sesi\/wp-json\/wp\/v2\/media?parent=10425"}],"wp:term":[{"taxonomy":"category","embeddable":true,"href":"https:\/\/fieam.org.br\/sesi\/wp-json\/wp\/v2\/categories?post=10425"},{"taxonomy":"post_tag","embeddable":true,"href":"https:\/\/fieam.org.br\/sesi\/wp-json\/wp\/v2\/tags?post=10425"}],"curies":[{"name":"wp","href":"https:\/\/api.w.org\/{rel}","templated":true}]}}