{"id":10401,"date":"2017-03-30T17:07:03","date_gmt":"2017-03-30T21:07:03","guid":{"rendered":"http:\/\/www.fieam.org.br\/sesi\/?p=10401"},"modified":"2017-03-30T17:07:03","modified_gmt":"2017-03-30T21:07:03","slug":"alimentacao-precisa-ser-variada-diz-nutricionista-do-sesi","status":"publish","type":"post","link":"https:\/\/fieam.org.br\/sesi\/alimentacao-precisa-ser-variada-diz-nutricionista-do-sesi\/","title":{"rendered":"Alimenta\u00e7\u00e3o precisa ser variada,  diz nutricionista do SESI"},"content":{"rendered":"<figure id=\"attachment_10402\" aria-describedby=\"caption-attachment-10402\" style=\"width: 300px\" class=\"wp-caption alignleft\"><a href=\"http:\/\/www.fieam.org.br\/sesi\/wp-content\/uploads\/sites\/2\/2017\/03\/Nutricionista-Creusa-Varela-atende-no-SESI-Sa\u00fade.jpg\"><img fetchpriority=\"high\" decoding=\"async\" class=\"wp-image-10402 size-medium\" src=\"http:\/\/www.fieam.org.br\/sesi\/wp-content\/uploads\/sites\/2\/2017\/03\/Nutricionista-Creusa-Varela-atende-no-SESI-Sa\u00fade-300x200.jpg\" alt=\"Nutricionista Creusa Varela atende no SESI Sa\u00fade\" width=\"300\" height=\"200\" \/><\/a><figcaption id=\"caption-attachment-10402\" class=\"wp-caption-text\">Nutricionista Creusa Varela atende no SESI Sa\u00fade<\/figcaption><\/figure>\n<p>\u201cA nossa alimenta\u00e7\u00e3o precisa ser variada\u201d, sugere a nutricionista do<a href=\"http:\/\/www.fieam.org.br\/sesi\/\"> Servi\u00e7o Social da Ind\u00fastria (SESI Amazonas)<\/a>, Creusa Varela, que ainda considera a repeti\u00e7\u00e3o di\u00e1ria dos alimentos como fator limitador dos nutrientes necess\u00e1rios para a sa\u00fade.<\/p>\n<p>Para cada fase da vida existe uma necessidade diferenciada na alimenta\u00e7\u00e3o, de acordo com a nutricionista, uma refei\u00e7\u00e3o saud\u00e1vel pode prevenir doen\u00e7as, melhorar o humor e obter controle e manuten\u00e7\u00e3o do peso, tendo energia para realizar as atividades di\u00e1rias.<\/p>\n<p>\u201cUma alimenta\u00e7\u00e3o saud\u00e1vel est\u00e1 relacionada a um estilo de vida saud\u00e1vel. O ideal \u00e9 tratar da alimenta\u00e7\u00e3o tanto na quest\u00e3o preventiva quanto na tratativa\u201d, acrescenta Creusa Varela.<\/p>\n<figure id=\"attachment_10403\" aria-describedby=\"caption-attachment-10403\" style=\"width: 300px\" class=\"wp-caption alignright\"><a href=\"http:\/\/www.fieam.org.br\/sesi\/wp-content\/uploads\/sites\/2\/2017\/03\/Durante-todo-o-ano-SESI-ir\u00e1-oferecer-atividades-diferenciadas-para-a-popula\u00e7\u00e3o.jpg\"><img decoding=\"async\" class=\"wp-image-10403 size-medium\" src=\"http:\/\/www.fieam.org.br\/sesi\/wp-content\/uploads\/sites\/2\/2017\/03\/Durante-todo-o-ano-SESI-ir\u00e1-oferecer-atividades-diferenciadas-para-a-popula\u00e7\u00e3o-300x200.jpg\" alt=\"Durante todo o ano SESI ir\u00e1 oferecer atividades diferenciadas para a popula\u00e7\u00e3o\" width=\"300\" height=\"200\" \/><\/a><figcaption id=\"caption-attachment-10403\" class=\"wp-caption-text\">Durante todo o ano SESI ir\u00e1 oferecer atividades diferenciadas para a popula\u00e7\u00e3o<\/figcaption><\/figure>\n<p>Em palestra no SESISA\u00daDE, Varela explica como montar a refei\u00e7\u00e3o di\u00e1ria ideal, combinando todos os nutrientes necess\u00e1rios: carboidratos, prote\u00ednas, lip\u00eddeos, vitaminas e fibras, e acrescenta a import\u00e2ncia da ingest\u00e3o de tr\u00eas a cinco frutas por dia nas refei\u00e7\u00f5es.<\/p>\n<p>\u201cAnotei as dicas da m\u00e9dica para p\u00f4r em pr\u00e1tica no meu dia a dia e passar para os meus filhos. A explica\u00e7\u00e3o de como devemos montar nossa alimenta\u00e7\u00e3o de forma balanceada, e incluindo as frutas, foi uma descoberta\u201d, conta a cabeleireira Marluce Pontes, 62.<\/p>\n<p>Com 20 especialidades e 49 profissionais, o Servi\u00e7o Social da Ind\u00fastria vai promover atividades diferenciadas durante todo o ano para a popula\u00e7\u00e3o. Segundo o supervisor de Sa\u00fade Assistencial do SESI, Manuel Inauhiny, \u00e9 uma forma de alertar e informar as pessoas.<\/p>\n<p>&nbsp;<\/p>\n<p>\u201cEssas a\u00e7\u00f5es ajudam a popula\u00e7\u00e3o sobre os cuidados com a sa\u00fade em geral, promovendo a oportunidade de ficar mais perto do profissional de cada \u00e1rea e tirar suas d\u00favidas sobre cada especialidade\u201d.<\/p>\n<p>&nbsp;<\/p>\n<p><strong>ATENDIMENTO \u00c0 IMPRENSA<\/strong><\/p>\n<p><strong>Diretoria de Comunica\u00e7\u00e3o e Marketing do Sistema FIEAM<\/strong><\/p>\n<p>Tel: (92) 3186-6576 Fax: (92) 3186-6579<\/p>\n<p>E-mail: <a href=\"mailto:imprensa@fieam.org.br\">imprensa@fieam.org.br<\/a><\/p>\n<p>Portal: <a href=\"http:\/\/www.fieam.org.br\/\">http:\/\/www.fieam.org.br<\/a> <strong>\u00a0\u00a0<\/strong><\/p>\n<p><strong>\u00a0Sistema FIEAM nas redes sociais<\/strong><\/p>\n<p><strong>FIEAM:<\/strong> <a href=\"https:\/\/www.facebook.com\/fieamoficial\">Facebook<\/a>| <a href=\"https:\/\/twitter.com\/fieam\">Twitter<\/a>| <a href=\"https:\/\/www.instagram.com\/sistemafieam\/\">Instagram<\/a>| \u00a0<a href=\"https:\/\/www.youtube.com\/user\/FIEAM\">You Tube<\/a> <strong>\u00a0\u00a0\u00a0\u00a0\u00a0<\/strong><\/p>\n<p><strong>\u00a0<\/strong><strong>SESI:<\/strong> <a href=\"https:\/\/www.facebook.com\/sesiamazonas\">Facebook<\/a>| <a href=\"https:\/\/twitter.com\/sesiamazonas\">Twitter<\/a>| <a href=\"https:\/\/www.instagram.com\/sistemafieam\/\">Instagram<\/a>| \u00a0<a href=\"https:\/\/www.youtube.com\/user\/SESIAmazonas\">You Tube<\/a> <strong>\u00a0\u00a0\u00a0\u00a0\u00a0\u00a0\u00a0\u00a0\u00a0<\/strong><\/p>\n<p><strong>\u00a0SENAI:<\/strong> <a href=\"https:\/\/www.facebook.com\/senaiamazonas\">Facebook<\/a>| <a href=\"https:\/\/twitter.com\/senaiamazonas\">Twitter<\/a>| <a href=\"https:\/\/www.instagram.com\/sistemafieam\/\">Instagram<\/a>| \u00a0<a href=\"https:\/\/www.youtube.com\/user\/SENAIAmazonas\">You Tube<\/a> <strong>\u00a0\u00a0\u00a0\u00a0\u00a0\u00a0\u00a0<\/strong><\/p>\n<p><strong>\u00a0IEL:<\/strong> <a href=\"https:\/\/www.facebook.com\/ielamazonas\">Facebook<\/a>| <a href=\"https:\/\/twitter.com\/ielamazonas\">Twitter<\/a>| <a href=\"https:\/\/www.instagram.com\/sistemafieam\/\">Instagram<\/a>| \u00a0<a href=\"https:\/\/www.youtube.com\/user\/IELAmazonas\">You Tube<\/a><\/p>\n","protected":false},"excerpt":{"rendered":"<p>\u201cA nossa alimenta\u00e7\u00e3o precisa ser variada\u201d, sugere a nutricionista do Servi\u00e7o Social da Ind\u00fastria (SESI Amazonas), Creusa Varela, que ainda considera a repeti\u00e7\u00e3o di\u00e1ria dos alimentos como fator limitador dos nutrientes necess\u00e1rios para a sa\u00fade. Para cada fase da vida existe uma necessidade diferenciada na alimenta\u00e7\u00e3o, de acordo com a nutricionista, uma refei\u00e7\u00e3o saud\u00e1vel pode [&hellip;]<\/p>\n","protected":false},"author":1,"featured_media":10404,"comment_status":"open","ping_status":"open","sticky":false,"template":"","format":"standard","meta":{"footnotes":""},"categories":[25,26],"tags":[],"class_list":["post-10401","post","type-post","status-publish","format-standard","has-post-thumbnail","hentry","category-news","category-news-destaque"],"yoast_head":"<!-- This site is optimized with the Yoast SEO plugin v28.2 - https:\/\/yoast.com\/product\/yoast-seo-wordpress\/ -->\n<title>Alimenta\u00e7\u00e3o precisa ser variada, diz nutricionista do SESI - SESI<\/title>\n<meta name=\"robots\" content=\"index, follow, max-snippet:-1, max-image-preview:large, max-video-preview:-1\" \/>\n<link rel=\"canonical\" href=\"https:\/\/fieam.org.br\/sesi\/alimentacao-precisa-ser-variada-diz-nutricionista-do-sesi\/\" \/>\n<meta property=\"og:locale\" content=\"pt_BR\" \/>\n<meta property=\"og:type\" content=\"article\" \/>\n<meta property=\"og:title\" content=\"Alimenta\u00e7\u00e3o precisa ser variada, diz nutricionista do SESI - SESI\" \/>\n<meta property=\"og:description\" content=\"\u201cA nossa alimenta\u00e7\u00e3o precisa ser variada\u201d, sugere a nutricionista do Servi\u00e7o Social da Ind\u00fastria (SESI Amazonas), Creusa Varela, que ainda considera a repeti\u00e7\u00e3o di\u00e1ria dos alimentos como fator limitador dos nutrientes necess\u00e1rios para a sa\u00fade. Para cada fase da vida existe uma necessidade diferenciada na alimenta\u00e7\u00e3o, de acordo com a nutricionista, uma refei\u00e7\u00e3o saud\u00e1vel pode [&hellip;]\" \/>\n<meta property=\"og:url\" content=\"https:\/\/fieam.org.br\/sesi\/alimentacao-precisa-ser-variada-diz-nutricionista-do-sesi\/\" \/>\n<meta property=\"og:site_name\" content=\"SESI\" \/>\n<meta property=\"article:published_time\" content=\"2017-03-30T21:07:03+00:00\" \/>\n<meta name=\"author\" content=\"Autor\" \/>\n<meta name=\"twitter:card\" content=\"summary_large_image\" \/>\n<meta name=\"twitter:label1\" content=\"Escrito por\" \/>\n\t<meta name=\"twitter:data1\" content=\"Autor\" \/>\n\t<meta name=\"twitter:label2\" content=\"Est. tempo de leitura\" \/>\n\t<meta name=\"twitter:data2\" content=\"2 minutos\" \/>\n<script type=\"application\/ld+json\" class=\"yoast-schema-graph\">{\"@context\":\"https:\\\/\\\/schema.org\",\"@graph\":[{\"@type\":\"Article\",\"@id\":\"https:\\\/\\\/fieam.org.br\\\/sesi\\\/alimentacao-precisa-ser-variada-diz-nutricionista-do-sesi\\\/#article\",\"isPartOf\":{\"@id\":\"https:\\\/\\\/fieam.org.br\\\/sesi\\\/alimentacao-precisa-ser-variada-diz-nutricionista-do-sesi\\\/\"},\"author\":{\"name\":\"Autor\",\"@id\":\"https:\\\/\\\/fieam.org.br\\\/sesi\\\/#\\\/schema\\\/person\\\/f54998dd14d5f0695b41444f2b01c31e\"},\"headline\":\"Alimenta\u00e7\u00e3o precisa ser variada, diz nutricionista do SESI\",\"datePublished\":\"2017-03-30T21:07:03+00:00\",\"mainEntityOfPage\":{\"@id\":\"https:\\\/\\\/fieam.org.br\\\/sesi\\\/alimentacao-precisa-ser-variada-diz-nutricionista-do-sesi\\\/\"},\"wordCount\":393,\"commentCount\":4,\"publisher\":{\"@id\":\"https:\\\/\\\/fieam.org.br\\\/sesi\\\/#organization\"},\"image\":{\"@id\":\"https:\\\/\\\/fieam.org.br\\\/sesi\\\/alimentacao-precisa-ser-variada-diz-nutricionista-do-sesi\\\/#primaryimage\"},\"thumbnailUrl\":\"\",\"articleSection\":[\"News\",\"News Destaque\"],\"inLanguage\":\"pt-BR\",\"potentialAction\":[{\"@type\":\"CommentAction\",\"name\":\"Comment\",\"target\":[\"https:\\\/\\\/fieam.org.br\\\/sesi\\\/alimentacao-precisa-ser-variada-diz-nutricionista-do-sesi\\\/#respond\"]}]},{\"@type\":\"WebPage\",\"@id\":\"https:\\\/\\\/fieam.org.br\\\/sesi\\\/alimentacao-precisa-ser-variada-diz-nutricionista-do-sesi\\\/\",\"url\":\"https:\\\/\\\/fieam.org.br\\\/sesi\\\/alimentacao-precisa-ser-variada-diz-nutricionista-do-sesi\\\/\",\"name\":\"Alimenta\u00e7\u00e3o precisa ser variada, diz nutricionista do SESI - SESI\",\"isPartOf\":{\"@id\":\"https:\\\/\\\/fieam.org.br\\\/sesi\\\/#website\"},\"primaryImageOfPage\":{\"@id\":\"https:\\\/\\\/fieam.org.br\\\/sesi\\\/alimentacao-precisa-ser-variada-diz-nutricionista-do-sesi\\\/#primaryimage\"},\"image\":{\"@id\":\"https:\\\/\\\/fieam.org.br\\\/sesi\\\/alimentacao-precisa-ser-variada-diz-nutricionista-do-sesi\\\/#primaryimage\"},\"thumbnailUrl\":\"\",\"datePublished\":\"2017-03-30T21:07:03+00:00\",\"breadcrumb\":{\"@id\":\"https:\\\/\\\/fieam.org.br\\\/sesi\\\/alimentacao-precisa-ser-variada-diz-nutricionista-do-sesi\\\/#breadcrumb\"},\"inLanguage\":\"pt-BR\",\"potentialAction\":[{\"@type\":\"ReadAction\",\"target\":[\"https:\\\/\\\/fieam.org.br\\\/sesi\\\/alimentacao-precisa-ser-variada-diz-nutricionista-do-sesi\\\/\"]}]},{\"@type\":\"ImageObject\",\"inLanguage\":\"pt-BR\",\"@id\":\"https:\\\/\\\/fieam.org.br\\\/sesi\\\/alimentacao-precisa-ser-variada-diz-nutricionista-do-sesi\\\/#primaryimage\",\"url\":\"\",\"contentUrl\":\"\"},{\"@type\":\"BreadcrumbList\",\"@id\":\"https:\\\/\\\/fieam.org.br\\\/sesi\\\/alimentacao-precisa-ser-variada-diz-nutricionista-do-sesi\\\/#breadcrumb\",\"itemListElement\":[{\"@type\":\"ListItem\",\"position\":1,\"name\":\"In\u00edcio\",\"item\":\"https:\\\/\\\/fieam.org.br\\\/sesi\\\/\"},{\"@type\":\"ListItem\",\"position\":2,\"name\":\"Alimenta\u00e7\u00e3o precisa ser variada, diz nutricionista do SESI\"}]},{\"@type\":\"WebSite\",\"@id\":\"https:\\\/\\\/fieam.org.br\\\/sesi\\\/#website\",\"url\":\"https:\\\/\\\/fieam.org.br\\\/sesi\\\/\",\"name\":\"SESI\",\"description\":\"Site Oficial!\",\"publisher\":{\"@id\":\"https:\\\/\\\/fieam.org.br\\\/sesi\\\/#organization\"},\"potentialAction\":[{\"@type\":\"SearchAction\",\"target\":{\"@type\":\"EntryPoint\",\"urlTemplate\":\"https:\\\/\\\/fieam.org.br\\\/sesi\\\/?s={search_term_string}\"},\"query-input\":{\"@type\":\"PropertyValueSpecification\",\"valueRequired\":true,\"valueName\":\"search_term_string\"}}],\"inLanguage\":\"pt-BR\"},{\"@type\":\"Organization\",\"@id\":\"https:\\\/\\\/fieam.org.br\\\/sesi\\\/#organization\",\"name\":\"SESI\",\"url\":\"https:\\\/\\\/fieam.org.br\\\/sesi\\\/\",\"logo\":{\"@type\":\"ImageObject\",\"inLanguage\":\"pt-BR\",\"@id\":\"https:\\\/\\\/fieam.org.br\\\/sesi\\\/#\\\/schema\\\/logo\\\/image\\\/\",\"url\":\"https:\\\/\\\/fieam.org.br\\\/sesi\\\/wp-content\\\/uploads\\\/sites\\\/14\\\/2024\\\/03\\\/cropped-fav.png\",\"contentUrl\":\"https:\\\/\\\/fieam.org.br\\\/sesi\\\/wp-content\\\/uploads\\\/sites\\\/14\\\/2024\\\/03\\\/cropped-fav.png\",\"width\":610,\"height\":589,\"caption\":\"SESI\"},\"image\":{\"@id\":\"https:\\\/\\\/fieam.org.br\\\/sesi\\\/#\\\/schema\\\/logo\\\/image\\\/\"}},{\"@type\":\"Person\",\"@id\":\"https:\\\/\\\/fieam.org.br\\\/sesi\\\/#\\\/schema\\\/person\\\/f54998dd14d5f0695b41444f2b01c31e\",\"name\":\"Autor\",\"image\":{\"@type\":\"ImageObject\",\"inLanguage\":\"pt-BR\",\"@id\":\"https:\\\/\\\/secure.gravatar.com\\\/avatar\\\/3732c223e0e1fad69062a8f770955c9068d37b055204f310a0be18d4069fe380?s=96&d=mm&r=g\",\"url\":\"https:\\\/\\\/secure.gravatar.com\\\/avatar\\\/3732c223e0e1fad69062a8f770955c9068d37b055204f310a0be18d4069fe380?s=96&d=mm&r=g\",\"contentUrl\":\"https:\\\/\\\/secure.gravatar.com\\\/avatar\\\/3732c223e0e1fad69062a8f770955c9068d37b055204f310a0be18d4069fe380?s=96&d=mm&r=g\",\"caption\":\"Autor\"},\"sameAs\":[\"https:\\\/\\\/marketingmassivo.com.br\"],\"url\":\"https:\\\/\\\/fieam.org.br\\\/sesi\\\/author\\\/admin\\\/\"}]}<\/script>\n<!-- \/ Yoast SEO plugin. -->","yoast_head_json":{"title":"Alimenta\u00e7\u00e3o precisa ser variada, diz nutricionista do SESI - SESI","robots":{"index":"index","follow":"follow","max-snippet":"max-snippet:-1","max-image-preview":"max-image-preview:large","max-video-preview":"max-video-preview:-1"},"canonical":"https:\/\/fieam.org.br\/sesi\/alimentacao-precisa-ser-variada-diz-nutricionista-do-sesi\/","og_locale":"pt_BR","og_type":"article","og_title":"Alimenta\u00e7\u00e3o precisa ser variada, diz nutricionista do SESI - SESI","og_description":"\u201cA nossa alimenta\u00e7\u00e3o precisa ser variada\u201d, sugere a nutricionista do Servi\u00e7o Social da Ind\u00fastria (SESI Amazonas), Creusa Varela, que ainda considera a repeti\u00e7\u00e3o di\u00e1ria dos alimentos como fator limitador dos nutrientes necess\u00e1rios para a sa\u00fade. Para cada fase da vida existe uma necessidade diferenciada na alimenta\u00e7\u00e3o, de acordo com a nutricionista, uma refei\u00e7\u00e3o saud\u00e1vel pode [&hellip;]","og_url":"https:\/\/fieam.org.br\/sesi\/alimentacao-precisa-ser-variada-diz-nutricionista-do-sesi\/","og_site_name":"SESI","article_published_time":"2017-03-30T21:07:03+00:00","author":"Autor","twitter_card":"summary_large_image","twitter_misc":{"Escrito por":"Autor","Est. tempo de leitura":"2 minutos"},"schema":{"@context":"https:\/\/schema.org","@graph":[{"@type":"Article","@id":"https:\/\/fieam.org.br\/sesi\/alimentacao-precisa-ser-variada-diz-nutricionista-do-sesi\/#article","isPartOf":{"@id":"https:\/\/fieam.org.br\/sesi\/alimentacao-precisa-ser-variada-diz-nutricionista-do-sesi\/"},"author":{"name":"Autor","@id":"https:\/\/fieam.org.br\/sesi\/#\/schema\/person\/f54998dd14d5f0695b41444f2b01c31e"},"headline":"Alimenta\u00e7\u00e3o precisa ser variada, diz nutricionista do SESI","datePublished":"2017-03-30T21:07:03+00:00","mainEntityOfPage":{"@id":"https:\/\/fieam.org.br\/sesi\/alimentacao-precisa-ser-variada-diz-nutricionista-do-sesi\/"},"wordCount":393,"commentCount":4,"publisher":{"@id":"https:\/\/fieam.org.br\/sesi\/#organization"},"image":{"@id":"https:\/\/fieam.org.br\/sesi\/alimentacao-precisa-ser-variada-diz-nutricionista-do-sesi\/#primaryimage"},"thumbnailUrl":"","articleSection":["News","News Destaque"],"inLanguage":"pt-BR","potentialAction":[{"@type":"CommentAction","name":"Comment","target":["https:\/\/fieam.org.br\/sesi\/alimentacao-precisa-ser-variada-diz-nutricionista-do-sesi\/#respond"]}]},{"@type":"WebPage","@id":"https:\/\/fieam.org.br\/sesi\/alimentacao-precisa-ser-variada-diz-nutricionista-do-sesi\/","url":"https:\/\/fieam.org.br\/sesi\/alimentacao-precisa-ser-variada-diz-nutricionista-do-sesi\/","name":"Alimenta\u00e7\u00e3o precisa ser variada, diz nutricionista do SESI - SESI","isPartOf":{"@id":"https:\/\/fieam.org.br\/sesi\/#website"},"primaryImageOfPage":{"@id":"https:\/\/fieam.org.br\/sesi\/alimentacao-precisa-ser-variada-diz-nutricionista-do-sesi\/#primaryimage"},"image":{"@id":"https:\/\/fieam.org.br\/sesi\/alimentacao-precisa-ser-variada-diz-nutricionista-do-sesi\/#primaryimage"},"thumbnailUrl":"","datePublished":"2017-03-30T21:07:03+00:00","breadcrumb":{"@id":"https:\/\/fieam.org.br\/sesi\/alimentacao-precisa-ser-variada-diz-nutricionista-do-sesi\/#breadcrumb"},"inLanguage":"pt-BR","potentialAction":[{"@type":"ReadAction","target":["https:\/\/fieam.org.br\/sesi\/alimentacao-precisa-ser-variada-diz-nutricionista-do-sesi\/"]}]},{"@type":"ImageObject","inLanguage":"pt-BR","@id":"https:\/\/fieam.org.br\/sesi\/alimentacao-precisa-ser-variada-diz-nutricionista-do-sesi\/#primaryimage","url":"","contentUrl":""},{"@type":"BreadcrumbList","@id":"https:\/\/fieam.org.br\/sesi\/alimentacao-precisa-ser-variada-diz-nutricionista-do-sesi\/#breadcrumb","itemListElement":[{"@type":"ListItem","position":1,"name":"In\u00edcio","item":"https:\/\/fieam.org.br\/sesi\/"},{"@type":"ListItem","position":2,"name":"Alimenta\u00e7\u00e3o precisa ser variada, diz nutricionista do SESI"}]},{"@type":"WebSite","@id":"https:\/\/fieam.org.br\/sesi\/#website","url":"https:\/\/fieam.org.br\/sesi\/","name":"SESI","description":"Site Oficial!","publisher":{"@id":"https:\/\/fieam.org.br\/sesi\/#organization"},"potentialAction":[{"@type":"SearchAction","target":{"@type":"EntryPoint","urlTemplate":"https:\/\/fieam.org.br\/sesi\/?s={search_term_string}"},"query-input":{"@type":"PropertyValueSpecification","valueRequired":true,"valueName":"search_term_string"}}],"inLanguage":"pt-BR"},{"@type":"Organization","@id":"https:\/\/fieam.org.br\/sesi\/#organization","name":"SESI","url":"https:\/\/fieam.org.br\/sesi\/","logo":{"@type":"ImageObject","inLanguage":"pt-BR","@id":"https:\/\/fieam.org.br\/sesi\/#\/schema\/logo\/image\/","url":"https:\/\/fieam.org.br\/sesi\/wp-content\/uploads\/sites\/14\/2024\/03\/cropped-fav.png","contentUrl":"https:\/\/fieam.org.br\/sesi\/wp-content\/uploads\/sites\/14\/2024\/03\/cropped-fav.png","width":610,"height":589,"caption":"SESI"},"image":{"@id":"https:\/\/fieam.org.br\/sesi\/#\/schema\/logo\/image\/"}},{"@type":"Person","@id":"https:\/\/fieam.org.br\/sesi\/#\/schema\/person\/f54998dd14d5f0695b41444f2b01c31e","name":"Autor","image":{"@type":"ImageObject","inLanguage":"pt-BR","@id":"https:\/\/secure.gravatar.com\/avatar\/3732c223e0e1fad69062a8f770955c9068d37b055204f310a0be18d4069fe380?s=96&d=mm&r=g","url":"https:\/\/secure.gravatar.com\/avatar\/3732c223e0e1fad69062a8f770955c9068d37b055204f310a0be18d4069fe380?s=96&d=mm&r=g","contentUrl":"https:\/\/secure.gravatar.com\/avatar\/3732c223e0e1fad69062a8f770955c9068d37b055204f310a0be18d4069fe380?s=96&d=mm&r=g","caption":"Autor"},"sameAs":["https:\/\/marketingmassivo.com.br"],"url":"https:\/\/fieam.org.br\/sesi\/author\/admin\/"}]}},"_links":{"self":[{"href":"https:\/\/fieam.org.br\/sesi\/wp-json\/wp\/v2\/posts\/10401","targetHints":{"allow":["GET"]}}],"collection":[{"href":"https:\/\/fieam.org.br\/sesi\/wp-json\/wp\/v2\/posts"}],"about":[{"href":"https:\/\/fieam.org.br\/sesi\/wp-json\/wp\/v2\/types\/post"}],"author":[{"embeddable":true,"href":"https:\/\/fieam.org.br\/sesi\/wp-json\/wp\/v2\/users\/1"}],"replies":[{"embeddable":true,"href":"https:\/\/fieam.org.br\/sesi\/wp-json\/wp\/v2\/comments?post=10401"}],"version-history":[{"count":0,"href":"https:\/\/fieam.org.br\/sesi\/wp-json\/wp\/v2\/posts\/10401\/revisions"}],"wp:attachment":[{"href":"https:\/\/fieam.org.br\/sesi\/wp-json\/wp\/v2\/media?parent=10401"}],"wp:term":[{"taxonomy":"category","embeddable":true,"href":"https:\/\/fieam.org.br\/sesi\/wp-json\/wp\/v2\/categories?post=10401"},{"taxonomy":"post_tag","embeddable":true,"href":"https:\/\/fieam.org.br\/sesi\/wp-json\/wp\/v2\/tags?post=10401"}],"curies":[{"name":"wp","href":"https:\/\/api.w.org\/{rel}","templated":true}]}}