{"id":10197,"date":"2017-02-09T17:10:47","date_gmt":"2017-02-09T21:10:47","guid":{"rendered":"http:\/\/www.fieam.org.br\/sesi\/?p=10197"},"modified":"2017-02-09T17:10:47","modified_gmt":"2017-02-09T21:10:47","slug":"acoes-preventivas-evitam-periodontite-afirma-dentista-do-sesi-amazonas","status":"publish","type":"post","link":"https:\/\/fieam.org.br\/sesi\/acoes-preventivas-evitam-periodontite-afirma-dentista-do-sesi-amazonas\/","title":{"rendered":"A\u00e7\u00f5es preventivas evitam periodontite, afirma dentista do SESI Amazonas"},"content":{"rendered":"<p>Escovar os dentes, usar fio dental e frequentar periodicamente o seu dentista s\u00e3o a\u00e7\u00f5es de higieniza\u00e7\u00e3o b\u00e1sicas para combater \u00e0 periodontite, diz a especialista em Periodontia do <a href=\"http:\/\/www.fieam.org.br\/sesi\/\">Servi\u00e7o Social da Ind\u00fastria (SESI Amazonas)<\/a>, Fikriye Viga Yurtsever.<\/p>\n<p>A periodontia \u00e9 a especialidade da odontologia que trata do suporte e prote\u00e7\u00e3o dos dentes, como gengiva, osso e toda a estrutura do periodonto. Segundo a especialista, a periodontite atinge principalmente adultos com idade acima de 30 anos, mas n\u00e3o isenta a doen\u00e7a em pessoas mais novas, assim como aquelas que usam aparelho ortod\u00f4ntico, devido \u00e0 facilidade de problemas de gengivite.<\/p>\n<p>Ela explicou que a gengivite e a periodontite s\u00e3o doen\u00e7as periodontais, ressaltando que a gengivite afeta as gengivas e a mucosa, enquanto a periodontite \u00e9 um est\u00e1gio mais avan\u00e7ado, que afeta tanto a gengiva, quanto outros tecidos, como o osso e o cemento.<\/p>\n<p>A especialista explicou tamb\u00e9m que as pessoas devem procurar o dentista pelo menos a cada seis meses, como medida preventiva e, no caso do paciente apresentar sintomas de gengivite, deve iniciar logo o tratamento, que \u00e9 r\u00e1pido. Se apresentar sintomas de periodontite, o tratamento \u00e9 mais longo com tr\u00eas ou quatro sess\u00f5es.<\/p>\n<p>A especialista explicou que ao chegar ao SESISA\u00daDE o paciente, inicialmente, \u00e9 encaminhado \u00e0 Cl\u00ednica Odontol\u00f3gica, para avalia\u00e7\u00e3o geral, que inclui v\u00e1rios procedimentos, como raio X, at\u00e9 chegar ao tratamento do periodonto.<\/p>\n<p>O SESISA\u00daDE oferece atendimento em periodontia, de segunda a s\u00e1bado, na Avenida Get\u00falio Vargas, 1116. Segunda, pela manh\u00e3, das 7h30 \u00e0s 10 horas; pela tarde, das&nbsp; 13h30 \u00e0s 16h, e \u00e0 noite, das 18h \u00e0s 20h. No s\u00e1bado, o atendimento \u00e9 das 7h30 \u00e0s 10h.<\/p>\n<p>&nbsp;<\/p>\n<p><strong>ATENDIMENTO \u00c0 IMPRENSA<\/strong><\/p>\n<p><strong>Diretoria de Comunica\u00e7\u00e3o e Marketing do Sistema FIEAM<\/strong><\/p>\n<p>Tel: (92) 3186-6576 Fax: (92) 3186-6579<\/p>\n<p>E-mail: <a href=\"mailto:imprensa@fieam.org.br\">imprensa@fieam.org.br<\/a><\/p>\n<p>Portal: <a href=\"http:\/\/www.fieam.org.br\/\">http:\/\/www.fieam.org.br<\/a> <strong>&nbsp;&nbsp;<\/strong><\/p>\n<p><strong>&nbsp;Sistema FIEAM nas redes sociais<\/strong><\/p>\n<p><strong>FIEAM:<\/strong> <a href=\"https:\/\/www.facebook.com\/fieamoficial\">Facebook<\/a>| <a href=\"https:\/\/twitter.com\/fieam\">Twitter<\/a>| <a href=\"https:\/\/www.instagram.com\/sistemafieam\/\">Instagram<\/a>| &nbsp;<a href=\"https:\/\/www.youtube.com\/user\/FIEAM\">You Tube<\/a> <strong>&nbsp;&nbsp;&nbsp;&nbsp;&nbsp;<\/strong><\/p>\n<p><strong>&nbsp;<\/strong><strong>SESI:<\/strong> <a href=\"https:\/\/www.facebook.com\/sesiamazonas\">Facebook<\/a>| <a href=\"https:\/\/twitter.com\/sesiamazonas\">Twitter<\/a>| <a href=\"https:\/\/www.instagram.com\/sistemafieam\/\">Instagram<\/a>| &nbsp;<a href=\"https:\/\/www.youtube.com\/user\/SESIAmazonas\">You Tube<\/a> <strong>&nbsp;&nbsp;&nbsp;&nbsp;&nbsp;&nbsp;&nbsp;&nbsp;&nbsp;<\/strong><\/p>\n<p><strong>&nbsp;SENAI:<\/strong> <a href=\"https:\/\/www.facebook.com\/senaiamazonas\">Facebook<\/a>| <a href=\"https:\/\/twitter.com\/senaiamazonas\">Twitter<\/a>| <a href=\"https:\/\/www.instagram.com\/sistemafieam\/\">Instagram<\/a>| &nbsp;<a href=\"https:\/\/www.youtube.com\/user\/SENAIAmazonas\">You Tube<\/a> <strong>&nbsp;&nbsp;&nbsp;&nbsp;&nbsp;&nbsp;&nbsp;<\/strong><\/p>\n<p><strong>&nbsp;IEL:<\/strong> <a href=\"https:\/\/www.facebook.com\/ielamazonas\">Facebook<\/a>| <a href=\"https:\/\/twitter.com\/ielamazonas\">Twitter<\/a>| <a href=\"https:\/\/www.instagram.com\/sistemafieam\/\">Instagram<\/a>| &nbsp;<a href=\"https:\/\/www.youtube.com\/user\/IELAmazonas\">You Tube<\/a><\/p>\n<p>&nbsp;<\/p>\n<p>&nbsp;<\/p>\n","protected":false},"excerpt":{"rendered":"<p>Escovar os dentes, usar fio dental e frequentar periodicamente o seu dentista s\u00e3o a\u00e7\u00f5es de higieniza\u00e7\u00e3o b\u00e1sicas para combater \u00e0 periodontite, diz a especialista em Periodontia do Servi\u00e7o Social da Ind\u00fastria (SESI Amazonas), Fikriye Viga Yurtsever. A periodontia \u00e9 a especialidade da odontologia que trata do suporte e prote\u00e7\u00e3o dos dentes, como gengiva, osso e [&hellip;]<\/p>\n","protected":false},"author":1,"featured_media":9065,"comment_status":"open","ping_status":"open","sticky":false,"template":"","format":"standard","meta":{"footnotes":""},"categories":[25,26],"tags":[],"class_list":["post-10197","post","type-post","status-publish","format-standard","has-post-thumbnail","hentry","category-news","category-news-destaque"],"yoast_head":"<!-- This site is optimized with the Yoast SEO plugin v28.2 - https:\/\/yoast.com\/product\/yoast-seo-wordpress\/ -->\n<title>A\u00e7\u00f5es preventivas evitam periodontite, afirma dentista do SESI Amazonas - SESI<\/title>\n<meta name=\"robots\" content=\"index, follow, max-snippet:-1, max-image-preview:large, max-video-preview:-1\" \/>\n<link rel=\"canonical\" href=\"https:\/\/fieam.org.br\/sesi\/acoes-preventivas-evitam-periodontite-afirma-dentista-do-sesi-amazonas\/\" \/>\n<meta property=\"og:locale\" content=\"pt_BR\" \/>\n<meta property=\"og:type\" content=\"article\" \/>\n<meta property=\"og:title\" content=\"A\u00e7\u00f5es preventivas evitam periodontite, afirma dentista do SESI Amazonas - SESI\" \/>\n<meta property=\"og:description\" content=\"Escovar os dentes, usar fio dental e frequentar periodicamente o seu dentista s\u00e3o a\u00e7\u00f5es de higieniza\u00e7\u00e3o b\u00e1sicas para combater \u00e0 periodontite, diz a especialista em Periodontia do Servi\u00e7o Social da Ind\u00fastria (SESI Amazonas), Fikriye Viga Yurtsever. A periodontia \u00e9 a especialidade da odontologia que trata do suporte e prote\u00e7\u00e3o dos dentes, como gengiva, osso e [&hellip;]\" \/>\n<meta property=\"og:url\" content=\"https:\/\/fieam.org.br\/sesi\/acoes-preventivas-evitam-periodontite-afirma-dentista-do-sesi-amazonas\/\" \/>\n<meta property=\"og:site_name\" content=\"SESI\" \/>\n<meta property=\"article:published_time\" content=\"2017-02-09T21:10:47+00:00\" \/>\n<meta name=\"author\" content=\"Autor\" \/>\n<meta name=\"twitter:card\" content=\"summary_large_image\" \/>\n<meta name=\"twitter:label1\" content=\"Escrito por\" \/>\n\t<meta name=\"twitter:data1\" content=\"Autor\" \/>\n\t<meta name=\"twitter:label2\" content=\"Est. tempo de leitura\" \/>\n\t<meta name=\"twitter:data2\" content=\"2 minutos\" \/>\n<script type=\"application\/ld+json\" class=\"yoast-schema-graph\">{\"@context\":\"https:\\\/\\\/schema.org\",\"@graph\":[{\"@type\":\"Article\",\"@id\":\"https:\\\/\\\/fieam.org.br\\\/sesi\\\/acoes-preventivas-evitam-periodontite-afirma-dentista-do-sesi-amazonas\\\/#article\",\"isPartOf\":{\"@id\":\"https:\\\/\\\/fieam.org.br\\\/sesi\\\/acoes-preventivas-evitam-periodontite-afirma-dentista-do-sesi-amazonas\\\/\"},\"author\":{\"name\":\"Autor\",\"@id\":\"https:\\\/\\\/fieam.org.br\\\/sesi\\\/#\\\/schema\\\/person\\\/f54998dd14d5f0695b41444f2b01c31e\"},\"headline\":\"A\u00e7\u00f5es preventivas evitam periodontite, afirma dentista do SESI Amazonas\",\"datePublished\":\"2017-02-09T21:10:47+00:00\",\"mainEntityOfPage\":{\"@id\":\"https:\\\/\\\/fieam.org.br\\\/sesi\\\/acoes-preventivas-evitam-periodontite-afirma-dentista-do-sesi-amazonas\\\/\"},\"wordCount\":383,\"commentCount\":0,\"publisher\":{\"@id\":\"https:\\\/\\\/fieam.org.br\\\/sesi\\\/#organization\"},\"image\":{\"@id\":\"https:\\\/\\\/fieam.org.br\\\/sesi\\\/acoes-preventivas-evitam-periodontite-afirma-dentista-do-sesi-amazonas\\\/#primaryimage\"},\"thumbnailUrl\":\"\",\"articleSection\":[\"News\",\"News Destaque\"],\"inLanguage\":\"pt-BR\",\"potentialAction\":[{\"@type\":\"CommentAction\",\"name\":\"Comment\",\"target\":[\"https:\\\/\\\/fieam.org.br\\\/sesi\\\/acoes-preventivas-evitam-periodontite-afirma-dentista-do-sesi-amazonas\\\/#respond\"]}]},{\"@type\":\"WebPage\",\"@id\":\"https:\\\/\\\/fieam.org.br\\\/sesi\\\/acoes-preventivas-evitam-periodontite-afirma-dentista-do-sesi-amazonas\\\/\",\"url\":\"https:\\\/\\\/fieam.org.br\\\/sesi\\\/acoes-preventivas-evitam-periodontite-afirma-dentista-do-sesi-amazonas\\\/\",\"name\":\"A\u00e7\u00f5es preventivas evitam periodontite, afirma dentista do SESI Amazonas - SESI\",\"isPartOf\":{\"@id\":\"https:\\\/\\\/fieam.org.br\\\/sesi\\\/#website\"},\"primaryImageOfPage\":{\"@id\":\"https:\\\/\\\/fieam.org.br\\\/sesi\\\/acoes-preventivas-evitam-periodontite-afirma-dentista-do-sesi-amazonas\\\/#primaryimage\"},\"image\":{\"@id\":\"https:\\\/\\\/fieam.org.br\\\/sesi\\\/acoes-preventivas-evitam-periodontite-afirma-dentista-do-sesi-amazonas\\\/#primaryimage\"},\"thumbnailUrl\":\"\",\"datePublished\":\"2017-02-09T21:10:47+00:00\",\"breadcrumb\":{\"@id\":\"https:\\\/\\\/fieam.org.br\\\/sesi\\\/acoes-preventivas-evitam-periodontite-afirma-dentista-do-sesi-amazonas\\\/#breadcrumb\"},\"inLanguage\":\"pt-BR\",\"potentialAction\":[{\"@type\":\"ReadAction\",\"target\":[\"https:\\\/\\\/fieam.org.br\\\/sesi\\\/acoes-preventivas-evitam-periodontite-afirma-dentista-do-sesi-amazonas\\\/\"]}]},{\"@type\":\"ImageObject\",\"inLanguage\":\"pt-BR\",\"@id\":\"https:\\\/\\\/fieam.org.br\\\/sesi\\\/acoes-preventivas-evitam-periodontite-afirma-dentista-do-sesi-amazonas\\\/#primaryimage\",\"url\":\"\",\"contentUrl\":\"\"},{\"@type\":\"BreadcrumbList\",\"@id\":\"https:\\\/\\\/fieam.org.br\\\/sesi\\\/acoes-preventivas-evitam-periodontite-afirma-dentista-do-sesi-amazonas\\\/#breadcrumb\",\"itemListElement\":[{\"@type\":\"ListItem\",\"position\":1,\"name\":\"In\u00edcio\",\"item\":\"https:\\\/\\\/fieam.org.br\\\/sesi\\\/\"},{\"@type\":\"ListItem\",\"position\":2,\"name\":\"A\u00e7\u00f5es preventivas evitam periodontite, afirma dentista do SESI Amazonas\"}]},{\"@type\":\"WebSite\",\"@id\":\"https:\\\/\\\/fieam.org.br\\\/sesi\\\/#website\",\"url\":\"https:\\\/\\\/fieam.org.br\\\/sesi\\\/\",\"name\":\"SESI\",\"description\":\"Site Oficial!\",\"publisher\":{\"@id\":\"https:\\\/\\\/fieam.org.br\\\/sesi\\\/#organization\"},\"potentialAction\":[{\"@type\":\"SearchAction\",\"target\":{\"@type\":\"EntryPoint\",\"urlTemplate\":\"https:\\\/\\\/fieam.org.br\\\/sesi\\\/?s={search_term_string}\"},\"query-input\":{\"@type\":\"PropertyValueSpecification\",\"valueRequired\":true,\"valueName\":\"search_term_string\"}}],\"inLanguage\":\"pt-BR\"},{\"@type\":\"Organization\",\"@id\":\"https:\\\/\\\/fieam.org.br\\\/sesi\\\/#organization\",\"name\":\"SESI\",\"url\":\"https:\\\/\\\/fieam.org.br\\\/sesi\\\/\",\"logo\":{\"@type\":\"ImageObject\",\"inLanguage\":\"pt-BR\",\"@id\":\"https:\\\/\\\/fieam.org.br\\\/sesi\\\/#\\\/schema\\\/logo\\\/image\\\/\",\"url\":\"https:\\\/\\\/fieam.org.br\\\/sesi\\\/wp-content\\\/uploads\\\/sites\\\/14\\\/2024\\\/03\\\/cropped-fav.png\",\"contentUrl\":\"https:\\\/\\\/fieam.org.br\\\/sesi\\\/wp-content\\\/uploads\\\/sites\\\/14\\\/2024\\\/03\\\/cropped-fav.png\",\"width\":610,\"height\":589,\"caption\":\"SESI\"},\"image\":{\"@id\":\"https:\\\/\\\/fieam.org.br\\\/sesi\\\/#\\\/schema\\\/logo\\\/image\\\/\"}},{\"@type\":\"Person\",\"@id\":\"https:\\\/\\\/fieam.org.br\\\/sesi\\\/#\\\/schema\\\/person\\\/f54998dd14d5f0695b41444f2b01c31e\",\"name\":\"Autor\",\"image\":{\"@type\":\"ImageObject\",\"inLanguage\":\"pt-BR\",\"@id\":\"https:\\\/\\\/secure.gravatar.com\\\/avatar\\\/3732c223e0e1fad69062a8f770955c9068d37b055204f310a0be18d4069fe380?s=96&d=mm&r=g\",\"url\":\"https:\\\/\\\/secure.gravatar.com\\\/avatar\\\/3732c223e0e1fad69062a8f770955c9068d37b055204f310a0be18d4069fe380?s=96&d=mm&r=g\",\"contentUrl\":\"https:\\\/\\\/secure.gravatar.com\\\/avatar\\\/3732c223e0e1fad69062a8f770955c9068d37b055204f310a0be18d4069fe380?s=96&d=mm&r=g\",\"caption\":\"Autor\"},\"sameAs\":[\"https:\\\/\\\/marketingmassivo.com.br\"],\"url\":\"https:\\\/\\\/fieam.org.br\\\/sesi\\\/author\\\/admin\\\/\"}]}<\/script>\n<!-- \/ Yoast SEO plugin. -->","yoast_head_json":{"title":"A\u00e7\u00f5es preventivas evitam periodontite, afirma dentista do SESI Amazonas - SESI","robots":{"index":"index","follow":"follow","max-snippet":"max-snippet:-1","max-image-preview":"max-image-preview:large","max-video-preview":"max-video-preview:-1"},"canonical":"https:\/\/fieam.org.br\/sesi\/acoes-preventivas-evitam-periodontite-afirma-dentista-do-sesi-amazonas\/","og_locale":"pt_BR","og_type":"article","og_title":"A\u00e7\u00f5es preventivas evitam periodontite, afirma dentista do SESI Amazonas - SESI","og_description":"Escovar os dentes, usar fio dental e frequentar periodicamente o seu dentista s\u00e3o a\u00e7\u00f5es de higieniza\u00e7\u00e3o b\u00e1sicas para combater \u00e0 periodontite, diz a especialista em Periodontia do Servi\u00e7o Social da Ind\u00fastria (SESI Amazonas), Fikriye Viga Yurtsever. A periodontia \u00e9 a especialidade da odontologia que trata do suporte e prote\u00e7\u00e3o dos dentes, como gengiva, osso e [&hellip;]","og_url":"https:\/\/fieam.org.br\/sesi\/acoes-preventivas-evitam-periodontite-afirma-dentista-do-sesi-amazonas\/","og_site_name":"SESI","article_published_time":"2017-02-09T21:10:47+00:00","author":"Autor","twitter_card":"summary_large_image","twitter_misc":{"Escrito por":"Autor","Est. tempo de leitura":"2 minutos"},"schema":{"@context":"https:\/\/schema.org","@graph":[{"@type":"Article","@id":"https:\/\/fieam.org.br\/sesi\/acoes-preventivas-evitam-periodontite-afirma-dentista-do-sesi-amazonas\/#article","isPartOf":{"@id":"https:\/\/fieam.org.br\/sesi\/acoes-preventivas-evitam-periodontite-afirma-dentista-do-sesi-amazonas\/"},"author":{"name":"Autor","@id":"https:\/\/fieam.org.br\/sesi\/#\/schema\/person\/f54998dd14d5f0695b41444f2b01c31e"},"headline":"A\u00e7\u00f5es preventivas evitam periodontite, afirma dentista do SESI Amazonas","datePublished":"2017-02-09T21:10:47+00:00","mainEntityOfPage":{"@id":"https:\/\/fieam.org.br\/sesi\/acoes-preventivas-evitam-periodontite-afirma-dentista-do-sesi-amazonas\/"},"wordCount":383,"commentCount":0,"publisher":{"@id":"https:\/\/fieam.org.br\/sesi\/#organization"},"image":{"@id":"https:\/\/fieam.org.br\/sesi\/acoes-preventivas-evitam-periodontite-afirma-dentista-do-sesi-amazonas\/#primaryimage"},"thumbnailUrl":"","articleSection":["News","News Destaque"],"inLanguage":"pt-BR","potentialAction":[{"@type":"CommentAction","name":"Comment","target":["https:\/\/fieam.org.br\/sesi\/acoes-preventivas-evitam-periodontite-afirma-dentista-do-sesi-amazonas\/#respond"]}]},{"@type":"WebPage","@id":"https:\/\/fieam.org.br\/sesi\/acoes-preventivas-evitam-periodontite-afirma-dentista-do-sesi-amazonas\/","url":"https:\/\/fieam.org.br\/sesi\/acoes-preventivas-evitam-periodontite-afirma-dentista-do-sesi-amazonas\/","name":"A\u00e7\u00f5es preventivas evitam periodontite, afirma dentista do SESI Amazonas - SESI","isPartOf":{"@id":"https:\/\/fieam.org.br\/sesi\/#website"},"primaryImageOfPage":{"@id":"https:\/\/fieam.org.br\/sesi\/acoes-preventivas-evitam-periodontite-afirma-dentista-do-sesi-amazonas\/#primaryimage"},"image":{"@id":"https:\/\/fieam.org.br\/sesi\/acoes-preventivas-evitam-periodontite-afirma-dentista-do-sesi-amazonas\/#primaryimage"},"thumbnailUrl":"","datePublished":"2017-02-09T21:10:47+00:00","breadcrumb":{"@id":"https:\/\/fieam.org.br\/sesi\/acoes-preventivas-evitam-periodontite-afirma-dentista-do-sesi-amazonas\/#breadcrumb"},"inLanguage":"pt-BR","potentialAction":[{"@type":"ReadAction","target":["https:\/\/fieam.org.br\/sesi\/acoes-preventivas-evitam-periodontite-afirma-dentista-do-sesi-amazonas\/"]}]},{"@type":"ImageObject","inLanguage":"pt-BR","@id":"https:\/\/fieam.org.br\/sesi\/acoes-preventivas-evitam-periodontite-afirma-dentista-do-sesi-amazonas\/#primaryimage","url":"","contentUrl":""},{"@type":"BreadcrumbList","@id":"https:\/\/fieam.org.br\/sesi\/acoes-preventivas-evitam-periodontite-afirma-dentista-do-sesi-amazonas\/#breadcrumb","itemListElement":[{"@type":"ListItem","position":1,"name":"In\u00edcio","item":"https:\/\/fieam.org.br\/sesi\/"},{"@type":"ListItem","position":2,"name":"A\u00e7\u00f5es preventivas evitam periodontite, afirma dentista do SESI Amazonas"}]},{"@type":"WebSite","@id":"https:\/\/fieam.org.br\/sesi\/#website","url":"https:\/\/fieam.org.br\/sesi\/","name":"SESI","description":"Site Oficial!","publisher":{"@id":"https:\/\/fieam.org.br\/sesi\/#organization"},"potentialAction":[{"@type":"SearchAction","target":{"@type":"EntryPoint","urlTemplate":"https:\/\/fieam.org.br\/sesi\/?s={search_term_string}"},"query-input":{"@type":"PropertyValueSpecification","valueRequired":true,"valueName":"search_term_string"}}],"inLanguage":"pt-BR"},{"@type":"Organization","@id":"https:\/\/fieam.org.br\/sesi\/#organization","name":"SESI","url":"https:\/\/fieam.org.br\/sesi\/","logo":{"@type":"ImageObject","inLanguage":"pt-BR","@id":"https:\/\/fieam.org.br\/sesi\/#\/schema\/logo\/image\/","url":"https:\/\/fieam.org.br\/sesi\/wp-content\/uploads\/sites\/14\/2024\/03\/cropped-fav.png","contentUrl":"https:\/\/fieam.org.br\/sesi\/wp-content\/uploads\/sites\/14\/2024\/03\/cropped-fav.png","width":610,"height":589,"caption":"SESI"},"image":{"@id":"https:\/\/fieam.org.br\/sesi\/#\/schema\/logo\/image\/"}},{"@type":"Person","@id":"https:\/\/fieam.org.br\/sesi\/#\/schema\/person\/f54998dd14d5f0695b41444f2b01c31e","name":"Autor","image":{"@type":"ImageObject","inLanguage":"pt-BR","@id":"https:\/\/secure.gravatar.com\/avatar\/3732c223e0e1fad69062a8f770955c9068d37b055204f310a0be18d4069fe380?s=96&d=mm&r=g","url":"https:\/\/secure.gravatar.com\/avatar\/3732c223e0e1fad69062a8f770955c9068d37b055204f310a0be18d4069fe380?s=96&d=mm&r=g","contentUrl":"https:\/\/secure.gravatar.com\/avatar\/3732c223e0e1fad69062a8f770955c9068d37b055204f310a0be18d4069fe380?s=96&d=mm&r=g","caption":"Autor"},"sameAs":["https:\/\/marketingmassivo.com.br"],"url":"https:\/\/fieam.org.br\/sesi\/author\/admin\/"}]}},"_links":{"self":[{"href":"https:\/\/fieam.org.br\/sesi\/wp-json\/wp\/v2\/posts\/10197","targetHints":{"allow":["GET"]}}],"collection":[{"href":"https:\/\/fieam.org.br\/sesi\/wp-json\/wp\/v2\/posts"}],"about":[{"href":"https:\/\/fieam.org.br\/sesi\/wp-json\/wp\/v2\/types\/post"}],"author":[{"embeddable":true,"href":"https:\/\/fieam.org.br\/sesi\/wp-json\/wp\/v2\/users\/1"}],"replies":[{"embeddable":true,"href":"https:\/\/fieam.org.br\/sesi\/wp-json\/wp\/v2\/comments?post=10197"}],"version-history":[{"count":0,"href":"https:\/\/fieam.org.br\/sesi\/wp-json\/wp\/v2\/posts\/10197\/revisions"}],"wp:attachment":[{"href":"https:\/\/fieam.org.br\/sesi\/wp-json\/wp\/v2\/media?parent=10197"}],"wp:term":[{"taxonomy":"category","embeddable":true,"href":"https:\/\/fieam.org.br\/sesi\/wp-json\/wp\/v2\/categories?post=10197"},{"taxonomy":"post_tag","embeddable":true,"href":"https:\/\/fieam.org.br\/sesi\/wp-json\/wp\/v2\/tags?post=10197"}],"curies":[{"name":"wp","href":"https:\/\/api.w.org\/{rel}","templated":true}]}}