{"id":10168,"date":"2017-02-06T15:35:37","date_gmt":"2017-02-06T19:35:37","guid":{"rendered":"http:\/\/www.fieam.org.br\/sesi\/?p=10168"},"modified":"2017-02-06T15:35:37","modified_gmt":"2017-02-06T19:35:37","slug":"volta-as-aulas-para-mais-de-600-criancas-na-creche-do-sesi","status":"publish","type":"post","link":"https:\/\/fieam.org.br\/sesi\/volta-as-aulas-para-mais-de-600-criancas-na-creche-do-sesi\/","title":{"rendered":"Volta \u00e0s aulas para mais de 600 crian\u00e7as na creche do SESI"},"content":{"rendered":"<p><strong>Imagens: <\/strong>Heider Betcel (Diretoria de Comunica\u00e7\u00e3o e Marketing)<\/p>\n<p>&nbsp;<\/p>\n<figure id=\"attachment_10169\" aria-describedby=\"caption-attachment-10169\" style=\"width: 300px\" class=\"wp-caption alignleft\"><a href=\"https:\/\/marketingmassivo.com.br\/sesi\/wp-content\/uploads\/sites\/12\/2017\/02\/Jair-Rodrigues-esposa-e-filhos-no-primeiro-dia-de-aula-do-maternal.jpg\"><img fetchpriority=\"high\" decoding=\"async\" class=\"size-medium wp-image-10169\" src=\"http:\/\/www.fieam.org.br\/sesi\/wp-content\/uploads\/sites\/2\/2017\/02\/Jair-Rodrigues-esposa-e-filhos-no-primeiro-dia-de-aula-do-maternal-300x200.jpg\" alt=\"Jair Rodrigues, esposa e filhos no primeiro dia de aula do maternal\" width=\"300\" height=\"200\" srcset=\"https:\/\/fieam.org.br\/sesi\/wp-content\/uploads\/sites\/14\/2017\/02\/Jair-Rodrigues-esposa-e-filhos-no-primeiro-dia-de-aula-do-maternal-300x200.jpg 300w, https:\/\/fieam.org.br\/sesi\/wp-content\/uploads\/sites\/14\/2017\/02\/Jair-Rodrigues-esposa-e-filhos-no-primeiro-dia-de-aula-do-maternal-768x512.jpg 768w, https:\/\/fieam.org.br\/sesi\/wp-content\/uploads\/sites\/14\/2017\/02\/Jair-Rodrigues-esposa-e-filhos-no-primeiro-dia-de-aula-do-maternal.jpg 1024w\" sizes=\"(max-width: 300px) 100vw, 300px\" \/><\/a><figcaption id=\"caption-attachment-10169\" class=\"wp-caption-text\">Jair Rodrigues, esposa e filhos no primeiro dia de aula do maternal<\/figcaption><\/figure>\n<p>Mais de 600 crian\u00e7as do maternal e creche tiveram seu primeiro dia de aula, nesta segunda-feira, 6, na Escola <a href=\"http:\/\/www.fieam.org.br\/sesi\/\">SESI <\/a>Dr. Francisco Garcia. S\u00e3o crian\u00e7as a partir do 4\u00ba m\u00eas at\u00e9 os 3 anos de idade.&nbsp; Na pr\u00f3xima segunda-feira, 13, ser\u00e1 a vez dos alunos da Pr\u00e9-Escola, de 4 a 6 anos de idade, iniciarem o ano letivo. Ao todo, 3.491 alunos est\u00e3o matriculados nas escolas SESI, em 2017, a maioria, dependentes de trabalhadores do Polo Industrial de Manaus (PIM).<\/p>\n<p>Para o l\u00edder de materiais na empresa P&amp;G, Jair Rodrigues e sua mulher, Viviane Lopes, o SESI tem uma grande import\u00e2ncia na vida dos seus filhos porque os ensinam a ser organizados. A experi\u00eancia do casal com o SESI j\u00e1 faz tr\u00eas anos, desde a coloca\u00e7\u00e3o do primeiro filho na escola, Lincoln, hoje com 5 anos. Depois vieram Maur\u00edcio Levi, de 4, e&nbsp; P\u00e9rola, de 2 anos, que come\u00e7ou ontem o seu primeiro ano na creche.<\/p>\n<p>O casal de engenheiros da empresa Electrolux, Gilson Makimoto, 36, e Lilian Mendon\u00e7a, 37, disse se sentir<\/p>\n<figure id=\"attachment_10170\" aria-describedby=\"caption-attachment-10170\" style=\"width: 300px\" class=\"wp-caption alignright\"><a href=\"http:\/\/www.fieam.org.br\/sesi\/wp-content\/uploads\/sites\/2\/2017\/02\/Lilian-Mendon\u00e7a-da-Eletrolux-acompanha-a-filha-em-seu-terceiro-ano-na-Rede-SESI.jpg\"><img decoding=\"async\" class=\"size-medium wp-image-10170\" src=\"http:\/\/www.fieam.org.br\/sesi\/wp-content\/uploads\/sites\/2\/2017\/02\/Lilian-Mendon\u00e7a-da-Eletrolux-acompanha-a-filha-em-seu-terceiro-ano-na-Rede-SESI-300x200.jpg\" alt=\"Lilian Mendon\u00e7a da Eletrolux acompanha a filha em seu terceiro ano na Rede SESI\" width=\"300\" height=\"200\"><\/a><figcaption id=\"caption-attachment-10170\" class=\"wp-caption-text\">Lilian Mendon\u00e7a da Eletrolux acompanha a filha em seu terceiro ano na Rede SESI<\/figcaption><\/figure>\n<p>confort\u00e1vel ao deixar a filha, Julie, de 3 anos, para o seu primeiro dia de aula no Maternal 3. A \u00fanica dificuldade foi convencer Julie a se separar da m\u00e3e, mesmo n\u00e3o sendo a sua primeira vez na escola. Julie frequenta o SESI desde os 6 meses de idade, mas mostrou-se um pouco assustada com o ambiente, o que para a psic\u00f3loga da escola, Deborah Moreira, \u00e9 normal no primeiro m\u00eas de aula.<\/p>\n<p>\u201c\u00c9 de aproximadamente um m\u00eas o per\u00edodo de adapta\u00e7\u00e3o ou mesmo readapta\u00e7\u00e3o das crian\u00e7as em um novo ambiente, com novas pessoas, e essa \u00e9 a nossa preocupa\u00e7\u00e3o. Estamos aqui para preparar essas crian\u00e7as para que enfrentem a vida, seja agora na mudan\u00e7a de s\u00e9rie ou mais tarde, ao come\u00e7ar um novo emprego ou o fim de um relacionamento. Sendo assim, oferecemos nesse primeiro m\u00eas uma aten\u00e7\u00e3o redobrada, tanto para os filhos quanto para os pais que muitas vezes, acabam passando inseguran\u00e7a para a crian\u00e7a, fazendo com que muitas das vezes ela n\u00e3o se adapte na escola\u201d, disse a psic\u00f3loga.<\/p>\n<p>A Escola SESI Dr. Francisco Garcia desenvolve o projeto Acolhendo com Alegria, nos primeiros dias de aula da educa\u00e7\u00e3o infantil. \u201cO trabalho \u00e9 muito importante porque \u00e9 o in\u00edcio de escolariza\u00e7\u00e3o, e o ambiente escolar n\u00e3o pode e nem deve ser diferente do ambiente familiar\u201d, frisa a gerente da escola, Maria Acilda Santos.<\/p>\n<p>\u201cNa verdade, o nosso trabalho come\u00e7a muito antes das aulas, desde o primeiro contato dos pais com a escola. \u00c9 importante que o pai, ao participar das reuni\u00f5es, interaja com a equipe t\u00e9cnica, conhecendo bem o funcionamento da escola e at\u00e9 mesmo, mais para frente, conhe\u00e7a as profissionais que ir\u00e3o a partir do primeiro dia de aula, cuidar diretamente de seus filhos, fazendo assim com que o primeiro dia seja prazeroso para ambos\u201d, explica Deborah.<\/p>\n<p>As escolas do SESI empregam a metodologia de ensino S\u00f3cio-Interacionismo, que valoriza a intera\u00e7\u00e3o dos alunos e o ambiente escolar, ou seja, a crian\u00e7a traz os seus conhecimentos prim\u00e1rios, conv\u00edvio com a fam\u00edlia, e a escola se encarrega de contextualizar todas as informa\u00e7\u00f5es e assim trabalhar com o aluno o contexto sociocultural para enfrentamento da vida.<\/p>\n<p>&nbsp;<\/p>\n<p>&nbsp;<\/p>\n<p><strong>ATENDIMENTO \u00c0 IMPRENSA<\/strong><\/p>\n<p><strong>Diretoria de Comunica\u00e7\u00e3o e Marketing do Sistema FIEAM<\/strong><\/p>\n<p>Tel: (92) 3186-6576 Fax: (92) 3186-6579<\/p>\n<p>E-mail: <a href=\"mailto:imprensa@fieam.org.br\">imprensa@fieam.org.br<\/a><\/p>\n<p>Portal: <a href=\"http:\/\/www.fieam.org.br\/\">http:\/\/www.fieam.org.br<\/a> <strong>&nbsp;&nbsp;<\/strong><\/p>\n<p><strong>&nbsp;Sistema FIEAM nas redes sociais<\/strong><\/p>\n<p><strong>FIEAM:<\/strong> <a href=\"https:\/\/www.facebook.com\/fieamoficial\">Facebook<\/a>| <a href=\"https:\/\/twitter.com\/fieam\">Twitter<\/a>| <a href=\"https:\/\/www.instagram.com\/sistemafieam\/\">Instagram<\/a>| &nbsp;<a href=\"https:\/\/www.youtube.com\/user\/FIEAM\">You Tube<\/a> <strong>&nbsp;&nbsp;&nbsp;&nbsp;&nbsp;<\/strong><\/p>\n<p><strong>&nbsp;<\/strong><strong>SESI:<\/strong> <a href=\"https:\/\/www.facebook.com\/sesiamazonas\">Facebook<\/a>| <a href=\"https:\/\/twitter.com\/sesiamazonas\">Twitter<\/a>| <a href=\"https:\/\/www.instagram.com\/sistemafieam\/\">Instagram<\/a>| &nbsp;<a href=\"https:\/\/www.youtube.com\/user\/SESIAmazonas\">You Tube<\/a> <strong>&nbsp;&nbsp;&nbsp;&nbsp;&nbsp;&nbsp;&nbsp;&nbsp;&nbsp;<\/strong><\/p>\n<p><strong>&nbsp;SENAI:<\/strong> <a href=\"https:\/\/www.facebook.com\/senaiamazonas\">Facebook<\/a>| <a href=\"https:\/\/twitter.com\/senaiamazonas\">Twitter<\/a>| <a href=\"https:\/\/www.instagram.com\/sistemafieam\/\">Instagram<\/a>| &nbsp;<a href=\"https:\/\/www.youtube.com\/user\/SENAIAmazonas\">You Tube<\/a> <strong>&nbsp;&nbsp;&nbsp;&nbsp;&nbsp;&nbsp;&nbsp;<\/strong><\/p>\n<p><strong>&nbsp;IEL:<\/strong> <a href=\"https:\/\/www.facebook.com\/ielamazonas\">Facebook<\/a>| <a href=\"https:\/\/twitter.com\/ielamazonas\">Twitter<\/a>| <a href=\"https:\/\/www.instagram.com\/sistemafieam\/\">Instagram<\/a>| &nbsp;<a href=\"https:\/\/www.youtube.com\/user\/IELAmazonas\">You Tube<\/a><\/p>\n<p>&nbsp;<\/p>\n","protected":false},"excerpt":{"rendered":"<p>Imagens: Heider Betcel (Diretoria de Comunica\u00e7\u00e3o e Marketing) &nbsp; Mais de 600 crian\u00e7as do maternal e creche tiveram seu primeiro dia de aula, nesta segunda-feira, 6, na Escola SESI Dr. Francisco Garcia. S\u00e3o crian\u00e7as a partir do 4\u00ba m\u00eas at\u00e9 os 3 anos de idade.&nbsp; Na pr\u00f3xima segunda-feira, 13, ser\u00e1 a vez dos alunos da [&hellip;]<\/p>\n","protected":false},"author":1,"featured_media":10171,"comment_status":"open","ping_status":"open","sticky":false,"template":"","format":"standard","meta":{"footnotes":""},"categories":[25,26],"tags":[],"class_list":["post-10168","post","type-post","status-publish","format-standard","has-post-thumbnail","hentry","category-news","category-news-destaque"],"yoast_head":"<!-- This site is optimized with the Yoast SEO plugin v28.2 - https:\/\/yoast.com\/product\/yoast-seo-wordpress\/ -->\n<title>Volta \u00e0s aulas para mais de 600 crian\u00e7as na creche do SESI - SESI<\/title>\n<meta name=\"robots\" content=\"index, follow, max-snippet:-1, max-image-preview:large, max-video-preview:-1\" \/>\n<link rel=\"canonical\" href=\"https:\/\/fieam.org.br\/sesi\/volta-as-aulas-para-mais-de-600-criancas-na-creche-do-sesi\/\" \/>\n<meta property=\"og:locale\" content=\"pt_BR\" \/>\n<meta property=\"og:type\" content=\"article\" \/>\n<meta property=\"og:title\" content=\"Volta \u00e0s aulas para mais de 600 crian\u00e7as na creche do SESI - SESI\" \/>\n<meta property=\"og:description\" content=\"Imagens: Heider Betcel (Diretoria de Comunica\u00e7\u00e3o e Marketing) &nbsp; Mais de 600 crian\u00e7as do maternal e creche tiveram seu primeiro dia de aula, nesta segunda-feira, 6, na Escola SESI Dr. Francisco Garcia. S\u00e3o crian\u00e7as a partir do 4\u00ba m\u00eas at\u00e9 os 3 anos de idade.&nbsp; Na pr\u00f3xima segunda-feira, 13, ser\u00e1 a vez dos alunos da [&hellip;]\" \/>\n<meta property=\"og:url\" content=\"https:\/\/fieam.org.br\/sesi\/volta-as-aulas-para-mais-de-600-criancas-na-creche-do-sesi\/\" \/>\n<meta property=\"og:site_name\" content=\"SESI\" \/>\n<meta property=\"article:published_time\" content=\"2017-02-06T19:35:37+00:00\" \/>\n<meta name=\"author\" content=\"Autor\" \/>\n<meta name=\"twitter:card\" content=\"summary_large_image\" \/>\n<meta name=\"twitter:label1\" content=\"Escrito por\" \/>\n\t<meta name=\"twitter:data1\" content=\"Autor\" \/>\n\t<meta name=\"twitter:label2\" content=\"Est. tempo de leitura\" \/>\n\t<meta name=\"twitter:data2\" content=\"4 minutos\" \/>\n<script type=\"application\/ld+json\" class=\"yoast-schema-graph\">{\"@context\":\"https:\\\/\\\/schema.org\",\"@graph\":[{\"@type\":\"Article\",\"@id\":\"https:\\\/\\\/fieam.org.br\\\/sesi\\\/volta-as-aulas-para-mais-de-600-criancas-na-creche-do-sesi\\\/#article\",\"isPartOf\":{\"@id\":\"https:\\\/\\\/fieam.org.br\\\/sesi\\\/volta-as-aulas-para-mais-de-600-criancas-na-creche-do-sesi\\\/\"},\"author\":{\"name\":\"Autor\",\"@id\":\"https:\\\/\\\/fieam.org.br\\\/sesi\\\/#\\\/schema\\\/person\\\/f54998dd14d5f0695b41444f2b01c31e\"},\"headline\":\"Volta \u00e0s aulas para mais de 600 crian\u00e7as na creche do SESI\",\"datePublished\":\"2017-02-06T19:35:37+00:00\",\"mainEntityOfPage\":{\"@id\":\"https:\\\/\\\/fieam.org.br\\\/sesi\\\/volta-as-aulas-para-mais-de-600-criancas-na-creche-do-sesi\\\/\"},\"wordCount\":715,\"commentCount\":1,\"publisher\":{\"@id\":\"https:\\\/\\\/fieam.org.br\\\/sesi\\\/#organization\"},\"image\":{\"@id\":\"https:\\\/\\\/fieam.org.br\\\/sesi\\\/volta-as-aulas-para-mais-de-600-criancas-na-creche-do-sesi\\\/#primaryimage\"},\"thumbnailUrl\":\"\",\"articleSection\":[\"News\",\"News Destaque\"],\"inLanguage\":\"pt-BR\",\"potentialAction\":[{\"@type\":\"CommentAction\",\"name\":\"Comment\",\"target\":[\"https:\\\/\\\/fieam.org.br\\\/sesi\\\/volta-as-aulas-para-mais-de-600-criancas-na-creche-do-sesi\\\/#respond\"]}]},{\"@type\":\"WebPage\",\"@id\":\"https:\\\/\\\/fieam.org.br\\\/sesi\\\/volta-as-aulas-para-mais-de-600-criancas-na-creche-do-sesi\\\/\",\"url\":\"https:\\\/\\\/fieam.org.br\\\/sesi\\\/volta-as-aulas-para-mais-de-600-criancas-na-creche-do-sesi\\\/\",\"name\":\"Volta \u00e0s aulas para mais de 600 crian\u00e7as na creche do SESI - SESI\",\"isPartOf\":{\"@id\":\"https:\\\/\\\/fieam.org.br\\\/sesi\\\/#website\"},\"primaryImageOfPage\":{\"@id\":\"https:\\\/\\\/fieam.org.br\\\/sesi\\\/volta-as-aulas-para-mais-de-600-criancas-na-creche-do-sesi\\\/#primaryimage\"},\"image\":{\"@id\":\"https:\\\/\\\/fieam.org.br\\\/sesi\\\/volta-as-aulas-para-mais-de-600-criancas-na-creche-do-sesi\\\/#primaryimage\"},\"thumbnailUrl\":\"\",\"datePublished\":\"2017-02-06T19:35:37+00:00\",\"breadcrumb\":{\"@id\":\"https:\\\/\\\/fieam.org.br\\\/sesi\\\/volta-as-aulas-para-mais-de-600-criancas-na-creche-do-sesi\\\/#breadcrumb\"},\"inLanguage\":\"pt-BR\",\"potentialAction\":[{\"@type\":\"ReadAction\",\"target\":[\"https:\\\/\\\/fieam.org.br\\\/sesi\\\/volta-as-aulas-para-mais-de-600-criancas-na-creche-do-sesi\\\/\"]}]},{\"@type\":\"ImageObject\",\"inLanguage\":\"pt-BR\",\"@id\":\"https:\\\/\\\/fieam.org.br\\\/sesi\\\/volta-as-aulas-para-mais-de-600-criancas-na-creche-do-sesi\\\/#primaryimage\",\"url\":\"\",\"contentUrl\":\"\"},{\"@type\":\"BreadcrumbList\",\"@id\":\"https:\\\/\\\/fieam.org.br\\\/sesi\\\/volta-as-aulas-para-mais-de-600-criancas-na-creche-do-sesi\\\/#breadcrumb\",\"itemListElement\":[{\"@type\":\"ListItem\",\"position\":1,\"name\":\"In\u00edcio\",\"item\":\"https:\\\/\\\/fieam.org.br\\\/sesi\\\/\"},{\"@type\":\"ListItem\",\"position\":2,\"name\":\"Volta \u00e0s aulas para mais de 600 crian\u00e7as na creche do SESI\"}]},{\"@type\":\"WebSite\",\"@id\":\"https:\\\/\\\/fieam.org.br\\\/sesi\\\/#website\",\"url\":\"https:\\\/\\\/fieam.org.br\\\/sesi\\\/\",\"name\":\"SESI\",\"description\":\"Site Oficial!\",\"publisher\":{\"@id\":\"https:\\\/\\\/fieam.org.br\\\/sesi\\\/#organization\"},\"potentialAction\":[{\"@type\":\"SearchAction\",\"target\":{\"@type\":\"EntryPoint\",\"urlTemplate\":\"https:\\\/\\\/fieam.org.br\\\/sesi\\\/?s={search_term_string}\"},\"query-input\":{\"@type\":\"PropertyValueSpecification\",\"valueRequired\":true,\"valueName\":\"search_term_string\"}}],\"inLanguage\":\"pt-BR\"},{\"@type\":\"Organization\",\"@id\":\"https:\\\/\\\/fieam.org.br\\\/sesi\\\/#organization\",\"name\":\"SESI\",\"url\":\"https:\\\/\\\/fieam.org.br\\\/sesi\\\/\",\"logo\":{\"@type\":\"ImageObject\",\"inLanguage\":\"pt-BR\",\"@id\":\"https:\\\/\\\/fieam.org.br\\\/sesi\\\/#\\\/schema\\\/logo\\\/image\\\/\",\"url\":\"https:\\\/\\\/fieam.org.br\\\/sesi\\\/wp-content\\\/uploads\\\/sites\\\/14\\\/2024\\\/03\\\/cropped-fav.png\",\"contentUrl\":\"https:\\\/\\\/fieam.org.br\\\/sesi\\\/wp-content\\\/uploads\\\/sites\\\/14\\\/2024\\\/03\\\/cropped-fav.png\",\"width\":610,\"height\":589,\"caption\":\"SESI\"},\"image\":{\"@id\":\"https:\\\/\\\/fieam.org.br\\\/sesi\\\/#\\\/schema\\\/logo\\\/image\\\/\"}},{\"@type\":\"Person\",\"@id\":\"https:\\\/\\\/fieam.org.br\\\/sesi\\\/#\\\/schema\\\/person\\\/f54998dd14d5f0695b41444f2b01c31e\",\"name\":\"Autor\",\"image\":{\"@type\":\"ImageObject\",\"inLanguage\":\"pt-BR\",\"@id\":\"https:\\\/\\\/secure.gravatar.com\\\/avatar\\\/3732c223e0e1fad69062a8f770955c9068d37b055204f310a0be18d4069fe380?s=96&d=mm&r=g\",\"url\":\"https:\\\/\\\/secure.gravatar.com\\\/avatar\\\/3732c223e0e1fad69062a8f770955c9068d37b055204f310a0be18d4069fe380?s=96&d=mm&r=g\",\"contentUrl\":\"https:\\\/\\\/secure.gravatar.com\\\/avatar\\\/3732c223e0e1fad69062a8f770955c9068d37b055204f310a0be18d4069fe380?s=96&d=mm&r=g\",\"caption\":\"Autor\"},\"sameAs\":[\"https:\\\/\\\/marketingmassivo.com.br\"],\"url\":\"https:\\\/\\\/fieam.org.br\\\/sesi\\\/author\\\/admin\\\/\"}]}<\/script>\n<!-- \/ Yoast SEO plugin. -->","yoast_head_json":{"title":"Volta \u00e0s aulas para mais de 600 crian\u00e7as na creche do SESI - SESI","robots":{"index":"index","follow":"follow","max-snippet":"max-snippet:-1","max-image-preview":"max-image-preview:large","max-video-preview":"max-video-preview:-1"},"canonical":"https:\/\/fieam.org.br\/sesi\/volta-as-aulas-para-mais-de-600-criancas-na-creche-do-sesi\/","og_locale":"pt_BR","og_type":"article","og_title":"Volta \u00e0s aulas para mais de 600 crian\u00e7as na creche do SESI - SESI","og_description":"Imagens: Heider Betcel (Diretoria de Comunica\u00e7\u00e3o e Marketing) &nbsp; Mais de 600 crian\u00e7as do maternal e creche tiveram seu primeiro dia de aula, nesta segunda-feira, 6, na Escola SESI Dr. Francisco Garcia. S\u00e3o crian\u00e7as a partir do 4\u00ba m\u00eas at\u00e9 os 3 anos de idade.&nbsp; Na pr\u00f3xima segunda-feira, 13, ser\u00e1 a vez dos alunos da [&hellip;]","og_url":"https:\/\/fieam.org.br\/sesi\/volta-as-aulas-para-mais-de-600-criancas-na-creche-do-sesi\/","og_site_name":"SESI","article_published_time":"2017-02-06T19:35:37+00:00","author":"Autor","twitter_card":"summary_large_image","twitter_misc":{"Escrito por":"Autor","Est. tempo de leitura":"4 minutos"},"schema":{"@context":"https:\/\/schema.org","@graph":[{"@type":"Article","@id":"https:\/\/fieam.org.br\/sesi\/volta-as-aulas-para-mais-de-600-criancas-na-creche-do-sesi\/#article","isPartOf":{"@id":"https:\/\/fieam.org.br\/sesi\/volta-as-aulas-para-mais-de-600-criancas-na-creche-do-sesi\/"},"author":{"name":"Autor","@id":"https:\/\/fieam.org.br\/sesi\/#\/schema\/person\/f54998dd14d5f0695b41444f2b01c31e"},"headline":"Volta \u00e0s aulas para mais de 600 crian\u00e7as na creche do SESI","datePublished":"2017-02-06T19:35:37+00:00","mainEntityOfPage":{"@id":"https:\/\/fieam.org.br\/sesi\/volta-as-aulas-para-mais-de-600-criancas-na-creche-do-sesi\/"},"wordCount":715,"commentCount":1,"publisher":{"@id":"https:\/\/fieam.org.br\/sesi\/#organization"},"image":{"@id":"https:\/\/fieam.org.br\/sesi\/volta-as-aulas-para-mais-de-600-criancas-na-creche-do-sesi\/#primaryimage"},"thumbnailUrl":"","articleSection":["News","News Destaque"],"inLanguage":"pt-BR","potentialAction":[{"@type":"CommentAction","name":"Comment","target":["https:\/\/fieam.org.br\/sesi\/volta-as-aulas-para-mais-de-600-criancas-na-creche-do-sesi\/#respond"]}]},{"@type":"WebPage","@id":"https:\/\/fieam.org.br\/sesi\/volta-as-aulas-para-mais-de-600-criancas-na-creche-do-sesi\/","url":"https:\/\/fieam.org.br\/sesi\/volta-as-aulas-para-mais-de-600-criancas-na-creche-do-sesi\/","name":"Volta \u00e0s aulas para mais de 600 crian\u00e7as na creche do SESI - SESI","isPartOf":{"@id":"https:\/\/fieam.org.br\/sesi\/#website"},"primaryImageOfPage":{"@id":"https:\/\/fieam.org.br\/sesi\/volta-as-aulas-para-mais-de-600-criancas-na-creche-do-sesi\/#primaryimage"},"image":{"@id":"https:\/\/fieam.org.br\/sesi\/volta-as-aulas-para-mais-de-600-criancas-na-creche-do-sesi\/#primaryimage"},"thumbnailUrl":"","datePublished":"2017-02-06T19:35:37+00:00","breadcrumb":{"@id":"https:\/\/fieam.org.br\/sesi\/volta-as-aulas-para-mais-de-600-criancas-na-creche-do-sesi\/#breadcrumb"},"inLanguage":"pt-BR","potentialAction":[{"@type":"ReadAction","target":["https:\/\/fieam.org.br\/sesi\/volta-as-aulas-para-mais-de-600-criancas-na-creche-do-sesi\/"]}]},{"@type":"ImageObject","inLanguage":"pt-BR","@id":"https:\/\/fieam.org.br\/sesi\/volta-as-aulas-para-mais-de-600-criancas-na-creche-do-sesi\/#primaryimage","url":"","contentUrl":""},{"@type":"BreadcrumbList","@id":"https:\/\/fieam.org.br\/sesi\/volta-as-aulas-para-mais-de-600-criancas-na-creche-do-sesi\/#breadcrumb","itemListElement":[{"@type":"ListItem","position":1,"name":"In\u00edcio","item":"https:\/\/fieam.org.br\/sesi\/"},{"@type":"ListItem","position":2,"name":"Volta \u00e0s aulas para mais de 600 crian\u00e7as na creche do SESI"}]},{"@type":"WebSite","@id":"https:\/\/fieam.org.br\/sesi\/#website","url":"https:\/\/fieam.org.br\/sesi\/","name":"SESI","description":"Site Oficial!","publisher":{"@id":"https:\/\/fieam.org.br\/sesi\/#organization"},"potentialAction":[{"@type":"SearchAction","target":{"@type":"EntryPoint","urlTemplate":"https:\/\/fieam.org.br\/sesi\/?s={search_term_string}"},"query-input":{"@type":"PropertyValueSpecification","valueRequired":true,"valueName":"search_term_string"}}],"inLanguage":"pt-BR"},{"@type":"Organization","@id":"https:\/\/fieam.org.br\/sesi\/#organization","name":"SESI","url":"https:\/\/fieam.org.br\/sesi\/","logo":{"@type":"ImageObject","inLanguage":"pt-BR","@id":"https:\/\/fieam.org.br\/sesi\/#\/schema\/logo\/image\/","url":"https:\/\/fieam.org.br\/sesi\/wp-content\/uploads\/sites\/14\/2024\/03\/cropped-fav.png","contentUrl":"https:\/\/fieam.org.br\/sesi\/wp-content\/uploads\/sites\/14\/2024\/03\/cropped-fav.png","width":610,"height":589,"caption":"SESI"},"image":{"@id":"https:\/\/fieam.org.br\/sesi\/#\/schema\/logo\/image\/"}},{"@type":"Person","@id":"https:\/\/fieam.org.br\/sesi\/#\/schema\/person\/f54998dd14d5f0695b41444f2b01c31e","name":"Autor","image":{"@type":"ImageObject","inLanguage":"pt-BR","@id":"https:\/\/secure.gravatar.com\/avatar\/3732c223e0e1fad69062a8f770955c9068d37b055204f310a0be18d4069fe380?s=96&d=mm&r=g","url":"https:\/\/secure.gravatar.com\/avatar\/3732c223e0e1fad69062a8f770955c9068d37b055204f310a0be18d4069fe380?s=96&d=mm&r=g","contentUrl":"https:\/\/secure.gravatar.com\/avatar\/3732c223e0e1fad69062a8f770955c9068d37b055204f310a0be18d4069fe380?s=96&d=mm&r=g","caption":"Autor"},"sameAs":["https:\/\/marketingmassivo.com.br"],"url":"https:\/\/fieam.org.br\/sesi\/author\/admin\/"}]}},"_links":{"self":[{"href":"https:\/\/fieam.org.br\/sesi\/wp-json\/wp\/v2\/posts\/10168","targetHints":{"allow":["GET"]}}],"collection":[{"href":"https:\/\/fieam.org.br\/sesi\/wp-json\/wp\/v2\/posts"}],"about":[{"href":"https:\/\/fieam.org.br\/sesi\/wp-json\/wp\/v2\/types\/post"}],"author":[{"embeddable":true,"href":"https:\/\/fieam.org.br\/sesi\/wp-json\/wp\/v2\/users\/1"}],"replies":[{"embeddable":true,"href":"https:\/\/fieam.org.br\/sesi\/wp-json\/wp\/v2\/comments?post=10168"}],"version-history":[{"count":0,"href":"https:\/\/fieam.org.br\/sesi\/wp-json\/wp\/v2\/posts\/10168\/revisions"}],"wp:attachment":[{"href":"https:\/\/fieam.org.br\/sesi\/wp-json\/wp\/v2\/media?parent=10168"}],"wp:term":[{"taxonomy":"category","embeddable":true,"href":"https:\/\/fieam.org.br\/sesi\/wp-json\/wp\/v2\/categories?post=10168"},{"taxonomy":"post_tag","embeddable":true,"href":"https:\/\/fieam.org.br\/sesi\/wp-json\/wp\/v2\/tags?post=10168"}],"curies":[{"name":"wp","href":"https:\/\/api.w.org\/{rel}","templated":true}]}}