{"id":10114,"date":"2017-02-02T08:16:03","date_gmt":"2017-02-02T12:16:03","guid":{"rendered":"http:\/\/www.fieam.org.br\/sesi\/?p=10114"},"modified":"2017-02-02T08:16:03","modified_gmt":"2017-02-02T12:16:03","slug":"sesi-abre-vagas-educacao-de-jovens-e-adulto","status":"publish","type":"post","link":"https:\/\/fieam.org.br\/sesi\/sesi-abre-vagas-educacao-de-jovens-e-adulto\/","title":{"rendered":"SESI abre vagas Educa\u00e7\u00e3o de Jovens e Adulto"},"content":{"rendered":"<p>Carreira profissional est\u00e1 diretamente ligada \u00e0 escolaridade e, por isso, o <a href=\"http:\/\/www.fieam.org.br\/sesi\/\">Servi\u00e7o Social da Ind\u00fastria (SESI)<\/a> est\u00e1 com as matr\u00edculas abertas para a Educa\u00e7\u00e3o de Jovens e Adultos (EJA), destinada ao Ensino Fundamental, a partir de 15 anos, e Ensino M\u00e9dio, a partir de 18 anos. As turmas ter\u00e3o in\u00edcio em 6 de fevereiro, com aulas nos hor\u00e1rios, vespertino, das 13h \u00e0s 16h15 e noturno, das 18h30 \u00e0s 21h30.<\/p>\n<p>&nbsp;<\/p>\n<p>O SESI conta com duas unidades EJA, o Centro Integrado do Trabalhador Dolores Garcia, localizado no bairro Alvorada I, rua Vivaldo Lima, 405, pr\u00f3ximo ao SPA da Alvorada, e a Escola SESI Dra. \u00camina Mustafa, localizado na Avenida Cosme Ferreira, bairro S\u00e3o Jos\u00e9 I, ao lado do Clube do Trabalhador do SESI.<\/p>\n<p>&nbsp;<\/p>\n<p>O curso tem dura\u00e7\u00e3o de dezesseis meses letivos para o Ensino Fundamental e de doze meses letivos para o Ensino M\u00e9dio. As metodologias s\u00e3o adequadas \u00e0 faixa et\u00e1ria e o material did\u00e1tico e seus conte\u00fados est\u00e3o em sintonia com o segmento da ind\u00fastria em que os alunos atuam. As matr\u00edculas est\u00e3o abertas, podendo ser realizada das 8h \u00e0s 20h30, no SESI Alvorada I e das 13h \u00e0s 20h30 no SESI \u00camina Mustafa, S\u00e3o Jos\u00e9 I.<\/p>\n<p>&nbsp;<\/p>\n<p>Para mais informa\u00e7\u00f5es (92) 3238-5226 ou por meio do e-mail <a href=\"mailto:serem.educacao@sesiam.org.br\">serem.educacao@sesiam.org.br<\/a><\/p>\n<p>&nbsp;<\/p>\n","protected":false},"excerpt":{"rendered":"<p>Carreira profissional est\u00e1 diretamente ligada \u00e0 escolaridade e, por isso, o Servi\u00e7o Social da Ind\u00fastria (SESI) est\u00e1 com as matr\u00edculas abertas para a Educa\u00e7\u00e3o de Jovens e Adultos (EJA), destinada ao Ensino Fundamental, a partir de 15 anos, e Ensino M\u00e9dio, a partir de 18 anos. As turmas ter\u00e3o in\u00edcio em 6 de fevereiro, com [&hellip;]<\/p>\n","protected":false},"author":1,"featured_media":10115,"comment_status":"open","ping_status":"open","sticky":false,"template":"","format":"standard","meta":{"footnotes":""},"categories":[25,26],"tags":[],"class_list":["post-10114","post","type-post","status-publish","format-standard","has-post-thumbnail","hentry","category-news","category-news-destaque"],"yoast_head":"<!-- This site is optimized with the Yoast SEO plugin v28.2 - https:\/\/yoast.com\/product\/yoast-seo-wordpress\/ -->\n<title>SESI abre vagas Educa\u00e7\u00e3o de Jovens e Adulto - SESI<\/title>\n<meta name=\"robots\" content=\"index, follow, max-snippet:-1, max-image-preview:large, max-video-preview:-1\" \/>\n<link rel=\"canonical\" href=\"https:\/\/fieam.org.br\/sesi\/sesi-abre-vagas-educacao-de-jovens-e-adulto\/\" \/>\n<meta property=\"og:locale\" content=\"pt_BR\" \/>\n<meta property=\"og:type\" content=\"article\" \/>\n<meta property=\"og:title\" content=\"SESI abre vagas Educa\u00e7\u00e3o de Jovens e Adulto - SESI\" \/>\n<meta property=\"og:description\" content=\"Carreira profissional est\u00e1 diretamente ligada \u00e0 escolaridade e, por isso, o Servi\u00e7o Social da Ind\u00fastria (SESI) est\u00e1 com as matr\u00edculas abertas para a Educa\u00e7\u00e3o de Jovens e Adultos (EJA), destinada ao Ensino Fundamental, a partir de 15 anos, e Ensino M\u00e9dio, a partir de 18 anos. As turmas ter\u00e3o in\u00edcio em 6 de fevereiro, com [&hellip;]\" \/>\n<meta property=\"og:url\" content=\"https:\/\/fieam.org.br\/sesi\/sesi-abre-vagas-educacao-de-jovens-e-adulto\/\" \/>\n<meta property=\"og:site_name\" content=\"SESI\" \/>\n<meta property=\"article:published_time\" content=\"2017-02-02T12:16:03+00:00\" \/>\n<meta property=\"og:image\" content=\"https:\/\/fieam.org.br\/sesi\/wp-content\/uploads\/sites\/14\/2017\/02\/estudo-mural-facebook-eja-24-09-2014-portal.png\" \/>\n\t<meta property=\"og:image:width\" content=\"500\" \/>\n\t<meta property=\"og:image:height\" content=\"333\" \/>\n\t<meta property=\"og:image:type\" content=\"image\/png\" \/>\n<meta name=\"author\" content=\"Autor\" \/>\n<meta name=\"twitter:card\" content=\"summary_large_image\" \/>\n<meta name=\"twitter:label1\" content=\"Escrito por\" \/>\n\t<meta name=\"twitter:data1\" content=\"Autor\" \/>\n\t<meta name=\"twitter:label2\" content=\"Est. tempo de leitura\" \/>\n\t<meta name=\"twitter:data2\" content=\"1 minuto\" \/>\n<script type=\"application\/ld+json\" class=\"yoast-schema-graph\">{\"@context\":\"https:\\\/\\\/schema.org\",\"@graph\":[{\"@type\":\"Article\",\"@id\":\"https:\\\/\\\/fieam.org.br\\\/sesi\\\/sesi-abre-vagas-educacao-de-jovens-e-adulto\\\/#article\",\"isPartOf\":{\"@id\":\"https:\\\/\\\/fieam.org.br\\\/sesi\\\/sesi-abre-vagas-educacao-de-jovens-e-adulto\\\/\"},\"author\":{\"name\":\"Autor\",\"@id\":\"https:\\\/\\\/fieam.org.br\\\/sesi\\\/#\\\/schema\\\/person\\\/f54998dd14d5f0695b41444f2b01c31e\"},\"headline\":\"SESI abre vagas Educa\u00e7\u00e3o de Jovens e Adulto\",\"datePublished\":\"2017-02-02T12:16:03+00:00\",\"mainEntityOfPage\":{\"@id\":\"https:\\\/\\\/fieam.org.br\\\/sesi\\\/sesi-abre-vagas-educacao-de-jovens-e-adulto\\\/\"},\"wordCount\":239,\"commentCount\":2,\"publisher\":{\"@id\":\"https:\\\/\\\/fieam.org.br\\\/sesi\\\/#organization\"},\"image\":{\"@id\":\"https:\\\/\\\/fieam.org.br\\\/sesi\\\/sesi-abre-vagas-educacao-de-jovens-e-adulto\\\/#primaryimage\"},\"thumbnailUrl\":\"https:\\\/\\\/fieam.org.br\\\/sesi\\\/wp-content\\\/uploads\\\/sites\\\/14\\\/2017\\\/02\\\/estudo-mural-facebook-eja-24-09-2014-portal.png\",\"articleSection\":[\"News\",\"News Destaque\"],\"inLanguage\":\"pt-BR\",\"potentialAction\":[{\"@type\":\"CommentAction\",\"name\":\"Comment\",\"target\":[\"https:\\\/\\\/fieam.org.br\\\/sesi\\\/sesi-abre-vagas-educacao-de-jovens-e-adulto\\\/#respond\"]}]},{\"@type\":\"WebPage\",\"@id\":\"https:\\\/\\\/fieam.org.br\\\/sesi\\\/sesi-abre-vagas-educacao-de-jovens-e-adulto\\\/\",\"url\":\"https:\\\/\\\/fieam.org.br\\\/sesi\\\/sesi-abre-vagas-educacao-de-jovens-e-adulto\\\/\",\"name\":\"SESI abre vagas Educa\u00e7\u00e3o de Jovens e Adulto - SESI\",\"isPartOf\":{\"@id\":\"https:\\\/\\\/fieam.org.br\\\/sesi\\\/#website\"},\"primaryImageOfPage\":{\"@id\":\"https:\\\/\\\/fieam.org.br\\\/sesi\\\/sesi-abre-vagas-educacao-de-jovens-e-adulto\\\/#primaryimage\"},\"image\":{\"@id\":\"https:\\\/\\\/fieam.org.br\\\/sesi\\\/sesi-abre-vagas-educacao-de-jovens-e-adulto\\\/#primaryimage\"},\"thumbnailUrl\":\"https:\\\/\\\/fieam.org.br\\\/sesi\\\/wp-content\\\/uploads\\\/sites\\\/14\\\/2017\\\/02\\\/estudo-mural-facebook-eja-24-09-2014-portal.png\",\"datePublished\":\"2017-02-02T12:16:03+00:00\",\"breadcrumb\":{\"@id\":\"https:\\\/\\\/fieam.org.br\\\/sesi\\\/sesi-abre-vagas-educacao-de-jovens-e-adulto\\\/#breadcrumb\"},\"inLanguage\":\"pt-BR\",\"potentialAction\":[{\"@type\":\"ReadAction\",\"target\":[\"https:\\\/\\\/fieam.org.br\\\/sesi\\\/sesi-abre-vagas-educacao-de-jovens-e-adulto\\\/\"]}]},{\"@type\":\"ImageObject\",\"inLanguage\":\"pt-BR\",\"@id\":\"https:\\\/\\\/fieam.org.br\\\/sesi\\\/sesi-abre-vagas-educacao-de-jovens-e-adulto\\\/#primaryimage\",\"url\":\"https:\\\/\\\/fieam.org.br\\\/sesi\\\/wp-content\\\/uploads\\\/sites\\\/14\\\/2017\\\/02\\\/estudo-mural-facebook-eja-24-09-2014-portal.png\",\"contentUrl\":\"https:\\\/\\\/fieam.org.br\\\/sesi\\\/wp-content\\\/uploads\\\/sites\\\/14\\\/2017\\\/02\\\/estudo-mural-facebook-eja-24-09-2014-portal.png\",\"width\":500,\"height\":333},{\"@type\":\"BreadcrumbList\",\"@id\":\"https:\\\/\\\/fieam.org.br\\\/sesi\\\/sesi-abre-vagas-educacao-de-jovens-e-adulto\\\/#breadcrumb\",\"itemListElement\":[{\"@type\":\"ListItem\",\"position\":1,\"name\":\"In\u00edcio\",\"item\":\"https:\\\/\\\/fieam.org.br\\\/sesi\\\/\"},{\"@type\":\"ListItem\",\"position\":2,\"name\":\"SESI abre vagas Educa\u00e7\u00e3o de Jovens e Adulto\"}]},{\"@type\":\"WebSite\",\"@id\":\"https:\\\/\\\/fieam.org.br\\\/sesi\\\/#website\",\"url\":\"https:\\\/\\\/fieam.org.br\\\/sesi\\\/\",\"name\":\"SESI\",\"description\":\"Site Oficial!\",\"publisher\":{\"@id\":\"https:\\\/\\\/fieam.org.br\\\/sesi\\\/#organization\"},\"potentialAction\":[{\"@type\":\"SearchAction\",\"target\":{\"@type\":\"EntryPoint\",\"urlTemplate\":\"https:\\\/\\\/fieam.org.br\\\/sesi\\\/?s={search_term_string}\"},\"query-input\":{\"@type\":\"PropertyValueSpecification\",\"valueRequired\":true,\"valueName\":\"search_term_string\"}}],\"inLanguage\":\"pt-BR\"},{\"@type\":\"Organization\",\"@id\":\"https:\\\/\\\/fieam.org.br\\\/sesi\\\/#organization\",\"name\":\"SESI\",\"url\":\"https:\\\/\\\/fieam.org.br\\\/sesi\\\/\",\"logo\":{\"@type\":\"ImageObject\",\"inLanguage\":\"pt-BR\",\"@id\":\"https:\\\/\\\/fieam.org.br\\\/sesi\\\/#\\\/schema\\\/logo\\\/image\\\/\",\"url\":\"https:\\\/\\\/fieam.org.br\\\/sesi\\\/wp-content\\\/uploads\\\/sites\\\/14\\\/2024\\\/03\\\/cropped-fav.png\",\"contentUrl\":\"https:\\\/\\\/fieam.org.br\\\/sesi\\\/wp-content\\\/uploads\\\/sites\\\/14\\\/2024\\\/03\\\/cropped-fav.png\",\"width\":610,\"height\":589,\"caption\":\"SESI\"},\"image\":{\"@id\":\"https:\\\/\\\/fieam.org.br\\\/sesi\\\/#\\\/schema\\\/logo\\\/image\\\/\"}},{\"@type\":\"Person\",\"@id\":\"https:\\\/\\\/fieam.org.br\\\/sesi\\\/#\\\/schema\\\/person\\\/f54998dd14d5f0695b41444f2b01c31e\",\"name\":\"Autor\",\"image\":{\"@type\":\"ImageObject\",\"inLanguage\":\"pt-BR\",\"@id\":\"https:\\\/\\\/secure.gravatar.com\\\/avatar\\\/3732c223e0e1fad69062a8f770955c9068d37b055204f310a0be18d4069fe380?s=96&d=mm&r=g\",\"url\":\"https:\\\/\\\/secure.gravatar.com\\\/avatar\\\/3732c223e0e1fad69062a8f770955c9068d37b055204f310a0be18d4069fe380?s=96&d=mm&r=g\",\"contentUrl\":\"https:\\\/\\\/secure.gravatar.com\\\/avatar\\\/3732c223e0e1fad69062a8f770955c9068d37b055204f310a0be18d4069fe380?s=96&d=mm&r=g\",\"caption\":\"Autor\"},\"sameAs\":[\"https:\\\/\\\/marketingmassivo.com.br\"],\"url\":\"https:\\\/\\\/fieam.org.br\\\/sesi\\\/author\\\/admin\\\/\"}]}<\/script>\n<!-- \/ Yoast SEO plugin. -->","yoast_head_json":{"title":"SESI abre vagas Educa\u00e7\u00e3o de Jovens e Adulto - SESI","robots":{"index":"index","follow":"follow","max-snippet":"max-snippet:-1","max-image-preview":"max-image-preview:large","max-video-preview":"max-video-preview:-1"},"canonical":"https:\/\/fieam.org.br\/sesi\/sesi-abre-vagas-educacao-de-jovens-e-adulto\/","og_locale":"pt_BR","og_type":"article","og_title":"SESI abre vagas Educa\u00e7\u00e3o de Jovens e Adulto - SESI","og_description":"Carreira profissional est\u00e1 diretamente ligada \u00e0 escolaridade e, por isso, o Servi\u00e7o Social da Ind\u00fastria (SESI) est\u00e1 com as matr\u00edculas abertas para a Educa\u00e7\u00e3o de Jovens e Adultos (EJA), destinada ao Ensino Fundamental, a partir de 15 anos, e Ensino M\u00e9dio, a partir de 18 anos. As turmas ter\u00e3o in\u00edcio em 6 de fevereiro, com [&hellip;]","og_url":"https:\/\/fieam.org.br\/sesi\/sesi-abre-vagas-educacao-de-jovens-e-adulto\/","og_site_name":"SESI","article_published_time":"2017-02-02T12:16:03+00:00","og_image":[{"width":500,"height":333,"url":"https:\/\/fieam.org.br\/sesi\/wp-content\/uploads\/sites\/14\/2017\/02\/estudo-mural-facebook-eja-24-09-2014-portal.png","type":"image\/png"}],"author":"Autor","twitter_card":"summary_large_image","twitter_misc":{"Escrito por":"Autor","Est. tempo de leitura":"1 minuto"},"schema":{"@context":"https:\/\/schema.org","@graph":[{"@type":"Article","@id":"https:\/\/fieam.org.br\/sesi\/sesi-abre-vagas-educacao-de-jovens-e-adulto\/#article","isPartOf":{"@id":"https:\/\/fieam.org.br\/sesi\/sesi-abre-vagas-educacao-de-jovens-e-adulto\/"},"author":{"name":"Autor","@id":"https:\/\/fieam.org.br\/sesi\/#\/schema\/person\/f54998dd14d5f0695b41444f2b01c31e"},"headline":"SESI abre vagas Educa\u00e7\u00e3o de Jovens e Adulto","datePublished":"2017-02-02T12:16:03+00:00","mainEntityOfPage":{"@id":"https:\/\/fieam.org.br\/sesi\/sesi-abre-vagas-educacao-de-jovens-e-adulto\/"},"wordCount":239,"commentCount":2,"publisher":{"@id":"https:\/\/fieam.org.br\/sesi\/#organization"},"image":{"@id":"https:\/\/fieam.org.br\/sesi\/sesi-abre-vagas-educacao-de-jovens-e-adulto\/#primaryimage"},"thumbnailUrl":"https:\/\/fieam.org.br\/sesi\/wp-content\/uploads\/sites\/14\/2017\/02\/estudo-mural-facebook-eja-24-09-2014-portal.png","articleSection":["News","News Destaque"],"inLanguage":"pt-BR","potentialAction":[{"@type":"CommentAction","name":"Comment","target":["https:\/\/fieam.org.br\/sesi\/sesi-abre-vagas-educacao-de-jovens-e-adulto\/#respond"]}]},{"@type":"WebPage","@id":"https:\/\/fieam.org.br\/sesi\/sesi-abre-vagas-educacao-de-jovens-e-adulto\/","url":"https:\/\/fieam.org.br\/sesi\/sesi-abre-vagas-educacao-de-jovens-e-adulto\/","name":"SESI abre vagas Educa\u00e7\u00e3o de Jovens e Adulto - SESI","isPartOf":{"@id":"https:\/\/fieam.org.br\/sesi\/#website"},"primaryImageOfPage":{"@id":"https:\/\/fieam.org.br\/sesi\/sesi-abre-vagas-educacao-de-jovens-e-adulto\/#primaryimage"},"image":{"@id":"https:\/\/fieam.org.br\/sesi\/sesi-abre-vagas-educacao-de-jovens-e-adulto\/#primaryimage"},"thumbnailUrl":"https:\/\/fieam.org.br\/sesi\/wp-content\/uploads\/sites\/14\/2017\/02\/estudo-mural-facebook-eja-24-09-2014-portal.png","datePublished":"2017-02-02T12:16:03+00:00","breadcrumb":{"@id":"https:\/\/fieam.org.br\/sesi\/sesi-abre-vagas-educacao-de-jovens-e-adulto\/#breadcrumb"},"inLanguage":"pt-BR","potentialAction":[{"@type":"ReadAction","target":["https:\/\/fieam.org.br\/sesi\/sesi-abre-vagas-educacao-de-jovens-e-adulto\/"]}]},{"@type":"ImageObject","inLanguage":"pt-BR","@id":"https:\/\/fieam.org.br\/sesi\/sesi-abre-vagas-educacao-de-jovens-e-adulto\/#primaryimage","url":"https:\/\/fieam.org.br\/sesi\/wp-content\/uploads\/sites\/14\/2017\/02\/estudo-mural-facebook-eja-24-09-2014-portal.png","contentUrl":"https:\/\/fieam.org.br\/sesi\/wp-content\/uploads\/sites\/14\/2017\/02\/estudo-mural-facebook-eja-24-09-2014-portal.png","width":500,"height":333},{"@type":"BreadcrumbList","@id":"https:\/\/fieam.org.br\/sesi\/sesi-abre-vagas-educacao-de-jovens-e-adulto\/#breadcrumb","itemListElement":[{"@type":"ListItem","position":1,"name":"In\u00edcio","item":"https:\/\/fieam.org.br\/sesi\/"},{"@type":"ListItem","position":2,"name":"SESI abre vagas Educa\u00e7\u00e3o de Jovens e Adulto"}]},{"@type":"WebSite","@id":"https:\/\/fieam.org.br\/sesi\/#website","url":"https:\/\/fieam.org.br\/sesi\/","name":"SESI","description":"Site Oficial!","publisher":{"@id":"https:\/\/fieam.org.br\/sesi\/#organization"},"potentialAction":[{"@type":"SearchAction","target":{"@type":"EntryPoint","urlTemplate":"https:\/\/fieam.org.br\/sesi\/?s={search_term_string}"},"query-input":{"@type":"PropertyValueSpecification","valueRequired":true,"valueName":"search_term_string"}}],"inLanguage":"pt-BR"},{"@type":"Organization","@id":"https:\/\/fieam.org.br\/sesi\/#organization","name":"SESI","url":"https:\/\/fieam.org.br\/sesi\/","logo":{"@type":"ImageObject","inLanguage":"pt-BR","@id":"https:\/\/fieam.org.br\/sesi\/#\/schema\/logo\/image\/","url":"https:\/\/fieam.org.br\/sesi\/wp-content\/uploads\/sites\/14\/2024\/03\/cropped-fav.png","contentUrl":"https:\/\/fieam.org.br\/sesi\/wp-content\/uploads\/sites\/14\/2024\/03\/cropped-fav.png","width":610,"height":589,"caption":"SESI"},"image":{"@id":"https:\/\/fieam.org.br\/sesi\/#\/schema\/logo\/image\/"}},{"@type":"Person","@id":"https:\/\/fieam.org.br\/sesi\/#\/schema\/person\/f54998dd14d5f0695b41444f2b01c31e","name":"Autor","image":{"@type":"ImageObject","inLanguage":"pt-BR","@id":"https:\/\/secure.gravatar.com\/avatar\/3732c223e0e1fad69062a8f770955c9068d37b055204f310a0be18d4069fe380?s=96&d=mm&r=g","url":"https:\/\/secure.gravatar.com\/avatar\/3732c223e0e1fad69062a8f770955c9068d37b055204f310a0be18d4069fe380?s=96&d=mm&r=g","contentUrl":"https:\/\/secure.gravatar.com\/avatar\/3732c223e0e1fad69062a8f770955c9068d37b055204f310a0be18d4069fe380?s=96&d=mm&r=g","caption":"Autor"},"sameAs":["https:\/\/marketingmassivo.com.br"],"url":"https:\/\/fieam.org.br\/sesi\/author\/admin\/"}]}},"_links":{"self":[{"href":"https:\/\/fieam.org.br\/sesi\/wp-json\/wp\/v2\/posts\/10114","targetHints":{"allow":["GET"]}}],"collection":[{"href":"https:\/\/fieam.org.br\/sesi\/wp-json\/wp\/v2\/posts"}],"about":[{"href":"https:\/\/fieam.org.br\/sesi\/wp-json\/wp\/v2\/types\/post"}],"author":[{"embeddable":true,"href":"https:\/\/fieam.org.br\/sesi\/wp-json\/wp\/v2\/users\/1"}],"replies":[{"embeddable":true,"href":"https:\/\/fieam.org.br\/sesi\/wp-json\/wp\/v2\/comments?post=10114"}],"version-history":[{"count":0,"href":"https:\/\/fieam.org.br\/sesi\/wp-json\/wp\/v2\/posts\/10114\/revisions"}],"wp:featuredmedia":[{"embeddable":true,"href":"https:\/\/fieam.org.br\/sesi\/wp-json\/wp\/v2\/media\/10115"}],"wp:attachment":[{"href":"https:\/\/fieam.org.br\/sesi\/wp-json\/wp\/v2\/media?parent=10114"}],"wp:term":[{"taxonomy":"category","embeddable":true,"href":"https:\/\/fieam.org.br\/sesi\/wp-json\/wp\/v2\/categories?post=10114"},{"taxonomy":"post_tag","embeddable":true,"href":"https:\/\/fieam.org.br\/sesi\/wp-json\/wp\/v2\/tags?post=10114"}],"curies":[{"name":"wp","href":"https:\/\/api.w.org\/{rel}","templated":true}]}}