{"id":10110,"date":"2017-02-01T16:31:08","date_gmt":"2017-02-01T20:31:08","guid":{"rendered":"http:\/\/www.fieam.org.br\/sesi\/?p=10110"},"modified":"2017-02-01T16:31:08","modified_gmt":"2017-02-01T20:31:08","slug":"escola-sesi-oferece-horario-parcial-para-creche-e-pre-escola","status":"publish","type":"post","link":"https:\/\/fieam.org.br\/sesi\/escola-sesi-oferece-horario-parcial-para-creche-e-pre-escola\/","title":{"rendered":"Escola SESI oferece hor\u00e1rio parcial para Creche e Pr\u00e9-Escola"},"content":{"rendered":"<p><a href=\"https:\/\/marketingmassivo.com.br\/sesi\/wp-content\/uploads\/sites\/12\/2017\/02\/MG_9447.jpg\"><img fetchpriority=\"high\" decoding=\"async\" class=\"size-medium wp-image-10111 alignleft\" src=\"http:\/\/www.fieam.org.br\/sesi\/wp-content\/uploads\/sites\/2\/2017\/02\/MG_9447-300x200.jpg\" alt=\"_MG_9447\" width=\"300\" height=\"200\" srcset=\"https:\/\/fieam.org.br\/sesi\/wp-content\/uploads\/sites\/14\/2017\/02\/MG_9447-300x200.jpg 300w, https:\/\/fieam.org.br\/sesi\/wp-content\/uploads\/sites\/14\/2017\/02\/MG_9447-768x512.jpg 768w, https:\/\/fieam.org.br\/sesi\/wp-content\/uploads\/sites\/14\/2017\/02\/MG_9447.jpg 1024w\" sizes=\"(max-width: 300px) 100vw, 300px\" \/><\/a>Estimular a independ\u00eancia e ensinar a compartilhar os brinquedos e jogos s\u00e3o alguns dos benef\u00edcios que a creche e a pr\u00e9-escola proporcionam aos beb\u00eas e crian\u00e7as. Este ano, o <a href=\"http:\/\/www.fieam.org.br\/sesi\/\">Servi\u00e7o Social da Ind\u00fastria (SESI Amazonas)<\/a>, que conta com ensino no per\u00edodo integral, vai disponibilizar os hor\u00e1rios parciais, com dura\u00e7\u00e3o de 4 e 6 horas no matutino e 6 horas no turno vespertino. Essas modalidades de atendimento s\u00e3o para Creche Maternal (1 a 3 anos) e Pr\u00e9-Escola 1\u00ba e 2\u00ba Per\u00edodo (4 e 5 anos).<\/p>\n<p>&nbsp;<\/p>\n<p>As turmas para Creche e Pr\u00e9-Escola t\u00eam in\u00edcio nos dias 6 e 13 de fevereiro, respectivamente. A Escola SESI Dr. Francisco Garcia est\u00e1 localizada no bairro Distrito Industrial, Avenida Governador Danilo Areosa, 1531.<\/p>\n<p>&nbsp;<\/p>\n<p>A rotina escolar conta com alguns diferenciais, como cita a gestora da escola, Acilda Santos. \u201cAl\u00e9m de ter um per\u00edodo integral e parcial, o SESI oferece servi\u00e7os integrados dentro da pr\u00f3pria escola, como a alimenta\u00e7\u00e3o escolar, odontopediatria, nutri\u00e7\u00e3o, servi\u00e7o social e psicologia\u201d, cita a educadora.<\/p>\n<p>&nbsp;<\/p>\n<p>As matr\u00edculas podem ser feitas de segunda a sexta, das 7h \u00e0s 17h, e nesse s\u00e1bado, 28, haver\u00e1 plant\u00e3o especial das 7h30 as 11h30, para as novas matr\u00edculas que podem ser realizadas na pr\u00f3pria Escola SESI Dr. Francisco Garcia. Para mais informa\u00e7\u00f5es ligue (92) 3616-3020\/ 3216-3022\/ 3216-3120 ou pelo e-mail. <a href=\"mailto:escolasesi.distrito@sesiam.org.br\">escolasesi.distrito@sesiam.org.br<\/a><\/p>\n<p>&nbsp;<\/p>\n<p>&nbsp;<\/p>\n<p><strong>ATENDIMENTO \u00c0 IMPRENSA<\/strong><\/p>\n<p><strong>Diretoria de Comunica\u00e7\u00e3o e Marketing do Sistema FIEAM<\/strong><\/p>\n<p>Tel: (92) 3186-6576 Fax: (92) 3186-6579<\/p>\n<p>E-mail: <a href=\"mailto:imprensa@fieam.org.br\">imprensa@fieam.org.br<\/a><\/p>\n<p>Portal: <a href=\"http:\/\/www.fieam.org.br\/\">http:\/\/www.fieam.org.br<\/a> <strong>&nbsp;&nbsp;<\/strong><\/p>\n<p><strong>&nbsp;Sistema FIEAM nas redes sociais<\/strong><\/p>\n<p><strong>FIEAM:<\/strong> <a href=\"https:\/\/www.facebook.com\/fieamoficial\">Facebook<\/a>| <a href=\"https:\/\/twitter.com\/fieam\">Twitter<\/a>| <a href=\"https:\/\/www.instagram.com\/sistemafieam\/\">Instagram<\/a>| &nbsp;<a href=\"https:\/\/www.youtube.com\/user\/FIEAM\">You Tube<\/a> <strong>&nbsp;&nbsp;&nbsp;&nbsp;&nbsp;<\/strong><\/p>\n<p><strong>&nbsp;<\/strong><strong>SESI:<\/strong> <a href=\"https:\/\/www.facebook.com\/sesiamazonas\">Facebook<\/a>| <a href=\"https:\/\/twitter.com\/sesiamazonas\">Twitter<\/a>| <a href=\"https:\/\/www.instagram.com\/sistemafieam\/\">Instagram<\/a>| &nbsp;<a href=\"https:\/\/www.youtube.com\/user\/SESIAmazonas\">You Tube<\/a> <strong>&nbsp;&nbsp;&nbsp;&nbsp;&nbsp;&nbsp;&nbsp;&nbsp;&nbsp;<\/strong><\/p>\n<p><strong>&nbsp;SENAI:<\/strong> <a href=\"https:\/\/www.facebook.com\/senaiamazonas\">Facebook<\/a>| <a href=\"https:\/\/twitter.com\/senaiamazonas\">Twitter<\/a>| <a href=\"https:\/\/www.instagram.com\/sistemafieam\/\">Instagram<\/a>| &nbsp;<a href=\"https:\/\/www.youtube.com\/user\/SENAIAmazonas\">You Tube<\/a> <strong>&nbsp;&nbsp;&nbsp;&nbsp;&nbsp;&nbsp;&nbsp;<\/strong><\/p>\n<p><strong>&nbsp;IEL:<\/strong> <a href=\"https:\/\/www.facebook.com\/ielamazonas\">Facebook<\/a>| <a href=\"https:\/\/twitter.com\/ielamazonas\">Twitter<\/a>| <a href=\"https:\/\/www.instagram.com\/sistemafieam\/\">Instagram<\/a>| &nbsp;<a href=\"https:\/\/www.youtube.com\/user\/IELAmazonas\">You Tube<\/a><\/p>\n<p>&nbsp;<\/p>\n","protected":false},"excerpt":{"rendered":"<p>Estimular a independ\u00eancia e ensinar a compartilhar os brinquedos e jogos s\u00e3o alguns dos benef\u00edcios que a creche e a pr\u00e9-escola proporcionam aos beb\u00eas e crian\u00e7as. Este ano, o Servi\u00e7o Social da Ind\u00fastria (SESI Amazonas), que conta com ensino no per\u00edodo integral, vai disponibilizar os hor\u00e1rios parciais, com dura\u00e7\u00e3o de 4 e 6 horas no [&hellip;]<\/p>\n","protected":false},"author":1,"featured_media":10111,"comment_status":"open","ping_status":"open","sticky":false,"template":"","format":"standard","meta":{"footnotes":""},"categories":[25,26],"tags":[],"class_list":["post-10110","post","type-post","status-publish","format-standard","has-post-thumbnail","hentry","category-news","category-news-destaque"],"yoast_head":"<!-- This site is optimized with the Yoast SEO plugin v28.2 - https:\/\/yoast.com\/product\/yoast-seo-wordpress\/ -->\n<title>Escola SESI oferece hor\u00e1rio parcial para Creche e Pr\u00e9-Escola - SESI<\/title>\n<meta name=\"robots\" content=\"index, follow, max-snippet:-1, max-image-preview:large, max-video-preview:-1\" \/>\n<link rel=\"canonical\" href=\"https:\/\/fieam.org.br\/sesi\/escola-sesi-oferece-horario-parcial-para-creche-e-pre-escola\/\" \/>\n<meta property=\"og:locale\" content=\"pt_BR\" \/>\n<meta property=\"og:type\" content=\"article\" \/>\n<meta property=\"og:title\" content=\"Escola SESI oferece hor\u00e1rio parcial para Creche e Pr\u00e9-Escola - SESI\" \/>\n<meta property=\"og:description\" content=\"Estimular a independ\u00eancia e ensinar a compartilhar os brinquedos e jogos s\u00e3o alguns dos benef\u00edcios que a creche e a pr\u00e9-escola proporcionam aos beb\u00eas e crian\u00e7as. Este ano, o Servi\u00e7o Social da Ind\u00fastria (SESI Amazonas), que conta com ensino no per\u00edodo integral, vai disponibilizar os hor\u00e1rios parciais, com dura\u00e7\u00e3o de 4 e 6 horas no [&hellip;]\" \/>\n<meta property=\"og:url\" content=\"https:\/\/fieam.org.br\/sesi\/escola-sesi-oferece-horario-parcial-para-creche-e-pre-escola\/\" \/>\n<meta property=\"og:site_name\" content=\"SESI\" \/>\n<meta property=\"article:published_time\" content=\"2017-02-01T20:31:08+00:00\" \/>\n<meta property=\"og:image\" content=\"https:\/\/fieam.org.br\/sesi\/wp-content\/uploads\/sites\/14\/2017\/02\/MG_9447.jpg\" \/>\n\t<meta property=\"og:image:width\" content=\"1024\" \/>\n\t<meta property=\"og:image:height\" content=\"683\" \/>\n\t<meta property=\"og:image:type\" content=\"image\/jpeg\" \/>\n<meta name=\"author\" content=\"Autor\" \/>\n<meta name=\"twitter:card\" content=\"summary_large_image\" \/>\n<meta name=\"twitter:label1\" content=\"Escrito por\" \/>\n\t<meta name=\"twitter:data1\" content=\"Autor\" \/>\n\t<meta name=\"twitter:label2\" content=\"Est. tempo de leitura\" \/>\n\t<meta name=\"twitter:data2\" content=\"2 minutos\" \/>\n<script type=\"application\/ld+json\" class=\"yoast-schema-graph\">{\"@context\":\"https:\\\/\\\/schema.org\",\"@graph\":[{\"@type\":\"Article\",\"@id\":\"https:\\\/\\\/fieam.org.br\\\/sesi\\\/escola-sesi-oferece-horario-parcial-para-creche-e-pre-escola\\\/#article\",\"isPartOf\":{\"@id\":\"https:\\\/\\\/fieam.org.br\\\/sesi\\\/escola-sesi-oferece-horario-parcial-para-creche-e-pre-escola\\\/\"},\"author\":{\"name\":\"Autor\",\"@id\":\"https:\\\/\\\/fieam.org.br\\\/sesi\\\/#\\\/schema\\\/person\\\/f54998dd14d5f0695b41444f2b01c31e\"},\"headline\":\"Escola SESI oferece hor\u00e1rio parcial para Creche e Pr\u00e9-Escola\",\"datePublished\":\"2017-02-01T20:31:08+00:00\",\"mainEntityOfPage\":{\"@id\":\"https:\\\/\\\/fieam.org.br\\\/sesi\\\/escola-sesi-oferece-horario-parcial-para-creche-e-pre-escola\\\/\"},\"wordCount\":336,\"commentCount\":0,\"publisher\":{\"@id\":\"https:\\\/\\\/fieam.org.br\\\/sesi\\\/#organization\"},\"image\":{\"@id\":\"https:\\\/\\\/fieam.org.br\\\/sesi\\\/escola-sesi-oferece-horario-parcial-para-creche-e-pre-escola\\\/#primaryimage\"},\"thumbnailUrl\":\"https:\\\/\\\/fieam.org.br\\\/sesi\\\/wp-content\\\/uploads\\\/sites\\\/14\\\/2017\\\/02\\\/MG_9447.jpg\",\"articleSection\":[\"News\",\"News Destaque\"],\"inLanguage\":\"pt-BR\",\"potentialAction\":[{\"@type\":\"CommentAction\",\"name\":\"Comment\",\"target\":[\"https:\\\/\\\/fieam.org.br\\\/sesi\\\/escola-sesi-oferece-horario-parcial-para-creche-e-pre-escola\\\/#respond\"]}]},{\"@type\":\"WebPage\",\"@id\":\"https:\\\/\\\/fieam.org.br\\\/sesi\\\/escola-sesi-oferece-horario-parcial-para-creche-e-pre-escola\\\/\",\"url\":\"https:\\\/\\\/fieam.org.br\\\/sesi\\\/escola-sesi-oferece-horario-parcial-para-creche-e-pre-escola\\\/\",\"name\":\"Escola SESI oferece hor\u00e1rio parcial para Creche e Pr\u00e9-Escola - SESI\",\"isPartOf\":{\"@id\":\"https:\\\/\\\/fieam.org.br\\\/sesi\\\/#website\"},\"primaryImageOfPage\":{\"@id\":\"https:\\\/\\\/fieam.org.br\\\/sesi\\\/escola-sesi-oferece-horario-parcial-para-creche-e-pre-escola\\\/#primaryimage\"},\"image\":{\"@id\":\"https:\\\/\\\/fieam.org.br\\\/sesi\\\/escola-sesi-oferece-horario-parcial-para-creche-e-pre-escola\\\/#primaryimage\"},\"thumbnailUrl\":\"https:\\\/\\\/fieam.org.br\\\/sesi\\\/wp-content\\\/uploads\\\/sites\\\/14\\\/2017\\\/02\\\/MG_9447.jpg\",\"datePublished\":\"2017-02-01T20:31:08+00:00\",\"breadcrumb\":{\"@id\":\"https:\\\/\\\/fieam.org.br\\\/sesi\\\/escola-sesi-oferece-horario-parcial-para-creche-e-pre-escola\\\/#breadcrumb\"},\"inLanguage\":\"pt-BR\",\"potentialAction\":[{\"@type\":\"ReadAction\",\"target\":[\"https:\\\/\\\/fieam.org.br\\\/sesi\\\/escola-sesi-oferece-horario-parcial-para-creche-e-pre-escola\\\/\"]}]},{\"@type\":\"ImageObject\",\"inLanguage\":\"pt-BR\",\"@id\":\"https:\\\/\\\/fieam.org.br\\\/sesi\\\/escola-sesi-oferece-horario-parcial-para-creche-e-pre-escola\\\/#primaryimage\",\"url\":\"https:\\\/\\\/fieam.org.br\\\/sesi\\\/wp-content\\\/uploads\\\/sites\\\/14\\\/2017\\\/02\\\/MG_9447.jpg\",\"contentUrl\":\"https:\\\/\\\/fieam.org.br\\\/sesi\\\/wp-content\\\/uploads\\\/sites\\\/14\\\/2017\\\/02\\\/MG_9447.jpg\",\"width\":1024,\"height\":683},{\"@type\":\"BreadcrumbList\",\"@id\":\"https:\\\/\\\/fieam.org.br\\\/sesi\\\/escola-sesi-oferece-horario-parcial-para-creche-e-pre-escola\\\/#breadcrumb\",\"itemListElement\":[{\"@type\":\"ListItem\",\"position\":1,\"name\":\"In\u00edcio\",\"item\":\"https:\\\/\\\/fieam.org.br\\\/sesi\\\/\"},{\"@type\":\"ListItem\",\"position\":2,\"name\":\"Escola SESI oferece hor\u00e1rio parcial para Creche e Pr\u00e9-Escola\"}]},{\"@type\":\"WebSite\",\"@id\":\"https:\\\/\\\/fieam.org.br\\\/sesi\\\/#website\",\"url\":\"https:\\\/\\\/fieam.org.br\\\/sesi\\\/\",\"name\":\"SESI\",\"description\":\"Site Oficial!\",\"publisher\":{\"@id\":\"https:\\\/\\\/fieam.org.br\\\/sesi\\\/#organization\"},\"potentialAction\":[{\"@type\":\"SearchAction\",\"target\":{\"@type\":\"EntryPoint\",\"urlTemplate\":\"https:\\\/\\\/fieam.org.br\\\/sesi\\\/?s={search_term_string}\"},\"query-input\":{\"@type\":\"PropertyValueSpecification\",\"valueRequired\":true,\"valueName\":\"search_term_string\"}}],\"inLanguage\":\"pt-BR\"},{\"@type\":\"Organization\",\"@id\":\"https:\\\/\\\/fieam.org.br\\\/sesi\\\/#organization\",\"name\":\"SESI\",\"url\":\"https:\\\/\\\/fieam.org.br\\\/sesi\\\/\",\"logo\":{\"@type\":\"ImageObject\",\"inLanguage\":\"pt-BR\",\"@id\":\"https:\\\/\\\/fieam.org.br\\\/sesi\\\/#\\\/schema\\\/logo\\\/image\\\/\",\"url\":\"https:\\\/\\\/fieam.org.br\\\/sesi\\\/wp-content\\\/uploads\\\/sites\\\/14\\\/2024\\\/03\\\/cropped-fav.png\",\"contentUrl\":\"https:\\\/\\\/fieam.org.br\\\/sesi\\\/wp-content\\\/uploads\\\/sites\\\/14\\\/2024\\\/03\\\/cropped-fav.png\",\"width\":610,\"height\":589,\"caption\":\"SESI\"},\"image\":{\"@id\":\"https:\\\/\\\/fieam.org.br\\\/sesi\\\/#\\\/schema\\\/logo\\\/image\\\/\"}},{\"@type\":\"Person\",\"@id\":\"https:\\\/\\\/fieam.org.br\\\/sesi\\\/#\\\/schema\\\/person\\\/f54998dd14d5f0695b41444f2b01c31e\",\"name\":\"Autor\",\"image\":{\"@type\":\"ImageObject\",\"inLanguage\":\"pt-BR\",\"@id\":\"https:\\\/\\\/secure.gravatar.com\\\/avatar\\\/3732c223e0e1fad69062a8f770955c9068d37b055204f310a0be18d4069fe380?s=96&d=mm&r=g\",\"url\":\"https:\\\/\\\/secure.gravatar.com\\\/avatar\\\/3732c223e0e1fad69062a8f770955c9068d37b055204f310a0be18d4069fe380?s=96&d=mm&r=g\",\"contentUrl\":\"https:\\\/\\\/secure.gravatar.com\\\/avatar\\\/3732c223e0e1fad69062a8f770955c9068d37b055204f310a0be18d4069fe380?s=96&d=mm&r=g\",\"caption\":\"Autor\"},\"sameAs\":[\"https:\\\/\\\/marketingmassivo.com.br\"],\"url\":\"https:\\\/\\\/fieam.org.br\\\/sesi\\\/author\\\/admin\\\/\"}]}<\/script>\n<!-- \/ Yoast SEO plugin. -->","yoast_head_json":{"title":"Escola SESI oferece hor\u00e1rio parcial para Creche e Pr\u00e9-Escola - SESI","robots":{"index":"index","follow":"follow","max-snippet":"max-snippet:-1","max-image-preview":"max-image-preview:large","max-video-preview":"max-video-preview:-1"},"canonical":"https:\/\/fieam.org.br\/sesi\/escola-sesi-oferece-horario-parcial-para-creche-e-pre-escola\/","og_locale":"pt_BR","og_type":"article","og_title":"Escola SESI oferece hor\u00e1rio parcial para Creche e Pr\u00e9-Escola - SESI","og_description":"Estimular a independ\u00eancia e ensinar a compartilhar os brinquedos e jogos s\u00e3o alguns dos benef\u00edcios que a creche e a pr\u00e9-escola proporcionam aos beb\u00eas e crian\u00e7as. Este ano, o Servi\u00e7o Social da Ind\u00fastria (SESI Amazonas), que conta com ensino no per\u00edodo integral, vai disponibilizar os hor\u00e1rios parciais, com dura\u00e7\u00e3o de 4 e 6 horas no [&hellip;]","og_url":"https:\/\/fieam.org.br\/sesi\/escola-sesi-oferece-horario-parcial-para-creche-e-pre-escola\/","og_site_name":"SESI","article_published_time":"2017-02-01T20:31:08+00:00","og_image":[{"width":1024,"height":683,"url":"https:\/\/fieam.org.br\/sesi\/wp-content\/uploads\/sites\/14\/2017\/02\/MG_9447.jpg","type":"image\/jpeg"}],"author":"Autor","twitter_card":"summary_large_image","twitter_misc":{"Escrito por":"Autor","Est. tempo de leitura":"2 minutos"},"schema":{"@context":"https:\/\/schema.org","@graph":[{"@type":"Article","@id":"https:\/\/fieam.org.br\/sesi\/escola-sesi-oferece-horario-parcial-para-creche-e-pre-escola\/#article","isPartOf":{"@id":"https:\/\/fieam.org.br\/sesi\/escola-sesi-oferece-horario-parcial-para-creche-e-pre-escola\/"},"author":{"name":"Autor","@id":"https:\/\/fieam.org.br\/sesi\/#\/schema\/person\/f54998dd14d5f0695b41444f2b01c31e"},"headline":"Escola SESI oferece hor\u00e1rio parcial para Creche e Pr\u00e9-Escola","datePublished":"2017-02-01T20:31:08+00:00","mainEntityOfPage":{"@id":"https:\/\/fieam.org.br\/sesi\/escola-sesi-oferece-horario-parcial-para-creche-e-pre-escola\/"},"wordCount":336,"commentCount":0,"publisher":{"@id":"https:\/\/fieam.org.br\/sesi\/#organization"},"image":{"@id":"https:\/\/fieam.org.br\/sesi\/escola-sesi-oferece-horario-parcial-para-creche-e-pre-escola\/#primaryimage"},"thumbnailUrl":"https:\/\/fieam.org.br\/sesi\/wp-content\/uploads\/sites\/14\/2017\/02\/MG_9447.jpg","articleSection":["News","News Destaque"],"inLanguage":"pt-BR","potentialAction":[{"@type":"CommentAction","name":"Comment","target":["https:\/\/fieam.org.br\/sesi\/escola-sesi-oferece-horario-parcial-para-creche-e-pre-escola\/#respond"]}]},{"@type":"WebPage","@id":"https:\/\/fieam.org.br\/sesi\/escola-sesi-oferece-horario-parcial-para-creche-e-pre-escola\/","url":"https:\/\/fieam.org.br\/sesi\/escola-sesi-oferece-horario-parcial-para-creche-e-pre-escola\/","name":"Escola SESI oferece hor\u00e1rio parcial para Creche e Pr\u00e9-Escola - SESI","isPartOf":{"@id":"https:\/\/fieam.org.br\/sesi\/#website"},"primaryImageOfPage":{"@id":"https:\/\/fieam.org.br\/sesi\/escola-sesi-oferece-horario-parcial-para-creche-e-pre-escola\/#primaryimage"},"image":{"@id":"https:\/\/fieam.org.br\/sesi\/escola-sesi-oferece-horario-parcial-para-creche-e-pre-escola\/#primaryimage"},"thumbnailUrl":"https:\/\/fieam.org.br\/sesi\/wp-content\/uploads\/sites\/14\/2017\/02\/MG_9447.jpg","datePublished":"2017-02-01T20:31:08+00:00","breadcrumb":{"@id":"https:\/\/fieam.org.br\/sesi\/escola-sesi-oferece-horario-parcial-para-creche-e-pre-escola\/#breadcrumb"},"inLanguage":"pt-BR","potentialAction":[{"@type":"ReadAction","target":["https:\/\/fieam.org.br\/sesi\/escola-sesi-oferece-horario-parcial-para-creche-e-pre-escola\/"]}]},{"@type":"ImageObject","inLanguage":"pt-BR","@id":"https:\/\/fieam.org.br\/sesi\/escola-sesi-oferece-horario-parcial-para-creche-e-pre-escola\/#primaryimage","url":"https:\/\/fieam.org.br\/sesi\/wp-content\/uploads\/sites\/14\/2017\/02\/MG_9447.jpg","contentUrl":"https:\/\/fieam.org.br\/sesi\/wp-content\/uploads\/sites\/14\/2017\/02\/MG_9447.jpg","width":1024,"height":683},{"@type":"BreadcrumbList","@id":"https:\/\/fieam.org.br\/sesi\/escola-sesi-oferece-horario-parcial-para-creche-e-pre-escola\/#breadcrumb","itemListElement":[{"@type":"ListItem","position":1,"name":"In\u00edcio","item":"https:\/\/fieam.org.br\/sesi\/"},{"@type":"ListItem","position":2,"name":"Escola SESI oferece hor\u00e1rio parcial para Creche e Pr\u00e9-Escola"}]},{"@type":"WebSite","@id":"https:\/\/fieam.org.br\/sesi\/#website","url":"https:\/\/fieam.org.br\/sesi\/","name":"SESI","description":"Site Oficial!","publisher":{"@id":"https:\/\/fieam.org.br\/sesi\/#organization"},"potentialAction":[{"@type":"SearchAction","target":{"@type":"EntryPoint","urlTemplate":"https:\/\/fieam.org.br\/sesi\/?s={search_term_string}"},"query-input":{"@type":"PropertyValueSpecification","valueRequired":true,"valueName":"search_term_string"}}],"inLanguage":"pt-BR"},{"@type":"Organization","@id":"https:\/\/fieam.org.br\/sesi\/#organization","name":"SESI","url":"https:\/\/fieam.org.br\/sesi\/","logo":{"@type":"ImageObject","inLanguage":"pt-BR","@id":"https:\/\/fieam.org.br\/sesi\/#\/schema\/logo\/image\/","url":"https:\/\/fieam.org.br\/sesi\/wp-content\/uploads\/sites\/14\/2024\/03\/cropped-fav.png","contentUrl":"https:\/\/fieam.org.br\/sesi\/wp-content\/uploads\/sites\/14\/2024\/03\/cropped-fav.png","width":610,"height":589,"caption":"SESI"},"image":{"@id":"https:\/\/fieam.org.br\/sesi\/#\/schema\/logo\/image\/"}},{"@type":"Person","@id":"https:\/\/fieam.org.br\/sesi\/#\/schema\/person\/f54998dd14d5f0695b41444f2b01c31e","name":"Autor","image":{"@type":"ImageObject","inLanguage":"pt-BR","@id":"https:\/\/secure.gravatar.com\/avatar\/3732c223e0e1fad69062a8f770955c9068d37b055204f310a0be18d4069fe380?s=96&d=mm&r=g","url":"https:\/\/secure.gravatar.com\/avatar\/3732c223e0e1fad69062a8f770955c9068d37b055204f310a0be18d4069fe380?s=96&d=mm&r=g","contentUrl":"https:\/\/secure.gravatar.com\/avatar\/3732c223e0e1fad69062a8f770955c9068d37b055204f310a0be18d4069fe380?s=96&d=mm&r=g","caption":"Autor"},"sameAs":["https:\/\/marketingmassivo.com.br"],"url":"https:\/\/fieam.org.br\/sesi\/author\/admin\/"}]}},"_links":{"self":[{"href":"https:\/\/fieam.org.br\/sesi\/wp-json\/wp\/v2\/posts\/10110","targetHints":{"allow":["GET"]}}],"collection":[{"href":"https:\/\/fieam.org.br\/sesi\/wp-json\/wp\/v2\/posts"}],"about":[{"href":"https:\/\/fieam.org.br\/sesi\/wp-json\/wp\/v2\/types\/post"}],"author":[{"embeddable":true,"href":"https:\/\/fieam.org.br\/sesi\/wp-json\/wp\/v2\/users\/1"}],"replies":[{"embeddable":true,"href":"https:\/\/fieam.org.br\/sesi\/wp-json\/wp\/v2\/comments?post=10110"}],"version-history":[{"count":0,"href":"https:\/\/fieam.org.br\/sesi\/wp-json\/wp\/v2\/posts\/10110\/revisions"}],"wp:featuredmedia":[{"embeddable":true,"href":"https:\/\/fieam.org.br\/sesi\/wp-json\/wp\/v2\/media\/10111"}],"wp:attachment":[{"href":"https:\/\/fieam.org.br\/sesi\/wp-json\/wp\/v2\/media?parent=10110"}],"wp:term":[{"taxonomy":"category","embeddable":true,"href":"https:\/\/fieam.org.br\/sesi\/wp-json\/wp\/v2\/categories?post=10110"},{"taxonomy":"post_tag","embeddable":true,"href":"https:\/\/fieam.org.br\/sesi\/wp-json\/wp\/v2\/tags?post=10110"}],"curies":[{"name":"wp","href":"https:\/\/api.w.org\/{rel}","templated":true}]}}