{"id":1007,"date":"2011-05-02T19:46:33","date_gmt":"2011-05-02T19:46:33","guid":{"rendered":"http:\/\/www.fieam.org.br\/site\/sesi\/?p=1007"},"modified":"2011-05-02T19:46:33","modified_gmt":"2011-05-02T19:46:33","slug":"combate-as-drogas-comeca-na-familia-diz-educadora-do-sesi","status":"publish","type":"post","link":"https:\/\/fieam.org.br\/sesi\/combate-as-drogas-comeca-na-familia-diz-educadora-do-sesi\/","title":{"rendered":"Combate as drogas come\u00e7a na fam\u00edlia, diz educadora do SESI"},"content":{"rendered":"<p>A droga \u00e9 um monstro sedutor que envolve de maneira silenciosa suas v\u00edtimas. A afirma\u00e7\u00e3o \u00e9 da educadora Laila Mafra, em palestra proferida para 480 alunos do 6\u00ba ao 9\u00ba ano da Unidade de Educa\u00e7\u00e3o Emina Barbosa Mustafa, na sexta-feira (29\/04), no audit\u00f3rio do Clube do Trabalhador e aos respectivos pais de alunos, no dia seguinte na pr\u00f3pria escola.<\/p>\n<figure id=\"attachment_1011\" aria-describedby=\"caption-attachment-1011\" style=\"width: 660px\" class=\"wp-caption aligncenter\"><a href=\"http:\/\/www.fieam.org.br\/site\/sesi\/files\/2011\/05\/Participantes-da-palestra-sobre-drogas1.jpg\"><img fetchpriority=\"high\" decoding=\"async\" class=\"size-full wp-image-1011 \" src=\"http:\/\/www.fieam.org.br\/site\/sesi\/files\/2011\/05\/Participantes-da-palestra-sobre-drogas1.jpg\" alt=\"\" width=\"660\" height=\"400\" \/><\/a><figcaption id=\"caption-attachment-1011\" class=\"wp-caption-text\">Participantes da palestra sobre drogas<\/figcaption><\/figure>\n<p>Para a especialista, a preven\u00e7\u00e3o \u00e9 o caminho para se evitar \u00e0s drogas e que os pais t\u00eam uma import\u00e2ncia fundamental na preven\u00e7\u00e3o e devem manter um di\u00e1logo claro e constante com os filhos, explicando-os preju\u00edzos causados \u00e0 sa\u00fade pelo uso de drogas, que em muitas vezes leva at\u00e9 \u00e0 morte.<\/p>\n<p>De acordo com Laila Mafra, o sucesso do filho depende dos pais, que devem monitorar os filhos, os locais que frequentam e suas amizades, ressaltando que os gestos de carinho e amor ajudam a estabelecer uma rela\u00e7\u00e3o de respeito e amizade. \u201c\u00c9 preciso abra\u00e7ar os filhos e que n\u00e3o existe nenhum \u201ct\u00edtulo\u201d superior ao de ser pai\u201d, orienta.<br \/>\nMafra disse que a escola n\u00e3o tem como impedir as informa\u00e7\u00f5es que chegam sobre o uso de drogas, mas que pode atuar de forma consistente na preven\u00e7\u00e3o.<\/p>\n<figure id=\"attachment_1013\" aria-describedby=\"caption-attachment-1013\" style=\"width: 660px\" class=\"wp-caption aligncenter\"><a href=\"http:\/\/www.fieam.org.br\/site\/sesi\/files\/2011\/05\/Especialista-em-preven\u00e7\u00e3o-\u00e0s-drogas-Laila-explica-a-for\u00e7a-do-abra\u00e7o.jpg\"><img decoding=\"async\" class=\"size-full wp-image-1013 \" src=\"http:\/\/www.fieam.org.br\/site\/sesi\/files\/2011\/05\/Especialista-em-preven\u00e7\u00e3o-\u00e0s-drogas-Laila-explica-a-for\u00e7a-do-abra\u00e7o.jpg\" alt=\"\" width=\"660\" height=\"400\" \/><\/a><figcaption id=\"caption-attachment-1013\" class=\"wp-caption-text\">Especialista em preven\u00e7\u00e3o \u00e0s drogas, Laila, explica a for\u00e7a do abra\u00e7o<\/figcaption><\/figure>\n<p>Para a palestrante, as informa\u00e7\u00f5es devem ser passadas aos alunos de forma atraente, com projeto pedag\u00f3gico eficiente para que o aluno se sinta seguro e diga sempre n\u00e3o \u00e0s drogas.<\/p>\n<p>Laila aconselha o estabelecimento dos valores da harmonia em entre os familiares para se evitar os graves problemas. J\u00e1 a psic\u00f3loga do SESI, Hilda Costa, disse que o objetivo das palestras foi o de fortalecer os alunos da Unidade na resist\u00eancia ao uso de drogas. Ela disse que as informa\u00e7\u00f5es recebidas v\u00e3o permitir aos alunos n\u00e3o se envolver, em poss\u00edveis contatos com grupos de usu\u00e1rios aos convites e di\u00e1logos sobre consumo de drogas.\u00a0 De acordo com Hilda,\u00a0 as palestras fazem parte do projeto , \u201dEscola sem drogas\u201d, institu\u00eddo este ano, na Unidade 3.<\/p>\n<figure id=\"attachment_1014\" aria-describedby=\"caption-attachment-1014\" style=\"width: 660px\" class=\"wp-caption aligncenter\"><a href=\"http:\/\/www.fieam.org.br\/site\/sesi\/files\/2011\/05\/Pais-de-alunos-que-participaram-da-palestrta.jpg\"><img decoding=\"async\" class=\"size-full wp-image-1014 \" src=\"http:\/\/www.fieam.org.br\/site\/sesi\/files\/2011\/05\/Pais-de-alunos-que-participaram-da-palestrta.jpg\" alt=\"\" width=\"660\" height=\"400\" \/><\/a><figcaption id=\"caption-attachment-1014\" class=\"wp-caption-text\">Pais de alunos que participaram da palestrta<\/figcaption><\/figure>\n<p>O engenheiro agr\u00f4nomo, do INPA, Hugo Mesquita,\u00a0 foi um dos participantes da palestra. Ele disse que a palestra foi importante, porque mostra aos pais a necessidade do di\u00e1logo constante com os filhos e que a preven\u00e7\u00e3o \u00e9 o caminho.<\/p>\n","protected":false},"excerpt":{"rendered":"<p>A droga \u00e9 um monstro sedutor que envolve de maneira silenciosa suas v\u00edtimas. A afirma\u00e7\u00e3o \u00e9 da educadora Laila Mafra, em palestra proferida para 480 alunos do 6\u00ba ao 9\u00ba ano da Unidade de Educa\u00e7\u00e3o Emina Barbosa Mustafa, na sexta-feira (29\/04), no audit\u00f3rio do Clube do Trabalhador e aos respectivos pais de alunos, no dia [&hellip;]<\/p>\n","protected":false},"author":1,"featured_media":0,"comment_status":"open","ping_status":"open","sticky":false,"template":"","format":"standard","meta":{"footnotes":""},"categories":[25],"tags":[],"class_list":["post-1007","post","type-post","status-publish","format-standard","hentry","category-news"],"yoast_head":"<!-- This site is optimized with the Yoast SEO plugin v28.2 - https:\/\/yoast.com\/product\/yoast-seo-wordpress\/ -->\n<title>Combate as drogas come\u00e7a na fam\u00edlia, diz educadora do SESI - SESI<\/title>\n<meta name=\"robots\" content=\"index, follow, max-snippet:-1, max-image-preview:large, max-video-preview:-1\" \/>\n<link rel=\"canonical\" href=\"https:\/\/fieam.org.br\/sesi\/combate-as-drogas-comeca-na-familia-diz-educadora-do-sesi\/\" \/>\n<meta property=\"og:locale\" content=\"pt_BR\" \/>\n<meta property=\"og:type\" content=\"article\" \/>\n<meta property=\"og:title\" content=\"Combate as drogas come\u00e7a na fam\u00edlia, diz educadora do SESI - SESI\" \/>\n<meta property=\"og:description\" content=\"A droga \u00e9 um monstro sedutor que envolve de maneira silenciosa suas v\u00edtimas. A afirma\u00e7\u00e3o \u00e9 da educadora Laila Mafra, em palestra proferida para 480 alunos do 6\u00ba ao 9\u00ba ano da Unidade de Educa\u00e7\u00e3o Emina Barbosa Mustafa, na sexta-feira (29\/04), no audit\u00f3rio do Clube do Trabalhador e aos respectivos pais de alunos, no dia [&hellip;]\" \/>\n<meta property=\"og:url\" content=\"https:\/\/fieam.org.br\/sesi\/combate-as-drogas-comeca-na-familia-diz-educadora-do-sesi\/\" \/>\n<meta property=\"og:site_name\" content=\"SESI\" \/>\n<meta property=\"article:published_time\" content=\"2011-05-02T19:46:33+00:00\" \/>\n<meta property=\"og:image\" content=\"https:\/\/fieam.org.br\/sesi\/wp-content\/uploads\/sites\/14\/2011\/05\/Participantes-da-palestra-sobre-drogas1.jpg\" \/>\n\t<meta property=\"og:image:width\" content=\"800\" \/>\n\t<meta property=\"og:image:height\" content=\"533\" \/>\n\t<meta property=\"og:image:type\" content=\"image\/jpeg\" \/>\n<meta name=\"author\" content=\"Autor\" \/>\n<meta name=\"twitter:card\" content=\"summary_large_image\" \/>\n<meta name=\"twitter:label1\" content=\"Escrito por\" \/>\n\t<meta name=\"twitter:data1\" content=\"Autor\" \/>\n\t<meta name=\"twitter:label2\" content=\"Est. tempo de leitura\" \/>\n\t<meta name=\"twitter:data2\" content=\"2 minutos\" \/>\n<script type=\"application\/ld+json\" class=\"yoast-schema-graph\">{\"@context\":\"https:\\\/\\\/schema.org\",\"@graph\":[{\"@type\":\"Article\",\"@id\":\"https:\\\/\\\/fieam.org.br\\\/sesi\\\/combate-as-drogas-comeca-na-familia-diz-educadora-do-sesi\\\/#article\",\"isPartOf\":{\"@id\":\"https:\\\/\\\/fieam.org.br\\\/sesi\\\/combate-as-drogas-comeca-na-familia-diz-educadora-do-sesi\\\/\"},\"author\":{\"name\":\"Autor\",\"@id\":\"https:\\\/\\\/fieam.org.br\\\/sesi\\\/#\\\/schema\\\/person\\\/f54998dd14d5f0695b41444f2b01c31e\"},\"headline\":\"Combate as drogas come\u00e7a na fam\u00edlia, diz educadora do SESI\",\"datePublished\":\"2011-05-02T19:46:33+00:00\",\"mainEntityOfPage\":{\"@id\":\"https:\\\/\\\/fieam.org.br\\\/sesi\\\/combate-as-drogas-comeca-na-familia-diz-educadora-do-sesi\\\/\"},\"wordCount\":440,\"commentCount\":0,\"publisher\":{\"@id\":\"https:\\\/\\\/fieam.org.br\\\/sesi\\\/#organization\"},\"image\":{\"@id\":\"https:\\\/\\\/fieam.org.br\\\/sesi\\\/combate-as-drogas-comeca-na-familia-diz-educadora-do-sesi\\\/#primaryimage\"},\"thumbnailUrl\":\"http:\\\/\\\/www.fieam.org.br\\\/site\\\/sesi\\\/files\\\/2011\\\/05\\\/Participantes-da-palestra-sobre-drogas1.jpg\",\"articleSection\":[\"News\"],\"inLanguage\":\"pt-BR\",\"potentialAction\":[{\"@type\":\"CommentAction\",\"name\":\"Comment\",\"target\":[\"https:\\\/\\\/fieam.org.br\\\/sesi\\\/combate-as-drogas-comeca-na-familia-diz-educadora-do-sesi\\\/#respond\"]}]},{\"@type\":\"WebPage\",\"@id\":\"https:\\\/\\\/fieam.org.br\\\/sesi\\\/combate-as-drogas-comeca-na-familia-diz-educadora-do-sesi\\\/\",\"url\":\"https:\\\/\\\/fieam.org.br\\\/sesi\\\/combate-as-drogas-comeca-na-familia-diz-educadora-do-sesi\\\/\",\"name\":\"Combate as drogas come\u00e7a na fam\u00edlia, diz educadora do SESI - SESI\",\"isPartOf\":{\"@id\":\"https:\\\/\\\/fieam.org.br\\\/sesi\\\/#website\"},\"primaryImageOfPage\":{\"@id\":\"https:\\\/\\\/fieam.org.br\\\/sesi\\\/combate-as-drogas-comeca-na-familia-diz-educadora-do-sesi\\\/#primaryimage\"},\"image\":{\"@id\":\"https:\\\/\\\/fieam.org.br\\\/sesi\\\/combate-as-drogas-comeca-na-familia-diz-educadora-do-sesi\\\/#primaryimage\"},\"thumbnailUrl\":\"http:\\\/\\\/www.fieam.org.br\\\/site\\\/sesi\\\/files\\\/2011\\\/05\\\/Participantes-da-palestra-sobre-drogas1.jpg\",\"datePublished\":\"2011-05-02T19:46:33+00:00\",\"breadcrumb\":{\"@id\":\"https:\\\/\\\/fieam.org.br\\\/sesi\\\/combate-as-drogas-comeca-na-familia-diz-educadora-do-sesi\\\/#breadcrumb\"},\"inLanguage\":\"pt-BR\",\"potentialAction\":[{\"@type\":\"ReadAction\",\"target\":[\"https:\\\/\\\/fieam.org.br\\\/sesi\\\/combate-as-drogas-comeca-na-familia-diz-educadora-do-sesi\\\/\"]}]},{\"@type\":\"ImageObject\",\"inLanguage\":\"pt-BR\",\"@id\":\"https:\\\/\\\/fieam.org.br\\\/sesi\\\/combate-as-drogas-comeca-na-familia-diz-educadora-do-sesi\\\/#primaryimage\",\"url\":\"http:\\\/\\\/www.fieam.org.br\\\/site\\\/sesi\\\/files\\\/2011\\\/05\\\/Participantes-da-palestra-sobre-drogas1.jpg\",\"contentUrl\":\"http:\\\/\\\/www.fieam.org.br\\\/site\\\/sesi\\\/files\\\/2011\\\/05\\\/Participantes-da-palestra-sobre-drogas1.jpg\"},{\"@type\":\"BreadcrumbList\",\"@id\":\"https:\\\/\\\/fieam.org.br\\\/sesi\\\/combate-as-drogas-comeca-na-familia-diz-educadora-do-sesi\\\/#breadcrumb\",\"itemListElement\":[{\"@type\":\"ListItem\",\"position\":1,\"name\":\"In\u00edcio\",\"item\":\"https:\\\/\\\/fieam.org.br\\\/sesi\\\/\"},{\"@type\":\"ListItem\",\"position\":2,\"name\":\"Combate as drogas come\u00e7a na fam\u00edlia, diz educadora do SESI\"}]},{\"@type\":\"WebSite\",\"@id\":\"https:\\\/\\\/fieam.org.br\\\/sesi\\\/#website\",\"url\":\"https:\\\/\\\/fieam.org.br\\\/sesi\\\/\",\"name\":\"SESI\",\"description\":\"Site Oficial!\",\"publisher\":{\"@id\":\"https:\\\/\\\/fieam.org.br\\\/sesi\\\/#organization\"},\"potentialAction\":[{\"@type\":\"SearchAction\",\"target\":{\"@type\":\"EntryPoint\",\"urlTemplate\":\"https:\\\/\\\/fieam.org.br\\\/sesi\\\/?s={search_term_string}\"},\"query-input\":{\"@type\":\"PropertyValueSpecification\",\"valueRequired\":true,\"valueName\":\"search_term_string\"}}],\"inLanguage\":\"pt-BR\"},{\"@type\":\"Organization\",\"@id\":\"https:\\\/\\\/fieam.org.br\\\/sesi\\\/#organization\",\"name\":\"SESI\",\"url\":\"https:\\\/\\\/fieam.org.br\\\/sesi\\\/\",\"logo\":{\"@type\":\"ImageObject\",\"inLanguage\":\"pt-BR\",\"@id\":\"https:\\\/\\\/fieam.org.br\\\/sesi\\\/#\\\/schema\\\/logo\\\/image\\\/\",\"url\":\"https:\\\/\\\/fieam.org.br\\\/sesi\\\/wp-content\\\/uploads\\\/sites\\\/14\\\/2024\\\/03\\\/cropped-fav.png\",\"contentUrl\":\"https:\\\/\\\/fieam.org.br\\\/sesi\\\/wp-content\\\/uploads\\\/sites\\\/14\\\/2024\\\/03\\\/cropped-fav.png\",\"width\":610,\"height\":589,\"caption\":\"SESI\"},\"image\":{\"@id\":\"https:\\\/\\\/fieam.org.br\\\/sesi\\\/#\\\/schema\\\/logo\\\/image\\\/\"}},{\"@type\":\"Person\",\"@id\":\"https:\\\/\\\/fieam.org.br\\\/sesi\\\/#\\\/schema\\\/person\\\/f54998dd14d5f0695b41444f2b01c31e\",\"name\":\"Autor\",\"image\":{\"@type\":\"ImageObject\",\"inLanguage\":\"pt-BR\",\"@id\":\"https:\\\/\\\/secure.gravatar.com\\\/avatar\\\/3732c223e0e1fad69062a8f770955c9068d37b055204f310a0be18d4069fe380?s=96&d=mm&r=g\",\"url\":\"https:\\\/\\\/secure.gravatar.com\\\/avatar\\\/3732c223e0e1fad69062a8f770955c9068d37b055204f310a0be18d4069fe380?s=96&d=mm&r=g\",\"contentUrl\":\"https:\\\/\\\/secure.gravatar.com\\\/avatar\\\/3732c223e0e1fad69062a8f770955c9068d37b055204f310a0be18d4069fe380?s=96&d=mm&r=g\",\"caption\":\"Autor\"},\"sameAs\":[\"https:\\\/\\\/marketingmassivo.com.br\"],\"url\":\"https:\\\/\\\/fieam.org.br\\\/sesi\\\/author\\\/admin\\\/\"}]}<\/script>\n<!-- \/ Yoast SEO plugin. -->","yoast_head_json":{"title":"Combate as drogas come\u00e7a na fam\u00edlia, diz educadora do SESI - SESI","robots":{"index":"index","follow":"follow","max-snippet":"max-snippet:-1","max-image-preview":"max-image-preview:large","max-video-preview":"max-video-preview:-1"},"canonical":"https:\/\/fieam.org.br\/sesi\/combate-as-drogas-comeca-na-familia-diz-educadora-do-sesi\/","og_locale":"pt_BR","og_type":"article","og_title":"Combate as drogas come\u00e7a na fam\u00edlia, diz educadora do SESI - SESI","og_description":"A droga \u00e9 um monstro sedutor que envolve de maneira silenciosa suas v\u00edtimas. A afirma\u00e7\u00e3o \u00e9 da educadora Laila Mafra, em palestra proferida para 480 alunos do 6\u00ba ao 9\u00ba ano da Unidade de Educa\u00e7\u00e3o Emina Barbosa Mustafa, na sexta-feira (29\/04), no audit\u00f3rio do Clube do Trabalhador e aos respectivos pais de alunos, no dia [&hellip;]","og_url":"https:\/\/fieam.org.br\/sesi\/combate-as-drogas-comeca-na-familia-diz-educadora-do-sesi\/","og_site_name":"SESI","article_published_time":"2011-05-02T19:46:33+00:00","og_image":[{"width":800,"height":533,"url":"https:\/\/fieam.org.br\/sesi\/wp-content\/uploads\/sites\/14\/2011\/05\/Participantes-da-palestra-sobre-drogas1.jpg","type":"image\/jpeg"}],"author":"Autor","twitter_card":"summary_large_image","twitter_misc":{"Escrito por":"Autor","Est. tempo de leitura":"2 minutos"},"schema":{"@context":"https:\/\/schema.org","@graph":[{"@type":"Article","@id":"https:\/\/fieam.org.br\/sesi\/combate-as-drogas-comeca-na-familia-diz-educadora-do-sesi\/#article","isPartOf":{"@id":"https:\/\/fieam.org.br\/sesi\/combate-as-drogas-comeca-na-familia-diz-educadora-do-sesi\/"},"author":{"name":"Autor","@id":"https:\/\/fieam.org.br\/sesi\/#\/schema\/person\/f54998dd14d5f0695b41444f2b01c31e"},"headline":"Combate as drogas come\u00e7a na fam\u00edlia, diz educadora do SESI","datePublished":"2011-05-02T19:46:33+00:00","mainEntityOfPage":{"@id":"https:\/\/fieam.org.br\/sesi\/combate-as-drogas-comeca-na-familia-diz-educadora-do-sesi\/"},"wordCount":440,"commentCount":0,"publisher":{"@id":"https:\/\/fieam.org.br\/sesi\/#organization"},"image":{"@id":"https:\/\/fieam.org.br\/sesi\/combate-as-drogas-comeca-na-familia-diz-educadora-do-sesi\/#primaryimage"},"thumbnailUrl":"http:\/\/www.fieam.org.br\/site\/sesi\/files\/2011\/05\/Participantes-da-palestra-sobre-drogas1.jpg","articleSection":["News"],"inLanguage":"pt-BR","potentialAction":[{"@type":"CommentAction","name":"Comment","target":["https:\/\/fieam.org.br\/sesi\/combate-as-drogas-comeca-na-familia-diz-educadora-do-sesi\/#respond"]}]},{"@type":"WebPage","@id":"https:\/\/fieam.org.br\/sesi\/combate-as-drogas-comeca-na-familia-diz-educadora-do-sesi\/","url":"https:\/\/fieam.org.br\/sesi\/combate-as-drogas-comeca-na-familia-diz-educadora-do-sesi\/","name":"Combate as drogas come\u00e7a na fam\u00edlia, diz educadora do SESI - SESI","isPartOf":{"@id":"https:\/\/fieam.org.br\/sesi\/#website"},"primaryImageOfPage":{"@id":"https:\/\/fieam.org.br\/sesi\/combate-as-drogas-comeca-na-familia-diz-educadora-do-sesi\/#primaryimage"},"image":{"@id":"https:\/\/fieam.org.br\/sesi\/combate-as-drogas-comeca-na-familia-diz-educadora-do-sesi\/#primaryimage"},"thumbnailUrl":"http:\/\/www.fieam.org.br\/site\/sesi\/files\/2011\/05\/Participantes-da-palestra-sobre-drogas1.jpg","datePublished":"2011-05-02T19:46:33+00:00","breadcrumb":{"@id":"https:\/\/fieam.org.br\/sesi\/combate-as-drogas-comeca-na-familia-diz-educadora-do-sesi\/#breadcrumb"},"inLanguage":"pt-BR","potentialAction":[{"@type":"ReadAction","target":["https:\/\/fieam.org.br\/sesi\/combate-as-drogas-comeca-na-familia-diz-educadora-do-sesi\/"]}]},{"@type":"ImageObject","inLanguage":"pt-BR","@id":"https:\/\/fieam.org.br\/sesi\/combate-as-drogas-comeca-na-familia-diz-educadora-do-sesi\/#primaryimage","url":"http:\/\/www.fieam.org.br\/site\/sesi\/files\/2011\/05\/Participantes-da-palestra-sobre-drogas1.jpg","contentUrl":"http:\/\/www.fieam.org.br\/site\/sesi\/files\/2011\/05\/Participantes-da-palestra-sobre-drogas1.jpg"},{"@type":"BreadcrumbList","@id":"https:\/\/fieam.org.br\/sesi\/combate-as-drogas-comeca-na-familia-diz-educadora-do-sesi\/#breadcrumb","itemListElement":[{"@type":"ListItem","position":1,"name":"In\u00edcio","item":"https:\/\/fieam.org.br\/sesi\/"},{"@type":"ListItem","position":2,"name":"Combate as drogas come\u00e7a na fam\u00edlia, diz educadora do SESI"}]},{"@type":"WebSite","@id":"https:\/\/fieam.org.br\/sesi\/#website","url":"https:\/\/fieam.org.br\/sesi\/","name":"SESI","description":"Site Oficial!","publisher":{"@id":"https:\/\/fieam.org.br\/sesi\/#organization"},"potentialAction":[{"@type":"SearchAction","target":{"@type":"EntryPoint","urlTemplate":"https:\/\/fieam.org.br\/sesi\/?s={search_term_string}"},"query-input":{"@type":"PropertyValueSpecification","valueRequired":true,"valueName":"search_term_string"}}],"inLanguage":"pt-BR"},{"@type":"Organization","@id":"https:\/\/fieam.org.br\/sesi\/#organization","name":"SESI","url":"https:\/\/fieam.org.br\/sesi\/","logo":{"@type":"ImageObject","inLanguage":"pt-BR","@id":"https:\/\/fieam.org.br\/sesi\/#\/schema\/logo\/image\/","url":"https:\/\/fieam.org.br\/sesi\/wp-content\/uploads\/sites\/14\/2024\/03\/cropped-fav.png","contentUrl":"https:\/\/fieam.org.br\/sesi\/wp-content\/uploads\/sites\/14\/2024\/03\/cropped-fav.png","width":610,"height":589,"caption":"SESI"},"image":{"@id":"https:\/\/fieam.org.br\/sesi\/#\/schema\/logo\/image\/"}},{"@type":"Person","@id":"https:\/\/fieam.org.br\/sesi\/#\/schema\/person\/f54998dd14d5f0695b41444f2b01c31e","name":"Autor","image":{"@type":"ImageObject","inLanguage":"pt-BR","@id":"https:\/\/secure.gravatar.com\/avatar\/3732c223e0e1fad69062a8f770955c9068d37b055204f310a0be18d4069fe380?s=96&d=mm&r=g","url":"https:\/\/secure.gravatar.com\/avatar\/3732c223e0e1fad69062a8f770955c9068d37b055204f310a0be18d4069fe380?s=96&d=mm&r=g","contentUrl":"https:\/\/secure.gravatar.com\/avatar\/3732c223e0e1fad69062a8f770955c9068d37b055204f310a0be18d4069fe380?s=96&d=mm&r=g","caption":"Autor"},"sameAs":["https:\/\/marketingmassivo.com.br"],"url":"https:\/\/fieam.org.br\/sesi\/author\/admin\/"}]}},"_links":{"self":[{"href":"https:\/\/fieam.org.br\/sesi\/wp-json\/wp\/v2\/posts\/1007","targetHints":{"allow":["GET"]}}],"collection":[{"href":"https:\/\/fieam.org.br\/sesi\/wp-json\/wp\/v2\/posts"}],"about":[{"href":"https:\/\/fieam.org.br\/sesi\/wp-json\/wp\/v2\/types\/post"}],"author":[{"embeddable":true,"href":"https:\/\/fieam.org.br\/sesi\/wp-json\/wp\/v2\/users\/1"}],"replies":[{"embeddable":true,"href":"https:\/\/fieam.org.br\/sesi\/wp-json\/wp\/v2\/comments?post=1007"}],"version-history":[{"count":0,"href":"https:\/\/fieam.org.br\/sesi\/wp-json\/wp\/v2\/posts\/1007\/revisions"}],"wp:attachment":[{"href":"https:\/\/fieam.org.br\/sesi\/wp-json\/wp\/v2\/media?parent=1007"}],"wp:term":[{"taxonomy":"category","embeddable":true,"href":"https:\/\/fieam.org.br\/sesi\/wp-json\/wp\/v2\/categories?post=1007"},{"taxonomy":"post_tag","embeddable":true,"href":"https:\/\/fieam.org.br\/sesi\/wp-json\/wp\/v2\/tags?post=1007"}],"curies":[{"name":"wp","href":"https:\/\/api.w.org\/{rel}","templated":true}]}}