{"id":10058,"date":"2017-01-26T14:08:23","date_gmt":"2017-01-26T18:08:23","guid":{"rendered":"http:\/\/www.fieam.org.br\/sesi\/?p=10058"},"modified":"2017-01-26T14:08:23","modified_gmt":"2017-01-26T18:08:23","slug":"processo-no-00032017-professor-especialista","status":"publish","type":"post","link":"https:\/\/fieam.org.br\/sesi\/processo-no-00032017-professor-especialista\/","title":{"rendered":"Processo seletivo n\u00ba 0003\/2017 &#8211; Professor Especialista"},"content":{"rendered":"<p>O SESI \u2013 Servi\u00e7o Social da Ind\u00fastria, por meio do Departamento de Gest\u00e3o de Pessoas do Sistema Federa\u00e7\u00e3o das Ind\u00fastrias do Estado do Amazonas abre inscri\u00e7\u00f5es para candidatos interessados em participar do <strong>Processo Seletivo<\/strong> para 01 vaga ao cargo acima e forma\u00e7\u00e3o de cadastro reserva para preenchimento de vagas cidade de <strong><u>Itacoatiara<\/u><\/strong>.<\/p>\n<p>&nbsp;<\/p>\n<table>\n<tbody>\n<tr>\n<td width=\"543\"><strong>Requisitos para o cargo<\/strong><\/td>\n<\/tr>\n<tr>\n<td width=\"543\"><strong>&nbsp;<\/strong><\/p>\n<p><strong>Escolaridade: Gradua\u00e7\u00e3o Superior Completa em Licenciatura Plena em Matem\u00e1tica e F\u00edsica.<\/strong><\/p>\n<p><strong>&nbsp;<\/strong><\/p>\n<p><strong>Experi\u00eancia: Comprovada na \u00e1rea de no m\u00ednimo 06 meses em doc\u00eancia.<\/strong><\/p>\n<p><strong>&nbsp;<\/strong><\/p>\n<p><strong>Possuir resid\u00eancia em Itacoatiara.<\/strong><\/p>\n<p><strong>&nbsp;<\/strong><\/td>\n<\/tr>\n<\/tbody>\n<\/table>\n<p><strong>&nbsp;<\/strong><\/p>\n<p><a href=\"http:\/\/www.fieam.org.br\/sesi\/wp-content\/uploads\/sites\/2\/2017\/01\/COMUNICADO-DE-PROCESSO-SELETIVO-SESI-Itacoatiara-Professor-Especialista-N\u00ba-0003-2017.pdf\"><strong>Clique aqui para obter todas as informa\u00e7\u00f5es pertinentes ao processo de sele\u00e7\u00e3o.<\/strong><\/a><\/p>\n<p><a href=\"http:\/\/www.fieam.org.br\/sesi\/wp-content\/uploads\/sites\/2\/2017\/01\/CONVOCA\u00c7\u00c3O-PARA-AVALIA\u00c7\u00c3O-TE\u00d3RICA-SESI-Professor-Especialista-Matematica-Fisica-N\u00ba-0003-2017-Lista-de-Selecionados.pdf\"><strong>Convoca\u00e7\u00e3o para 2\u00aa ETAPA \u2013 Avalia\u00e7\u00e3o Te\u00f3rica;<\/strong><\/a><\/p>\n<p><strong><a href=\"http:\/\/www.fieam.org.br\/sesi\/wp-content\/uploads\/sites\/2\/2017\/01\/NOVO-COMUNICADO-DE-PROCESSO-SELETIVO-SESI-Professor-Especialista-Matem\u00e1tica-e-F\u00edsica-N\u00ba-0003-2017.pdf\">Novo comunicado.<\/a><\/strong><\/p>\n","protected":false},"excerpt":{"rendered":"<p>O SESI \u2013 Servi\u00e7o Social da Ind\u00fastria, por meio do Departamento de Gest\u00e3o de Pessoas do Sistema Federa\u00e7\u00e3o das Ind\u00fastrias do Estado do Amazonas abre inscri\u00e7\u00f5es para candidatos interessados em participar do Processo Seletivo para 01 vaga ao cargo acima e forma\u00e7\u00e3o de cadastro reserva para preenchimento de vagas cidade de Itacoatiara. &nbsp; Requisitos para [&hellip;]<\/p>\n","protected":false},"author":1,"featured_media":0,"comment_status":"open","ping_status":"open","sticky":false,"template":"","format":"standard","meta":{"footnotes":""},"categories":[28],"tags":[],"class_list":["post-10058","post","type-post","status-publish","format-standard","hentry","category-selecao"],"yoast_head":"<!-- This site is optimized with the Yoast SEO plugin v28.2 - https:\/\/yoast.com\/product\/yoast-seo-wordpress\/ -->\n<title>Processo seletivo n\u00ba 0003\/2017 - Professor Especialista - SESI<\/title>\n<meta name=\"robots\" content=\"index, follow, max-snippet:-1, max-image-preview:large, max-video-preview:-1\" \/>\n<link rel=\"canonical\" href=\"https:\/\/fieam.org.br\/sesi\/processo-no-00032017-professor-especialista\/\" \/>\n<meta property=\"og:locale\" content=\"pt_BR\" \/>\n<meta property=\"og:type\" content=\"article\" \/>\n<meta property=\"og:title\" content=\"Processo seletivo n\u00ba 0003\/2017 - Professor Especialista - SESI\" \/>\n<meta property=\"og:description\" content=\"O SESI \u2013 Servi\u00e7o Social da Ind\u00fastria, por meio do Departamento de Gest\u00e3o de Pessoas do Sistema Federa\u00e7\u00e3o das Ind\u00fastrias do Estado do Amazonas abre inscri\u00e7\u00f5es para candidatos interessados em participar do Processo Seletivo para 01 vaga ao cargo acima e forma\u00e7\u00e3o de cadastro reserva para preenchimento de vagas cidade de Itacoatiara. &nbsp; Requisitos para [&hellip;]\" \/>\n<meta property=\"og:url\" content=\"https:\/\/fieam.org.br\/sesi\/processo-no-00032017-professor-especialista\/\" \/>\n<meta property=\"og:site_name\" content=\"SESI\" \/>\n<meta property=\"article:published_time\" content=\"2017-01-26T18:08:23+00:00\" \/>\n<meta name=\"author\" content=\"Autor\" \/>\n<meta name=\"twitter:card\" content=\"summary_large_image\" \/>\n<meta name=\"twitter:label1\" content=\"Escrito por\" \/>\n\t<meta name=\"twitter:data1\" content=\"Autor\" \/>\n\t<meta name=\"twitter:label2\" content=\"Est. tempo de leitura\" \/>\n\t<meta name=\"twitter:data2\" content=\"1 minuto\" \/>\n<script type=\"application\/ld+json\" class=\"yoast-schema-graph\">{\"@context\":\"https:\\\/\\\/schema.org\",\"@graph\":[{\"@type\":\"Article\",\"@id\":\"https:\\\/\\\/fieam.org.br\\\/sesi\\\/processo-no-00032017-professor-especialista\\\/#article\",\"isPartOf\":{\"@id\":\"https:\\\/\\\/fieam.org.br\\\/sesi\\\/processo-no-00032017-professor-especialista\\\/\"},\"author\":{\"name\":\"Autor\",\"@id\":\"https:\\\/\\\/fieam.org.br\\\/sesi\\\/#\\\/schema\\\/person\\\/f54998dd14d5f0695b41444f2b01c31e\"},\"headline\":\"Processo seletivo n\u00ba 0003\\\/2017 &#8211; Professor Especialista\",\"datePublished\":\"2017-01-26T18:08:23+00:00\",\"mainEntityOfPage\":{\"@id\":\"https:\\\/\\\/fieam.org.br\\\/sesi\\\/processo-no-00032017-professor-especialista\\\/\"},\"wordCount\":129,\"commentCount\":4,\"publisher\":{\"@id\":\"https:\\\/\\\/fieam.org.br\\\/sesi\\\/#organization\"},\"articleSection\":[\"selecao\"],\"inLanguage\":\"pt-BR\",\"potentialAction\":[{\"@type\":\"CommentAction\",\"name\":\"Comment\",\"target\":[\"https:\\\/\\\/fieam.org.br\\\/sesi\\\/processo-no-00032017-professor-especialista\\\/#respond\"]}]},{\"@type\":\"WebPage\",\"@id\":\"https:\\\/\\\/fieam.org.br\\\/sesi\\\/processo-no-00032017-professor-especialista\\\/\",\"url\":\"https:\\\/\\\/fieam.org.br\\\/sesi\\\/processo-no-00032017-professor-especialista\\\/\",\"name\":\"Processo seletivo n\u00ba 0003\\\/2017 - Professor Especialista - SESI\",\"isPartOf\":{\"@id\":\"https:\\\/\\\/fieam.org.br\\\/sesi\\\/#website\"},\"datePublished\":\"2017-01-26T18:08:23+00:00\",\"breadcrumb\":{\"@id\":\"https:\\\/\\\/fieam.org.br\\\/sesi\\\/processo-no-00032017-professor-especialista\\\/#breadcrumb\"},\"inLanguage\":\"pt-BR\",\"potentialAction\":[{\"@type\":\"ReadAction\",\"target\":[\"https:\\\/\\\/fieam.org.br\\\/sesi\\\/processo-no-00032017-professor-especialista\\\/\"]}]},{\"@type\":\"BreadcrumbList\",\"@id\":\"https:\\\/\\\/fieam.org.br\\\/sesi\\\/processo-no-00032017-professor-especialista\\\/#breadcrumb\",\"itemListElement\":[{\"@type\":\"ListItem\",\"position\":1,\"name\":\"In\u00edcio\",\"item\":\"https:\\\/\\\/fieam.org.br\\\/sesi\\\/\"},{\"@type\":\"ListItem\",\"position\":2,\"name\":\"Processo seletivo n\u00ba 0003\\\/2017 &#8211; Professor Especialista\"}]},{\"@type\":\"WebSite\",\"@id\":\"https:\\\/\\\/fieam.org.br\\\/sesi\\\/#website\",\"url\":\"https:\\\/\\\/fieam.org.br\\\/sesi\\\/\",\"name\":\"SESI\",\"description\":\"Site Oficial!\",\"publisher\":{\"@id\":\"https:\\\/\\\/fieam.org.br\\\/sesi\\\/#organization\"},\"potentialAction\":[{\"@type\":\"SearchAction\",\"target\":{\"@type\":\"EntryPoint\",\"urlTemplate\":\"https:\\\/\\\/fieam.org.br\\\/sesi\\\/?s={search_term_string}\"},\"query-input\":{\"@type\":\"PropertyValueSpecification\",\"valueRequired\":true,\"valueName\":\"search_term_string\"}}],\"inLanguage\":\"pt-BR\"},{\"@type\":\"Organization\",\"@id\":\"https:\\\/\\\/fieam.org.br\\\/sesi\\\/#organization\",\"name\":\"SESI\",\"url\":\"https:\\\/\\\/fieam.org.br\\\/sesi\\\/\",\"logo\":{\"@type\":\"ImageObject\",\"inLanguage\":\"pt-BR\",\"@id\":\"https:\\\/\\\/fieam.org.br\\\/sesi\\\/#\\\/schema\\\/logo\\\/image\\\/\",\"url\":\"https:\\\/\\\/fieam.org.br\\\/sesi\\\/wp-content\\\/uploads\\\/sites\\\/14\\\/2024\\\/03\\\/cropped-fav.png\",\"contentUrl\":\"https:\\\/\\\/fieam.org.br\\\/sesi\\\/wp-content\\\/uploads\\\/sites\\\/14\\\/2024\\\/03\\\/cropped-fav.png\",\"width\":610,\"height\":589,\"caption\":\"SESI\"},\"image\":{\"@id\":\"https:\\\/\\\/fieam.org.br\\\/sesi\\\/#\\\/schema\\\/logo\\\/image\\\/\"}},{\"@type\":\"Person\",\"@id\":\"https:\\\/\\\/fieam.org.br\\\/sesi\\\/#\\\/schema\\\/person\\\/f54998dd14d5f0695b41444f2b01c31e\",\"name\":\"Autor\",\"image\":{\"@type\":\"ImageObject\",\"inLanguage\":\"pt-BR\",\"@id\":\"https:\\\/\\\/secure.gravatar.com\\\/avatar\\\/3732c223e0e1fad69062a8f770955c9068d37b055204f310a0be18d4069fe380?s=96&d=mm&r=g\",\"url\":\"https:\\\/\\\/secure.gravatar.com\\\/avatar\\\/3732c223e0e1fad69062a8f770955c9068d37b055204f310a0be18d4069fe380?s=96&d=mm&r=g\",\"contentUrl\":\"https:\\\/\\\/secure.gravatar.com\\\/avatar\\\/3732c223e0e1fad69062a8f770955c9068d37b055204f310a0be18d4069fe380?s=96&d=mm&r=g\",\"caption\":\"Autor\"},\"sameAs\":[\"https:\\\/\\\/marketingmassivo.com.br\"],\"url\":\"https:\\\/\\\/fieam.org.br\\\/sesi\\\/author\\\/admin\\\/\"}]}<\/script>\n<!-- \/ Yoast SEO plugin. -->","yoast_head_json":{"title":"Processo seletivo n\u00ba 0003\/2017 - Professor Especialista - SESI","robots":{"index":"index","follow":"follow","max-snippet":"max-snippet:-1","max-image-preview":"max-image-preview:large","max-video-preview":"max-video-preview:-1"},"canonical":"https:\/\/fieam.org.br\/sesi\/processo-no-00032017-professor-especialista\/","og_locale":"pt_BR","og_type":"article","og_title":"Processo seletivo n\u00ba 0003\/2017 - Professor Especialista - SESI","og_description":"O SESI \u2013 Servi\u00e7o Social da Ind\u00fastria, por meio do Departamento de Gest\u00e3o de Pessoas do Sistema Federa\u00e7\u00e3o das Ind\u00fastrias do Estado do Amazonas abre inscri\u00e7\u00f5es para candidatos interessados em participar do Processo Seletivo para 01 vaga ao cargo acima e forma\u00e7\u00e3o de cadastro reserva para preenchimento de vagas cidade de Itacoatiara. &nbsp; Requisitos para [&hellip;]","og_url":"https:\/\/fieam.org.br\/sesi\/processo-no-00032017-professor-especialista\/","og_site_name":"SESI","article_published_time":"2017-01-26T18:08:23+00:00","author":"Autor","twitter_card":"summary_large_image","twitter_misc":{"Escrito por":"Autor","Est. tempo de leitura":"1 minuto"},"schema":{"@context":"https:\/\/schema.org","@graph":[{"@type":"Article","@id":"https:\/\/fieam.org.br\/sesi\/processo-no-00032017-professor-especialista\/#article","isPartOf":{"@id":"https:\/\/fieam.org.br\/sesi\/processo-no-00032017-professor-especialista\/"},"author":{"name":"Autor","@id":"https:\/\/fieam.org.br\/sesi\/#\/schema\/person\/f54998dd14d5f0695b41444f2b01c31e"},"headline":"Processo seletivo n\u00ba 0003\/2017 &#8211; Professor Especialista","datePublished":"2017-01-26T18:08:23+00:00","mainEntityOfPage":{"@id":"https:\/\/fieam.org.br\/sesi\/processo-no-00032017-professor-especialista\/"},"wordCount":129,"commentCount":4,"publisher":{"@id":"https:\/\/fieam.org.br\/sesi\/#organization"},"articleSection":["selecao"],"inLanguage":"pt-BR","potentialAction":[{"@type":"CommentAction","name":"Comment","target":["https:\/\/fieam.org.br\/sesi\/processo-no-00032017-professor-especialista\/#respond"]}]},{"@type":"WebPage","@id":"https:\/\/fieam.org.br\/sesi\/processo-no-00032017-professor-especialista\/","url":"https:\/\/fieam.org.br\/sesi\/processo-no-00032017-professor-especialista\/","name":"Processo seletivo n\u00ba 0003\/2017 - Professor Especialista - SESI","isPartOf":{"@id":"https:\/\/fieam.org.br\/sesi\/#website"},"datePublished":"2017-01-26T18:08:23+00:00","breadcrumb":{"@id":"https:\/\/fieam.org.br\/sesi\/processo-no-00032017-professor-especialista\/#breadcrumb"},"inLanguage":"pt-BR","potentialAction":[{"@type":"ReadAction","target":["https:\/\/fieam.org.br\/sesi\/processo-no-00032017-professor-especialista\/"]}]},{"@type":"BreadcrumbList","@id":"https:\/\/fieam.org.br\/sesi\/processo-no-00032017-professor-especialista\/#breadcrumb","itemListElement":[{"@type":"ListItem","position":1,"name":"In\u00edcio","item":"https:\/\/fieam.org.br\/sesi\/"},{"@type":"ListItem","position":2,"name":"Processo seletivo n\u00ba 0003\/2017 &#8211; Professor Especialista"}]},{"@type":"WebSite","@id":"https:\/\/fieam.org.br\/sesi\/#website","url":"https:\/\/fieam.org.br\/sesi\/","name":"SESI","description":"Site Oficial!","publisher":{"@id":"https:\/\/fieam.org.br\/sesi\/#organization"},"potentialAction":[{"@type":"SearchAction","target":{"@type":"EntryPoint","urlTemplate":"https:\/\/fieam.org.br\/sesi\/?s={search_term_string}"},"query-input":{"@type":"PropertyValueSpecification","valueRequired":true,"valueName":"search_term_string"}}],"inLanguage":"pt-BR"},{"@type":"Organization","@id":"https:\/\/fieam.org.br\/sesi\/#organization","name":"SESI","url":"https:\/\/fieam.org.br\/sesi\/","logo":{"@type":"ImageObject","inLanguage":"pt-BR","@id":"https:\/\/fieam.org.br\/sesi\/#\/schema\/logo\/image\/","url":"https:\/\/fieam.org.br\/sesi\/wp-content\/uploads\/sites\/14\/2024\/03\/cropped-fav.png","contentUrl":"https:\/\/fieam.org.br\/sesi\/wp-content\/uploads\/sites\/14\/2024\/03\/cropped-fav.png","width":610,"height":589,"caption":"SESI"},"image":{"@id":"https:\/\/fieam.org.br\/sesi\/#\/schema\/logo\/image\/"}},{"@type":"Person","@id":"https:\/\/fieam.org.br\/sesi\/#\/schema\/person\/f54998dd14d5f0695b41444f2b01c31e","name":"Autor","image":{"@type":"ImageObject","inLanguage":"pt-BR","@id":"https:\/\/secure.gravatar.com\/avatar\/3732c223e0e1fad69062a8f770955c9068d37b055204f310a0be18d4069fe380?s=96&d=mm&r=g","url":"https:\/\/secure.gravatar.com\/avatar\/3732c223e0e1fad69062a8f770955c9068d37b055204f310a0be18d4069fe380?s=96&d=mm&r=g","contentUrl":"https:\/\/secure.gravatar.com\/avatar\/3732c223e0e1fad69062a8f770955c9068d37b055204f310a0be18d4069fe380?s=96&d=mm&r=g","caption":"Autor"},"sameAs":["https:\/\/marketingmassivo.com.br"],"url":"https:\/\/fieam.org.br\/sesi\/author\/admin\/"}]}},"_links":{"self":[{"href":"https:\/\/fieam.org.br\/sesi\/wp-json\/wp\/v2\/posts\/10058","targetHints":{"allow":["GET"]}}],"collection":[{"href":"https:\/\/fieam.org.br\/sesi\/wp-json\/wp\/v2\/posts"}],"about":[{"href":"https:\/\/fieam.org.br\/sesi\/wp-json\/wp\/v2\/types\/post"}],"author":[{"embeddable":true,"href":"https:\/\/fieam.org.br\/sesi\/wp-json\/wp\/v2\/users\/1"}],"replies":[{"embeddable":true,"href":"https:\/\/fieam.org.br\/sesi\/wp-json\/wp\/v2\/comments?post=10058"}],"version-history":[{"count":0,"href":"https:\/\/fieam.org.br\/sesi\/wp-json\/wp\/v2\/posts\/10058\/revisions"}],"wp:attachment":[{"href":"https:\/\/fieam.org.br\/sesi\/wp-json\/wp\/v2\/media?parent=10058"}],"wp:term":[{"taxonomy":"category","embeddable":true,"href":"https:\/\/fieam.org.br\/sesi\/wp-json\/wp\/v2\/categories?post=10058"},{"taxonomy":"post_tag","embeddable":true,"href":"https:\/\/fieam.org.br\/sesi\/wp-json\/wp\/v2\/tags?post=10058"}],"curies":[{"name":"wp","href":"https:\/\/api.w.org\/{rel}","templated":true}]}}