{"id":10017,"date":"2017-01-18T08:51:23","date_gmt":"2017-01-18T12:51:23","guid":{"rendered":"http:\/\/www.fieam.org.br\/sesi\/?p=10017"},"modified":"2017-01-18T08:51:23","modified_gmt":"2017-01-18T12:51:23","slug":"processo-seletivo-no-0001-2017-professor-generalista-sesi","status":"publish","type":"post","link":"https:\/\/fieam.org.br\/sesi\/processo-seletivo-no-0001-2017-professor-generalista-sesi\/","title":{"rendered":"Processo seletivo n\u00ba 0001-2017 &#8211; Professor Generalista &#8211; SESI"},"content":{"rendered":"<p>O&nbsp;<strong>SESI&nbsp;<\/strong>seleciona talentos para atuar na \u00e1rea abaixo solicitada com o seguinte perfil:<\/p>\n<p>02 vagas<\/p>\n<p>Pr\u00e9-requisitos: Gradua\u00e7\u00e3o Superior Completa em Pedagogia, experi\u00eancia comprovada de no m\u00ednimo 06 meses na \u00e1rea.<\/p>\n<p><strong>As inscri\u00e7\u00f5es ser\u00e3o realizadas das 14h do dia 17\/01 at\u00e9 17h30m do dia 23\/01\/2017 (Somente dias \u00fateis, exceto dias 21 e 22\/01).<\/strong><\/p>\n<p>O Curriculum Vitae, junto com c\u00f3pia do certificado e comprovante de experi\u00eancia na \u00e1rea dever\u00e3o ser entregues na <u>Recep\u00e7\u00e3o da Escola SESI David N\u00f3voa \u00e0 Rua: Tapau\u00e1 S\/N\u00ba\u2013 Centro de Iranduba &#8211; Amazonas<\/u>.<\/p>\n<p>Informar no Curr\u00edculo o cargo pretendido, N\u00ba do Processo Seletivo e e-mail.<\/p>\n<p>Preferencialmente que resida em Iranduba.<\/p>\n<p>Os candidatos que encontram-se dentro do perfil participar\u00e3o de entrevista t\u00e9cnica, no dia 27\/01\/2017 ser\u00e1 divulgado no site todas as informa\u00e7\u00f5es em rela\u00e7\u00e3o \u00e0 data, hor\u00e1rio e local.<\/p>\n<p>&nbsp;<\/p>\n<table style=\"height: 909px\" width=\"987\" align=\"center\">\n<tbody>\n<tr>\n<td colspan=\"2\" width=\"576\">\n<p style=\"text-align: center\"><strong>&nbsp;<\/strong><\/p>\n<p style=\"text-align: center\"><strong>CRONOGRAMA:<\/strong><\/p>\n<p>&nbsp;<\/td>\n<\/tr>\n<tr>\n<td width=\"288\"><strong>Recebimento dos curr\u00edculos e c\u00f3pias das documenta\u00e7\u00f5es solicitadas acima \/ inscri\u00e7\u00e3o<\/strong><\/p>\n<p><strong>&nbsp;<\/strong><\/td>\n<td width=\"288\"><strong>Das 14h do dia 17\/01 at\u00e9 17h30m do dia 23\/01\/2017.&nbsp; (Somente dias \u00fateis, exceto dias 21 e 22\/01).<\/strong><\/td>\n<\/tr>\n<tr>\n<td width=\"288\"><strong>Local de recebimento<\/strong><\/p>\n<p><strong>&nbsp;<\/strong><\/td>\n<td width=\"288\"><strong>Recep\u00e7\u00e3o da Escola SESI David N\u00f3voa \u00e0 Rua: Tapau\u00e1 S\/N\u00ba\u2013 Centro de Iranduba<\/strong><strong>.<\/strong><\/td>\n<\/tr>\n<tr>\n<td width=\"288\"><strong>An\u00e1lise curricular e documental<\/strong><\/p>\n<p><strong>&nbsp;<\/strong><\/td>\n<td width=\"288\"><strong>24 e 25\/01\/2017.<\/strong><\/td>\n<\/tr>\n<tr>\n<td width=\"288\"><strong>Divulga\u00e7\u00e3o no site dos candidatos <\/strong><\/p>\n<p><strong>Selecionados, a partir das 14h.<\/strong><\/p>\n<p><strong>&nbsp;<\/strong><\/td>\n<td width=\"288\"><strong>27\/01\/2017. <\/strong><\/td>\n<\/tr>\n<tr>\n<td width=\"288\"><strong>Entrevista t\u00e9cnica com os candidatos habilitados<\/strong><\/p>\n<p><strong>&nbsp;<\/strong><\/td>\n<td width=\"288\"><strong>30\/01\/2017. <a href=\"http:\/\/www.fieam.org.br\/sesi\/wp-content\/uploads\/sites\/2\/2017\/01\/CONVOCA\u00c7\u00c3O-PARA-2\u00aa-ETAPA-PROFESSOR-GENERALISTA-N\u00ba-0001-2017.pdf\">(Clique aqui)<\/a><\/strong><\/td>\n<\/tr>\n<tr>\n<td width=\"288\"><strong>Resultado final no site dos candidatos habilitados, a partir das 14h<\/strong><\/p>\n<p><strong>&nbsp;<\/strong><\/td>\n<td width=\"288\"><strong>31\/01\/2017. <a href=\"http:\/\/www.fieam.org.br\/sesi\/wp-content\/uploads\/sites\/2\/2017\/02\/RESULTADO-FINAL-PROFESSOR-GENERALISTA-N\u00ba-0001-2017.pdf\">(Clique aqui)<\/a><\/strong><\/td>\n<\/tr>\n<\/tbody>\n<\/table>\n<p>&nbsp;<\/p>\n<p>&nbsp;<\/p>\n<p>Cliq<\/p>\n<p>&nbsp;<\/p>\n","protected":false},"excerpt":{"rendered":"<p>O&nbsp;SESI&nbsp;seleciona talentos para atuar na \u00e1rea abaixo solicitada com o seguinte perfil: 02 vagas Pr\u00e9-requisitos: Gradua\u00e7\u00e3o Superior Completa em Pedagogia, experi\u00eancia comprovada de no m\u00ednimo 06 meses na \u00e1rea. As inscri\u00e7\u00f5es ser\u00e3o realizadas das 14h do dia 17\/01 at\u00e9 17h30m do dia 23\/01\/2017 (Somente dias \u00fateis, exceto dias 21 e 22\/01). O Curriculum Vitae, junto [&hellip;]<\/p>\n","protected":false},"author":1,"featured_media":3862,"comment_status":"open","ping_status":"open","sticky":false,"template":"","format":"standard","meta":{"footnotes":""},"categories":[28],"tags":[],"class_list":["post-10017","post","type-post","status-publish","format-standard","has-post-thumbnail","hentry","category-selecao"],"yoast_head":"<!-- This site is optimized with the Yoast SEO plugin v28.2 - https:\/\/yoast.com\/product\/yoast-seo-wordpress\/ -->\n<title>Processo seletivo n\u00ba 0001-2017 - Professor Generalista - SESI - SESI<\/title>\n<meta name=\"robots\" content=\"index, follow, max-snippet:-1, max-image-preview:large, max-video-preview:-1\" \/>\n<link rel=\"canonical\" href=\"https:\/\/fieam.org.br\/sesi\/processo-seletivo-no-0001-2017-professor-generalista-sesi\/\" \/>\n<meta property=\"og:locale\" content=\"pt_BR\" \/>\n<meta property=\"og:type\" content=\"article\" \/>\n<meta property=\"og:title\" content=\"Processo seletivo n\u00ba 0001-2017 - Professor Generalista - SESI - SESI\" \/>\n<meta property=\"og:description\" content=\"O&nbsp;SESI&nbsp;seleciona talentos para atuar na \u00e1rea abaixo solicitada com o seguinte perfil: 02 vagas Pr\u00e9-requisitos: Gradua\u00e7\u00e3o Superior Completa em Pedagogia, experi\u00eancia comprovada de no m\u00ednimo 06 meses na \u00e1rea. As inscri\u00e7\u00f5es ser\u00e3o realizadas das 14h do dia 17\/01 at\u00e9 17h30m do dia 23\/01\/2017 (Somente dias \u00fateis, exceto dias 21 e 22\/01). O Curriculum Vitae, junto [&hellip;]\" \/>\n<meta property=\"og:url\" content=\"https:\/\/fieam.org.br\/sesi\/processo-seletivo-no-0001-2017-professor-generalista-sesi\/\" \/>\n<meta property=\"og:site_name\" content=\"SESI\" \/>\n<meta property=\"article:published_time\" content=\"2017-01-18T12:51:23+00:00\" \/>\n<meta property=\"og:image\" content=\"https:\/\/fieam.org.br\/sesi\/wp-content\/uploads\/sites\/14\/2013\/01\/selecao1.jpg\" \/>\n\t<meta property=\"og:image:width\" content=\"250\" \/>\n\t<meta property=\"og:image:height\" content=\"250\" \/>\n\t<meta property=\"og:image:type\" content=\"image\/jpeg\" \/>\n<meta name=\"author\" content=\"Autor\" \/>\n<meta name=\"twitter:card\" content=\"summary_large_image\" \/>\n<meta name=\"twitter:label1\" content=\"Escrito por\" \/>\n\t<meta name=\"twitter:data1\" content=\"Autor\" \/>\n\t<meta name=\"twitter:label2\" content=\"Est. tempo de leitura\" \/>\n\t<meta name=\"twitter:data2\" content=\"1 minuto\" \/>\n<script type=\"application\/ld+json\" class=\"yoast-schema-graph\">{\"@context\":\"https:\\\/\\\/schema.org\",\"@graph\":[{\"@type\":\"Article\",\"@id\":\"https:\\\/\\\/fieam.org.br\\\/sesi\\\/processo-seletivo-no-0001-2017-professor-generalista-sesi\\\/#article\",\"isPartOf\":{\"@id\":\"https:\\\/\\\/fieam.org.br\\\/sesi\\\/processo-seletivo-no-0001-2017-professor-generalista-sesi\\\/\"},\"author\":{\"name\":\"Autor\",\"@id\":\"https:\\\/\\\/fieam.org.br\\\/sesi\\\/#\\\/schema\\\/person\\\/f54998dd14d5f0695b41444f2b01c31e\"},\"headline\":\"Processo seletivo n\u00ba 0001-2017 &#8211; Professor Generalista &#8211; SESI\",\"datePublished\":\"2017-01-18T12:51:23+00:00\",\"mainEntityOfPage\":{\"@id\":\"https:\\\/\\\/fieam.org.br\\\/sesi\\\/processo-seletivo-no-0001-2017-professor-generalista-sesi\\\/\"},\"wordCount\":253,\"commentCount\":4,\"publisher\":{\"@id\":\"https:\\\/\\\/fieam.org.br\\\/sesi\\\/#organization\"},\"image\":{\"@id\":\"https:\\\/\\\/fieam.org.br\\\/sesi\\\/processo-seletivo-no-0001-2017-professor-generalista-sesi\\\/#primaryimage\"},\"thumbnailUrl\":\"https:\\\/\\\/fieam.org.br\\\/sesi\\\/wp-content\\\/uploads\\\/sites\\\/14\\\/2013\\\/01\\\/selecao1.jpg\",\"articleSection\":[\"selecao\"],\"inLanguage\":\"pt-BR\",\"potentialAction\":[{\"@type\":\"CommentAction\",\"name\":\"Comment\",\"target\":[\"https:\\\/\\\/fieam.org.br\\\/sesi\\\/processo-seletivo-no-0001-2017-professor-generalista-sesi\\\/#respond\"]}]},{\"@type\":\"WebPage\",\"@id\":\"https:\\\/\\\/fieam.org.br\\\/sesi\\\/processo-seletivo-no-0001-2017-professor-generalista-sesi\\\/\",\"url\":\"https:\\\/\\\/fieam.org.br\\\/sesi\\\/processo-seletivo-no-0001-2017-professor-generalista-sesi\\\/\",\"name\":\"Processo seletivo n\u00ba 0001-2017 - Professor Generalista - SESI - SESI\",\"isPartOf\":{\"@id\":\"https:\\\/\\\/fieam.org.br\\\/sesi\\\/#website\"},\"primaryImageOfPage\":{\"@id\":\"https:\\\/\\\/fieam.org.br\\\/sesi\\\/processo-seletivo-no-0001-2017-professor-generalista-sesi\\\/#primaryimage\"},\"image\":{\"@id\":\"https:\\\/\\\/fieam.org.br\\\/sesi\\\/processo-seletivo-no-0001-2017-professor-generalista-sesi\\\/#primaryimage\"},\"thumbnailUrl\":\"https:\\\/\\\/fieam.org.br\\\/sesi\\\/wp-content\\\/uploads\\\/sites\\\/14\\\/2013\\\/01\\\/selecao1.jpg\",\"datePublished\":\"2017-01-18T12:51:23+00:00\",\"breadcrumb\":{\"@id\":\"https:\\\/\\\/fieam.org.br\\\/sesi\\\/processo-seletivo-no-0001-2017-professor-generalista-sesi\\\/#breadcrumb\"},\"inLanguage\":\"pt-BR\",\"potentialAction\":[{\"@type\":\"ReadAction\",\"target\":[\"https:\\\/\\\/fieam.org.br\\\/sesi\\\/processo-seletivo-no-0001-2017-professor-generalista-sesi\\\/\"]}]},{\"@type\":\"ImageObject\",\"inLanguage\":\"pt-BR\",\"@id\":\"https:\\\/\\\/fieam.org.br\\\/sesi\\\/processo-seletivo-no-0001-2017-professor-generalista-sesi\\\/#primaryimage\",\"url\":\"https:\\\/\\\/fieam.org.br\\\/sesi\\\/wp-content\\\/uploads\\\/sites\\\/14\\\/2013\\\/01\\\/selecao1.jpg\",\"contentUrl\":\"https:\\\/\\\/fieam.org.br\\\/sesi\\\/wp-content\\\/uploads\\\/sites\\\/14\\\/2013\\\/01\\\/selecao1.jpg\",\"width\":250,\"height\":250,\"caption\":\"Sele\u00e7\u00e3o\"},{\"@type\":\"BreadcrumbList\",\"@id\":\"https:\\\/\\\/fieam.org.br\\\/sesi\\\/processo-seletivo-no-0001-2017-professor-generalista-sesi\\\/#breadcrumb\",\"itemListElement\":[{\"@type\":\"ListItem\",\"position\":1,\"name\":\"In\u00edcio\",\"item\":\"https:\\\/\\\/fieam.org.br\\\/sesi\\\/\"},{\"@type\":\"ListItem\",\"position\":2,\"name\":\"Processo seletivo n\u00ba 0001-2017 &#8211; Professor Generalista &#8211; SESI\"}]},{\"@type\":\"WebSite\",\"@id\":\"https:\\\/\\\/fieam.org.br\\\/sesi\\\/#website\",\"url\":\"https:\\\/\\\/fieam.org.br\\\/sesi\\\/\",\"name\":\"SESI\",\"description\":\"Site Oficial!\",\"publisher\":{\"@id\":\"https:\\\/\\\/fieam.org.br\\\/sesi\\\/#organization\"},\"potentialAction\":[{\"@type\":\"SearchAction\",\"target\":{\"@type\":\"EntryPoint\",\"urlTemplate\":\"https:\\\/\\\/fieam.org.br\\\/sesi\\\/?s={search_term_string}\"},\"query-input\":{\"@type\":\"PropertyValueSpecification\",\"valueRequired\":true,\"valueName\":\"search_term_string\"}}],\"inLanguage\":\"pt-BR\"},{\"@type\":\"Organization\",\"@id\":\"https:\\\/\\\/fieam.org.br\\\/sesi\\\/#organization\",\"name\":\"SESI\",\"url\":\"https:\\\/\\\/fieam.org.br\\\/sesi\\\/\",\"logo\":{\"@type\":\"ImageObject\",\"inLanguage\":\"pt-BR\",\"@id\":\"https:\\\/\\\/fieam.org.br\\\/sesi\\\/#\\\/schema\\\/logo\\\/image\\\/\",\"url\":\"https:\\\/\\\/fieam.org.br\\\/sesi\\\/wp-content\\\/uploads\\\/sites\\\/14\\\/2024\\\/03\\\/cropped-fav.png\",\"contentUrl\":\"https:\\\/\\\/fieam.org.br\\\/sesi\\\/wp-content\\\/uploads\\\/sites\\\/14\\\/2024\\\/03\\\/cropped-fav.png\",\"width\":610,\"height\":589,\"caption\":\"SESI\"},\"image\":{\"@id\":\"https:\\\/\\\/fieam.org.br\\\/sesi\\\/#\\\/schema\\\/logo\\\/image\\\/\"}},{\"@type\":\"Person\",\"@id\":\"https:\\\/\\\/fieam.org.br\\\/sesi\\\/#\\\/schema\\\/person\\\/f54998dd14d5f0695b41444f2b01c31e\",\"name\":\"Autor\",\"image\":{\"@type\":\"ImageObject\",\"inLanguage\":\"pt-BR\",\"@id\":\"https:\\\/\\\/secure.gravatar.com\\\/avatar\\\/3732c223e0e1fad69062a8f770955c9068d37b055204f310a0be18d4069fe380?s=96&d=mm&r=g\",\"url\":\"https:\\\/\\\/secure.gravatar.com\\\/avatar\\\/3732c223e0e1fad69062a8f770955c9068d37b055204f310a0be18d4069fe380?s=96&d=mm&r=g\",\"contentUrl\":\"https:\\\/\\\/secure.gravatar.com\\\/avatar\\\/3732c223e0e1fad69062a8f770955c9068d37b055204f310a0be18d4069fe380?s=96&d=mm&r=g\",\"caption\":\"Autor\"},\"sameAs\":[\"https:\\\/\\\/marketingmassivo.com.br\"],\"url\":\"https:\\\/\\\/fieam.org.br\\\/sesi\\\/author\\\/admin\\\/\"}]}<\/script>\n<!-- \/ Yoast SEO plugin. -->","yoast_head_json":{"title":"Processo seletivo n\u00ba 0001-2017 - Professor Generalista - SESI - SESI","robots":{"index":"index","follow":"follow","max-snippet":"max-snippet:-1","max-image-preview":"max-image-preview:large","max-video-preview":"max-video-preview:-1"},"canonical":"https:\/\/fieam.org.br\/sesi\/processo-seletivo-no-0001-2017-professor-generalista-sesi\/","og_locale":"pt_BR","og_type":"article","og_title":"Processo seletivo n\u00ba 0001-2017 - Professor Generalista - SESI - SESI","og_description":"O&nbsp;SESI&nbsp;seleciona talentos para atuar na \u00e1rea abaixo solicitada com o seguinte perfil: 02 vagas Pr\u00e9-requisitos: Gradua\u00e7\u00e3o Superior Completa em Pedagogia, experi\u00eancia comprovada de no m\u00ednimo 06 meses na \u00e1rea. As inscri\u00e7\u00f5es ser\u00e3o realizadas das 14h do dia 17\/01 at\u00e9 17h30m do dia 23\/01\/2017 (Somente dias \u00fateis, exceto dias 21 e 22\/01). O Curriculum Vitae, junto [&hellip;]","og_url":"https:\/\/fieam.org.br\/sesi\/processo-seletivo-no-0001-2017-professor-generalista-sesi\/","og_site_name":"SESI","article_published_time":"2017-01-18T12:51:23+00:00","og_image":[{"width":250,"height":250,"url":"https:\/\/fieam.org.br\/sesi\/wp-content\/uploads\/sites\/14\/2013\/01\/selecao1.jpg","type":"image\/jpeg"}],"author":"Autor","twitter_card":"summary_large_image","twitter_misc":{"Escrito por":"Autor","Est. tempo de leitura":"1 minuto"},"schema":{"@context":"https:\/\/schema.org","@graph":[{"@type":"Article","@id":"https:\/\/fieam.org.br\/sesi\/processo-seletivo-no-0001-2017-professor-generalista-sesi\/#article","isPartOf":{"@id":"https:\/\/fieam.org.br\/sesi\/processo-seletivo-no-0001-2017-professor-generalista-sesi\/"},"author":{"name":"Autor","@id":"https:\/\/fieam.org.br\/sesi\/#\/schema\/person\/f54998dd14d5f0695b41444f2b01c31e"},"headline":"Processo seletivo n\u00ba 0001-2017 &#8211; Professor Generalista &#8211; SESI","datePublished":"2017-01-18T12:51:23+00:00","mainEntityOfPage":{"@id":"https:\/\/fieam.org.br\/sesi\/processo-seletivo-no-0001-2017-professor-generalista-sesi\/"},"wordCount":253,"commentCount":4,"publisher":{"@id":"https:\/\/fieam.org.br\/sesi\/#organization"},"image":{"@id":"https:\/\/fieam.org.br\/sesi\/processo-seletivo-no-0001-2017-professor-generalista-sesi\/#primaryimage"},"thumbnailUrl":"https:\/\/fieam.org.br\/sesi\/wp-content\/uploads\/sites\/14\/2013\/01\/selecao1.jpg","articleSection":["selecao"],"inLanguage":"pt-BR","potentialAction":[{"@type":"CommentAction","name":"Comment","target":["https:\/\/fieam.org.br\/sesi\/processo-seletivo-no-0001-2017-professor-generalista-sesi\/#respond"]}]},{"@type":"WebPage","@id":"https:\/\/fieam.org.br\/sesi\/processo-seletivo-no-0001-2017-professor-generalista-sesi\/","url":"https:\/\/fieam.org.br\/sesi\/processo-seletivo-no-0001-2017-professor-generalista-sesi\/","name":"Processo seletivo n\u00ba 0001-2017 - Professor Generalista - SESI - SESI","isPartOf":{"@id":"https:\/\/fieam.org.br\/sesi\/#website"},"primaryImageOfPage":{"@id":"https:\/\/fieam.org.br\/sesi\/processo-seletivo-no-0001-2017-professor-generalista-sesi\/#primaryimage"},"image":{"@id":"https:\/\/fieam.org.br\/sesi\/processo-seletivo-no-0001-2017-professor-generalista-sesi\/#primaryimage"},"thumbnailUrl":"https:\/\/fieam.org.br\/sesi\/wp-content\/uploads\/sites\/14\/2013\/01\/selecao1.jpg","datePublished":"2017-01-18T12:51:23+00:00","breadcrumb":{"@id":"https:\/\/fieam.org.br\/sesi\/processo-seletivo-no-0001-2017-professor-generalista-sesi\/#breadcrumb"},"inLanguage":"pt-BR","potentialAction":[{"@type":"ReadAction","target":["https:\/\/fieam.org.br\/sesi\/processo-seletivo-no-0001-2017-professor-generalista-sesi\/"]}]},{"@type":"ImageObject","inLanguage":"pt-BR","@id":"https:\/\/fieam.org.br\/sesi\/processo-seletivo-no-0001-2017-professor-generalista-sesi\/#primaryimage","url":"https:\/\/fieam.org.br\/sesi\/wp-content\/uploads\/sites\/14\/2013\/01\/selecao1.jpg","contentUrl":"https:\/\/fieam.org.br\/sesi\/wp-content\/uploads\/sites\/14\/2013\/01\/selecao1.jpg","width":250,"height":250,"caption":"Sele\u00e7\u00e3o"},{"@type":"BreadcrumbList","@id":"https:\/\/fieam.org.br\/sesi\/processo-seletivo-no-0001-2017-professor-generalista-sesi\/#breadcrumb","itemListElement":[{"@type":"ListItem","position":1,"name":"In\u00edcio","item":"https:\/\/fieam.org.br\/sesi\/"},{"@type":"ListItem","position":2,"name":"Processo seletivo n\u00ba 0001-2017 &#8211; Professor Generalista &#8211; SESI"}]},{"@type":"WebSite","@id":"https:\/\/fieam.org.br\/sesi\/#website","url":"https:\/\/fieam.org.br\/sesi\/","name":"SESI","description":"Site Oficial!","publisher":{"@id":"https:\/\/fieam.org.br\/sesi\/#organization"},"potentialAction":[{"@type":"SearchAction","target":{"@type":"EntryPoint","urlTemplate":"https:\/\/fieam.org.br\/sesi\/?s={search_term_string}"},"query-input":{"@type":"PropertyValueSpecification","valueRequired":true,"valueName":"search_term_string"}}],"inLanguage":"pt-BR"},{"@type":"Organization","@id":"https:\/\/fieam.org.br\/sesi\/#organization","name":"SESI","url":"https:\/\/fieam.org.br\/sesi\/","logo":{"@type":"ImageObject","inLanguage":"pt-BR","@id":"https:\/\/fieam.org.br\/sesi\/#\/schema\/logo\/image\/","url":"https:\/\/fieam.org.br\/sesi\/wp-content\/uploads\/sites\/14\/2024\/03\/cropped-fav.png","contentUrl":"https:\/\/fieam.org.br\/sesi\/wp-content\/uploads\/sites\/14\/2024\/03\/cropped-fav.png","width":610,"height":589,"caption":"SESI"},"image":{"@id":"https:\/\/fieam.org.br\/sesi\/#\/schema\/logo\/image\/"}},{"@type":"Person","@id":"https:\/\/fieam.org.br\/sesi\/#\/schema\/person\/f54998dd14d5f0695b41444f2b01c31e","name":"Autor","image":{"@type":"ImageObject","inLanguage":"pt-BR","@id":"https:\/\/secure.gravatar.com\/avatar\/3732c223e0e1fad69062a8f770955c9068d37b055204f310a0be18d4069fe380?s=96&d=mm&r=g","url":"https:\/\/secure.gravatar.com\/avatar\/3732c223e0e1fad69062a8f770955c9068d37b055204f310a0be18d4069fe380?s=96&d=mm&r=g","contentUrl":"https:\/\/secure.gravatar.com\/avatar\/3732c223e0e1fad69062a8f770955c9068d37b055204f310a0be18d4069fe380?s=96&d=mm&r=g","caption":"Autor"},"sameAs":["https:\/\/marketingmassivo.com.br"],"url":"https:\/\/fieam.org.br\/sesi\/author\/admin\/"}]}},"_links":{"self":[{"href":"https:\/\/fieam.org.br\/sesi\/wp-json\/wp\/v2\/posts\/10017","targetHints":{"allow":["GET"]}}],"collection":[{"href":"https:\/\/fieam.org.br\/sesi\/wp-json\/wp\/v2\/posts"}],"about":[{"href":"https:\/\/fieam.org.br\/sesi\/wp-json\/wp\/v2\/types\/post"}],"author":[{"embeddable":true,"href":"https:\/\/fieam.org.br\/sesi\/wp-json\/wp\/v2\/users\/1"}],"replies":[{"embeddable":true,"href":"https:\/\/fieam.org.br\/sesi\/wp-json\/wp\/v2\/comments?post=10017"}],"version-history":[{"count":0,"href":"https:\/\/fieam.org.br\/sesi\/wp-json\/wp\/v2\/posts\/10017\/revisions"}],"wp:featuredmedia":[{"embeddable":true,"href":"https:\/\/fieam.org.br\/sesi\/wp-json\/wp\/v2\/media\/3862"}],"wp:attachment":[{"href":"https:\/\/fieam.org.br\/sesi\/wp-json\/wp\/v2\/media?parent=10017"}],"wp:term":[{"taxonomy":"category","embeddable":true,"href":"https:\/\/fieam.org.br\/sesi\/wp-json\/wp\/v2\/categories?post=10017"},{"taxonomy":"post_tag","embeddable":true,"href":"https:\/\/fieam.org.br\/sesi\/wp-json\/wp\/v2\/tags?post=10017"}],"curies":[{"name":"wp","href":"https:\/\/api.w.org\/{rel}","templated":true}]}}