{"id":9674,"date":"2021-11-30T08:31:10","date_gmt":"2021-11-30T12:31:10","guid":{"rendered":"http:\/\/www.fieam.org.br\/senai\/?p=9674"},"modified":"2021-11-30T08:31:10","modified_gmt":"2021-11-30T12:31:10","slug":"comunicado-de-processo-seletivo-externo-rito-celere-no-004-2021","status":"publish","type":"post","link":"https:\/\/fieam.org.br\/senai\/comunicado-de-processo-seletivo-externo-rito-celere-no-004-2021\/","title":{"rendered":"COMUNICADO DE PROCESSO SELETIVO EXTERNO (RITO C\u00c9LERE) &#8211; N\u00ba 004-2021"},"content":{"rendered":"<p><strong>COMUNICADO DE PROCESSO SELETIVO EXTERNO<\/strong><\/p>\n<p><strong>(RITO C\u00c9LERE) &#8211; N\u00ba 004-2021 <\/strong><\/p>\n<p>&nbsp;<\/p>\n<p><strong>CARGO:<\/strong> PROFISSIONAL DE SUPORTE OPERACIONAL (PSO)<\/p>\n<p><strong>OCUPA\u00c7\u00c3O:<\/strong> SERVI\u00c7OS OPERACIONAIS (AUXILIAR DE SERVI\u00c7OS GERAIS)<\/p>\n<p><strong>SAL\u00c1RIO: <\/strong>R$ 1.236,11<\/p>\n<p>&nbsp;<\/p>\n<p>O Servi\u00e7o Nacional de Aprendizagem Industrial \u2013 SENAI e o Servi\u00e7o Social da Ind\u00fastria &#8211; SESI, por meio do Departamento de Gest\u00e3o de Pessoas\/Sele\u00e7\u00e3o de Talentos do Sistema Federa\u00e7\u00e3o das Ind\u00fastrias do Estado do Amazonas \u2013 FIEAM, abre inscri\u00e7\u00f5es para candidatos interessados em participar do Processo Seletivo Externo (Rito C\u00e9lere) para o preenchimento de vaga e forma\u00e7\u00e3o de cadastro reserva na cidade de Manaus.<\/p>\n<p>&nbsp;<\/p>\n<p><strong>REQUISITOS M\u00cdNIMOS EXIGIDOS PARA O CARGO<\/strong><\/p>\n<ul>\n<li>Escolaridade em Ensino M\u00e9dio Completo.<\/li>\n<li>Experi\u00eancia, no m\u00ednimo, de 6 (seis) meses comprovada na \u00e1rea de atua\u00e7\u00e3o.<\/li>\n<li>Desej\u00e1veis cursos de Manipula\u00e7\u00e3o de Produtos Qu\u00edmicos, 5\u2019s, No\u00e7\u00f5es de Seguran\u00e7a no Trabalho, Rotinas de Limpeza, e outros na \u00e1rea correlata.<\/li>\n<li>Desej\u00e1vel conhecimento de inform\u00e1tica b\u00e1sica, n\u00edvel de usu\u00e1rio.<\/li>\n<li>Disponibilidade para trabalhar aos s\u00e1bados, quando houver necessidade.<\/li>\n<\/ul>\n<p>&nbsp;<\/p>\n<p><a href=\"http:\/\/www.fieam.org.br\/sesi\/wp-content\/uploads\/sites\/2\/2021\/11\/291121-004-2021Comunicado-PS-SESI_SENAI-ESWL-Externo-PSO-Servicos-Operacionais.pdf\"><strong>Clique aqui para obter todas as informa\u00e7\u00f5es pertinentes ao processo de sele\u00e7\u00e3o.<\/strong><\/a><\/p>\n<p><a href=\"http:\/\/www.fieam.org.br\/sesi\/wp-content\/uploads\/sites\/2\/2021\/11\/RQ-5.4.9.001-07-Cadastro-inicial_Rev.04-8.pdf\"><strong>Formul\u00e1rio Cadastro Inicial<\/strong><\/a><\/p>\n<p><a href=\"http:\/\/www.fieam.org.br\/sesi\/wp-content\/uploads\/sites\/2\/2021\/11\/Formulario-para-interposicao-de-recurso.pdf\"><strong>Formul\u00e1rio para interposi\u00e7\u00e3o de recurso<\/strong><\/a><\/p>\n<p><strong><a href=\"http:\/\/www.fieam.org.br\/sesi\/wp-content\/uploads\/sites\/2\/2021\/11\/10122021-2.PS-SESI_SENAI-ESWL-EXT-PSO_SERV.OPERACIONAIS-Convocacao-Entrevista-Tecnica_.pdf\">Convoca\u00e7\u00e3o Entrevista T\u00e9cnica<\/a><\/strong><\/p>\n","protected":false},"excerpt":{"rendered":"<p>COMUNICADO DE PROCESSO SELETIVO EXTERNO (RITO C\u00c9LERE) &#8211; N\u00ba 004-2021 &nbsp; CARGO: PROFISSIONAL DE SUPORTE OPERACIONAL (PSO) OCUPA\u00c7\u00c3O: SERVI\u00c7OS OPERACIONAIS (AUXILIAR DE SERVI\u00c7OS GERAIS) SAL\u00c1RIO: R$ 1.236,11 &nbsp; O Servi\u00e7o Nacional de Aprendizagem Industrial \u2013 SENAI e o Servi\u00e7o Social da Ind\u00fastria &#8211; SESI, por meio do Departamento de Gest\u00e3o de Pessoas\/Sele\u00e7\u00e3o de Talentos do [&hellip;]<\/p>\n","protected":false},"author":1,"featured_media":9677,"comment_status":"closed","ping_status":"open","sticky":false,"template":"","format":"standard","meta":{"footnotes":""},"categories":[24],"tags":[],"class_list":["post-9674","post","type-post","status-publish","format-standard","has-post-thumbnail","hentry","category-selecao"],"yoast_head":"<!-- This site is optimized with the Yoast SEO plugin v26.8 - https:\/\/yoast.com\/product\/yoast-seo-wordpress\/ -->\n<title>COMUNICADO DE PROCESSO SELETIVO EXTERNO (RITO C\u00c9LERE) - N\u00ba 004-2021 - SENAI<\/title>\n<meta name=\"robots\" content=\"index, follow, max-snippet:-1, max-image-preview:large, max-video-preview:-1\" \/>\n<link rel=\"canonical\" href=\"https:\/\/fieam.org.br\/senai\/comunicado-de-processo-seletivo-externo-rito-celere-no-004-2021\/\" \/>\n<meta property=\"og:locale\" content=\"pt_BR\" \/>\n<meta property=\"og:type\" content=\"article\" \/>\n<meta property=\"og:title\" content=\"COMUNICADO DE PROCESSO SELETIVO EXTERNO (RITO C\u00c9LERE) - N\u00ba 004-2021 - SENAI\" \/>\n<meta property=\"og:description\" content=\"COMUNICADO DE PROCESSO SELETIVO EXTERNO (RITO C\u00c9LERE) &#8211; N\u00ba 004-2021 &nbsp; CARGO: PROFISSIONAL DE SUPORTE OPERACIONAL (PSO) OCUPA\u00c7\u00c3O: SERVI\u00c7OS OPERACIONAIS (AUXILIAR DE SERVI\u00c7OS GERAIS) SAL\u00c1RIO: R$ 1.236,11 &nbsp; O Servi\u00e7o Nacional de Aprendizagem Industrial \u2013 SENAI e o Servi\u00e7o Social da Ind\u00fastria &#8211; SESI, por meio do Departamento de Gest\u00e3o de Pessoas\/Sele\u00e7\u00e3o de Talentos do [&hellip;]\" \/>\n<meta property=\"og:url\" content=\"https:\/\/fieam.org.br\/senai\/comunicado-de-processo-seletivo-externo-rito-celere-no-004-2021\/\" \/>\n<meta property=\"og:site_name\" content=\"SENAI\" \/>\n<meta property=\"article:published_time\" content=\"2021-11-30T12:31:10+00:00\" \/>\n<meta property=\"og:image\" content=\"https:\/\/fieam.org.br\/senai\/wp-content\/uploads\/sites\/16\/2021\/11\/Selecao-de-Talentos-1-scaled-1.jpg\" \/>\n\t<meta property=\"og:image:width\" content=\"2560\" \/>\n\t<meta property=\"og:image:height\" content=\"1708\" \/>\n\t<meta property=\"og:image:type\" content=\"image\/jpeg\" \/>\n<meta name=\"author\" content=\"Autor\" \/>\n<meta name=\"twitter:card\" content=\"summary_large_image\" \/>\n<meta name=\"twitter:label1\" content=\"Escrito por\" \/>\n\t<meta name=\"twitter:data1\" content=\"Autor\" \/>\n\t<meta name=\"twitter:label2\" content=\"Est. tempo de leitura\" \/>\n\t<meta name=\"twitter:data2\" content=\"1 minuto\" \/>\n<script type=\"application\/ld+json\" class=\"yoast-schema-graph\">{\"@context\":\"https:\/\/schema.org\",\"@graph\":[{\"@type\":\"Article\",\"@id\":\"https:\/\/fieam.org.br\/senai\/comunicado-de-processo-seletivo-externo-rito-celere-no-004-2021\/#article\",\"isPartOf\":{\"@id\":\"https:\/\/fieam.org.br\/senai\/comunicado-de-processo-seletivo-externo-rito-celere-no-004-2021\/\"},\"author\":{\"name\":\"Autor\",\"@id\":\"https:\/\/fieam.org.br\/senai\/#\/schema\/person\/c1ceda8321521b291cee22da0a7d34be\"},\"headline\":\"COMUNICADO DE PROCESSO SELETIVO EXTERNO (RITO C\u00c9LERE) &#8211; N\u00ba 004-2021\",\"datePublished\":\"2021-11-30T12:31:10+00:00\",\"mainEntityOfPage\":{\"@id\":\"https:\/\/fieam.org.br\/senai\/comunicado-de-processo-seletivo-externo-rito-celere-no-004-2021\/\"},\"wordCount\":223,\"publisher\":{\"@id\":\"https:\/\/fieam.org.br\/senai\/#organization\"},\"image\":{\"@id\":\"https:\/\/fieam.org.br\/senai\/comunicado-de-processo-seletivo-externo-rito-celere-no-004-2021\/#primaryimage\"},\"thumbnailUrl\":\"https:\/\/fieam.org.br\/senai\/wp-content\/uploads\/sites\/16\/2021\/11\/Selecao-de-Talentos-1-scaled-1.jpg\",\"articleSection\":[\"selecao\"],\"inLanguage\":\"pt-BR\"},{\"@type\":\"WebPage\",\"@id\":\"https:\/\/fieam.org.br\/senai\/comunicado-de-processo-seletivo-externo-rito-celere-no-004-2021\/\",\"url\":\"https:\/\/fieam.org.br\/senai\/comunicado-de-processo-seletivo-externo-rito-celere-no-004-2021\/\",\"name\":\"COMUNICADO DE PROCESSO SELETIVO EXTERNO (RITO C\u00c9LERE) - N\u00ba 004-2021 - SENAI\",\"isPartOf\":{\"@id\":\"https:\/\/fieam.org.br\/senai\/#website\"},\"primaryImageOfPage\":{\"@id\":\"https:\/\/fieam.org.br\/senai\/comunicado-de-processo-seletivo-externo-rito-celere-no-004-2021\/#primaryimage\"},\"image\":{\"@id\":\"https:\/\/fieam.org.br\/senai\/comunicado-de-processo-seletivo-externo-rito-celere-no-004-2021\/#primaryimage\"},\"thumbnailUrl\":\"https:\/\/fieam.org.br\/senai\/wp-content\/uploads\/sites\/16\/2021\/11\/Selecao-de-Talentos-1-scaled-1.jpg\",\"datePublished\":\"2021-11-30T12:31:10+00:00\",\"breadcrumb\":{\"@id\":\"https:\/\/fieam.org.br\/senai\/comunicado-de-processo-seletivo-externo-rito-celere-no-004-2021\/#breadcrumb\"},\"inLanguage\":\"pt-BR\",\"potentialAction\":[{\"@type\":\"ReadAction\",\"target\":[\"https:\/\/fieam.org.br\/senai\/comunicado-de-processo-seletivo-externo-rito-celere-no-004-2021\/\"]}]},{\"@type\":\"ImageObject\",\"inLanguage\":\"pt-BR\",\"@id\":\"https:\/\/fieam.org.br\/senai\/comunicado-de-processo-seletivo-externo-rito-celere-no-004-2021\/#primaryimage\",\"url\":\"https:\/\/fieam.org.br\/senai\/wp-content\/uploads\/sites\/16\/2021\/11\/Selecao-de-Talentos-1-scaled-1.jpg\",\"contentUrl\":\"https:\/\/fieam.org.br\/senai\/wp-content\/uploads\/sites\/16\/2021\/11\/Selecao-de-Talentos-1-scaled-1.jpg\",\"width\":2560,\"height\":1708},{\"@type\":\"BreadcrumbList\",\"@id\":\"https:\/\/fieam.org.br\/senai\/comunicado-de-processo-seletivo-externo-rito-celere-no-004-2021\/#breadcrumb\",\"itemListElement\":[{\"@type\":\"ListItem\",\"position\":1,\"name\":\"In\u00edcio\",\"item\":\"https:\/\/fieam.org.br\/senai\/\"},{\"@type\":\"ListItem\",\"position\":2,\"name\":\"COMUNICADO DE PROCESSO SELETIVO EXTERNO (RITO C\u00c9LERE) &#8211; N\u00ba 004-2021\"}]},{\"@type\":\"WebSite\",\"@id\":\"https:\/\/fieam.org.br\/senai\/#website\",\"url\":\"https:\/\/fieam.org.br\/senai\/\",\"name\":\"SENAI\",\"description\":\"Site Oficial!\",\"publisher\":{\"@id\":\"https:\/\/fieam.org.br\/senai\/#organization\"},\"potentialAction\":[{\"@type\":\"SearchAction\",\"target\":{\"@type\":\"EntryPoint\",\"urlTemplate\":\"https:\/\/fieam.org.br\/senai\/?s={search_term_string}\"},\"query-input\":{\"@type\":\"PropertyValueSpecification\",\"valueRequired\":true,\"valueName\":\"search_term_string\"}}],\"inLanguage\":\"pt-BR\"},{\"@type\":\"Organization\",\"@id\":\"https:\/\/fieam.org.br\/senai\/#organization\",\"name\":\"SENAI\",\"url\":\"https:\/\/fieam.org.br\/senai\/\",\"logo\":{\"@type\":\"ImageObject\",\"inLanguage\":\"pt-BR\",\"@id\":\"https:\/\/fieam.org.br\/senai\/#\/schema\/logo\/image\/\",\"url\":\"https:\/\/fieam.org.br\/senai\/wp-content\/uploads\/sites\/16\/2024\/03\/cropped-fav.png\",\"contentUrl\":\"https:\/\/fieam.org.br\/senai\/wp-content\/uploads\/sites\/16\/2024\/03\/cropped-fav.png\",\"width\":592,\"height\":577,\"caption\":\"SENAI\"},\"image\":{\"@id\":\"https:\/\/fieam.org.br\/senai\/#\/schema\/logo\/image\/\"}},{\"@type\":\"Person\",\"@id\":\"https:\/\/fieam.org.br\/senai\/#\/schema\/person\/c1ceda8321521b291cee22da0a7d34be\",\"name\":\"Autor\",\"image\":{\"@type\":\"ImageObject\",\"inLanguage\":\"pt-BR\",\"@id\":\"https:\/\/fieam.org.br\/senai\/#\/schema\/person\/image\/\",\"url\":\"https:\/\/secure.gravatar.com\/avatar\/3732c223e0e1fad69062a8f770955c9068d37b055204f310a0be18d4069fe380?s=96&d=mm&r=g\",\"contentUrl\":\"https:\/\/secure.gravatar.com\/avatar\/3732c223e0e1fad69062a8f770955c9068d37b055204f310a0be18d4069fe380?s=96&d=mm&r=g\",\"caption\":\"Autor\"},\"sameAs\":[\"https:\/\/marketingmassivo.com.br\"],\"url\":\"https:\/\/fieam.org.br\/senai\/author\/admin\/\"}]}<\/script>\n<!-- \/ Yoast SEO plugin. -->","yoast_head_json":{"title":"COMUNICADO DE PROCESSO SELETIVO EXTERNO (RITO C\u00c9LERE) - N\u00ba 004-2021 - SENAI","robots":{"index":"index","follow":"follow","max-snippet":"max-snippet:-1","max-image-preview":"max-image-preview:large","max-video-preview":"max-video-preview:-1"},"canonical":"https:\/\/fieam.org.br\/senai\/comunicado-de-processo-seletivo-externo-rito-celere-no-004-2021\/","og_locale":"pt_BR","og_type":"article","og_title":"COMUNICADO DE PROCESSO SELETIVO EXTERNO (RITO C\u00c9LERE) - N\u00ba 004-2021 - SENAI","og_description":"COMUNICADO DE PROCESSO SELETIVO EXTERNO (RITO C\u00c9LERE) &#8211; N\u00ba 004-2021 &nbsp; CARGO: PROFISSIONAL DE SUPORTE OPERACIONAL (PSO) OCUPA\u00c7\u00c3O: SERVI\u00c7OS OPERACIONAIS (AUXILIAR DE SERVI\u00c7OS GERAIS) SAL\u00c1RIO: R$ 1.236,11 &nbsp; O Servi\u00e7o Nacional de Aprendizagem Industrial \u2013 SENAI e o Servi\u00e7o Social da Ind\u00fastria &#8211; SESI, por meio do Departamento de Gest\u00e3o de Pessoas\/Sele\u00e7\u00e3o de Talentos do [&hellip;]","og_url":"https:\/\/fieam.org.br\/senai\/comunicado-de-processo-seletivo-externo-rito-celere-no-004-2021\/","og_site_name":"SENAI","article_published_time":"2021-11-30T12:31:10+00:00","og_image":[{"width":2560,"height":1708,"url":"https:\/\/fieam.org.br\/senai\/wp-content\/uploads\/sites\/16\/2021\/11\/Selecao-de-Talentos-1-scaled-1.jpg","type":"image\/jpeg"}],"author":"Autor","twitter_card":"summary_large_image","twitter_misc":{"Escrito por":"Autor","Est. tempo de leitura":"1 minuto"},"schema":{"@context":"https:\/\/schema.org","@graph":[{"@type":"Article","@id":"https:\/\/fieam.org.br\/senai\/comunicado-de-processo-seletivo-externo-rito-celere-no-004-2021\/#article","isPartOf":{"@id":"https:\/\/fieam.org.br\/senai\/comunicado-de-processo-seletivo-externo-rito-celere-no-004-2021\/"},"author":{"name":"Autor","@id":"https:\/\/fieam.org.br\/senai\/#\/schema\/person\/c1ceda8321521b291cee22da0a7d34be"},"headline":"COMUNICADO DE PROCESSO SELETIVO EXTERNO (RITO C\u00c9LERE) &#8211; N\u00ba 004-2021","datePublished":"2021-11-30T12:31:10+00:00","mainEntityOfPage":{"@id":"https:\/\/fieam.org.br\/senai\/comunicado-de-processo-seletivo-externo-rito-celere-no-004-2021\/"},"wordCount":223,"publisher":{"@id":"https:\/\/fieam.org.br\/senai\/#organization"},"image":{"@id":"https:\/\/fieam.org.br\/senai\/comunicado-de-processo-seletivo-externo-rito-celere-no-004-2021\/#primaryimage"},"thumbnailUrl":"https:\/\/fieam.org.br\/senai\/wp-content\/uploads\/sites\/16\/2021\/11\/Selecao-de-Talentos-1-scaled-1.jpg","articleSection":["selecao"],"inLanguage":"pt-BR"},{"@type":"WebPage","@id":"https:\/\/fieam.org.br\/senai\/comunicado-de-processo-seletivo-externo-rito-celere-no-004-2021\/","url":"https:\/\/fieam.org.br\/senai\/comunicado-de-processo-seletivo-externo-rito-celere-no-004-2021\/","name":"COMUNICADO DE PROCESSO SELETIVO EXTERNO (RITO C\u00c9LERE) - N\u00ba 004-2021 - SENAI","isPartOf":{"@id":"https:\/\/fieam.org.br\/senai\/#website"},"primaryImageOfPage":{"@id":"https:\/\/fieam.org.br\/senai\/comunicado-de-processo-seletivo-externo-rito-celere-no-004-2021\/#primaryimage"},"image":{"@id":"https:\/\/fieam.org.br\/senai\/comunicado-de-processo-seletivo-externo-rito-celere-no-004-2021\/#primaryimage"},"thumbnailUrl":"https:\/\/fieam.org.br\/senai\/wp-content\/uploads\/sites\/16\/2021\/11\/Selecao-de-Talentos-1-scaled-1.jpg","datePublished":"2021-11-30T12:31:10+00:00","breadcrumb":{"@id":"https:\/\/fieam.org.br\/senai\/comunicado-de-processo-seletivo-externo-rito-celere-no-004-2021\/#breadcrumb"},"inLanguage":"pt-BR","potentialAction":[{"@type":"ReadAction","target":["https:\/\/fieam.org.br\/senai\/comunicado-de-processo-seletivo-externo-rito-celere-no-004-2021\/"]}]},{"@type":"ImageObject","inLanguage":"pt-BR","@id":"https:\/\/fieam.org.br\/senai\/comunicado-de-processo-seletivo-externo-rito-celere-no-004-2021\/#primaryimage","url":"https:\/\/fieam.org.br\/senai\/wp-content\/uploads\/sites\/16\/2021\/11\/Selecao-de-Talentos-1-scaled-1.jpg","contentUrl":"https:\/\/fieam.org.br\/senai\/wp-content\/uploads\/sites\/16\/2021\/11\/Selecao-de-Talentos-1-scaled-1.jpg","width":2560,"height":1708},{"@type":"BreadcrumbList","@id":"https:\/\/fieam.org.br\/senai\/comunicado-de-processo-seletivo-externo-rito-celere-no-004-2021\/#breadcrumb","itemListElement":[{"@type":"ListItem","position":1,"name":"In\u00edcio","item":"https:\/\/fieam.org.br\/senai\/"},{"@type":"ListItem","position":2,"name":"COMUNICADO DE PROCESSO SELETIVO EXTERNO (RITO C\u00c9LERE) &#8211; N\u00ba 004-2021"}]},{"@type":"WebSite","@id":"https:\/\/fieam.org.br\/senai\/#website","url":"https:\/\/fieam.org.br\/senai\/","name":"SENAI","description":"Site Oficial!","publisher":{"@id":"https:\/\/fieam.org.br\/senai\/#organization"},"potentialAction":[{"@type":"SearchAction","target":{"@type":"EntryPoint","urlTemplate":"https:\/\/fieam.org.br\/senai\/?s={search_term_string}"},"query-input":{"@type":"PropertyValueSpecification","valueRequired":true,"valueName":"search_term_string"}}],"inLanguage":"pt-BR"},{"@type":"Organization","@id":"https:\/\/fieam.org.br\/senai\/#organization","name":"SENAI","url":"https:\/\/fieam.org.br\/senai\/","logo":{"@type":"ImageObject","inLanguage":"pt-BR","@id":"https:\/\/fieam.org.br\/senai\/#\/schema\/logo\/image\/","url":"https:\/\/fieam.org.br\/senai\/wp-content\/uploads\/sites\/16\/2024\/03\/cropped-fav.png","contentUrl":"https:\/\/fieam.org.br\/senai\/wp-content\/uploads\/sites\/16\/2024\/03\/cropped-fav.png","width":592,"height":577,"caption":"SENAI"},"image":{"@id":"https:\/\/fieam.org.br\/senai\/#\/schema\/logo\/image\/"}},{"@type":"Person","@id":"https:\/\/fieam.org.br\/senai\/#\/schema\/person\/c1ceda8321521b291cee22da0a7d34be","name":"Autor","image":{"@type":"ImageObject","inLanguage":"pt-BR","@id":"https:\/\/fieam.org.br\/senai\/#\/schema\/person\/image\/","url":"https:\/\/secure.gravatar.com\/avatar\/3732c223e0e1fad69062a8f770955c9068d37b055204f310a0be18d4069fe380?s=96&d=mm&r=g","contentUrl":"https:\/\/secure.gravatar.com\/avatar\/3732c223e0e1fad69062a8f770955c9068d37b055204f310a0be18d4069fe380?s=96&d=mm&r=g","caption":"Autor"},"sameAs":["https:\/\/marketingmassivo.com.br"],"url":"https:\/\/fieam.org.br\/senai\/author\/admin\/"}]}},"_links":{"self":[{"href":"https:\/\/fieam.org.br\/senai\/wp-json\/wp\/v2\/posts\/9674","targetHints":{"allow":["GET"]}}],"collection":[{"href":"https:\/\/fieam.org.br\/senai\/wp-json\/wp\/v2\/posts"}],"about":[{"href":"https:\/\/fieam.org.br\/senai\/wp-json\/wp\/v2\/types\/post"}],"author":[{"embeddable":true,"href":"https:\/\/fieam.org.br\/senai\/wp-json\/wp\/v2\/users\/1"}],"replies":[{"embeddable":true,"href":"https:\/\/fieam.org.br\/senai\/wp-json\/wp\/v2\/comments?post=9674"}],"version-history":[{"count":0,"href":"https:\/\/fieam.org.br\/senai\/wp-json\/wp\/v2\/posts\/9674\/revisions"}],"wp:featuredmedia":[{"embeddable":true,"href":"https:\/\/fieam.org.br\/senai\/wp-json\/wp\/v2\/media\/9677"}],"wp:attachment":[{"href":"https:\/\/fieam.org.br\/senai\/wp-json\/wp\/v2\/media?parent=9674"}],"wp:term":[{"taxonomy":"category","embeddable":true,"href":"https:\/\/fieam.org.br\/senai\/wp-json\/wp\/v2\/categories?post=9674"},{"taxonomy":"post_tag","embeddable":true,"href":"https:\/\/fieam.org.br\/senai\/wp-json\/wp\/v2\/tags?post=9674"}],"curies":[{"name":"wp","href":"https:\/\/api.w.org\/{rel}","templated":true}]}}