{"id":8900,"date":"2019-07-10T17:47:20","date_gmt":"2019-07-10T21:47:20","guid":{"rendered":"http:\/\/www.fieam.org.br\/senai\/?p=8900"},"modified":"2019-07-10T17:47:20","modified_gmt":"2019-07-10T21:47:20","slug":"senai-esta-com-matriculas-abertas-para-eletricista-industrial","status":"publish","type":"post","link":"https:\/\/fieam.org.br\/senai\/senai-esta-com-matriculas-abertas-para-eletricista-industrial\/","title":{"rendered":"SENAI est\u00e1 com matr\u00edculas abertas para Eletricista Industrial"},"content":{"rendered":"<p>O Servi\u00e7o Nacional de Aprendizagem Industrial (SENAI Amazonas) est\u00e1 com matr\u00edculas abertas para o curso de qualifica\u00e7\u00e3o profissional de Eletricista Industrial, com in\u00edcio em 22 de julho, das 7h30 \u00e0s 11h30, na Escola SENAI Ant\u00f4nio Sim\u00f5es (ESAS) localizado na Av. Rodrigo Ot\u00e1vio, 510, Distrito Industrial.<\/p>\n<p>O eletricista industrial tem como compet\u00eancia executar trabalhos de montagem e manuten\u00e7\u00e3o de instala\u00e7\u00f5es el\u00e9tricas em baixa tens\u00e3o, e de sistemas el\u00e9tricos de m\u00e1quinas e equipamentos, interpreta\u00e7\u00e3o de esquemas e diagramas, levantamento de cargas, montagem de quadro de distribui\u00e7\u00e3o e de comando, instala\u00e7\u00e3o de dispositivos, componentes e materiais, e programa\u00e7\u00e3o de controladores l\u00f3gicos, de acordo com normas t\u00e9cnicas, ambientais, de qualidade e de seguran\u00e7a e sa\u00fade no trabalho.<\/p>\n<p>A grade curricular est\u00e1 dividida em Eletricidade geral (80h), Instala\u00e7\u00f5es el\u00e9tricas prediais (80h), Comandos el\u00e9tricos (120h), Controladores l\u00f3gicos program\u00e1veis (60h) e Inversores de frequ\u00eancia e Soft-starter (40h). Investimento no valor de R$ 1.405,00 \u00e0 vista ou cinco vezes no cart\u00e3o de cr\u00e9dito.<\/p>\n<p>Os interessados em realizar o curso devem procurar a sede do SENAI Amazonas no Distrito Industrial, munidos de c\u00f3pias do RG, CPF, comprovante de resid\u00eancia (atualizada) e escolaridade e, documento de identifica\u00e7\u00e3o da m\u00e3e com data de nascimento.<\/p>\n<p>Para mais informa\u00e7\u00f5es ligar para o n\u00famero (92) 3234-0610, enviar mensagem para o Whatsapp (92) 98406-2798, pelo e-mail <a href=\"mailto:corem.esas@am.senai.br\">corem.esas@am.senai.br<\/a> ou <a href=\"http:\/\/www.fieam.org.br\/senai\">www.fieam.org.br\/senai<\/a>.<\/p>\n","protected":false},"excerpt":{"rendered":"<p>O Servi\u00e7o Nacional de Aprendizagem Industrial (SENAI Amazonas) est\u00e1 com matr\u00edculas abertas para o curso de qualifica\u00e7\u00e3o profissional de Eletricista Industrial, com in\u00edcio em 22 de julho, das 7h30 \u00e0s 11h30, na Escola SENAI Ant\u00f4nio Sim\u00f5es (ESAS) localizado na Av. Rodrigo Ot\u00e1vio, 510, Distrito Industrial. O eletricista industrial tem como compet\u00eancia executar trabalhos de montagem [&hellip;]<\/p>\n","protected":false},"author":1,"featured_media":8901,"comment_status":"closed","ping_status":"open","sticky":false,"template":"","format":"standard","meta":{"footnotes":""},"categories":[20,22],"tags":[],"class_list":["post-8900","post","type-post","status-publish","format-standard","has-post-thumbnail","hentry","category-banner-destaque","category-news_destaque"],"yoast_head":"<!-- This site is optimized with the Yoast SEO plugin v26.8 - https:\/\/yoast.com\/product\/yoast-seo-wordpress\/ -->\n<title>SENAI est\u00e1 com matr\u00edculas abertas para Eletricista Industrial - SENAI<\/title>\n<meta name=\"robots\" content=\"index, follow, max-snippet:-1, max-image-preview:large, max-video-preview:-1\" \/>\n<link rel=\"canonical\" href=\"https:\/\/fieam.org.br\/senai\/senai-esta-com-matriculas-abertas-para-eletricista-industrial\/\" \/>\n<meta property=\"og:locale\" content=\"pt_BR\" \/>\n<meta property=\"og:type\" content=\"article\" \/>\n<meta property=\"og:title\" content=\"SENAI est\u00e1 com matr\u00edculas abertas para Eletricista Industrial - SENAI\" \/>\n<meta property=\"og:description\" content=\"O Servi\u00e7o Nacional de Aprendizagem Industrial (SENAI Amazonas) est\u00e1 com matr\u00edculas abertas para o curso de qualifica\u00e7\u00e3o profissional de Eletricista Industrial, com in\u00edcio em 22 de julho, das 7h30 \u00e0s 11h30, na Escola SENAI Ant\u00f4nio Sim\u00f5es (ESAS) localizado na Av. Rodrigo Ot\u00e1vio, 510, Distrito Industrial. O eletricista industrial tem como compet\u00eancia executar trabalhos de montagem [&hellip;]\" \/>\n<meta property=\"og:url\" content=\"https:\/\/fieam.org.br\/senai\/senai-esta-com-matriculas-abertas-para-eletricista-industrial\/\" \/>\n<meta property=\"og:site_name\" content=\"SENAI\" \/>\n<meta property=\"article:published_time\" content=\"2019-07-10T21:47:20+00:00\" \/>\n<meta property=\"og:image\" content=\"https:\/\/fieam.org.br\/senai\/wp-content\/uploads\/sites\/16\/2019\/07\/100719-SENAI_Cursos-Eletricista-Industrial.jpg\" \/>\n\t<meta property=\"og:image:width\" content=\"1024\" \/>\n\t<meta property=\"og:image:height\" content=\"683\" \/>\n\t<meta property=\"og:image:type\" content=\"image\/jpeg\" \/>\n<meta name=\"author\" content=\"Autor\" \/>\n<meta name=\"twitter:card\" content=\"summary_large_image\" \/>\n<meta name=\"twitter:label1\" content=\"Escrito por\" \/>\n\t<meta name=\"twitter:data1\" content=\"Autor\" \/>\n\t<meta name=\"twitter:label2\" content=\"Est. tempo de leitura\" \/>\n\t<meta name=\"twitter:data2\" content=\"1 minuto\" \/>\n<script type=\"application\/ld+json\" class=\"yoast-schema-graph\">{\"@context\":\"https:\/\/schema.org\",\"@graph\":[{\"@type\":\"Article\",\"@id\":\"https:\/\/fieam.org.br\/senai\/senai-esta-com-matriculas-abertas-para-eletricista-industrial\/#article\",\"isPartOf\":{\"@id\":\"https:\/\/fieam.org.br\/senai\/senai-esta-com-matriculas-abertas-para-eletricista-industrial\/\"},\"author\":{\"name\":\"Autor\",\"@id\":\"https:\/\/fieam.org.br\/senai\/#\/schema\/person\/c1ceda8321521b291cee22da0a7d34be\"},\"headline\":\"SENAI est\u00e1 com matr\u00edculas abertas para Eletricista Industrial\",\"datePublished\":\"2019-07-10T21:47:20+00:00\",\"mainEntityOfPage\":{\"@id\":\"https:\/\/fieam.org.br\/senai\/senai-esta-com-matriculas-abertas-para-eletricista-industrial\/\"},\"wordCount\":261,\"publisher\":{\"@id\":\"https:\/\/fieam.org.br\/senai\/#organization\"},\"image\":{\"@id\":\"https:\/\/fieam.org.br\/senai\/senai-esta-com-matriculas-abertas-para-eletricista-industrial\/#primaryimage\"},\"thumbnailUrl\":\"https:\/\/fieam.org.br\/senai\/wp-content\/uploads\/sites\/16\/2019\/07\/100719-SENAI_Cursos-Eletricista-Industrial.jpg\",\"articleSection\":[\"Banner Destaque\",\"News Destaques\"],\"inLanguage\":\"pt-BR\"},{\"@type\":\"WebPage\",\"@id\":\"https:\/\/fieam.org.br\/senai\/senai-esta-com-matriculas-abertas-para-eletricista-industrial\/\",\"url\":\"https:\/\/fieam.org.br\/senai\/senai-esta-com-matriculas-abertas-para-eletricista-industrial\/\",\"name\":\"SENAI est\u00e1 com matr\u00edculas abertas para Eletricista Industrial - SENAI\",\"isPartOf\":{\"@id\":\"https:\/\/fieam.org.br\/senai\/#website\"},\"primaryImageOfPage\":{\"@id\":\"https:\/\/fieam.org.br\/senai\/senai-esta-com-matriculas-abertas-para-eletricista-industrial\/#primaryimage\"},\"image\":{\"@id\":\"https:\/\/fieam.org.br\/senai\/senai-esta-com-matriculas-abertas-para-eletricista-industrial\/#primaryimage\"},\"thumbnailUrl\":\"https:\/\/fieam.org.br\/senai\/wp-content\/uploads\/sites\/16\/2019\/07\/100719-SENAI_Cursos-Eletricista-Industrial.jpg\",\"datePublished\":\"2019-07-10T21:47:20+00:00\",\"breadcrumb\":{\"@id\":\"https:\/\/fieam.org.br\/senai\/senai-esta-com-matriculas-abertas-para-eletricista-industrial\/#breadcrumb\"},\"inLanguage\":\"pt-BR\",\"potentialAction\":[{\"@type\":\"ReadAction\",\"target\":[\"https:\/\/fieam.org.br\/senai\/senai-esta-com-matriculas-abertas-para-eletricista-industrial\/\"]}]},{\"@type\":\"ImageObject\",\"inLanguage\":\"pt-BR\",\"@id\":\"https:\/\/fieam.org.br\/senai\/senai-esta-com-matriculas-abertas-para-eletricista-industrial\/#primaryimage\",\"url\":\"https:\/\/fieam.org.br\/senai\/wp-content\/uploads\/sites\/16\/2019\/07\/100719-SENAI_Cursos-Eletricista-Industrial.jpg\",\"contentUrl\":\"https:\/\/fieam.org.br\/senai\/wp-content\/uploads\/sites\/16\/2019\/07\/100719-SENAI_Cursos-Eletricista-Industrial.jpg\",\"width\":1024,\"height\":683},{\"@type\":\"BreadcrumbList\",\"@id\":\"https:\/\/fieam.org.br\/senai\/senai-esta-com-matriculas-abertas-para-eletricista-industrial\/#breadcrumb\",\"itemListElement\":[{\"@type\":\"ListItem\",\"position\":1,\"name\":\"In\u00edcio\",\"item\":\"https:\/\/fieam.org.br\/senai\/\"},{\"@type\":\"ListItem\",\"position\":2,\"name\":\"SENAI est\u00e1 com matr\u00edculas abertas para Eletricista Industrial\"}]},{\"@type\":\"WebSite\",\"@id\":\"https:\/\/fieam.org.br\/senai\/#website\",\"url\":\"https:\/\/fieam.org.br\/senai\/\",\"name\":\"SENAI\",\"description\":\"Site Oficial!\",\"publisher\":{\"@id\":\"https:\/\/fieam.org.br\/senai\/#organization\"},\"potentialAction\":[{\"@type\":\"SearchAction\",\"target\":{\"@type\":\"EntryPoint\",\"urlTemplate\":\"https:\/\/fieam.org.br\/senai\/?s={search_term_string}\"},\"query-input\":{\"@type\":\"PropertyValueSpecification\",\"valueRequired\":true,\"valueName\":\"search_term_string\"}}],\"inLanguage\":\"pt-BR\"},{\"@type\":\"Organization\",\"@id\":\"https:\/\/fieam.org.br\/senai\/#organization\",\"name\":\"SENAI\",\"url\":\"https:\/\/fieam.org.br\/senai\/\",\"logo\":{\"@type\":\"ImageObject\",\"inLanguage\":\"pt-BR\",\"@id\":\"https:\/\/fieam.org.br\/senai\/#\/schema\/logo\/image\/\",\"url\":\"https:\/\/fieam.org.br\/senai\/wp-content\/uploads\/sites\/16\/2024\/03\/cropped-fav.png\",\"contentUrl\":\"https:\/\/fieam.org.br\/senai\/wp-content\/uploads\/sites\/16\/2024\/03\/cropped-fav.png\",\"width\":592,\"height\":577,\"caption\":\"SENAI\"},\"image\":{\"@id\":\"https:\/\/fieam.org.br\/senai\/#\/schema\/logo\/image\/\"}},{\"@type\":\"Person\",\"@id\":\"https:\/\/fieam.org.br\/senai\/#\/schema\/person\/c1ceda8321521b291cee22da0a7d34be\",\"name\":\"Autor\",\"image\":{\"@type\":\"ImageObject\",\"inLanguage\":\"pt-BR\",\"@id\":\"https:\/\/fieam.org.br\/senai\/#\/schema\/person\/image\/\",\"url\":\"https:\/\/secure.gravatar.com\/avatar\/3732c223e0e1fad69062a8f770955c9068d37b055204f310a0be18d4069fe380?s=96&d=mm&r=g\",\"contentUrl\":\"https:\/\/secure.gravatar.com\/avatar\/3732c223e0e1fad69062a8f770955c9068d37b055204f310a0be18d4069fe380?s=96&d=mm&r=g\",\"caption\":\"Autor\"},\"sameAs\":[\"https:\/\/marketingmassivo.com.br\"],\"url\":\"https:\/\/fieam.org.br\/senai\/author\/admin\/\"}]}<\/script>\n<!-- \/ Yoast SEO plugin. -->","yoast_head_json":{"title":"SENAI est\u00e1 com matr\u00edculas abertas para Eletricista Industrial - SENAI","robots":{"index":"index","follow":"follow","max-snippet":"max-snippet:-1","max-image-preview":"max-image-preview:large","max-video-preview":"max-video-preview:-1"},"canonical":"https:\/\/fieam.org.br\/senai\/senai-esta-com-matriculas-abertas-para-eletricista-industrial\/","og_locale":"pt_BR","og_type":"article","og_title":"SENAI est\u00e1 com matr\u00edculas abertas para Eletricista Industrial - SENAI","og_description":"O Servi\u00e7o Nacional de Aprendizagem Industrial (SENAI Amazonas) est\u00e1 com matr\u00edculas abertas para o curso de qualifica\u00e7\u00e3o profissional de Eletricista Industrial, com in\u00edcio em 22 de julho, das 7h30 \u00e0s 11h30, na Escola SENAI Ant\u00f4nio Sim\u00f5es (ESAS) localizado na Av. Rodrigo Ot\u00e1vio, 510, Distrito Industrial. O eletricista industrial tem como compet\u00eancia executar trabalhos de montagem [&hellip;]","og_url":"https:\/\/fieam.org.br\/senai\/senai-esta-com-matriculas-abertas-para-eletricista-industrial\/","og_site_name":"SENAI","article_published_time":"2019-07-10T21:47:20+00:00","og_image":[{"width":1024,"height":683,"url":"https:\/\/fieam.org.br\/senai\/wp-content\/uploads\/sites\/16\/2019\/07\/100719-SENAI_Cursos-Eletricista-Industrial.jpg","type":"image\/jpeg"}],"author":"Autor","twitter_card":"summary_large_image","twitter_misc":{"Escrito por":"Autor","Est. tempo de leitura":"1 minuto"},"schema":{"@context":"https:\/\/schema.org","@graph":[{"@type":"Article","@id":"https:\/\/fieam.org.br\/senai\/senai-esta-com-matriculas-abertas-para-eletricista-industrial\/#article","isPartOf":{"@id":"https:\/\/fieam.org.br\/senai\/senai-esta-com-matriculas-abertas-para-eletricista-industrial\/"},"author":{"name":"Autor","@id":"https:\/\/fieam.org.br\/senai\/#\/schema\/person\/c1ceda8321521b291cee22da0a7d34be"},"headline":"SENAI est\u00e1 com matr\u00edculas abertas para Eletricista Industrial","datePublished":"2019-07-10T21:47:20+00:00","mainEntityOfPage":{"@id":"https:\/\/fieam.org.br\/senai\/senai-esta-com-matriculas-abertas-para-eletricista-industrial\/"},"wordCount":261,"publisher":{"@id":"https:\/\/fieam.org.br\/senai\/#organization"},"image":{"@id":"https:\/\/fieam.org.br\/senai\/senai-esta-com-matriculas-abertas-para-eletricista-industrial\/#primaryimage"},"thumbnailUrl":"https:\/\/fieam.org.br\/senai\/wp-content\/uploads\/sites\/16\/2019\/07\/100719-SENAI_Cursos-Eletricista-Industrial.jpg","articleSection":["Banner Destaque","News Destaques"],"inLanguage":"pt-BR"},{"@type":"WebPage","@id":"https:\/\/fieam.org.br\/senai\/senai-esta-com-matriculas-abertas-para-eletricista-industrial\/","url":"https:\/\/fieam.org.br\/senai\/senai-esta-com-matriculas-abertas-para-eletricista-industrial\/","name":"SENAI est\u00e1 com matr\u00edculas abertas para Eletricista Industrial - SENAI","isPartOf":{"@id":"https:\/\/fieam.org.br\/senai\/#website"},"primaryImageOfPage":{"@id":"https:\/\/fieam.org.br\/senai\/senai-esta-com-matriculas-abertas-para-eletricista-industrial\/#primaryimage"},"image":{"@id":"https:\/\/fieam.org.br\/senai\/senai-esta-com-matriculas-abertas-para-eletricista-industrial\/#primaryimage"},"thumbnailUrl":"https:\/\/fieam.org.br\/senai\/wp-content\/uploads\/sites\/16\/2019\/07\/100719-SENAI_Cursos-Eletricista-Industrial.jpg","datePublished":"2019-07-10T21:47:20+00:00","breadcrumb":{"@id":"https:\/\/fieam.org.br\/senai\/senai-esta-com-matriculas-abertas-para-eletricista-industrial\/#breadcrumb"},"inLanguage":"pt-BR","potentialAction":[{"@type":"ReadAction","target":["https:\/\/fieam.org.br\/senai\/senai-esta-com-matriculas-abertas-para-eletricista-industrial\/"]}]},{"@type":"ImageObject","inLanguage":"pt-BR","@id":"https:\/\/fieam.org.br\/senai\/senai-esta-com-matriculas-abertas-para-eletricista-industrial\/#primaryimage","url":"https:\/\/fieam.org.br\/senai\/wp-content\/uploads\/sites\/16\/2019\/07\/100719-SENAI_Cursos-Eletricista-Industrial.jpg","contentUrl":"https:\/\/fieam.org.br\/senai\/wp-content\/uploads\/sites\/16\/2019\/07\/100719-SENAI_Cursos-Eletricista-Industrial.jpg","width":1024,"height":683},{"@type":"BreadcrumbList","@id":"https:\/\/fieam.org.br\/senai\/senai-esta-com-matriculas-abertas-para-eletricista-industrial\/#breadcrumb","itemListElement":[{"@type":"ListItem","position":1,"name":"In\u00edcio","item":"https:\/\/fieam.org.br\/senai\/"},{"@type":"ListItem","position":2,"name":"SENAI est\u00e1 com matr\u00edculas abertas para Eletricista Industrial"}]},{"@type":"WebSite","@id":"https:\/\/fieam.org.br\/senai\/#website","url":"https:\/\/fieam.org.br\/senai\/","name":"SENAI","description":"Site Oficial!","publisher":{"@id":"https:\/\/fieam.org.br\/senai\/#organization"},"potentialAction":[{"@type":"SearchAction","target":{"@type":"EntryPoint","urlTemplate":"https:\/\/fieam.org.br\/senai\/?s={search_term_string}"},"query-input":{"@type":"PropertyValueSpecification","valueRequired":true,"valueName":"search_term_string"}}],"inLanguage":"pt-BR"},{"@type":"Organization","@id":"https:\/\/fieam.org.br\/senai\/#organization","name":"SENAI","url":"https:\/\/fieam.org.br\/senai\/","logo":{"@type":"ImageObject","inLanguage":"pt-BR","@id":"https:\/\/fieam.org.br\/senai\/#\/schema\/logo\/image\/","url":"https:\/\/fieam.org.br\/senai\/wp-content\/uploads\/sites\/16\/2024\/03\/cropped-fav.png","contentUrl":"https:\/\/fieam.org.br\/senai\/wp-content\/uploads\/sites\/16\/2024\/03\/cropped-fav.png","width":592,"height":577,"caption":"SENAI"},"image":{"@id":"https:\/\/fieam.org.br\/senai\/#\/schema\/logo\/image\/"}},{"@type":"Person","@id":"https:\/\/fieam.org.br\/senai\/#\/schema\/person\/c1ceda8321521b291cee22da0a7d34be","name":"Autor","image":{"@type":"ImageObject","inLanguage":"pt-BR","@id":"https:\/\/fieam.org.br\/senai\/#\/schema\/person\/image\/","url":"https:\/\/secure.gravatar.com\/avatar\/3732c223e0e1fad69062a8f770955c9068d37b055204f310a0be18d4069fe380?s=96&d=mm&r=g","contentUrl":"https:\/\/secure.gravatar.com\/avatar\/3732c223e0e1fad69062a8f770955c9068d37b055204f310a0be18d4069fe380?s=96&d=mm&r=g","caption":"Autor"},"sameAs":["https:\/\/marketingmassivo.com.br"],"url":"https:\/\/fieam.org.br\/senai\/author\/admin\/"}]}},"_links":{"self":[{"href":"https:\/\/fieam.org.br\/senai\/wp-json\/wp\/v2\/posts\/8900","targetHints":{"allow":["GET"]}}],"collection":[{"href":"https:\/\/fieam.org.br\/senai\/wp-json\/wp\/v2\/posts"}],"about":[{"href":"https:\/\/fieam.org.br\/senai\/wp-json\/wp\/v2\/types\/post"}],"author":[{"embeddable":true,"href":"https:\/\/fieam.org.br\/senai\/wp-json\/wp\/v2\/users\/1"}],"replies":[{"embeddable":true,"href":"https:\/\/fieam.org.br\/senai\/wp-json\/wp\/v2\/comments?post=8900"}],"version-history":[{"count":0,"href":"https:\/\/fieam.org.br\/senai\/wp-json\/wp\/v2\/posts\/8900\/revisions"}],"wp:featuredmedia":[{"embeddable":true,"href":"https:\/\/fieam.org.br\/senai\/wp-json\/wp\/v2\/media\/8901"}],"wp:attachment":[{"href":"https:\/\/fieam.org.br\/senai\/wp-json\/wp\/v2\/media?parent=8900"}],"wp:term":[{"taxonomy":"category","embeddable":true,"href":"https:\/\/fieam.org.br\/senai\/wp-json\/wp\/v2\/categories?post=8900"},{"taxonomy":"post_tag","embeddable":true,"href":"https:\/\/fieam.org.br\/senai\/wp-json\/wp\/v2\/tags?post=8900"}],"curies":[{"name":"wp","href":"https:\/\/api.w.org\/{rel}","templated":true}]}}